{"id":86471,"date":"2021-11-08T10:01:57","date_gmt":"2021-11-08T09:01:57","guid":{"rendered":"https:\/\/radioljubuski.ba\/?p=86471"},"modified":"2021-11-08T10:01:59","modified_gmt":"2021-11-08T09:01:59","slug":"umirovljenik-postao-hit-odgovorom-na-pitanje-na-sto-ce-potrositi-vucicevih-30-eura","status":"publish","type":"post","link":"https:\/\/radioljubuski.ba\/index.php\/2021\/11\/08\/umirovljenik-postao-hit-odgovorom-na-pitanje-na-sto-ce-potrositi-vucicevih-30-eura\/","title":{"rendered":"Umirovljenik postao hit odgovorom na pitanje na \u0161to \u0107e potro\u0161iti Vu\u010di\u0107evih 30 eura"},"content":{"rendered":"\n<p>Vlada Srbije pro\u0161log tjedna je podijelila svim punoljetnim gra\u0111anima te dr\u017eave po 30 eura (oko 60 KM).<\/p>\n\n\n\n<p>Pomo\u0107 je dobilo skoro \u0161est milijuna gra\u0111ana Srbije.<\/p>\n\n\n\n<p>Zanimljiv video objavila je televizija Nova, koja je pitala gra\u0111ane kako planiraju potro\u0161iti ovaj novac.<\/p>\n\n\n\n<p>I dok su neki odgovorili na cigarete, a drugi smatrali da je to jako mala brojka, odgovor jednog umirovljenika je zasjenio sve ostale.<\/p>\n\n\n\n<p>&#8220;Planiram kupiti jedno u\u017ee i objesiti se&#8221;, rekao je kratko stariji gospodin.<\/p>\n\n\n\n<p>Pogledajte na snimku i ostale odgovore:<\/p>\n\n\n\n<iframe loading=\"lazy\" title=\"Kako \u0107e penzioneri potro\u0161iti 30 evra: Na \u010dvarke da se najedem, u\u017ee da se obesim\" width=\"640\" height=\"360\" src=\"https:\/\/www.youtube.com\/embed\/Ja8DXN4AB2U?feature=oembed\" frameborder=\"0\" allow=\"accelerometer; autoplay; clipboard-write; encrypted-media; gyroscope; picture-in-picture; web-share\" referrerpolicy=\"strict-origin-when-cross-origin\" allowfullscreen><\/iframe>\n\n\n\n<p>Izvor:pogled.ba<\/p>\n","protected":false},"excerpt":{"rendered":"<p>Vlada Srbije pro\u0161log tjedna je podijelila svim punoljetnim gra\u0111anima te dr\u017eave po 30 eura (oko 60 KM). Pomo\u0107 je dobilo skoro \u0161est milijuna gra\u0111ana Srbije. Zanimljiv video objavila je televizija Nova, koja je pitala gra\u0111ane kako planiraju potro\u0161iti ovaj novac. I dok su neki odgovorili na cigarete, a drugi smatrali da je to jako mala [&hellip;]<\/p>\n","protected":false},"author":2,"featured_media":86472,"comment_status":"closed","ping_status":"closed","sticky":false,"template":"","format":"standard","meta":{"h5ap_radio_sources":[],"footnotes":""},"categories":[1],"tags":[],"class_list":["post-86471","post","type-post","status-publish","format-standard","has-post-thumbnail","hentry","category-bihiregija"],"yoast_head":"<!-- This site is optimized with the Yoast SEO plugin v27.5 - https:\/\/yoast.com\/product\/yoast-seo-wordpress\/ -->\n<title>Umirovljenik postao hit odgovorom na pitanje na \u0161to \u0107e potro\u0161iti Vu\u010di\u0107evih 30 eura - RADIO LJUBU\u0160KI<\/title>\n<meta name=\"robots\" content=\"index, follow, max-snippet:-1, max-image-preview:large, max-video-preview:-1\" \/>\n<link rel=\"canonical\" href=\"https:\/\/radioljubuski.ba\/index.php\/2021\/11\/08\/umirovljenik-postao-hit-odgovorom-na-pitanje-na-sto-ce-potrositi-vucicevih-30-eura\/\" \/>\n<meta property=\"og:locale\" content=\"hr_HR\" \/>\n<meta property=\"og:type\" content=\"article\" \/>\n<meta property=\"og:title\" content=\"Umirovljenik postao hit odgovorom na pitanje na \u0161to \u0107e potro\u0161iti Vu\u010di\u0107evih 30 eura - RADIO LJUBU\u0160KI\" \/>\n<meta property=\"og:description\" content=\"Vlada Srbije pro\u0161log tjedna je podijelila svim punoljetnim gra\u0111anima te dr\u017eave po 30 eura (oko 60 KM). Pomo\u0107 je dobilo skoro \u0161est milijuna gra\u0111ana Srbije. Zanimljiv video objavila je televizija Nova, koja je pitala gra\u0111ane kako planiraju potro\u0161iti ovaj novac. I dok su neki odgovorili na cigarete, a drugi smatrali da je to jako mala [&hellip;]\" \/>\n<meta property=\"og:url\" content=\"https:\/\/radioljubuski.ba\/index.php\/2021\/11\/08\/umirovljenik-postao-hit-odgovorom-na-pitanje-na-sto-ce-potrositi-vucicevih-30-eura\/\" \/>\n<meta property=\"og:site_name\" content=\"RADIO LJUBU\u0160KI\" \/>\n<meta property=\"article:publisher\" content=\"https:\/\/www.facebook.com\/Radiio-Ljubuski-1490835324566332\" \/>\n<meta property=\"article:published_time\" content=\"2021-11-08T09:01:57+00:00\" \/>\n<meta property=\"article:modified_time\" content=\"2021-11-08T09:01:59+00:00\" \/>\n<meta property=\"og:image\" content=\"https:\/\/radioljubuski.ba\/wp-content\/uploads\/2021\/11\/8-2021-11-08-08-43-48-penzioner_aleksandar_vucic_video_7nov.jpg\" \/>\n\t<meta property=\"og:image:width\" content=\"1000\" \/>\n\t<meta property=\"og:image:height\" content=\"625\" \/>\n\t<meta property=\"og:image:type\" content=\"image\/jpeg\" \/>\n<meta name=\"author\" content=\"Radio Ljubu\u0161ki\" \/>\n<meta name=\"twitter:card\" content=\"summary_large_image\" \/>\n<meta name=\"twitter:creator\" content=\"@radioljubuski\" \/>\n<meta name=\"twitter:site\" content=\"@radioljubuski\" \/>\n<meta name=\"twitter:label1\" content=\"Napisao\/la\" \/>\n\t<meta name=\"twitter:data1\" content=\"Radio Ljubu\u0161ki\" \/>\n\t<meta name=\"twitter:label2\" content=\"Procijenjeno vrijeme \u010ditanja\" \/>\n\t<meta name=\"twitter:data2\" content=\"1 minuta\" \/>\n<script type=\"application\/ld+json\" class=\"yoast-schema-graph\">{\"@context\":\"https:\\\/\\\/schema.org\",\"@graph\":[{\"@type\":\"Article\",\"@id\":\"https:\\\/\\\/radioljubuski.ba\\\/index.php\\\/2021\\\/11\\\/08\\\/umirovljenik-postao-hit-odgovorom-na-pitanje-na-sto-ce-potrositi-vucicevih-30-eura\\\/#article\",\"isPartOf\":{\"@id\":\"https:\\\/\\\/radioljubuski.ba\\\/index.php\\\/2021\\\/11\\\/08\\\/umirovljenik-postao-hit-odgovorom-na-pitanje-na-sto-ce-potrositi-vucicevih-30-eura\\\/\"},\"author\":{\"name\":\"Radio Ljubu\u0161ki\",\"@id\":\"https:\\\/\\\/radioljubuski.ba\\\/#\\\/schema\\\/person\\\/19fc700381a780f69665d7956c469e3b\"},\"headline\":\"Umirovljenik postao hit odgovorom na pitanje na \u0161to \u0107e potro\u0161iti Vu\u010di\u0107evih 30 eura\",\"datePublished\":\"2021-11-08T09:01:57+00:00\",\"dateModified\":\"2021-11-08T09:01:59+00:00\",\"mainEntityOfPage\":{\"@id\":\"https:\\\/\\\/radioljubuski.ba\\\/index.php\\\/2021\\\/11\\\/08\\\/umirovljenik-postao-hit-odgovorom-na-pitanje-na-sto-ce-potrositi-vucicevih-30-eura\\\/\"},\"wordCount\":114,\"publisher\":{\"@id\":\"https:\\\/\\\/radioljubuski.ba\\\/#organization\"},\"image\":{\"@id\":\"https:\\\/\\\/radioljubuski.ba\\\/index.php\\\/2021\\\/11\\\/08\\\/umirovljenik-postao-hit-odgovorom-na-pitanje-na-sto-ce-potrositi-vucicevih-30-eura\\\/#primaryimage\"},\"thumbnailUrl\":\"https:\\\/\\\/radioljubuski.ba\\\/wp-content\\\/uploads\\\/2021\\\/11\\\/8-2021-11-08-08-43-48-penzioner_aleksandar_vucic_video_7nov.jpg\",\"articleSection\":[\"BIH i regija\"],\"inLanguage\":\"hr\"},{\"@type\":\"WebPage\",\"@id\":\"https:\\\/\\\/radioljubuski.ba\\\/index.php\\\/2021\\\/11\\\/08\\\/umirovljenik-postao-hit-odgovorom-na-pitanje-na-sto-ce-potrositi-vucicevih-30-eura\\\/\",\"url\":\"https:\\\/\\\/radioljubuski.ba\\\/index.php\\\/2021\\\/11\\\/08\\\/umirovljenik-postao-hit-odgovorom-na-pitanje-na-sto-ce-potrositi-vucicevih-30-eura\\\/\",\"name\":\"Umirovljenik postao hit odgovorom na pitanje na \u0161to \u0107e potro\u0161iti Vu\u010di\u0107evih 30 eura - RADIO LJUBU\u0160KI\",\"isPartOf\":{\"@id\":\"https:\\\/\\\/radioljubuski.ba\\\/#website\"},\"primaryImageOfPage\":{\"@id\":\"https:\\\/\\\/radioljubuski.ba\\\/index.php\\\/2021\\\/11\\\/08\\\/umirovljenik-postao-hit-odgovorom-na-pitanje-na-sto-ce-potrositi-vucicevih-30-eura\\\/#primaryimage\"},\"image\":{\"@id\":\"https:\\\/\\\/radioljubuski.ba\\\/index.php\\\/2021\\\/11\\\/08\\\/umirovljenik-postao-hit-odgovorom-na-pitanje-na-sto-ce-potrositi-vucicevih-30-eura\\\/#primaryimage\"},\"thumbnailUrl\":\"https:\\\/\\\/radioljubuski.ba\\\/wp-content\\\/uploads\\\/2021\\\/11\\\/8-2021-11-08-08-43-48-penzioner_aleksandar_vucic_video_7nov.jpg\",\"datePublished\":\"2021-11-08T09:01:57+00:00\",\"dateModified\":\"2021-11-08T09:01:59+00:00\",\"breadcrumb\":{\"@id\":\"https:\\\/\\\/radioljubuski.ba\\\/index.php\\\/2021\\\/11\\\/08\\\/umirovljenik-postao-hit-odgovorom-na-pitanje-na-sto-ce-potrositi-vucicevih-30-eura\\\/#breadcrumb\"},\"inLanguage\":\"hr\",\"potentialAction\":[{\"@type\":\"ReadAction\",\"target\":[\"https:\\\/\\\/radioljubuski.ba\\\/index.php\\\/2021\\\/11\\\/08\\\/umirovljenik-postao-hit-odgovorom-na-pitanje-na-sto-ce-potrositi-vucicevih-30-eura\\\/\"]}]},{\"@type\":\"ImageObject\",\"inLanguage\":\"hr\",\"@id\":\"https:\\\/\\\/radioljubuski.ba\\\/index.php\\\/2021\\\/11\\\/08\\\/umirovljenik-postao-hit-odgovorom-na-pitanje-na-sto-ce-potrositi-vucicevih-30-eura\\\/#primaryimage\",\"url\":\"https:\\\/\\\/radioljubuski.ba\\\/wp-content\\\/uploads\\\/2021\\\/11\\\/8-2021-11-08-08-43-48-penzioner_aleksandar_vucic_video_7nov.jpg\",\"contentUrl\":\"https:\\\/\\\/radioljubuski.ba\\\/wp-content\\\/uploads\\\/2021\\\/11\\\/8-2021-11-08-08-43-48-penzioner_aleksandar_vucic_video_7nov.jpg\",\"width\":1000,\"height\":625},{\"@type\":\"BreadcrumbList\",\"@id\":\"https:\\\/\\\/radioljubuski.ba\\\/index.php\\\/2021\\\/11\\\/08\\\/umirovljenik-postao-hit-odgovorom-na-pitanje-na-sto-ce-potrositi-vucicevih-30-eura\\\/#breadcrumb\",\"itemListElement\":[{\"@type\":\"ListItem\",\"position\":1,\"name\":\"Po\u010detna stranica\",\"item\":\"https:\\\/\\\/radioljubuski.ba\\\/\"},{\"@type\":\"ListItem\",\"position\":2,\"name\":\"Umirovljenik postao hit odgovorom na pitanje na \u0161to \u0107e potro\u0161iti Vu\u010di\u0107evih 30 eura\"}]},{\"@type\":\"WebSite\",\"@id\":\"https:\\\/\\\/radioljubuski.ba\\\/#website\",\"url\":\"https:\\\/\\\/radioljubuski.ba\\\/\",\"name\":\"Radio Ljubu\u0161ki\",\"description\":\"Sun\u010dana frekvencija Hercegovine\",\"publisher\":{\"@id\":\"https:\\\/\\\/radioljubuski.ba\\\/#organization\"},\"potentialAction\":[{\"@type\":\"SearchAction\",\"target\":{\"@type\":\"EntryPoint\",\"urlTemplate\":\"https:\\\/\\\/radioljubuski.ba\\\/?s={search_term_string}\"},\"query-input\":{\"@type\":\"PropertyValueSpecification\",\"valueRequired\":true,\"valueName\":\"search_term_string\"}}],\"inLanguage\":\"hr\"},{\"@type\":\"Organization\",\"@id\":\"https:\\\/\\\/radioljubuski.ba\\\/#organization\",\"name\":\"Radio Ljubu\u0161ki\",\"url\":\"https:\\\/\\\/radioljubuski.ba\\\/\",\"logo\":{\"@type\":\"ImageObject\",\"inLanguage\":\"hr\",\"@id\":\"https:\\\/\\\/radioljubuski.ba\\\/#\\\/schema\\\/logo\\\/image\\\/\",\"url\":\"https:\\\/\\\/radioljubuski.ba\\\/wp-content\\\/uploads\\\/2021\\\/02\\\/cropped-Radio_Ljubuski_logo1.jpg\",\"contentUrl\":\"https:\\\/\\\/radioljubuski.ba\\\/wp-content\\\/uploads\\\/2021\\\/02\\\/cropped-Radio_Ljubuski_logo1.jpg\",\"width\":512,\"height\":512,\"caption\":\"Radio Ljubu\u0161ki\"},\"image\":{\"@id\":\"https:\\\/\\\/radioljubuski.ba\\\/#\\\/schema\\\/logo\\\/image\\\/\"},\"sameAs\":[\"https:\\\/\\\/www.facebook.com\\\/Radiio-Ljubuski-1490835324566332\",\"https:\\\/\\\/x.com\\\/radioljubuski\",\"https:\\\/\\\/hr.linkedin.com\\\/company\\\/radio-ljubuski\",\"https:\\\/\\\/www.youtube.com\\\/channel\\\/UCHYaeO_n0Db3tjNGudGpXyw\"]},{\"@type\":\"Person\",\"@id\":\"https:\\\/\\\/radioljubuski.ba\\\/#\\\/schema\\\/person\\\/19fc700381a780f69665d7956c469e3b\",\"name\":\"Radio Ljubu\u0161ki\"}]}<\/script>\n<!-- \/ Yoast SEO plugin. -->","yoast_head_json":{"title":"Umirovljenik postao hit odgovorom na pitanje na \u0161to \u0107e potro\u0161iti Vu\u010di\u0107evih 30 eura - RADIO LJUBU\u0160KI","robots":{"index":"index","follow":"follow","max-snippet":"max-snippet:-1","max-image-preview":"max-image-preview:large","max-video-preview":"max-video-preview:-1"},"canonical":"https:\/\/radioljubuski.ba\/index.php\/2021\/11\/08\/umirovljenik-postao-hit-odgovorom-na-pitanje-na-sto-ce-potrositi-vucicevih-30-eura\/","og_locale":"hr_HR","og_type":"article","og_title":"Umirovljenik postao hit odgovorom na pitanje na \u0161to \u0107e potro\u0161iti Vu\u010di\u0107evih 30 eura - RADIO LJUBU\u0160KI","og_description":"Vlada Srbije pro\u0161log tjedna je podijelila svim punoljetnim gra\u0111anima te dr\u017eave po 30 eura (oko 60 KM). Pomo\u0107 je dobilo skoro \u0161est milijuna gra\u0111ana Srbije. Zanimljiv video objavila je televizija Nova, koja je pitala gra\u0111ane kako planiraju potro\u0161iti ovaj novac. I dok su neki odgovorili na cigarete, a drugi smatrali da je to jako mala [&hellip;]","og_url":"https:\/\/radioljubuski.ba\/index.php\/2021\/11\/08\/umirovljenik-postao-hit-odgovorom-na-pitanje-na-sto-ce-potrositi-vucicevih-30-eura\/","og_site_name":"RADIO LJUBU\u0160KI","article_publisher":"https:\/\/www.facebook.com\/Radiio-Ljubuski-1490835324566332","article_published_time":"2021-11-08T09:01:57+00:00","article_modified_time":"2021-11-08T09:01:59+00:00","og_image":[{"width":1000,"height":625,"url":"https:\/\/radioljubuski.ba\/wp-content\/uploads\/2021\/11\/8-2021-11-08-08-43-48-penzioner_aleksandar_vucic_video_7nov.jpg","type":"image\/jpeg"}],"author":"Radio Ljubu\u0161ki","twitter_card":"summary_large_image","twitter_creator":"@radioljubuski","twitter_site":"@radioljubuski","twitter_misc":{"Napisao\/la":"Radio Ljubu\u0161ki","Procijenjeno vrijeme \u010ditanja":"1 minuta"},"schema":{"@context":"https:\/\/schema.org","@graph":[{"@type":"Article","@id":"https:\/\/radioljubuski.ba\/index.php\/2021\/11\/08\/umirovljenik-postao-hit-odgovorom-na-pitanje-na-sto-ce-potrositi-vucicevih-30-eura\/#article","isPartOf":{"@id":"https:\/\/radioljubuski.ba\/index.php\/2021\/11\/08\/umirovljenik-postao-hit-odgovorom-na-pitanje-na-sto-ce-potrositi-vucicevih-30-eura\/"},"author":{"name":"Radio Ljubu\u0161ki","@id":"https:\/\/radioljubuski.ba\/#\/schema\/person\/19fc700381a780f69665d7956c469e3b"},"headline":"Umirovljenik postao hit odgovorom na pitanje na \u0161to \u0107e potro\u0161iti Vu\u010di\u0107evih 30 eura","datePublished":"2021-11-08T09:01:57+00:00","dateModified":"2021-11-08T09:01:59+00:00","mainEntityOfPage":{"@id":"https:\/\/radioljubuski.ba\/index.php\/2021\/11\/08\/umirovljenik-postao-hit-odgovorom-na-pitanje-na-sto-ce-potrositi-vucicevih-30-eura\/"},"wordCount":114,"publisher":{"@id":"https:\/\/radioljubuski.ba\/#organization"},"image":{"@id":"https:\/\/radioljubuski.ba\/index.php\/2021\/11\/08\/umirovljenik-postao-hit-odgovorom-na-pitanje-na-sto-ce-potrositi-vucicevih-30-eura\/#primaryimage"},"thumbnailUrl":"https:\/\/radioljubuski.ba\/wp-content\/uploads\/2021\/11\/8-2021-11-08-08-43-48-penzioner_aleksandar_vucic_video_7nov.jpg","articleSection":["BIH i regija"],"inLanguage":"hr"},{"@type":"WebPage","@id":"https:\/\/radioljubuski.ba\/index.php\/2021\/11\/08\/umirovljenik-postao-hit-odgovorom-na-pitanje-na-sto-ce-potrositi-vucicevih-30-eura\/","url":"https:\/\/radioljubuski.ba\/index.php\/2021\/11\/08\/umirovljenik-postao-hit-odgovorom-na-pitanje-na-sto-ce-potrositi-vucicevih-30-eura\/","name":"Umirovljenik postao hit odgovorom na pitanje na \u0161to \u0107e potro\u0161iti Vu\u010di\u0107evih 30 eura - RADIO LJUBU\u0160KI","isPartOf":{"@id":"https:\/\/radioljubuski.ba\/#website"},"primaryImageOfPage":{"@id":"https:\/\/radioljubuski.ba\/index.php\/2021\/11\/08\/umirovljenik-postao-hit-odgovorom-na-pitanje-na-sto-ce-potrositi-vucicevih-30-eura\/#primaryimage"},"image":{"@id":"https:\/\/radioljubuski.ba\/index.php\/2021\/11\/08\/umirovljenik-postao-hit-odgovorom-na-pitanje-na-sto-ce-potrositi-vucicevih-30-eura\/#primaryimage"},"thumbnailUrl":"https:\/\/radioljubuski.ba\/wp-content\/uploads\/2021\/11\/8-2021-11-08-08-43-48-penzioner_aleksandar_vucic_video_7nov.jpg","datePublished":"2021-11-08T09:01:57+00:00","dateModified":"2021-11-08T09:01:59+00:00","breadcrumb":{"@id":"https:\/\/radioljubuski.ba\/index.php\/2021\/11\/08\/umirovljenik-postao-hit-odgovorom-na-pitanje-na-sto-ce-potrositi-vucicevih-30-eura\/#breadcrumb"},"inLanguage":"hr","potentialAction":[{"@type":"ReadAction","target":["https:\/\/radioljubuski.ba\/index.php\/2021\/11\/08\/umirovljenik-postao-hit-odgovorom-na-pitanje-na-sto-ce-potrositi-vucicevih-30-eura\/"]}]},{"@type":"ImageObject","inLanguage":"hr","@id":"https:\/\/radioljubuski.ba\/index.php\/2021\/11\/08\/umirovljenik-postao-hit-odgovorom-na-pitanje-na-sto-ce-potrositi-vucicevih-30-eura\/#primaryimage","url":"https:\/\/radioljubuski.ba\/wp-content\/uploads\/2021\/11\/8-2021-11-08-08-43-48-penzioner_aleksandar_vucic_video_7nov.jpg","contentUrl":"https:\/\/radioljubuski.ba\/wp-content\/uploads\/2021\/11\/8-2021-11-08-08-43-48-penzioner_aleksandar_vucic_video_7nov.jpg","width":1000,"height":625},{"@type":"BreadcrumbList","@id":"https:\/\/radioljubuski.ba\/index.php\/2021\/11\/08\/umirovljenik-postao-hit-odgovorom-na-pitanje-na-sto-ce-potrositi-vucicevih-30-eura\/#breadcrumb","itemListElement":[{"@type":"ListItem","position":1,"name":"Po\u010detna stranica","item":"https:\/\/radioljubuski.ba\/"},{"@type":"ListItem","position":2,"name":"Umirovljenik postao hit odgovorom na pitanje na \u0161to \u0107e potro\u0161iti Vu\u010di\u0107evih 30 eura"}]},{"@type":"WebSite","@id":"https:\/\/radioljubuski.ba\/#website","url":"https:\/\/radioljubuski.ba\/","name":"Radio Ljubu\u0161ki","description":"Sun\u010dana frekvencija Hercegovine","publisher":{"@id":"https:\/\/radioljubuski.ba\/#organization"},"potentialAction":[{"@type":"SearchAction","target":{"@type":"EntryPoint","urlTemplate":"https:\/\/radioljubuski.ba\/?s={search_term_string}"},"query-input":{"@type":"PropertyValueSpecification","valueRequired":true,"valueName":"search_term_string"}}],"inLanguage":"hr"},{"@type":"Organization","@id":"https:\/\/radioljubuski.ba\/#organization","name":"Radio Ljubu\u0161ki","url":"https:\/\/radioljubuski.ba\/","logo":{"@type":"ImageObject","inLanguage":"hr","@id":"https:\/\/radioljubuski.ba\/#\/schema\/logo\/image\/","url":"https:\/\/radioljubuski.ba\/wp-content\/uploads\/2021\/02\/cropped-Radio_Ljubuski_logo1.jpg","contentUrl":"https:\/\/radioljubuski.ba\/wp-content\/uploads\/2021\/02\/cropped-Radio_Ljubuski_logo1.jpg","width":512,"height":512,"caption":"Radio Ljubu\u0161ki"},"image":{"@id":"https:\/\/radioljubuski.ba\/#\/schema\/logo\/image\/"},"sameAs":["https:\/\/www.facebook.com\/Radiio-Ljubuski-1490835324566332","https:\/\/x.com\/radioljubuski","https:\/\/hr.linkedin.com\/company\/radio-ljubuski","https:\/\/www.youtube.com\/channel\/UCHYaeO_n0Db3tjNGudGpXyw"]},{"@type":"Person","@id":"https:\/\/radioljubuski.ba\/#\/schema\/person\/19fc700381a780f69665d7956c469e3b","name":"Radio Ljubu\u0161ki"}]}},"_links":{"self":[{"href":"https:\/\/radioljubuski.ba\/index.php\/wp-json\/wp\/v2\/posts\/86471","targetHints":{"allow":["GET"]}}],"collection":[{"href":"https:\/\/radioljubuski.ba\/index.php\/wp-json\/wp\/v2\/posts"}],"about":[{"href":"https:\/\/radioljubuski.ba\/index.php\/wp-json\/wp\/v2\/types\/post"}],"author":[{"embeddable":true,"href":"https:\/\/radioljubuski.ba\/index.php\/wp-json\/wp\/v2\/users\/2"}],"replies":[{"embeddable":true,"href":"https:\/\/radioljubuski.ba\/index.php\/wp-json\/wp\/v2\/comments?post=86471"}],"version-history":[{"count":1,"href":"https:\/\/radioljubuski.ba\/index.php\/wp-json\/wp\/v2\/posts\/86471\/revisions"}],"predecessor-version":[{"id":86473,"href":"https:\/\/radioljubuski.ba\/index.php\/wp-json\/wp\/v2\/posts\/86471\/revisions\/86473"}],"wp:featuredmedia":[{"embeddable":true,"href":"https:\/\/radioljubuski.ba\/index.php\/wp-json\/wp\/v2\/media\/86472"}],"wp:attachment":[{"href":"https:\/\/radioljubuski.ba\/index.php\/wp-json\/wp\/v2\/media?parent=86471"}],"wp:term":[{"taxonomy":"category","embeddable":true,"href":"https:\/\/radioljubuski.ba\/index.php\/wp-json\/wp\/v2\/categories?post=86471"},{"taxonomy":"post_tag","embeddable":true,"href":"https:\/\/radioljubuski.ba\/index.php\/wp-json\/wp\/v2\/tags?post=86471"}],"curies":[{"name":"wp","href":"https:\/\/api.w.org\/{rel}","templated":true}]}}