{"id":86474,"date":"2021-11-08T10:03:39","date_gmt":"2021-11-08T09:03:39","guid":{"rendered":"https:\/\/radioljubuski.ba\/?p=86474"},"modified":"2021-11-08T10:03:41","modified_gmt":"2021-11-08T09:03:41","slug":"nestala-tinejdzerica-se-spasila-pomocu-signala-rukom-pogledajte-kako-izgleda-znak-za-pomoc","status":"publish","type":"post","link":"https:\/\/radioljubuski.ba\/index.php\/2021\/11\/08\/nestala-tinejdzerica-se-spasila-pomocu-signala-rukom-pogledajte-kako-izgleda-znak-za-pomoc\/","title":{"rendered":"Nestala tinejd\u017eerica se spasila pomo\u0107u signala rukom: Pogledajte kako izgleda znak za pomo\u0107"},"content":{"rendered":"\n<p>Zahvaljuju\u0107i voza\u010dima na autocesti u ameri\u010dkoj saveznoj dr\u017eavi Kentucky koji su prepoznali me\u0111unarodni znak za pomo\u0107 \u2018Pomozi mi\u2019 koji im je iz jednog automobila signalizirala 16-godi\u0161njakinja, uhva\u0107en je njezin otmi\u010dar a ona spa\u0161ena, prenosi <a href=\"https:\/\/fenix-magazin.de\/video-vozaci-zvali-policiju-u-automobilu-primijetili-djevojku-koja-im-je-pokazivala-jedan-znak-rukom\/\" target=\"_blank\" rel=\"noreferrer noopener\">Fenix-magazin.<\/a><\/p>\n\n\n\n<p>Mlada djevojka nalazila se u srebrenoj Toyoti koju je vozio 61-godi\u0161nji otmi\u010dar. Iz automobila je rukom davala signal, a oprezni voza\u010di su ga primijetili, prepoznali i pozvali policiju.<\/p>\n\n\n\n<p>\u2013 Djevojka je nekoliko puta podigla ruku, preklopila palac preko dlana, a preostale prste sklopila oko palca u \u0161aku. Prepoznala sam znak za nasilje. Djevojka u automobilu je dozivala pomo\u0107 pa smo zvali policiju \u2013 rekla je jedna \u017eena za ameri\u010dke medije.<\/p>\n\n\n\n<p>\u0160erif okruga Laurel izvijestio je putem Facebooka kako su roditelji 16-godi\u0161njakinje prijavili njezin nestanak u Ashevilleu, 2. studenoga.<\/p>\n\n\n\n<p>\u2013 Kad smo dobili dojavu o djevojci koja daje znak za pomo\u0107, policajci su postavili blokadu na autocesti cesti, zaustavili automobil i spasili djevojku koja je izgledala uznemireno. Otmi\u010dar je 61-godi\u0161nji James B. iz Sjeverne Karoline kao i 16-godi\u0161njakinja. Mu\u0161karac je oteo djevojku i htio s njom \u017eivjeti sa svojim ro\u0111acima u Ohiju. Me\u0111utim, kad je tamo do\u0161ao a ro\u0111aci doznali da je jo\u0161 maloljetna, rekli su mu neka ode. James B. se potom s djevojkom odvezao a nakon nekoliko sati je uhva\u0107en. Budu\u0107i da 16-godi\u0161njakinja nije znala \u0161to drugo u\u010diniti, poku\u0161ala je znakom za nasilje skrenuti pozornost ostalim voza\u010dima na autocesti. Sre\u0107om, imala je uspjeha \u2013 priop\u0107io je \u0161erif.<\/p>\n\n\n\n<p>Signal rukom kojim \u017ertve nasilja mogu neprimjetno pozvati u pomo\u0107 nedavno je javno objavljen u slu\u010daju ubijene blogerice Gabby Petito. Korisnici interneta tada su naga\u0111ali je li i ona poku\u0161ala privu\u0107i pozornost na svoju situaciju znakom neposredno prije smrti tijekom policijske provjere.<\/p>\n\n\n\n<p>Signal je u travnju pro\u0161le godine osmislila neprofitna organizacija Canadian Women\u2019s Foundation. Zahvaljuju\u0107i dru\u0161tvenim \u017eenskim grupama koje \u0161ire poruku, stekao je veliku pozornost diljem svijeta. Signal bi mogao postati itekako koristan jer je sve vi\u0161e ljudi, \u010desto zato\u010denih iza zatvorenih vrata i nemaju priliku provoditi vrijeme daleko od svojih zlostavlja\u010da.<\/p>\n\n\n\n<p>Policijske snage diljem svijeta izvijestile su kako od kad postoji signal rukom primaju puno vi\u0161e poziva u vezi s nasiljem u obitelji. Dokazi pokazuju da diljem svijeta postoje ra\u0161irene organizacije za trgovinu ljudima i da mnogi ljudi o\u010dajni\u010dki \u017eele pobje\u0107i pojedincima i bandama koje ih iskori\u0161tavaju i dr\u017ee ih pod kontrolom i prisilom.<\/p>\n\n\n\n<p>Signal se mo\u017ee koristiti u nizu situacija u kojima nije mogu\u0107e slobodno izraziti svoju potrebu za pomo\u0107i. Naj\u010de\u0161\u0107e je to u obiteljskom zlostavljanju ili situacije u kojima je netko dr\u017ean protiv svoje volje.<\/p>\n\n\n\n<p>U video prilozima pogledajte kako izgleda me\u0111unarodni znak za poziv u pomo\u0107<\/p>\n\n\n\n<iframe loading=\"lazy\" title=\"Violence at Home #SignalForHelp\" width=\"640\" height=\"360\" src=\"https:\/\/www.youtube.com\/embed\/AFLZEQFIm7k?feature=oembed\" frameborder=\"0\" allow=\"accelerometer; autoplay; clipboard-write; encrypted-media; gyroscope; picture-in-picture; web-share\" referrerpolicy=\"strict-origin-when-cross-origin\" allowfullscreen><\/iframe>\n\n\n\n<p>Izvor:fenix-magazin.de<\/p>\n","protected":false},"excerpt":{"rendered":"<p>Zahvaljuju\u0107i voza\u010dima na autocesti u ameri\u010dkoj saveznoj dr\u017eavi Kentucky koji su prepoznali me\u0111unarodni znak za pomo\u0107 \u2018Pomozi mi\u2019 koji im je iz jednog automobila signalizirala 16-godi\u0161njakinja, uhva\u0107en je njezin otmi\u010dar a ona spa\u0161ena, prenosi Fenix-magazin. Mlada djevojka nalazila se u srebrenoj Toyoti koju je vozio 61-godi\u0161nji otmi\u010dar. Iz automobila je rukom davala signal, a oprezni [&hellip;]<\/p>\n","protected":false},"author":2,"featured_media":86475,"comment_status":"closed","ping_status":"closed","sticky":false,"template":"","format":"standard","meta":{"h5ap_radio_sources":[],"footnotes":""},"categories":[1],"tags":[],"class_list":["post-86474","post","type-post","status-publish","format-standard","has-post-thumbnail","hentry","category-bihiregija"],"yoast_head":"<!-- This site is optimized with the Yoast SEO plugin v27.5 - https:\/\/yoast.com\/product\/yoast-seo-wordpress\/ -->\n<title>Nestala tinejd\u017eerica se spasila pomo\u0107u signala rukom: Pogledajte kako izgleda znak za pomo\u0107 - RADIO LJUBU\u0160KI<\/title>\n<meta name=\"robots\" content=\"index, follow, max-snippet:-1, max-image-preview:large, max-video-preview:-1\" \/>\n<link rel=\"canonical\" href=\"https:\/\/radioljubuski.ba\/index.php\/2021\/11\/08\/nestala-tinejdzerica-se-spasila-pomocu-signala-rukom-pogledajte-kako-izgleda-znak-za-pomoc\/\" \/>\n<meta property=\"og:locale\" content=\"hr_HR\" \/>\n<meta property=\"og:type\" content=\"article\" \/>\n<meta property=\"og:title\" content=\"Nestala tinejd\u017eerica se spasila pomo\u0107u signala rukom: Pogledajte kako izgleda znak za pomo\u0107 - RADIO LJUBU\u0160KI\" \/>\n<meta property=\"og:description\" content=\"Zahvaljuju\u0107i voza\u010dima na autocesti u ameri\u010dkoj saveznoj dr\u017eavi Kentucky koji su prepoznali me\u0111unarodni znak za pomo\u0107 \u2018Pomozi mi\u2019 koji im je iz jednog automobila signalizirala 16-godi\u0161njakinja, uhva\u0107en je njezin otmi\u010dar a ona spa\u0161ena, prenosi Fenix-magazin. Mlada djevojka nalazila se u srebrenoj Toyoti koju je vozio 61-godi\u0161nji otmi\u010dar. Iz automobila je rukom davala signal, a oprezni [&hellip;]\" \/>\n<meta property=\"og:url\" content=\"https:\/\/radioljubuski.ba\/index.php\/2021\/11\/08\/nestala-tinejdzerica-se-spasila-pomocu-signala-rukom-pogledajte-kako-izgleda-znak-za-pomoc\/\" \/>\n<meta property=\"og:site_name\" content=\"RADIO LJUBU\u0160KI\" \/>\n<meta property=\"article:publisher\" content=\"https:\/\/www.facebook.com\/Radiio-Ljubuski-1490835324566332\" \/>\n<meta property=\"article:published_time\" content=\"2021-11-08T09:03:39+00:00\" \/>\n<meta property=\"article:modified_time\" content=\"2021-11-08T09:03:41+00:00\" \/>\n<meta property=\"og:image\" content=\"https:\/\/radioljubuski.ba\/wp-content\/uploads\/2021\/11\/8-2021-11-08-09-16-12-SIGNAL-ZA-POMOC.jpg\" \/>\n\t<meta property=\"og:image:width\" content=\"1000\" \/>\n\t<meta property=\"og:image:height\" content=\"625\" \/>\n\t<meta property=\"og:image:type\" content=\"image\/jpeg\" \/>\n<meta name=\"author\" content=\"Radio Ljubu\u0161ki\" \/>\n<meta name=\"twitter:card\" content=\"summary_large_image\" \/>\n<meta name=\"twitter:creator\" content=\"@radioljubuski\" \/>\n<meta name=\"twitter:site\" content=\"@radioljubuski\" \/>\n<meta name=\"twitter:label1\" content=\"Napisao\/la\" \/>\n\t<meta name=\"twitter:data1\" content=\"Radio Ljubu\u0161ki\" \/>\n\t<meta name=\"twitter:label2\" content=\"Procijenjeno vrijeme \u010ditanja\" \/>\n\t<meta name=\"twitter:data2\" content=\"2 minute\" \/>\n<script type=\"application\/ld+json\" class=\"yoast-schema-graph\">{\"@context\":\"https:\\\/\\\/schema.org\",\"@graph\":[{\"@type\":\"Article\",\"@id\":\"https:\\\/\\\/radioljubuski.ba\\\/index.php\\\/2021\\\/11\\\/08\\\/nestala-tinejdzerica-se-spasila-pomocu-signala-rukom-pogledajte-kako-izgleda-znak-za-pomoc\\\/#article\",\"isPartOf\":{\"@id\":\"https:\\\/\\\/radioljubuski.ba\\\/index.php\\\/2021\\\/11\\\/08\\\/nestala-tinejdzerica-se-spasila-pomocu-signala-rukom-pogledajte-kako-izgleda-znak-za-pomoc\\\/\"},\"author\":{\"name\":\"Radio Ljubu\u0161ki\",\"@id\":\"https:\\\/\\\/radioljubuski.ba\\\/#\\\/schema\\\/person\\\/19fc700381a780f69665d7956c469e3b\"},\"headline\":\"Nestala tinejd\u017eerica se spasila pomo\u0107u signala rukom: Pogledajte kako izgleda znak za pomo\u0107\",\"datePublished\":\"2021-11-08T09:03:39+00:00\",\"dateModified\":\"2021-11-08T09:03:41+00:00\",\"mainEntityOfPage\":{\"@id\":\"https:\\\/\\\/radioljubuski.ba\\\/index.php\\\/2021\\\/11\\\/08\\\/nestala-tinejdzerica-se-spasila-pomocu-signala-rukom-pogledajte-kako-izgleda-znak-za-pomoc\\\/\"},\"wordCount\":499,\"publisher\":{\"@id\":\"https:\\\/\\\/radioljubuski.ba\\\/#organization\"},\"image\":{\"@id\":\"https:\\\/\\\/radioljubuski.ba\\\/index.php\\\/2021\\\/11\\\/08\\\/nestala-tinejdzerica-se-spasila-pomocu-signala-rukom-pogledajte-kako-izgleda-znak-za-pomoc\\\/#primaryimage\"},\"thumbnailUrl\":\"https:\\\/\\\/radioljubuski.ba\\\/wp-content\\\/uploads\\\/2021\\\/11\\\/8-2021-11-08-09-16-12-SIGNAL-ZA-POMOC.jpg\",\"articleSection\":[\"BIH i regija\"],\"inLanguage\":\"hr\"},{\"@type\":\"WebPage\",\"@id\":\"https:\\\/\\\/radioljubuski.ba\\\/index.php\\\/2021\\\/11\\\/08\\\/nestala-tinejdzerica-se-spasila-pomocu-signala-rukom-pogledajte-kako-izgleda-znak-za-pomoc\\\/\",\"url\":\"https:\\\/\\\/radioljubuski.ba\\\/index.php\\\/2021\\\/11\\\/08\\\/nestala-tinejdzerica-se-spasila-pomocu-signala-rukom-pogledajte-kako-izgleda-znak-za-pomoc\\\/\",\"name\":\"Nestala tinejd\u017eerica se spasila pomo\u0107u signala rukom: Pogledajte kako izgleda znak za pomo\u0107 - RADIO LJUBU\u0160KI\",\"isPartOf\":{\"@id\":\"https:\\\/\\\/radioljubuski.ba\\\/#website\"},\"primaryImageOfPage\":{\"@id\":\"https:\\\/\\\/radioljubuski.ba\\\/index.php\\\/2021\\\/11\\\/08\\\/nestala-tinejdzerica-se-spasila-pomocu-signala-rukom-pogledajte-kako-izgleda-znak-za-pomoc\\\/#primaryimage\"},\"image\":{\"@id\":\"https:\\\/\\\/radioljubuski.ba\\\/index.php\\\/2021\\\/11\\\/08\\\/nestala-tinejdzerica-se-spasila-pomocu-signala-rukom-pogledajte-kako-izgleda-znak-za-pomoc\\\/#primaryimage\"},\"thumbnailUrl\":\"https:\\\/\\\/radioljubuski.ba\\\/wp-content\\\/uploads\\\/2021\\\/11\\\/8-2021-11-08-09-16-12-SIGNAL-ZA-POMOC.jpg\",\"datePublished\":\"2021-11-08T09:03:39+00:00\",\"dateModified\":\"2021-11-08T09:03:41+00:00\",\"breadcrumb\":{\"@id\":\"https:\\\/\\\/radioljubuski.ba\\\/index.php\\\/2021\\\/11\\\/08\\\/nestala-tinejdzerica-se-spasila-pomocu-signala-rukom-pogledajte-kako-izgleda-znak-za-pomoc\\\/#breadcrumb\"},\"inLanguage\":\"hr\",\"potentialAction\":[{\"@type\":\"ReadAction\",\"target\":[\"https:\\\/\\\/radioljubuski.ba\\\/index.php\\\/2021\\\/11\\\/08\\\/nestala-tinejdzerica-se-spasila-pomocu-signala-rukom-pogledajte-kako-izgleda-znak-za-pomoc\\\/\"]}]},{\"@type\":\"ImageObject\",\"inLanguage\":\"hr\",\"@id\":\"https:\\\/\\\/radioljubuski.ba\\\/index.php\\\/2021\\\/11\\\/08\\\/nestala-tinejdzerica-se-spasila-pomocu-signala-rukom-pogledajte-kako-izgleda-znak-za-pomoc\\\/#primaryimage\",\"url\":\"https:\\\/\\\/radioljubuski.ba\\\/wp-content\\\/uploads\\\/2021\\\/11\\\/8-2021-11-08-09-16-12-SIGNAL-ZA-POMOC.jpg\",\"contentUrl\":\"https:\\\/\\\/radioljubuski.ba\\\/wp-content\\\/uploads\\\/2021\\\/11\\\/8-2021-11-08-09-16-12-SIGNAL-ZA-POMOC.jpg\",\"width\":1000,\"height\":625},{\"@type\":\"BreadcrumbList\",\"@id\":\"https:\\\/\\\/radioljubuski.ba\\\/index.php\\\/2021\\\/11\\\/08\\\/nestala-tinejdzerica-se-spasila-pomocu-signala-rukom-pogledajte-kako-izgleda-znak-za-pomoc\\\/#breadcrumb\",\"itemListElement\":[{\"@type\":\"ListItem\",\"position\":1,\"name\":\"Po\u010detna stranica\",\"item\":\"https:\\\/\\\/radioljubuski.ba\\\/\"},{\"@type\":\"ListItem\",\"position\":2,\"name\":\"Nestala tinejd\u017eerica se spasila pomo\u0107u signala rukom: Pogledajte kako izgleda znak za pomo\u0107\"}]},{\"@type\":\"WebSite\",\"@id\":\"https:\\\/\\\/radioljubuski.ba\\\/#website\",\"url\":\"https:\\\/\\\/radioljubuski.ba\\\/\",\"name\":\"Radio Ljubu\u0161ki\",\"description\":\"Sun\u010dana frekvencija Hercegovine\",\"publisher\":{\"@id\":\"https:\\\/\\\/radioljubuski.ba\\\/#organization\"},\"potentialAction\":[{\"@type\":\"SearchAction\",\"target\":{\"@type\":\"EntryPoint\",\"urlTemplate\":\"https:\\\/\\\/radioljubuski.ba\\\/?s={search_term_string}\"},\"query-input\":{\"@type\":\"PropertyValueSpecification\",\"valueRequired\":true,\"valueName\":\"search_term_string\"}}],\"inLanguage\":\"hr\"},{\"@type\":\"Organization\",\"@id\":\"https:\\\/\\\/radioljubuski.ba\\\/#organization\",\"name\":\"Radio Ljubu\u0161ki\",\"url\":\"https:\\\/\\\/radioljubuski.ba\\\/\",\"logo\":{\"@type\":\"ImageObject\",\"inLanguage\":\"hr\",\"@id\":\"https:\\\/\\\/radioljubuski.ba\\\/#\\\/schema\\\/logo\\\/image\\\/\",\"url\":\"https:\\\/\\\/radioljubuski.ba\\\/wp-content\\\/uploads\\\/2021\\\/02\\\/cropped-Radio_Ljubuski_logo1.jpg\",\"contentUrl\":\"https:\\\/\\\/radioljubuski.ba\\\/wp-content\\\/uploads\\\/2021\\\/02\\\/cropped-Radio_Ljubuski_logo1.jpg\",\"width\":512,\"height\":512,\"caption\":\"Radio Ljubu\u0161ki\"},\"image\":{\"@id\":\"https:\\\/\\\/radioljubuski.ba\\\/#\\\/schema\\\/logo\\\/image\\\/\"},\"sameAs\":[\"https:\\\/\\\/www.facebook.com\\\/Radiio-Ljubuski-1490835324566332\",\"https:\\\/\\\/x.com\\\/radioljubuski\",\"https:\\\/\\\/hr.linkedin.com\\\/company\\\/radio-ljubuski\",\"https:\\\/\\\/www.youtube.com\\\/channel\\\/UCHYaeO_n0Db3tjNGudGpXyw\"]},{\"@type\":\"Person\",\"@id\":\"https:\\\/\\\/radioljubuski.ba\\\/#\\\/schema\\\/person\\\/19fc700381a780f69665d7956c469e3b\",\"name\":\"Radio Ljubu\u0161ki\"}]}<\/script>\n<!-- \/ Yoast SEO plugin. -->","yoast_head_json":{"title":"Nestala tinejd\u017eerica se spasila pomo\u0107u signala rukom: Pogledajte kako izgleda znak za pomo\u0107 - RADIO LJUBU\u0160KI","robots":{"index":"index","follow":"follow","max-snippet":"max-snippet:-1","max-image-preview":"max-image-preview:large","max-video-preview":"max-video-preview:-1"},"canonical":"https:\/\/radioljubuski.ba\/index.php\/2021\/11\/08\/nestala-tinejdzerica-se-spasila-pomocu-signala-rukom-pogledajte-kako-izgleda-znak-za-pomoc\/","og_locale":"hr_HR","og_type":"article","og_title":"Nestala tinejd\u017eerica se spasila pomo\u0107u signala rukom: Pogledajte kako izgleda znak za pomo\u0107 - RADIO LJUBU\u0160KI","og_description":"Zahvaljuju\u0107i voza\u010dima na autocesti u ameri\u010dkoj saveznoj dr\u017eavi Kentucky koji su prepoznali me\u0111unarodni znak za pomo\u0107 \u2018Pomozi mi\u2019 koji im je iz jednog automobila signalizirala 16-godi\u0161njakinja, uhva\u0107en je njezin otmi\u010dar a ona spa\u0161ena, prenosi Fenix-magazin. Mlada djevojka nalazila se u srebrenoj Toyoti koju je vozio 61-godi\u0161nji otmi\u010dar. Iz automobila je rukom davala signal, a oprezni [&hellip;]","og_url":"https:\/\/radioljubuski.ba\/index.php\/2021\/11\/08\/nestala-tinejdzerica-se-spasila-pomocu-signala-rukom-pogledajte-kako-izgleda-znak-za-pomoc\/","og_site_name":"RADIO LJUBU\u0160KI","article_publisher":"https:\/\/www.facebook.com\/Radiio-Ljubuski-1490835324566332","article_published_time":"2021-11-08T09:03:39+00:00","article_modified_time":"2021-11-08T09:03:41+00:00","og_image":[{"width":1000,"height":625,"url":"https:\/\/radioljubuski.ba\/wp-content\/uploads\/2021\/11\/8-2021-11-08-09-16-12-SIGNAL-ZA-POMOC.jpg","type":"image\/jpeg"}],"author":"Radio Ljubu\u0161ki","twitter_card":"summary_large_image","twitter_creator":"@radioljubuski","twitter_site":"@radioljubuski","twitter_misc":{"Napisao\/la":"Radio Ljubu\u0161ki","Procijenjeno vrijeme \u010ditanja":"2 minute"},"schema":{"@context":"https:\/\/schema.org","@graph":[{"@type":"Article","@id":"https:\/\/radioljubuski.ba\/index.php\/2021\/11\/08\/nestala-tinejdzerica-se-spasila-pomocu-signala-rukom-pogledajte-kako-izgleda-znak-za-pomoc\/#article","isPartOf":{"@id":"https:\/\/radioljubuski.ba\/index.php\/2021\/11\/08\/nestala-tinejdzerica-se-spasila-pomocu-signala-rukom-pogledajte-kako-izgleda-znak-za-pomoc\/"},"author":{"name":"Radio Ljubu\u0161ki","@id":"https:\/\/radioljubuski.ba\/#\/schema\/person\/19fc700381a780f69665d7956c469e3b"},"headline":"Nestala tinejd\u017eerica se spasila pomo\u0107u signala rukom: Pogledajte kako izgleda znak za pomo\u0107","datePublished":"2021-11-08T09:03:39+00:00","dateModified":"2021-11-08T09:03:41+00:00","mainEntityOfPage":{"@id":"https:\/\/radioljubuski.ba\/index.php\/2021\/11\/08\/nestala-tinejdzerica-se-spasila-pomocu-signala-rukom-pogledajte-kako-izgleda-znak-za-pomoc\/"},"wordCount":499,"publisher":{"@id":"https:\/\/radioljubuski.ba\/#organization"},"image":{"@id":"https:\/\/radioljubuski.ba\/index.php\/2021\/11\/08\/nestala-tinejdzerica-se-spasila-pomocu-signala-rukom-pogledajte-kako-izgleda-znak-za-pomoc\/#primaryimage"},"thumbnailUrl":"https:\/\/radioljubuski.ba\/wp-content\/uploads\/2021\/11\/8-2021-11-08-09-16-12-SIGNAL-ZA-POMOC.jpg","articleSection":["BIH i regija"],"inLanguage":"hr"},{"@type":"WebPage","@id":"https:\/\/radioljubuski.ba\/index.php\/2021\/11\/08\/nestala-tinejdzerica-se-spasila-pomocu-signala-rukom-pogledajte-kako-izgleda-znak-za-pomoc\/","url":"https:\/\/radioljubuski.ba\/index.php\/2021\/11\/08\/nestala-tinejdzerica-se-spasila-pomocu-signala-rukom-pogledajte-kako-izgleda-znak-za-pomoc\/","name":"Nestala tinejd\u017eerica se spasila pomo\u0107u signala rukom: Pogledajte kako izgleda znak za pomo\u0107 - RADIO LJUBU\u0160KI","isPartOf":{"@id":"https:\/\/radioljubuski.ba\/#website"},"primaryImageOfPage":{"@id":"https:\/\/radioljubuski.ba\/index.php\/2021\/11\/08\/nestala-tinejdzerica-se-spasila-pomocu-signala-rukom-pogledajte-kako-izgleda-znak-za-pomoc\/#primaryimage"},"image":{"@id":"https:\/\/radioljubuski.ba\/index.php\/2021\/11\/08\/nestala-tinejdzerica-se-spasila-pomocu-signala-rukom-pogledajte-kako-izgleda-znak-za-pomoc\/#primaryimage"},"thumbnailUrl":"https:\/\/radioljubuski.ba\/wp-content\/uploads\/2021\/11\/8-2021-11-08-09-16-12-SIGNAL-ZA-POMOC.jpg","datePublished":"2021-11-08T09:03:39+00:00","dateModified":"2021-11-08T09:03:41+00:00","breadcrumb":{"@id":"https:\/\/radioljubuski.ba\/index.php\/2021\/11\/08\/nestala-tinejdzerica-se-spasila-pomocu-signala-rukom-pogledajte-kako-izgleda-znak-za-pomoc\/#breadcrumb"},"inLanguage":"hr","potentialAction":[{"@type":"ReadAction","target":["https:\/\/radioljubuski.ba\/index.php\/2021\/11\/08\/nestala-tinejdzerica-se-spasila-pomocu-signala-rukom-pogledajte-kako-izgleda-znak-za-pomoc\/"]}]},{"@type":"ImageObject","inLanguage":"hr","@id":"https:\/\/radioljubuski.ba\/index.php\/2021\/11\/08\/nestala-tinejdzerica-se-spasila-pomocu-signala-rukom-pogledajte-kako-izgleda-znak-za-pomoc\/#primaryimage","url":"https:\/\/radioljubuski.ba\/wp-content\/uploads\/2021\/11\/8-2021-11-08-09-16-12-SIGNAL-ZA-POMOC.jpg","contentUrl":"https:\/\/radioljubuski.ba\/wp-content\/uploads\/2021\/11\/8-2021-11-08-09-16-12-SIGNAL-ZA-POMOC.jpg","width":1000,"height":625},{"@type":"BreadcrumbList","@id":"https:\/\/radioljubuski.ba\/index.php\/2021\/11\/08\/nestala-tinejdzerica-se-spasila-pomocu-signala-rukom-pogledajte-kako-izgleda-znak-za-pomoc\/#breadcrumb","itemListElement":[{"@type":"ListItem","position":1,"name":"Po\u010detna stranica","item":"https:\/\/radioljubuski.ba\/"},{"@type":"ListItem","position":2,"name":"Nestala tinejd\u017eerica se spasila pomo\u0107u signala rukom: Pogledajte kako izgleda znak za pomo\u0107"}]},{"@type":"WebSite","@id":"https:\/\/radioljubuski.ba\/#website","url":"https:\/\/radioljubuski.ba\/","name":"Radio Ljubu\u0161ki","description":"Sun\u010dana frekvencija Hercegovine","publisher":{"@id":"https:\/\/radioljubuski.ba\/#organization"},"potentialAction":[{"@type":"SearchAction","target":{"@type":"EntryPoint","urlTemplate":"https:\/\/radioljubuski.ba\/?s={search_term_string}"},"query-input":{"@type":"PropertyValueSpecification","valueRequired":true,"valueName":"search_term_string"}}],"inLanguage":"hr"},{"@type":"Organization","@id":"https:\/\/radioljubuski.ba\/#organization","name":"Radio Ljubu\u0161ki","url":"https:\/\/radioljubuski.ba\/","logo":{"@type":"ImageObject","inLanguage":"hr","@id":"https:\/\/radioljubuski.ba\/#\/schema\/logo\/image\/","url":"https:\/\/radioljubuski.ba\/wp-content\/uploads\/2021\/02\/cropped-Radio_Ljubuski_logo1.jpg","contentUrl":"https:\/\/radioljubuski.ba\/wp-content\/uploads\/2021\/02\/cropped-Radio_Ljubuski_logo1.jpg","width":512,"height":512,"caption":"Radio Ljubu\u0161ki"},"image":{"@id":"https:\/\/radioljubuski.ba\/#\/schema\/logo\/image\/"},"sameAs":["https:\/\/www.facebook.com\/Radiio-Ljubuski-1490835324566332","https:\/\/x.com\/radioljubuski","https:\/\/hr.linkedin.com\/company\/radio-ljubuski","https:\/\/www.youtube.com\/channel\/UCHYaeO_n0Db3tjNGudGpXyw"]},{"@type":"Person","@id":"https:\/\/radioljubuski.ba\/#\/schema\/person\/19fc700381a780f69665d7956c469e3b","name":"Radio Ljubu\u0161ki"}]}},"_links":{"self":[{"href":"https:\/\/radioljubuski.ba\/index.php\/wp-json\/wp\/v2\/posts\/86474","targetHints":{"allow":["GET"]}}],"collection":[{"href":"https:\/\/radioljubuski.ba\/index.php\/wp-json\/wp\/v2\/posts"}],"about":[{"href":"https:\/\/radioljubuski.ba\/index.php\/wp-json\/wp\/v2\/types\/post"}],"author":[{"embeddable":true,"href":"https:\/\/radioljubuski.ba\/index.php\/wp-json\/wp\/v2\/users\/2"}],"replies":[{"embeddable":true,"href":"https:\/\/radioljubuski.ba\/index.php\/wp-json\/wp\/v2\/comments?post=86474"}],"version-history":[{"count":1,"href":"https:\/\/radioljubuski.ba\/index.php\/wp-json\/wp\/v2\/posts\/86474\/revisions"}],"predecessor-version":[{"id":86476,"href":"https:\/\/radioljubuski.ba\/index.php\/wp-json\/wp\/v2\/posts\/86474\/revisions\/86476"}],"wp:featuredmedia":[{"embeddable":true,"href":"https:\/\/radioljubuski.ba\/index.php\/wp-json\/wp\/v2\/media\/86475"}],"wp:attachment":[{"href":"https:\/\/radioljubuski.ba\/index.php\/wp-json\/wp\/v2\/media?parent=86474"}],"wp:term":[{"taxonomy":"category","embeddable":true,"href":"https:\/\/radioljubuski.ba\/index.php\/wp-json\/wp\/v2\/categories?post=86474"},{"taxonomy":"post_tag","embeddable":true,"href":"https:\/\/radioljubuski.ba\/index.php\/wp-json\/wp\/v2\/tags?post=86474"}],"curies":[{"name":"wp","href":"https:\/\/api.w.org\/{rel}","templated":true}]}}