{"id":86479,"date":"2021-11-08T10:06:28","date_gmt":"2021-11-08T09:06:28","guid":{"rendered":"https:\/\/radioljubuski.ba\/?p=86479"},"modified":"2021-11-08T10:06:29","modified_gmt":"2021-11-08T09:06:29","slug":"cilic-na-atp-ljestici-pao-za-dva-coric-za-pet-mjesta","status":"publish","type":"post","link":"https:\/\/radioljubuski.ba\/index.php\/2021\/11\/08\/cilic-na-atp-ljestici-pao-za-dva-coric-za-pet-mjesta\/","title":{"rendered":"\u010cili\u0107 na ATP ljestici pao za dva, \u0106ori\u0107 za pet mjesta"},"content":{"rendered":"\n<p>Najbolji hrvatski tenisa\u010d Marin \u010cili\u0107 pao je za dva mjesta na novoj ATP ljestvici i sada se nalazi na 30. poziciji.<\/p>\n\n\n\n<p>Borna \u0106ori\u0107 je pao za jo\u0161 pet pozicija i sada je 75. tenisa\u010d svijeta.<\/p>\n\n\n\n<p>Ivo Karlovi\u0107 je na 231. mjestu, \u0161to je pad za jednu stepenicu. Nino Serdaru\u0161i\u0107 je napredovao za jedno mjesto, na 241. Duje Ajdukovi\u0107 je pao sa 250. na 252. dok je Borna Gojo sada 281. na svijetu, \u0161to je korak vi\u0161e u odnosu na pro\u0161li tjedan.<\/p>\n\n\n\n<p>Na vrhu nije bilo promjene, Novak \u0110okovi\u0107 je za\u010deo svoj 346. tjedan na prvom mjestu sa \u010dak 3.300 bodova vi\u0161e od drugoplasiranoga Rusa Danila Medvedjeva kojeg je u nedjelju pobijedio u finalu pari\u0161kog Mastersa.<\/p>\n\n\n\n<p>Nijemac Alexander Zverev i Grk Stefanos Tsitsipas su zamijenili mjesta, pa je Nijemac sada tre\u0107i, a Grk \u010detvrti. Isto su napravili i Rus Andrej Rubljov i \u0160panjolac Rafael Nadal. Sada je Rus peti, a \u0160panjolac \u0161esti.<\/p>\n\n\n\n<p>Talijan Matteo Berrettini i Norve\u017eanin Casper Ruud zadr\u017eali su sedmo i osmo mjesto.<\/p>\n\n\n\n<p>Izvor:pogled.ba<\/p>\n","protected":false},"excerpt":{"rendered":"<p>Najbolji hrvatski tenisa\u010d Marin \u010cili\u0107 pao je za dva mjesta na novoj ATP ljestvici i sada se nalazi na 30. poziciji. Borna \u0106ori\u0107 je pao za jo\u0161 pet pozicija i sada je 75. tenisa\u010d svijeta. Ivo Karlovi\u0107 je na 231. mjestu, \u0161to je pad za jednu stepenicu. Nino Serdaru\u0161i\u0107 je napredovao za jedno mjesto, na [&hellip;]<\/p>\n","protected":false},"author":2,"featured_media":30105,"comment_status":"closed","ping_status":"closed","sticky":false,"template":"","format":"standard","meta":{"h5ap_radio_sources":[],"footnotes":""},"categories":[7],"tags":[],"class_list":["post-86479","post","type-post","status-publish","format-standard","has-post-thumbnail","hentry","category-sport"],"yoast_head":"<!-- This site is optimized with the Yoast SEO plugin v27.5 - https:\/\/yoast.com\/product\/yoast-seo-wordpress\/ -->\n<title>\u010cili\u0107 na ATP ljestici pao za dva, \u0106ori\u0107 za pet mjesta - RADIO LJUBU\u0160KI<\/title>\n<meta name=\"robots\" content=\"index, follow, max-snippet:-1, max-image-preview:large, max-video-preview:-1\" \/>\n<link rel=\"canonical\" href=\"https:\/\/radioljubuski.ba\/index.php\/2021\/11\/08\/cilic-na-atp-ljestici-pao-za-dva-coric-za-pet-mjesta\/\" \/>\n<meta property=\"og:locale\" content=\"hr_HR\" \/>\n<meta property=\"og:type\" content=\"article\" \/>\n<meta property=\"og:title\" content=\"\u010cili\u0107 na ATP ljestici pao za dva, \u0106ori\u0107 za pet mjesta - RADIO LJUBU\u0160KI\" \/>\n<meta property=\"og:description\" content=\"Najbolji hrvatski tenisa\u010d Marin \u010cili\u0107 pao je za dva mjesta na novoj ATP ljestvici i sada se nalazi na 30. poziciji. Borna \u0106ori\u0107 je pao za jo\u0161 pet pozicija i sada je 75. tenisa\u010d svijeta. Ivo Karlovi\u0107 je na 231. mjestu, \u0161to je pad za jednu stepenicu. Nino Serdaru\u0161i\u0107 je napredovao za jedno mjesto, na [&hellip;]\" \/>\n<meta property=\"og:url\" content=\"https:\/\/radioljubuski.ba\/index.php\/2021\/11\/08\/cilic-na-atp-ljestici-pao-za-dva-coric-za-pet-mjesta\/\" \/>\n<meta property=\"og:site_name\" content=\"RADIO LJUBU\u0160KI\" \/>\n<meta property=\"article:publisher\" content=\"https:\/\/www.facebook.com\/Radiio-Ljubuski-1490835324566332\" \/>\n<meta property=\"article:published_time\" content=\"2021-11-08T09:06:28+00:00\" \/>\n<meta property=\"article:modified_time\" content=\"2021-11-08T09:06:29+00:00\" \/>\n<meta property=\"og:image\" content=\"https:\/\/radioljubuski.ba\/wp-content\/uploads\/2021\/06\/cilic-rg-pxl-xih-040621-33129206-20210608150127.jpg\" \/>\n\t<meta property=\"og:image:width\" content=\"1000\" \/>\n\t<meta property=\"og:image:height\" content=\"568\" \/>\n\t<meta property=\"og:image:type\" content=\"image\/jpeg\" \/>\n<meta name=\"author\" content=\"Radio Ljubu\u0161ki\" \/>\n<meta name=\"twitter:card\" content=\"summary_large_image\" \/>\n<meta name=\"twitter:creator\" content=\"@radioljubuski\" \/>\n<meta name=\"twitter:site\" content=\"@radioljubuski\" \/>\n<meta name=\"twitter:label1\" content=\"Napisao\/la\" \/>\n\t<meta name=\"twitter:data1\" content=\"Radio Ljubu\u0161ki\" \/>\n\t<meta name=\"twitter:label2\" content=\"Procijenjeno vrijeme \u010ditanja\" \/>\n\t<meta name=\"twitter:data2\" content=\"1 minuta\" \/>\n<script type=\"application\/ld+json\" class=\"yoast-schema-graph\">{\"@context\":\"https:\\\/\\\/schema.org\",\"@graph\":[{\"@type\":\"Article\",\"@id\":\"https:\\\/\\\/radioljubuski.ba\\\/index.php\\\/2021\\\/11\\\/08\\\/cilic-na-atp-ljestici-pao-za-dva-coric-za-pet-mjesta\\\/#article\",\"isPartOf\":{\"@id\":\"https:\\\/\\\/radioljubuski.ba\\\/index.php\\\/2021\\\/11\\\/08\\\/cilic-na-atp-ljestici-pao-za-dva-coric-za-pet-mjesta\\\/\"},\"author\":{\"name\":\"Radio Ljubu\u0161ki\",\"@id\":\"https:\\\/\\\/radioljubuski.ba\\\/#\\\/schema\\\/person\\\/19fc700381a780f69665d7956c469e3b\"},\"headline\":\"\u010cili\u0107 na ATP ljestici pao za dva, \u0106ori\u0107 za pet mjesta\",\"datePublished\":\"2021-11-08T09:06:28+00:00\",\"dateModified\":\"2021-11-08T09:06:29+00:00\",\"mainEntityOfPage\":{\"@id\":\"https:\\\/\\\/radioljubuski.ba\\\/index.php\\\/2021\\\/11\\\/08\\\/cilic-na-atp-ljestici-pao-za-dva-coric-za-pet-mjesta\\\/\"},\"wordCount\":178,\"publisher\":{\"@id\":\"https:\\\/\\\/radioljubuski.ba\\\/#organization\"},\"image\":{\"@id\":\"https:\\\/\\\/radioljubuski.ba\\\/index.php\\\/2021\\\/11\\\/08\\\/cilic-na-atp-ljestici-pao-za-dva-coric-za-pet-mjesta\\\/#primaryimage\"},\"thumbnailUrl\":\"https:\\\/\\\/radioljubuski.ba\\\/wp-content\\\/uploads\\\/2021\\\/06\\\/cilic-rg-pxl-xih-040621-33129206-20210608150127.jpg\",\"articleSection\":[\"\u0160port\"],\"inLanguage\":\"hr\"},{\"@type\":\"WebPage\",\"@id\":\"https:\\\/\\\/radioljubuski.ba\\\/index.php\\\/2021\\\/11\\\/08\\\/cilic-na-atp-ljestici-pao-za-dva-coric-za-pet-mjesta\\\/\",\"url\":\"https:\\\/\\\/radioljubuski.ba\\\/index.php\\\/2021\\\/11\\\/08\\\/cilic-na-atp-ljestici-pao-za-dva-coric-za-pet-mjesta\\\/\",\"name\":\"\u010cili\u0107 na ATP ljestici pao za dva, \u0106ori\u0107 za pet mjesta - RADIO LJUBU\u0160KI\",\"isPartOf\":{\"@id\":\"https:\\\/\\\/radioljubuski.ba\\\/#website\"},\"primaryImageOfPage\":{\"@id\":\"https:\\\/\\\/radioljubuski.ba\\\/index.php\\\/2021\\\/11\\\/08\\\/cilic-na-atp-ljestici-pao-za-dva-coric-za-pet-mjesta\\\/#primaryimage\"},\"image\":{\"@id\":\"https:\\\/\\\/radioljubuski.ba\\\/index.php\\\/2021\\\/11\\\/08\\\/cilic-na-atp-ljestici-pao-za-dva-coric-za-pet-mjesta\\\/#primaryimage\"},\"thumbnailUrl\":\"https:\\\/\\\/radioljubuski.ba\\\/wp-content\\\/uploads\\\/2021\\\/06\\\/cilic-rg-pxl-xih-040621-33129206-20210608150127.jpg\",\"datePublished\":\"2021-11-08T09:06:28+00:00\",\"dateModified\":\"2021-11-08T09:06:29+00:00\",\"breadcrumb\":{\"@id\":\"https:\\\/\\\/radioljubuski.ba\\\/index.php\\\/2021\\\/11\\\/08\\\/cilic-na-atp-ljestici-pao-za-dva-coric-za-pet-mjesta\\\/#breadcrumb\"},\"inLanguage\":\"hr\",\"potentialAction\":[{\"@type\":\"ReadAction\",\"target\":[\"https:\\\/\\\/radioljubuski.ba\\\/index.php\\\/2021\\\/11\\\/08\\\/cilic-na-atp-ljestici-pao-za-dva-coric-za-pet-mjesta\\\/\"]}]},{\"@type\":\"ImageObject\",\"inLanguage\":\"hr\",\"@id\":\"https:\\\/\\\/radioljubuski.ba\\\/index.php\\\/2021\\\/11\\\/08\\\/cilic-na-atp-ljestici-pao-za-dva-coric-za-pet-mjesta\\\/#primaryimage\",\"url\":\"https:\\\/\\\/radioljubuski.ba\\\/wp-content\\\/uploads\\\/2021\\\/06\\\/cilic-rg-pxl-xih-040621-33129206-20210608150127.jpg\",\"contentUrl\":\"https:\\\/\\\/radioljubuski.ba\\\/wp-content\\\/uploads\\\/2021\\\/06\\\/cilic-rg-pxl-xih-040621-33129206-20210608150127.jpg\",\"width\":1000,\"height\":568},{\"@type\":\"BreadcrumbList\",\"@id\":\"https:\\\/\\\/radioljubuski.ba\\\/index.php\\\/2021\\\/11\\\/08\\\/cilic-na-atp-ljestici-pao-za-dva-coric-za-pet-mjesta\\\/#breadcrumb\",\"itemListElement\":[{\"@type\":\"ListItem\",\"position\":1,\"name\":\"Po\u010detna stranica\",\"item\":\"https:\\\/\\\/radioljubuski.ba\\\/\"},{\"@type\":\"ListItem\",\"position\":2,\"name\":\"\u010cili\u0107 na ATP ljestici pao za dva, \u0106ori\u0107 za pet mjesta\"}]},{\"@type\":\"WebSite\",\"@id\":\"https:\\\/\\\/radioljubuski.ba\\\/#website\",\"url\":\"https:\\\/\\\/radioljubuski.ba\\\/\",\"name\":\"Radio Ljubu\u0161ki\",\"description\":\"Sun\u010dana frekvencija Hercegovine\",\"publisher\":{\"@id\":\"https:\\\/\\\/radioljubuski.ba\\\/#organization\"},\"potentialAction\":[{\"@type\":\"SearchAction\",\"target\":{\"@type\":\"EntryPoint\",\"urlTemplate\":\"https:\\\/\\\/radioljubuski.ba\\\/?s={search_term_string}\"},\"query-input\":{\"@type\":\"PropertyValueSpecification\",\"valueRequired\":true,\"valueName\":\"search_term_string\"}}],\"inLanguage\":\"hr\"},{\"@type\":\"Organization\",\"@id\":\"https:\\\/\\\/radioljubuski.ba\\\/#organization\",\"name\":\"Radio Ljubu\u0161ki\",\"url\":\"https:\\\/\\\/radioljubuski.ba\\\/\",\"logo\":{\"@type\":\"ImageObject\",\"inLanguage\":\"hr\",\"@id\":\"https:\\\/\\\/radioljubuski.ba\\\/#\\\/schema\\\/logo\\\/image\\\/\",\"url\":\"https:\\\/\\\/radioljubuski.ba\\\/wp-content\\\/uploads\\\/2021\\\/02\\\/cropped-Radio_Ljubuski_logo1.jpg\",\"contentUrl\":\"https:\\\/\\\/radioljubuski.ba\\\/wp-content\\\/uploads\\\/2021\\\/02\\\/cropped-Radio_Ljubuski_logo1.jpg\",\"width\":512,\"height\":512,\"caption\":\"Radio Ljubu\u0161ki\"},\"image\":{\"@id\":\"https:\\\/\\\/radioljubuski.ba\\\/#\\\/schema\\\/logo\\\/image\\\/\"},\"sameAs\":[\"https:\\\/\\\/www.facebook.com\\\/Radiio-Ljubuski-1490835324566332\",\"https:\\\/\\\/x.com\\\/radioljubuski\",\"https:\\\/\\\/hr.linkedin.com\\\/company\\\/radio-ljubuski\",\"https:\\\/\\\/www.youtube.com\\\/channel\\\/UCHYaeO_n0Db3tjNGudGpXyw\"]},{\"@type\":\"Person\",\"@id\":\"https:\\\/\\\/radioljubuski.ba\\\/#\\\/schema\\\/person\\\/19fc700381a780f69665d7956c469e3b\",\"name\":\"Radio Ljubu\u0161ki\"}]}<\/script>\n<!-- \/ Yoast SEO plugin. -->","yoast_head_json":{"title":"\u010cili\u0107 na ATP ljestici pao za dva, \u0106ori\u0107 za pet mjesta - RADIO LJUBU\u0160KI","robots":{"index":"index","follow":"follow","max-snippet":"max-snippet:-1","max-image-preview":"max-image-preview:large","max-video-preview":"max-video-preview:-1"},"canonical":"https:\/\/radioljubuski.ba\/index.php\/2021\/11\/08\/cilic-na-atp-ljestici-pao-za-dva-coric-za-pet-mjesta\/","og_locale":"hr_HR","og_type":"article","og_title":"\u010cili\u0107 na ATP ljestici pao za dva, \u0106ori\u0107 za pet mjesta - RADIO LJUBU\u0160KI","og_description":"Najbolji hrvatski tenisa\u010d Marin \u010cili\u0107 pao je za dva mjesta na novoj ATP ljestvici i sada se nalazi na 30. poziciji. Borna \u0106ori\u0107 je pao za jo\u0161 pet pozicija i sada je 75. tenisa\u010d svijeta. Ivo Karlovi\u0107 je na 231. mjestu, \u0161to je pad za jednu stepenicu. Nino Serdaru\u0161i\u0107 je napredovao za jedno mjesto, na [&hellip;]","og_url":"https:\/\/radioljubuski.ba\/index.php\/2021\/11\/08\/cilic-na-atp-ljestici-pao-za-dva-coric-za-pet-mjesta\/","og_site_name":"RADIO LJUBU\u0160KI","article_publisher":"https:\/\/www.facebook.com\/Radiio-Ljubuski-1490835324566332","article_published_time":"2021-11-08T09:06:28+00:00","article_modified_time":"2021-11-08T09:06:29+00:00","og_image":[{"width":1000,"height":568,"url":"https:\/\/radioljubuski.ba\/wp-content\/uploads\/2021\/06\/cilic-rg-pxl-xih-040621-33129206-20210608150127.jpg","type":"image\/jpeg"}],"author":"Radio Ljubu\u0161ki","twitter_card":"summary_large_image","twitter_creator":"@radioljubuski","twitter_site":"@radioljubuski","twitter_misc":{"Napisao\/la":"Radio Ljubu\u0161ki","Procijenjeno vrijeme \u010ditanja":"1 minuta"},"schema":{"@context":"https:\/\/schema.org","@graph":[{"@type":"Article","@id":"https:\/\/radioljubuski.ba\/index.php\/2021\/11\/08\/cilic-na-atp-ljestici-pao-za-dva-coric-za-pet-mjesta\/#article","isPartOf":{"@id":"https:\/\/radioljubuski.ba\/index.php\/2021\/11\/08\/cilic-na-atp-ljestici-pao-za-dva-coric-za-pet-mjesta\/"},"author":{"name":"Radio Ljubu\u0161ki","@id":"https:\/\/radioljubuski.ba\/#\/schema\/person\/19fc700381a780f69665d7956c469e3b"},"headline":"\u010cili\u0107 na ATP ljestici pao za dva, \u0106ori\u0107 za pet mjesta","datePublished":"2021-11-08T09:06:28+00:00","dateModified":"2021-11-08T09:06:29+00:00","mainEntityOfPage":{"@id":"https:\/\/radioljubuski.ba\/index.php\/2021\/11\/08\/cilic-na-atp-ljestici-pao-za-dva-coric-za-pet-mjesta\/"},"wordCount":178,"publisher":{"@id":"https:\/\/radioljubuski.ba\/#organization"},"image":{"@id":"https:\/\/radioljubuski.ba\/index.php\/2021\/11\/08\/cilic-na-atp-ljestici-pao-za-dva-coric-za-pet-mjesta\/#primaryimage"},"thumbnailUrl":"https:\/\/radioljubuski.ba\/wp-content\/uploads\/2021\/06\/cilic-rg-pxl-xih-040621-33129206-20210608150127.jpg","articleSection":["\u0160port"],"inLanguage":"hr"},{"@type":"WebPage","@id":"https:\/\/radioljubuski.ba\/index.php\/2021\/11\/08\/cilic-na-atp-ljestici-pao-za-dva-coric-za-pet-mjesta\/","url":"https:\/\/radioljubuski.ba\/index.php\/2021\/11\/08\/cilic-na-atp-ljestici-pao-za-dva-coric-za-pet-mjesta\/","name":"\u010cili\u0107 na ATP ljestici pao za dva, \u0106ori\u0107 za pet mjesta - RADIO LJUBU\u0160KI","isPartOf":{"@id":"https:\/\/radioljubuski.ba\/#website"},"primaryImageOfPage":{"@id":"https:\/\/radioljubuski.ba\/index.php\/2021\/11\/08\/cilic-na-atp-ljestici-pao-za-dva-coric-za-pet-mjesta\/#primaryimage"},"image":{"@id":"https:\/\/radioljubuski.ba\/index.php\/2021\/11\/08\/cilic-na-atp-ljestici-pao-za-dva-coric-za-pet-mjesta\/#primaryimage"},"thumbnailUrl":"https:\/\/radioljubuski.ba\/wp-content\/uploads\/2021\/06\/cilic-rg-pxl-xih-040621-33129206-20210608150127.jpg","datePublished":"2021-11-08T09:06:28+00:00","dateModified":"2021-11-08T09:06:29+00:00","breadcrumb":{"@id":"https:\/\/radioljubuski.ba\/index.php\/2021\/11\/08\/cilic-na-atp-ljestici-pao-za-dva-coric-za-pet-mjesta\/#breadcrumb"},"inLanguage":"hr","potentialAction":[{"@type":"ReadAction","target":["https:\/\/radioljubuski.ba\/index.php\/2021\/11\/08\/cilic-na-atp-ljestici-pao-za-dva-coric-za-pet-mjesta\/"]}]},{"@type":"ImageObject","inLanguage":"hr","@id":"https:\/\/radioljubuski.ba\/index.php\/2021\/11\/08\/cilic-na-atp-ljestici-pao-za-dva-coric-za-pet-mjesta\/#primaryimage","url":"https:\/\/radioljubuski.ba\/wp-content\/uploads\/2021\/06\/cilic-rg-pxl-xih-040621-33129206-20210608150127.jpg","contentUrl":"https:\/\/radioljubuski.ba\/wp-content\/uploads\/2021\/06\/cilic-rg-pxl-xih-040621-33129206-20210608150127.jpg","width":1000,"height":568},{"@type":"BreadcrumbList","@id":"https:\/\/radioljubuski.ba\/index.php\/2021\/11\/08\/cilic-na-atp-ljestici-pao-za-dva-coric-za-pet-mjesta\/#breadcrumb","itemListElement":[{"@type":"ListItem","position":1,"name":"Po\u010detna stranica","item":"https:\/\/radioljubuski.ba\/"},{"@type":"ListItem","position":2,"name":"\u010cili\u0107 na ATP ljestici pao za dva, \u0106ori\u0107 za pet mjesta"}]},{"@type":"WebSite","@id":"https:\/\/radioljubuski.ba\/#website","url":"https:\/\/radioljubuski.ba\/","name":"Radio Ljubu\u0161ki","description":"Sun\u010dana frekvencija Hercegovine","publisher":{"@id":"https:\/\/radioljubuski.ba\/#organization"},"potentialAction":[{"@type":"SearchAction","target":{"@type":"EntryPoint","urlTemplate":"https:\/\/radioljubuski.ba\/?s={search_term_string}"},"query-input":{"@type":"PropertyValueSpecification","valueRequired":true,"valueName":"search_term_string"}}],"inLanguage":"hr"},{"@type":"Organization","@id":"https:\/\/radioljubuski.ba\/#organization","name":"Radio Ljubu\u0161ki","url":"https:\/\/radioljubuski.ba\/","logo":{"@type":"ImageObject","inLanguage":"hr","@id":"https:\/\/radioljubuski.ba\/#\/schema\/logo\/image\/","url":"https:\/\/radioljubuski.ba\/wp-content\/uploads\/2021\/02\/cropped-Radio_Ljubuski_logo1.jpg","contentUrl":"https:\/\/radioljubuski.ba\/wp-content\/uploads\/2021\/02\/cropped-Radio_Ljubuski_logo1.jpg","width":512,"height":512,"caption":"Radio Ljubu\u0161ki"},"image":{"@id":"https:\/\/radioljubuski.ba\/#\/schema\/logo\/image\/"},"sameAs":["https:\/\/www.facebook.com\/Radiio-Ljubuski-1490835324566332","https:\/\/x.com\/radioljubuski","https:\/\/hr.linkedin.com\/company\/radio-ljubuski","https:\/\/www.youtube.com\/channel\/UCHYaeO_n0Db3tjNGudGpXyw"]},{"@type":"Person","@id":"https:\/\/radioljubuski.ba\/#\/schema\/person\/19fc700381a780f69665d7956c469e3b","name":"Radio Ljubu\u0161ki"}]}},"_links":{"self":[{"href":"https:\/\/radioljubuski.ba\/index.php\/wp-json\/wp\/v2\/posts\/86479","targetHints":{"allow":["GET"]}}],"collection":[{"href":"https:\/\/radioljubuski.ba\/index.php\/wp-json\/wp\/v2\/posts"}],"about":[{"href":"https:\/\/radioljubuski.ba\/index.php\/wp-json\/wp\/v2\/types\/post"}],"author":[{"embeddable":true,"href":"https:\/\/radioljubuski.ba\/index.php\/wp-json\/wp\/v2\/users\/2"}],"replies":[{"embeddable":true,"href":"https:\/\/radioljubuski.ba\/index.php\/wp-json\/wp\/v2\/comments?post=86479"}],"version-history":[{"count":1,"href":"https:\/\/radioljubuski.ba\/index.php\/wp-json\/wp\/v2\/posts\/86479\/revisions"}],"predecessor-version":[{"id":86480,"href":"https:\/\/radioljubuski.ba\/index.php\/wp-json\/wp\/v2\/posts\/86479\/revisions\/86480"}],"wp:featuredmedia":[{"embeddable":true,"href":"https:\/\/radioljubuski.ba\/index.php\/wp-json\/wp\/v2\/media\/30105"}],"wp:attachment":[{"href":"https:\/\/radioljubuski.ba\/index.php\/wp-json\/wp\/v2\/media?parent=86479"}],"wp:term":[{"taxonomy":"category","embeddable":true,"href":"https:\/\/radioljubuski.ba\/index.php\/wp-json\/wp\/v2\/categories?post=86479"},{"taxonomy":"post_tag","embeddable":true,"href":"https:\/\/radioljubuski.ba\/index.php\/wp-json\/wp\/v2\/tags?post=86479"}],"curies":[{"name":"wp","href":"https:\/\/api.w.org\/{rel}","templated":true}]}}