{"id":86484,"date":"2021-11-08T10:10:31","date_gmt":"2021-11-08T09:10:31","guid":{"rendered":"https:\/\/radioljubuski.ba\/?p=86484"},"modified":"2021-11-08T10:10:31","modified_gmt":"2021-11-08T09:10:31","slug":"marijana-mikulic-dobila-poruku-na-instagramu-vi-hercegovci","status":"publish","type":"post","link":"https:\/\/radioljubuski.ba\/index.php\/2021\/11\/08\/marijana-mikulic-dobila-poruku-na-instagramu-vi-hercegovci\/","title":{"rendered":"Marijana Mikuli\u0107 dobila poruku na Instagramu: Vi, Hercegovci&#8230;."},"content":{"rendered":"\n<p>Opciju blokiraj na Instagramu iskoristila je i glumica Marijana Mikuli\u0107 nakon \u0161to je u svoj inbox od jedne korisnice dobila zbilja ru\u017enu poruku.<\/p>\n\n\n\n<p>Na svom Instagram storyju podijelila je sadr\u017eaj poruka koje je dobila od jedne pratiteljice koja joj je ve\u0107 ranije prigovorila jer nosi jeans, a sada joj problem predstavlja Marijanino podrijetlo. U poruci je izme\u0111u ostalog napisala:<\/p>\n\n\n\n<p>&#8211; Koliko zagreba\u010dke djece s Ekonomskog fakulteta mo\u017ee dobiti posao u dr\u017eavnim firmama? Naravno da ne mo\u017ee jer je sve rezervirano za va\u0161e zemljake. U nastavku te poruke problem joj stvara i kako su se Marijana i njezin suprug upoznali.<\/p>\n\n\n\n<p>Glumica Marijana Mikuli\u0107 na svom profilu na Instagramu dijeli i neke pojedinosti o privatnom \u017eivotu pa je tako u nekoliko navrata pisala o pote\u0161ko\u0107ama u razvoju svog najmla\u0111eg sina Jakova i htjela je samo kroz svoj primjer pomo\u0107i drugima i ukazati na tromost sustava kada je potrebna pomo\u0107 djeci poput njezinog sina. Takve objave su zasmetale i ovoj korisnici Instagrama koju je Marijana blokirala i prijavila Instagramu, navodi<a href=\"https:\/\/www.vecernji.hr\/showbiz\/marijana-mikulic-objavila-poruke-jedne-pratiteljice-koja-nije-birala-rijeci-problem-joj-je-i-moje-podrijetlo-1537350\/galerija-488438?page=6\" target=\"_blank\" rel=\"noreferrer noopener\"> Vecernji.hr.<\/a><\/p>\n\n\n\n<figure class=\"wp-block-image\"><img decoding=\"async\" src=\"https:\/\/storage.pogled.ba\/images\/dc22\/5db1\/217495\/original\/8-2021-11-08-08-06-23-e81dba32a4896ef3cc36.jpeg\" alt=\"\"\/><\/figure>\n\n\n\n<figure class=\"wp-block-image\"><img decoding=\"async\" src=\"https:\/\/storage.pogled.ba\/images\/baca\/0461\/217496\/original\/8-2021-11-08-08-06-23-INST.jpeg\" alt=\"\"\/><\/figure>\n\n\n\n<p>Izvor:vecernji.hr<\/p>\n","protected":false},"excerpt":{"rendered":"<p>Opciju blokiraj na Instagramu iskoristila je i glumica Marijana Mikuli\u0107 nakon \u0161to je u svoj inbox od jedne korisnice dobila zbilja ru\u017enu poruku. Na svom Instagram storyju podijelila je sadr\u017eaj poruka koje je dobila od jedne pratiteljice koja joj je ve\u0107 ranije prigovorila jer nosi jeans, a sada joj problem predstavlja Marijanino podrijetlo. U poruci [&hellip;]<\/p>\n","protected":false},"author":2,"featured_media":86485,"comment_status":"closed","ping_status":"closed","sticky":false,"template":"","format":"standard","meta":{"h5ap_radio_sources":[],"footnotes":""},"categories":[1],"tags":[],"class_list":["post-86484","post","type-post","status-publish","format-standard","has-post-thumbnail","hentry","category-bihiregija"],"yoast_head":"<!-- This site is optimized with the Yoast SEO plugin v27.5 - https:\/\/yoast.com\/product\/yoast-seo-wordpress\/ -->\n<title>Marijana Mikuli\u0107 dobila poruku na Instagramu: Vi, Hercegovci.... - RADIO LJUBU\u0160KI<\/title>\n<meta name=\"robots\" content=\"index, follow, max-snippet:-1, max-image-preview:large, max-video-preview:-1\" \/>\n<link rel=\"canonical\" href=\"https:\/\/radioljubuski.ba\/index.php\/2021\/11\/08\/marijana-mikulic-dobila-poruku-na-instagramu-vi-hercegovci\/\" \/>\n<meta property=\"og:locale\" content=\"hr_HR\" \/>\n<meta property=\"og:type\" content=\"article\" \/>\n<meta property=\"og:title\" content=\"Marijana Mikuli\u0107 dobila poruku na Instagramu: Vi, Hercegovci.... - RADIO LJUBU\u0160KI\" \/>\n<meta property=\"og:description\" content=\"Opciju blokiraj na Instagramu iskoristila je i glumica Marijana Mikuli\u0107 nakon \u0161to je u svoj inbox od jedne korisnice dobila zbilja ru\u017enu poruku. Na svom Instagram storyju podijelila je sadr\u017eaj poruka koje je dobila od jedne pratiteljice koja joj je ve\u0107 ranije prigovorila jer nosi jeans, a sada joj problem predstavlja Marijanino podrijetlo. U poruci [&hellip;]\" \/>\n<meta property=\"og:url\" content=\"https:\/\/radioljubuski.ba\/index.php\/2021\/11\/08\/marijana-mikulic-dobila-poruku-na-instagramu-vi-hercegovci\/\" \/>\n<meta property=\"og:site_name\" content=\"RADIO LJUBU\u0160KI\" \/>\n<meta property=\"article:publisher\" content=\"https:\/\/www.facebook.com\/Radiio-Ljubuski-1490835324566332\" \/>\n<meta property=\"article:published_time\" content=\"2021-11-08T09:10:31+00:00\" \/>\n<meta property=\"og:image\" content=\"https:\/\/radioljubuski.ba\/wp-content\/uploads\/2021\/11\/mikulic.png\" \/>\n\t<meta property=\"og:image:width\" content=\"1000\" \/>\n\t<meta property=\"og:image:height\" content=\"625\" \/>\n\t<meta property=\"og:image:type\" content=\"image\/png\" \/>\n<meta name=\"author\" content=\"Radio Ljubu\u0161ki\" \/>\n<meta name=\"twitter:card\" content=\"summary_large_image\" \/>\n<meta name=\"twitter:creator\" content=\"@radioljubuski\" \/>\n<meta name=\"twitter:site\" content=\"@radioljubuski\" \/>\n<meta name=\"twitter:label1\" content=\"Napisao\/la\" \/>\n\t<meta name=\"twitter:data1\" content=\"Radio Ljubu\u0161ki\" \/>\n\t<meta name=\"twitter:label2\" content=\"Procijenjeno vrijeme \u010ditanja\" \/>\n\t<meta name=\"twitter:data2\" content=\"1 minuta\" \/>\n<script type=\"application\/ld+json\" class=\"yoast-schema-graph\">{\"@context\":\"https:\\\/\\\/schema.org\",\"@graph\":[{\"@type\":\"Article\",\"@id\":\"https:\\\/\\\/radioljubuski.ba\\\/index.php\\\/2021\\\/11\\\/08\\\/marijana-mikulic-dobila-poruku-na-instagramu-vi-hercegovci\\\/#article\",\"isPartOf\":{\"@id\":\"https:\\\/\\\/radioljubuski.ba\\\/index.php\\\/2021\\\/11\\\/08\\\/marijana-mikulic-dobila-poruku-na-instagramu-vi-hercegovci\\\/\"},\"author\":{\"name\":\"Radio Ljubu\u0161ki\",\"@id\":\"https:\\\/\\\/radioljubuski.ba\\\/#\\\/schema\\\/person\\\/19fc700381a780f69665d7956c469e3b\"},\"headline\":\"Marijana Mikuli\u0107 dobila poruku na Instagramu: Vi, Hercegovci&#8230;.\",\"datePublished\":\"2021-11-08T09:10:31+00:00\",\"mainEntityOfPage\":{\"@id\":\"https:\\\/\\\/radioljubuski.ba\\\/index.php\\\/2021\\\/11\\\/08\\\/marijana-mikulic-dobila-poruku-na-instagramu-vi-hercegovci\\\/\"},\"wordCount\":192,\"publisher\":{\"@id\":\"https:\\\/\\\/radioljubuski.ba\\\/#organization\"},\"image\":{\"@id\":\"https:\\\/\\\/radioljubuski.ba\\\/index.php\\\/2021\\\/11\\\/08\\\/marijana-mikulic-dobila-poruku-na-instagramu-vi-hercegovci\\\/#primaryimage\"},\"thumbnailUrl\":\"https:\\\/\\\/radioljubuski.ba\\\/wp-content\\\/uploads\\\/2021\\\/11\\\/mikulic.png\",\"articleSection\":[\"BIH i regija\"],\"inLanguage\":\"hr\"},{\"@type\":\"WebPage\",\"@id\":\"https:\\\/\\\/radioljubuski.ba\\\/index.php\\\/2021\\\/11\\\/08\\\/marijana-mikulic-dobila-poruku-na-instagramu-vi-hercegovci\\\/\",\"url\":\"https:\\\/\\\/radioljubuski.ba\\\/index.php\\\/2021\\\/11\\\/08\\\/marijana-mikulic-dobila-poruku-na-instagramu-vi-hercegovci\\\/\",\"name\":\"Marijana Mikuli\u0107 dobila poruku na Instagramu: Vi, Hercegovci.... - RADIO LJUBU\u0160KI\",\"isPartOf\":{\"@id\":\"https:\\\/\\\/radioljubuski.ba\\\/#website\"},\"primaryImageOfPage\":{\"@id\":\"https:\\\/\\\/radioljubuski.ba\\\/index.php\\\/2021\\\/11\\\/08\\\/marijana-mikulic-dobila-poruku-na-instagramu-vi-hercegovci\\\/#primaryimage\"},\"image\":{\"@id\":\"https:\\\/\\\/radioljubuski.ba\\\/index.php\\\/2021\\\/11\\\/08\\\/marijana-mikulic-dobila-poruku-na-instagramu-vi-hercegovci\\\/#primaryimage\"},\"thumbnailUrl\":\"https:\\\/\\\/radioljubuski.ba\\\/wp-content\\\/uploads\\\/2021\\\/11\\\/mikulic.png\",\"datePublished\":\"2021-11-08T09:10:31+00:00\",\"breadcrumb\":{\"@id\":\"https:\\\/\\\/radioljubuski.ba\\\/index.php\\\/2021\\\/11\\\/08\\\/marijana-mikulic-dobila-poruku-na-instagramu-vi-hercegovci\\\/#breadcrumb\"},\"inLanguage\":\"hr\",\"potentialAction\":[{\"@type\":\"ReadAction\",\"target\":[\"https:\\\/\\\/radioljubuski.ba\\\/index.php\\\/2021\\\/11\\\/08\\\/marijana-mikulic-dobila-poruku-na-instagramu-vi-hercegovci\\\/\"]}]},{\"@type\":\"ImageObject\",\"inLanguage\":\"hr\",\"@id\":\"https:\\\/\\\/radioljubuski.ba\\\/index.php\\\/2021\\\/11\\\/08\\\/marijana-mikulic-dobila-poruku-na-instagramu-vi-hercegovci\\\/#primaryimage\",\"url\":\"https:\\\/\\\/radioljubuski.ba\\\/wp-content\\\/uploads\\\/2021\\\/11\\\/mikulic.png\",\"contentUrl\":\"https:\\\/\\\/radioljubuski.ba\\\/wp-content\\\/uploads\\\/2021\\\/11\\\/mikulic.png\",\"width\":1000,\"height\":625},{\"@type\":\"BreadcrumbList\",\"@id\":\"https:\\\/\\\/radioljubuski.ba\\\/index.php\\\/2021\\\/11\\\/08\\\/marijana-mikulic-dobila-poruku-na-instagramu-vi-hercegovci\\\/#breadcrumb\",\"itemListElement\":[{\"@type\":\"ListItem\",\"position\":1,\"name\":\"Po\u010detna stranica\",\"item\":\"https:\\\/\\\/radioljubuski.ba\\\/\"},{\"@type\":\"ListItem\",\"position\":2,\"name\":\"Marijana Mikuli\u0107 dobila poruku na Instagramu: Vi, Hercegovci&#8230;.\"}]},{\"@type\":\"WebSite\",\"@id\":\"https:\\\/\\\/radioljubuski.ba\\\/#website\",\"url\":\"https:\\\/\\\/radioljubuski.ba\\\/\",\"name\":\"Radio Ljubu\u0161ki\",\"description\":\"Sun\u010dana frekvencija Hercegovine\",\"publisher\":{\"@id\":\"https:\\\/\\\/radioljubuski.ba\\\/#organization\"},\"potentialAction\":[{\"@type\":\"SearchAction\",\"target\":{\"@type\":\"EntryPoint\",\"urlTemplate\":\"https:\\\/\\\/radioljubuski.ba\\\/?s={search_term_string}\"},\"query-input\":{\"@type\":\"PropertyValueSpecification\",\"valueRequired\":true,\"valueName\":\"search_term_string\"}}],\"inLanguage\":\"hr\"},{\"@type\":\"Organization\",\"@id\":\"https:\\\/\\\/radioljubuski.ba\\\/#organization\",\"name\":\"Radio Ljubu\u0161ki\",\"url\":\"https:\\\/\\\/radioljubuski.ba\\\/\",\"logo\":{\"@type\":\"ImageObject\",\"inLanguage\":\"hr\",\"@id\":\"https:\\\/\\\/radioljubuski.ba\\\/#\\\/schema\\\/logo\\\/image\\\/\",\"url\":\"https:\\\/\\\/radioljubuski.ba\\\/wp-content\\\/uploads\\\/2021\\\/02\\\/cropped-Radio_Ljubuski_logo1.jpg\",\"contentUrl\":\"https:\\\/\\\/radioljubuski.ba\\\/wp-content\\\/uploads\\\/2021\\\/02\\\/cropped-Radio_Ljubuski_logo1.jpg\",\"width\":512,\"height\":512,\"caption\":\"Radio Ljubu\u0161ki\"},\"image\":{\"@id\":\"https:\\\/\\\/radioljubuski.ba\\\/#\\\/schema\\\/logo\\\/image\\\/\"},\"sameAs\":[\"https:\\\/\\\/www.facebook.com\\\/Radiio-Ljubuski-1490835324566332\",\"https:\\\/\\\/x.com\\\/radioljubuski\",\"https:\\\/\\\/hr.linkedin.com\\\/company\\\/radio-ljubuski\",\"https:\\\/\\\/www.youtube.com\\\/channel\\\/UCHYaeO_n0Db3tjNGudGpXyw\"]},{\"@type\":\"Person\",\"@id\":\"https:\\\/\\\/radioljubuski.ba\\\/#\\\/schema\\\/person\\\/19fc700381a780f69665d7956c469e3b\",\"name\":\"Radio Ljubu\u0161ki\"}]}<\/script>\n<!-- \/ Yoast SEO plugin. -->","yoast_head_json":{"title":"Marijana Mikuli\u0107 dobila poruku na Instagramu: Vi, Hercegovci.... - RADIO LJUBU\u0160KI","robots":{"index":"index","follow":"follow","max-snippet":"max-snippet:-1","max-image-preview":"max-image-preview:large","max-video-preview":"max-video-preview:-1"},"canonical":"https:\/\/radioljubuski.ba\/index.php\/2021\/11\/08\/marijana-mikulic-dobila-poruku-na-instagramu-vi-hercegovci\/","og_locale":"hr_HR","og_type":"article","og_title":"Marijana Mikuli\u0107 dobila poruku na Instagramu: Vi, Hercegovci.... - RADIO LJUBU\u0160KI","og_description":"Opciju blokiraj na Instagramu iskoristila je i glumica Marijana Mikuli\u0107 nakon \u0161to je u svoj inbox od jedne korisnice dobila zbilja ru\u017enu poruku. Na svom Instagram storyju podijelila je sadr\u017eaj poruka koje je dobila od jedne pratiteljice koja joj je ve\u0107 ranije prigovorila jer nosi jeans, a sada joj problem predstavlja Marijanino podrijetlo. U poruci [&hellip;]","og_url":"https:\/\/radioljubuski.ba\/index.php\/2021\/11\/08\/marijana-mikulic-dobila-poruku-na-instagramu-vi-hercegovci\/","og_site_name":"RADIO LJUBU\u0160KI","article_publisher":"https:\/\/www.facebook.com\/Radiio-Ljubuski-1490835324566332","article_published_time":"2021-11-08T09:10:31+00:00","og_image":[{"width":1000,"height":625,"url":"https:\/\/radioljubuski.ba\/wp-content\/uploads\/2021\/11\/mikulic.png","type":"image\/png"}],"author":"Radio Ljubu\u0161ki","twitter_card":"summary_large_image","twitter_creator":"@radioljubuski","twitter_site":"@radioljubuski","twitter_misc":{"Napisao\/la":"Radio Ljubu\u0161ki","Procijenjeno vrijeme \u010ditanja":"1 minuta"},"schema":{"@context":"https:\/\/schema.org","@graph":[{"@type":"Article","@id":"https:\/\/radioljubuski.ba\/index.php\/2021\/11\/08\/marijana-mikulic-dobila-poruku-na-instagramu-vi-hercegovci\/#article","isPartOf":{"@id":"https:\/\/radioljubuski.ba\/index.php\/2021\/11\/08\/marijana-mikulic-dobila-poruku-na-instagramu-vi-hercegovci\/"},"author":{"name":"Radio Ljubu\u0161ki","@id":"https:\/\/radioljubuski.ba\/#\/schema\/person\/19fc700381a780f69665d7956c469e3b"},"headline":"Marijana Mikuli\u0107 dobila poruku na Instagramu: Vi, Hercegovci&#8230;.","datePublished":"2021-11-08T09:10:31+00:00","mainEntityOfPage":{"@id":"https:\/\/radioljubuski.ba\/index.php\/2021\/11\/08\/marijana-mikulic-dobila-poruku-na-instagramu-vi-hercegovci\/"},"wordCount":192,"publisher":{"@id":"https:\/\/radioljubuski.ba\/#organization"},"image":{"@id":"https:\/\/radioljubuski.ba\/index.php\/2021\/11\/08\/marijana-mikulic-dobila-poruku-na-instagramu-vi-hercegovci\/#primaryimage"},"thumbnailUrl":"https:\/\/radioljubuski.ba\/wp-content\/uploads\/2021\/11\/mikulic.png","articleSection":["BIH i regija"],"inLanguage":"hr"},{"@type":"WebPage","@id":"https:\/\/radioljubuski.ba\/index.php\/2021\/11\/08\/marijana-mikulic-dobila-poruku-na-instagramu-vi-hercegovci\/","url":"https:\/\/radioljubuski.ba\/index.php\/2021\/11\/08\/marijana-mikulic-dobila-poruku-na-instagramu-vi-hercegovci\/","name":"Marijana Mikuli\u0107 dobila poruku na Instagramu: Vi, Hercegovci.... - RADIO LJUBU\u0160KI","isPartOf":{"@id":"https:\/\/radioljubuski.ba\/#website"},"primaryImageOfPage":{"@id":"https:\/\/radioljubuski.ba\/index.php\/2021\/11\/08\/marijana-mikulic-dobila-poruku-na-instagramu-vi-hercegovci\/#primaryimage"},"image":{"@id":"https:\/\/radioljubuski.ba\/index.php\/2021\/11\/08\/marijana-mikulic-dobila-poruku-na-instagramu-vi-hercegovci\/#primaryimage"},"thumbnailUrl":"https:\/\/radioljubuski.ba\/wp-content\/uploads\/2021\/11\/mikulic.png","datePublished":"2021-11-08T09:10:31+00:00","breadcrumb":{"@id":"https:\/\/radioljubuski.ba\/index.php\/2021\/11\/08\/marijana-mikulic-dobila-poruku-na-instagramu-vi-hercegovci\/#breadcrumb"},"inLanguage":"hr","potentialAction":[{"@type":"ReadAction","target":["https:\/\/radioljubuski.ba\/index.php\/2021\/11\/08\/marijana-mikulic-dobila-poruku-na-instagramu-vi-hercegovci\/"]}]},{"@type":"ImageObject","inLanguage":"hr","@id":"https:\/\/radioljubuski.ba\/index.php\/2021\/11\/08\/marijana-mikulic-dobila-poruku-na-instagramu-vi-hercegovci\/#primaryimage","url":"https:\/\/radioljubuski.ba\/wp-content\/uploads\/2021\/11\/mikulic.png","contentUrl":"https:\/\/radioljubuski.ba\/wp-content\/uploads\/2021\/11\/mikulic.png","width":1000,"height":625},{"@type":"BreadcrumbList","@id":"https:\/\/radioljubuski.ba\/index.php\/2021\/11\/08\/marijana-mikulic-dobila-poruku-na-instagramu-vi-hercegovci\/#breadcrumb","itemListElement":[{"@type":"ListItem","position":1,"name":"Po\u010detna stranica","item":"https:\/\/radioljubuski.ba\/"},{"@type":"ListItem","position":2,"name":"Marijana Mikuli\u0107 dobila poruku na Instagramu: Vi, Hercegovci&#8230;."}]},{"@type":"WebSite","@id":"https:\/\/radioljubuski.ba\/#website","url":"https:\/\/radioljubuski.ba\/","name":"Radio Ljubu\u0161ki","description":"Sun\u010dana frekvencija Hercegovine","publisher":{"@id":"https:\/\/radioljubuski.ba\/#organization"},"potentialAction":[{"@type":"SearchAction","target":{"@type":"EntryPoint","urlTemplate":"https:\/\/radioljubuski.ba\/?s={search_term_string}"},"query-input":{"@type":"PropertyValueSpecification","valueRequired":true,"valueName":"search_term_string"}}],"inLanguage":"hr"},{"@type":"Organization","@id":"https:\/\/radioljubuski.ba\/#organization","name":"Radio Ljubu\u0161ki","url":"https:\/\/radioljubuski.ba\/","logo":{"@type":"ImageObject","inLanguage":"hr","@id":"https:\/\/radioljubuski.ba\/#\/schema\/logo\/image\/","url":"https:\/\/radioljubuski.ba\/wp-content\/uploads\/2021\/02\/cropped-Radio_Ljubuski_logo1.jpg","contentUrl":"https:\/\/radioljubuski.ba\/wp-content\/uploads\/2021\/02\/cropped-Radio_Ljubuski_logo1.jpg","width":512,"height":512,"caption":"Radio Ljubu\u0161ki"},"image":{"@id":"https:\/\/radioljubuski.ba\/#\/schema\/logo\/image\/"},"sameAs":["https:\/\/www.facebook.com\/Radiio-Ljubuski-1490835324566332","https:\/\/x.com\/radioljubuski","https:\/\/hr.linkedin.com\/company\/radio-ljubuski","https:\/\/www.youtube.com\/channel\/UCHYaeO_n0Db3tjNGudGpXyw"]},{"@type":"Person","@id":"https:\/\/radioljubuski.ba\/#\/schema\/person\/19fc700381a780f69665d7956c469e3b","name":"Radio Ljubu\u0161ki"}]}},"_links":{"self":[{"href":"https:\/\/radioljubuski.ba\/index.php\/wp-json\/wp\/v2\/posts\/86484","targetHints":{"allow":["GET"]}}],"collection":[{"href":"https:\/\/radioljubuski.ba\/index.php\/wp-json\/wp\/v2\/posts"}],"about":[{"href":"https:\/\/radioljubuski.ba\/index.php\/wp-json\/wp\/v2\/types\/post"}],"author":[{"embeddable":true,"href":"https:\/\/radioljubuski.ba\/index.php\/wp-json\/wp\/v2\/users\/2"}],"replies":[{"embeddable":true,"href":"https:\/\/radioljubuski.ba\/index.php\/wp-json\/wp\/v2\/comments?post=86484"}],"version-history":[{"count":1,"href":"https:\/\/radioljubuski.ba\/index.php\/wp-json\/wp\/v2\/posts\/86484\/revisions"}],"predecessor-version":[{"id":86486,"href":"https:\/\/radioljubuski.ba\/index.php\/wp-json\/wp\/v2\/posts\/86484\/revisions\/86486"}],"wp:featuredmedia":[{"embeddable":true,"href":"https:\/\/radioljubuski.ba\/index.php\/wp-json\/wp\/v2\/media\/86485"}],"wp:attachment":[{"href":"https:\/\/radioljubuski.ba\/index.php\/wp-json\/wp\/v2\/media?parent=86484"}],"wp:term":[{"taxonomy":"category","embeddable":true,"href":"https:\/\/radioljubuski.ba\/index.php\/wp-json\/wp\/v2\/categories?post=86484"},{"taxonomy":"post_tag","embeddable":true,"href":"https:\/\/radioljubuski.ba\/index.php\/wp-json\/wp\/v2\/tags?post=86484"}],"curies":[{"name":"wp","href":"https:\/\/api.w.org\/{rel}","templated":true}]}}