{"id":86490,"date":"2021-11-08T10:15:09","date_gmt":"2021-11-08T09:15:09","guid":{"rendered":"https:\/\/radioljubuski.ba\/?p=86490"},"modified":"2021-11-08T10:15:11","modified_gmt":"2021-11-08T09:15:11","slug":"capljina-iz-suhozida-izvukli-vw-kombi-koji-je-tu-stajao-50-godina-video","status":"publish","type":"post","link":"https:\/\/radioljubuski.ba\/index.php\/2021\/11\/08\/capljina-iz-suhozida-izvukli-vw-kombi-koji-je-tu-stajao-50-godina-video\/","title":{"rendered":"\u010capljina: Iz suhozida izvukli VW kombi koji je tu stajao 50 godina &#8211; video"},"content":{"rendered":"\n<p>Volkswagen T1 u suhozidu u Opli\u010di\u0107ima (\u010capljina) stajao je 50 godina. No, nedavno ga je skupina entuzijasta izvukla i planira mu udahnuti novi \u017eivot.<\/p>\n\n\n\n<p><strong>Prenosimo opis objavljen na Youtubeu kako je protekla cijela akcija:<\/strong><\/p>\n\n\n\n<p>\u201dNestrpljenu i \u010dekaju do\u0161ao je kraj, danima se spremao alat i sve potrebno za akciju izvla\u010denja kombija Volkswagen T1 koji je uz suhozid u Opli\u010di\u0107ima po provobitnom saznanju propadao 30 godina, a kasnije \u0107emo saznati da je broj tih godina puno ve\u0107i.<\/p>\n\n\n\n<p>Moj zadatak bio je da kvalitetno snimim ovaj za na\u0161 \u017eivot bitan doga\u0111aj, a ekspediciji se pridru\u017eio veliki zaljubljenik starih Volkswagena Nihad Halilbegovi\u0107 Hony iz Gra\u010danice, koji je svakako svojim znanjem i vje\u0161tinom bio od velike pomo\u0107i.<\/p>\n\n\n\n<p>Moralo se krenuti \u0161to ranije prema \u010capljini, da bi posao izvla\u010denja kombija bio u\u010dinkovit i brz. Valter se probudio u 23:59, sjeo u automobil i odvezao se do Gra\u010danice gdje ga je \u010dekao upravo Hony, oko 2:10 je zaka\u010dio prikolicu i bio ispred moje ku\u0107e, gdje sam ga ve\u0107 \u010dekao budan i radostan.<\/p>\n\n\n\n<p>Krenuli smo okovani gustom maglom koja je svakim novim kilometrom nestajala, cesta kao da je rezervirana za nas, rijetko smo se s nekim mimoilazili, a onako sneni prvu kavu popili smo upravo u Olovu, u vrijeme kada \u201epo\u0161ten\u201c svijet uglavnom spava, bilo je to u subotu oko 3:20, a ljudi koje znam uglavnom se subotom bude oko 9 sati, ali eto \u2026 nismo svi isti, jer kao \u0161to ve\u0107 rekoh u ranijem tekstu, zov avanture ja\u010di je od svega i zbog njega morate imati neuredan san.<\/p>\n\n\n\n<p>Ni\u017eu se tuneli, a mrak se ne sklanja, dolazimo u Mostar u 6:30, a tu nam je doru\u010dak. \u010cekaju\u0107i da sirnica bude gotova otr\u010dao sam dva kruga kroz Bi\u0161\u0107e Polje, i tako se kona\u010dno razbudio, nakon toga doru\u010dak je bio slasniji.<\/p>\n\n\n\n<p>Sjedamo u auto i nastavljamo prema \u010capljini i vrlo brzo sti\u017eemo u Opli\u010di\u0107e i zaustavljamo se pored table na kojoj je ispisan naziv ovog nama bitnog mjesta. Svanulo je, i sa prikolicom se provla\u010dimo uskim puteljkom i sti\u017eemo tik do vo\u0107njaka povrh sela u kojem spava kombi star preko 60 godina.<\/p>\n\n\n\n<p>Brzo se vadi alat za izvla\u010denje i prvo se pristupa istovaru drveta, vre\u0107a i \u017eice koje su se nalazile u kombiju. Polako se odi\u017ee zadnji kraj, zatim prednji i na kombi se montiraju to\u010dkovi koje smo ponijeli.<\/p>\n\n\n\n<p>Radilo se bez pauze, a ja sam ipak na trenutke poku\u0161ao da uhvatim ljepotu hercegova\u010dkog krajolika. Jutro se protezalo na prste, posao je napredovao i uskoro je kombi bio na novim to\u010dkovima. Za divno \u010dudo, volan je funkcionirao te je manevriranje kombijem bilo olak\u0161ano.<\/p>\n\n\n\n<p>Okrenuli smo prikolicu, te je pomjerili na mjesto na kojem je puteljak naj\u0161iri, u guranju kombija, odnosno njegovom odr\u017eavanju niz liticu pomogao nam je i prodava\u010d Smajo.<\/p>\n\n\n\n<p>Zakoni fizike i kombi bez ko\u010dnica u jednom momentu su sklopili pakt, pa je na\u0161 Hony koji je bio za upravlja\u010dem morao da se odlu\u010di za prinudno zaustavljanje karoserije koja se trese. Kombi se brzo \u201epopeo\u201c na prikolicu, pri\u010dv\u0161\u0107en je, i onda je lagano krenuo na svoje putovanje dugo 250 km.<\/p>\n\n\n\n<p>Iz Opli\u010di\u0107a je ispra\u0107en pogledima i komentarima mje\u0161tana kako su se ve\u0107 odavno na njega navikli i da im je bio poput orjentira.<\/p>\n\n\n\n<iframe loading=\"lazy\" title=\"Izvla\u010denje kombija Volkswagen T1 u \u010capljini\" width=\"640\" height=\"360\" src=\"https:\/\/www.youtube.com\/embed\/LpYVIowus3o?feature=oembed\" frameborder=\"0\" allow=\"accelerometer; autoplay; clipboard-write; encrypted-media; gyroscope; picture-in-picture; web-share\" referrerpolicy=\"strict-origin-when-cross-origin\" allowfullscreen><\/iframe>\n\n\n\n<p>Prvo pranje nakon 50 godina imao je u Domanovi\u0107ima i cijelim putovanjem je plijenio pa\u017enju, a posebno je lijepo izgledao pored smaragdne Neretve uz koju smo ru\u010dali. Kada smo ve\u0107 stigli u \u017divinice, i barem mrvicu odmorili, tek \u0161to smo skinuli kombi doznali smo ne\u0161to zanimljivo.<\/p>\n\n\n\n<p>Znao sam da je moj prijatelj Jasminko Razi\u0107 porijekom iz Hercegovine, ali da je ba\u0161 iz Opli\u010di\u0107a, e to zaista nisam znao. Iznena\u0111enje je postalo jo\u0161 ve\u0107e kada mi je rekao da je predmetni kombi bio u vlasni\u0161tvu njegovog amid\u017ee i da ga se on sje\u0107a dok je jo\u0161 bio u funkciji, a posebno da se u njemu igrao kao dje\u010dak od 12-13 godina kada je kombi ve\u0107 bio ostavljen u vo\u0107njaku i po\u010deo da slu\u017ei kao ostava za sve ono \u0161to je potrebno jednom doma\u0107inskom vo\u0107njaku.<\/p>\n\n\n\n<p>Dakle, kombi je uz suhozid bio cijelih 50 godina! Te je pola vijeka propadanja imalo svoje vidljive rezultate. Na\u017ealost na plo\u010dici koja postoji, nekim \u010dudom, nije utisnuta godina proizvodnje, ali po bravama, \u017emigavcima, branicima, zaklju\u010dujemo da se radi o 1959. ili 1960. godini.<\/p>\n\n\n\n<p>On je sad pod na\u0161im nebom, daleko od Hercegovine, gdje ga je dovela sudbina i na\u0161a volja. Sretni smo zbog toga \u0161to je on tu i \u0161to \u0107emo mu vremenom udahnuti \u017eivot, obnoviti ga i to \u0107e biti pravi pravcati dragulj, koji iza sebe ima zanimljivu povijest.<\/p>\n\n\n\n<p>Rekli bi neki starudija, a on je dragulj koji \u0107e vremenom zablistati, jer toliko je stvari koje drugi ne primijete, a mi ih gledamo s ljubavlju i \u017eeljom\u201d.<\/p>\n\n\n\n<iframe loading=\"lazy\" title=\"Ubrzani snimak izvla\u010denje kombija time lapse video VW T1\" width=\"640\" height=\"360\" src=\"https:\/\/www.youtube.com\/embed\/MraYdwuitM0?feature=oembed\" frameborder=\"0\" allow=\"accelerometer; autoplay; clipboard-write; encrypted-media; gyroscope; picture-in-picture; web-share\" referrerpolicy=\"strict-origin-when-cross-origin\" allowfullscreen><\/iframe>\n\n\n\n<p>Izvor.pogled.ba<\/p>\n","protected":false},"excerpt":{"rendered":"<p>Volkswagen T1 u suhozidu u Opli\u010di\u0107ima (\u010capljina) stajao je 50 godina. No, nedavno ga je skupina entuzijasta izvukla i planira mu udahnuti novi \u017eivot. Prenosimo opis objavljen na Youtubeu kako je protekla cijela akcija: \u201dNestrpljenu i \u010dekaju do\u0161ao je kraj, danima se spremao alat i sve potrebno za akciju izvla\u010denja kombija Volkswagen T1 koji je [&hellip;]<\/p>\n","protected":false},"author":2,"featured_media":86491,"comment_status":"closed","ping_status":"closed","sticky":false,"template":"","format":"standard","meta":{"h5ap_radio_sources":[],"footnotes":""},"categories":[1],"tags":[],"class_list":["post-86490","post","type-post","status-publish","format-standard","has-post-thumbnail","hentry","category-bihiregija"],"yoast_head":"<!-- This site is optimized with the Yoast SEO plugin v27.5 - https:\/\/yoast.com\/product\/yoast-seo-wordpress\/ -->\n<title>\u010capljina: Iz suhozida izvukli VW kombi koji je tu stajao 50 godina - video - RADIO LJUBU\u0160KI<\/title>\n<meta name=\"robots\" content=\"index, follow, max-snippet:-1, max-image-preview:large, max-video-preview:-1\" \/>\n<link rel=\"canonical\" href=\"https:\/\/radioljubuski.ba\/index.php\/2021\/11\/08\/capljina-iz-suhozida-izvukli-vw-kombi-koji-je-tu-stajao-50-godina-video\/\" \/>\n<meta property=\"og:locale\" content=\"hr_HR\" \/>\n<meta property=\"og:type\" content=\"article\" \/>\n<meta property=\"og:title\" content=\"\u010capljina: Iz suhozida izvukli VW kombi koji je tu stajao 50 godina - video - RADIO LJUBU\u0160KI\" \/>\n<meta property=\"og:description\" content=\"Volkswagen T1 u suhozidu u Opli\u010di\u0107ima (\u010capljina) stajao je 50 godina. No, nedavno ga je skupina entuzijasta izvukla i planira mu udahnuti novi \u017eivot. Prenosimo opis objavljen na Youtubeu kako je protekla cijela akcija: \u201dNestrpljenu i \u010dekaju do\u0161ao je kraj, danima se spremao alat i sve potrebno za akciju izvla\u010denja kombija Volkswagen T1 koji je [&hellip;]\" \/>\n<meta property=\"og:url\" content=\"https:\/\/radioljubuski.ba\/index.php\/2021\/11\/08\/capljina-iz-suhozida-izvukli-vw-kombi-koji-je-tu-stajao-50-godina-video\/\" \/>\n<meta property=\"og:site_name\" content=\"RADIO LJUBU\u0160KI\" \/>\n<meta property=\"article:publisher\" content=\"https:\/\/www.facebook.com\/Radiio-Ljubuski-1490835324566332\" \/>\n<meta property=\"article:published_time\" content=\"2021-11-08T09:15:09+00:00\" \/>\n<meta property=\"article:modified_time\" content=\"2021-11-08T09:15:11+00:00\" \/>\n<meta property=\"og:image\" content=\"https:\/\/radioljubuski.ba\/wp-content\/uploads\/2021\/11\/8-2021-11-08-08-37-25-KOMBI-SUHOZID.jpg\" \/>\n\t<meta property=\"og:image:width\" content=\"1000\" \/>\n\t<meta property=\"og:image:height\" content=\"625\" \/>\n\t<meta property=\"og:image:type\" content=\"image\/jpeg\" \/>\n<meta name=\"author\" content=\"Radio Ljubu\u0161ki\" \/>\n<meta name=\"twitter:card\" content=\"summary_large_image\" \/>\n<meta name=\"twitter:creator\" content=\"@radioljubuski\" \/>\n<meta name=\"twitter:site\" content=\"@radioljubuski\" \/>\n<meta name=\"twitter:label1\" content=\"Napisao\/la\" \/>\n\t<meta name=\"twitter:data1\" content=\"Radio Ljubu\u0161ki\" \/>\n\t<meta name=\"twitter:label2\" content=\"Procijenjeno vrijeme \u010ditanja\" \/>\n\t<meta name=\"twitter:data2\" content=\"4 minute\" \/>\n<script type=\"application\/ld+json\" class=\"yoast-schema-graph\">{\"@context\":\"https:\\\/\\\/schema.org\",\"@graph\":[{\"@type\":\"Article\",\"@id\":\"https:\\\/\\\/radioljubuski.ba\\\/index.php\\\/2021\\\/11\\\/08\\\/capljina-iz-suhozida-izvukli-vw-kombi-koji-je-tu-stajao-50-godina-video\\\/#article\",\"isPartOf\":{\"@id\":\"https:\\\/\\\/radioljubuski.ba\\\/index.php\\\/2021\\\/11\\\/08\\\/capljina-iz-suhozida-izvukli-vw-kombi-koji-je-tu-stajao-50-godina-video\\\/\"},\"author\":{\"name\":\"Radio Ljubu\u0161ki\",\"@id\":\"https:\\\/\\\/radioljubuski.ba\\\/#\\\/schema\\\/person\\\/19fc700381a780f69665d7956c469e3b\"},\"headline\":\"\u010capljina: Iz suhozida izvukli VW kombi koji je tu stajao 50 godina &#8211; video\",\"datePublished\":\"2021-11-08T09:15:09+00:00\",\"dateModified\":\"2021-11-08T09:15:11+00:00\",\"mainEntityOfPage\":{\"@id\":\"https:\\\/\\\/radioljubuski.ba\\\/index.php\\\/2021\\\/11\\\/08\\\/capljina-iz-suhozida-izvukli-vw-kombi-koji-je-tu-stajao-50-godina-video\\\/\"},\"wordCount\":867,\"publisher\":{\"@id\":\"https:\\\/\\\/radioljubuski.ba\\\/#organization\"},\"image\":{\"@id\":\"https:\\\/\\\/radioljubuski.ba\\\/index.php\\\/2021\\\/11\\\/08\\\/capljina-iz-suhozida-izvukli-vw-kombi-koji-je-tu-stajao-50-godina-video\\\/#primaryimage\"},\"thumbnailUrl\":\"https:\\\/\\\/radioljubuski.ba\\\/wp-content\\\/uploads\\\/2021\\\/11\\\/8-2021-11-08-08-37-25-KOMBI-SUHOZID.jpg\",\"articleSection\":[\"BIH i regija\"],\"inLanguage\":\"hr\"},{\"@type\":\"WebPage\",\"@id\":\"https:\\\/\\\/radioljubuski.ba\\\/index.php\\\/2021\\\/11\\\/08\\\/capljina-iz-suhozida-izvukli-vw-kombi-koji-je-tu-stajao-50-godina-video\\\/\",\"url\":\"https:\\\/\\\/radioljubuski.ba\\\/index.php\\\/2021\\\/11\\\/08\\\/capljina-iz-suhozida-izvukli-vw-kombi-koji-je-tu-stajao-50-godina-video\\\/\",\"name\":\"\u010capljina: Iz suhozida izvukli VW kombi koji je tu stajao 50 godina - video - RADIO LJUBU\u0160KI\",\"isPartOf\":{\"@id\":\"https:\\\/\\\/radioljubuski.ba\\\/#website\"},\"primaryImageOfPage\":{\"@id\":\"https:\\\/\\\/radioljubuski.ba\\\/index.php\\\/2021\\\/11\\\/08\\\/capljina-iz-suhozida-izvukli-vw-kombi-koji-je-tu-stajao-50-godina-video\\\/#primaryimage\"},\"image\":{\"@id\":\"https:\\\/\\\/radioljubuski.ba\\\/index.php\\\/2021\\\/11\\\/08\\\/capljina-iz-suhozida-izvukli-vw-kombi-koji-je-tu-stajao-50-godina-video\\\/#primaryimage\"},\"thumbnailUrl\":\"https:\\\/\\\/radioljubuski.ba\\\/wp-content\\\/uploads\\\/2021\\\/11\\\/8-2021-11-08-08-37-25-KOMBI-SUHOZID.jpg\",\"datePublished\":\"2021-11-08T09:15:09+00:00\",\"dateModified\":\"2021-11-08T09:15:11+00:00\",\"breadcrumb\":{\"@id\":\"https:\\\/\\\/radioljubuski.ba\\\/index.php\\\/2021\\\/11\\\/08\\\/capljina-iz-suhozida-izvukli-vw-kombi-koji-je-tu-stajao-50-godina-video\\\/#breadcrumb\"},\"inLanguage\":\"hr\",\"potentialAction\":[{\"@type\":\"ReadAction\",\"target\":[\"https:\\\/\\\/radioljubuski.ba\\\/index.php\\\/2021\\\/11\\\/08\\\/capljina-iz-suhozida-izvukli-vw-kombi-koji-je-tu-stajao-50-godina-video\\\/\"]}]},{\"@type\":\"ImageObject\",\"inLanguage\":\"hr\",\"@id\":\"https:\\\/\\\/radioljubuski.ba\\\/index.php\\\/2021\\\/11\\\/08\\\/capljina-iz-suhozida-izvukli-vw-kombi-koji-je-tu-stajao-50-godina-video\\\/#primaryimage\",\"url\":\"https:\\\/\\\/radioljubuski.ba\\\/wp-content\\\/uploads\\\/2021\\\/11\\\/8-2021-11-08-08-37-25-KOMBI-SUHOZID.jpg\",\"contentUrl\":\"https:\\\/\\\/radioljubuski.ba\\\/wp-content\\\/uploads\\\/2021\\\/11\\\/8-2021-11-08-08-37-25-KOMBI-SUHOZID.jpg\",\"width\":1000,\"height\":625},{\"@type\":\"BreadcrumbList\",\"@id\":\"https:\\\/\\\/radioljubuski.ba\\\/index.php\\\/2021\\\/11\\\/08\\\/capljina-iz-suhozida-izvukli-vw-kombi-koji-je-tu-stajao-50-godina-video\\\/#breadcrumb\",\"itemListElement\":[{\"@type\":\"ListItem\",\"position\":1,\"name\":\"Po\u010detna stranica\",\"item\":\"https:\\\/\\\/radioljubuski.ba\\\/\"},{\"@type\":\"ListItem\",\"position\":2,\"name\":\"\u010capljina: Iz suhozida izvukli VW kombi koji je tu stajao 50 godina &#8211; video\"}]},{\"@type\":\"WebSite\",\"@id\":\"https:\\\/\\\/radioljubuski.ba\\\/#website\",\"url\":\"https:\\\/\\\/radioljubuski.ba\\\/\",\"name\":\"Radio Ljubu\u0161ki\",\"description\":\"Sun\u010dana frekvencija Hercegovine\",\"publisher\":{\"@id\":\"https:\\\/\\\/radioljubuski.ba\\\/#organization\"},\"potentialAction\":[{\"@type\":\"SearchAction\",\"target\":{\"@type\":\"EntryPoint\",\"urlTemplate\":\"https:\\\/\\\/radioljubuski.ba\\\/?s={search_term_string}\"},\"query-input\":{\"@type\":\"PropertyValueSpecification\",\"valueRequired\":true,\"valueName\":\"search_term_string\"}}],\"inLanguage\":\"hr\"},{\"@type\":\"Organization\",\"@id\":\"https:\\\/\\\/radioljubuski.ba\\\/#organization\",\"name\":\"Radio Ljubu\u0161ki\",\"url\":\"https:\\\/\\\/radioljubuski.ba\\\/\",\"logo\":{\"@type\":\"ImageObject\",\"inLanguage\":\"hr\",\"@id\":\"https:\\\/\\\/radioljubuski.ba\\\/#\\\/schema\\\/logo\\\/image\\\/\",\"url\":\"https:\\\/\\\/radioljubuski.ba\\\/wp-content\\\/uploads\\\/2021\\\/02\\\/cropped-Radio_Ljubuski_logo1.jpg\",\"contentUrl\":\"https:\\\/\\\/radioljubuski.ba\\\/wp-content\\\/uploads\\\/2021\\\/02\\\/cropped-Radio_Ljubuski_logo1.jpg\",\"width\":512,\"height\":512,\"caption\":\"Radio Ljubu\u0161ki\"},\"image\":{\"@id\":\"https:\\\/\\\/radioljubuski.ba\\\/#\\\/schema\\\/logo\\\/image\\\/\"},\"sameAs\":[\"https:\\\/\\\/www.facebook.com\\\/Radiio-Ljubuski-1490835324566332\",\"https:\\\/\\\/x.com\\\/radioljubuski\",\"https:\\\/\\\/hr.linkedin.com\\\/company\\\/radio-ljubuski\",\"https:\\\/\\\/www.youtube.com\\\/channel\\\/UCHYaeO_n0Db3tjNGudGpXyw\"]},{\"@type\":\"Person\",\"@id\":\"https:\\\/\\\/radioljubuski.ba\\\/#\\\/schema\\\/person\\\/19fc700381a780f69665d7956c469e3b\",\"name\":\"Radio Ljubu\u0161ki\"}]}<\/script>\n<!-- \/ Yoast SEO plugin. -->","yoast_head_json":{"title":"\u010capljina: Iz suhozida izvukli VW kombi koji je tu stajao 50 godina - video - RADIO LJUBU\u0160KI","robots":{"index":"index","follow":"follow","max-snippet":"max-snippet:-1","max-image-preview":"max-image-preview:large","max-video-preview":"max-video-preview:-1"},"canonical":"https:\/\/radioljubuski.ba\/index.php\/2021\/11\/08\/capljina-iz-suhozida-izvukli-vw-kombi-koji-je-tu-stajao-50-godina-video\/","og_locale":"hr_HR","og_type":"article","og_title":"\u010capljina: Iz suhozida izvukli VW kombi koji je tu stajao 50 godina - video - RADIO LJUBU\u0160KI","og_description":"Volkswagen T1 u suhozidu u Opli\u010di\u0107ima (\u010capljina) stajao je 50 godina. No, nedavno ga je skupina entuzijasta izvukla i planira mu udahnuti novi \u017eivot. Prenosimo opis objavljen na Youtubeu kako je protekla cijela akcija: \u201dNestrpljenu i \u010dekaju do\u0161ao je kraj, danima se spremao alat i sve potrebno za akciju izvla\u010denja kombija Volkswagen T1 koji je [&hellip;]","og_url":"https:\/\/radioljubuski.ba\/index.php\/2021\/11\/08\/capljina-iz-suhozida-izvukli-vw-kombi-koji-je-tu-stajao-50-godina-video\/","og_site_name":"RADIO LJUBU\u0160KI","article_publisher":"https:\/\/www.facebook.com\/Radiio-Ljubuski-1490835324566332","article_published_time":"2021-11-08T09:15:09+00:00","article_modified_time":"2021-11-08T09:15:11+00:00","og_image":[{"width":1000,"height":625,"url":"https:\/\/radioljubuski.ba\/wp-content\/uploads\/2021\/11\/8-2021-11-08-08-37-25-KOMBI-SUHOZID.jpg","type":"image\/jpeg"}],"author":"Radio Ljubu\u0161ki","twitter_card":"summary_large_image","twitter_creator":"@radioljubuski","twitter_site":"@radioljubuski","twitter_misc":{"Napisao\/la":"Radio Ljubu\u0161ki","Procijenjeno vrijeme \u010ditanja":"4 minute"},"schema":{"@context":"https:\/\/schema.org","@graph":[{"@type":"Article","@id":"https:\/\/radioljubuski.ba\/index.php\/2021\/11\/08\/capljina-iz-suhozida-izvukli-vw-kombi-koji-je-tu-stajao-50-godina-video\/#article","isPartOf":{"@id":"https:\/\/radioljubuski.ba\/index.php\/2021\/11\/08\/capljina-iz-suhozida-izvukli-vw-kombi-koji-je-tu-stajao-50-godina-video\/"},"author":{"name":"Radio Ljubu\u0161ki","@id":"https:\/\/radioljubuski.ba\/#\/schema\/person\/19fc700381a780f69665d7956c469e3b"},"headline":"\u010capljina: Iz suhozida izvukli VW kombi koji je tu stajao 50 godina &#8211; video","datePublished":"2021-11-08T09:15:09+00:00","dateModified":"2021-11-08T09:15:11+00:00","mainEntityOfPage":{"@id":"https:\/\/radioljubuski.ba\/index.php\/2021\/11\/08\/capljina-iz-suhozida-izvukli-vw-kombi-koji-je-tu-stajao-50-godina-video\/"},"wordCount":867,"publisher":{"@id":"https:\/\/radioljubuski.ba\/#organization"},"image":{"@id":"https:\/\/radioljubuski.ba\/index.php\/2021\/11\/08\/capljina-iz-suhozida-izvukli-vw-kombi-koji-je-tu-stajao-50-godina-video\/#primaryimage"},"thumbnailUrl":"https:\/\/radioljubuski.ba\/wp-content\/uploads\/2021\/11\/8-2021-11-08-08-37-25-KOMBI-SUHOZID.jpg","articleSection":["BIH i regija"],"inLanguage":"hr"},{"@type":"WebPage","@id":"https:\/\/radioljubuski.ba\/index.php\/2021\/11\/08\/capljina-iz-suhozida-izvukli-vw-kombi-koji-je-tu-stajao-50-godina-video\/","url":"https:\/\/radioljubuski.ba\/index.php\/2021\/11\/08\/capljina-iz-suhozida-izvukli-vw-kombi-koji-je-tu-stajao-50-godina-video\/","name":"\u010capljina: Iz suhozida izvukli VW kombi koji je tu stajao 50 godina - video - RADIO LJUBU\u0160KI","isPartOf":{"@id":"https:\/\/radioljubuski.ba\/#website"},"primaryImageOfPage":{"@id":"https:\/\/radioljubuski.ba\/index.php\/2021\/11\/08\/capljina-iz-suhozida-izvukli-vw-kombi-koji-je-tu-stajao-50-godina-video\/#primaryimage"},"image":{"@id":"https:\/\/radioljubuski.ba\/index.php\/2021\/11\/08\/capljina-iz-suhozida-izvukli-vw-kombi-koji-je-tu-stajao-50-godina-video\/#primaryimage"},"thumbnailUrl":"https:\/\/radioljubuski.ba\/wp-content\/uploads\/2021\/11\/8-2021-11-08-08-37-25-KOMBI-SUHOZID.jpg","datePublished":"2021-11-08T09:15:09+00:00","dateModified":"2021-11-08T09:15:11+00:00","breadcrumb":{"@id":"https:\/\/radioljubuski.ba\/index.php\/2021\/11\/08\/capljina-iz-suhozida-izvukli-vw-kombi-koji-je-tu-stajao-50-godina-video\/#breadcrumb"},"inLanguage":"hr","potentialAction":[{"@type":"ReadAction","target":["https:\/\/radioljubuski.ba\/index.php\/2021\/11\/08\/capljina-iz-suhozida-izvukli-vw-kombi-koji-je-tu-stajao-50-godina-video\/"]}]},{"@type":"ImageObject","inLanguage":"hr","@id":"https:\/\/radioljubuski.ba\/index.php\/2021\/11\/08\/capljina-iz-suhozida-izvukli-vw-kombi-koji-je-tu-stajao-50-godina-video\/#primaryimage","url":"https:\/\/radioljubuski.ba\/wp-content\/uploads\/2021\/11\/8-2021-11-08-08-37-25-KOMBI-SUHOZID.jpg","contentUrl":"https:\/\/radioljubuski.ba\/wp-content\/uploads\/2021\/11\/8-2021-11-08-08-37-25-KOMBI-SUHOZID.jpg","width":1000,"height":625},{"@type":"BreadcrumbList","@id":"https:\/\/radioljubuski.ba\/index.php\/2021\/11\/08\/capljina-iz-suhozida-izvukli-vw-kombi-koji-je-tu-stajao-50-godina-video\/#breadcrumb","itemListElement":[{"@type":"ListItem","position":1,"name":"Po\u010detna stranica","item":"https:\/\/radioljubuski.ba\/"},{"@type":"ListItem","position":2,"name":"\u010capljina: Iz suhozida izvukli VW kombi koji je tu stajao 50 godina &#8211; video"}]},{"@type":"WebSite","@id":"https:\/\/radioljubuski.ba\/#website","url":"https:\/\/radioljubuski.ba\/","name":"Radio Ljubu\u0161ki","description":"Sun\u010dana frekvencija Hercegovine","publisher":{"@id":"https:\/\/radioljubuski.ba\/#organization"},"potentialAction":[{"@type":"SearchAction","target":{"@type":"EntryPoint","urlTemplate":"https:\/\/radioljubuski.ba\/?s={search_term_string}"},"query-input":{"@type":"PropertyValueSpecification","valueRequired":true,"valueName":"search_term_string"}}],"inLanguage":"hr"},{"@type":"Organization","@id":"https:\/\/radioljubuski.ba\/#organization","name":"Radio Ljubu\u0161ki","url":"https:\/\/radioljubuski.ba\/","logo":{"@type":"ImageObject","inLanguage":"hr","@id":"https:\/\/radioljubuski.ba\/#\/schema\/logo\/image\/","url":"https:\/\/radioljubuski.ba\/wp-content\/uploads\/2021\/02\/cropped-Radio_Ljubuski_logo1.jpg","contentUrl":"https:\/\/radioljubuski.ba\/wp-content\/uploads\/2021\/02\/cropped-Radio_Ljubuski_logo1.jpg","width":512,"height":512,"caption":"Radio Ljubu\u0161ki"},"image":{"@id":"https:\/\/radioljubuski.ba\/#\/schema\/logo\/image\/"},"sameAs":["https:\/\/www.facebook.com\/Radiio-Ljubuski-1490835324566332","https:\/\/x.com\/radioljubuski","https:\/\/hr.linkedin.com\/company\/radio-ljubuski","https:\/\/www.youtube.com\/channel\/UCHYaeO_n0Db3tjNGudGpXyw"]},{"@type":"Person","@id":"https:\/\/radioljubuski.ba\/#\/schema\/person\/19fc700381a780f69665d7956c469e3b","name":"Radio Ljubu\u0161ki"}]}},"_links":{"self":[{"href":"https:\/\/radioljubuski.ba\/index.php\/wp-json\/wp\/v2\/posts\/86490","targetHints":{"allow":["GET"]}}],"collection":[{"href":"https:\/\/radioljubuski.ba\/index.php\/wp-json\/wp\/v2\/posts"}],"about":[{"href":"https:\/\/radioljubuski.ba\/index.php\/wp-json\/wp\/v2\/types\/post"}],"author":[{"embeddable":true,"href":"https:\/\/radioljubuski.ba\/index.php\/wp-json\/wp\/v2\/users\/2"}],"replies":[{"embeddable":true,"href":"https:\/\/radioljubuski.ba\/index.php\/wp-json\/wp\/v2\/comments?post=86490"}],"version-history":[{"count":1,"href":"https:\/\/radioljubuski.ba\/index.php\/wp-json\/wp\/v2\/posts\/86490\/revisions"}],"predecessor-version":[{"id":86492,"href":"https:\/\/radioljubuski.ba\/index.php\/wp-json\/wp\/v2\/posts\/86490\/revisions\/86492"}],"wp:featuredmedia":[{"embeddable":true,"href":"https:\/\/radioljubuski.ba\/index.php\/wp-json\/wp\/v2\/media\/86491"}],"wp:attachment":[{"href":"https:\/\/radioljubuski.ba\/index.php\/wp-json\/wp\/v2\/media?parent=86490"}],"wp:term":[{"taxonomy":"category","embeddable":true,"href":"https:\/\/radioljubuski.ba\/index.php\/wp-json\/wp\/v2\/categories?post=86490"},{"taxonomy":"post_tag","embeddable":true,"href":"https:\/\/radioljubuski.ba\/index.php\/wp-json\/wp\/v2\/tags?post=86490"}],"curies":[{"name":"wp","href":"https:\/\/api.w.org\/{rel}","templated":true}]}}