{"id":86493,"date":"2021-11-08T10:16:59","date_gmt":"2021-11-08T09:16:59","guid":{"rendered":"https:\/\/radioljubuski.ba\/?p=86493"},"modified":"2021-11-08T10:17:00","modified_gmt":"2021-11-08T09:17:00","slug":"vrtoglavo-ce-rasti-cijene-bezalkoholnih-pica-i-vode","status":"publish","type":"post","link":"https:\/\/radioljubuski.ba\/index.php\/2021\/11\/08\/vrtoglavo-ce-rasti-cijene-bezalkoholnih-pica-i-vode\/","title":{"rendered":"Vrtoglavo \u0107e rasti cijene bezalkoholnih pi\u0107a i vode"},"content":{"rendered":"\n<p>Prekomjeran uvoz vode i drugih bezalkoholnih pi\u0107a u BiH, skok cijena sirovina i energenata za proizvodnju, kao i pro\u0161logodi\u0161nja zatvaranja sektora ugostiteljstva i hotelijerstva uslijed pandemije virusa korona samo su neki od problema proizvo\u0111a\u010da ovih pi\u0107a, zbog \u010dega \u0107e do\u0107i do vrtoglavog rasta cijena ovih proizvoda u BiH.<\/p>\n\n\n\n<p>Na ove probleme upozorili su u petak na sjednici Grupacije proizvo\u0111a\u010da bezalkoholnih pi\u0107a i vode pri Vanjsotrgovinskoj komori BiH, kojoj su prisustvovale vode\u0107e kompanije iz ove oblasti industrije, a \u010dija je osnovna djelatnost proizvodnja bezalkoholnih pi\u0107a i vode.<\/p>\n\n\n\n<p>Na sjednici ove grupacije razgovarano je o Nacrtu novog Zakona o PDV-u, priop\u0107ili su u Vanjskotrgovinskoj komori BiH, a kako su za &#8220;Nezavisne novine&#8221; poru\u010dili iz kompanija koje se bave ovom vrstom proizvodnje, zbog problema s kojima se oni suo\u010davaju, a to su u prvom redu visoke cijene sirovina i ambala\u017ee, bit \u0107e prinu\u0111eni podi\u0107i i cijene svojih proizvoda.<\/p>\n\n\n\n<p>\u010clanovi ove grupacije su predstavili svoju analizu sektora proizvodnje i prodaje bezalkoholnih pi\u0107a, vode i vo\u0107nih sokova u BiH, a diskutirali su i o prijedlozima realnog sektora u pravcu pobolj\u0161anja poslovnog ambijenta i rastere\u0107enja gospodarstva u oblasti neizravnih poreza.<\/p>\n\n\n\n<p>Marinko Doki\u0107, komercijalni direktor kompanije &#8220;Spektar drink&#8221;, kazao je za &#8220;<a href=\"https:\/\/www.nezavisne.com\/ekonomija\/trziste\/Vrtoglavo-ce-rasti-cijene-bezalkoholnih-pica-i-vode\/690249\" target=\"_blank\" rel=\"noreferrer noopener\">Nezavisne novine<\/a>&#8221; da mo\u017eda i najve\u0107i problem proizvo\u0111a\u010dima ovih napitaka trenutno predstavlja opskrba sirovinama.<\/p>\n\n\n\n<p>&#8220;Sirovine su skuplje tri puta, svi lanci opskrbe su poreme\u0107eni, a cijena ambala\u017ee je tako\u0111er porasla&#8221;, rekao je Doki\u0107, isti\u010du\u0107i da im skoro svaki dan dobavlja\u010d podi\u017ee cijene, zbog \u010dega \u0107e uzro\u010dno-posljedi\u010dno do\u0107i i do poskupljenja njihovih proizvoda.<\/p>\n\n\n\n<p>&#8220;Dobavlja\u010di nam \u010dak ne mogu garantirati ni za neophodne koli\u010dine sirovina&#8221;, kazao je Doki\u0107.<\/p>\n\n\n\n<p>Naveo je da \u0107e zbog svega toga u ovoj grupaciji do\u0107i do vrtoglavog rasta cijena bezalkoholnih pi\u0107a i vode.<\/p>\n\n\n\n<p>Dodao je da su problemi u vezi s akcizama na ove proizvode, kao i problem prekomjernog uvoza, ne\u0161to sa \u010dime se ovi proizvo\u0111a\u010di suo\u010davaju ve\u0107 desetak godina, te ne predstavljaju ni\u0161ta novo.<\/p>\n\n\n\n<p>Kako su u Upravi za neizravno oporezivanje BiH (UNO BiH) naveli za &#8220;Nezavisne novine&#8221;, u prvih devet mjeseci ove godine u BiH su uvezena 40.993.563 kilograma vode, kao i gaziranih sokova, u iznosu od 20.085.860 KM.<\/p>\n\n\n\n<p>Prema podacima Uprave za neizravno oporezivanje BiH, u istom periodu ove godine izvezeno je tek 22.550.086 kilograma istih proizvoda, od \u010dega su doma\u0107i proizvo\u0111a\u010di vode i bezalkoholnih napitaka zaradili 4.350.632 KM, \u0161to je za vi\u0161e od 15 milijuna KM manje od cijene uvezene robe.<\/p>\n\n\n\n<p>Kada je rije\u010d o pro\u0161loj godini, u BiH je u prvih devet mjeseci uvezeno 35.378.628 kilograma ovih pi\u0107a, i to u iznosu od 16.405.824 KM.<\/p>\n\n\n\n<p>&#8220;U istom periodu lani iz BiH je izvezeno 28.560.519 kilograma ovih napitaka, i to u iznosu od 3.643.083 KM&#8221;, naveli su u Upravi za neizravno oporezivanje BiH.<\/p>\n\n\n\n<p>Prema podacima UNO BiH, bezalkoholna pi\u0107a i voda u BiH se najvi\u0161e uvoze iz Srbije, Hrvatske i Slovenije, dok se ovi proizvodi iz BiH najvi\u0161e izvoze u Hrvatsku, Crnu Goru i Srbiju.<\/p>\n\n\n\n<p>Izvor:pogled.ba<\/p>\n","protected":false},"excerpt":{"rendered":"<p>Prekomjeran uvoz vode i drugih bezalkoholnih pi\u0107a u BiH, skok cijena sirovina i energenata za proizvodnju, kao i pro\u0161logodi\u0161nja zatvaranja sektora ugostiteljstva i hotelijerstva uslijed pandemije virusa korona samo su neki od problema proizvo\u0111a\u010da ovih pi\u0107a, zbog \u010dega \u0107e do\u0107i do vrtoglavog rasta cijena ovih proizvoda u BiH. Na ove probleme upozorili su u petak [&hellip;]<\/p>\n","protected":false},"author":2,"featured_media":56875,"comment_status":"closed","ping_status":"closed","sticky":false,"template":"","format":"standard","meta":{"h5ap_radio_sources":[],"footnotes":""},"categories":[1],"tags":[],"class_list":["post-86493","post","type-post","status-publish","format-standard","has-post-thumbnail","hentry","category-bihiregija"],"yoast_head":"<!-- This site is optimized with the Yoast SEO plugin v27.5 - https:\/\/yoast.com\/product\/yoast-seo-wordpress\/ -->\n<title>Vrtoglavo \u0107e rasti cijene bezalkoholnih pi\u0107a i vode - RADIO LJUBU\u0160KI<\/title>\n<meta name=\"robots\" content=\"index, follow, max-snippet:-1, max-image-preview:large, max-video-preview:-1\" \/>\n<link rel=\"canonical\" href=\"https:\/\/radioljubuski.ba\/index.php\/2021\/11\/08\/vrtoglavo-ce-rasti-cijene-bezalkoholnih-pica-i-vode\/\" \/>\n<meta property=\"og:locale\" content=\"hr_HR\" \/>\n<meta property=\"og:type\" content=\"article\" \/>\n<meta property=\"og:title\" content=\"Vrtoglavo \u0107e rasti cijene bezalkoholnih pi\u0107a i vode - RADIO LJUBU\u0160KI\" \/>\n<meta property=\"og:description\" content=\"Prekomjeran uvoz vode i drugih bezalkoholnih pi\u0107a u BiH, skok cijena sirovina i energenata za proizvodnju, kao i pro\u0161logodi\u0161nja zatvaranja sektora ugostiteljstva i hotelijerstva uslijed pandemije virusa korona samo su neki od problema proizvo\u0111a\u010da ovih pi\u0107a, zbog \u010dega \u0107e do\u0107i do vrtoglavog rasta cijena ovih proizvoda u BiH. Na ove probleme upozorili su u petak [&hellip;]\" \/>\n<meta property=\"og:url\" content=\"https:\/\/radioljubuski.ba\/index.php\/2021\/11\/08\/vrtoglavo-ce-rasti-cijene-bezalkoholnih-pica-i-vode\/\" \/>\n<meta property=\"og:site_name\" content=\"RADIO LJUBU\u0160KI\" \/>\n<meta property=\"article:publisher\" content=\"https:\/\/www.facebook.com\/Radiio-Ljubuski-1490835324566332\" \/>\n<meta property=\"article:published_time\" content=\"2021-11-08T09:16:59+00:00\" \/>\n<meta property=\"article:modified_time\" content=\"2021-11-08T09:17:00+00:00\" \/>\n<meta property=\"og:image\" content=\"https:\/\/radioljubuski.ba\/wp-content\/uploads\/2021\/08\/QvoMzd4K_novac_placa_marke_810x497.jpg\" \/>\n\t<meta property=\"og:image:width\" content=\"1000\" \/>\n\t<meta property=\"og:image:height\" content=\"625\" \/>\n\t<meta property=\"og:image:type\" content=\"image\/jpeg\" \/>\n<meta name=\"author\" content=\"Radio Ljubu\u0161ki\" \/>\n<meta name=\"twitter:card\" content=\"summary_large_image\" \/>\n<meta name=\"twitter:creator\" content=\"@radioljubuski\" \/>\n<meta name=\"twitter:site\" content=\"@radioljubuski\" \/>\n<meta name=\"twitter:label1\" content=\"Napisao\/la\" \/>\n\t<meta name=\"twitter:data1\" content=\"Radio Ljubu\u0161ki\" \/>\n\t<meta name=\"twitter:label2\" content=\"Procijenjeno vrijeme \u010ditanja\" \/>\n\t<meta name=\"twitter:data2\" content=\"3 minute\" \/>\n<script type=\"application\/ld+json\" class=\"yoast-schema-graph\">{\"@context\":\"https:\\\/\\\/schema.org\",\"@graph\":[{\"@type\":\"Article\",\"@id\":\"https:\\\/\\\/radioljubuski.ba\\\/index.php\\\/2021\\\/11\\\/08\\\/vrtoglavo-ce-rasti-cijene-bezalkoholnih-pica-i-vode\\\/#article\",\"isPartOf\":{\"@id\":\"https:\\\/\\\/radioljubuski.ba\\\/index.php\\\/2021\\\/11\\\/08\\\/vrtoglavo-ce-rasti-cijene-bezalkoholnih-pica-i-vode\\\/\"},\"author\":{\"name\":\"Radio Ljubu\u0161ki\",\"@id\":\"https:\\\/\\\/radioljubuski.ba\\\/#\\\/schema\\\/person\\\/19fc700381a780f69665d7956c469e3b\"},\"headline\":\"Vrtoglavo \u0107e rasti cijene bezalkoholnih pi\u0107a i vode\",\"datePublished\":\"2021-11-08T09:16:59+00:00\",\"dateModified\":\"2021-11-08T09:17:00+00:00\",\"mainEntityOfPage\":{\"@id\":\"https:\\\/\\\/radioljubuski.ba\\\/index.php\\\/2021\\\/11\\\/08\\\/vrtoglavo-ce-rasti-cijene-bezalkoholnih-pica-i-vode\\\/\"},\"wordCount\":531,\"publisher\":{\"@id\":\"https:\\\/\\\/radioljubuski.ba\\\/#organization\"},\"image\":{\"@id\":\"https:\\\/\\\/radioljubuski.ba\\\/index.php\\\/2021\\\/11\\\/08\\\/vrtoglavo-ce-rasti-cijene-bezalkoholnih-pica-i-vode\\\/#primaryimage\"},\"thumbnailUrl\":\"https:\\\/\\\/radioljubuski.ba\\\/wp-content\\\/uploads\\\/2021\\\/08\\\/QvoMzd4K_novac_placa_marke_810x497.jpg\",\"articleSection\":[\"BIH i regija\"],\"inLanguage\":\"hr\"},{\"@type\":\"WebPage\",\"@id\":\"https:\\\/\\\/radioljubuski.ba\\\/index.php\\\/2021\\\/11\\\/08\\\/vrtoglavo-ce-rasti-cijene-bezalkoholnih-pica-i-vode\\\/\",\"url\":\"https:\\\/\\\/radioljubuski.ba\\\/index.php\\\/2021\\\/11\\\/08\\\/vrtoglavo-ce-rasti-cijene-bezalkoholnih-pica-i-vode\\\/\",\"name\":\"Vrtoglavo \u0107e rasti cijene bezalkoholnih pi\u0107a i vode - RADIO LJUBU\u0160KI\",\"isPartOf\":{\"@id\":\"https:\\\/\\\/radioljubuski.ba\\\/#website\"},\"primaryImageOfPage\":{\"@id\":\"https:\\\/\\\/radioljubuski.ba\\\/index.php\\\/2021\\\/11\\\/08\\\/vrtoglavo-ce-rasti-cijene-bezalkoholnih-pica-i-vode\\\/#primaryimage\"},\"image\":{\"@id\":\"https:\\\/\\\/radioljubuski.ba\\\/index.php\\\/2021\\\/11\\\/08\\\/vrtoglavo-ce-rasti-cijene-bezalkoholnih-pica-i-vode\\\/#primaryimage\"},\"thumbnailUrl\":\"https:\\\/\\\/radioljubuski.ba\\\/wp-content\\\/uploads\\\/2021\\\/08\\\/QvoMzd4K_novac_placa_marke_810x497.jpg\",\"datePublished\":\"2021-11-08T09:16:59+00:00\",\"dateModified\":\"2021-11-08T09:17:00+00:00\",\"breadcrumb\":{\"@id\":\"https:\\\/\\\/radioljubuski.ba\\\/index.php\\\/2021\\\/11\\\/08\\\/vrtoglavo-ce-rasti-cijene-bezalkoholnih-pica-i-vode\\\/#breadcrumb\"},\"inLanguage\":\"hr\",\"potentialAction\":[{\"@type\":\"ReadAction\",\"target\":[\"https:\\\/\\\/radioljubuski.ba\\\/index.php\\\/2021\\\/11\\\/08\\\/vrtoglavo-ce-rasti-cijene-bezalkoholnih-pica-i-vode\\\/\"]}]},{\"@type\":\"ImageObject\",\"inLanguage\":\"hr\",\"@id\":\"https:\\\/\\\/radioljubuski.ba\\\/index.php\\\/2021\\\/11\\\/08\\\/vrtoglavo-ce-rasti-cijene-bezalkoholnih-pica-i-vode\\\/#primaryimage\",\"url\":\"https:\\\/\\\/radioljubuski.ba\\\/wp-content\\\/uploads\\\/2021\\\/08\\\/QvoMzd4K_novac_placa_marke_810x497.jpg\",\"contentUrl\":\"https:\\\/\\\/radioljubuski.ba\\\/wp-content\\\/uploads\\\/2021\\\/08\\\/QvoMzd4K_novac_placa_marke_810x497.jpg\",\"width\":1000,\"height\":625},{\"@type\":\"BreadcrumbList\",\"@id\":\"https:\\\/\\\/radioljubuski.ba\\\/index.php\\\/2021\\\/11\\\/08\\\/vrtoglavo-ce-rasti-cijene-bezalkoholnih-pica-i-vode\\\/#breadcrumb\",\"itemListElement\":[{\"@type\":\"ListItem\",\"position\":1,\"name\":\"Po\u010detna stranica\",\"item\":\"https:\\\/\\\/radioljubuski.ba\\\/\"},{\"@type\":\"ListItem\",\"position\":2,\"name\":\"Vrtoglavo \u0107e rasti cijene bezalkoholnih pi\u0107a i vode\"}]},{\"@type\":\"WebSite\",\"@id\":\"https:\\\/\\\/radioljubuski.ba\\\/#website\",\"url\":\"https:\\\/\\\/radioljubuski.ba\\\/\",\"name\":\"Radio Ljubu\u0161ki\",\"description\":\"Sun\u010dana frekvencija Hercegovine\",\"publisher\":{\"@id\":\"https:\\\/\\\/radioljubuski.ba\\\/#organization\"},\"potentialAction\":[{\"@type\":\"SearchAction\",\"target\":{\"@type\":\"EntryPoint\",\"urlTemplate\":\"https:\\\/\\\/radioljubuski.ba\\\/?s={search_term_string}\"},\"query-input\":{\"@type\":\"PropertyValueSpecification\",\"valueRequired\":true,\"valueName\":\"search_term_string\"}}],\"inLanguage\":\"hr\"},{\"@type\":\"Organization\",\"@id\":\"https:\\\/\\\/radioljubuski.ba\\\/#organization\",\"name\":\"Radio Ljubu\u0161ki\",\"url\":\"https:\\\/\\\/radioljubuski.ba\\\/\",\"logo\":{\"@type\":\"ImageObject\",\"inLanguage\":\"hr\",\"@id\":\"https:\\\/\\\/radioljubuski.ba\\\/#\\\/schema\\\/logo\\\/image\\\/\",\"url\":\"https:\\\/\\\/radioljubuski.ba\\\/wp-content\\\/uploads\\\/2021\\\/02\\\/cropped-Radio_Ljubuski_logo1.jpg\",\"contentUrl\":\"https:\\\/\\\/radioljubuski.ba\\\/wp-content\\\/uploads\\\/2021\\\/02\\\/cropped-Radio_Ljubuski_logo1.jpg\",\"width\":512,\"height\":512,\"caption\":\"Radio Ljubu\u0161ki\"},\"image\":{\"@id\":\"https:\\\/\\\/radioljubuski.ba\\\/#\\\/schema\\\/logo\\\/image\\\/\"},\"sameAs\":[\"https:\\\/\\\/www.facebook.com\\\/Radiio-Ljubuski-1490835324566332\",\"https:\\\/\\\/x.com\\\/radioljubuski\",\"https:\\\/\\\/hr.linkedin.com\\\/company\\\/radio-ljubuski\",\"https:\\\/\\\/www.youtube.com\\\/channel\\\/UCHYaeO_n0Db3tjNGudGpXyw\"]},{\"@type\":\"Person\",\"@id\":\"https:\\\/\\\/radioljubuski.ba\\\/#\\\/schema\\\/person\\\/19fc700381a780f69665d7956c469e3b\",\"name\":\"Radio Ljubu\u0161ki\"}]}<\/script>\n<!-- \/ Yoast SEO plugin. -->","yoast_head_json":{"title":"Vrtoglavo \u0107e rasti cijene bezalkoholnih pi\u0107a i vode - RADIO LJUBU\u0160KI","robots":{"index":"index","follow":"follow","max-snippet":"max-snippet:-1","max-image-preview":"max-image-preview:large","max-video-preview":"max-video-preview:-1"},"canonical":"https:\/\/radioljubuski.ba\/index.php\/2021\/11\/08\/vrtoglavo-ce-rasti-cijene-bezalkoholnih-pica-i-vode\/","og_locale":"hr_HR","og_type":"article","og_title":"Vrtoglavo \u0107e rasti cijene bezalkoholnih pi\u0107a i vode - RADIO LJUBU\u0160KI","og_description":"Prekomjeran uvoz vode i drugih bezalkoholnih pi\u0107a u BiH, skok cijena sirovina i energenata za proizvodnju, kao i pro\u0161logodi\u0161nja zatvaranja sektora ugostiteljstva i hotelijerstva uslijed pandemije virusa korona samo su neki od problema proizvo\u0111a\u010da ovih pi\u0107a, zbog \u010dega \u0107e do\u0107i do vrtoglavog rasta cijena ovih proizvoda u BiH. Na ove probleme upozorili su u petak [&hellip;]","og_url":"https:\/\/radioljubuski.ba\/index.php\/2021\/11\/08\/vrtoglavo-ce-rasti-cijene-bezalkoholnih-pica-i-vode\/","og_site_name":"RADIO LJUBU\u0160KI","article_publisher":"https:\/\/www.facebook.com\/Radiio-Ljubuski-1490835324566332","article_published_time":"2021-11-08T09:16:59+00:00","article_modified_time":"2021-11-08T09:17:00+00:00","og_image":[{"width":1000,"height":625,"url":"https:\/\/radioljubuski.ba\/wp-content\/uploads\/2021\/08\/QvoMzd4K_novac_placa_marke_810x497.jpg","type":"image\/jpeg"}],"author":"Radio Ljubu\u0161ki","twitter_card":"summary_large_image","twitter_creator":"@radioljubuski","twitter_site":"@radioljubuski","twitter_misc":{"Napisao\/la":"Radio Ljubu\u0161ki","Procijenjeno vrijeme \u010ditanja":"3 minute"},"schema":{"@context":"https:\/\/schema.org","@graph":[{"@type":"Article","@id":"https:\/\/radioljubuski.ba\/index.php\/2021\/11\/08\/vrtoglavo-ce-rasti-cijene-bezalkoholnih-pica-i-vode\/#article","isPartOf":{"@id":"https:\/\/radioljubuski.ba\/index.php\/2021\/11\/08\/vrtoglavo-ce-rasti-cijene-bezalkoholnih-pica-i-vode\/"},"author":{"name":"Radio Ljubu\u0161ki","@id":"https:\/\/radioljubuski.ba\/#\/schema\/person\/19fc700381a780f69665d7956c469e3b"},"headline":"Vrtoglavo \u0107e rasti cijene bezalkoholnih pi\u0107a i vode","datePublished":"2021-11-08T09:16:59+00:00","dateModified":"2021-11-08T09:17:00+00:00","mainEntityOfPage":{"@id":"https:\/\/radioljubuski.ba\/index.php\/2021\/11\/08\/vrtoglavo-ce-rasti-cijene-bezalkoholnih-pica-i-vode\/"},"wordCount":531,"publisher":{"@id":"https:\/\/radioljubuski.ba\/#organization"},"image":{"@id":"https:\/\/radioljubuski.ba\/index.php\/2021\/11\/08\/vrtoglavo-ce-rasti-cijene-bezalkoholnih-pica-i-vode\/#primaryimage"},"thumbnailUrl":"https:\/\/radioljubuski.ba\/wp-content\/uploads\/2021\/08\/QvoMzd4K_novac_placa_marke_810x497.jpg","articleSection":["BIH i regija"],"inLanguage":"hr"},{"@type":"WebPage","@id":"https:\/\/radioljubuski.ba\/index.php\/2021\/11\/08\/vrtoglavo-ce-rasti-cijene-bezalkoholnih-pica-i-vode\/","url":"https:\/\/radioljubuski.ba\/index.php\/2021\/11\/08\/vrtoglavo-ce-rasti-cijene-bezalkoholnih-pica-i-vode\/","name":"Vrtoglavo \u0107e rasti cijene bezalkoholnih pi\u0107a i vode - RADIO LJUBU\u0160KI","isPartOf":{"@id":"https:\/\/radioljubuski.ba\/#website"},"primaryImageOfPage":{"@id":"https:\/\/radioljubuski.ba\/index.php\/2021\/11\/08\/vrtoglavo-ce-rasti-cijene-bezalkoholnih-pica-i-vode\/#primaryimage"},"image":{"@id":"https:\/\/radioljubuski.ba\/index.php\/2021\/11\/08\/vrtoglavo-ce-rasti-cijene-bezalkoholnih-pica-i-vode\/#primaryimage"},"thumbnailUrl":"https:\/\/radioljubuski.ba\/wp-content\/uploads\/2021\/08\/QvoMzd4K_novac_placa_marke_810x497.jpg","datePublished":"2021-11-08T09:16:59+00:00","dateModified":"2021-11-08T09:17:00+00:00","breadcrumb":{"@id":"https:\/\/radioljubuski.ba\/index.php\/2021\/11\/08\/vrtoglavo-ce-rasti-cijene-bezalkoholnih-pica-i-vode\/#breadcrumb"},"inLanguage":"hr","potentialAction":[{"@type":"ReadAction","target":["https:\/\/radioljubuski.ba\/index.php\/2021\/11\/08\/vrtoglavo-ce-rasti-cijene-bezalkoholnih-pica-i-vode\/"]}]},{"@type":"ImageObject","inLanguage":"hr","@id":"https:\/\/radioljubuski.ba\/index.php\/2021\/11\/08\/vrtoglavo-ce-rasti-cijene-bezalkoholnih-pica-i-vode\/#primaryimage","url":"https:\/\/radioljubuski.ba\/wp-content\/uploads\/2021\/08\/QvoMzd4K_novac_placa_marke_810x497.jpg","contentUrl":"https:\/\/radioljubuski.ba\/wp-content\/uploads\/2021\/08\/QvoMzd4K_novac_placa_marke_810x497.jpg","width":1000,"height":625},{"@type":"BreadcrumbList","@id":"https:\/\/radioljubuski.ba\/index.php\/2021\/11\/08\/vrtoglavo-ce-rasti-cijene-bezalkoholnih-pica-i-vode\/#breadcrumb","itemListElement":[{"@type":"ListItem","position":1,"name":"Po\u010detna stranica","item":"https:\/\/radioljubuski.ba\/"},{"@type":"ListItem","position":2,"name":"Vrtoglavo \u0107e rasti cijene bezalkoholnih pi\u0107a i vode"}]},{"@type":"WebSite","@id":"https:\/\/radioljubuski.ba\/#website","url":"https:\/\/radioljubuski.ba\/","name":"Radio Ljubu\u0161ki","description":"Sun\u010dana frekvencija Hercegovine","publisher":{"@id":"https:\/\/radioljubuski.ba\/#organization"},"potentialAction":[{"@type":"SearchAction","target":{"@type":"EntryPoint","urlTemplate":"https:\/\/radioljubuski.ba\/?s={search_term_string}"},"query-input":{"@type":"PropertyValueSpecification","valueRequired":true,"valueName":"search_term_string"}}],"inLanguage":"hr"},{"@type":"Organization","@id":"https:\/\/radioljubuski.ba\/#organization","name":"Radio Ljubu\u0161ki","url":"https:\/\/radioljubuski.ba\/","logo":{"@type":"ImageObject","inLanguage":"hr","@id":"https:\/\/radioljubuski.ba\/#\/schema\/logo\/image\/","url":"https:\/\/radioljubuski.ba\/wp-content\/uploads\/2021\/02\/cropped-Radio_Ljubuski_logo1.jpg","contentUrl":"https:\/\/radioljubuski.ba\/wp-content\/uploads\/2021\/02\/cropped-Radio_Ljubuski_logo1.jpg","width":512,"height":512,"caption":"Radio Ljubu\u0161ki"},"image":{"@id":"https:\/\/radioljubuski.ba\/#\/schema\/logo\/image\/"},"sameAs":["https:\/\/www.facebook.com\/Radiio-Ljubuski-1490835324566332","https:\/\/x.com\/radioljubuski","https:\/\/hr.linkedin.com\/company\/radio-ljubuski","https:\/\/www.youtube.com\/channel\/UCHYaeO_n0Db3tjNGudGpXyw"]},{"@type":"Person","@id":"https:\/\/radioljubuski.ba\/#\/schema\/person\/19fc700381a780f69665d7956c469e3b","name":"Radio Ljubu\u0161ki"}]}},"_links":{"self":[{"href":"https:\/\/radioljubuski.ba\/index.php\/wp-json\/wp\/v2\/posts\/86493","targetHints":{"allow":["GET"]}}],"collection":[{"href":"https:\/\/radioljubuski.ba\/index.php\/wp-json\/wp\/v2\/posts"}],"about":[{"href":"https:\/\/radioljubuski.ba\/index.php\/wp-json\/wp\/v2\/types\/post"}],"author":[{"embeddable":true,"href":"https:\/\/radioljubuski.ba\/index.php\/wp-json\/wp\/v2\/users\/2"}],"replies":[{"embeddable":true,"href":"https:\/\/radioljubuski.ba\/index.php\/wp-json\/wp\/v2\/comments?post=86493"}],"version-history":[{"count":1,"href":"https:\/\/radioljubuski.ba\/index.php\/wp-json\/wp\/v2\/posts\/86493\/revisions"}],"predecessor-version":[{"id":86494,"href":"https:\/\/radioljubuski.ba\/index.php\/wp-json\/wp\/v2\/posts\/86493\/revisions\/86494"}],"wp:featuredmedia":[{"embeddable":true,"href":"https:\/\/radioljubuski.ba\/index.php\/wp-json\/wp\/v2\/media\/56875"}],"wp:attachment":[{"href":"https:\/\/radioljubuski.ba\/index.php\/wp-json\/wp\/v2\/media?parent=86493"}],"wp:term":[{"taxonomy":"category","embeddable":true,"href":"https:\/\/radioljubuski.ba\/index.php\/wp-json\/wp\/v2\/categories?post=86493"},{"taxonomy":"post_tag","embeddable":true,"href":"https:\/\/radioljubuski.ba\/index.php\/wp-json\/wp\/v2\/tags?post=86493"}],"curies":[{"name":"wp","href":"https:\/\/api.w.org\/{rel}","templated":true}]}}