{"id":86498,"date":"2021-11-08T10:20:20","date_gmt":"2021-11-08T09:20:20","guid":{"rendered":"https:\/\/radioljubuski.ba\/?p=86498"},"modified":"2021-11-08T10:20:20","modified_gmt":"2021-11-08T09:20:20","slug":"nesvakidasnja-situacija-na-bh-cesti-iz-kamiona-ispale-tri-krave","status":"publish","type":"post","link":"https:\/\/radioljubuski.ba\/index.php\/2021\/11\/08\/nesvakidasnja-situacija-na-bh-cesti-iz-kamiona-ispale-tri-krave\/","title":{"rendered":"Nesvakida\u0161nja situacija na bh. cesti: Iz kamiona ispale tri krave"},"content":{"rendered":"\n<p>Jutros se na magistralnom putu M16 na relaciji Vitez \u2013 Kaonik-La\u0161va dogodila nesvakida\u0161nja situacija.<\/p>\n\n\n\n<figure class=\"wp-block-image\"><img decoding=\"async\" src=\"https:\/\/storage.pogled.ba\/images\/67cf\/1cdd\/217502\/original\/8-2021-11-08-08-26-29-received_633876464292295.jpeg\" alt=\"8-2021-11-08-08-26-29-received_633876464292295.jpeg\"\/><\/figure>\n\n\n\n<p>Kako javljaju \u010ditatelji portala <a href=\"https:\/\/centralna.ba\/guzva-na-putu-vitez-kaonik-iz-kamiona-ispale-tri-krave-promet-usporen-foto\/?fbclid=IwAR3DrarLAwxgGPD-gVfBncxnBFbPlO2rbYTIBmmWk-aoiYV_zQHQRrZEdXI\" target=\"_blank\" rel=\"noreferrer noopener\">Centralna.ba<\/a> iz kamiona su na cestu ispale tri krave, koje su zakr\u010dile promet, ali na svu sre\u0107u nitko nije povrije\u0111en.<\/p>\n\n\n\n<p>Radnici su po ki\u0161i uspjeli vratiti krave u kamion, a za to vrijeme promet na ovoj izrazito prometnoj destinaciji bio je usporen.<\/p>\n\n\n\n<figure class=\"wp-block-image\"><img decoding=\"async\" src=\"https:\/\/storage.pogled.ba\/images\/f093\/d072\/217501\/original\/8-2021-11-08-08-26-29-received_410776810788954.jpeg\" alt=\"8-2021-11-08-08-26-29-received_410776810788954.jpeg\"\/><\/figure>\n\n\n\n<p>Izvor:centralna.ba<\/p>\n","protected":false},"excerpt":{"rendered":"<p>Jutros se na magistralnom putu M16 na relaciji Vitez \u2013 Kaonik-La\u0161va dogodila nesvakida\u0161nja situacija. Kako javljaju \u010ditatelji portala Centralna.ba iz kamiona su na cestu ispale tri krave, koje su zakr\u010dile promet, ali na svu sre\u0107u nitko nije povrije\u0111en. Radnici su po ki\u0161i uspjeli vratiti krave u kamion, a za to vrijeme promet na ovoj izrazito [&hellip;]<\/p>\n","protected":false},"author":2,"featured_media":86499,"comment_status":"closed","ping_status":"closed","sticky":false,"template":"","format":"standard","meta":{"h5ap_radio_sources":[],"footnotes":""},"categories":[1],"tags":[],"class_list":["post-86498","post","type-post","status-publish","format-standard","has-post-thumbnail","hentry","category-bihiregija"],"yoast_head":"<!-- This site is optimized with the Yoast SEO plugin v27.5 - https:\/\/yoast.com\/product\/yoast-seo-wordpress\/ -->\n<title>Nesvakida\u0161nja situacija na bh. cesti: Iz kamiona ispale tri krave - RADIO LJUBU\u0160KI<\/title>\n<meta name=\"robots\" content=\"index, follow, max-snippet:-1, max-image-preview:large, max-video-preview:-1\" \/>\n<link rel=\"canonical\" href=\"https:\/\/radioljubuski.ba\/index.php\/2021\/11\/08\/nesvakidasnja-situacija-na-bh-cesti-iz-kamiona-ispale-tri-krave\/\" \/>\n<meta property=\"og:locale\" content=\"hr_HR\" \/>\n<meta property=\"og:type\" content=\"article\" \/>\n<meta property=\"og:title\" content=\"Nesvakida\u0161nja situacija na bh. cesti: Iz kamiona ispale tri krave - RADIO LJUBU\u0160KI\" \/>\n<meta property=\"og:description\" content=\"Jutros se na magistralnom putu M16 na relaciji Vitez \u2013 Kaonik-La\u0161va dogodila nesvakida\u0161nja situacija. Kako javljaju \u010ditatelji portala Centralna.ba iz kamiona su na cestu ispale tri krave, koje su zakr\u010dile promet, ali na svu sre\u0107u nitko nije povrije\u0111en. Radnici su po ki\u0161i uspjeli vratiti krave u kamion, a za to vrijeme promet na ovoj izrazito [&hellip;]\" \/>\n<meta property=\"og:url\" content=\"https:\/\/radioljubuski.ba\/index.php\/2021\/11\/08\/nesvakidasnja-situacija-na-bh-cesti-iz-kamiona-ispale-tri-krave\/\" \/>\n<meta property=\"og:site_name\" content=\"RADIO LJUBU\u0160KI\" \/>\n<meta property=\"article:publisher\" content=\"https:\/\/www.facebook.com\/Radiio-Ljubuski-1490835324566332\" \/>\n<meta property=\"article:published_time\" content=\"2021-11-08T09:20:20+00:00\" \/>\n<meta property=\"og:image\" content=\"https:\/\/radioljubuski.ba\/wp-content\/uploads\/2021\/11\/8-2021-11-08-08-26-34-GUZVA-KRAVE.jpeg\" \/>\n\t<meta property=\"og:image:width\" content=\"1000\" \/>\n\t<meta property=\"og:image:height\" content=\"625\" \/>\n\t<meta property=\"og:image:type\" content=\"image\/jpeg\" \/>\n<meta name=\"author\" content=\"Radio Ljubu\u0161ki\" \/>\n<meta name=\"twitter:card\" content=\"summary_large_image\" \/>\n<meta name=\"twitter:creator\" content=\"@radioljubuski\" \/>\n<meta name=\"twitter:site\" content=\"@radioljubuski\" \/>\n<meta name=\"twitter:label1\" content=\"Napisao\/la\" \/>\n\t<meta name=\"twitter:data1\" content=\"Radio Ljubu\u0161ki\" \/>\n<script type=\"application\/ld+json\" class=\"yoast-schema-graph\">{\"@context\":\"https:\\\/\\\/schema.org\",\"@graph\":[{\"@type\":\"Article\",\"@id\":\"https:\\\/\\\/radioljubuski.ba\\\/index.php\\\/2021\\\/11\\\/08\\\/nesvakidasnja-situacija-na-bh-cesti-iz-kamiona-ispale-tri-krave\\\/#article\",\"isPartOf\":{\"@id\":\"https:\\\/\\\/radioljubuski.ba\\\/index.php\\\/2021\\\/11\\\/08\\\/nesvakidasnja-situacija-na-bh-cesti-iz-kamiona-ispale-tri-krave\\\/\"},\"author\":{\"name\":\"Radio Ljubu\u0161ki\",\"@id\":\"https:\\\/\\\/radioljubuski.ba\\\/#\\\/schema\\\/person\\\/19fc700381a780f69665d7956c469e3b\"},\"headline\":\"Nesvakida\u0161nja situacija na bh. cesti: Iz kamiona ispale tri krave\",\"datePublished\":\"2021-11-08T09:20:20+00:00\",\"mainEntityOfPage\":{\"@id\":\"https:\\\/\\\/radioljubuski.ba\\\/index.php\\\/2021\\\/11\\\/08\\\/nesvakidasnja-situacija-na-bh-cesti-iz-kamiona-ispale-tri-krave\\\/\"},\"wordCount\":80,\"publisher\":{\"@id\":\"https:\\\/\\\/radioljubuski.ba\\\/#organization\"},\"image\":{\"@id\":\"https:\\\/\\\/radioljubuski.ba\\\/index.php\\\/2021\\\/11\\\/08\\\/nesvakidasnja-situacija-na-bh-cesti-iz-kamiona-ispale-tri-krave\\\/#primaryimage\"},\"thumbnailUrl\":\"https:\\\/\\\/radioljubuski.ba\\\/wp-content\\\/uploads\\\/2021\\\/11\\\/8-2021-11-08-08-26-34-GUZVA-KRAVE.jpeg\",\"articleSection\":[\"BIH i regija\"],\"inLanguage\":\"hr\"},{\"@type\":\"WebPage\",\"@id\":\"https:\\\/\\\/radioljubuski.ba\\\/index.php\\\/2021\\\/11\\\/08\\\/nesvakidasnja-situacija-na-bh-cesti-iz-kamiona-ispale-tri-krave\\\/\",\"url\":\"https:\\\/\\\/radioljubuski.ba\\\/index.php\\\/2021\\\/11\\\/08\\\/nesvakidasnja-situacija-na-bh-cesti-iz-kamiona-ispale-tri-krave\\\/\",\"name\":\"Nesvakida\u0161nja situacija na bh. cesti: Iz kamiona ispale tri krave - RADIO LJUBU\u0160KI\",\"isPartOf\":{\"@id\":\"https:\\\/\\\/radioljubuski.ba\\\/#website\"},\"primaryImageOfPage\":{\"@id\":\"https:\\\/\\\/radioljubuski.ba\\\/index.php\\\/2021\\\/11\\\/08\\\/nesvakidasnja-situacija-na-bh-cesti-iz-kamiona-ispale-tri-krave\\\/#primaryimage\"},\"image\":{\"@id\":\"https:\\\/\\\/radioljubuski.ba\\\/index.php\\\/2021\\\/11\\\/08\\\/nesvakidasnja-situacija-na-bh-cesti-iz-kamiona-ispale-tri-krave\\\/#primaryimage\"},\"thumbnailUrl\":\"https:\\\/\\\/radioljubuski.ba\\\/wp-content\\\/uploads\\\/2021\\\/11\\\/8-2021-11-08-08-26-34-GUZVA-KRAVE.jpeg\",\"datePublished\":\"2021-11-08T09:20:20+00:00\",\"breadcrumb\":{\"@id\":\"https:\\\/\\\/radioljubuski.ba\\\/index.php\\\/2021\\\/11\\\/08\\\/nesvakidasnja-situacija-na-bh-cesti-iz-kamiona-ispale-tri-krave\\\/#breadcrumb\"},\"inLanguage\":\"hr\",\"potentialAction\":[{\"@type\":\"ReadAction\",\"target\":[\"https:\\\/\\\/radioljubuski.ba\\\/index.php\\\/2021\\\/11\\\/08\\\/nesvakidasnja-situacija-na-bh-cesti-iz-kamiona-ispale-tri-krave\\\/\"]}]},{\"@type\":\"ImageObject\",\"inLanguage\":\"hr\",\"@id\":\"https:\\\/\\\/radioljubuski.ba\\\/index.php\\\/2021\\\/11\\\/08\\\/nesvakidasnja-situacija-na-bh-cesti-iz-kamiona-ispale-tri-krave\\\/#primaryimage\",\"url\":\"https:\\\/\\\/radioljubuski.ba\\\/wp-content\\\/uploads\\\/2021\\\/11\\\/8-2021-11-08-08-26-34-GUZVA-KRAVE.jpeg\",\"contentUrl\":\"https:\\\/\\\/radioljubuski.ba\\\/wp-content\\\/uploads\\\/2021\\\/11\\\/8-2021-11-08-08-26-34-GUZVA-KRAVE.jpeg\",\"width\":1000,\"height\":625},{\"@type\":\"BreadcrumbList\",\"@id\":\"https:\\\/\\\/radioljubuski.ba\\\/index.php\\\/2021\\\/11\\\/08\\\/nesvakidasnja-situacija-na-bh-cesti-iz-kamiona-ispale-tri-krave\\\/#breadcrumb\",\"itemListElement\":[{\"@type\":\"ListItem\",\"position\":1,\"name\":\"Po\u010detna stranica\",\"item\":\"https:\\\/\\\/radioljubuski.ba\\\/\"},{\"@type\":\"ListItem\",\"position\":2,\"name\":\"Nesvakida\u0161nja situacija na bh. cesti: Iz kamiona ispale tri krave\"}]},{\"@type\":\"WebSite\",\"@id\":\"https:\\\/\\\/radioljubuski.ba\\\/#website\",\"url\":\"https:\\\/\\\/radioljubuski.ba\\\/\",\"name\":\"Radio Ljubu\u0161ki\",\"description\":\"Sun\u010dana frekvencija Hercegovine\",\"publisher\":{\"@id\":\"https:\\\/\\\/radioljubuski.ba\\\/#organization\"},\"potentialAction\":[{\"@type\":\"SearchAction\",\"target\":{\"@type\":\"EntryPoint\",\"urlTemplate\":\"https:\\\/\\\/radioljubuski.ba\\\/?s={search_term_string}\"},\"query-input\":{\"@type\":\"PropertyValueSpecification\",\"valueRequired\":true,\"valueName\":\"search_term_string\"}}],\"inLanguage\":\"hr\"},{\"@type\":\"Organization\",\"@id\":\"https:\\\/\\\/radioljubuski.ba\\\/#organization\",\"name\":\"Radio Ljubu\u0161ki\",\"url\":\"https:\\\/\\\/radioljubuski.ba\\\/\",\"logo\":{\"@type\":\"ImageObject\",\"inLanguage\":\"hr\",\"@id\":\"https:\\\/\\\/radioljubuski.ba\\\/#\\\/schema\\\/logo\\\/image\\\/\",\"url\":\"https:\\\/\\\/radioljubuski.ba\\\/wp-content\\\/uploads\\\/2021\\\/02\\\/cropped-Radio_Ljubuski_logo1.jpg\",\"contentUrl\":\"https:\\\/\\\/radioljubuski.ba\\\/wp-content\\\/uploads\\\/2021\\\/02\\\/cropped-Radio_Ljubuski_logo1.jpg\",\"width\":512,\"height\":512,\"caption\":\"Radio Ljubu\u0161ki\"},\"image\":{\"@id\":\"https:\\\/\\\/radioljubuski.ba\\\/#\\\/schema\\\/logo\\\/image\\\/\"},\"sameAs\":[\"https:\\\/\\\/www.facebook.com\\\/Radiio-Ljubuski-1490835324566332\",\"https:\\\/\\\/x.com\\\/radioljubuski\",\"https:\\\/\\\/hr.linkedin.com\\\/company\\\/radio-ljubuski\",\"https:\\\/\\\/www.youtube.com\\\/channel\\\/UCHYaeO_n0Db3tjNGudGpXyw\"]},{\"@type\":\"Person\",\"@id\":\"https:\\\/\\\/radioljubuski.ba\\\/#\\\/schema\\\/person\\\/19fc700381a780f69665d7956c469e3b\",\"name\":\"Radio Ljubu\u0161ki\"}]}<\/script>\n<!-- \/ Yoast SEO plugin. -->","yoast_head_json":{"title":"Nesvakida\u0161nja situacija na bh. cesti: Iz kamiona ispale tri krave - RADIO LJUBU\u0160KI","robots":{"index":"index","follow":"follow","max-snippet":"max-snippet:-1","max-image-preview":"max-image-preview:large","max-video-preview":"max-video-preview:-1"},"canonical":"https:\/\/radioljubuski.ba\/index.php\/2021\/11\/08\/nesvakidasnja-situacija-na-bh-cesti-iz-kamiona-ispale-tri-krave\/","og_locale":"hr_HR","og_type":"article","og_title":"Nesvakida\u0161nja situacija na bh. cesti: Iz kamiona ispale tri krave - RADIO LJUBU\u0160KI","og_description":"Jutros se na magistralnom putu M16 na relaciji Vitez \u2013 Kaonik-La\u0161va dogodila nesvakida\u0161nja situacija. Kako javljaju \u010ditatelji portala Centralna.ba iz kamiona su na cestu ispale tri krave, koje su zakr\u010dile promet, ali na svu sre\u0107u nitko nije povrije\u0111en. Radnici su po ki\u0161i uspjeli vratiti krave u kamion, a za to vrijeme promet na ovoj izrazito [&hellip;]","og_url":"https:\/\/radioljubuski.ba\/index.php\/2021\/11\/08\/nesvakidasnja-situacija-na-bh-cesti-iz-kamiona-ispale-tri-krave\/","og_site_name":"RADIO LJUBU\u0160KI","article_publisher":"https:\/\/www.facebook.com\/Radiio-Ljubuski-1490835324566332","article_published_time":"2021-11-08T09:20:20+00:00","og_image":[{"width":1000,"height":625,"url":"https:\/\/radioljubuski.ba\/wp-content\/uploads\/2021\/11\/8-2021-11-08-08-26-34-GUZVA-KRAVE.jpeg","type":"image\/jpeg"}],"author":"Radio Ljubu\u0161ki","twitter_card":"summary_large_image","twitter_creator":"@radioljubuski","twitter_site":"@radioljubuski","twitter_misc":{"Napisao\/la":"Radio Ljubu\u0161ki"},"schema":{"@context":"https:\/\/schema.org","@graph":[{"@type":"Article","@id":"https:\/\/radioljubuski.ba\/index.php\/2021\/11\/08\/nesvakidasnja-situacija-na-bh-cesti-iz-kamiona-ispale-tri-krave\/#article","isPartOf":{"@id":"https:\/\/radioljubuski.ba\/index.php\/2021\/11\/08\/nesvakidasnja-situacija-na-bh-cesti-iz-kamiona-ispale-tri-krave\/"},"author":{"name":"Radio Ljubu\u0161ki","@id":"https:\/\/radioljubuski.ba\/#\/schema\/person\/19fc700381a780f69665d7956c469e3b"},"headline":"Nesvakida\u0161nja situacija na bh. cesti: Iz kamiona ispale tri krave","datePublished":"2021-11-08T09:20:20+00:00","mainEntityOfPage":{"@id":"https:\/\/radioljubuski.ba\/index.php\/2021\/11\/08\/nesvakidasnja-situacija-na-bh-cesti-iz-kamiona-ispale-tri-krave\/"},"wordCount":80,"publisher":{"@id":"https:\/\/radioljubuski.ba\/#organization"},"image":{"@id":"https:\/\/radioljubuski.ba\/index.php\/2021\/11\/08\/nesvakidasnja-situacija-na-bh-cesti-iz-kamiona-ispale-tri-krave\/#primaryimage"},"thumbnailUrl":"https:\/\/radioljubuski.ba\/wp-content\/uploads\/2021\/11\/8-2021-11-08-08-26-34-GUZVA-KRAVE.jpeg","articleSection":["BIH i regija"],"inLanguage":"hr"},{"@type":"WebPage","@id":"https:\/\/radioljubuski.ba\/index.php\/2021\/11\/08\/nesvakidasnja-situacija-na-bh-cesti-iz-kamiona-ispale-tri-krave\/","url":"https:\/\/radioljubuski.ba\/index.php\/2021\/11\/08\/nesvakidasnja-situacija-na-bh-cesti-iz-kamiona-ispale-tri-krave\/","name":"Nesvakida\u0161nja situacija na bh. cesti: Iz kamiona ispale tri krave - RADIO LJUBU\u0160KI","isPartOf":{"@id":"https:\/\/radioljubuski.ba\/#website"},"primaryImageOfPage":{"@id":"https:\/\/radioljubuski.ba\/index.php\/2021\/11\/08\/nesvakidasnja-situacija-na-bh-cesti-iz-kamiona-ispale-tri-krave\/#primaryimage"},"image":{"@id":"https:\/\/radioljubuski.ba\/index.php\/2021\/11\/08\/nesvakidasnja-situacija-na-bh-cesti-iz-kamiona-ispale-tri-krave\/#primaryimage"},"thumbnailUrl":"https:\/\/radioljubuski.ba\/wp-content\/uploads\/2021\/11\/8-2021-11-08-08-26-34-GUZVA-KRAVE.jpeg","datePublished":"2021-11-08T09:20:20+00:00","breadcrumb":{"@id":"https:\/\/radioljubuski.ba\/index.php\/2021\/11\/08\/nesvakidasnja-situacija-na-bh-cesti-iz-kamiona-ispale-tri-krave\/#breadcrumb"},"inLanguage":"hr","potentialAction":[{"@type":"ReadAction","target":["https:\/\/radioljubuski.ba\/index.php\/2021\/11\/08\/nesvakidasnja-situacija-na-bh-cesti-iz-kamiona-ispale-tri-krave\/"]}]},{"@type":"ImageObject","inLanguage":"hr","@id":"https:\/\/radioljubuski.ba\/index.php\/2021\/11\/08\/nesvakidasnja-situacija-na-bh-cesti-iz-kamiona-ispale-tri-krave\/#primaryimage","url":"https:\/\/radioljubuski.ba\/wp-content\/uploads\/2021\/11\/8-2021-11-08-08-26-34-GUZVA-KRAVE.jpeg","contentUrl":"https:\/\/radioljubuski.ba\/wp-content\/uploads\/2021\/11\/8-2021-11-08-08-26-34-GUZVA-KRAVE.jpeg","width":1000,"height":625},{"@type":"BreadcrumbList","@id":"https:\/\/radioljubuski.ba\/index.php\/2021\/11\/08\/nesvakidasnja-situacija-na-bh-cesti-iz-kamiona-ispale-tri-krave\/#breadcrumb","itemListElement":[{"@type":"ListItem","position":1,"name":"Po\u010detna stranica","item":"https:\/\/radioljubuski.ba\/"},{"@type":"ListItem","position":2,"name":"Nesvakida\u0161nja situacija na bh. cesti: Iz kamiona ispale tri krave"}]},{"@type":"WebSite","@id":"https:\/\/radioljubuski.ba\/#website","url":"https:\/\/radioljubuski.ba\/","name":"Radio Ljubu\u0161ki","description":"Sun\u010dana frekvencija Hercegovine","publisher":{"@id":"https:\/\/radioljubuski.ba\/#organization"},"potentialAction":[{"@type":"SearchAction","target":{"@type":"EntryPoint","urlTemplate":"https:\/\/radioljubuski.ba\/?s={search_term_string}"},"query-input":{"@type":"PropertyValueSpecification","valueRequired":true,"valueName":"search_term_string"}}],"inLanguage":"hr"},{"@type":"Organization","@id":"https:\/\/radioljubuski.ba\/#organization","name":"Radio Ljubu\u0161ki","url":"https:\/\/radioljubuski.ba\/","logo":{"@type":"ImageObject","inLanguage":"hr","@id":"https:\/\/radioljubuski.ba\/#\/schema\/logo\/image\/","url":"https:\/\/radioljubuski.ba\/wp-content\/uploads\/2021\/02\/cropped-Radio_Ljubuski_logo1.jpg","contentUrl":"https:\/\/radioljubuski.ba\/wp-content\/uploads\/2021\/02\/cropped-Radio_Ljubuski_logo1.jpg","width":512,"height":512,"caption":"Radio Ljubu\u0161ki"},"image":{"@id":"https:\/\/radioljubuski.ba\/#\/schema\/logo\/image\/"},"sameAs":["https:\/\/www.facebook.com\/Radiio-Ljubuski-1490835324566332","https:\/\/x.com\/radioljubuski","https:\/\/hr.linkedin.com\/company\/radio-ljubuski","https:\/\/www.youtube.com\/channel\/UCHYaeO_n0Db3tjNGudGpXyw"]},{"@type":"Person","@id":"https:\/\/radioljubuski.ba\/#\/schema\/person\/19fc700381a780f69665d7956c469e3b","name":"Radio Ljubu\u0161ki"}]}},"_links":{"self":[{"href":"https:\/\/radioljubuski.ba\/index.php\/wp-json\/wp\/v2\/posts\/86498","targetHints":{"allow":["GET"]}}],"collection":[{"href":"https:\/\/radioljubuski.ba\/index.php\/wp-json\/wp\/v2\/posts"}],"about":[{"href":"https:\/\/radioljubuski.ba\/index.php\/wp-json\/wp\/v2\/types\/post"}],"author":[{"embeddable":true,"href":"https:\/\/radioljubuski.ba\/index.php\/wp-json\/wp\/v2\/users\/2"}],"replies":[{"embeddable":true,"href":"https:\/\/radioljubuski.ba\/index.php\/wp-json\/wp\/v2\/comments?post=86498"}],"version-history":[{"count":1,"href":"https:\/\/radioljubuski.ba\/index.php\/wp-json\/wp\/v2\/posts\/86498\/revisions"}],"predecessor-version":[{"id":86500,"href":"https:\/\/radioljubuski.ba\/index.php\/wp-json\/wp\/v2\/posts\/86498\/revisions\/86500"}],"wp:featuredmedia":[{"embeddable":true,"href":"https:\/\/radioljubuski.ba\/index.php\/wp-json\/wp\/v2\/media\/86499"}],"wp:attachment":[{"href":"https:\/\/radioljubuski.ba\/index.php\/wp-json\/wp\/v2\/media?parent=86498"}],"wp:term":[{"taxonomy":"category","embeddable":true,"href":"https:\/\/radioljubuski.ba\/index.php\/wp-json\/wp\/v2\/categories?post=86498"},{"taxonomy":"post_tag","embeddable":true,"href":"https:\/\/radioljubuski.ba\/index.php\/wp-json\/wp\/v2\/tags?post=86498"}],"curies":[{"name":"wp","href":"https:\/\/api.w.org\/{rel}","templated":true}]}}