{"id":86514,"date":"2021-11-08T10:34:19","date_gmt":"2021-11-08T09:34:19","guid":{"rendered":"https:\/\/radioljubuski.ba\/?p=86514"},"modified":"2021-11-08T10:34:19","modified_gmt":"2021-11-08T09:34:19","slug":"epidemija-u-hrvatskoj-ne-posustaje-nesluzbeno-1242-novozarazena","status":"publish","type":"post","link":"https:\/\/radioljubuski.ba\/index.php\/2021\/11\/08\/epidemija-u-hrvatskoj-ne-posustaje-nesluzbeno-1242-novozarazena\/","title":{"rendered":"Epidemija u Hrvatskoj ne posustaje; neslu\u017ebeno &#8211; 1242 novozara\u017eena"},"content":{"rendered":"\n<p>U Hrvatskoj u posljednja 24 sata imamo 1242 novozara\u017eena, neslu\u017ebeno doznaje HTV. Ju\u010der je bilo 4159 novih slu\u010dajeva zaraze koronavirusom, uz udio pozitivnih me\u0111u testiranima od 42 posto. U bolnicama se lije\u010di 1848 pacijenata, 248 ih je na respiratoru. Preminulo je jo\u0161 50 osoba, od kojih 35 nije bilo cijepljeno. Najmla\u0111ih \u0161est preminulih u dobi je od 39 do 56 godina i nisu cijepljeni.<\/p>\n\n\n\n<h4 class=\"wp-block-heading\">Lovri\u0107 i \u0160u\u0161kovi\u0107: Mnogo je otvorenih pitanja<\/h4>\n\n\n\n<p>09:18<\/p>\n\n\n\n<p>COVID potvrde \u0107e od 15. studenog biti potrebne za sve u dr\u017eavnom i javnom sektoru, ali i korisnicima tih usluga.<br><br><strong>Nada Lovri\u0107<\/strong>, predsjednica Nezavisnog sindikata zaposlenih u srednjim \u0161kolama Hrvatske, kazala je u HTV-ovu Studiju 4 da je mnogo upita o provo\u0111enju, a posebno o razlozima uvo\u0111enja COVID potvrde za zaposlene u srednjim \u0161kolama.<br><br><strong>Iva \u0160u\u0161kovi\u0107<\/strong>, predsjednica Sindikata dr\u017eavnih i lokalnih slu\u017ebenika i namje\u0161tenika, pak isti\u010de da je potrebno napraviti test razvidnosti u svakom podru\u010dju kako bi se vidjelo jesu li COVID potvrde mjerodavne u tom segmentu te da one ni\u0161ta ne govore o tome je li neka osoba bolesna ili zdrava.&nbsp;&nbsp;<\/p>\n\n\n\n<h4 class=\"wp-block-heading\">Neslu\u017ebeno &#8211; 1242 novozara\u017eenih<\/h4>\n\n\n\n<p>08:07<\/p>\n\n\n\n<p>Prema neslu\u017ebenim podacima u Hrvatskoj je u posljednja 24 sata evidentirano 1242 novih pozitivnih na koronavirus.&nbsp;<\/p>\n\n\n\n<h4 class=\"wp-block-heading\">Kara\u010di\u0107: Opet \u0107e do\u0107i do porasta kroni\u010dnih i onkolo\u0161kih bolesti<\/h4>\n\n\n\n<p>07:42<\/p>\n\n\n\n<p>Predsjednica Hrvatske udruge za promicanje prava pacijenata<strong> Jasna Kara\u010di\u0107 <\/strong>ocjenjuje da u Hrvatskoj vlada veliki otpor cijepljenju i nepovjerenje prema struci zbog dezinformacija o Covidu-19 koje se \u0161ire dru\u0161tvenim mre\u017eama, a vlast nema kontrolu nad antivakserima ni gra\u0111anima.<br><br>\u0160irenje dezinformacija preko dru\u0161tvenih mre\u017ea puno je br\u017ee nego \u0161irenje znanstveno utemeljenih informacija. To je prisutno i u drugim dr\u017eavama, no kada se gleda prosjek u na\u0161oj zemlji je to izra\u017eeno najvi\u0161e u cijeloj EU-u, rekla je Kara\u010di\u0107.&nbsp;<br><br>Poru\u010duje da treba slu\u0161ati stru\u010dnjake, ali treba re\u0107i da problem nastaje i u komunikaciji Nacionalnog sto\u017eera civilne za\u0161tite koji javnosti ne \u0161alje to\u010dne poruke.<br><br>Problemi drugih pacijenata u pandemiji su eskalirali, ograni\u010den im je pristup zdravstvenoj za\u0161titi jer im mnoge bolnice zbog covid pacijenata uskra\u0107uju redovnu zdravstvenu za\u0161titu, izjavila je Kara\u010di\u0107.&nbsp;&nbsp;<\/p>\n\n\n\n<p><strong>Pristi\u017eu podaci iz \u017eupanija:<\/strong><br>\u25cf U <strong>Zadarskoj \u017eupaniji <\/strong>43 su nova slu\u010daja zaraze koronavirusom<br>\u25cf U <strong>Vukovarsko-srijemskoj \u017eupaniji<\/strong> 1 je nova pozitivna osoba na COVID-19<br>\u25cf U <strong>Istarskoj \u017eupaniji<\/strong> 65 je novih slu\u010dajeva, jedna osoba preminula<br>\u25cf U <strong>Bjelovarsko-bilogorskoj \u017eupaniji<\/strong> 7 je novih slu\u010dajeva, preminule tri osobe<br>\u25cf U <strong>Koprivni\u010dko-kri\u017eeva\u010dkoj \u017eupaniji <\/strong>nema novih slu\u010dajeva, tri osobe preminule<br>\u25cf U <strong>Vara\u017edinskoj \u017eupaniji<\/strong> potvr\u0111eno je 50 novih slu\u010dajeva zaraze. Preminule su dvije osobe<br>\u25cf U <strong>Sisa\u010dko-moslava\u010dkoj \u017eupaniji<\/strong> 50 je novozara\u017eenih.<br>\u25cf U <strong>Po\u017ee\u0161ko-slavonskoj \u017eupaniji <\/strong>5 je novih slu\u010dajeva zaraze.<\/p>\n\n\n\n<p>Virusni imunolog u Centru za infektolo\u0161ka istra\u017eivanja u Braunschweigu, <strong>Luka \u010ci\u010din-\u0160ain<\/strong>&nbsp;u Dnevniku je rekao da su nedostatne protuepidemijske mjere koje je donio Sto\u017eer civilne za\u0161tite. Komentiraju\u0107i visoke brojeve novozara\u017eenih u tjednu na izmaku izjavio je da broj testiranih u Hrvatskoj mo\u017ee biti maksimalno 14, mo\u017eda 15 tisu\u0107a na dan.<\/p>\n\n\n\n<p><strong>Dobrica Ron\u010devi\u0107<\/strong>, glavni epidemiolog Nastavnog zavoda za javno zdravstvo Primorsko-goranske \u017eupanije, rekao je u Dnevniku da rije\u010dka bolnica radi pod visokim optere\u0107enjem, a ve\u0107ina ostalih aktivnosti se ostvaruje.<br><br>Komentiraju\u0107i smrt pacijenta koji je bio 1982. godi\u0161te i bez dodatnih komorbiditeta, rekao je da je karakteristika ovog vala zaraze koronavirusom da se dobna starost me\u0111u pacijentima s te\u017eim oblicima bolesti ili sa smrtnim ishodom spu\u0161ta.<\/p>\n\n\n\n<p>Izvor:hrt.hr<\/p>\n","protected":false},"excerpt":{"rendered":"<p>U Hrvatskoj u posljednja 24 sata imamo 1242 novozara\u017eena, neslu\u017ebeno doznaje HTV. Ju\u010der je bilo 4159 novih slu\u010dajeva zaraze koronavirusom, uz udio pozitivnih me\u0111u testiranima od 42 posto. U bolnicama se lije\u010di 1848 pacijenata, 248 ih je na respiratoru. Preminulo je jo\u0161 50 osoba, od kojih 35 nije bilo cijepljeno. Najmla\u0111ih \u0161est preminulih u dobi [&hellip;]<\/p>\n","protected":false},"author":2,"featured_media":86515,"comment_status":"closed","ping_status":"closed","sticky":false,"template":"","format":"standard","meta":{"h5ap_radio_sources":[],"footnotes":""},"categories":[1],"tags":[],"class_list":["post-86514","post","type-post","status-publish","format-standard","has-post-thumbnail","hentry","category-bihiregija"],"yoast_head":"<!-- This site is optimized with the Yoast SEO plugin v27.5 - https:\/\/yoast.com\/product\/yoast-seo-wordpress\/ -->\n<title>Epidemija u Hrvatskoj ne posustaje; neslu\u017ebeno - 1242 novozara\u017eena - RADIO LJUBU\u0160KI<\/title>\n<meta name=\"robots\" content=\"index, follow, max-snippet:-1, max-image-preview:large, max-video-preview:-1\" \/>\n<link rel=\"canonical\" href=\"https:\/\/radioljubuski.ba\/index.php\/2021\/11\/08\/epidemija-u-hrvatskoj-ne-posustaje-nesluzbeno-1242-novozarazena\/\" \/>\n<meta property=\"og:locale\" content=\"hr_HR\" \/>\n<meta property=\"og:type\" content=\"article\" \/>\n<meta property=\"og:title\" content=\"Epidemija u Hrvatskoj ne posustaje; neslu\u017ebeno - 1242 novozara\u017eena - RADIO LJUBU\u0160KI\" \/>\n<meta property=\"og:description\" content=\"U Hrvatskoj u posljednja 24 sata imamo 1242 novozara\u017eena, neslu\u017ebeno doznaje HTV. Ju\u010der je bilo 4159 novih slu\u010dajeva zaraze koronavirusom, uz udio pozitivnih me\u0111u testiranima od 42 posto. U bolnicama se lije\u010di 1848 pacijenata, 248 ih je na respiratoru. Preminulo je jo\u0161 50 osoba, od kojih 35 nije bilo cijepljeno. Najmla\u0111ih \u0161est preminulih u dobi [&hellip;]\" \/>\n<meta property=\"og:url\" content=\"https:\/\/radioljubuski.ba\/index.php\/2021\/11\/08\/epidemija-u-hrvatskoj-ne-posustaje-nesluzbeno-1242-novozarazena\/\" \/>\n<meta property=\"og:site_name\" content=\"RADIO LJUBU\u0160KI\" \/>\n<meta property=\"article:publisher\" content=\"https:\/\/www.facebook.com\/Radiio-Ljubuski-1490835324566332\" \/>\n<meta property=\"article:published_time\" content=\"2021-11-08T09:34:19+00:00\" \/>\n<meta property=\"og:image\" content=\"https:\/\/radioljubuski.ba\/wp-content\/uploads\/2021\/11\/korona811aa33-20211108062425.jpg\" \/>\n\t<meta property=\"og:image:width\" content=\"842\" \/>\n\t<meta property=\"og:image:height\" content=\"481\" \/>\n\t<meta property=\"og:image:type\" content=\"image\/jpeg\" \/>\n<meta name=\"author\" content=\"Radio Ljubu\u0161ki\" \/>\n<meta name=\"twitter:card\" content=\"summary_large_image\" \/>\n<meta name=\"twitter:creator\" content=\"@radioljubuski\" \/>\n<meta name=\"twitter:site\" content=\"@radioljubuski\" \/>\n<meta name=\"twitter:label1\" content=\"Napisao\/la\" \/>\n\t<meta name=\"twitter:data1\" content=\"Radio Ljubu\u0161ki\" \/>\n\t<meta name=\"twitter:label2\" content=\"Procijenjeno vrijeme \u010ditanja\" \/>\n\t<meta name=\"twitter:data2\" content=\"3 minute\" \/>\n<script type=\"application\/ld+json\" class=\"yoast-schema-graph\">{\"@context\":\"https:\\\/\\\/schema.org\",\"@graph\":[{\"@type\":\"Article\",\"@id\":\"https:\\\/\\\/radioljubuski.ba\\\/index.php\\\/2021\\\/11\\\/08\\\/epidemija-u-hrvatskoj-ne-posustaje-nesluzbeno-1242-novozarazena\\\/#article\",\"isPartOf\":{\"@id\":\"https:\\\/\\\/radioljubuski.ba\\\/index.php\\\/2021\\\/11\\\/08\\\/epidemija-u-hrvatskoj-ne-posustaje-nesluzbeno-1242-novozarazena\\\/\"},\"author\":{\"name\":\"Radio Ljubu\u0161ki\",\"@id\":\"https:\\\/\\\/radioljubuski.ba\\\/#\\\/schema\\\/person\\\/19fc700381a780f69665d7956c469e3b\"},\"headline\":\"Epidemija u Hrvatskoj ne posustaje; neslu\u017ebeno &#8211; 1242 novozara\u017eena\",\"datePublished\":\"2021-11-08T09:34:19+00:00\",\"mainEntityOfPage\":{\"@id\":\"https:\\\/\\\/radioljubuski.ba\\\/index.php\\\/2021\\\/11\\\/08\\\/epidemija-u-hrvatskoj-ne-posustaje-nesluzbeno-1242-novozarazena\\\/\"},\"wordCount\":604,\"publisher\":{\"@id\":\"https:\\\/\\\/radioljubuski.ba\\\/#organization\"},\"image\":{\"@id\":\"https:\\\/\\\/radioljubuski.ba\\\/index.php\\\/2021\\\/11\\\/08\\\/epidemija-u-hrvatskoj-ne-posustaje-nesluzbeno-1242-novozarazena\\\/#primaryimage\"},\"thumbnailUrl\":\"https:\\\/\\\/radioljubuski.ba\\\/wp-content\\\/uploads\\\/2021\\\/11\\\/korona811aa33-20211108062425.jpg\",\"articleSection\":[\"BIH i regija\"],\"inLanguage\":\"hr\"},{\"@type\":\"WebPage\",\"@id\":\"https:\\\/\\\/radioljubuski.ba\\\/index.php\\\/2021\\\/11\\\/08\\\/epidemija-u-hrvatskoj-ne-posustaje-nesluzbeno-1242-novozarazena\\\/\",\"url\":\"https:\\\/\\\/radioljubuski.ba\\\/index.php\\\/2021\\\/11\\\/08\\\/epidemija-u-hrvatskoj-ne-posustaje-nesluzbeno-1242-novozarazena\\\/\",\"name\":\"Epidemija u Hrvatskoj ne posustaje; neslu\u017ebeno - 1242 novozara\u017eena - RADIO LJUBU\u0160KI\",\"isPartOf\":{\"@id\":\"https:\\\/\\\/radioljubuski.ba\\\/#website\"},\"primaryImageOfPage\":{\"@id\":\"https:\\\/\\\/radioljubuski.ba\\\/index.php\\\/2021\\\/11\\\/08\\\/epidemija-u-hrvatskoj-ne-posustaje-nesluzbeno-1242-novozarazena\\\/#primaryimage\"},\"image\":{\"@id\":\"https:\\\/\\\/radioljubuski.ba\\\/index.php\\\/2021\\\/11\\\/08\\\/epidemija-u-hrvatskoj-ne-posustaje-nesluzbeno-1242-novozarazena\\\/#primaryimage\"},\"thumbnailUrl\":\"https:\\\/\\\/radioljubuski.ba\\\/wp-content\\\/uploads\\\/2021\\\/11\\\/korona811aa33-20211108062425.jpg\",\"datePublished\":\"2021-11-08T09:34:19+00:00\",\"breadcrumb\":{\"@id\":\"https:\\\/\\\/radioljubuski.ba\\\/index.php\\\/2021\\\/11\\\/08\\\/epidemija-u-hrvatskoj-ne-posustaje-nesluzbeno-1242-novozarazena\\\/#breadcrumb\"},\"inLanguage\":\"hr\",\"potentialAction\":[{\"@type\":\"ReadAction\",\"target\":[\"https:\\\/\\\/radioljubuski.ba\\\/index.php\\\/2021\\\/11\\\/08\\\/epidemija-u-hrvatskoj-ne-posustaje-nesluzbeno-1242-novozarazena\\\/\"]}]},{\"@type\":\"ImageObject\",\"inLanguage\":\"hr\",\"@id\":\"https:\\\/\\\/radioljubuski.ba\\\/index.php\\\/2021\\\/11\\\/08\\\/epidemija-u-hrvatskoj-ne-posustaje-nesluzbeno-1242-novozarazena\\\/#primaryimage\",\"url\":\"https:\\\/\\\/radioljubuski.ba\\\/wp-content\\\/uploads\\\/2021\\\/11\\\/korona811aa33-20211108062425.jpg\",\"contentUrl\":\"https:\\\/\\\/radioljubuski.ba\\\/wp-content\\\/uploads\\\/2021\\\/11\\\/korona811aa33-20211108062425.jpg\",\"width\":842,\"height\":481},{\"@type\":\"BreadcrumbList\",\"@id\":\"https:\\\/\\\/radioljubuski.ba\\\/index.php\\\/2021\\\/11\\\/08\\\/epidemija-u-hrvatskoj-ne-posustaje-nesluzbeno-1242-novozarazena\\\/#breadcrumb\",\"itemListElement\":[{\"@type\":\"ListItem\",\"position\":1,\"name\":\"Po\u010detna stranica\",\"item\":\"https:\\\/\\\/radioljubuski.ba\\\/\"},{\"@type\":\"ListItem\",\"position\":2,\"name\":\"Epidemija u Hrvatskoj ne posustaje; neslu\u017ebeno &#8211; 1242 novozara\u017eena\"}]},{\"@type\":\"WebSite\",\"@id\":\"https:\\\/\\\/radioljubuski.ba\\\/#website\",\"url\":\"https:\\\/\\\/radioljubuski.ba\\\/\",\"name\":\"Radio Ljubu\u0161ki\",\"description\":\"Sun\u010dana frekvencija Hercegovine\",\"publisher\":{\"@id\":\"https:\\\/\\\/radioljubuski.ba\\\/#organization\"},\"potentialAction\":[{\"@type\":\"SearchAction\",\"target\":{\"@type\":\"EntryPoint\",\"urlTemplate\":\"https:\\\/\\\/radioljubuski.ba\\\/?s={search_term_string}\"},\"query-input\":{\"@type\":\"PropertyValueSpecification\",\"valueRequired\":true,\"valueName\":\"search_term_string\"}}],\"inLanguage\":\"hr\"},{\"@type\":\"Organization\",\"@id\":\"https:\\\/\\\/radioljubuski.ba\\\/#organization\",\"name\":\"Radio Ljubu\u0161ki\",\"url\":\"https:\\\/\\\/radioljubuski.ba\\\/\",\"logo\":{\"@type\":\"ImageObject\",\"inLanguage\":\"hr\",\"@id\":\"https:\\\/\\\/radioljubuski.ba\\\/#\\\/schema\\\/logo\\\/image\\\/\",\"url\":\"https:\\\/\\\/radioljubuski.ba\\\/wp-content\\\/uploads\\\/2021\\\/02\\\/cropped-Radio_Ljubuski_logo1.jpg\",\"contentUrl\":\"https:\\\/\\\/radioljubuski.ba\\\/wp-content\\\/uploads\\\/2021\\\/02\\\/cropped-Radio_Ljubuski_logo1.jpg\",\"width\":512,\"height\":512,\"caption\":\"Radio Ljubu\u0161ki\"},\"image\":{\"@id\":\"https:\\\/\\\/radioljubuski.ba\\\/#\\\/schema\\\/logo\\\/image\\\/\"},\"sameAs\":[\"https:\\\/\\\/www.facebook.com\\\/Radiio-Ljubuski-1490835324566332\",\"https:\\\/\\\/x.com\\\/radioljubuski\",\"https:\\\/\\\/hr.linkedin.com\\\/company\\\/radio-ljubuski\",\"https:\\\/\\\/www.youtube.com\\\/channel\\\/UCHYaeO_n0Db3tjNGudGpXyw\"]},{\"@type\":\"Person\",\"@id\":\"https:\\\/\\\/radioljubuski.ba\\\/#\\\/schema\\\/person\\\/19fc700381a780f69665d7956c469e3b\",\"name\":\"Radio Ljubu\u0161ki\"}]}<\/script>\n<!-- \/ Yoast SEO plugin. -->","yoast_head_json":{"title":"Epidemija u Hrvatskoj ne posustaje; neslu\u017ebeno - 1242 novozara\u017eena - RADIO LJUBU\u0160KI","robots":{"index":"index","follow":"follow","max-snippet":"max-snippet:-1","max-image-preview":"max-image-preview:large","max-video-preview":"max-video-preview:-1"},"canonical":"https:\/\/radioljubuski.ba\/index.php\/2021\/11\/08\/epidemija-u-hrvatskoj-ne-posustaje-nesluzbeno-1242-novozarazena\/","og_locale":"hr_HR","og_type":"article","og_title":"Epidemija u Hrvatskoj ne posustaje; neslu\u017ebeno - 1242 novozara\u017eena - RADIO LJUBU\u0160KI","og_description":"U Hrvatskoj u posljednja 24 sata imamo 1242 novozara\u017eena, neslu\u017ebeno doznaje HTV. Ju\u010der je bilo 4159 novih slu\u010dajeva zaraze koronavirusom, uz udio pozitivnih me\u0111u testiranima od 42 posto. U bolnicama se lije\u010di 1848 pacijenata, 248 ih je na respiratoru. Preminulo je jo\u0161 50 osoba, od kojih 35 nije bilo cijepljeno. Najmla\u0111ih \u0161est preminulih u dobi [&hellip;]","og_url":"https:\/\/radioljubuski.ba\/index.php\/2021\/11\/08\/epidemija-u-hrvatskoj-ne-posustaje-nesluzbeno-1242-novozarazena\/","og_site_name":"RADIO LJUBU\u0160KI","article_publisher":"https:\/\/www.facebook.com\/Radiio-Ljubuski-1490835324566332","article_published_time":"2021-11-08T09:34:19+00:00","og_image":[{"width":842,"height":481,"url":"https:\/\/radioljubuski.ba\/wp-content\/uploads\/2021\/11\/korona811aa33-20211108062425.jpg","type":"image\/jpeg"}],"author":"Radio Ljubu\u0161ki","twitter_card":"summary_large_image","twitter_creator":"@radioljubuski","twitter_site":"@radioljubuski","twitter_misc":{"Napisao\/la":"Radio Ljubu\u0161ki","Procijenjeno vrijeme \u010ditanja":"3 minute"},"schema":{"@context":"https:\/\/schema.org","@graph":[{"@type":"Article","@id":"https:\/\/radioljubuski.ba\/index.php\/2021\/11\/08\/epidemija-u-hrvatskoj-ne-posustaje-nesluzbeno-1242-novozarazena\/#article","isPartOf":{"@id":"https:\/\/radioljubuski.ba\/index.php\/2021\/11\/08\/epidemija-u-hrvatskoj-ne-posustaje-nesluzbeno-1242-novozarazena\/"},"author":{"name":"Radio Ljubu\u0161ki","@id":"https:\/\/radioljubuski.ba\/#\/schema\/person\/19fc700381a780f69665d7956c469e3b"},"headline":"Epidemija u Hrvatskoj ne posustaje; neslu\u017ebeno &#8211; 1242 novozara\u017eena","datePublished":"2021-11-08T09:34:19+00:00","mainEntityOfPage":{"@id":"https:\/\/radioljubuski.ba\/index.php\/2021\/11\/08\/epidemija-u-hrvatskoj-ne-posustaje-nesluzbeno-1242-novozarazena\/"},"wordCount":604,"publisher":{"@id":"https:\/\/radioljubuski.ba\/#organization"},"image":{"@id":"https:\/\/radioljubuski.ba\/index.php\/2021\/11\/08\/epidemija-u-hrvatskoj-ne-posustaje-nesluzbeno-1242-novozarazena\/#primaryimage"},"thumbnailUrl":"https:\/\/radioljubuski.ba\/wp-content\/uploads\/2021\/11\/korona811aa33-20211108062425.jpg","articleSection":["BIH i regija"],"inLanguage":"hr"},{"@type":"WebPage","@id":"https:\/\/radioljubuski.ba\/index.php\/2021\/11\/08\/epidemija-u-hrvatskoj-ne-posustaje-nesluzbeno-1242-novozarazena\/","url":"https:\/\/radioljubuski.ba\/index.php\/2021\/11\/08\/epidemija-u-hrvatskoj-ne-posustaje-nesluzbeno-1242-novozarazena\/","name":"Epidemija u Hrvatskoj ne posustaje; neslu\u017ebeno - 1242 novozara\u017eena - RADIO LJUBU\u0160KI","isPartOf":{"@id":"https:\/\/radioljubuski.ba\/#website"},"primaryImageOfPage":{"@id":"https:\/\/radioljubuski.ba\/index.php\/2021\/11\/08\/epidemija-u-hrvatskoj-ne-posustaje-nesluzbeno-1242-novozarazena\/#primaryimage"},"image":{"@id":"https:\/\/radioljubuski.ba\/index.php\/2021\/11\/08\/epidemija-u-hrvatskoj-ne-posustaje-nesluzbeno-1242-novozarazena\/#primaryimage"},"thumbnailUrl":"https:\/\/radioljubuski.ba\/wp-content\/uploads\/2021\/11\/korona811aa33-20211108062425.jpg","datePublished":"2021-11-08T09:34:19+00:00","breadcrumb":{"@id":"https:\/\/radioljubuski.ba\/index.php\/2021\/11\/08\/epidemija-u-hrvatskoj-ne-posustaje-nesluzbeno-1242-novozarazena\/#breadcrumb"},"inLanguage":"hr","potentialAction":[{"@type":"ReadAction","target":["https:\/\/radioljubuski.ba\/index.php\/2021\/11\/08\/epidemija-u-hrvatskoj-ne-posustaje-nesluzbeno-1242-novozarazena\/"]}]},{"@type":"ImageObject","inLanguage":"hr","@id":"https:\/\/radioljubuski.ba\/index.php\/2021\/11\/08\/epidemija-u-hrvatskoj-ne-posustaje-nesluzbeno-1242-novozarazena\/#primaryimage","url":"https:\/\/radioljubuski.ba\/wp-content\/uploads\/2021\/11\/korona811aa33-20211108062425.jpg","contentUrl":"https:\/\/radioljubuski.ba\/wp-content\/uploads\/2021\/11\/korona811aa33-20211108062425.jpg","width":842,"height":481},{"@type":"BreadcrumbList","@id":"https:\/\/radioljubuski.ba\/index.php\/2021\/11\/08\/epidemija-u-hrvatskoj-ne-posustaje-nesluzbeno-1242-novozarazena\/#breadcrumb","itemListElement":[{"@type":"ListItem","position":1,"name":"Po\u010detna stranica","item":"https:\/\/radioljubuski.ba\/"},{"@type":"ListItem","position":2,"name":"Epidemija u Hrvatskoj ne posustaje; neslu\u017ebeno &#8211; 1242 novozara\u017eena"}]},{"@type":"WebSite","@id":"https:\/\/radioljubuski.ba\/#website","url":"https:\/\/radioljubuski.ba\/","name":"Radio Ljubu\u0161ki","description":"Sun\u010dana frekvencija Hercegovine","publisher":{"@id":"https:\/\/radioljubuski.ba\/#organization"},"potentialAction":[{"@type":"SearchAction","target":{"@type":"EntryPoint","urlTemplate":"https:\/\/radioljubuski.ba\/?s={search_term_string}"},"query-input":{"@type":"PropertyValueSpecification","valueRequired":true,"valueName":"search_term_string"}}],"inLanguage":"hr"},{"@type":"Organization","@id":"https:\/\/radioljubuski.ba\/#organization","name":"Radio Ljubu\u0161ki","url":"https:\/\/radioljubuski.ba\/","logo":{"@type":"ImageObject","inLanguage":"hr","@id":"https:\/\/radioljubuski.ba\/#\/schema\/logo\/image\/","url":"https:\/\/radioljubuski.ba\/wp-content\/uploads\/2021\/02\/cropped-Radio_Ljubuski_logo1.jpg","contentUrl":"https:\/\/radioljubuski.ba\/wp-content\/uploads\/2021\/02\/cropped-Radio_Ljubuski_logo1.jpg","width":512,"height":512,"caption":"Radio Ljubu\u0161ki"},"image":{"@id":"https:\/\/radioljubuski.ba\/#\/schema\/logo\/image\/"},"sameAs":["https:\/\/www.facebook.com\/Radiio-Ljubuski-1490835324566332","https:\/\/x.com\/radioljubuski","https:\/\/hr.linkedin.com\/company\/radio-ljubuski","https:\/\/www.youtube.com\/channel\/UCHYaeO_n0Db3tjNGudGpXyw"]},{"@type":"Person","@id":"https:\/\/radioljubuski.ba\/#\/schema\/person\/19fc700381a780f69665d7956c469e3b","name":"Radio Ljubu\u0161ki"}]}},"_links":{"self":[{"href":"https:\/\/radioljubuski.ba\/index.php\/wp-json\/wp\/v2\/posts\/86514","targetHints":{"allow":["GET"]}}],"collection":[{"href":"https:\/\/radioljubuski.ba\/index.php\/wp-json\/wp\/v2\/posts"}],"about":[{"href":"https:\/\/radioljubuski.ba\/index.php\/wp-json\/wp\/v2\/types\/post"}],"author":[{"embeddable":true,"href":"https:\/\/radioljubuski.ba\/index.php\/wp-json\/wp\/v2\/users\/2"}],"replies":[{"embeddable":true,"href":"https:\/\/radioljubuski.ba\/index.php\/wp-json\/wp\/v2\/comments?post=86514"}],"version-history":[{"count":1,"href":"https:\/\/radioljubuski.ba\/index.php\/wp-json\/wp\/v2\/posts\/86514\/revisions"}],"predecessor-version":[{"id":86516,"href":"https:\/\/radioljubuski.ba\/index.php\/wp-json\/wp\/v2\/posts\/86514\/revisions\/86516"}],"wp:featuredmedia":[{"embeddable":true,"href":"https:\/\/radioljubuski.ba\/index.php\/wp-json\/wp\/v2\/media\/86515"}],"wp:attachment":[{"href":"https:\/\/radioljubuski.ba\/index.php\/wp-json\/wp\/v2\/media?parent=86514"}],"wp:term":[{"taxonomy":"category","embeddable":true,"href":"https:\/\/radioljubuski.ba\/index.php\/wp-json\/wp\/v2\/categories?post=86514"},{"taxonomy":"post_tag","embeddable":true,"href":"https:\/\/radioljubuski.ba\/index.php\/wp-json\/wp\/v2\/tags?post=86514"}],"curies":[{"name":"wp","href":"https:\/\/api.w.org\/{rel}","templated":true}]}}