{"id":86523,"date":"2021-11-08T10:40:55","date_gmt":"2021-11-08T09:40:55","guid":{"rendered":"https:\/\/radioljubuski.ba\/?p=86523"},"modified":"2021-11-08T10:40:55","modified_gmt":"2021-11-08T09:40:55","slug":"covid-potvrde-u-drzavnim-i-javnim-sluzbama","status":"publish","type":"post","link":"https:\/\/radioljubuski.ba\/index.php\/2021\/11\/08\/covid-potvrde-u-drzavnim-i-javnim-sluzbama\/","title":{"rendered":"COVID potvrde u dr\u017eavnim i javnim slu\u017ebama"},"content":{"rendered":"\n<p>Gostuju\u0107i e emisjiji Hrvatskoga radija &#8220;U mre\u017ei Prvog&#8221; zamjenica ravnatelja Hrvatskog zavoda za javno zdravstvo Ivana Pavi\u0107 \u0160imetin rekla je da se s povratkom u\u010denika u \u0161kole o\u010dekuje novi rast broja zara\u017eenih u toj populaciji. A protiv uvo\u0111enja COVID potvrda u \u0161kolstvo, dok za to ne postoji odluka Ustavnog suda, predsjednik je Sindikata Preporod \u017deljko Stipi\u0107.<\/p>\n\n\n\n<p>Za tjedan dana svi zaposlenici u dr\u017eavnim i javnim slu\u017ebama morat \u0107e imati Covid potvrde, kao i gra\u0111ani koji se budu koristili njihovim uslugama i dolazili u njihove prostore. Ho\u0107e li to potaknuti br\u017ee cijepljenje gra\u0111ana, slijedi li val prosvjeda, ali i otkaza zaposlenicima koji se budu odbijali cijepiti ili testirati?\u00a0<\/p>\n\n\n\n<iframe loading=\"lazy\" src=\"https:\/\/www.facebook.com\/plugins\/video.php?height=314&#038;href=https%3A%2F%2Fwww.facebook.com%2Fprviprogramradija%2Fvideos%2F991114848113828%2F&#038;show_text=false&#038;width=560&#038;t=0\" width=\"560\" height=\"314\" style=\"border:none;overflow:hidden\" scrolling=\"no\" frameborder=\"0\" allowfullscreen=\"true\" allow=\"autoplay; clipboard-write; encrypted-media; picture-in-picture; web-share\" allowFullScreen=\"true\"><\/iframe>\n\n\n\n<p>Pavi\u0107 \u0160imetin je naglasila kako interes za cijepljenje raste. Broj dnevno cijepljenih je kao \u0161to je bio sredinom i krajem srpnja. Kako ka\u017ee, nakon toga se broj cijepljenja naglo smanjio.<br><br>&#8211; Zanimljivo je da posljednjih dana najve\u0107i dio cijepljenih su oni koji su do\u0161li na prvu dozu, \u0161to pokazuje da su se na cijepljenje odlu\u010dili i oni koji su \u010dekali svih ovih 10 mjeseci, rekla je.<br><br><strong>\u017deljko Stipi\u0107<\/strong>, predsjednik \u0161kolskog Sindikata Preporod govori kako ima solidan broj onih prosvjetnih radnika koji se ne \u017eele cijepiti, no da jo\u0161 uvijek nemaju to\u010dne podatke koliko je to ljudi.<br><br>Predsjednica Sindikata dr\u017eavnih i lokalnih slu\u017ebenika i namje\u0161tenika I<strong>va \u0160u\u0161kovi\u0107<\/strong>&nbsp;nagla\u0161ava kako postoje velike podjele me\u0111u zaposlenicima glede cijepljenja i covid potvrda te se zapitala \u0161to covid potvrda u stvari jam\u010di.<br><br>Pavi\u0107 \u0160imetin je odgovorila kako osobe koje su cijepljene se mogu zaraziti, ali se procjenjuje da su za to barem 10 puta manje \u0161anse nego kod osoba koje nisu cijepljene.<br><br>&#8211; Osoba koja je cijepljena, a zarazi se, kra\u0107e je zarazna i ima manje \u0161anse da zarazi nekog drugog, istaknula je.<br><br>&#8211; Alternativa cijepljenju je negativan test. On mo\u017ee biti la\u017eno negativan. Potvr\u0111eno je da je bar 10 posto testova la\u017eno negativnih, rekla je i dodala kako imamo dvije mjere od kojih ni jedna nije apsolutno sigurna, ali je cijepljenje puno sigurnija mjera.<br><br>Stipi\u0107 govori da ako je situacija s virusom ozbiljna, onda mjere trebaju i\u0107i prema svim zatvorenim prostorima. Ne mo\u017ee se i\u0107i s covid potvrdama u \u0161kolama, a ne i u kafi\u0107ima te u trgova\u010dkim centrima, nagla\u0161ava.<br><br>Na pitanje, zala\u017ee li se i njen sindikat za covid potvrde u svim zatvorenim prostorima, \u0160u\u0161kovi\u0107 je rekla kako oni nisu za proizvoljni selektivni pristup, zato \u0161to selektivno uvo\u0111enje covid potvrda ne rje\u0161ava problem.<br><br>Stipi\u0107 smatra kako bi prosvjetne vlasti trebale sagledati kakve \u0107e biti posljedice uvo\u0111enja covid potvrda za obrazovni sustav.<br><br>\u0160u\u0161kovi\u0107 govori kako \u0107e poslodavac organizirati onog tko \u0107e provjeravati covid potvrde kod zaposlenika. Jo\u0161 je jednom naglasila kako nije sigurna da \u0107e se ovom mjerom suzbiti broj oboljelih.<br><br>Na pitanje, spominju li se prosvjedi, rekla je kako se o tome ne govori.<br><br>Pavi\u0107 \u0160imetin nagla\u0161ava kako moramo biti sretni \u0161to postoje covid potvrde zato \u0161to nam one omogu\u0107uju kakvo-takvo kretanje, a ne da se moramo potpuno zatvoriti.<\/p>\n\n\n\n<p>Izvor:hrt.hr<\/p>\n","protected":false},"excerpt":{"rendered":"<p>Gostuju\u0107i e emisjiji Hrvatskoga radija &#8220;U mre\u017ei Prvog&#8221; zamjenica ravnatelja Hrvatskog zavoda za javno zdravstvo Ivana Pavi\u0107 \u0160imetin rekla je da se s povratkom u\u010denika u \u0161kole o\u010dekuje novi rast broja zara\u017eenih u toj populaciji. A protiv uvo\u0111enja COVID potvrda u \u0161kolstvo, dok za to ne postoji odluka Ustavnog suda, predsjednik je Sindikata Preporod \u017deljko [&hellip;]<\/p>\n","protected":false},"author":2,"featured_media":86524,"comment_status":"closed","ping_status":"closed","sticky":false,"template":"","format":"standard","meta":{"h5ap_radio_sources":[],"footnotes":""},"categories":[1],"tags":[],"class_list":["post-86523","post","type-post","status-publish","format-standard","has-post-thumbnail","hentry","category-bihiregija"],"yoast_head":"<!-- This site is optimized with the Yoast SEO plugin v27.5 - https:\/\/yoast.com\/product\/yoast-seo-wordpress\/ -->\n<title>COVID potvrde u dr\u017eavnim i javnim slu\u017ebama - RADIO LJUBU\u0160KI<\/title>\n<meta name=\"robots\" content=\"index, follow, max-snippet:-1, max-image-preview:large, max-video-preview:-1\" \/>\n<link rel=\"canonical\" href=\"https:\/\/radioljubuski.ba\/index.php\/2021\/11\/08\/covid-potvrde-u-drzavnim-i-javnim-sluzbama\/\" \/>\n<meta property=\"og:locale\" content=\"hr_HR\" \/>\n<meta property=\"og:type\" content=\"article\" \/>\n<meta property=\"og:title\" content=\"COVID potvrde u dr\u017eavnim i javnim slu\u017ebama - RADIO LJUBU\u0160KI\" \/>\n<meta property=\"og:description\" content=\"Gostuju\u0107i e emisjiji Hrvatskoga radija &#8220;U mre\u017ei Prvog&#8221; zamjenica ravnatelja Hrvatskog zavoda za javno zdravstvo Ivana Pavi\u0107 \u0160imetin rekla je da se s povratkom u\u010denika u \u0161kole o\u010dekuje novi rast broja zara\u017eenih u toj populaciji. A protiv uvo\u0111enja COVID potvrda u \u0161kolstvo, dok za to ne postoji odluka Ustavnog suda, predsjednik je Sindikata Preporod \u017deljko [&hellip;]\" \/>\n<meta property=\"og:url\" content=\"https:\/\/radioljubuski.ba\/index.php\/2021\/11\/08\/covid-potvrde-u-drzavnim-i-javnim-sluzbama\/\" \/>\n<meta property=\"og:site_name\" content=\"RADIO LJUBU\u0160KI\" \/>\n<meta property=\"article:publisher\" content=\"https:\/\/www.facebook.com\/Radiio-Ljubuski-1490835324566332\" \/>\n<meta property=\"article:published_time\" content=\"2021-11-08T09:40:55+00:00\" \/>\n<meta property=\"og:image\" content=\"https:\/\/radioljubuski.ba\/wp-content\/uploads\/2021\/11\/11-6.jpg\" \/>\n\t<meta property=\"og:image:width\" content=\"300\" \/>\n\t<meta property=\"og:image:height\" content=\"168\" \/>\n\t<meta property=\"og:image:type\" content=\"image\/jpeg\" \/>\n<meta name=\"author\" content=\"Radio Ljubu\u0161ki\" \/>\n<meta name=\"twitter:card\" content=\"summary_large_image\" \/>\n<meta name=\"twitter:creator\" content=\"@radioljubuski\" \/>\n<meta name=\"twitter:site\" content=\"@radioljubuski\" \/>\n<meta name=\"twitter:label1\" content=\"Napisao\/la\" \/>\n\t<meta name=\"twitter:data1\" content=\"Radio Ljubu\u0161ki\" \/>\n\t<meta name=\"twitter:label2\" content=\"Procijenjeno vrijeme \u010ditanja\" \/>\n\t<meta name=\"twitter:data2\" content=\"3 minute\" \/>\n<script type=\"application\/ld+json\" class=\"yoast-schema-graph\">{\"@context\":\"https:\\\/\\\/schema.org\",\"@graph\":[{\"@type\":\"Article\",\"@id\":\"https:\\\/\\\/radioljubuski.ba\\\/index.php\\\/2021\\\/11\\\/08\\\/covid-potvrde-u-drzavnim-i-javnim-sluzbama\\\/#article\",\"isPartOf\":{\"@id\":\"https:\\\/\\\/radioljubuski.ba\\\/index.php\\\/2021\\\/11\\\/08\\\/covid-potvrde-u-drzavnim-i-javnim-sluzbama\\\/\"},\"author\":{\"name\":\"Radio Ljubu\u0161ki\",\"@id\":\"https:\\\/\\\/radioljubuski.ba\\\/#\\\/schema\\\/person\\\/19fc700381a780f69665d7956c469e3b\"},\"headline\":\"COVID potvrde u dr\u017eavnim i javnim slu\u017ebama\",\"datePublished\":\"2021-11-08T09:40:55+00:00\",\"mainEntityOfPage\":{\"@id\":\"https:\\\/\\\/radioljubuski.ba\\\/index.php\\\/2021\\\/11\\\/08\\\/covid-potvrde-u-drzavnim-i-javnim-sluzbama\\\/\"},\"wordCount\":536,\"publisher\":{\"@id\":\"https:\\\/\\\/radioljubuski.ba\\\/#organization\"},\"image\":{\"@id\":\"https:\\\/\\\/radioljubuski.ba\\\/index.php\\\/2021\\\/11\\\/08\\\/covid-potvrde-u-drzavnim-i-javnim-sluzbama\\\/#primaryimage\"},\"thumbnailUrl\":\"https:\\\/\\\/radioljubuski.ba\\\/wp-content\\\/uploads\\\/2021\\\/11\\\/11-6.jpg\",\"articleSection\":[\"BIH i regija\"],\"inLanguage\":\"hr\"},{\"@type\":\"WebPage\",\"@id\":\"https:\\\/\\\/radioljubuski.ba\\\/index.php\\\/2021\\\/11\\\/08\\\/covid-potvrde-u-drzavnim-i-javnim-sluzbama\\\/\",\"url\":\"https:\\\/\\\/radioljubuski.ba\\\/index.php\\\/2021\\\/11\\\/08\\\/covid-potvrde-u-drzavnim-i-javnim-sluzbama\\\/\",\"name\":\"COVID potvrde u dr\u017eavnim i javnim slu\u017ebama - RADIO LJUBU\u0160KI\",\"isPartOf\":{\"@id\":\"https:\\\/\\\/radioljubuski.ba\\\/#website\"},\"primaryImageOfPage\":{\"@id\":\"https:\\\/\\\/radioljubuski.ba\\\/index.php\\\/2021\\\/11\\\/08\\\/covid-potvrde-u-drzavnim-i-javnim-sluzbama\\\/#primaryimage\"},\"image\":{\"@id\":\"https:\\\/\\\/radioljubuski.ba\\\/index.php\\\/2021\\\/11\\\/08\\\/covid-potvrde-u-drzavnim-i-javnim-sluzbama\\\/#primaryimage\"},\"thumbnailUrl\":\"https:\\\/\\\/radioljubuski.ba\\\/wp-content\\\/uploads\\\/2021\\\/11\\\/11-6.jpg\",\"datePublished\":\"2021-11-08T09:40:55+00:00\",\"breadcrumb\":{\"@id\":\"https:\\\/\\\/radioljubuski.ba\\\/index.php\\\/2021\\\/11\\\/08\\\/covid-potvrde-u-drzavnim-i-javnim-sluzbama\\\/#breadcrumb\"},\"inLanguage\":\"hr\",\"potentialAction\":[{\"@type\":\"ReadAction\",\"target\":[\"https:\\\/\\\/radioljubuski.ba\\\/index.php\\\/2021\\\/11\\\/08\\\/covid-potvrde-u-drzavnim-i-javnim-sluzbama\\\/\"]}]},{\"@type\":\"ImageObject\",\"inLanguage\":\"hr\",\"@id\":\"https:\\\/\\\/radioljubuski.ba\\\/index.php\\\/2021\\\/11\\\/08\\\/covid-potvrde-u-drzavnim-i-javnim-sluzbama\\\/#primaryimage\",\"url\":\"https:\\\/\\\/radioljubuski.ba\\\/wp-content\\\/uploads\\\/2021\\\/11\\\/11-6.jpg\",\"contentUrl\":\"https:\\\/\\\/radioljubuski.ba\\\/wp-content\\\/uploads\\\/2021\\\/11\\\/11-6.jpg\",\"width\":300,\"height\":168},{\"@type\":\"BreadcrumbList\",\"@id\":\"https:\\\/\\\/radioljubuski.ba\\\/index.php\\\/2021\\\/11\\\/08\\\/covid-potvrde-u-drzavnim-i-javnim-sluzbama\\\/#breadcrumb\",\"itemListElement\":[{\"@type\":\"ListItem\",\"position\":1,\"name\":\"Po\u010detna stranica\",\"item\":\"https:\\\/\\\/radioljubuski.ba\\\/\"},{\"@type\":\"ListItem\",\"position\":2,\"name\":\"COVID potvrde u dr\u017eavnim i javnim slu\u017ebama\"}]},{\"@type\":\"WebSite\",\"@id\":\"https:\\\/\\\/radioljubuski.ba\\\/#website\",\"url\":\"https:\\\/\\\/radioljubuski.ba\\\/\",\"name\":\"Radio Ljubu\u0161ki\",\"description\":\"Sun\u010dana frekvencija Hercegovine\",\"publisher\":{\"@id\":\"https:\\\/\\\/radioljubuski.ba\\\/#organization\"},\"potentialAction\":[{\"@type\":\"SearchAction\",\"target\":{\"@type\":\"EntryPoint\",\"urlTemplate\":\"https:\\\/\\\/radioljubuski.ba\\\/?s={search_term_string}\"},\"query-input\":{\"@type\":\"PropertyValueSpecification\",\"valueRequired\":true,\"valueName\":\"search_term_string\"}}],\"inLanguage\":\"hr\"},{\"@type\":\"Organization\",\"@id\":\"https:\\\/\\\/radioljubuski.ba\\\/#organization\",\"name\":\"Radio Ljubu\u0161ki\",\"url\":\"https:\\\/\\\/radioljubuski.ba\\\/\",\"logo\":{\"@type\":\"ImageObject\",\"inLanguage\":\"hr\",\"@id\":\"https:\\\/\\\/radioljubuski.ba\\\/#\\\/schema\\\/logo\\\/image\\\/\",\"url\":\"https:\\\/\\\/radioljubuski.ba\\\/wp-content\\\/uploads\\\/2021\\\/02\\\/cropped-Radio_Ljubuski_logo1.jpg\",\"contentUrl\":\"https:\\\/\\\/radioljubuski.ba\\\/wp-content\\\/uploads\\\/2021\\\/02\\\/cropped-Radio_Ljubuski_logo1.jpg\",\"width\":512,\"height\":512,\"caption\":\"Radio Ljubu\u0161ki\"},\"image\":{\"@id\":\"https:\\\/\\\/radioljubuski.ba\\\/#\\\/schema\\\/logo\\\/image\\\/\"},\"sameAs\":[\"https:\\\/\\\/www.facebook.com\\\/Radiio-Ljubuski-1490835324566332\",\"https:\\\/\\\/x.com\\\/radioljubuski\",\"https:\\\/\\\/hr.linkedin.com\\\/company\\\/radio-ljubuski\",\"https:\\\/\\\/www.youtube.com\\\/channel\\\/UCHYaeO_n0Db3tjNGudGpXyw\"]},{\"@type\":\"Person\",\"@id\":\"https:\\\/\\\/radioljubuski.ba\\\/#\\\/schema\\\/person\\\/19fc700381a780f69665d7956c469e3b\",\"name\":\"Radio Ljubu\u0161ki\"}]}<\/script>\n<!-- \/ Yoast SEO plugin. -->","yoast_head_json":{"title":"COVID potvrde u dr\u017eavnim i javnim slu\u017ebama - RADIO LJUBU\u0160KI","robots":{"index":"index","follow":"follow","max-snippet":"max-snippet:-1","max-image-preview":"max-image-preview:large","max-video-preview":"max-video-preview:-1"},"canonical":"https:\/\/radioljubuski.ba\/index.php\/2021\/11\/08\/covid-potvrde-u-drzavnim-i-javnim-sluzbama\/","og_locale":"hr_HR","og_type":"article","og_title":"COVID potvrde u dr\u017eavnim i javnim slu\u017ebama - RADIO LJUBU\u0160KI","og_description":"Gostuju\u0107i e emisjiji Hrvatskoga radija &#8220;U mre\u017ei Prvog&#8221; zamjenica ravnatelja Hrvatskog zavoda za javno zdravstvo Ivana Pavi\u0107 \u0160imetin rekla je da se s povratkom u\u010denika u \u0161kole o\u010dekuje novi rast broja zara\u017eenih u toj populaciji. A protiv uvo\u0111enja COVID potvrda u \u0161kolstvo, dok za to ne postoji odluka Ustavnog suda, predsjednik je Sindikata Preporod \u017deljko [&hellip;]","og_url":"https:\/\/radioljubuski.ba\/index.php\/2021\/11\/08\/covid-potvrde-u-drzavnim-i-javnim-sluzbama\/","og_site_name":"RADIO LJUBU\u0160KI","article_publisher":"https:\/\/www.facebook.com\/Radiio-Ljubuski-1490835324566332","article_published_time":"2021-11-08T09:40:55+00:00","og_image":[{"width":300,"height":168,"url":"https:\/\/radioljubuski.ba\/wp-content\/uploads\/2021\/11\/11-6.jpg","type":"image\/jpeg"}],"author":"Radio Ljubu\u0161ki","twitter_card":"summary_large_image","twitter_creator":"@radioljubuski","twitter_site":"@radioljubuski","twitter_misc":{"Napisao\/la":"Radio Ljubu\u0161ki","Procijenjeno vrijeme \u010ditanja":"3 minute"},"schema":{"@context":"https:\/\/schema.org","@graph":[{"@type":"Article","@id":"https:\/\/radioljubuski.ba\/index.php\/2021\/11\/08\/covid-potvrde-u-drzavnim-i-javnim-sluzbama\/#article","isPartOf":{"@id":"https:\/\/radioljubuski.ba\/index.php\/2021\/11\/08\/covid-potvrde-u-drzavnim-i-javnim-sluzbama\/"},"author":{"name":"Radio Ljubu\u0161ki","@id":"https:\/\/radioljubuski.ba\/#\/schema\/person\/19fc700381a780f69665d7956c469e3b"},"headline":"COVID potvrde u dr\u017eavnim i javnim slu\u017ebama","datePublished":"2021-11-08T09:40:55+00:00","mainEntityOfPage":{"@id":"https:\/\/radioljubuski.ba\/index.php\/2021\/11\/08\/covid-potvrde-u-drzavnim-i-javnim-sluzbama\/"},"wordCount":536,"publisher":{"@id":"https:\/\/radioljubuski.ba\/#organization"},"image":{"@id":"https:\/\/radioljubuski.ba\/index.php\/2021\/11\/08\/covid-potvrde-u-drzavnim-i-javnim-sluzbama\/#primaryimage"},"thumbnailUrl":"https:\/\/radioljubuski.ba\/wp-content\/uploads\/2021\/11\/11-6.jpg","articleSection":["BIH i regija"],"inLanguage":"hr"},{"@type":"WebPage","@id":"https:\/\/radioljubuski.ba\/index.php\/2021\/11\/08\/covid-potvrde-u-drzavnim-i-javnim-sluzbama\/","url":"https:\/\/radioljubuski.ba\/index.php\/2021\/11\/08\/covid-potvrde-u-drzavnim-i-javnim-sluzbama\/","name":"COVID potvrde u dr\u017eavnim i javnim slu\u017ebama - RADIO LJUBU\u0160KI","isPartOf":{"@id":"https:\/\/radioljubuski.ba\/#website"},"primaryImageOfPage":{"@id":"https:\/\/radioljubuski.ba\/index.php\/2021\/11\/08\/covid-potvrde-u-drzavnim-i-javnim-sluzbama\/#primaryimage"},"image":{"@id":"https:\/\/radioljubuski.ba\/index.php\/2021\/11\/08\/covid-potvrde-u-drzavnim-i-javnim-sluzbama\/#primaryimage"},"thumbnailUrl":"https:\/\/radioljubuski.ba\/wp-content\/uploads\/2021\/11\/11-6.jpg","datePublished":"2021-11-08T09:40:55+00:00","breadcrumb":{"@id":"https:\/\/radioljubuski.ba\/index.php\/2021\/11\/08\/covid-potvrde-u-drzavnim-i-javnim-sluzbama\/#breadcrumb"},"inLanguage":"hr","potentialAction":[{"@type":"ReadAction","target":["https:\/\/radioljubuski.ba\/index.php\/2021\/11\/08\/covid-potvrde-u-drzavnim-i-javnim-sluzbama\/"]}]},{"@type":"ImageObject","inLanguage":"hr","@id":"https:\/\/radioljubuski.ba\/index.php\/2021\/11\/08\/covid-potvrde-u-drzavnim-i-javnim-sluzbama\/#primaryimage","url":"https:\/\/radioljubuski.ba\/wp-content\/uploads\/2021\/11\/11-6.jpg","contentUrl":"https:\/\/radioljubuski.ba\/wp-content\/uploads\/2021\/11\/11-6.jpg","width":300,"height":168},{"@type":"BreadcrumbList","@id":"https:\/\/radioljubuski.ba\/index.php\/2021\/11\/08\/covid-potvrde-u-drzavnim-i-javnim-sluzbama\/#breadcrumb","itemListElement":[{"@type":"ListItem","position":1,"name":"Po\u010detna stranica","item":"https:\/\/radioljubuski.ba\/"},{"@type":"ListItem","position":2,"name":"COVID potvrde u dr\u017eavnim i javnim slu\u017ebama"}]},{"@type":"WebSite","@id":"https:\/\/radioljubuski.ba\/#website","url":"https:\/\/radioljubuski.ba\/","name":"Radio Ljubu\u0161ki","description":"Sun\u010dana frekvencija Hercegovine","publisher":{"@id":"https:\/\/radioljubuski.ba\/#organization"},"potentialAction":[{"@type":"SearchAction","target":{"@type":"EntryPoint","urlTemplate":"https:\/\/radioljubuski.ba\/?s={search_term_string}"},"query-input":{"@type":"PropertyValueSpecification","valueRequired":true,"valueName":"search_term_string"}}],"inLanguage":"hr"},{"@type":"Organization","@id":"https:\/\/radioljubuski.ba\/#organization","name":"Radio Ljubu\u0161ki","url":"https:\/\/radioljubuski.ba\/","logo":{"@type":"ImageObject","inLanguage":"hr","@id":"https:\/\/radioljubuski.ba\/#\/schema\/logo\/image\/","url":"https:\/\/radioljubuski.ba\/wp-content\/uploads\/2021\/02\/cropped-Radio_Ljubuski_logo1.jpg","contentUrl":"https:\/\/radioljubuski.ba\/wp-content\/uploads\/2021\/02\/cropped-Radio_Ljubuski_logo1.jpg","width":512,"height":512,"caption":"Radio Ljubu\u0161ki"},"image":{"@id":"https:\/\/radioljubuski.ba\/#\/schema\/logo\/image\/"},"sameAs":["https:\/\/www.facebook.com\/Radiio-Ljubuski-1490835324566332","https:\/\/x.com\/radioljubuski","https:\/\/hr.linkedin.com\/company\/radio-ljubuski","https:\/\/www.youtube.com\/channel\/UCHYaeO_n0Db3tjNGudGpXyw"]},{"@type":"Person","@id":"https:\/\/radioljubuski.ba\/#\/schema\/person\/19fc700381a780f69665d7956c469e3b","name":"Radio Ljubu\u0161ki"}]}},"_links":{"self":[{"href":"https:\/\/radioljubuski.ba\/index.php\/wp-json\/wp\/v2\/posts\/86523","targetHints":{"allow":["GET"]}}],"collection":[{"href":"https:\/\/radioljubuski.ba\/index.php\/wp-json\/wp\/v2\/posts"}],"about":[{"href":"https:\/\/radioljubuski.ba\/index.php\/wp-json\/wp\/v2\/types\/post"}],"author":[{"embeddable":true,"href":"https:\/\/radioljubuski.ba\/index.php\/wp-json\/wp\/v2\/users\/2"}],"replies":[{"embeddable":true,"href":"https:\/\/radioljubuski.ba\/index.php\/wp-json\/wp\/v2\/comments?post=86523"}],"version-history":[{"count":1,"href":"https:\/\/radioljubuski.ba\/index.php\/wp-json\/wp\/v2\/posts\/86523\/revisions"}],"predecessor-version":[{"id":86525,"href":"https:\/\/radioljubuski.ba\/index.php\/wp-json\/wp\/v2\/posts\/86523\/revisions\/86525"}],"wp:featuredmedia":[{"embeddable":true,"href":"https:\/\/radioljubuski.ba\/index.php\/wp-json\/wp\/v2\/media\/86524"}],"wp:attachment":[{"href":"https:\/\/radioljubuski.ba\/index.php\/wp-json\/wp\/v2\/media?parent=86523"}],"wp:term":[{"taxonomy":"category","embeddable":true,"href":"https:\/\/radioljubuski.ba\/index.php\/wp-json\/wp\/v2\/categories?post=86523"},{"taxonomy":"post_tag","embeddable":true,"href":"https:\/\/radioljubuski.ba\/index.php\/wp-json\/wp\/v2\/tags?post=86523"}],"curies":[{"name":"wp","href":"https:\/\/api.w.org\/{rel}","templated":true}]}}