{"id":86545,"date":"2021-11-08T11:26:12","date_gmt":"2021-11-08T10:26:12","guid":{"rendered":"https:\/\/radioljubuski.ba\/?p=86545"},"modified":"2021-11-08T11:26:12","modified_gmt":"2021-11-08T10:26:12","slug":"ante-prkacin-dovesti-se-u-stanje-da-protiv-sebe-imaju-dva-krscanska-naroda-kao-da-im-netko-navukao-ludacku-kosulju","status":"publish","type":"post","link":"https:\/\/radioljubuski.ba\/index.php\/2021\/11\/08\/ante-prkacin-dovesti-se-u-stanje-da-protiv-sebe-imaju-dva-krscanska-naroda-kao-da-im-netko-navukao-ludacku-kosulju\/","title":{"rendered":"Ante Prka\u010din: \u201cDovesti se u stanje da protiv sebe imaju dva kr\u0161\u0107anska naroda \u2013 kao da im netko navukao lu\u0111a\u010dku ko\u0161ulju\u201d"},"content":{"rendered":"\n<p><strong>Ante Prka\u010din, saborski zastupnik Domovinskog pokreta, govorio je u ime Kluba zastupnika DP-a.<\/strong><\/p>\n\n\n\n<p>\u201cPremijer nam je podnosio Izvje\u0161\u0107e o radu Vlade. Spomenuo sam jedan zna\u010dajan detalj koji \u010desto puta ovdje spomenem. Milorada Pupovca ovdje nema\u2026 Dakle, jedan neprecizan odnos hrvatske politike prema srpsko-hrvatskoj politici. Hrvatski Srbi su privilegirani, previ\u0161e im se pa\u017enje posve\u0107uje\u201d, zapo\u010deo je i nastavio:<\/p>\n\n\n\n<p>\u201cA bosanskim Srbima koji su nam neusporedivo zna\u010dajniji ne posve\u0107uje se dovoljno pa\u017enje. Meni je potpuno normalno da se prema srbijanskim Srbima zauzme \u010dvr\u0161\u0107i stav, posebno da se prozove njihovo destruktivno djelovanje u Crnoj Gori prevo\u0111eno Srpskom pravoslavnom crkvom\u201d, prenosi Direktno.hr.<\/p>\n\n\n\n<p>Odnos Srba i Hrvata u BiH je, ka\u017ee, na \u010distijoj platformi nego je ikada igdje bio.<\/p>\n\n\n\n<p>\u201cZnate li zbog \u010dega je tako? Zbog nepoznavanja prilika u BiH od strane me\u0111unarodne zajednice i zbog jednog potpuno pogre\u0161nog pona\u0161anja bo\u0161nja\u010dkih, moram lijep izraz izabrati da ih ne uvrijedim, nacionalista koji ne razumiju stanje u svom okru\u017eenju. Dovesti sebe u stanje da protiv sebe imaju dva kr\u0161\u0107anska naroda, to je kao da im je netko navukao lu\u0111a\u010dku ko\u0161ulju\u201d, govori pa nastavlja:<\/p>\n\n\n\n<p>\u201cU \u010demu je bit problema u BiH? Hrvatska i srpska strana po\u0161tuju konstitutivnost naroda, a bo\u0161nja\u010dka strana pri\u010da o gra\u0111anskoj dr\u017eavi. Pri\u010dati o gra\u0111anskoj dr\u017eavi nakon onako okrutnog gra\u0111anskog rata\u2026 Rat u BiH po\u010deo je agresijom JNA pod kontrolom Srba, a nakon toga pretvorio se u u\u017easan gra\u0111anski rat gdje su ubijani civili. Sva ta zvjerstva koja su se doga\u0111ala u BiH nisu nikakva pretpostavka za gra\u0111ansku dr\u017eavu. Onaj tko inzistira na gra\u0111anskoj dr\u017eavi, taj nema \u010diste namjere\u201d.<\/p>\n\n\n\n<p>Ante Markovi\u0107 je, ka\u017ee, 1991. godine imao najuglednije Sarajlije uza sebe. \u201cO\u010dekuju svi veliku pobjedu reformista, veliku pobjedu reformiranih komunista. Me\u0111utim, na izborima do\u017eivljavaju katastrofu. Nacionalisti\u010dke stranke potuku ih do nogu\u201d, rekao je.<\/p>\n\n\n\n<p>\u201cU jednoj takvoj dr\u017eavi inzistirati na ovoj gra\u0111anskoj logici, mo\u017ee samo jedna potpuno neupu\u0107ena krivo navedena me\u0111unarodna zajednica i jedni romantizirani bo\u0161njaci koji, zapravo, \u010dine neusporedivo ve\u0107u \u0161tetu svome narodu, nego su to \u010dinili na po\u010detku rata. Navla\u010de si lu\u0111a\u010dku ko\u0161ulju sukoba s dva kr\u0161\u0107anska naroda pri\u010daju\u0107i pri\u010de o nekakvom ratu\u2026\u201d, zaklju\u010dio je.<\/p>\n\n\n\n<p>\/HMS\/<\/p>\n","protected":false},"excerpt":{"rendered":"<p>Ante Prka\u010din, saborski zastupnik Domovinskog pokreta, govorio je u ime Kluba zastupnika DP-a. \u201cPremijer nam je podnosio Izvje\u0161\u0107e o radu Vlade. Spomenuo sam jedan zna\u010dajan detalj koji \u010desto puta ovdje spomenem. Milorada Pupovca ovdje nema\u2026 Dakle, jedan neprecizan odnos hrvatske politike prema srpsko-hrvatskoj politici. Hrvatski Srbi su privilegirani, previ\u0161e im se pa\u017enje posve\u0107uje\u201d, zapo\u010deo je [&hellip;]<\/p>\n","protected":false},"author":2,"featured_media":86546,"comment_status":"closed","ping_status":"closed","sticky":false,"template":"","format":"standard","meta":{"h5ap_radio_sources":[],"footnotes":""},"categories":[1],"tags":[],"class_list":["post-86545","post","type-post","status-publish","format-standard","has-post-thumbnail","hentry","category-bihiregija"],"yoast_head":"<!-- This site is optimized with the Yoast SEO plugin v27.5 - https:\/\/yoast.com\/product\/yoast-seo-wordpress\/ -->\n<title>Ante Prka\u010din: \u201cDovesti se u stanje da protiv sebe imaju dva kr\u0161\u0107anska naroda \u2013 kao da im netko navukao lu\u0111a\u010dku ko\u0161ulju\u201d - RADIO LJUBU\u0160KI<\/title>\n<meta name=\"robots\" content=\"index, follow, max-snippet:-1, max-image-preview:large, max-video-preview:-1\" \/>\n<link rel=\"canonical\" href=\"https:\/\/radioljubuski.ba\/index.php\/2021\/11\/08\/ante-prkacin-dovesti-se-u-stanje-da-protiv-sebe-imaju-dva-krscanska-naroda-kao-da-im-netko-navukao-ludacku-kosulju\/\" \/>\n<meta property=\"og:locale\" content=\"hr_HR\" \/>\n<meta property=\"og:type\" content=\"article\" \/>\n<meta property=\"og:title\" content=\"Ante Prka\u010din: \u201cDovesti se u stanje da protiv sebe imaju dva kr\u0161\u0107anska naroda \u2013 kao da im netko navukao lu\u0111a\u010dku ko\u0161ulju\u201d - RADIO LJUBU\u0160KI\" \/>\n<meta property=\"og:description\" content=\"Ante Prka\u010din, saborski zastupnik Domovinskog pokreta, govorio je u ime Kluba zastupnika DP-a. \u201cPremijer nam je podnosio Izvje\u0161\u0107e o radu Vlade. Spomenuo sam jedan zna\u010dajan detalj koji \u010desto puta ovdje spomenem. Milorada Pupovca ovdje nema\u2026 Dakle, jedan neprecizan odnos hrvatske politike prema srpsko-hrvatskoj politici. Hrvatski Srbi su privilegirani, previ\u0161e im se pa\u017enje posve\u0107uje\u201d, zapo\u010deo je [&hellip;]\" \/>\n<meta property=\"og:url\" content=\"https:\/\/radioljubuski.ba\/index.php\/2021\/11\/08\/ante-prkacin-dovesti-se-u-stanje-da-protiv-sebe-imaju-dva-krscanska-naroda-kao-da-im-netko-navukao-ludacku-kosulju\/\" \/>\n<meta property=\"og:site_name\" content=\"RADIO LJUBU\u0160KI\" \/>\n<meta property=\"article:publisher\" content=\"https:\/\/www.facebook.com\/Radiio-Ljubuski-1490835324566332\" \/>\n<meta property=\"article:published_time\" content=\"2021-11-08T10:26:12+00:00\" \/>\n<meta property=\"og:image\" content=\"https:\/\/radioljubuski.ba\/wp-content\/uploads\/2021\/11\/ante-prkacin-sabor.jpg\" \/>\n\t<meta property=\"og:image:width\" content=\"390\" \/>\n\t<meta property=\"og:image:height\" content=\"220\" \/>\n\t<meta property=\"og:image:type\" content=\"image\/jpeg\" \/>\n<meta name=\"author\" content=\"Radio Ljubu\u0161ki\" \/>\n<meta name=\"twitter:card\" content=\"summary_large_image\" \/>\n<meta name=\"twitter:creator\" content=\"@radioljubuski\" \/>\n<meta name=\"twitter:site\" content=\"@radioljubuski\" \/>\n<meta name=\"twitter:label1\" content=\"Napisao\/la\" \/>\n\t<meta name=\"twitter:data1\" content=\"Radio Ljubu\u0161ki\" \/>\n\t<meta name=\"twitter:label2\" content=\"Procijenjeno vrijeme \u010ditanja\" \/>\n\t<meta name=\"twitter:data2\" content=\"2 minute\" \/>\n<script type=\"application\/ld+json\" class=\"yoast-schema-graph\">{\"@context\":\"https:\\\/\\\/schema.org\",\"@graph\":[{\"@type\":\"Article\",\"@id\":\"https:\\\/\\\/radioljubuski.ba\\\/index.php\\\/2021\\\/11\\\/08\\\/ante-prkacin-dovesti-se-u-stanje-da-protiv-sebe-imaju-dva-krscanska-naroda-kao-da-im-netko-navukao-ludacku-kosulju\\\/#article\",\"isPartOf\":{\"@id\":\"https:\\\/\\\/radioljubuski.ba\\\/index.php\\\/2021\\\/11\\\/08\\\/ante-prkacin-dovesti-se-u-stanje-da-protiv-sebe-imaju-dva-krscanska-naroda-kao-da-im-netko-navukao-ludacku-kosulju\\\/\"},\"author\":{\"name\":\"Radio Ljubu\u0161ki\",\"@id\":\"https:\\\/\\\/radioljubuski.ba\\\/#\\\/schema\\\/person\\\/19fc700381a780f69665d7956c469e3b\"},\"headline\":\"Ante Prka\u010din: \u201cDovesti se u stanje da protiv sebe imaju dva kr\u0161\u0107anska naroda \u2013 kao da im netko navukao lu\u0111a\u010dku ko\u0161ulju\u201d\",\"datePublished\":\"2021-11-08T10:26:12+00:00\",\"mainEntityOfPage\":{\"@id\":\"https:\\\/\\\/radioljubuski.ba\\\/index.php\\\/2021\\\/11\\\/08\\\/ante-prkacin-dovesti-se-u-stanje-da-protiv-sebe-imaju-dva-krscanska-naroda-kao-da-im-netko-navukao-ludacku-kosulju\\\/\"},\"wordCount\":429,\"publisher\":{\"@id\":\"https:\\\/\\\/radioljubuski.ba\\\/#organization\"},\"image\":{\"@id\":\"https:\\\/\\\/radioljubuski.ba\\\/index.php\\\/2021\\\/11\\\/08\\\/ante-prkacin-dovesti-se-u-stanje-da-protiv-sebe-imaju-dva-krscanska-naroda-kao-da-im-netko-navukao-ludacku-kosulju\\\/#primaryimage\"},\"thumbnailUrl\":\"https:\\\/\\\/radioljubuski.ba\\\/wp-content\\\/uploads\\\/2021\\\/11\\\/ante-prkacin-sabor.jpg\",\"articleSection\":[\"BIH i regija\"],\"inLanguage\":\"hr\"},{\"@type\":\"WebPage\",\"@id\":\"https:\\\/\\\/radioljubuski.ba\\\/index.php\\\/2021\\\/11\\\/08\\\/ante-prkacin-dovesti-se-u-stanje-da-protiv-sebe-imaju-dva-krscanska-naroda-kao-da-im-netko-navukao-ludacku-kosulju\\\/\",\"url\":\"https:\\\/\\\/radioljubuski.ba\\\/index.php\\\/2021\\\/11\\\/08\\\/ante-prkacin-dovesti-se-u-stanje-da-protiv-sebe-imaju-dva-krscanska-naroda-kao-da-im-netko-navukao-ludacku-kosulju\\\/\",\"name\":\"Ante Prka\u010din: \u201cDovesti se u stanje da protiv sebe imaju dva kr\u0161\u0107anska naroda \u2013 kao da im netko navukao lu\u0111a\u010dku ko\u0161ulju\u201d - RADIO LJUBU\u0160KI\",\"isPartOf\":{\"@id\":\"https:\\\/\\\/radioljubuski.ba\\\/#website\"},\"primaryImageOfPage\":{\"@id\":\"https:\\\/\\\/radioljubuski.ba\\\/index.php\\\/2021\\\/11\\\/08\\\/ante-prkacin-dovesti-se-u-stanje-da-protiv-sebe-imaju-dva-krscanska-naroda-kao-da-im-netko-navukao-ludacku-kosulju\\\/#primaryimage\"},\"image\":{\"@id\":\"https:\\\/\\\/radioljubuski.ba\\\/index.php\\\/2021\\\/11\\\/08\\\/ante-prkacin-dovesti-se-u-stanje-da-protiv-sebe-imaju-dva-krscanska-naroda-kao-da-im-netko-navukao-ludacku-kosulju\\\/#primaryimage\"},\"thumbnailUrl\":\"https:\\\/\\\/radioljubuski.ba\\\/wp-content\\\/uploads\\\/2021\\\/11\\\/ante-prkacin-sabor.jpg\",\"datePublished\":\"2021-11-08T10:26:12+00:00\",\"breadcrumb\":{\"@id\":\"https:\\\/\\\/radioljubuski.ba\\\/index.php\\\/2021\\\/11\\\/08\\\/ante-prkacin-dovesti-se-u-stanje-da-protiv-sebe-imaju-dva-krscanska-naroda-kao-da-im-netko-navukao-ludacku-kosulju\\\/#breadcrumb\"},\"inLanguage\":\"hr\",\"potentialAction\":[{\"@type\":\"ReadAction\",\"target\":[\"https:\\\/\\\/radioljubuski.ba\\\/index.php\\\/2021\\\/11\\\/08\\\/ante-prkacin-dovesti-se-u-stanje-da-protiv-sebe-imaju-dva-krscanska-naroda-kao-da-im-netko-navukao-ludacku-kosulju\\\/\"]}]},{\"@type\":\"ImageObject\",\"inLanguage\":\"hr\",\"@id\":\"https:\\\/\\\/radioljubuski.ba\\\/index.php\\\/2021\\\/11\\\/08\\\/ante-prkacin-dovesti-se-u-stanje-da-protiv-sebe-imaju-dva-krscanska-naroda-kao-da-im-netko-navukao-ludacku-kosulju\\\/#primaryimage\",\"url\":\"https:\\\/\\\/radioljubuski.ba\\\/wp-content\\\/uploads\\\/2021\\\/11\\\/ante-prkacin-sabor.jpg\",\"contentUrl\":\"https:\\\/\\\/radioljubuski.ba\\\/wp-content\\\/uploads\\\/2021\\\/11\\\/ante-prkacin-sabor.jpg\",\"width\":390,\"height\":220},{\"@type\":\"BreadcrumbList\",\"@id\":\"https:\\\/\\\/radioljubuski.ba\\\/index.php\\\/2021\\\/11\\\/08\\\/ante-prkacin-dovesti-se-u-stanje-da-protiv-sebe-imaju-dva-krscanska-naroda-kao-da-im-netko-navukao-ludacku-kosulju\\\/#breadcrumb\",\"itemListElement\":[{\"@type\":\"ListItem\",\"position\":1,\"name\":\"Po\u010detna stranica\",\"item\":\"https:\\\/\\\/radioljubuski.ba\\\/\"},{\"@type\":\"ListItem\",\"position\":2,\"name\":\"Ante Prka\u010din: \u201cDovesti se u stanje da protiv sebe imaju dva kr\u0161\u0107anska naroda \u2013 kao da im netko navukao lu\u0111a\u010dku ko\u0161ulju\u201d\"}]},{\"@type\":\"WebSite\",\"@id\":\"https:\\\/\\\/radioljubuski.ba\\\/#website\",\"url\":\"https:\\\/\\\/radioljubuski.ba\\\/\",\"name\":\"Radio Ljubu\u0161ki\",\"description\":\"Sun\u010dana frekvencija Hercegovine\",\"publisher\":{\"@id\":\"https:\\\/\\\/radioljubuski.ba\\\/#organization\"},\"potentialAction\":[{\"@type\":\"SearchAction\",\"target\":{\"@type\":\"EntryPoint\",\"urlTemplate\":\"https:\\\/\\\/radioljubuski.ba\\\/?s={search_term_string}\"},\"query-input\":{\"@type\":\"PropertyValueSpecification\",\"valueRequired\":true,\"valueName\":\"search_term_string\"}}],\"inLanguage\":\"hr\"},{\"@type\":\"Organization\",\"@id\":\"https:\\\/\\\/radioljubuski.ba\\\/#organization\",\"name\":\"Radio Ljubu\u0161ki\",\"url\":\"https:\\\/\\\/radioljubuski.ba\\\/\",\"logo\":{\"@type\":\"ImageObject\",\"inLanguage\":\"hr\",\"@id\":\"https:\\\/\\\/radioljubuski.ba\\\/#\\\/schema\\\/logo\\\/image\\\/\",\"url\":\"https:\\\/\\\/radioljubuski.ba\\\/wp-content\\\/uploads\\\/2021\\\/02\\\/cropped-Radio_Ljubuski_logo1.jpg\",\"contentUrl\":\"https:\\\/\\\/radioljubuski.ba\\\/wp-content\\\/uploads\\\/2021\\\/02\\\/cropped-Radio_Ljubuski_logo1.jpg\",\"width\":512,\"height\":512,\"caption\":\"Radio Ljubu\u0161ki\"},\"image\":{\"@id\":\"https:\\\/\\\/radioljubuski.ba\\\/#\\\/schema\\\/logo\\\/image\\\/\"},\"sameAs\":[\"https:\\\/\\\/www.facebook.com\\\/Radiio-Ljubuski-1490835324566332\",\"https:\\\/\\\/x.com\\\/radioljubuski\",\"https:\\\/\\\/hr.linkedin.com\\\/company\\\/radio-ljubuski\",\"https:\\\/\\\/www.youtube.com\\\/channel\\\/UCHYaeO_n0Db3tjNGudGpXyw\"]},{\"@type\":\"Person\",\"@id\":\"https:\\\/\\\/radioljubuski.ba\\\/#\\\/schema\\\/person\\\/19fc700381a780f69665d7956c469e3b\",\"name\":\"Radio Ljubu\u0161ki\"}]}<\/script>\n<!-- \/ Yoast SEO plugin. -->","yoast_head_json":{"title":"Ante Prka\u010din: \u201cDovesti se u stanje da protiv sebe imaju dva kr\u0161\u0107anska naroda \u2013 kao da im netko navukao lu\u0111a\u010dku ko\u0161ulju\u201d - RADIO LJUBU\u0160KI","robots":{"index":"index","follow":"follow","max-snippet":"max-snippet:-1","max-image-preview":"max-image-preview:large","max-video-preview":"max-video-preview:-1"},"canonical":"https:\/\/radioljubuski.ba\/index.php\/2021\/11\/08\/ante-prkacin-dovesti-se-u-stanje-da-protiv-sebe-imaju-dva-krscanska-naroda-kao-da-im-netko-navukao-ludacku-kosulju\/","og_locale":"hr_HR","og_type":"article","og_title":"Ante Prka\u010din: \u201cDovesti se u stanje da protiv sebe imaju dva kr\u0161\u0107anska naroda \u2013 kao da im netko navukao lu\u0111a\u010dku ko\u0161ulju\u201d - RADIO LJUBU\u0160KI","og_description":"Ante Prka\u010din, saborski zastupnik Domovinskog pokreta, govorio je u ime Kluba zastupnika DP-a. \u201cPremijer nam je podnosio Izvje\u0161\u0107e o radu Vlade. Spomenuo sam jedan zna\u010dajan detalj koji \u010desto puta ovdje spomenem. Milorada Pupovca ovdje nema\u2026 Dakle, jedan neprecizan odnos hrvatske politike prema srpsko-hrvatskoj politici. Hrvatski Srbi su privilegirani, previ\u0161e im se pa\u017enje posve\u0107uje\u201d, zapo\u010deo je [&hellip;]","og_url":"https:\/\/radioljubuski.ba\/index.php\/2021\/11\/08\/ante-prkacin-dovesti-se-u-stanje-da-protiv-sebe-imaju-dva-krscanska-naroda-kao-da-im-netko-navukao-ludacku-kosulju\/","og_site_name":"RADIO LJUBU\u0160KI","article_publisher":"https:\/\/www.facebook.com\/Radiio-Ljubuski-1490835324566332","article_published_time":"2021-11-08T10:26:12+00:00","og_image":[{"width":390,"height":220,"url":"https:\/\/radioljubuski.ba\/wp-content\/uploads\/2021\/11\/ante-prkacin-sabor.jpg","type":"image\/jpeg"}],"author":"Radio Ljubu\u0161ki","twitter_card":"summary_large_image","twitter_creator":"@radioljubuski","twitter_site":"@radioljubuski","twitter_misc":{"Napisao\/la":"Radio Ljubu\u0161ki","Procijenjeno vrijeme \u010ditanja":"2 minute"},"schema":{"@context":"https:\/\/schema.org","@graph":[{"@type":"Article","@id":"https:\/\/radioljubuski.ba\/index.php\/2021\/11\/08\/ante-prkacin-dovesti-se-u-stanje-da-protiv-sebe-imaju-dva-krscanska-naroda-kao-da-im-netko-navukao-ludacku-kosulju\/#article","isPartOf":{"@id":"https:\/\/radioljubuski.ba\/index.php\/2021\/11\/08\/ante-prkacin-dovesti-se-u-stanje-da-protiv-sebe-imaju-dva-krscanska-naroda-kao-da-im-netko-navukao-ludacku-kosulju\/"},"author":{"name":"Radio Ljubu\u0161ki","@id":"https:\/\/radioljubuski.ba\/#\/schema\/person\/19fc700381a780f69665d7956c469e3b"},"headline":"Ante Prka\u010din: \u201cDovesti se u stanje da protiv sebe imaju dva kr\u0161\u0107anska naroda \u2013 kao da im netko navukao lu\u0111a\u010dku ko\u0161ulju\u201d","datePublished":"2021-11-08T10:26:12+00:00","mainEntityOfPage":{"@id":"https:\/\/radioljubuski.ba\/index.php\/2021\/11\/08\/ante-prkacin-dovesti-se-u-stanje-da-protiv-sebe-imaju-dva-krscanska-naroda-kao-da-im-netko-navukao-ludacku-kosulju\/"},"wordCount":429,"publisher":{"@id":"https:\/\/radioljubuski.ba\/#organization"},"image":{"@id":"https:\/\/radioljubuski.ba\/index.php\/2021\/11\/08\/ante-prkacin-dovesti-se-u-stanje-da-protiv-sebe-imaju-dva-krscanska-naroda-kao-da-im-netko-navukao-ludacku-kosulju\/#primaryimage"},"thumbnailUrl":"https:\/\/radioljubuski.ba\/wp-content\/uploads\/2021\/11\/ante-prkacin-sabor.jpg","articleSection":["BIH i regija"],"inLanguage":"hr"},{"@type":"WebPage","@id":"https:\/\/radioljubuski.ba\/index.php\/2021\/11\/08\/ante-prkacin-dovesti-se-u-stanje-da-protiv-sebe-imaju-dva-krscanska-naroda-kao-da-im-netko-navukao-ludacku-kosulju\/","url":"https:\/\/radioljubuski.ba\/index.php\/2021\/11\/08\/ante-prkacin-dovesti-se-u-stanje-da-protiv-sebe-imaju-dva-krscanska-naroda-kao-da-im-netko-navukao-ludacku-kosulju\/","name":"Ante Prka\u010din: \u201cDovesti se u stanje da protiv sebe imaju dva kr\u0161\u0107anska naroda \u2013 kao da im netko navukao lu\u0111a\u010dku ko\u0161ulju\u201d - RADIO LJUBU\u0160KI","isPartOf":{"@id":"https:\/\/radioljubuski.ba\/#website"},"primaryImageOfPage":{"@id":"https:\/\/radioljubuski.ba\/index.php\/2021\/11\/08\/ante-prkacin-dovesti-se-u-stanje-da-protiv-sebe-imaju-dva-krscanska-naroda-kao-da-im-netko-navukao-ludacku-kosulju\/#primaryimage"},"image":{"@id":"https:\/\/radioljubuski.ba\/index.php\/2021\/11\/08\/ante-prkacin-dovesti-se-u-stanje-da-protiv-sebe-imaju-dva-krscanska-naroda-kao-da-im-netko-navukao-ludacku-kosulju\/#primaryimage"},"thumbnailUrl":"https:\/\/radioljubuski.ba\/wp-content\/uploads\/2021\/11\/ante-prkacin-sabor.jpg","datePublished":"2021-11-08T10:26:12+00:00","breadcrumb":{"@id":"https:\/\/radioljubuski.ba\/index.php\/2021\/11\/08\/ante-prkacin-dovesti-se-u-stanje-da-protiv-sebe-imaju-dva-krscanska-naroda-kao-da-im-netko-navukao-ludacku-kosulju\/#breadcrumb"},"inLanguage":"hr","potentialAction":[{"@type":"ReadAction","target":["https:\/\/radioljubuski.ba\/index.php\/2021\/11\/08\/ante-prkacin-dovesti-se-u-stanje-da-protiv-sebe-imaju-dva-krscanska-naroda-kao-da-im-netko-navukao-ludacku-kosulju\/"]}]},{"@type":"ImageObject","inLanguage":"hr","@id":"https:\/\/radioljubuski.ba\/index.php\/2021\/11\/08\/ante-prkacin-dovesti-se-u-stanje-da-protiv-sebe-imaju-dva-krscanska-naroda-kao-da-im-netko-navukao-ludacku-kosulju\/#primaryimage","url":"https:\/\/radioljubuski.ba\/wp-content\/uploads\/2021\/11\/ante-prkacin-sabor.jpg","contentUrl":"https:\/\/radioljubuski.ba\/wp-content\/uploads\/2021\/11\/ante-prkacin-sabor.jpg","width":390,"height":220},{"@type":"BreadcrumbList","@id":"https:\/\/radioljubuski.ba\/index.php\/2021\/11\/08\/ante-prkacin-dovesti-se-u-stanje-da-protiv-sebe-imaju-dva-krscanska-naroda-kao-da-im-netko-navukao-ludacku-kosulju\/#breadcrumb","itemListElement":[{"@type":"ListItem","position":1,"name":"Po\u010detna stranica","item":"https:\/\/radioljubuski.ba\/"},{"@type":"ListItem","position":2,"name":"Ante Prka\u010din: \u201cDovesti se u stanje da protiv sebe imaju dva kr\u0161\u0107anska naroda \u2013 kao da im netko navukao lu\u0111a\u010dku ko\u0161ulju\u201d"}]},{"@type":"WebSite","@id":"https:\/\/radioljubuski.ba\/#website","url":"https:\/\/radioljubuski.ba\/","name":"Radio Ljubu\u0161ki","description":"Sun\u010dana frekvencija Hercegovine","publisher":{"@id":"https:\/\/radioljubuski.ba\/#organization"},"potentialAction":[{"@type":"SearchAction","target":{"@type":"EntryPoint","urlTemplate":"https:\/\/radioljubuski.ba\/?s={search_term_string}"},"query-input":{"@type":"PropertyValueSpecification","valueRequired":true,"valueName":"search_term_string"}}],"inLanguage":"hr"},{"@type":"Organization","@id":"https:\/\/radioljubuski.ba\/#organization","name":"Radio Ljubu\u0161ki","url":"https:\/\/radioljubuski.ba\/","logo":{"@type":"ImageObject","inLanguage":"hr","@id":"https:\/\/radioljubuski.ba\/#\/schema\/logo\/image\/","url":"https:\/\/radioljubuski.ba\/wp-content\/uploads\/2021\/02\/cropped-Radio_Ljubuski_logo1.jpg","contentUrl":"https:\/\/radioljubuski.ba\/wp-content\/uploads\/2021\/02\/cropped-Radio_Ljubuski_logo1.jpg","width":512,"height":512,"caption":"Radio Ljubu\u0161ki"},"image":{"@id":"https:\/\/radioljubuski.ba\/#\/schema\/logo\/image\/"},"sameAs":["https:\/\/www.facebook.com\/Radiio-Ljubuski-1490835324566332","https:\/\/x.com\/radioljubuski","https:\/\/hr.linkedin.com\/company\/radio-ljubuski","https:\/\/www.youtube.com\/channel\/UCHYaeO_n0Db3tjNGudGpXyw"]},{"@type":"Person","@id":"https:\/\/radioljubuski.ba\/#\/schema\/person\/19fc700381a780f69665d7956c469e3b","name":"Radio Ljubu\u0161ki"}]}},"_links":{"self":[{"href":"https:\/\/radioljubuski.ba\/index.php\/wp-json\/wp\/v2\/posts\/86545","targetHints":{"allow":["GET"]}}],"collection":[{"href":"https:\/\/radioljubuski.ba\/index.php\/wp-json\/wp\/v2\/posts"}],"about":[{"href":"https:\/\/radioljubuski.ba\/index.php\/wp-json\/wp\/v2\/types\/post"}],"author":[{"embeddable":true,"href":"https:\/\/radioljubuski.ba\/index.php\/wp-json\/wp\/v2\/users\/2"}],"replies":[{"embeddable":true,"href":"https:\/\/radioljubuski.ba\/index.php\/wp-json\/wp\/v2\/comments?post=86545"}],"version-history":[{"count":1,"href":"https:\/\/radioljubuski.ba\/index.php\/wp-json\/wp\/v2\/posts\/86545\/revisions"}],"predecessor-version":[{"id":86547,"href":"https:\/\/radioljubuski.ba\/index.php\/wp-json\/wp\/v2\/posts\/86545\/revisions\/86547"}],"wp:featuredmedia":[{"embeddable":true,"href":"https:\/\/radioljubuski.ba\/index.php\/wp-json\/wp\/v2\/media\/86546"}],"wp:attachment":[{"href":"https:\/\/radioljubuski.ba\/index.php\/wp-json\/wp\/v2\/media?parent=86545"}],"wp:term":[{"taxonomy":"category","embeddable":true,"href":"https:\/\/radioljubuski.ba\/index.php\/wp-json\/wp\/v2\/categories?post=86545"},{"taxonomy":"post_tag","embeddable":true,"href":"https:\/\/radioljubuski.ba\/index.php\/wp-json\/wp\/v2\/tags?post=86545"}],"curies":[{"name":"wp","href":"https:\/\/api.w.org\/{rel}","templated":true}]}}