{"id":86568,"date":"2021-11-08T11:37:00","date_gmt":"2021-11-08T10:37:00","guid":{"rendered":"https:\/\/radioljubuski.ba\/?p=86568"},"modified":"2021-11-08T11:37:00","modified_gmt":"2021-11-08T10:37:00","slug":"8-studenoga-1983-rodena-blanka-vlasic-hrvatska-sjajna-zvijezda-i-uzdanica","status":"publish","type":"post","link":"https:\/\/radioljubuski.ba\/index.php\/2021\/11\/08\/8-studenoga-1983-rodena-blanka-vlasic-hrvatska-sjajna-zvijezda-i-uzdanica\/","title":{"rendered":"8. studenoga 1983. ro\u0111ena Blanka Vla\u0161i\u0107 \u2013 hrvatska sjajna zvijezda i uzdanica!"},"content":{"rendered":"\n<p><strong>Blanka Vla\u0161i\u0107 je dvostruka svjetska prvakinja te olimpijska dvoprvakinja iz Pekinga 2008. godine.<\/strong><\/p>\n\n\n\n<p>Na dana\u0161nji dan 8. studenoga 1983. ro\u0111ena je Blanka Vla\u0161i\u0107, hrvatska rekorderka u skoku u vis i jedna od najboljih sporta\u0161ica svijeta.<\/p>\n\n\n\n<p>Ona je ujedno i jedna od najboljih hrvatskih sporta\u0161ica svih vremena. Dvostruka je svjetska prvakinja te olimpijska doprvakinja iz Pekinga 2008. godine.<\/p>\n\n\n\n<p>Preko dva metra dosad je letjela 162 puta na 103 natjecanja, a njezinih 208 centimetara presko\u010denih na Han\u017eekovi\u0107evom memorijalu u Zagrebu, 31. kolovoza 2009. drugi je rezultat u povijesti skoka u vis, odmah do rekordnih 209 cm Stefke Kostadinove.<\/p>\n\n\n\n<p>Blanka je \u0161est puta izabrana za najbolju sporta\u0161icu Hrvatske, dvaput za najbolju sporta\u0161icu Europe, a 2010. godine bila je i najbolja sporta\u0161ica svijeta.<\/p>\n\n\n\n<p>Te godine pobijedila je na Svjetskom dvoranskom prvenstvu u Dohi, na Europskom prvenstvu u Barceloni i Kupu kontinenata u Splitu pa ju je IAAF proglasio slu\u017ebeno najboljom svjetskom atleti\u010darkom.<\/p>\n\n\n\n<p>U rujnu 2021. dobila je posebno priznanje u Bruxellesu povodom odr\u017eavanja 45. izdanja Memoriala Van Damme. Primljena u Ku\u0107u slavnih ovog poznatog mitinga, koja je osnovana 2017. godine, zajedno sa svjetskim rekorderom u skoku u dalj Mikeom Powellom.<\/p>\n\n\n\n<p>Osobito je u javnosti ostalo zamije\u0107eno njeno obra\u0107enje Bogu i predanost kr\u0161\u0107anskoj vjeri.<\/p>\n\n\n\n<p>Izuzetnu gra\u0111ansku i ljudsku hrabrost Blanka Vla\u0161i\u0107 je iskazala javnim o\u010ditovanjem ZA BRAK na prvom hrvatskom narodnom referendumu.<\/p>\n\n\n\n<p><strong>Obrazovanje<\/strong><\/p>\n\n\n\n<p>Blanka Vla\u0161i\u0107 je nakon zavr\u0161ene osnovne \u0161kole zavr\u0161ila srednju farmaceutsku \u0161kolu u Splitu, pi\u0161e <a href=\"https:\/\/www.biografija.com\/blanka-vlasic\/\">biografija.com<\/a>. Budu\u0107i da se ve\u0107 u srednjoj \u0161koli aktivnu bavila atletikom i ve\u0107 kao juniorka osvajala medalje na raznim natjecanjima, nakon zavr\u0161ene srednje \u0161kole nije upisala fakultet. 2010. godine, na preporuku kolegice Ivane Brklja\u010di\u0107, Blanka Vla\u0161i\u0107 upisala je trogodi\u0161nji studij sportskog menad\u017ementa, koji se odr\u017eava na visokoj \u0161koli Aspera u Splitu. Uz to, Blanka se posvetila usavr\u0161avanju jezika, pogotovo engleskog i \u0161panjolskog, kako bi se pripremila za nastavak karijere u sportu i nakon \u0161to prestane biti aktivna sporta\u0161ica.<\/p>\n\n\n\n<p><strong>Privatni \u017eivot<\/strong><\/p>\n\n\n\n<p>Dolazi iz sportske obitelji \u2013 njen otac Jo\u0161ko tako\u0111er je bio atleti\u010dar koji je u Casablanci 1983. godine osvojio zlatnu medalju na Mediteranskim igrama, u disciplini desetoboja. Upravo je po tom gradu Blanka dobila ime, jer ro\u0111ena nekoliko mjeseci nakon tog o\u010deva uspjeha. Njena majka, Venera, biv\u0161a je Jugoslavenska prvakinja u skija\u0161kom tr\u010danju. Blanka ima i tri mla\u0111a brata, od kojih je najstariji biv\u0161i ko\u0161arka\u0161, a najmla\u0111i mladi nogometa\u0161.<\/p>\n\n\n\n<p>Blanka je svoje sportske uspjehe po\u010dela nizati ve\u0107 sa 16. godina. U to vrijeme bila je jo\u0161 srednjo\u0161kolka, ali intenzivno bavljenje sportom nije je omelo da i u \u0161koli bude odlika\u0161ica. Nakon srednje \u0161kole posvetila se samo atletici. 2004. godine po\u010dela se pripremati za Olimpijske igre u Ateni, gdje je izborila finale. Ipak, u daljnjem natjecanju sprije\u010dila ju je bolest. Dijagnosticirana joj je hipertireoza, zbog \u010dega je 2005. godine morala izvaditi \u0161titnja\u010du. Blanka se iste godina vratila natjecanjima i po\u010dela nizati jo\u0161 zna\u010dajnije uspjehe.<\/p>\n\n\n\n<p>To je trajalo sve do 2013. godine, kada se Blanka te\u0161ko ozlijedila. I nekoliko godina ranije imala je probleme s bolovima u kukovima, ali je se nastavila natjecati unato\u010d njima. Po\u010dela je s rehabilitacijom i nastavila s treninzima, ali je istovremeno oboljela od depresije. I\u0161la je na treninge trpe\u0107i veliku fizi\u010dku bol, koja bi se za vrijeme i nakon treninga samo pogor\u0161avala. To je uvelike utjecalo i na njenu psihu. Bojala se da zbog boli ne\u0107e mo\u0107i nastaviti sportsku karijeru, bez koje se osje\u0107ala nepotpunom i nebitnom osobom. Vrhunac se dogodio za vrijeme jednog treninga, kada vi\u0161e nije mogla trpjeti bolove. Tada joj se povjerio najstariji od njene mla\u0111e bra\u0107e, s kojim Blanka u to vrijeme nije bila u dobrim odnosima. Preporu\u010dio joj je duhovnu obnovu i upoznao sa snagom vjere, koja je i njemu osobno pomogla. Iako je u po\u010detku odbijala njegove savjete, Blanka je s vremenom, upravo uz njegovu pomo\u0107, prona\u0161la utjehu u vjeri i postala prakti\u010dna vjernica.<\/p>\n\n\n\n<p>Nakon Olimpijskih igara u Rio de Janeiru, na kojima je osvojila broncu, Blanka je svoje odli\u010dje poklonila sveti\u0161tu Majke Bo\u017eje Bistri\u010dke. Javnost na to nije dobro reagirala, poni\u017eavaju\u0107i na dru\u0161tvenim mre\u017eama, ali i u medijima, Blanku i njen osoban \u010din vjere. Stoga su 53 hrvatska sporta\u0161a objavila otvoreno pismo javnosti, upozoravaju\u0107i da je vjeroispovijesti i njeno iskazivanje osnovno pravo \u010dovjeka, zajam\u010deno Ustavom, pa tako i pravo Blanke Vla\u0161i\u0107.<\/p>\n\n\n\n<p>Iako su mediji u nekoliko navrata prenosili vijesti o Blankinom ljubavnom \u017eivotu i nekim mu\u0161karcima s kojima je bila u vezi, ona u posljednje vrijeme izri\u010dito promovira predbra\u010dnu \u010disto\u0107u i ljubav prema Kristu.<\/p>\n\n\n\n<p><strong>Posao<\/strong><\/p>\n\n\n\n<p>Budu\u0107i da dolazi iz sportske obitelji, Blanka Vla\u0161i\u0107 bavi se sportom otkako je prohodala. U djetinjstvu je pod palicom svog oca trenirala sprinterske discipline, skokove u dalj i tr\u010danje s preponama. Kako je Blanka izrasla u vitku i iznadprosje\u010dno visoku djevojku, s vremenom se odlu\u010dila za atletsku disciplinu skokova u vis. U njima se pokazala kao veoma talentirana, marljiva, a uskoro i uspje\u0161na sporta\u0161ica.<\/p>\n\n\n\n<p>Jo\u0161 je jo\u0161 kao srednjo\u0161kolka 1999. godine, osvojila osmo mjesto na Prvenstvu svijeta za mla\u0111e juniorke, koje se odr\u017eavalo u Poljskoj. Tada je zapo\u010dela njena karijera atleti\u010darke koja \u0107e joj donijeti najve\u0107a sportska priznanja. Ve\u0107 sljede\u0107e godine, s nepunih 17 godina, nastupila je na Olimpijskim igrama u Sidneyu i tamo osvojila 17. mjesto. Samo mjesec dana nakon toga u \u010cileu je presko\u010dila 191 cm i postala svjetska juniorska prvakinja. Zlato je osvojila i u Tunisu na Mediteranskim igrama te u Melbourneu na Igrama dobre volje.<\/p>\n\n\n\n<p>Godine 2002. godine na seniorskom prvenstvu u M\u00fcnchenu Blanka je osvojila peto mjesto, ali je iste godine obranila titulu najbolje svjetske juniorke. Osvojila je jo\u0161 niz medalja koje su je odvele na Olimpijske igre u Ateni. Iako je izborila finale, zbog bolesti nije mogla nastaviti natjecanje. Ali ve\u0107 sljede\u0107e godine po\u010dela je nizati uspjehe. 2006. godina za Blanku je bila itekako zna\u010dajna. 20 puta uspjela je presko\u010diti 2 metra, a u 19 nastupa pobijedila je \u010dak 18 puta. Natjecala se na svim presti\u017enim natjecanjima, sve do Olimpijskih igara 2016. godine, koje su se odr\u017eavale u Rio de Janeiru.<\/p>\n\n\n\n<iframe loading=\"lazy\" title=\"U ime obitelji: Blanka Vla\u0161i\u0107\" width=\"640\" height=\"360\" src=\"https:\/\/www.youtube.com\/embed\/4s3Blw6CHhs?feature=oembed\" frameborder=\"0\" allow=\"accelerometer; autoplay; clipboard-write; encrypted-media; gyroscope; picture-in-picture; web-share\" referrerpolicy=\"strict-origin-when-cross-origin\" allowfullscreen><\/iframe>\n\n\n\n<p><strong>Sretan ti ro\u0111endan, hrvatska sjajna zvijezdo i uzdanice!<\/strong><\/p>\n\n\n\n<p><em>Izvor: narod.hr\/<\/em><\/p>\n","protected":false},"excerpt":{"rendered":"<p>Blanka Vla\u0161i\u0107 je dvostruka svjetska prvakinja te olimpijska dvoprvakinja iz Pekinga 2008. godine. Na dana\u0161nji dan 8. studenoga 1983. ro\u0111ena je Blanka Vla\u0161i\u0107, hrvatska rekorderka u skoku u vis i jedna od najboljih sporta\u0161ica svijeta. Ona je ujedno i jedna od najboljih hrvatskih sporta\u0161ica svih vremena. Dvostruka je svjetska prvakinja te olimpijska doprvakinja iz Pekinga [&hellip;]<\/p>\n","protected":false},"author":2,"featured_media":86569,"comment_status":"closed","ping_status":"closed","sticky":false,"template":"","format":"standard","meta":{"h5ap_radio_sources":[],"footnotes":""},"categories":[7],"tags":[],"class_list":["post-86568","post","type-post","status-publish","format-standard","has-post-thumbnail","hentry","category-sport"],"yoast_head":"<!-- This site is optimized with the Yoast SEO plugin v27.5 - https:\/\/yoast.com\/product\/yoast-seo-wordpress\/ -->\n<title>8. studenoga 1983. ro\u0111ena Blanka Vla\u0161i\u0107 \u2013 hrvatska sjajna zvijezda i uzdanica! - RADIO LJUBU\u0160KI<\/title>\n<meta name=\"robots\" content=\"index, follow, max-snippet:-1, max-image-preview:large, max-video-preview:-1\" \/>\n<link rel=\"canonical\" href=\"https:\/\/radioljubuski.ba\/index.php\/2021\/11\/08\/8-studenoga-1983-rodena-blanka-vlasic-hrvatska-sjajna-zvijezda-i-uzdanica\/\" \/>\n<meta property=\"og:locale\" content=\"hr_HR\" \/>\n<meta property=\"og:type\" content=\"article\" \/>\n<meta property=\"og:title\" content=\"8. studenoga 1983. ro\u0111ena Blanka Vla\u0161i\u0107 \u2013 hrvatska sjajna zvijezda i uzdanica! - RADIO LJUBU\u0160KI\" \/>\n<meta property=\"og:description\" content=\"Blanka Vla\u0161i\u0107 je dvostruka svjetska prvakinja te olimpijska dvoprvakinja iz Pekinga 2008. godine. Na dana\u0161nji dan 8. studenoga 1983. ro\u0111ena je Blanka Vla\u0161i\u0107, hrvatska rekorderka u skoku u vis i jedna od najboljih sporta\u0161ica svijeta. Ona je ujedno i jedna od najboljih hrvatskih sporta\u0161ica svih vremena. Dvostruka je svjetska prvakinja te olimpijska doprvakinja iz Pekinga [&hellip;]\" \/>\n<meta property=\"og:url\" content=\"https:\/\/radioljubuski.ba\/index.php\/2021\/11\/08\/8-studenoga-1983-rodena-blanka-vlasic-hrvatska-sjajna-zvijezda-i-uzdanica\/\" \/>\n<meta property=\"og:site_name\" content=\"RADIO LJUBU\u0160KI\" \/>\n<meta property=\"article:publisher\" content=\"https:\/\/www.facebook.com\/Radiio-Ljubuski-1490835324566332\" \/>\n<meta property=\"article:published_time\" content=\"2021-11-08T10:37:00+00:00\" \/>\n<meta property=\"og:image\" content=\"https:\/\/radioljubuski.ba\/wp-content\/uploads\/2021\/11\/blanka-vlasic-696x415-1.jpg\" \/>\n\t<meta property=\"og:image:width\" content=\"696\" \/>\n\t<meta property=\"og:image:height\" content=\"415\" \/>\n\t<meta property=\"og:image:type\" content=\"image\/jpeg\" \/>\n<meta name=\"author\" content=\"Radio Ljubu\u0161ki\" \/>\n<meta name=\"twitter:card\" content=\"summary_large_image\" \/>\n<meta name=\"twitter:creator\" content=\"@radioljubuski\" \/>\n<meta name=\"twitter:site\" content=\"@radioljubuski\" \/>\n<meta name=\"twitter:label1\" content=\"Napisao\/la\" \/>\n\t<meta name=\"twitter:data1\" content=\"Radio Ljubu\u0161ki\" \/>\n\t<meta name=\"twitter:label2\" content=\"Procijenjeno vrijeme \u010ditanja\" \/>\n\t<meta name=\"twitter:data2\" content=\"5 minuta\" \/>\n<script type=\"application\/ld+json\" class=\"yoast-schema-graph\">{\"@context\":\"https:\\\/\\\/schema.org\",\"@graph\":[{\"@type\":\"Article\",\"@id\":\"https:\\\/\\\/radioljubuski.ba\\\/index.php\\\/2021\\\/11\\\/08\\\/8-studenoga-1983-rodena-blanka-vlasic-hrvatska-sjajna-zvijezda-i-uzdanica\\\/#article\",\"isPartOf\":{\"@id\":\"https:\\\/\\\/radioljubuski.ba\\\/index.php\\\/2021\\\/11\\\/08\\\/8-studenoga-1983-rodena-blanka-vlasic-hrvatska-sjajna-zvijezda-i-uzdanica\\\/\"},\"author\":{\"name\":\"Radio Ljubu\u0161ki\",\"@id\":\"https:\\\/\\\/radioljubuski.ba\\\/#\\\/schema\\\/person\\\/19fc700381a780f69665d7956c469e3b\"},\"headline\":\"8. studenoga 1983. ro\u0111ena Blanka Vla\u0161i\u0107 \u2013 hrvatska sjajna zvijezda i uzdanica!\",\"datePublished\":\"2021-11-08T10:37:00+00:00\",\"mainEntityOfPage\":{\"@id\":\"https:\\\/\\\/radioljubuski.ba\\\/index.php\\\/2021\\\/11\\\/08\\\/8-studenoga-1983-rodena-blanka-vlasic-hrvatska-sjajna-zvijezda-i-uzdanica\\\/\"},\"wordCount\":1083,\"publisher\":{\"@id\":\"https:\\\/\\\/radioljubuski.ba\\\/#organization\"},\"image\":{\"@id\":\"https:\\\/\\\/radioljubuski.ba\\\/index.php\\\/2021\\\/11\\\/08\\\/8-studenoga-1983-rodena-blanka-vlasic-hrvatska-sjajna-zvijezda-i-uzdanica\\\/#primaryimage\"},\"thumbnailUrl\":\"https:\\\/\\\/radioljubuski.ba\\\/wp-content\\\/uploads\\\/2021\\\/11\\\/blanka-vlasic-696x415-1.jpg\",\"articleSection\":[\"\u0160port\"],\"inLanguage\":\"hr\"},{\"@type\":\"WebPage\",\"@id\":\"https:\\\/\\\/radioljubuski.ba\\\/index.php\\\/2021\\\/11\\\/08\\\/8-studenoga-1983-rodena-blanka-vlasic-hrvatska-sjajna-zvijezda-i-uzdanica\\\/\",\"url\":\"https:\\\/\\\/radioljubuski.ba\\\/index.php\\\/2021\\\/11\\\/08\\\/8-studenoga-1983-rodena-blanka-vlasic-hrvatska-sjajna-zvijezda-i-uzdanica\\\/\",\"name\":\"8. studenoga 1983. ro\u0111ena Blanka Vla\u0161i\u0107 \u2013 hrvatska sjajna zvijezda i uzdanica! - RADIO LJUBU\u0160KI\",\"isPartOf\":{\"@id\":\"https:\\\/\\\/radioljubuski.ba\\\/#website\"},\"primaryImageOfPage\":{\"@id\":\"https:\\\/\\\/radioljubuski.ba\\\/index.php\\\/2021\\\/11\\\/08\\\/8-studenoga-1983-rodena-blanka-vlasic-hrvatska-sjajna-zvijezda-i-uzdanica\\\/#primaryimage\"},\"image\":{\"@id\":\"https:\\\/\\\/radioljubuski.ba\\\/index.php\\\/2021\\\/11\\\/08\\\/8-studenoga-1983-rodena-blanka-vlasic-hrvatska-sjajna-zvijezda-i-uzdanica\\\/#primaryimage\"},\"thumbnailUrl\":\"https:\\\/\\\/radioljubuski.ba\\\/wp-content\\\/uploads\\\/2021\\\/11\\\/blanka-vlasic-696x415-1.jpg\",\"datePublished\":\"2021-11-08T10:37:00+00:00\",\"breadcrumb\":{\"@id\":\"https:\\\/\\\/radioljubuski.ba\\\/index.php\\\/2021\\\/11\\\/08\\\/8-studenoga-1983-rodena-blanka-vlasic-hrvatska-sjajna-zvijezda-i-uzdanica\\\/#breadcrumb\"},\"inLanguage\":\"hr\",\"potentialAction\":[{\"@type\":\"ReadAction\",\"target\":[\"https:\\\/\\\/radioljubuski.ba\\\/index.php\\\/2021\\\/11\\\/08\\\/8-studenoga-1983-rodena-blanka-vlasic-hrvatska-sjajna-zvijezda-i-uzdanica\\\/\"]}]},{\"@type\":\"ImageObject\",\"inLanguage\":\"hr\",\"@id\":\"https:\\\/\\\/radioljubuski.ba\\\/index.php\\\/2021\\\/11\\\/08\\\/8-studenoga-1983-rodena-blanka-vlasic-hrvatska-sjajna-zvijezda-i-uzdanica\\\/#primaryimage\",\"url\":\"https:\\\/\\\/radioljubuski.ba\\\/wp-content\\\/uploads\\\/2021\\\/11\\\/blanka-vlasic-696x415-1.jpg\",\"contentUrl\":\"https:\\\/\\\/radioljubuski.ba\\\/wp-content\\\/uploads\\\/2021\\\/11\\\/blanka-vlasic-696x415-1.jpg\",\"width\":696,\"height\":415},{\"@type\":\"BreadcrumbList\",\"@id\":\"https:\\\/\\\/radioljubuski.ba\\\/index.php\\\/2021\\\/11\\\/08\\\/8-studenoga-1983-rodena-blanka-vlasic-hrvatska-sjajna-zvijezda-i-uzdanica\\\/#breadcrumb\",\"itemListElement\":[{\"@type\":\"ListItem\",\"position\":1,\"name\":\"Po\u010detna stranica\",\"item\":\"https:\\\/\\\/radioljubuski.ba\\\/\"},{\"@type\":\"ListItem\",\"position\":2,\"name\":\"8. studenoga 1983. ro\u0111ena Blanka Vla\u0161i\u0107 \u2013 hrvatska sjajna zvijezda i uzdanica!\"}]},{\"@type\":\"WebSite\",\"@id\":\"https:\\\/\\\/radioljubuski.ba\\\/#website\",\"url\":\"https:\\\/\\\/radioljubuski.ba\\\/\",\"name\":\"Radio Ljubu\u0161ki\",\"description\":\"Sun\u010dana frekvencija Hercegovine\",\"publisher\":{\"@id\":\"https:\\\/\\\/radioljubuski.ba\\\/#organization\"},\"potentialAction\":[{\"@type\":\"SearchAction\",\"target\":{\"@type\":\"EntryPoint\",\"urlTemplate\":\"https:\\\/\\\/radioljubuski.ba\\\/?s={search_term_string}\"},\"query-input\":{\"@type\":\"PropertyValueSpecification\",\"valueRequired\":true,\"valueName\":\"search_term_string\"}}],\"inLanguage\":\"hr\"},{\"@type\":\"Organization\",\"@id\":\"https:\\\/\\\/radioljubuski.ba\\\/#organization\",\"name\":\"Radio Ljubu\u0161ki\",\"url\":\"https:\\\/\\\/radioljubuski.ba\\\/\",\"logo\":{\"@type\":\"ImageObject\",\"inLanguage\":\"hr\",\"@id\":\"https:\\\/\\\/radioljubuski.ba\\\/#\\\/schema\\\/logo\\\/image\\\/\",\"url\":\"https:\\\/\\\/radioljubuski.ba\\\/wp-content\\\/uploads\\\/2021\\\/02\\\/cropped-Radio_Ljubuski_logo1.jpg\",\"contentUrl\":\"https:\\\/\\\/radioljubuski.ba\\\/wp-content\\\/uploads\\\/2021\\\/02\\\/cropped-Radio_Ljubuski_logo1.jpg\",\"width\":512,\"height\":512,\"caption\":\"Radio Ljubu\u0161ki\"},\"image\":{\"@id\":\"https:\\\/\\\/radioljubuski.ba\\\/#\\\/schema\\\/logo\\\/image\\\/\"},\"sameAs\":[\"https:\\\/\\\/www.facebook.com\\\/Radiio-Ljubuski-1490835324566332\",\"https:\\\/\\\/x.com\\\/radioljubuski\",\"https:\\\/\\\/hr.linkedin.com\\\/company\\\/radio-ljubuski\",\"https:\\\/\\\/www.youtube.com\\\/channel\\\/UCHYaeO_n0Db3tjNGudGpXyw\"]},{\"@type\":\"Person\",\"@id\":\"https:\\\/\\\/radioljubuski.ba\\\/#\\\/schema\\\/person\\\/19fc700381a780f69665d7956c469e3b\",\"name\":\"Radio Ljubu\u0161ki\"}]}<\/script>\n<!-- \/ Yoast SEO plugin. -->","yoast_head_json":{"title":"8. studenoga 1983. ro\u0111ena Blanka Vla\u0161i\u0107 \u2013 hrvatska sjajna zvijezda i uzdanica! - RADIO LJUBU\u0160KI","robots":{"index":"index","follow":"follow","max-snippet":"max-snippet:-1","max-image-preview":"max-image-preview:large","max-video-preview":"max-video-preview:-1"},"canonical":"https:\/\/radioljubuski.ba\/index.php\/2021\/11\/08\/8-studenoga-1983-rodena-blanka-vlasic-hrvatska-sjajna-zvijezda-i-uzdanica\/","og_locale":"hr_HR","og_type":"article","og_title":"8. studenoga 1983. ro\u0111ena Blanka Vla\u0161i\u0107 \u2013 hrvatska sjajna zvijezda i uzdanica! - RADIO LJUBU\u0160KI","og_description":"Blanka Vla\u0161i\u0107 je dvostruka svjetska prvakinja te olimpijska dvoprvakinja iz Pekinga 2008. godine. Na dana\u0161nji dan 8. studenoga 1983. ro\u0111ena je Blanka Vla\u0161i\u0107, hrvatska rekorderka u skoku u vis i jedna od najboljih sporta\u0161ica svijeta. Ona je ujedno i jedna od najboljih hrvatskih sporta\u0161ica svih vremena. Dvostruka je svjetska prvakinja te olimpijska doprvakinja iz Pekinga [&hellip;]","og_url":"https:\/\/radioljubuski.ba\/index.php\/2021\/11\/08\/8-studenoga-1983-rodena-blanka-vlasic-hrvatska-sjajna-zvijezda-i-uzdanica\/","og_site_name":"RADIO LJUBU\u0160KI","article_publisher":"https:\/\/www.facebook.com\/Radiio-Ljubuski-1490835324566332","article_published_time":"2021-11-08T10:37:00+00:00","og_image":[{"width":696,"height":415,"url":"https:\/\/radioljubuski.ba\/wp-content\/uploads\/2021\/11\/blanka-vlasic-696x415-1.jpg","type":"image\/jpeg"}],"author":"Radio Ljubu\u0161ki","twitter_card":"summary_large_image","twitter_creator":"@radioljubuski","twitter_site":"@radioljubuski","twitter_misc":{"Napisao\/la":"Radio Ljubu\u0161ki","Procijenjeno vrijeme \u010ditanja":"5 minuta"},"schema":{"@context":"https:\/\/schema.org","@graph":[{"@type":"Article","@id":"https:\/\/radioljubuski.ba\/index.php\/2021\/11\/08\/8-studenoga-1983-rodena-blanka-vlasic-hrvatska-sjajna-zvijezda-i-uzdanica\/#article","isPartOf":{"@id":"https:\/\/radioljubuski.ba\/index.php\/2021\/11\/08\/8-studenoga-1983-rodena-blanka-vlasic-hrvatska-sjajna-zvijezda-i-uzdanica\/"},"author":{"name":"Radio Ljubu\u0161ki","@id":"https:\/\/radioljubuski.ba\/#\/schema\/person\/19fc700381a780f69665d7956c469e3b"},"headline":"8. studenoga 1983. ro\u0111ena Blanka Vla\u0161i\u0107 \u2013 hrvatska sjajna zvijezda i uzdanica!","datePublished":"2021-11-08T10:37:00+00:00","mainEntityOfPage":{"@id":"https:\/\/radioljubuski.ba\/index.php\/2021\/11\/08\/8-studenoga-1983-rodena-blanka-vlasic-hrvatska-sjajna-zvijezda-i-uzdanica\/"},"wordCount":1083,"publisher":{"@id":"https:\/\/radioljubuski.ba\/#organization"},"image":{"@id":"https:\/\/radioljubuski.ba\/index.php\/2021\/11\/08\/8-studenoga-1983-rodena-blanka-vlasic-hrvatska-sjajna-zvijezda-i-uzdanica\/#primaryimage"},"thumbnailUrl":"https:\/\/radioljubuski.ba\/wp-content\/uploads\/2021\/11\/blanka-vlasic-696x415-1.jpg","articleSection":["\u0160port"],"inLanguage":"hr"},{"@type":"WebPage","@id":"https:\/\/radioljubuski.ba\/index.php\/2021\/11\/08\/8-studenoga-1983-rodena-blanka-vlasic-hrvatska-sjajna-zvijezda-i-uzdanica\/","url":"https:\/\/radioljubuski.ba\/index.php\/2021\/11\/08\/8-studenoga-1983-rodena-blanka-vlasic-hrvatska-sjajna-zvijezda-i-uzdanica\/","name":"8. studenoga 1983. ro\u0111ena Blanka Vla\u0161i\u0107 \u2013 hrvatska sjajna zvijezda i uzdanica! - RADIO LJUBU\u0160KI","isPartOf":{"@id":"https:\/\/radioljubuski.ba\/#website"},"primaryImageOfPage":{"@id":"https:\/\/radioljubuski.ba\/index.php\/2021\/11\/08\/8-studenoga-1983-rodena-blanka-vlasic-hrvatska-sjajna-zvijezda-i-uzdanica\/#primaryimage"},"image":{"@id":"https:\/\/radioljubuski.ba\/index.php\/2021\/11\/08\/8-studenoga-1983-rodena-blanka-vlasic-hrvatska-sjajna-zvijezda-i-uzdanica\/#primaryimage"},"thumbnailUrl":"https:\/\/radioljubuski.ba\/wp-content\/uploads\/2021\/11\/blanka-vlasic-696x415-1.jpg","datePublished":"2021-11-08T10:37:00+00:00","breadcrumb":{"@id":"https:\/\/radioljubuski.ba\/index.php\/2021\/11\/08\/8-studenoga-1983-rodena-blanka-vlasic-hrvatska-sjajna-zvijezda-i-uzdanica\/#breadcrumb"},"inLanguage":"hr","potentialAction":[{"@type":"ReadAction","target":["https:\/\/radioljubuski.ba\/index.php\/2021\/11\/08\/8-studenoga-1983-rodena-blanka-vlasic-hrvatska-sjajna-zvijezda-i-uzdanica\/"]}]},{"@type":"ImageObject","inLanguage":"hr","@id":"https:\/\/radioljubuski.ba\/index.php\/2021\/11\/08\/8-studenoga-1983-rodena-blanka-vlasic-hrvatska-sjajna-zvijezda-i-uzdanica\/#primaryimage","url":"https:\/\/radioljubuski.ba\/wp-content\/uploads\/2021\/11\/blanka-vlasic-696x415-1.jpg","contentUrl":"https:\/\/radioljubuski.ba\/wp-content\/uploads\/2021\/11\/blanka-vlasic-696x415-1.jpg","width":696,"height":415},{"@type":"BreadcrumbList","@id":"https:\/\/radioljubuski.ba\/index.php\/2021\/11\/08\/8-studenoga-1983-rodena-blanka-vlasic-hrvatska-sjajna-zvijezda-i-uzdanica\/#breadcrumb","itemListElement":[{"@type":"ListItem","position":1,"name":"Po\u010detna stranica","item":"https:\/\/radioljubuski.ba\/"},{"@type":"ListItem","position":2,"name":"8. studenoga 1983. ro\u0111ena Blanka Vla\u0161i\u0107 \u2013 hrvatska sjajna zvijezda i uzdanica!"}]},{"@type":"WebSite","@id":"https:\/\/radioljubuski.ba\/#website","url":"https:\/\/radioljubuski.ba\/","name":"Radio Ljubu\u0161ki","description":"Sun\u010dana frekvencija Hercegovine","publisher":{"@id":"https:\/\/radioljubuski.ba\/#organization"},"potentialAction":[{"@type":"SearchAction","target":{"@type":"EntryPoint","urlTemplate":"https:\/\/radioljubuski.ba\/?s={search_term_string}"},"query-input":{"@type":"PropertyValueSpecification","valueRequired":true,"valueName":"search_term_string"}}],"inLanguage":"hr"},{"@type":"Organization","@id":"https:\/\/radioljubuski.ba\/#organization","name":"Radio Ljubu\u0161ki","url":"https:\/\/radioljubuski.ba\/","logo":{"@type":"ImageObject","inLanguage":"hr","@id":"https:\/\/radioljubuski.ba\/#\/schema\/logo\/image\/","url":"https:\/\/radioljubuski.ba\/wp-content\/uploads\/2021\/02\/cropped-Radio_Ljubuski_logo1.jpg","contentUrl":"https:\/\/radioljubuski.ba\/wp-content\/uploads\/2021\/02\/cropped-Radio_Ljubuski_logo1.jpg","width":512,"height":512,"caption":"Radio Ljubu\u0161ki"},"image":{"@id":"https:\/\/radioljubuski.ba\/#\/schema\/logo\/image\/"},"sameAs":["https:\/\/www.facebook.com\/Radiio-Ljubuski-1490835324566332","https:\/\/x.com\/radioljubuski","https:\/\/hr.linkedin.com\/company\/radio-ljubuski","https:\/\/www.youtube.com\/channel\/UCHYaeO_n0Db3tjNGudGpXyw"]},{"@type":"Person","@id":"https:\/\/radioljubuski.ba\/#\/schema\/person\/19fc700381a780f69665d7956c469e3b","name":"Radio Ljubu\u0161ki"}]}},"_links":{"self":[{"href":"https:\/\/radioljubuski.ba\/index.php\/wp-json\/wp\/v2\/posts\/86568","targetHints":{"allow":["GET"]}}],"collection":[{"href":"https:\/\/radioljubuski.ba\/index.php\/wp-json\/wp\/v2\/posts"}],"about":[{"href":"https:\/\/radioljubuski.ba\/index.php\/wp-json\/wp\/v2\/types\/post"}],"author":[{"embeddable":true,"href":"https:\/\/radioljubuski.ba\/index.php\/wp-json\/wp\/v2\/users\/2"}],"replies":[{"embeddable":true,"href":"https:\/\/radioljubuski.ba\/index.php\/wp-json\/wp\/v2\/comments?post=86568"}],"version-history":[{"count":1,"href":"https:\/\/radioljubuski.ba\/index.php\/wp-json\/wp\/v2\/posts\/86568\/revisions"}],"predecessor-version":[{"id":86570,"href":"https:\/\/radioljubuski.ba\/index.php\/wp-json\/wp\/v2\/posts\/86568\/revisions\/86570"}],"wp:featuredmedia":[{"embeddable":true,"href":"https:\/\/radioljubuski.ba\/index.php\/wp-json\/wp\/v2\/media\/86569"}],"wp:attachment":[{"href":"https:\/\/radioljubuski.ba\/index.php\/wp-json\/wp\/v2\/media?parent=86568"}],"wp:term":[{"taxonomy":"category","embeddable":true,"href":"https:\/\/radioljubuski.ba\/index.php\/wp-json\/wp\/v2\/categories?post=86568"},{"taxonomy":"post_tag","embeddable":true,"href":"https:\/\/radioljubuski.ba\/index.php\/wp-json\/wp\/v2\/tags?post=86568"}],"curies":[{"name":"wp","href":"https:\/\/api.w.org\/{rel}","templated":true}]}}