{"id":86583,"date":"2021-11-08T11:45:37","date_gmt":"2021-11-08T10:45:37","guid":{"rendered":"https:\/\/radioljubuski.ba\/?p=86583"},"modified":"2021-11-08T11:45:38","modified_gmt":"2021-11-08T10:45:38","slug":"preminuo-seno-custo-trener-hrvatske-proslavljene-olimpijke-snjezane-pejcic","status":"publish","type":"post","link":"https:\/\/radioljubuski.ba\/index.php\/2021\/11\/08\/preminuo-seno-custo-trener-hrvatske-proslavljene-olimpijke-snjezane-pejcic\/","title":{"rendered":"Preminuo Seno \u010custo, trener hrvatske proslavljene olimpijke Snje\u017eane Pej\u010di\u0107"},"content":{"rendered":"\n<p><a href=\"http:\/\/hrvatski-streljacki.hr\/Public\/Vijest.aspx?id=2728\" target=\"_blank\" rel=\"noreferrer noopener\">Hrvatski strelja\u010dki savez<\/a> objavio je danas tu\u017enu vijest &#8211; preminuo je Seno \u010custo, trener na\u0161e proslavljene olimpijke Snje\u017eane Pej\u010di\u0107.<\/p>\n\n\n\n<p>&#8220;S velikom tugom obavje\u0161tavamo vas da nas je no\u0107as napustio na\u0161 dragi Seno \u010custo.<\/p>\n\n\n\n<p>Pamtit \u0107emo ga kao dugogodi\u0161njeg trenera i suosniva\u010da Strelja\u010dkog kluba &#8220;Lokomotiva&#8221; Rijeka, uvijek nasmijan i vedar, uvijek za svakoga spremna dobra rije\u010d.<\/p>\n\n\n\n<p>Najve\u0107e uspjehe ostvario je sa Snje\u017eanom Pej\u010di\u0107 sa kojom je kao trener ostvario sve trenerske snove, od olimpijske medalje do svjetskih rekorda. Vi\u0161estruko je nagra\u0111ivan za svoja trenerska dostignu\u0107a.<\/p>\n\n\n\n<p>Hvala ti Seno za sve \u0161to si u\u010dinio kao \u010dovjek i kao trener.<\/p>\n\n\n\n<p>O posljednjem ispra\u0107aju naknadno \u0107emo objaviti informacije&#8221;, stoji u priop\u0107enju <a href=\"http:\/\/hrvatski-streljacki.hr\/Public\/Vijest.aspx?id=2728\" target=\"_blank\" rel=\"noreferrer noopener\">Saveza<\/a>.<\/p>\n\n\n\n<p>Podsjetimo, \u010custo je do\u017eivio te\u017eak mo\u017edani udar dan uo\u010di otvaranja Olimpijskih igara u Tokiju, 22. srpnja. Na\u0161em 66-godi\u0161njem treneru, koji je zaslu\u017ean za uspjeh Snje\u017eane Pej\u010di\u0107, pozlilo je tijekom povratka s treninga. Odmah je odveden u bolnicu u Tokiju, gdje je proveo vi\u0161e od dva mjeseca na lije\u010denju, a krajem rujna je preba\u010den medicinskim zrakoplovom u Rijeku.<\/p>\n\n\n\n<p>Na\u017ealost, nije se uspio oporaviti od mo\u017edanog udara.<\/p>\n\n\n\n<p>Pi\u0161e PSD<\/p>\n","protected":false},"excerpt":{"rendered":"<p>Hrvatski strelja\u010dki savez objavio je danas tu\u017enu vijest &#8211; preminuo je Seno \u010custo, trener na\u0161e proslavljene olimpijke Snje\u017eane Pej\u010di\u0107. &#8220;S velikom tugom obavje\u0161tavamo vas da nas je no\u0107as napustio na\u0161 dragi Seno \u010custo. Pamtit \u0107emo ga kao dugogodi\u0161njeg trenera i suosniva\u010da Strelja\u010dkog kluba &#8220;Lokomotiva&#8221; Rijeka, uvijek nasmijan i vedar, uvijek za svakoga spremna dobra rije\u010d. [&hellip;]<\/p>\n","protected":false},"author":2,"featured_media":86584,"comment_status":"closed","ping_status":"closed","sticky":false,"template":"","format":"standard","meta":{"h5ap_radio_sources":[],"footnotes":""},"categories":[7],"tags":[],"class_list":["post-86583","post","type-post","status-publish","format-standard","has-post-thumbnail","hentry","category-sport"],"yoast_head":"<!-- This site is optimized with the Yoast SEO plugin v27.5 - https:\/\/yoast.com\/product\/yoast-seo-wordpress\/ -->\n<title>Preminuo Seno \u010custo, trener hrvatske proslavljene olimpijke Snje\u017eane Pej\u010di\u0107 - RADIO LJUBU\u0160KI<\/title>\n<meta name=\"robots\" content=\"index, follow, max-snippet:-1, max-image-preview:large, max-video-preview:-1\" \/>\n<link rel=\"canonical\" href=\"https:\/\/radioljubuski.ba\/index.php\/2021\/11\/08\/preminuo-seno-custo-trener-hrvatske-proslavljene-olimpijke-snjezane-pejcic\/\" \/>\n<meta property=\"og:locale\" content=\"hr_HR\" \/>\n<meta property=\"og:type\" content=\"article\" \/>\n<meta property=\"og:title\" content=\"Preminuo Seno \u010custo, trener hrvatske proslavljene olimpijke Snje\u017eane Pej\u010di\u0107 - RADIO LJUBU\u0160KI\" \/>\n<meta property=\"og:description\" content=\"Hrvatski strelja\u010dki savez objavio je danas tu\u017enu vijest &#8211; preminuo je Seno \u010custo, trener na\u0161e proslavljene olimpijke Snje\u017eane Pej\u010di\u0107. &#8220;S velikom tugom obavje\u0161tavamo vas da nas je no\u0107as napustio na\u0161 dragi Seno \u010custo. Pamtit \u0107emo ga kao dugogodi\u0161njeg trenera i suosniva\u010da Strelja\u010dkog kluba &#8220;Lokomotiva&#8221; Rijeka, uvijek nasmijan i vedar, uvijek za svakoga spremna dobra rije\u010d. [&hellip;]\" \/>\n<meta property=\"og:url\" content=\"https:\/\/radioljubuski.ba\/index.php\/2021\/11\/08\/preminuo-seno-custo-trener-hrvatske-proslavljene-olimpijke-snjezane-pejcic\/\" \/>\n<meta property=\"og:site_name\" content=\"RADIO LJUBU\u0160KI\" \/>\n<meta property=\"article:publisher\" content=\"https:\/\/www.facebook.com\/Radiio-Ljubuski-1490835324566332\" \/>\n<meta property=\"article:published_time\" content=\"2021-11-08T10:45:37+00:00\" \/>\n<meta property=\"article:modified_time\" content=\"2021-11-08T10:45:38+00:00\" \/>\n<meta property=\"og:image\" content=\"https:\/\/radioljubuski.ba\/wp-content\/uploads\/2021\/11\/22.png\" \/>\n\t<meta property=\"og:image:width\" content=\"929\" \/>\n\t<meta property=\"og:image:height\" content=\"587\" \/>\n\t<meta property=\"og:image:type\" content=\"image\/png\" \/>\n<meta name=\"author\" content=\"Radio Ljubu\u0161ki\" \/>\n<meta name=\"twitter:card\" content=\"summary_large_image\" \/>\n<meta name=\"twitter:creator\" content=\"@radioljubuski\" \/>\n<meta name=\"twitter:site\" content=\"@radioljubuski\" \/>\n<meta name=\"twitter:label1\" content=\"Napisao\/la\" \/>\n\t<meta name=\"twitter:data1\" content=\"Radio Ljubu\u0161ki\" \/>\n\t<meta name=\"twitter:label2\" content=\"Procijenjeno vrijeme \u010ditanja\" \/>\n\t<meta name=\"twitter:data2\" content=\"1 minuta\" \/>\n<script type=\"application\/ld+json\" class=\"yoast-schema-graph\">{\"@context\":\"https:\\\/\\\/schema.org\",\"@graph\":[{\"@type\":\"Article\",\"@id\":\"https:\\\/\\\/radioljubuski.ba\\\/index.php\\\/2021\\\/11\\\/08\\\/preminuo-seno-custo-trener-hrvatske-proslavljene-olimpijke-snjezane-pejcic\\\/#article\",\"isPartOf\":{\"@id\":\"https:\\\/\\\/radioljubuski.ba\\\/index.php\\\/2021\\\/11\\\/08\\\/preminuo-seno-custo-trener-hrvatske-proslavljene-olimpijke-snjezane-pejcic\\\/\"},\"author\":{\"name\":\"Radio Ljubu\u0161ki\",\"@id\":\"https:\\\/\\\/radioljubuski.ba\\\/#\\\/schema\\\/person\\\/19fc700381a780f69665d7956c469e3b\"},\"headline\":\"Preminuo Seno \u010custo, trener hrvatske proslavljene olimpijke Snje\u017eane Pej\u010di\u0107\",\"datePublished\":\"2021-11-08T10:45:37+00:00\",\"dateModified\":\"2021-11-08T10:45:38+00:00\",\"mainEntityOfPage\":{\"@id\":\"https:\\\/\\\/radioljubuski.ba\\\/index.php\\\/2021\\\/11\\\/08\\\/preminuo-seno-custo-trener-hrvatske-proslavljene-olimpijke-snjezane-pejcic\\\/\"},\"wordCount\":219,\"publisher\":{\"@id\":\"https:\\\/\\\/radioljubuski.ba\\\/#organization\"},\"image\":{\"@id\":\"https:\\\/\\\/radioljubuski.ba\\\/index.php\\\/2021\\\/11\\\/08\\\/preminuo-seno-custo-trener-hrvatske-proslavljene-olimpijke-snjezane-pejcic\\\/#primaryimage\"},\"thumbnailUrl\":\"https:\\\/\\\/radioljubuski.ba\\\/wp-content\\\/uploads\\\/2021\\\/11\\\/22.png\",\"articleSection\":[\"\u0160port\"],\"inLanguage\":\"hr\"},{\"@type\":\"WebPage\",\"@id\":\"https:\\\/\\\/radioljubuski.ba\\\/index.php\\\/2021\\\/11\\\/08\\\/preminuo-seno-custo-trener-hrvatske-proslavljene-olimpijke-snjezane-pejcic\\\/\",\"url\":\"https:\\\/\\\/radioljubuski.ba\\\/index.php\\\/2021\\\/11\\\/08\\\/preminuo-seno-custo-trener-hrvatske-proslavljene-olimpijke-snjezane-pejcic\\\/\",\"name\":\"Preminuo Seno \u010custo, trener hrvatske proslavljene olimpijke Snje\u017eane Pej\u010di\u0107 - RADIO LJUBU\u0160KI\",\"isPartOf\":{\"@id\":\"https:\\\/\\\/radioljubuski.ba\\\/#website\"},\"primaryImageOfPage\":{\"@id\":\"https:\\\/\\\/radioljubuski.ba\\\/index.php\\\/2021\\\/11\\\/08\\\/preminuo-seno-custo-trener-hrvatske-proslavljene-olimpijke-snjezane-pejcic\\\/#primaryimage\"},\"image\":{\"@id\":\"https:\\\/\\\/radioljubuski.ba\\\/index.php\\\/2021\\\/11\\\/08\\\/preminuo-seno-custo-trener-hrvatske-proslavljene-olimpijke-snjezane-pejcic\\\/#primaryimage\"},\"thumbnailUrl\":\"https:\\\/\\\/radioljubuski.ba\\\/wp-content\\\/uploads\\\/2021\\\/11\\\/22.png\",\"datePublished\":\"2021-11-08T10:45:37+00:00\",\"dateModified\":\"2021-11-08T10:45:38+00:00\",\"breadcrumb\":{\"@id\":\"https:\\\/\\\/radioljubuski.ba\\\/index.php\\\/2021\\\/11\\\/08\\\/preminuo-seno-custo-trener-hrvatske-proslavljene-olimpijke-snjezane-pejcic\\\/#breadcrumb\"},\"inLanguage\":\"hr\",\"potentialAction\":[{\"@type\":\"ReadAction\",\"target\":[\"https:\\\/\\\/radioljubuski.ba\\\/index.php\\\/2021\\\/11\\\/08\\\/preminuo-seno-custo-trener-hrvatske-proslavljene-olimpijke-snjezane-pejcic\\\/\"]}]},{\"@type\":\"ImageObject\",\"inLanguage\":\"hr\",\"@id\":\"https:\\\/\\\/radioljubuski.ba\\\/index.php\\\/2021\\\/11\\\/08\\\/preminuo-seno-custo-trener-hrvatske-proslavljene-olimpijke-snjezane-pejcic\\\/#primaryimage\",\"url\":\"https:\\\/\\\/radioljubuski.ba\\\/wp-content\\\/uploads\\\/2021\\\/11\\\/22.png\",\"contentUrl\":\"https:\\\/\\\/radioljubuski.ba\\\/wp-content\\\/uploads\\\/2021\\\/11\\\/22.png\",\"width\":929,\"height\":587},{\"@type\":\"BreadcrumbList\",\"@id\":\"https:\\\/\\\/radioljubuski.ba\\\/index.php\\\/2021\\\/11\\\/08\\\/preminuo-seno-custo-trener-hrvatske-proslavljene-olimpijke-snjezane-pejcic\\\/#breadcrumb\",\"itemListElement\":[{\"@type\":\"ListItem\",\"position\":1,\"name\":\"Po\u010detna stranica\",\"item\":\"https:\\\/\\\/radioljubuski.ba\\\/\"},{\"@type\":\"ListItem\",\"position\":2,\"name\":\"Preminuo Seno \u010custo, trener hrvatske proslavljene olimpijke Snje\u017eane Pej\u010di\u0107\"}]},{\"@type\":\"WebSite\",\"@id\":\"https:\\\/\\\/radioljubuski.ba\\\/#website\",\"url\":\"https:\\\/\\\/radioljubuski.ba\\\/\",\"name\":\"Radio Ljubu\u0161ki\",\"description\":\"Sun\u010dana frekvencija Hercegovine\",\"publisher\":{\"@id\":\"https:\\\/\\\/radioljubuski.ba\\\/#organization\"},\"potentialAction\":[{\"@type\":\"SearchAction\",\"target\":{\"@type\":\"EntryPoint\",\"urlTemplate\":\"https:\\\/\\\/radioljubuski.ba\\\/?s={search_term_string}\"},\"query-input\":{\"@type\":\"PropertyValueSpecification\",\"valueRequired\":true,\"valueName\":\"search_term_string\"}}],\"inLanguage\":\"hr\"},{\"@type\":\"Organization\",\"@id\":\"https:\\\/\\\/radioljubuski.ba\\\/#organization\",\"name\":\"Radio Ljubu\u0161ki\",\"url\":\"https:\\\/\\\/radioljubuski.ba\\\/\",\"logo\":{\"@type\":\"ImageObject\",\"inLanguage\":\"hr\",\"@id\":\"https:\\\/\\\/radioljubuski.ba\\\/#\\\/schema\\\/logo\\\/image\\\/\",\"url\":\"https:\\\/\\\/radioljubuski.ba\\\/wp-content\\\/uploads\\\/2021\\\/02\\\/cropped-Radio_Ljubuski_logo1.jpg\",\"contentUrl\":\"https:\\\/\\\/radioljubuski.ba\\\/wp-content\\\/uploads\\\/2021\\\/02\\\/cropped-Radio_Ljubuski_logo1.jpg\",\"width\":512,\"height\":512,\"caption\":\"Radio Ljubu\u0161ki\"},\"image\":{\"@id\":\"https:\\\/\\\/radioljubuski.ba\\\/#\\\/schema\\\/logo\\\/image\\\/\"},\"sameAs\":[\"https:\\\/\\\/www.facebook.com\\\/Radiio-Ljubuski-1490835324566332\",\"https:\\\/\\\/x.com\\\/radioljubuski\",\"https:\\\/\\\/hr.linkedin.com\\\/company\\\/radio-ljubuski\",\"https:\\\/\\\/www.youtube.com\\\/channel\\\/UCHYaeO_n0Db3tjNGudGpXyw\"]},{\"@type\":\"Person\",\"@id\":\"https:\\\/\\\/radioljubuski.ba\\\/#\\\/schema\\\/person\\\/19fc700381a780f69665d7956c469e3b\",\"name\":\"Radio Ljubu\u0161ki\"}]}<\/script>\n<!-- \/ Yoast SEO plugin. -->","yoast_head_json":{"title":"Preminuo Seno \u010custo, trener hrvatske proslavljene olimpijke Snje\u017eane Pej\u010di\u0107 - RADIO LJUBU\u0160KI","robots":{"index":"index","follow":"follow","max-snippet":"max-snippet:-1","max-image-preview":"max-image-preview:large","max-video-preview":"max-video-preview:-1"},"canonical":"https:\/\/radioljubuski.ba\/index.php\/2021\/11\/08\/preminuo-seno-custo-trener-hrvatske-proslavljene-olimpijke-snjezane-pejcic\/","og_locale":"hr_HR","og_type":"article","og_title":"Preminuo Seno \u010custo, trener hrvatske proslavljene olimpijke Snje\u017eane Pej\u010di\u0107 - RADIO LJUBU\u0160KI","og_description":"Hrvatski strelja\u010dki savez objavio je danas tu\u017enu vijest &#8211; preminuo je Seno \u010custo, trener na\u0161e proslavljene olimpijke Snje\u017eane Pej\u010di\u0107. &#8220;S velikom tugom obavje\u0161tavamo vas da nas je no\u0107as napustio na\u0161 dragi Seno \u010custo. Pamtit \u0107emo ga kao dugogodi\u0161njeg trenera i suosniva\u010da Strelja\u010dkog kluba &#8220;Lokomotiva&#8221; Rijeka, uvijek nasmijan i vedar, uvijek za svakoga spremna dobra rije\u010d. [&hellip;]","og_url":"https:\/\/radioljubuski.ba\/index.php\/2021\/11\/08\/preminuo-seno-custo-trener-hrvatske-proslavljene-olimpijke-snjezane-pejcic\/","og_site_name":"RADIO LJUBU\u0160KI","article_publisher":"https:\/\/www.facebook.com\/Radiio-Ljubuski-1490835324566332","article_published_time":"2021-11-08T10:45:37+00:00","article_modified_time":"2021-11-08T10:45:38+00:00","og_image":[{"width":929,"height":587,"url":"https:\/\/radioljubuski.ba\/wp-content\/uploads\/2021\/11\/22.png","type":"image\/png"}],"author":"Radio Ljubu\u0161ki","twitter_card":"summary_large_image","twitter_creator":"@radioljubuski","twitter_site":"@radioljubuski","twitter_misc":{"Napisao\/la":"Radio Ljubu\u0161ki","Procijenjeno vrijeme \u010ditanja":"1 minuta"},"schema":{"@context":"https:\/\/schema.org","@graph":[{"@type":"Article","@id":"https:\/\/radioljubuski.ba\/index.php\/2021\/11\/08\/preminuo-seno-custo-trener-hrvatske-proslavljene-olimpijke-snjezane-pejcic\/#article","isPartOf":{"@id":"https:\/\/radioljubuski.ba\/index.php\/2021\/11\/08\/preminuo-seno-custo-trener-hrvatske-proslavljene-olimpijke-snjezane-pejcic\/"},"author":{"name":"Radio Ljubu\u0161ki","@id":"https:\/\/radioljubuski.ba\/#\/schema\/person\/19fc700381a780f69665d7956c469e3b"},"headline":"Preminuo Seno \u010custo, trener hrvatske proslavljene olimpijke Snje\u017eane Pej\u010di\u0107","datePublished":"2021-11-08T10:45:37+00:00","dateModified":"2021-11-08T10:45:38+00:00","mainEntityOfPage":{"@id":"https:\/\/radioljubuski.ba\/index.php\/2021\/11\/08\/preminuo-seno-custo-trener-hrvatske-proslavljene-olimpijke-snjezane-pejcic\/"},"wordCount":219,"publisher":{"@id":"https:\/\/radioljubuski.ba\/#organization"},"image":{"@id":"https:\/\/radioljubuski.ba\/index.php\/2021\/11\/08\/preminuo-seno-custo-trener-hrvatske-proslavljene-olimpijke-snjezane-pejcic\/#primaryimage"},"thumbnailUrl":"https:\/\/radioljubuski.ba\/wp-content\/uploads\/2021\/11\/22.png","articleSection":["\u0160port"],"inLanguage":"hr"},{"@type":"WebPage","@id":"https:\/\/radioljubuski.ba\/index.php\/2021\/11\/08\/preminuo-seno-custo-trener-hrvatske-proslavljene-olimpijke-snjezane-pejcic\/","url":"https:\/\/radioljubuski.ba\/index.php\/2021\/11\/08\/preminuo-seno-custo-trener-hrvatske-proslavljene-olimpijke-snjezane-pejcic\/","name":"Preminuo Seno \u010custo, trener hrvatske proslavljene olimpijke Snje\u017eane Pej\u010di\u0107 - RADIO LJUBU\u0160KI","isPartOf":{"@id":"https:\/\/radioljubuski.ba\/#website"},"primaryImageOfPage":{"@id":"https:\/\/radioljubuski.ba\/index.php\/2021\/11\/08\/preminuo-seno-custo-trener-hrvatske-proslavljene-olimpijke-snjezane-pejcic\/#primaryimage"},"image":{"@id":"https:\/\/radioljubuski.ba\/index.php\/2021\/11\/08\/preminuo-seno-custo-trener-hrvatske-proslavljene-olimpijke-snjezane-pejcic\/#primaryimage"},"thumbnailUrl":"https:\/\/radioljubuski.ba\/wp-content\/uploads\/2021\/11\/22.png","datePublished":"2021-11-08T10:45:37+00:00","dateModified":"2021-11-08T10:45:38+00:00","breadcrumb":{"@id":"https:\/\/radioljubuski.ba\/index.php\/2021\/11\/08\/preminuo-seno-custo-trener-hrvatske-proslavljene-olimpijke-snjezane-pejcic\/#breadcrumb"},"inLanguage":"hr","potentialAction":[{"@type":"ReadAction","target":["https:\/\/radioljubuski.ba\/index.php\/2021\/11\/08\/preminuo-seno-custo-trener-hrvatske-proslavljene-olimpijke-snjezane-pejcic\/"]}]},{"@type":"ImageObject","inLanguage":"hr","@id":"https:\/\/radioljubuski.ba\/index.php\/2021\/11\/08\/preminuo-seno-custo-trener-hrvatske-proslavljene-olimpijke-snjezane-pejcic\/#primaryimage","url":"https:\/\/radioljubuski.ba\/wp-content\/uploads\/2021\/11\/22.png","contentUrl":"https:\/\/radioljubuski.ba\/wp-content\/uploads\/2021\/11\/22.png","width":929,"height":587},{"@type":"BreadcrumbList","@id":"https:\/\/radioljubuski.ba\/index.php\/2021\/11\/08\/preminuo-seno-custo-trener-hrvatske-proslavljene-olimpijke-snjezane-pejcic\/#breadcrumb","itemListElement":[{"@type":"ListItem","position":1,"name":"Po\u010detna stranica","item":"https:\/\/radioljubuski.ba\/"},{"@type":"ListItem","position":2,"name":"Preminuo Seno \u010custo, trener hrvatske proslavljene olimpijke Snje\u017eane Pej\u010di\u0107"}]},{"@type":"WebSite","@id":"https:\/\/radioljubuski.ba\/#website","url":"https:\/\/radioljubuski.ba\/","name":"Radio Ljubu\u0161ki","description":"Sun\u010dana frekvencija Hercegovine","publisher":{"@id":"https:\/\/radioljubuski.ba\/#organization"},"potentialAction":[{"@type":"SearchAction","target":{"@type":"EntryPoint","urlTemplate":"https:\/\/radioljubuski.ba\/?s={search_term_string}"},"query-input":{"@type":"PropertyValueSpecification","valueRequired":true,"valueName":"search_term_string"}}],"inLanguage":"hr"},{"@type":"Organization","@id":"https:\/\/radioljubuski.ba\/#organization","name":"Radio Ljubu\u0161ki","url":"https:\/\/radioljubuski.ba\/","logo":{"@type":"ImageObject","inLanguage":"hr","@id":"https:\/\/radioljubuski.ba\/#\/schema\/logo\/image\/","url":"https:\/\/radioljubuski.ba\/wp-content\/uploads\/2021\/02\/cropped-Radio_Ljubuski_logo1.jpg","contentUrl":"https:\/\/radioljubuski.ba\/wp-content\/uploads\/2021\/02\/cropped-Radio_Ljubuski_logo1.jpg","width":512,"height":512,"caption":"Radio Ljubu\u0161ki"},"image":{"@id":"https:\/\/radioljubuski.ba\/#\/schema\/logo\/image\/"},"sameAs":["https:\/\/www.facebook.com\/Radiio-Ljubuski-1490835324566332","https:\/\/x.com\/radioljubuski","https:\/\/hr.linkedin.com\/company\/radio-ljubuski","https:\/\/www.youtube.com\/channel\/UCHYaeO_n0Db3tjNGudGpXyw"]},{"@type":"Person","@id":"https:\/\/radioljubuski.ba\/#\/schema\/person\/19fc700381a780f69665d7956c469e3b","name":"Radio Ljubu\u0161ki"}]}},"_links":{"self":[{"href":"https:\/\/radioljubuski.ba\/index.php\/wp-json\/wp\/v2\/posts\/86583","targetHints":{"allow":["GET"]}}],"collection":[{"href":"https:\/\/radioljubuski.ba\/index.php\/wp-json\/wp\/v2\/posts"}],"about":[{"href":"https:\/\/radioljubuski.ba\/index.php\/wp-json\/wp\/v2\/types\/post"}],"author":[{"embeddable":true,"href":"https:\/\/radioljubuski.ba\/index.php\/wp-json\/wp\/v2\/users\/2"}],"replies":[{"embeddable":true,"href":"https:\/\/radioljubuski.ba\/index.php\/wp-json\/wp\/v2\/comments?post=86583"}],"version-history":[{"count":1,"href":"https:\/\/radioljubuski.ba\/index.php\/wp-json\/wp\/v2\/posts\/86583\/revisions"}],"predecessor-version":[{"id":86585,"href":"https:\/\/radioljubuski.ba\/index.php\/wp-json\/wp\/v2\/posts\/86583\/revisions\/86585"}],"wp:featuredmedia":[{"embeddable":true,"href":"https:\/\/radioljubuski.ba\/index.php\/wp-json\/wp\/v2\/media\/86584"}],"wp:attachment":[{"href":"https:\/\/radioljubuski.ba\/index.php\/wp-json\/wp\/v2\/media?parent=86583"}],"wp:term":[{"taxonomy":"category","embeddable":true,"href":"https:\/\/radioljubuski.ba\/index.php\/wp-json\/wp\/v2\/categories?post=86583"},{"taxonomy":"post_tag","embeddable":true,"href":"https:\/\/radioljubuski.ba\/index.php\/wp-json\/wp\/v2\/tags?post=86583"}],"curies":[{"name":"wp","href":"https:\/\/api.w.org\/{rel}","templated":true}]}}