{"id":86619,"date":"2021-11-08T13:25:26","date_gmt":"2021-11-08T12:25:26","guid":{"rendered":"https:\/\/radioljubuski.ba\/?p=86619"},"modified":"2021-11-08T13:25:29","modified_gmt":"2021-11-08T12:25:29","slug":"u-spomen-na-hrvatske-vitezove-2021","status":"publish","type":"post","link":"https:\/\/radioljubuski.ba\/index.php\/2021\/11\/08\/u-spomen-na-hrvatske-vitezove-2021\/","title":{"rendered":"U spomen na hrvatske vitezove 2021."},"content":{"rendered":"\n<p>Danas je u Zvirovi\u0107ima povodom obilje\u017eavanja 29. obljetnice pogibije brigadira Bo\u017eana \u0160imovi\u0107a, koji je 1992. godine poginuo na podru\u010dju Rotimlje, i u znak zahvalnosti svim hrvatskim vitezovima slu\u017eena Sveta Misa i uprili\u010den komemorativni skup \u201cU spomen na hrvatske vitezove\u201d.<\/p>\n\n\n\n<p>Na spomen obilje\u017eje pored velikog kri\u017ea, a potom i na grob Bo\u017eana \u0160imovi\u0107a cvije\u0107e i svije\u0107e polo\u017eili su: izaslanstvo HNS-a, grada \u010capljine predvo\u0111eno gradona\u010delnikom dr. Smiljanom Vidi\u0107em i udruga proisteklih iz Domovinskog rata, Udruga P.P.N. \u201cLudvig Pavlovi\u0107\u201d, MZ Zvirovi\u0107i i MZ Pr\u0107avci, djeca i u\u010ditelji O\u0160 Vladimira Pavlovi\u0107a \u2013 podru\u010dne \u0161kole Zvirovi\u0107i i Pr\u0107avci, strane nevladine organizacije sa sjedi\u0161tem u Zvirovi\u0107ima \u201cRegina della Pace\u201d i \u201cNuovi Orizzonti\u201d, Ministarstvo obrane i Oru\u017eane snage BiH.<\/p>\n\n\n\n<p>Nakon prigodne molitve za sve pokojne polo\u017eeno je i cvije\u0107e na grob Bo\u017eana \u0160imovi\u0107a u mjesnom groblju sv. Ivana u Zvirovi\u0107ima, a potom su se okupljeni uputili u crkvu sv. Ane u Zvirovi\u0107ima gdje se slavila sveta Misa zadu\u0161nica,<\/p>\n\n\n\n<p>Na dana\u0161nji dan nakon 29 godina pogibije brigadira Bo\u017eana \u0160imovi\u0107a, prisje\u0107amo se s posebnim po\u0161tovanjem i 9 hrvatskih vitezova poginulih u Domovinskom ratu, iz na\u0161e \u017eupe (Studenci), kao i 77 \u017ertava II. Svjetskog rata i pora\u0107a MZ Zvirovi\u0107i i Pr\u0107avci, rekla je u prigodnom obra\u0107anju voditeljica programa Ana Brajkovi\u0107, a \u010dija su imena pro\u010ditala djeca iz ovih mjesta.<\/p>\n\n\n\n<p>Prije svete Mise sve nazo\u010dne pozdravio je \u010dapljinski gradona\u010delnik dr. Smiljan Vidi\u0107<\/p>\n\n\n\n<p>Sveto misno slavlje predvodio je don Ivan Peri\u0107, studena\u010dki \u017eupnik u suslavlju s don Brankom \u0160imovi\u0107em, umirovljenim sve\u0107enikom iz studena\u010dke \u017eupe i don Toninom Catalanom, du\u0161ebri\u017enikom talijanske zajednice u Zvirovi\u0107ima.<\/p>\n\n\n\n<p>Poslije sve Mise uslijedilo je dru\u017eenje pod \u0161atorom u dvori\u0161tu osnovne \u0161kole pored crkve.<\/p>\n\n\n\n<figure class=\"wp-block-gallery columns-3 is-cropped wp-block-gallery-1 is-layout-flex wp-block-gallery-is-layout-flex\"><ul class=\"blocks-gallery-grid\"><li class=\"blocks-gallery-item\"><figure><img loading=\"lazy\" decoding=\"async\" width=\"1024\" height=\"683\" src=\"https:\/\/radioljubuski.ba\/wp-content\/uploads\/2021\/11\/IMG_0012.jpg\" alt=\"\" data-id=\"86620\" data-full-url=\"https:\/\/radioljubuski.ba\/wp-content\/uploads\/2021\/11\/IMG_0012.jpg\" data-link=\"https:\/\/radioljubuski.ba\/?attachment_id=86620\" class=\"wp-image-86620\" srcset=\"https:\/\/radioljubuski.ba\/wp-content\/uploads\/2021\/11\/IMG_0012.jpg 1024w, https:\/\/radioljubuski.ba\/wp-content\/uploads\/2021\/11\/IMG_0012-300x200.jpg 300w, https:\/\/radioljubuski.ba\/wp-content\/uploads\/2021\/11\/IMG_0012-768x512.jpg 768w, https:\/\/radioljubuski.ba\/wp-content\/uploads\/2021\/11\/IMG_0012-18x12.jpg 18w\" sizes=\"auto, (max-width: 1024px) 100vw, 1024px\" \/><\/figure><\/li><li class=\"blocks-gallery-item\"><figure><img loading=\"lazy\" decoding=\"async\" width=\"1024\" height=\"683\" src=\"https:\/\/radioljubuski.ba\/wp-content\/uploads\/2021\/11\/IMG_0016.jpg\" alt=\"\" data-id=\"86621\" data-full-url=\"https:\/\/radioljubuski.ba\/wp-content\/uploads\/2021\/11\/IMG_0016.jpg\" data-link=\"https:\/\/radioljubuski.ba\/?attachment_id=86621\" class=\"wp-image-86621\" srcset=\"https:\/\/radioljubuski.ba\/wp-content\/uploads\/2021\/11\/IMG_0016.jpg 1024w, https:\/\/radioljubuski.ba\/wp-content\/uploads\/2021\/11\/IMG_0016-300x200.jpg 300w, https:\/\/radioljubuski.ba\/wp-content\/uploads\/2021\/11\/IMG_0016-768x512.jpg 768w, https:\/\/radioljubuski.ba\/wp-content\/uploads\/2021\/11\/IMG_0016-18x12.jpg 18w\" sizes=\"auto, (max-width: 1024px) 100vw, 1024px\" \/><\/figure><\/li><li class=\"blocks-gallery-item\"><figure><img loading=\"lazy\" decoding=\"async\" width=\"1024\" height=\"683\" src=\"https:\/\/radioljubuski.ba\/wp-content\/uploads\/2021\/11\/IMG_0018.jpg\" alt=\"\" data-id=\"86622\" data-full-url=\"https:\/\/radioljubuski.ba\/wp-content\/uploads\/2021\/11\/IMG_0018.jpg\" data-link=\"https:\/\/radioljubuski.ba\/?attachment_id=86622\" class=\"wp-image-86622\" srcset=\"https:\/\/radioljubuski.ba\/wp-content\/uploads\/2021\/11\/IMG_0018.jpg 1024w, https:\/\/radioljubuski.ba\/wp-content\/uploads\/2021\/11\/IMG_0018-300x200.jpg 300w, https:\/\/radioljubuski.ba\/wp-content\/uploads\/2021\/11\/IMG_0018-768x512.jpg 768w, https:\/\/radioljubuski.ba\/wp-content\/uploads\/2021\/11\/IMG_0018-18x12.jpg 18w\" sizes=\"auto, (max-width: 1024px) 100vw, 1024px\" \/><\/figure><\/li><li class=\"blocks-gallery-item\"><figure><img loading=\"lazy\" decoding=\"async\" width=\"1024\" height=\"683\" src=\"https:\/\/radioljubuski.ba\/wp-content\/uploads\/2021\/11\/IMG_0024.jpg\" alt=\"\" data-id=\"86623\" data-full-url=\"https:\/\/radioljubuski.ba\/wp-content\/uploads\/2021\/11\/IMG_0024.jpg\" data-link=\"https:\/\/radioljubuski.ba\/?attachment_id=86623\" class=\"wp-image-86623\" srcset=\"https:\/\/radioljubuski.ba\/wp-content\/uploads\/2021\/11\/IMG_0024.jpg 1024w, https:\/\/radioljubuski.ba\/wp-content\/uploads\/2021\/11\/IMG_0024-300x200.jpg 300w, https:\/\/radioljubuski.ba\/wp-content\/uploads\/2021\/11\/IMG_0024-768x512.jpg 768w, https:\/\/radioljubuski.ba\/wp-content\/uploads\/2021\/11\/IMG_0024-18x12.jpg 18w\" sizes=\"auto, (max-width: 1024px) 100vw, 1024px\" \/><\/figure><\/li><li class=\"blocks-gallery-item\"><figure><img loading=\"lazy\" decoding=\"async\" width=\"1024\" height=\"683\" src=\"https:\/\/radioljubuski.ba\/wp-content\/uploads\/2021\/11\/IMG_0027.jpg\" alt=\"\" data-id=\"86624\" data-full-url=\"https:\/\/radioljubuski.ba\/wp-content\/uploads\/2021\/11\/IMG_0027.jpg\" data-link=\"https:\/\/radioljubuski.ba\/?attachment_id=86624\" class=\"wp-image-86624\" srcset=\"https:\/\/radioljubuski.ba\/wp-content\/uploads\/2021\/11\/IMG_0027.jpg 1024w, https:\/\/radioljubuski.ba\/wp-content\/uploads\/2021\/11\/IMG_0027-300x200.jpg 300w, https:\/\/radioljubuski.ba\/wp-content\/uploads\/2021\/11\/IMG_0027-768x512.jpg 768w, https:\/\/radioljubuski.ba\/wp-content\/uploads\/2021\/11\/IMG_0027-18x12.jpg 18w\" sizes=\"auto, (max-width: 1024px) 100vw, 1024px\" \/><\/figure><\/li><li class=\"blocks-gallery-item\"><figure><img loading=\"lazy\" decoding=\"async\" width=\"1024\" height=\"683\" src=\"https:\/\/radioljubuski.ba\/wp-content\/uploads\/2021\/11\/IMG_0029.jpg\" alt=\"\" data-id=\"86625\" data-full-url=\"https:\/\/radioljubuski.ba\/wp-content\/uploads\/2021\/11\/IMG_0029.jpg\" data-link=\"https:\/\/radioljubuski.ba\/?attachment_id=86625\" class=\"wp-image-86625\" srcset=\"https:\/\/radioljubuski.ba\/wp-content\/uploads\/2021\/11\/IMG_0029.jpg 1024w, https:\/\/radioljubuski.ba\/wp-content\/uploads\/2021\/11\/IMG_0029-300x200.jpg 300w, https:\/\/radioljubuski.ba\/wp-content\/uploads\/2021\/11\/IMG_0029-768x512.jpg 768w, https:\/\/radioljubuski.ba\/wp-content\/uploads\/2021\/11\/IMG_0029-18x12.jpg 18w\" sizes=\"auto, (max-width: 1024px) 100vw, 1024px\" \/><\/figure><\/li><li class=\"blocks-gallery-item\"><figure><img loading=\"lazy\" decoding=\"async\" width=\"1024\" height=\"683\" src=\"https:\/\/radioljubuski.ba\/wp-content\/uploads\/2021\/11\/IMG_0033.jpg\" alt=\"\" data-id=\"86626\" data-full-url=\"https:\/\/radioljubuski.ba\/wp-content\/uploads\/2021\/11\/IMG_0033.jpg\" data-link=\"https:\/\/radioljubuski.ba\/?attachment_id=86626\" class=\"wp-image-86626\" srcset=\"https:\/\/radioljubuski.ba\/wp-content\/uploads\/2021\/11\/IMG_0033.jpg 1024w, https:\/\/radioljubuski.ba\/wp-content\/uploads\/2021\/11\/IMG_0033-300x200.jpg 300w, https:\/\/radioljubuski.ba\/wp-content\/uploads\/2021\/11\/IMG_0033-768x512.jpg 768w, https:\/\/radioljubuski.ba\/wp-content\/uploads\/2021\/11\/IMG_0033-18x12.jpg 18w\" sizes=\"auto, (max-width: 1024px) 100vw, 1024px\" \/><\/figure><\/li><li class=\"blocks-gallery-item\"><figure><img loading=\"lazy\" decoding=\"async\" width=\"1024\" height=\"683\" src=\"https:\/\/radioljubuski.ba\/wp-content\/uploads\/2021\/11\/IMG_0035.jpg\" alt=\"\" data-id=\"86627\" data-full-url=\"https:\/\/radioljubuski.ba\/wp-content\/uploads\/2021\/11\/IMG_0035.jpg\" data-link=\"https:\/\/radioljubuski.ba\/?attachment_id=86627\" class=\"wp-image-86627\" srcset=\"https:\/\/radioljubuski.ba\/wp-content\/uploads\/2021\/11\/IMG_0035.jpg 1024w, https:\/\/radioljubuski.ba\/wp-content\/uploads\/2021\/11\/IMG_0035-300x200.jpg 300w, https:\/\/radioljubuski.ba\/wp-content\/uploads\/2021\/11\/IMG_0035-768x512.jpg 768w, https:\/\/radioljubuski.ba\/wp-content\/uploads\/2021\/11\/IMG_0035-18x12.jpg 18w\" sizes=\"auto, (max-width: 1024px) 100vw, 1024px\" \/><\/figure><\/li><li class=\"blocks-gallery-item\"><figure><img loading=\"lazy\" decoding=\"async\" width=\"1024\" height=\"683\" src=\"https:\/\/radioljubuski.ba\/wp-content\/uploads\/2021\/11\/IMG_0038.jpg\" alt=\"\" data-id=\"86628\" data-full-url=\"https:\/\/radioljubuski.ba\/wp-content\/uploads\/2021\/11\/IMG_0038.jpg\" data-link=\"https:\/\/radioljubuski.ba\/?attachment_id=86628\" class=\"wp-image-86628\" srcset=\"https:\/\/radioljubuski.ba\/wp-content\/uploads\/2021\/11\/IMG_0038.jpg 1024w, https:\/\/radioljubuski.ba\/wp-content\/uploads\/2021\/11\/IMG_0038-300x200.jpg 300w, https:\/\/radioljubuski.ba\/wp-content\/uploads\/2021\/11\/IMG_0038-768x512.jpg 768w, https:\/\/radioljubuski.ba\/wp-content\/uploads\/2021\/11\/IMG_0038-18x12.jpg 18w\" sizes=\"auto, (max-width: 1024px) 100vw, 1024px\" \/><\/figure><\/li><li class=\"blocks-gallery-item\"><figure><img loading=\"lazy\" decoding=\"async\" width=\"1024\" height=\"683\" src=\"https:\/\/radioljubuski.ba\/wp-content\/uploads\/2021\/11\/IMG_0041.jpg\" alt=\"\" data-id=\"86629\" data-full-url=\"https:\/\/radioljubuski.ba\/wp-content\/uploads\/2021\/11\/IMG_0041.jpg\" data-link=\"https:\/\/radioljubuski.ba\/?attachment_id=86629\" class=\"wp-image-86629\" srcset=\"https:\/\/radioljubuski.ba\/wp-content\/uploads\/2021\/11\/IMG_0041.jpg 1024w, https:\/\/radioljubuski.ba\/wp-content\/uploads\/2021\/11\/IMG_0041-300x200.jpg 300w, https:\/\/radioljubuski.ba\/wp-content\/uploads\/2021\/11\/IMG_0041-768x512.jpg 768w, https:\/\/radioljubuski.ba\/wp-content\/uploads\/2021\/11\/IMG_0041-18x12.jpg 18w\" sizes=\"auto, (max-width: 1024px) 100vw, 1024px\" \/><\/figure><\/li><li class=\"blocks-gallery-item\"><figure><img loading=\"lazy\" decoding=\"async\" width=\"1024\" height=\"683\" src=\"https:\/\/radioljubuski.ba\/wp-content\/uploads\/2021\/11\/IMG_0043.jpg\" alt=\"\" data-id=\"86630\" data-full-url=\"https:\/\/radioljubuski.ba\/wp-content\/uploads\/2021\/11\/IMG_0043.jpg\" data-link=\"https:\/\/radioljubuski.ba\/?attachment_id=86630\" class=\"wp-image-86630\" srcset=\"https:\/\/radioljubuski.ba\/wp-content\/uploads\/2021\/11\/IMG_0043.jpg 1024w, https:\/\/radioljubuski.ba\/wp-content\/uploads\/2021\/11\/IMG_0043-300x200.jpg 300w, https:\/\/radioljubuski.ba\/wp-content\/uploads\/2021\/11\/IMG_0043-768x512.jpg 768w, https:\/\/radioljubuski.ba\/wp-content\/uploads\/2021\/11\/IMG_0043-18x12.jpg 18w\" sizes=\"auto, (max-width: 1024px) 100vw, 1024px\" \/><\/figure><\/li><li class=\"blocks-gallery-item\"><figure><img loading=\"lazy\" decoding=\"async\" width=\"1024\" height=\"683\" src=\"https:\/\/radioljubuski.ba\/wp-content\/uploads\/2021\/11\/IMG_0047.jpg\" alt=\"\" data-id=\"86631\" data-full-url=\"https:\/\/radioljubuski.ba\/wp-content\/uploads\/2021\/11\/IMG_0047.jpg\" data-link=\"https:\/\/radioljubuski.ba\/?attachment_id=86631\" class=\"wp-image-86631\" srcset=\"https:\/\/radioljubuski.ba\/wp-content\/uploads\/2021\/11\/IMG_0047.jpg 1024w, https:\/\/radioljubuski.ba\/wp-content\/uploads\/2021\/11\/IMG_0047-300x200.jpg 300w, https:\/\/radioljubuski.ba\/wp-content\/uploads\/2021\/11\/IMG_0047-768x512.jpg 768w, https:\/\/radioljubuski.ba\/wp-content\/uploads\/2021\/11\/IMG_0047-18x12.jpg 18w\" sizes=\"auto, (max-width: 1024px) 100vw, 1024px\" \/><\/figure><\/li><li class=\"blocks-gallery-item\"><figure><img loading=\"lazy\" decoding=\"async\" width=\"1024\" height=\"683\" src=\"https:\/\/radioljubuski.ba\/wp-content\/uploads\/2021\/11\/IMG_0048.jpg\" alt=\"\" data-id=\"86632\" data-full-url=\"https:\/\/radioljubuski.ba\/wp-content\/uploads\/2021\/11\/IMG_0048.jpg\" data-link=\"https:\/\/radioljubuski.ba\/?attachment_id=86632\" class=\"wp-image-86632\" srcset=\"https:\/\/radioljubuski.ba\/wp-content\/uploads\/2021\/11\/IMG_0048.jpg 1024w, https:\/\/radioljubuski.ba\/wp-content\/uploads\/2021\/11\/IMG_0048-300x200.jpg 300w, https:\/\/radioljubuski.ba\/wp-content\/uploads\/2021\/11\/IMG_0048-768x512.jpg 768w, https:\/\/radioljubuski.ba\/wp-content\/uploads\/2021\/11\/IMG_0048-18x12.jpg 18w\" sizes=\"auto, (max-width: 1024px) 100vw, 1024px\" \/><\/figure><\/li><li class=\"blocks-gallery-item\"><figure><img loading=\"lazy\" decoding=\"async\" width=\"1024\" height=\"683\" src=\"https:\/\/radioljubuski.ba\/wp-content\/uploads\/2021\/11\/IMG_0049.jpg\" alt=\"\" data-id=\"86633\" data-full-url=\"https:\/\/radioljubuski.ba\/wp-content\/uploads\/2021\/11\/IMG_0049.jpg\" data-link=\"https:\/\/radioljubuski.ba\/?attachment_id=86633\" class=\"wp-image-86633\" srcset=\"https:\/\/radioljubuski.ba\/wp-content\/uploads\/2021\/11\/IMG_0049.jpg 1024w, https:\/\/radioljubuski.ba\/wp-content\/uploads\/2021\/11\/IMG_0049-300x200.jpg 300w, https:\/\/radioljubuski.ba\/wp-content\/uploads\/2021\/11\/IMG_0049-768x512.jpg 768w, https:\/\/radioljubuski.ba\/wp-content\/uploads\/2021\/11\/IMG_0049-18x12.jpg 18w\" sizes=\"auto, (max-width: 1024px) 100vw, 1024px\" \/><\/figure><\/li><li class=\"blocks-gallery-item\"><figure><img loading=\"lazy\" decoding=\"async\" width=\"1024\" height=\"683\" src=\"https:\/\/radioljubuski.ba\/wp-content\/uploads\/2021\/11\/IMG_0058.jpg\" alt=\"\" data-id=\"86634\" data-full-url=\"https:\/\/radioljubuski.ba\/wp-content\/uploads\/2021\/11\/IMG_0058.jpg\" data-link=\"https:\/\/radioljubuski.ba\/?attachment_id=86634\" class=\"wp-image-86634\" srcset=\"https:\/\/radioljubuski.ba\/wp-content\/uploads\/2021\/11\/IMG_0058.jpg 1024w, https:\/\/radioljubuski.ba\/wp-content\/uploads\/2021\/11\/IMG_0058-300x200.jpg 300w, https:\/\/radioljubuski.ba\/wp-content\/uploads\/2021\/11\/IMG_0058-768x512.jpg 768w, https:\/\/radioljubuski.ba\/wp-content\/uploads\/2021\/11\/IMG_0058-18x12.jpg 18w\" sizes=\"auto, (max-width: 1024px) 100vw, 1024px\" \/><\/figure><\/li><li class=\"blocks-gallery-item\"><figure><img loading=\"lazy\" decoding=\"async\" width=\"1024\" height=\"683\" src=\"https:\/\/radioljubuski.ba\/wp-content\/uploads\/2021\/11\/IMG_0061.jpg\" alt=\"\" data-id=\"86635\" data-full-url=\"https:\/\/radioljubuski.ba\/wp-content\/uploads\/2021\/11\/IMG_0061.jpg\" data-link=\"https:\/\/radioljubuski.ba\/?attachment_id=86635\" class=\"wp-image-86635\" srcset=\"https:\/\/radioljubuski.ba\/wp-content\/uploads\/2021\/11\/IMG_0061.jpg 1024w, https:\/\/radioljubuski.ba\/wp-content\/uploads\/2021\/11\/IMG_0061-300x200.jpg 300w, https:\/\/radioljubuski.ba\/wp-content\/uploads\/2021\/11\/IMG_0061-768x512.jpg 768w, https:\/\/radioljubuski.ba\/wp-content\/uploads\/2021\/11\/IMG_0061-18x12.jpg 18w\" sizes=\"auto, (max-width: 1024px) 100vw, 1024px\" \/><\/figure><\/li><li class=\"blocks-gallery-item\"><figure><img loading=\"lazy\" decoding=\"async\" width=\"1024\" height=\"683\" src=\"https:\/\/radioljubuski.ba\/wp-content\/uploads\/2021\/11\/IMG_0064.jpg\" alt=\"\" data-id=\"86636\" data-full-url=\"https:\/\/radioljubuski.ba\/wp-content\/uploads\/2021\/11\/IMG_0064.jpg\" data-link=\"https:\/\/radioljubuski.ba\/?attachment_id=86636\" class=\"wp-image-86636\" srcset=\"https:\/\/radioljubuski.ba\/wp-content\/uploads\/2021\/11\/IMG_0064.jpg 1024w, https:\/\/radioljubuski.ba\/wp-content\/uploads\/2021\/11\/IMG_0064-300x200.jpg 300w, https:\/\/radioljubuski.ba\/wp-content\/uploads\/2021\/11\/IMG_0064-768x512.jpg 768w, https:\/\/radioljubuski.ba\/wp-content\/uploads\/2021\/11\/IMG_0064-18x12.jpg 18w\" sizes=\"auto, (max-width: 1024px) 100vw, 1024px\" \/><\/figure><\/li><li class=\"blocks-gallery-item\"><figure><img loading=\"lazy\" decoding=\"async\" width=\"1024\" height=\"683\" src=\"https:\/\/radioljubuski.ba\/wp-content\/uploads\/2021\/11\/IMG_0070-1024x683.jpg\" alt=\"\" data-id=\"86637\" data-full-url=\"https:\/\/radioljubuski.ba\/wp-content\/uploads\/2021\/11\/IMG_0070-scaled.jpg\" data-link=\"https:\/\/radioljubuski.ba\/?attachment_id=86637\" class=\"wp-image-86637\" srcset=\"https:\/\/radioljubuski.ba\/wp-content\/uploads\/2021\/11\/IMG_0070-1024x683.jpg 1024w, https:\/\/radioljubuski.ba\/wp-content\/uploads\/2021\/11\/IMG_0070-300x200.jpg 300w, https:\/\/radioljubuski.ba\/wp-content\/uploads\/2021\/11\/IMG_0070-768x512.jpg 768w, https:\/\/radioljubuski.ba\/wp-content\/uploads\/2021\/11\/IMG_0070-1536x1024.jpg 1536w, https:\/\/radioljubuski.ba\/wp-content\/uploads\/2021\/11\/IMG_0070-2048x1365.jpg 2048w, https:\/\/radioljubuski.ba\/wp-content\/uploads\/2021\/11\/IMG_0070-18x12.jpg 18w\" sizes=\"auto, (max-width: 1024px) 100vw, 1024px\" \/><\/figure><\/li><li class=\"blocks-gallery-item\"><figure><img loading=\"lazy\" decoding=\"async\" width=\"1024\" height=\"683\" src=\"https:\/\/radioljubuski.ba\/wp-content\/uploads\/2021\/11\/IMG_0071.jpg\" alt=\"\" data-id=\"86638\" data-full-url=\"https:\/\/radioljubuski.ba\/wp-content\/uploads\/2021\/11\/IMG_0071.jpg\" data-link=\"https:\/\/radioljubuski.ba\/?attachment_id=86638\" class=\"wp-image-86638\" srcset=\"https:\/\/radioljubuski.ba\/wp-content\/uploads\/2021\/11\/IMG_0071.jpg 1024w, https:\/\/radioljubuski.ba\/wp-content\/uploads\/2021\/11\/IMG_0071-300x200.jpg 300w, https:\/\/radioljubuski.ba\/wp-content\/uploads\/2021\/11\/IMG_0071-768x512.jpg 768w, https:\/\/radioljubuski.ba\/wp-content\/uploads\/2021\/11\/IMG_0071-18x12.jpg 18w\" sizes=\"auto, (max-width: 1024px) 100vw, 1024px\" \/><\/figure><\/li><li class=\"blocks-gallery-item\"><figure><img loading=\"lazy\" decoding=\"async\" width=\"683\" height=\"1024\" src=\"https:\/\/radioljubuski.ba\/wp-content\/uploads\/2021\/11\/IMG_0073.jpg\" alt=\"\" data-id=\"86639\" data-full-url=\"https:\/\/radioljubuski.ba\/wp-content\/uploads\/2021\/11\/IMG_0073.jpg\" data-link=\"https:\/\/radioljubuski.ba\/?attachment_id=86639\" class=\"wp-image-86639\" srcset=\"https:\/\/radioljubuski.ba\/wp-content\/uploads\/2021\/11\/IMG_0073.jpg 683w, https:\/\/radioljubuski.ba\/wp-content\/uploads\/2021\/11\/IMG_0073-200x300.jpg 200w, https:\/\/radioljubuski.ba\/wp-content\/uploads\/2021\/11\/IMG_0073-8x12.jpg 8w\" sizes=\"auto, (max-width: 683px) 100vw, 683px\" \/><\/figure><\/li><li class=\"blocks-gallery-item\"><figure><img loading=\"lazy\" decoding=\"async\" width=\"1024\" height=\"683\" src=\"https:\/\/radioljubuski.ba\/wp-content\/uploads\/2021\/11\/IMG_0086.jpg\" alt=\"\" data-id=\"86640\" data-full-url=\"https:\/\/radioljubuski.ba\/wp-content\/uploads\/2021\/11\/IMG_0086.jpg\" data-link=\"https:\/\/radioljubuski.ba\/?attachment_id=86640\" class=\"wp-image-86640\" srcset=\"https:\/\/radioljubuski.ba\/wp-content\/uploads\/2021\/11\/IMG_0086.jpg 1024w, https:\/\/radioljubuski.ba\/wp-content\/uploads\/2021\/11\/IMG_0086-300x200.jpg 300w, https:\/\/radioljubuski.ba\/wp-content\/uploads\/2021\/11\/IMG_0086-768x512.jpg 768w, https:\/\/radioljubuski.ba\/wp-content\/uploads\/2021\/11\/IMG_0086-18x12.jpg 18w\" sizes=\"auto, (max-width: 1024px) 100vw, 1024px\" \/><\/figure><\/li><li class=\"blocks-gallery-item\"><figure><img loading=\"lazy\" decoding=\"async\" width=\"768\" height=\"860\" src=\"https:\/\/radioljubuski.ba\/wp-content\/uploads\/2021\/11\/IMG_0087.jpg\" alt=\"\" data-id=\"86641\" data-full-url=\"https:\/\/radioljubuski.ba\/wp-content\/uploads\/2021\/11\/IMG_0087.jpg\" data-link=\"https:\/\/radioljubuski.ba\/?attachment_id=86641\" class=\"wp-image-86641\" srcset=\"https:\/\/radioljubuski.ba\/wp-content\/uploads\/2021\/11\/IMG_0087.jpg 768w, https:\/\/radioljubuski.ba\/wp-content\/uploads\/2021\/11\/IMG_0087-268x300.jpg 268w, https:\/\/radioljubuski.ba\/wp-content\/uploads\/2021\/11\/IMG_0087-11x12.jpg 11w\" sizes=\"auto, (max-width: 768px) 100vw, 768px\" \/><\/figure><\/li><\/ul><\/figure>\n\n\n\n<p>M.Kraljevi\u0107\/Radio Ljubu\u0161ki<\/p>\n","protected":false},"excerpt":{"rendered":"<p>Danas je u Zvirovi\u0107ima povodom obilje\u017eavanja 29. obljetnice pogibije brigadira Bo\u017eana \u0160imovi\u0107a, koji je 1992. godine poginuo na podru\u010dju Rotimlje, i u znak zahvalnosti svim hrvatskim vitezovima slu\u017eena Sveta Misa i uprili\u010den komemorativni skup \u201cU spomen na hrvatske vitezove\u201d. Na spomen obilje\u017eje pored velikog kri\u017ea, a potom i na grob Bo\u017eana \u0160imovi\u0107a cvije\u0107e i svije\u0107e [&hellip;]<\/p>\n","protected":false},"author":2,"featured_media":86634,"comment_status":"closed","ping_status":"closed","sticky":false,"template":"","format":"standard","meta":{"h5ap_radio_sources":[],"footnotes":""},"categories":[1],"tags":[],"class_list":["post-86619","post","type-post","status-publish","format-standard","has-post-thumbnail","hentry","category-bihiregija"],"yoast_head":"<!-- This site is optimized with the Yoast SEO plugin v27.5 - https:\/\/yoast.com\/product\/yoast-seo-wordpress\/ -->\n<title>U spomen na hrvatske vitezove 2021. - RADIO LJUBU\u0160KI<\/title>\n<meta name=\"robots\" content=\"index, follow, max-snippet:-1, max-image-preview:large, max-video-preview:-1\" \/>\n<link rel=\"canonical\" href=\"https:\/\/radioljubuski.ba\/index.php\/2021\/11\/08\/u-spomen-na-hrvatske-vitezove-2021\/\" \/>\n<meta property=\"og:locale\" content=\"hr_HR\" \/>\n<meta property=\"og:type\" content=\"article\" \/>\n<meta property=\"og:title\" content=\"U spomen na hrvatske vitezove 2021. - RADIO LJUBU\u0160KI\" \/>\n<meta property=\"og:description\" content=\"Danas je u Zvirovi\u0107ima povodom obilje\u017eavanja 29. obljetnice pogibije brigadira Bo\u017eana \u0160imovi\u0107a, koji je 1992. godine poginuo na podru\u010dju Rotimlje, i u znak zahvalnosti svim hrvatskim vitezovima slu\u017eena Sveta Misa i uprili\u010den komemorativni skup \u201cU spomen na hrvatske vitezove\u201d. Na spomen obilje\u017eje pored velikog kri\u017ea, a potom i na grob Bo\u017eana \u0160imovi\u0107a cvije\u0107e i svije\u0107e [&hellip;]\" \/>\n<meta property=\"og:url\" content=\"https:\/\/radioljubuski.ba\/index.php\/2021\/11\/08\/u-spomen-na-hrvatske-vitezove-2021\/\" \/>\n<meta property=\"og:site_name\" content=\"RADIO LJUBU\u0160KI\" \/>\n<meta property=\"article:publisher\" content=\"https:\/\/www.facebook.com\/Radiio-Ljubuski-1490835324566332\" \/>\n<meta property=\"article:published_time\" content=\"2021-11-08T12:25:26+00:00\" \/>\n<meta property=\"article:modified_time\" content=\"2021-11-08T12:25:29+00:00\" \/>\n<meta property=\"og:image\" content=\"https:\/\/radioljubuski.ba\/wp-content\/uploads\/2021\/11\/IMG_0058.jpg\" \/>\n\t<meta property=\"og:image:width\" content=\"1024\" \/>\n\t<meta property=\"og:image:height\" content=\"683\" \/>\n\t<meta property=\"og:image:type\" content=\"image\/jpeg\" \/>\n<meta name=\"author\" content=\"Radio Ljubu\u0161ki\" \/>\n<meta name=\"twitter:card\" content=\"summary_large_image\" \/>\n<meta name=\"twitter:creator\" content=\"@radioljubuski\" \/>\n<meta name=\"twitter:site\" content=\"@radioljubuski\" \/>\n<meta name=\"twitter:label1\" content=\"Napisao\/la\" \/>\n\t<meta name=\"twitter:data1\" content=\"Radio Ljubu\u0161ki\" \/>\n\t<meta name=\"twitter:label2\" content=\"Procijenjeno vrijeme \u010ditanja\" \/>\n\t<meta name=\"twitter:data2\" content=\"6 minuta\" \/>\n<script type=\"application\/ld+json\" class=\"yoast-schema-graph\">{\"@context\":\"https:\\\/\\\/schema.org\",\"@graph\":[{\"@type\":\"Article\",\"@id\":\"https:\\\/\\\/radioljubuski.ba\\\/index.php\\\/2021\\\/11\\\/08\\\/u-spomen-na-hrvatske-vitezove-2021\\\/#article\",\"isPartOf\":{\"@id\":\"https:\\\/\\\/radioljubuski.ba\\\/index.php\\\/2021\\\/11\\\/08\\\/u-spomen-na-hrvatske-vitezove-2021\\\/\"},\"author\":{\"name\":\"Radio Ljubu\u0161ki\",\"@id\":\"https:\\\/\\\/radioljubuski.ba\\\/#\\\/schema\\\/person\\\/19fc700381a780f69665d7956c469e3b\"},\"headline\":\"U spomen na hrvatske vitezove 2021.\",\"datePublished\":\"2021-11-08T12:25:26+00:00\",\"dateModified\":\"2021-11-08T12:25:29+00:00\",\"mainEntityOfPage\":{\"@id\":\"https:\\\/\\\/radioljubuski.ba\\\/index.php\\\/2021\\\/11\\\/08\\\/u-spomen-na-hrvatske-vitezove-2021\\\/\"},\"wordCount\":327,\"publisher\":{\"@id\":\"https:\\\/\\\/radioljubuski.ba\\\/#organization\"},\"image\":{\"@id\":\"https:\\\/\\\/radioljubuski.ba\\\/index.php\\\/2021\\\/11\\\/08\\\/u-spomen-na-hrvatske-vitezove-2021\\\/#primaryimage\"},\"thumbnailUrl\":\"https:\\\/\\\/radioljubuski.ba\\\/wp-content\\\/uploads\\\/2021\\\/11\\\/IMG_0058.jpg\",\"articleSection\":[\"BIH i regija\"],\"inLanguage\":\"hr\"},{\"@type\":\"WebPage\",\"@id\":\"https:\\\/\\\/radioljubuski.ba\\\/index.php\\\/2021\\\/11\\\/08\\\/u-spomen-na-hrvatske-vitezove-2021\\\/\",\"url\":\"https:\\\/\\\/radioljubuski.ba\\\/index.php\\\/2021\\\/11\\\/08\\\/u-spomen-na-hrvatske-vitezove-2021\\\/\",\"name\":\"U spomen na hrvatske vitezove 2021. - RADIO LJUBU\u0160KI\",\"isPartOf\":{\"@id\":\"https:\\\/\\\/radioljubuski.ba\\\/#website\"},\"primaryImageOfPage\":{\"@id\":\"https:\\\/\\\/radioljubuski.ba\\\/index.php\\\/2021\\\/11\\\/08\\\/u-spomen-na-hrvatske-vitezove-2021\\\/#primaryimage\"},\"image\":{\"@id\":\"https:\\\/\\\/radioljubuski.ba\\\/index.php\\\/2021\\\/11\\\/08\\\/u-spomen-na-hrvatske-vitezove-2021\\\/#primaryimage\"},\"thumbnailUrl\":\"https:\\\/\\\/radioljubuski.ba\\\/wp-content\\\/uploads\\\/2021\\\/11\\\/IMG_0058.jpg\",\"datePublished\":\"2021-11-08T12:25:26+00:00\",\"dateModified\":\"2021-11-08T12:25:29+00:00\",\"breadcrumb\":{\"@id\":\"https:\\\/\\\/radioljubuski.ba\\\/index.php\\\/2021\\\/11\\\/08\\\/u-spomen-na-hrvatske-vitezove-2021\\\/#breadcrumb\"},\"inLanguage\":\"hr\",\"potentialAction\":[{\"@type\":\"ReadAction\",\"target\":[\"https:\\\/\\\/radioljubuski.ba\\\/index.php\\\/2021\\\/11\\\/08\\\/u-spomen-na-hrvatske-vitezove-2021\\\/\"]}]},{\"@type\":\"ImageObject\",\"inLanguage\":\"hr\",\"@id\":\"https:\\\/\\\/radioljubuski.ba\\\/index.php\\\/2021\\\/11\\\/08\\\/u-spomen-na-hrvatske-vitezove-2021\\\/#primaryimage\",\"url\":\"https:\\\/\\\/radioljubuski.ba\\\/wp-content\\\/uploads\\\/2021\\\/11\\\/IMG_0058.jpg\",\"contentUrl\":\"https:\\\/\\\/radioljubuski.ba\\\/wp-content\\\/uploads\\\/2021\\\/11\\\/IMG_0058.jpg\",\"width\":1024,\"height\":683},{\"@type\":\"BreadcrumbList\",\"@id\":\"https:\\\/\\\/radioljubuski.ba\\\/index.php\\\/2021\\\/11\\\/08\\\/u-spomen-na-hrvatske-vitezove-2021\\\/#breadcrumb\",\"itemListElement\":[{\"@type\":\"ListItem\",\"position\":1,\"name\":\"Po\u010detna stranica\",\"item\":\"https:\\\/\\\/radioljubuski.ba\\\/\"},{\"@type\":\"ListItem\",\"position\":2,\"name\":\"U spomen na hrvatske vitezove 2021.\"}]},{\"@type\":\"WebSite\",\"@id\":\"https:\\\/\\\/radioljubuski.ba\\\/#website\",\"url\":\"https:\\\/\\\/radioljubuski.ba\\\/\",\"name\":\"Radio Ljubu\u0161ki\",\"description\":\"Sun\u010dana frekvencija Hercegovine\",\"publisher\":{\"@id\":\"https:\\\/\\\/radioljubuski.ba\\\/#organization\"},\"potentialAction\":[{\"@type\":\"SearchAction\",\"target\":{\"@type\":\"EntryPoint\",\"urlTemplate\":\"https:\\\/\\\/radioljubuski.ba\\\/?s={search_term_string}\"},\"query-input\":{\"@type\":\"PropertyValueSpecification\",\"valueRequired\":true,\"valueName\":\"search_term_string\"}}],\"inLanguage\":\"hr\"},{\"@type\":\"Organization\",\"@id\":\"https:\\\/\\\/radioljubuski.ba\\\/#organization\",\"name\":\"Radio Ljubu\u0161ki\",\"url\":\"https:\\\/\\\/radioljubuski.ba\\\/\",\"logo\":{\"@type\":\"ImageObject\",\"inLanguage\":\"hr\",\"@id\":\"https:\\\/\\\/radioljubuski.ba\\\/#\\\/schema\\\/logo\\\/image\\\/\",\"url\":\"https:\\\/\\\/radioljubuski.ba\\\/wp-content\\\/uploads\\\/2021\\\/02\\\/cropped-Radio_Ljubuski_logo1.jpg\",\"contentUrl\":\"https:\\\/\\\/radioljubuski.ba\\\/wp-content\\\/uploads\\\/2021\\\/02\\\/cropped-Radio_Ljubuski_logo1.jpg\",\"width\":512,\"height\":512,\"caption\":\"Radio Ljubu\u0161ki\"},\"image\":{\"@id\":\"https:\\\/\\\/radioljubuski.ba\\\/#\\\/schema\\\/logo\\\/image\\\/\"},\"sameAs\":[\"https:\\\/\\\/www.facebook.com\\\/Radiio-Ljubuski-1490835324566332\",\"https:\\\/\\\/x.com\\\/radioljubuski\",\"https:\\\/\\\/hr.linkedin.com\\\/company\\\/radio-ljubuski\",\"https:\\\/\\\/www.youtube.com\\\/channel\\\/UCHYaeO_n0Db3tjNGudGpXyw\"]},{\"@type\":\"Person\",\"@id\":\"https:\\\/\\\/radioljubuski.ba\\\/#\\\/schema\\\/person\\\/19fc700381a780f69665d7956c469e3b\",\"name\":\"Radio Ljubu\u0161ki\"}]}<\/script>\n<!-- \/ Yoast SEO plugin. -->","yoast_head_json":{"title":"U spomen na hrvatske vitezove 2021. - RADIO LJUBU\u0160KI","robots":{"index":"index","follow":"follow","max-snippet":"max-snippet:-1","max-image-preview":"max-image-preview:large","max-video-preview":"max-video-preview:-1"},"canonical":"https:\/\/radioljubuski.ba\/index.php\/2021\/11\/08\/u-spomen-na-hrvatske-vitezove-2021\/","og_locale":"hr_HR","og_type":"article","og_title":"U spomen na hrvatske vitezove 2021. - RADIO LJUBU\u0160KI","og_description":"Danas je u Zvirovi\u0107ima povodom obilje\u017eavanja 29. obljetnice pogibije brigadira Bo\u017eana \u0160imovi\u0107a, koji je 1992. godine poginuo na podru\u010dju Rotimlje, i u znak zahvalnosti svim hrvatskim vitezovima slu\u017eena Sveta Misa i uprili\u010den komemorativni skup \u201cU spomen na hrvatske vitezove\u201d. Na spomen obilje\u017eje pored velikog kri\u017ea, a potom i na grob Bo\u017eana \u0160imovi\u0107a cvije\u0107e i svije\u0107e [&hellip;]","og_url":"https:\/\/radioljubuski.ba\/index.php\/2021\/11\/08\/u-spomen-na-hrvatske-vitezove-2021\/","og_site_name":"RADIO LJUBU\u0160KI","article_publisher":"https:\/\/www.facebook.com\/Radiio-Ljubuski-1490835324566332","article_published_time":"2021-11-08T12:25:26+00:00","article_modified_time":"2021-11-08T12:25:29+00:00","og_image":[{"width":1024,"height":683,"url":"https:\/\/radioljubuski.ba\/wp-content\/uploads\/2021\/11\/IMG_0058.jpg","type":"image\/jpeg"}],"author":"Radio Ljubu\u0161ki","twitter_card":"summary_large_image","twitter_creator":"@radioljubuski","twitter_site":"@radioljubuski","twitter_misc":{"Napisao\/la":"Radio Ljubu\u0161ki","Procijenjeno vrijeme \u010ditanja":"6 minuta"},"schema":{"@context":"https:\/\/schema.org","@graph":[{"@type":"Article","@id":"https:\/\/radioljubuski.ba\/index.php\/2021\/11\/08\/u-spomen-na-hrvatske-vitezove-2021\/#article","isPartOf":{"@id":"https:\/\/radioljubuski.ba\/index.php\/2021\/11\/08\/u-spomen-na-hrvatske-vitezove-2021\/"},"author":{"name":"Radio Ljubu\u0161ki","@id":"https:\/\/radioljubuski.ba\/#\/schema\/person\/19fc700381a780f69665d7956c469e3b"},"headline":"U spomen na hrvatske vitezove 2021.","datePublished":"2021-11-08T12:25:26+00:00","dateModified":"2021-11-08T12:25:29+00:00","mainEntityOfPage":{"@id":"https:\/\/radioljubuski.ba\/index.php\/2021\/11\/08\/u-spomen-na-hrvatske-vitezove-2021\/"},"wordCount":327,"publisher":{"@id":"https:\/\/radioljubuski.ba\/#organization"},"image":{"@id":"https:\/\/radioljubuski.ba\/index.php\/2021\/11\/08\/u-spomen-na-hrvatske-vitezove-2021\/#primaryimage"},"thumbnailUrl":"https:\/\/radioljubuski.ba\/wp-content\/uploads\/2021\/11\/IMG_0058.jpg","articleSection":["BIH i regija"],"inLanguage":"hr"},{"@type":"WebPage","@id":"https:\/\/radioljubuski.ba\/index.php\/2021\/11\/08\/u-spomen-na-hrvatske-vitezove-2021\/","url":"https:\/\/radioljubuski.ba\/index.php\/2021\/11\/08\/u-spomen-na-hrvatske-vitezove-2021\/","name":"U spomen na hrvatske vitezove 2021. - RADIO LJUBU\u0160KI","isPartOf":{"@id":"https:\/\/radioljubuski.ba\/#website"},"primaryImageOfPage":{"@id":"https:\/\/radioljubuski.ba\/index.php\/2021\/11\/08\/u-spomen-na-hrvatske-vitezove-2021\/#primaryimage"},"image":{"@id":"https:\/\/radioljubuski.ba\/index.php\/2021\/11\/08\/u-spomen-na-hrvatske-vitezove-2021\/#primaryimage"},"thumbnailUrl":"https:\/\/radioljubuski.ba\/wp-content\/uploads\/2021\/11\/IMG_0058.jpg","datePublished":"2021-11-08T12:25:26+00:00","dateModified":"2021-11-08T12:25:29+00:00","breadcrumb":{"@id":"https:\/\/radioljubuski.ba\/index.php\/2021\/11\/08\/u-spomen-na-hrvatske-vitezove-2021\/#breadcrumb"},"inLanguage":"hr","potentialAction":[{"@type":"ReadAction","target":["https:\/\/radioljubuski.ba\/index.php\/2021\/11\/08\/u-spomen-na-hrvatske-vitezove-2021\/"]}]},{"@type":"ImageObject","inLanguage":"hr","@id":"https:\/\/radioljubuski.ba\/index.php\/2021\/11\/08\/u-spomen-na-hrvatske-vitezove-2021\/#primaryimage","url":"https:\/\/radioljubuski.ba\/wp-content\/uploads\/2021\/11\/IMG_0058.jpg","contentUrl":"https:\/\/radioljubuski.ba\/wp-content\/uploads\/2021\/11\/IMG_0058.jpg","width":1024,"height":683},{"@type":"BreadcrumbList","@id":"https:\/\/radioljubuski.ba\/index.php\/2021\/11\/08\/u-spomen-na-hrvatske-vitezove-2021\/#breadcrumb","itemListElement":[{"@type":"ListItem","position":1,"name":"Po\u010detna stranica","item":"https:\/\/radioljubuski.ba\/"},{"@type":"ListItem","position":2,"name":"U spomen na hrvatske vitezove 2021."}]},{"@type":"WebSite","@id":"https:\/\/radioljubuski.ba\/#website","url":"https:\/\/radioljubuski.ba\/","name":"Radio Ljubu\u0161ki","description":"Sun\u010dana frekvencija Hercegovine","publisher":{"@id":"https:\/\/radioljubuski.ba\/#organization"},"potentialAction":[{"@type":"SearchAction","target":{"@type":"EntryPoint","urlTemplate":"https:\/\/radioljubuski.ba\/?s={search_term_string}"},"query-input":{"@type":"PropertyValueSpecification","valueRequired":true,"valueName":"search_term_string"}}],"inLanguage":"hr"},{"@type":"Organization","@id":"https:\/\/radioljubuski.ba\/#organization","name":"Radio Ljubu\u0161ki","url":"https:\/\/radioljubuski.ba\/","logo":{"@type":"ImageObject","inLanguage":"hr","@id":"https:\/\/radioljubuski.ba\/#\/schema\/logo\/image\/","url":"https:\/\/radioljubuski.ba\/wp-content\/uploads\/2021\/02\/cropped-Radio_Ljubuski_logo1.jpg","contentUrl":"https:\/\/radioljubuski.ba\/wp-content\/uploads\/2021\/02\/cropped-Radio_Ljubuski_logo1.jpg","width":512,"height":512,"caption":"Radio Ljubu\u0161ki"},"image":{"@id":"https:\/\/radioljubuski.ba\/#\/schema\/logo\/image\/"},"sameAs":["https:\/\/www.facebook.com\/Radiio-Ljubuski-1490835324566332","https:\/\/x.com\/radioljubuski","https:\/\/hr.linkedin.com\/company\/radio-ljubuski","https:\/\/www.youtube.com\/channel\/UCHYaeO_n0Db3tjNGudGpXyw"]},{"@type":"Person","@id":"https:\/\/radioljubuski.ba\/#\/schema\/person\/19fc700381a780f69665d7956c469e3b","name":"Radio Ljubu\u0161ki"}]}},"_links":{"self":[{"href":"https:\/\/radioljubuski.ba\/index.php\/wp-json\/wp\/v2\/posts\/86619","targetHints":{"allow":["GET"]}}],"collection":[{"href":"https:\/\/radioljubuski.ba\/index.php\/wp-json\/wp\/v2\/posts"}],"about":[{"href":"https:\/\/radioljubuski.ba\/index.php\/wp-json\/wp\/v2\/types\/post"}],"author":[{"embeddable":true,"href":"https:\/\/radioljubuski.ba\/index.php\/wp-json\/wp\/v2\/users\/2"}],"replies":[{"embeddable":true,"href":"https:\/\/radioljubuski.ba\/index.php\/wp-json\/wp\/v2\/comments?post=86619"}],"version-history":[{"count":1,"href":"https:\/\/radioljubuski.ba\/index.php\/wp-json\/wp\/v2\/posts\/86619\/revisions"}],"predecessor-version":[{"id":86642,"href":"https:\/\/radioljubuski.ba\/index.php\/wp-json\/wp\/v2\/posts\/86619\/revisions\/86642"}],"wp:featuredmedia":[{"embeddable":true,"href":"https:\/\/radioljubuski.ba\/index.php\/wp-json\/wp\/v2\/media\/86634"}],"wp:attachment":[{"href":"https:\/\/radioljubuski.ba\/index.php\/wp-json\/wp\/v2\/media?parent=86619"}],"wp:term":[{"taxonomy":"category","embeddable":true,"href":"https:\/\/radioljubuski.ba\/index.php\/wp-json\/wp\/v2\/categories?post=86619"},{"taxonomy":"post_tag","embeddable":true,"href":"https:\/\/radioljubuski.ba\/index.php\/wp-json\/wp\/v2\/tags?post=86619"}],"curies":[{"name":"wp","href":"https:\/\/api.w.org\/{rel}","templated":true}]}}