{"id":8668,"date":"2021-04-01T16:38:12","date_gmt":"2021-04-01T15:38:12","guid":{"rendered":"https:\/\/radioljubuski.ba\/?p=8668"},"modified":"2021-04-01T16:38:13","modified_gmt":"2021-04-01T15:38:13","slug":"humci-i-danas-cuvaju-sjecanje-na-zrtve-kuge-u-teslicu","status":"publish","type":"post","link":"https:\/\/radioljubuski.ba\/index.php\/2021\/04\/01\/humci-i-danas-cuvaju-sjecanje-na-zrtve-kuge-u-teslicu\/","title":{"rendered":"Humci i danas \u010duvaju sje\u0107anje na \u017ertve kuge u Tesli\u0107u"},"content":{"rendered":"\n<p>U tesli\u0107kom mjesta\u0161cu Plane, na zaravni iznad ku\u0107a Nenada i Vlade Jotanovi\u0107a, nalazi se lokalitet Kranjsko groblje. O \u0161umskim radnicima iz Kranja i Slovenije koji su tu pokopani prije dva stolje\u0107a, kada je ovim krajevima harala kuga, pri\u010da se prenosi generacijama, pi\u0161e Ve\u010dernji list BiH.<\/p>\n\n\n\n<p>Ovaj lokalitet od Tesli\u0107a je udaljen 24 kilometra. Posjetio sam ga s Mitrom Ga\u010di\u0107em iz Banje Luke, koji me je konzultirao preko Ante Tabaka, fotografa iz Tesli\u0107a. Do mjesta se treba probijati malim, uskim lokalnim putom kako bi se do\u0161lo do groblja. Mjesto je mala zaravan, obilje\u017eeno samo improviziranim drvenim neuglednim kri\u017eem na vrhu brda koje dijeli slijev Male i Velike Ukrine.<\/p>\n\n\n\n<p>Primjer su\u017eivota<\/p>\n\n\n\n<p>Najstariji mje\u0161tani sela Plane, me\u0111u kojima je Vlado Jotanovi\u0107, prepri\u010davaju da su Slovenci stradali u vrijeme svjetske po\u0161asti &#8211; kuge, koja je u to vrijeme harala i ovim krajevima. Vlado je ponosan \u0161to je sa\u010duvao ovo groblje da ga nitko nije oskvrnuo, preorao ili uni\u0161tio. Ovdje se na djelu mo\u017ee vidjeti primjer su\u017eivota i dijaloga s pravoslavnima i muslimanima. Moglo se ovo groblje zaboraviti, zanijekati, namjerno prekriti, ali, zahvaljuju\u0107i dobrim ljudima, bez obzira na naciju i vjeru, ostalo je netaknuto.<\/p>\n\n\n\n<p>Kranjci su ovdje imali svoje barake, radili\u0161te, tu su boravili, u tesli\u0107kim \u0161umama radili po nalogu Austrije i tu se i zarazili kugom. Na mjestu gdje je pokopano 30-ak ili vi\u0161e radnika sada je \u0161uma Vlade Jotanovi\u0107a. Stari su pri\u010dali kako je ovdje bila terenska bolnica zvana \u201c\u0160pitalj\u201d, po \u010demu se parcela i sada u gruntovnim knjigama vodi kao \u201c\u0160pitaljina\u201d. Ovdje su Slovenci sjekli dugu hrastovu otesanu dasku koja se koristi za izradu ba\u010dvi \u2013 ispri\u010dao je za Srpskainfo Vlado Jotanovi\u0107, posljednji \u010duvar uspomene na Kranjce, \u010dije groblje je na njegovu imanju.<\/p>\n\n\n\n<p>Vlado je s bratom i susjedima zagovarao da se tzv. Kranjsko groblje obilje\u017ei i tako sa\u010duva sje\u0107anje na veliku zarazu koja je harala ovim krajevima i ugasila mnoge \u017eivote. U epidemiji kuge, za koju u \u010ce\u010davi nema pouzdanih podataka, pri\u010daju kako je, osim lokalnog stanovni\u0161tva, stradao veliki broj radnika iz drugih krajeva, me\u0111u kojima i Kranjci, pokopani u nekoliko zajedni\u010dkih grobnica. I sada se na tom mjestu mogu razaznati dva humka. Vlado Jotanovi\u0107 pri\u010da kako mu je otac govorio da je bolnica zapaljena poslije pomora radnika.<\/p>\n\n\n\n<p>Radnici iz Dolenjske<\/p>\n\n\n\n<p>Na mjestu gdje je navodno bila bolnica poslije su izrovani razni metalni predmeti. Prepri\u010dava se kako je izvjesni starac Jo\u017ee Pojata iz Dolenjske kod Novog Mesta pri\u010dao da su njegovi preci bili \u0161umski radnici u okolini Tesli\u0107a. Ina\u010de, kuga, jedna od najve\u0107ih po\u0161asti u ljudskoj povijesti, pro\u0161irila se prije vi\u0161e od 200 godina i na teritorij dana\u0161nje BiH.<\/p>\n\n\n\n<p>Bolest se \u0161irila poput \u0161umskog po\u017eara, a nesretni ljudi nisu ni stizali pokapati preminule. Polagali su ih u zajedni\u010dke grobnice, a tijela potom posipali kre\u010dom. Kuga je u 18. stolje\u0107u nazvana i crna smrt, jer je za samo jednu no\u0107 odnosila \u010ditave obitelji. O tom vremenu svjedo\u010de i groblja u drugim mjestima. Sa \u0161umskih radili\u0161ta u okolini Tesli\u0107a, gdje su radili nesretni Kranjci, duga se od hrastovine konjima nosila do kotura\u010de zvane \u201cLorban\u201d.<\/p>\n\n\n\n<p>Njezina se trasa i danas mo\u017ee primijetiti. Kotura\u010dom se duga spu\u0161tala u Kula\u0161e, a zatim uskladi\u0161tila na splavima, koje su na rijeci Velikoj Ukrini \u010dekale veliki porast vode da bi je prevezle do Save kod Broda. Duga iz tesli\u0107kih \u0161uma bila je poznata u cijeloj austrougarskoj carevini.<\/p>\n\n\n\n<p>Izvor:vecernji.ba<\/p>\n","protected":false},"excerpt":{"rendered":"<p>U tesli\u0107kom mjesta\u0161cu Plane, na zaravni iznad ku\u0107a Nenada i Vlade Jotanovi\u0107a, nalazi se lokalitet Kranjsko groblje. O \u0161umskim radnicima iz Kranja i Slovenije koji su tu pokopani prije dva stolje\u0107a, kada je ovim krajevima harala kuga, pri\u010da se prenosi generacijama, pi\u0161e Ve\u010dernji list BiH. Ovaj lokalitet od Tesli\u0107a je udaljen 24 kilometra. Posjetio sam [&hellip;]<\/p>\n","protected":false},"author":2,"featured_media":8669,"comment_status":"closed","ping_status":"closed","sticky":false,"template":"","format":"standard","meta":{"h5ap_radio_sources":[],"footnotes":""},"categories":[1],"tags":[],"class_list":["post-8668","post","type-post","status-publish","format-standard","has-post-thumbnail","hentry","category-bihiregija"],"yoast_head":"<!-- This site is optimized with the Yoast SEO plugin v27.4 - https:\/\/yoast.com\/product\/yoast-seo-wordpress\/ -->\n<title>Humci i danas \u010duvaju sje\u0107anje na \u017ertve kuge u Tesli\u0107u - RADIO LJUBU\u0160KI<\/title>\n<meta name=\"robots\" content=\"index, follow, max-snippet:-1, max-image-preview:large, max-video-preview:-1\" \/>\n<link rel=\"canonical\" href=\"https:\/\/radioljubuski.ba\/index.php\/2021\/04\/01\/humci-i-danas-cuvaju-sjecanje-na-zrtve-kuge-u-teslicu\/\" \/>\n<meta property=\"og:locale\" content=\"hr_HR\" \/>\n<meta property=\"og:type\" content=\"article\" \/>\n<meta property=\"og:title\" content=\"Humci i danas \u010duvaju sje\u0107anje na \u017ertve kuge u Tesli\u0107u - RADIO LJUBU\u0160KI\" \/>\n<meta property=\"og:description\" content=\"U tesli\u0107kom mjesta\u0161cu Plane, na zaravni iznad ku\u0107a Nenada i Vlade Jotanovi\u0107a, nalazi se lokalitet Kranjsko groblje. O \u0161umskim radnicima iz Kranja i Slovenije koji su tu pokopani prije dva stolje\u0107a, kada je ovim krajevima harala kuga, pri\u010da se prenosi generacijama, pi\u0161e Ve\u010dernji list BiH. Ovaj lokalitet od Tesli\u0107a je udaljen 24 kilometra. Posjetio sam [&hellip;]\" \/>\n<meta property=\"og:url\" content=\"https:\/\/radioljubuski.ba\/index.php\/2021\/04\/01\/humci-i-danas-cuvaju-sjecanje-na-zrtve-kuge-u-teslicu\/\" \/>\n<meta property=\"og:site_name\" content=\"RADIO LJUBU\u0160KI\" \/>\n<meta property=\"article:publisher\" content=\"https:\/\/www.facebook.com\/Radiio-Ljubuski-1490835324566332\" \/>\n<meta property=\"article:published_time\" content=\"2021-04-01T15:38:12+00:00\" \/>\n<meta property=\"article:modified_time\" content=\"2021-04-01T15:38:13+00:00\" \/>\n<meta property=\"og:image\" content=\"https:\/\/radioljubuski.ba\/wp-content\/uploads\/2021\/04\/2-2021-04-01-13-34-33-TESLIC.png\" \/>\n\t<meta property=\"og:image:width\" content=\"1000\" \/>\n\t<meta property=\"og:image:height\" content=\"625\" \/>\n\t<meta property=\"og:image:type\" content=\"image\/png\" \/>\n<meta name=\"author\" content=\"Radio Ljubu\u0161ki\" \/>\n<meta name=\"twitter:card\" content=\"summary_large_image\" \/>\n<meta name=\"twitter:creator\" content=\"@radioljubuski\" \/>\n<meta name=\"twitter:site\" content=\"@radioljubuski\" \/>\n<meta name=\"twitter:label1\" content=\"Napisao\/la\" \/>\n\t<meta name=\"twitter:data1\" content=\"Radio Ljubu\u0161ki\" \/>\n\t<meta name=\"twitter:label2\" content=\"Procijenjeno vrijeme \u010ditanja\" \/>\n\t<meta name=\"twitter:data2\" content=\"3 minute\" \/>\n<script type=\"application\/ld+json\" class=\"yoast-schema-graph\">{\"@context\":\"https:\\\/\\\/schema.org\",\"@graph\":[{\"@type\":\"Article\",\"@id\":\"https:\\\/\\\/radioljubuski.ba\\\/index.php\\\/2021\\\/04\\\/01\\\/humci-i-danas-cuvaju-sjecanje-na-zrtve-kuge-u-teslicu\\\/#article\",\"isPartOf\":{\"@id\":\"https:\\\/\\\/radioljubuski.ba\\\/index.php\\\/2021\\\/04\\\/01\\\/humci-i-danas-cuvaju-sjecanje-na-zrtve-kuge-u-teslicu\\\/\"},\"author\":{\"name\":\"Radio Ljubu\u0161ki\",\"@id\":\"https:\\\/\\\/radioljubuski.ba\\\/#\\\/schema\\\/person\\\/19fc700381a780f69665d7956c469e3b\"},\"headline\":\"Humci i danas \u010duvaju sje\u0107anje na \u017ertve kuge u Tesli\u0107u\",\"datePublished\":\"2021-04-01T15:38:12+00:00\",\"dateModified\":\"2021-04-01T15:38:13+00:00\",\"mainEntityOfPage\":{\"@id\":\"https:\\\/\\\/radioljubuski.ba\\\/index.php\\\/2021\\\/04\\\/01\\\/humci-i-danas-cuvaju-sjecanje-na-zrtve-kuge-u-teslicu\\\/\"},\"wordCount\":624,\"publisher\":{\"@id\":\"https:\\\/\\\/radioljubuski.ba\\\/#organization\"},\"image\":{\"@id\":\"https:\\\/\\\/radioljubuski.ba\\\/index.php\\\/2021\\\/04\\\/01\\\/humci-i-danas-cuvaju-sjecanje-na-zrtve-kuge-u-teslicu\\\/#primaryimage\"},\"thumbnailUrl\":\"https:\\\/\\\/radioljubuski.ba\\\/wp-content\\\/uploads\\\/2021\\\/04\\\/2-2021-04-01-13-34-33-TESLIC.png\",\"articleSection\":[\"BIH i regija\"],\"inLanguage\":\"hr\"},{\"@type\":\"WebPage\",\"@id\":\"https:\\\/\\\/radioljubuski.ba\\\/index.php\\\/2021\\\/04\\\/01\\\/humci-i-danas-cuvaju-sjecanje-na-zrtve-kuge-u-teslicu\\\/\",\"url\":\"https:\\\/\\\/radioljubuski.ba\\\/index.php\\\/2021\\\/04\\\/01\\\/humci-i-danas-cuvaju-sjecanje-na-zrtve-kuge-u-teslicu\\\/\",\"name\":\"Humci i danas \u010duvaju sje\u0107anje na \u017ertve kuge u Tesli\u0107u - RADIO LJUBU\u0160KI\",\"isPartOf\":{\"@id\":\"https:\\\/\\\/radioljubuski.ba\\\/#website\"},\"primaryImageOfPage\":{\"@id\":\"https:\\\/\\\/radioljubuski.ba\\\/index.php\\\/2021\\\/04\\\/01\\\/humci-i-danas-cuvaju-sjecanje-na-zrtve-kuge-u-teslicu\\\/#primaryimage\"},\"image\":{\"@id\":\"https:\\\/\\\/radioljubuski.ba\\\/index.php\\\/2021\\\/04\\\/01\\\/humci-i-danas-cuvaju-sjecanje-na-zrtve-kuge-u-teslicu\\\/#primaryimage\"},\"thumbnailUrl\":\"https:\\\/\\\/radioljubuski.ba\\\/wp-content\\\/uploads\\\/2021\\\/04\\\/2-2021-04-01-13-34-33-TESLIC.png\",\"datePublished\":\"2021-04-01T15:38:12+00:00\",\"dateModified\":\"2021-04-01T15:38:13+00:00\",\"breadcrumb\":{\"@id\":\"https:\\\/\\\/radioljubuski.ba\\\/index.php\\\/2021\\\/04\\\/01\\\/humci-i-danas-cuvaju-sjecanje-na-zrtve-kuge-u-teslicu\\\/#breadcrumb\"},\"inLanguage\":\"hr\",\"potentialAction\":[{\"@type\":\"ReadAction\",\"target\":[\"https:\\\/\\\/radioljubuski.ba\\\/index.php\\\/2021\\\/04\\\/01\\\/humci-i-danas-cuvaju-sjecanje-na-zrtve-kuge-u-teslicu\\\/\"]}]},{\"@type\":\"ImageObject\",\"inLanguage\":\"hr\",\"@id\":\"https:\\\/\\\/radioljubuski.ba\\\/index.php\\\/2021\\\/04\\\/01\\\/humci-i-danas-cuvaju-sjecanje-na-zrtve-kuge-u-teslicu\\\/#primaryimage\",\"url\":\"https:\\\/\\\/radioljubuski.ba\\\/wp-content\\\/uploads\\\/2021\\\/04\\\/2-2021-04-01-13-34-33-TESLIC.png\",\"contentUrl\":\"https:\\\/\\\/radioljubuski.ba\\\/wp-content\\\/uploads\\\/2021\\\/04\\\/2-2021-04-01-13-34-33-TESLIC.png\",\"width\":1000,\"height\":625},{\"@type\":\"BreadcrumbList\",\"@id\":\"https:\\\/\\\/radioljubuski.ba\\\/index.php\\\/2021\\\/04\\\/01\\\/humci-i-danas-cuvaju-sjecanje-na-zrtve-kuge-u-teslicu\\\/#breadcrumb\",\"itemListElement\":[{\"@type\":\"ListItem\",\"position\":1,\"name\":\"Po\u010detna stranica\",\"item\":\"https:\\\/\\\/radioljubuski.ba\\\/\"},{\"@type\":\"ListItem\",\"position\":2,\"name\":\"Humci i danas \u010duvaju sje\u0107anje na \u017ertve kuge u Tesli\u0107u\"}]},{\"@type\":\"WebSite\",\"@id\":\"https:\\\/\\\/radioljubuski.ba\\\/#website\",\"url\":\"https:\\\/\\\/radioljubuski.ba\\\/\",\"name\":\"Radio Ljubu\u0161ki\",\"description\":\"Sun\u010dana frekvencija Hercegovine\",\"publisher\":{\"@id\":\"https:\\\/\\\/radioljubuski.ba\\\/#organization\"},\"potentialAction\":[{\"@type\":\"SearchAction\",\"target\":{\"@type\":\"EntryPoint\",\"urlTemplate\":\"https:\\\/\\\/radioljubuski.ba\\\/?s={search_term_string}\"},\"query-input\":{\"@type\":\"PropertyValueSpecification\",\"valueRequired\":true,\"valueName\":\"search_term_string\"}}],\"inLanguage\":\"hr\"},{\"@type\":\"Organization\",\"@id\":\"https:\\\/\\\/radioljubuski.ba\\\/#organization\",\"name\":\"Radio Ljubu\u0161ki\",\"url\":\"https:\\\/\\\/radioljubuski.ba\\\/\",\"logo\":{\"@type\":\"ImageObject\",\"inLanguage\":\"hr\",\"@id\":\"https:\\\/\\\/radioljubuski.ba\\\/#\\\/schema\\\/logo\\\/image\\\/\",\"url\":\"https:\\\/\\\/radioljubuski.ba\\\/wp-content\\\/uploads\\\/2021\\\/02\\\/cropped-Radio_Ljubuski_logo1.jpg\",\"contentUrl\":\"https:\\\/\\\/radioljubuski.ba\\\/wp-content\\\/uploads\\\/2021\\\/02\\\/cropped-Radio_Ljubuski_logo1.jpg\",\"width\":512,\"height\":512,\"caption\":\"Radio Ljubu\u0161ki\"},\"image\":{\"@id\":\"https:\\\/\\\/radioljubuski.ba\\\/#\\\/schema\\\/logo\\\/image\\\/\"},\"sameAs\":[\"https:\\\/\\\/www.facebook.com\\\/Radiio-Ljubuski-1490835324566332\",\"https:\\\/\\\/x.com\\\/radioljubuski\",\"https:\\\/\\\/hr.linkedin.com\\\/company\\\/radio-ljubuski\",\"https:\\\/\\\/www.youtube.com\\\/channel\\\/UCHYaeO_n0Db3tjNGudGpXyw\"]},{\"@type\":\"Person\",\"@id\":\"https:\\\/\\\/radioljubuski.ba\\\/#\\\/schema\\\/person\\\/19fc700381a780f69665d7956c469e3b\",\"name\":\"Radio Ljubu\u0161ki\"}]}<\/script>\n<!-- \/ Yoast SEO plugin. -->","yoast_head_json":{"title":"Humci i danas \u010duvaju sje\u0107anje na \u017ertve kuge u Tesli\u0107u - RADIO LJUBU\u0160KI","robots":{"index":"index","follow":"follow","max-snippet":"max-snippet:-1","max-image-preview":"max-image-preview:large","max-video-preview":"max-video-preview:-1"},"canonical":"https:\/\/radioljubuski.ba\/index.php\/2021\/04\/01\/humci-i-danas-cuvaju-sjecanje-na-zrtve-kuge-u-teslicu\/","og_locale":"hr_HR","og_type":"article","og_title":"Humci i danas \u010duvaju sje\u0107anje na \u017ertve kuge u Tesli\u0107u - RADIO LJUBU\u0160KI","og_description":"U tesli\u0107kom mjesta\u0161cu Plane, na zaravni iznad ku\u0107a Nenada i Vlade Jotanovi\u0107a, nalazi se lokalitet Kranjsko groblje. O \u0161umskim radnicima iz Kranja i Slovenije koji su tu pokopani prije dva stolje\u0107a, kada je ovim krajevima harala kuga, pri\u010da se prenosi generacijama, pi\u0161e Ve\u010dernji list BiH. Ovaj lokalitet od Tesli\u0107a je udaljen 24 kilometra. Posjetio sam [&hellip;]","og_url":"https:\/\/radioljubuski.ba\/index.php\/2021\/04\/01\/humci-i-danas-cuvaju-sjecanje-na-zrtve-kuge-u-teslicu\/","og_site_name":"RADIO LJUBU\u0160KI","article_publisher":"https:\/\/www.facebook.com\/Radiio-Ljubuski-1490835324566332","article_published_time":"2021-04-01T15:38:12+00:00","article_modified_time":"2021-04-01T15:38:13+00:00","og_image":[{"width":1000,"height":625,"url":"https:\/\/radioljubuski.ba\/wp-content\/uploads\/2021\/04\/2-2021-04-01-13-34-33-TESLIC.png","type":"image\/png"}],"author":"Radio Ljubu\u0161ki","twitter_card":"summary_large_image","twitter_creator":"@radioljubuski","twitter_site":"@radioljubuski","twitter_misc":{"Napisao\/la":"Radio Ljubu\u0161ki","Procijenjeno vrijeme \u010ditanja":"3 minute"},"schema":{"@context":"https:\/\/schema.org","@graph":[{"@type":"Article","@id":"https:\/\/radioljubuski.ba\/index.php\/2021\/04\/01\/humci-i-danas-cuvaju-sjecanje-na-zrtve-kuge-u-teslicu\/#article","isPartOf":{"@id":"https:\/\/radioljubuski.ba\/index.php\/2021\/04\/01\/humci-i-danas-cuvaju-sjecanje-na-zrtve-kuge-u-teslicu\/"},"author":{"name":"Radio Ljubu\u0161ki","@id":"https:\/\/radioljubuski.ba\/#\/schema\/person\/19fc700381a780f69665d7956c469e3b"},"headline":"Humci i danas \u010duvaju sje\u0107anje na \u017ertve kuge u Tesli\u0107u","datePublished":"2021-04-01T15:38:12+00:00","dateModified":"2021-04-01T15:38:13+00:00","mainEntityOfPage":{"@id":"https:\/\/radioljubuski.ba\/index.php\/2021\/04\/01\/humci-i-danas-cuvaju-sjecanje-na-zrtve-kuge-u-teslicu\/"},"wordCount":624,"publisher":{"@id":"https:\/\/radioljubuski.ba\/#organization"},"image":{"@id":"https:\/\/radioljubuski.ba\/index.php\/2021\/04\/01\/humci-i-danas-cuvaju-sjecanje-na-zrtve-kuge-u-teslicu\/#primaryimage"},"thumbnailUrl":"https:\/\/radioljubuski.ba\/wp-content\/uploads\/2021\/04\/2-2021-04-01-13-34-33-TESLIC.png","articleSection":["BIH i regija"],"inLanguage":"hr"},{"@type":"WebPage","@id":"https:\/\/radioljubuski.ba\/index.php\/2021\/04\/01\/humci-i-danas-cuvaju-sjecanje-na-zrtve-kuge-u-teslicu\/","url":"https:\/\/radioljubuski.ba\/index.php\/2021\/04\/01\/humci-i-danas-cuvaju-sjecanje-na-zrtve-kuge-u-teslicu\/","name":"Humci i danas \u010duvaju sje\u0107anje na \u017ertve kuge u Tesli\u0107u - RADIO LJUBU\u0160KI","isPartOf":{"@id":"https:\/\/radioljubuski.ba\/#website"},"primaryImageOfPage":{"@id":"https:\/\/radioljubuski.ba\/index.php\/2021\/04\/01\/humci-i-danas-cuvaju-sjecanje-na-zrtve-kuge-u-teslicu\/#primaryimage"},"image":{"@id":"https:\/\/radioljubuski.ba\/index.php\/2021\/04\/01\/humci-i-danas-cuvaju-sjecanje-na-zrtve-kuge-u-teslicu\/#primaryimage"},"thumbnailUrl":"https:\/\/radioljubuski.ba\/wp-content\/uploads\/2021\/04\/2-2021-04-01-13-34-33-TESLIC.png","datePublished":"2021-04-01T15:38:12+00:00","dateModified":"2021-04-01T15:38:13+00:00","breadcrumb":{"@id":"https:\/\/radioljubuski.ba\/index.php\/2021\/04\/01\/humci-i-danas-cuvaju-sjecanje-na-zrtve-kuge-u-teslicu\/#breadcrumb"},"inLanguage":"hr","potentialAction":[{"@type":"ReadAction","target":["https:\/\/radioljubuski.ba\/index.php\/2021\/04\/01\/humci-i-danas-cuvaju-sjecanje-na-zrtve-kuge-u-teslicu\/"]}]},{"@type":"ImageObject","inLanguage":"hr","@id":"https:\/\/radioljubuski.ba\/index.php\/2021\/04\/01\/humci-i-danas-cuvaju-sjecanje-na-zrtve-kuge-u-teslicu\/#primaryimage","url":"https:\/\/radioljubuski.ba\/wp-content\/uploads\/2021\/04\/2-2021-04-01-13-34-33-TESLIC.png","contentUrl":"https:\/\/radioljubuski.ba\/wp-content\/uploads\/2021\/04\/2-2021-04-01-13-34-33-TESLIC.png","width":1000,"height":625},{"@type":"BreadcrumbList","@id":"https:\/\/radioljubuski.ba\/index.php\/2021\/04\/01\/humci-i-danas-cuvaju-sjecanje-na-zrtve-kuge-u-teslicu\/#breadcrumb","itemListElement":[{"@type":"ListItem","position":1,"name":"Po\u010detna stranica","item":"https:\/\/radioljubuski.ba\/"},{"@type":"ListItem","position":2,"name":"Humci i danas \u010duvaju sje\u0107anje na \u017ertve kuge u Tesli\u0107u"}]},{"@type":"WebSite","@id":"https:\/\/radioljubuski.ba\/#website","url":"https:\/\/radioljubuski.ba\/","name":"Radio Ljubu\u0161ki","description":"Sun\u010dana frekvencija Hercegovine","publisher":{"@id":"https:\/\/radioljubuski.ba\/#organization"},"potentialAction":[{"@type":"SearchAction","target":{"@type":"EntryPoint","urlTemplate":"https:\/\/radioljubuski.ba\/?s={search_term_string}"},"query-input":{"@type":"PropertyValueSpecification","valueRequired":true,"valueName":"search_term_string"}}],"inLanguage":"hr"},{"@type":"Organization","@id":"https:\/\/radioljubuski.ba\/#organization","name":"Radio Ljubu\u0161ki","url":"https:\/\/radioljubuski.ba\/","logo":{"@type":"ImageObject","inLanguage":"hr","@id":"https:\/\/radioljubuski.ba\/#\/schema\/logo\/image\/","url":"https:\/\/radioljubuski.ba\/wp-content\/uploads\/2021\/02\/cropped-Radio_Ljubuski_logo1.jpg","contentUrl":"https:\/\/radioljubuski.ba\/wp-content\/uploads\/2021\/02\/cropped-Radio_Ljubuski_logo1.jpg","width":512,"height":512,"caption":"Radio Ljubu\u0161ki"},"image":{"@id":"https:\/\/radioljubuski.ba\/#\/schema\/logo\/image\/"},"sameAs":["https:\/\/www.facebook.com\/Radiio-Ljubuski-1490835324566332","https:\/\/x.com\/radioljubuski","https:\/\/hr.linkedin.com\/company\/radio-ljubuski","https:\/\/www.youtube.com\/channel\/UCHYaeO_n0Db3tjNGudGpXyw"]},{"@type":"Person","@id":"https:\/\/radioljubuski.ba\/#\/schema\/person\/19fc700381a780f69665d7956c469e3b","name":"Radio Ljubu\u0161ki"}]}},"_links":{"self":[{"href":"https:\/\/radioljubuski.ba\/index.php\/wp-json\/wp\/v2\/posts\/8668","targetHints":{"allow":["GET"]}}],"collection":[{"href":"https:\/\/radioljubuski.ba\/index.php\/wp-json\/wp\/v2\/posts"}],"about":[{"href":"https:\/\/radioljubuski.ba\/index.php\/wp-json\/wp\/v2\/types\/post"}],"author":[{"embeddable":true,"href":"https:\/\/radioljubuski.ba\/index.php\/wp-json\/wp\/v2\/users\/2"}],"replies":[{"embeddable":true,"href":"https:\/\/radioljubuski.ba\/index.php\/wp-json\/wp\/v2\/comments?post=8668"}],"version-history":[{"count":1,"href":"https:\/\/radioljubuski.ba\/index.php\/wp-json\/wp\/v2\/posts\/8668\/revisions"}],"predecessor-version":[{"id":8670,"href":"https:\/\/radioljubuski.ba\/index.php\/wp-json\/wp\/v2\/posts\/8668\/revisions\/8670"}],"wp:featuredmedia":[{"embeddable":true,"href":"https:\/\/radioljubuski.ba\/index.php\/wp-json\/wp\/v2\/media\/8669"}],"wp:attachment":[{"href":"https:\/\/radioljubuski.ba\/index.php\/wp-json\/wp\/v2\/media?parent=8668"}],"wp:term":[{"taxonomy":"category","embeddable":true,"href":"https:\/\/radioljubuski.ba\/index.php\/wp-json\/wp\/v2\/categories?post=8668"},{"taxonomy":"post_tag","embeddable":true,"href":"https:\/\/radioljubuski.ba\/index.php\/wp-json\/wp\/v2\/tags?post=8668"}],"curies":[{"name":"wp","href":"https:\/\/api.w.org\/{rel}","templated":true}]}}