{"id":86727,"date":"2021-11-08T15:03:56","date_gmt":"2021-11-08T14:03:56","guid":{"rendered":"https:\/\/radioljubuski.ba\/?p=86727"},"modified":"2021-11-08T15:03:58","modified_gmt":"2021-11-08T14:03:58","slug":"vlasnici-uspjesne-bh-tvrtke-odlucili-50-posto-zarade-dijele-radnicima","status":"publish","type":"post","link":"https:\/\/radioljubuski.ba\/index.php\/2021\/11\/08\/vlasnici-uspjesne-bh-tvrtke-odlucili-50-posto-zarade-dijele-radnicima\/","title":{"rendered":"Vlasnici uspje\u0161ne bh. tvrtke odlu\u010dili: 50 posto zarade dijele radnicima"},"content":{"rendered":"\n<p>Mostarac Senad \u0160anti\u0107, ovog je ljeta sve zaposlenike svoje tvrtke ZenDev po\u010dastio osmodnevnim pla\u0107enim godi\u0161njim odmorom u Turskoj, a sada je odlu\u010dio nagraditi svoje zaposlenike tako \u0161to \u0107e im udijeliti 50 posto ukupnog profita kompanije.<\/p>\n\n\n\n<p>Odluku je donio sa svojim dugogodi\u0161njim prijateljem i partnerom Nikolom Mirkovi\u0107em.<\/p>\n\n\n\n<p>Prije pet godina \u0160anti\u0107 se vratio u Bosnu i Hercegovinu iz \u0160vedske, i s prijateljem Mirkovi\u0107em osnovao IT kompaniju ZenDev. &nbsp;Danas zapo\u0161ljavaju vi\u0161e od 60 mladih ljudi u Bosni i Hercegovini.<\/p>\n\n\n\n<p>Kao razlog za podjelu profita s radnicima, \u0160anti\u0107 navodi da je briga o radnicima osnovna misija kompanije. Ako su radnici zadovoljni, nema brige o uspjehu biznisa.<\/p>\n\n\n\n<iframe loading=\"lazy\" src=\"https:\/\/www.facebook.com\/plugins\/post.php?href=https%3A%2F%2Fwww.facebook.com%2Fsenad.santic%2Fposts%2F10227807258113921&#038;show_text=true&#038;width=500\" width=\"500\" height=\"679\" style=\"border:none;overflow:hidden\" scrolling=\"no\" frameborder=\"0\" allowfullscreen=\"true\" allow=\"autoplay; clipboard-write; encrypted-media; picture-in-picture; web-share\"><\/iframe>\n\n\n\n<p>\u201cKada smo osnivali ZenDev, Nikola i ja smo \u017eeljeli da unaprijedimo kvalitetu \u017eivota u regiji. Bez na\u0161ih zaposlenih i njihovog truda ZenDev ne bi bio ono \u0161to danas jeste. Na ovaj na\u010din, \u017eelimo na\u0161im radnicima vratiti uslugu za sve ono \u0161to su oni u\u010dinili za nas. Na\u0161 cilj je stvaranje kulture u kojoj \u0107e se svaki radnik osje\u0107ati odgovornim za uspjeh kompanije, te da ih za to proporcionalno nagradimo\u201d, rekao je \u0160anti\u0107, prenosi N1.<\/p>\n\n\n\n<p>Uspje\u0161na IT kompanija posluje s klijentima iz \u0160vedske, \u0160vicarske, Norve\u0161ke i Amerike, a ove godine slave svoj 5. ro\u0111endan.<\/p>\n\n\n\n<p>Osim rada za svjetske klijente, ZenDev razvija i vlastite proizvode od kojih isti\u010du AvidNote \u2013 online software za pra\u0107enje bilje\u0161ki i lak\u0161e sura\u0111ivanje na dokumentu, koju koriste i preporu\u010duju renomirani ameri\u010dki fakulteti: Harvard, Oxford, Princeton i Stanford.<\/p>\n\n\n\n<p>Izvor:pogled.ba<\/p>\n","protected":false},"excerpt":{"rendered":"<p>Mostarac Senad \u0160anti\u0107, ovog je ljeta sve zaposlenike svoje tvrtke ZenDev po\u010dastio osmodnevnim pla\u0107enim godi\u0161njim odmorom u Turskoj, a sada je odlu\u010dio nagraditi svoje zaposlenike tako \u0161to \u0107e im udijeliti 50 posto ukupnog profita kompanije. Odluku je donio sa svojim dugogodi\u0161njim prijateljem i partnerom Nikolom Mirkovi\u0107em. Prije pet godina \u0160anti\u0107 se vratio u Bosnu i [&hellip;]<\/p>\n","protected":false},"author":2,"featured_media":86728,"comment_status":"closed","ping_status":"closed","sticky":false,"template":"","format":"standard","meta":{"h5ap_radio_sources":[],"footnotes":""},"categories":[1],"tags":[],"class_list":["post-86727","post","type-post","status-publish","format-standard","has-post-thumbnail","hentry","category-bihiregija"],"yoast_head":"<!-- This site is optimized with the Yoast SEO plugin v27.5 - https:\/\/yoast.com\/product\/yoast-seo-wordpress\/ -->\n<title>Vlasnici uspje\u0161ne bh. tvrtke odlu\u010dili: 50 posto zarade dijele radnicima - RADIO LJUBU\u0160KI<\/title>\n<meta name=\"robots\" content=\"index, follow, max-snippet:-1, max-image-preview:large, max-video-preview:-1\" \/>\n<link rel=\"canonical\" href=\"https:\/\/radioljubuski.ba\/index.php\/2021\/11\/08\/vlasnici-uspjesne-bh-tvrtke-odlucili-50-posto-zarade-dijele-radnicima\/\" \/>\n<meta property=\"og:locale\" content=\"hr_HR\" \/>\n<meta property=\"og:type\" content=\"article\" \/>\n<meta property=\"og:title\" content=\"Vlasnici uspje\u0161ne bh. tvrtke odlu\u010dili: 50 posto zarade dijele radnicima - RADIO LJUBU\u0160KI\" \/>\n<meta property=\"og:description\" content=\"Mostarac Senad \u0160anti\u0107, ovog je ljeta sve zaposlenike svoje tvrtke ZenDev po\u010dastio osmodnevnim pla\u0107enim godi\u0161njim odmorom u Turskoj, a sada je odlu\u010dio nagraditi svoje zaposlenike tako \u0161to \u0107e im udijeliti 50 posto ukupnog profita kompanije. Odluku je donio sa svojim dugogodi\u0161njim prijateljem i partnerom Nikolom Mirkovi\u0107em. Prije pet godina \u0160anti\u0107 se vratio u Bosnu i [&hellip;]\" \/>\n<meta property=\"og:url\" content=\"https:\/\/radioljubuski.ba\/index.php\/2021\/11\/08\/vlasnici-uspjesne-bh-tvrtke-odlucili-50-posto-zarade-dijele-radnicima\/\" \/>\n<meta property=\"og:site_name\" content=\"RADIO LJUBU\u0160KI\" \/>\n<meta property=\"article:publisher\" content=\"https:\/\/www.facebook.com\/Radiio-Ljubuski-1490835324566332\" \/>\n<meta property=\"article:published_time\" content=\"2021-11-08T14:03:56+00:00\" \/>\n<meta property=\"article:modified_time\" content=\"2021-11-08T14:03:58+00:00\" \/>\n<meta property=\"og:image\" content=\"https:\/\/radioljubuski.ba\/wp-content\/uploads\/2021\/11\/8-2021-11-08-14-03-12-SENAD.jpg\" \/>\n\t<meta property=\"og:image:width\" content=\"1000\" \/>\n\t<meta property=\"og:image:height\" content=\"625\" \/>\n\t<meta property=\"og:image:type\" content=\"image\/jpeg\" \/>\n<meta name=\"author\" content=\"Radio Ljubu\u0161ki\" \/>\n<meta name=\"twitter:card\" content=\"summary_large_image\" \/>\n<meta name=\"twitter:creator\" content=\"@radioljubuski\" \/>\n<meta name=\"twitter:site\" content=\"@radioljubuski\" \/>\n<meta name=\"twitter:label1\" content=\"Napisao\/la\" \/>\n\t<meta name=\"twitter:data1\" content=\"Radio Ljubu\u0161ki\" \/>\n\t<meta name=\"twitter:label2\" content=\"Procijenjeno vrijeme \u010ditanja\" \/>\n\t<meta name=\"twitter:data2\" content=\"2 minute\" \/>\n<script type=\"application\/ld+json\" class=\"yoast-schema-graph\">{\"@context\":\"https:\\\/\\\/schema.org\",\"@graph\":[{\"@type\":\"Article\",\"@id\":\"https:\\\/\\\/radioljubuski.ba\\\/index.php\\\/2021\\\/11\\\/08\\\/vlasnici-uspjesne-bh-tvrtke-odlucili-50-posto-zarade-dijele-radnicima\\\/#article\",\"isPartOf\":{\"@id\":\"https:\\\/\\\/radioljubuski.ba\\\/index.php\\\/2021\\\/11\\\/08\\\/vlasnici-uspjesne-bh-tvrtke-odlucili-50-posto-zarade-dijele-radnicima\\\/\"},\"author\":{\"name\":\"Radio Ljubu\u0161ki\",\"@id\":\"https:\\\/\\\/radioljubuski.ba\\\/#\\\/schema\\\/person\\\/19fc700381a780f69665d7956c469e3b\"},\"headline\":\"Vlasnici uspje\u0161ne bh. tvrtke odlu\u010dili: 50 posto zarade dijele radnicima\",\"datePublished\":\"2021-11-08T14:03:56+00:00\",\"dateModified\":\"2021-11-08T14:03:58+00:00\",\"mainEntityOfPage\":{\"@id\":\"https:\\\/\\\/radioljubuski.ba\\\/index.php\\\/2021\\\/11\\\/08\\\/vlasnici-uspjesne-bh-tvrtke-odlucili-50-posto-zarade-dijele-radnicima\\\/\"},\"wordCount\":268,\"publisher\":{\"@id\":\"https:\\\/\\\/radioljubuski.ba\\\/#organization\"},\"image\":{\"@id\":\"https:\\\/\\\/radioljubuski.ba\\\/index.php\\\/2021\\\/11\\\/08\\\/vlasnici-uspjesne-bh-tvrtke-odlucili-50-posto-zarade-dijele-radnicima\\\/#primaryimage\"},\"thumbnailUrl\":\"https:\\\/\\\/radioljubuski.ba\\\/wp-content\\\/uploads\\\/2021\\\/11\\\/8-2021-11-08-14-03-12-SENAD.jpg\",\"articleSection\":[\"BIH i regija\"],\"inLanguage\":\"hr\"},{\"@type\":\"WebPage\",\"@id\":\"https:\\\/\\\/radioljubuski.ba\\\/index.php\\\/2021\\\/11\\\/08\\\/vlasnici-uspjesne-bh-tvrtke-odlucili-50-posto-zarade-dijele-radnicima\\\/\",\"url\":\"https:\\\/\\\/radioljubuski.ba\\\/index.php\\\/2021\\\/11\\\/08\\\/vlasnici-uspjesne-bh-tvrtke-odlucili-50-posto-zarade-dijele-radnicima\\\/\",\"name\":\"Vlasnici uspje\u0161ne bh. tvrtke odlu\u010dili: 50 posto zarade dijele radnicima - RADIO LJUBU\u0160KI\",\"isPartOf\":{\"@id\":\"https:\\\/\\\/radioljubuski.ba\\\/#website\"},\"primaryImageOfPage\":{\"@id\":\"https:\\\/\\\/radioljubuski.ba\\\/index.php\\\/2021\\\/11\\\/08\\\/vlasnici-uspjesne-bh-tvrtke-odlucili-50-posto-zarade-dijele-radnicima\\\/#primaryimage\"},\"image\":{\"@id\":\"https:\\\/\\\/radioljubuski.ba\\\/index.php\\\/2021\\\/11\\\/08\\\/vlasnici-uspjesne-bh-tvrtke-odlucili-50-posto-zarade-dijele-radnicima\\\/#primaryimage\"},\"thumbnailUrl\":\"https:\\\/\\\/radioljubuski.ba\\\/wp-content\\\/uploads\\\/2021\\\/11\\\/8-2021-11-08-14-03-12-SENAD.jpg\",\"datePublished\":\"2021-11-08T14:03:56+00:00\",\"dateModified\":\"2021-11-08T14:03:58+00:00\",\"breadcrumb\":{\"@id\":\"https:\\\/\\\/radioljubuski.ba\\\/index.php\\\/2021\\\/11\\\/08\\\/vlasnici-uspjesne-bh-tvrtke-odlucili-50-posto-zarade-dijele-radnicima\\\/#breadcrumb\"},\"inLanguage\":\"hr\",\"potentialAction\":[{\"@type\":\"ReadAction\",\"target\":[\"https:\\\/\\\/radioljubuski.ba\\\/index.php\\\/2021\\\/11\\\/08\\\/vlasnici-uspjesne-bh-tvrtke-odlucili-50-posto-zarade-dijele-radnicima\\\/\"]}]},{\"@type\":\"ImageObject\",\"inLanguage\":\"hr\",\"@id\":\"https:\\\/\\\/radioljubuski.ba\\\/index.php\\\/2021\\\/11\\\/08\\\/vlasnici-uspjesne-bh-tvrtke-odlucili-50-posto-zarade-dijele-radnicima\\\/#primaryimage\",\"url\":\"https:\\\/\\\/radioljubuski.ba\\\/wp-content\\\/uploads\\\/2021\\\/11\\\/8-2021-11-08-14-03-12-SENAD.jpg\",\"contentUrl\":\"https:\\\/\\\/radioljubuski.ba\\\/wp-content\\\/uploads\\\/2021\\\/11\\\/8-2021-11-08-14-03-12-SENAD.jpg\",\"width\":1000,\"height\":625},{\"@type\":\"BreadcrumbList\",\"@id\":\"https:\\\/\\\/radioljubuski.ba\\\/index.php\\\/2021\\\/11\\\/08\\\/vlasnici-uspjesne-bh-tvrtke-odlucili-50-posto-zarade-dijele-radnicima\\\/#breadcrumb\",\"itemListElement\":[{\"@type\":\"ListItem\",\"position\":1,\"name\":\"Po\u010detna stranica\",\"item\":\"https:\\\/\\\/radioljubuski.ba\\\/\"},{\"@type\":\"ListItem\",\"position\":2,\"name\":\"Vlasnici uspje\u0161ne bh. tvrtke odlu\u010dili: 50 posto zarade dijele radnicima\"}]},{\"@type\":\"WebSite\",\"@id\":\"https:\\\/\\\/radioljubuski.ba\\\/#website\",\"url\":\"https:\\\/\\\/radioljubuski.ba\\\/\",\"name\":\"Radio Ljubu\u0161ki\",\"description\":\"Sun\u010dana frekvencija Hercegovine\",\"publisher\":{\"@id\":\"https:\\\/\\\/radioljubuski.ba\\\/#organization\"},\"potentialAction\":[{\"@type\":\"SearchAction\",\"target\":{\"@type\":\"EntryPoint\",\"urlTemplate\":\"https:\\\/\\\/radioljubuski.ba\\\/?s={search_term_string}\"},\"query-input\":{\"@type\":\"PropertyValueSpecification\",\"valueRequired\":true,\"valueName\":\"search_term_string\"}}],\"inLanguage\":\"hr\"},{\"@type\":\"Organization\",\"@id\":\"https:\\\/\\\/radioljubuski.ba\\\/#organization\",\"name\":\"Radio Ljubu\u0161ki\",\"url\":\"https:\\\/\\\/radioljubuski.ba\\\/\",\"logo\":{\"@type\":\"ImageObject\",\"inLanguage\":\"hr\",\"@id\":\"https:\\\/\\\/radioljubuski.ba\\\/#\\\/schema\\\/logo\\\/image\\\/\",\"url\":\"https:\\\/\\\/radioljubuski.ba\\\/wp-content\\\/uploads\\\/2021\\\/02\\\/cropped-Radio_Ljubuski_logo1.jpg\",\"contentUrl\":\"https:\\\/\\\/radioljubuski.ba\\\/wp-content\\\/uploads\\\/2021\\\/02\\\/cropped-Radio_Ljubuski_logo1.jpg\",\"width\":512,\"height\":512,\"caption\":\"Radio Ljubu\u0161ki\"},\"image\":{\"@id\":\"https:\\\/\\\/radioljubuski.ba\\\/#\\\/schema\\\/logo\\\/image\\\/\"},\"sameAs\":[\"https:\\\/\\\/www.facebook.com\\\/Radiio-Ljubuski-1490835324566332\",\"https:\\\/\\\/x.com\\\/radioljubuski\",\"https:\\\/\\\/hr.linkedin.com\\\/company\\\/radio-ljubuski\",\"https:\\\/\\\/www.youtube.com\\\/channel\\\/UCHYaeO_n0Db3tjNGudGpXyw\"]},{\"@type\":\"Person\",\"@id\":\"https:\\\/\\\/radioljubuski.ba\\\/#\\\/schema\\\/person\\\/19fc700381a780f69665d7956c469e3b\",\"name\":\"Radio Ljubu\u0161ki\"}]}<\/script>\n<!-- \/ Yoast SEO plugin. -->","yoast_head_json":{"title":"Vlasnici uspje\u0161ne bh. tvrtke odlu\u010dili: 50 posto zarade dijele radnicima - RADIO LJUBU\u0160KI","robots":{"index":"index","follow":"follow","max-snippet":"max-snippet:-1","max-image-preview":"max-image-preview:large","max-video-preview":"max-video-preview:-1"},"canonical":"https:\/\/radioljubuski.ba\/index.php\/2021\/11\/08\/vlasnici-uspjesne-bh-tvrtke-odlucili-50-posto-zarade-dijele-radnicima\/","og_locale":"hr_HR","og_type":"article","og_title":"Vlasnici uspje\u0161ne bh. tvrtke odlu\u010dili: 50 posto zarade dijele radnicima - RADIO LJUBU\u0160KI","og_description":"Mostarac Senad \u0160anti\u0107, ovog je ljeta sve zaposlenike svoje tvrtke ZenDev po\u010dastio osmodnevnim pla\u0107enim godi\u0161njim odmorom u Turskoj, a sada je odlu\u010dio nagraditi svoje zaposlenike tako \u0161to \u0107e im udijeliti 50 posto ukupnog profita kompanije. Odluku je donio sa svojim dugogodi\u0161njim prijateljem i partnerom Nikolom Mirkovi\u0107em. Prije pet godina \u0160anti\u0107 se vratio u Bosnu i [&hellip;]","og_url":"https:\/\/radioljubuski.ba\/index.php\/2021\/11\/08\/vlasnici-uspjesne-bh-tvrtke-odlucili-50-posto-zarade-dijele-radnicima\/","og_site_name":"RADIO LJUBU\u0160KI","article_publisher":"https:\/\/www.facebook.com\/Radiio-Ljubuski-1490835324566332","article_published_time":"2021-11-08T14:03:56+00:00","article_modified_time":"2021-11-08T14:03:58+00:00","og_image":[{"width":1000,"height":625,"url":"https:\/\/radioljubuski.ba\/wp-content\/uploads\/2021\/11\/8-2021-11-08-14-03-12-SENAD.jpg","type":"image\/jpeg"}],"author":"Radio Ljubu\u0161ki","twitter_card":"summary_large_image","twitter_creator":"@radioljubuski","twitter_site":"@radioljubuski","twitter_misc":{"Napisao\/la":"Radio Ljubu\u0161ki","Procijenjeno vrijeme \u010ditanja":"2 minute"},"schema":{"@context":"https:\/\/schema.org","@graph":[{"@type":"Article","@id":"https:\/\/radioljubuski.ba\/index.php\/2021\/11\/08\/vlasnici-uspjesne-bh-tvrtke-odlucili-50-posto-zarade-dijele-radnicima\/#article","isPartOf":{"@id":"https:\/\/radioljubuski.ba\/index.php\/2021\/11\/08\/vlasnici-uspjesne-bh-tvrtke-odlucili-50-posto-zarade-dijele-radnicima\/"},"author":{"name":"Radio Ljubu\u0161ki","@id":"https:\/\/radioljubuski.ba\/#\/schema\/person\/19fc700381a780f69665d7956c469e3b"},"headline":"Vlasnici uspje\u0161ne bh. tvrtke odlu\u010dili: 50 posto zarade dijele radnicima","datePublished":"2021-11-08T14:03:56+00:00","dateModified":"2021-11-08T14:03:58+00:00","mainEntityOfPage":{"@id":"https:\/\/radioljubuski.ba\/index.php\/2021\/11\/08\/vlasnici-uspjesne-bh-tvrtke-odlucili-50-posto-zarade-dijele-radnicima\/"},"wordCount":268,"publisher":{"@id":"https:\/\/radioljubuski.ba\/#organization"},"image":{"@id":"https:\/\/radioljubuski.ba\/index.php\/2021\/11\/08\/vlasnici-uspjesne-bh-tvrtke-odlucili-50-posto-zarade-dijele-radnicima\/#primaryimage"},"thumbnailUrl":"https:\/\/radioljubuski.ba\/wp-content\/uploads\/2021\/11\/8-2021-11-08-14-03-12-SENAD.jpg","articleSection":["BIH i regija"],"inLanguage":"hr"},{"@type":"WebPage","@id":"https:\/\/radioljubuski.ba\/index.php\/2021\/11\/08\/vlasnici-uspjesne-bh-tvrtke-odlucili-50-posto-zarade-dijele-radnicima\/","url":"https:\/\/radioljubuski.ba\/index.php\/2021\/11\/08\/vlasnici-uspjesne-bh-tvrtke-odlucili-50-posto-zarade-dijele-radnicima\/","name":"Vlasnici uspje\u0161ne bh. tvrtke odlu\u010dili: 50 posto zarade dijele radnicima - RADIO LJUBU\u0160KI","isPartOf":{"@id":"https:\/\/radioljubuski.ba\/#website"},"primaryImageOfPage":{"@id":"https:\/\/radioljubuski.ba\/index.php\/2021\/11\/08\/vlasnici-uspjesne-bh-tvrtke-odlucili-50-posto-zarade-dijele-radnicima\/#primaryimage"},"image":{"@id":"https:\/\/radioljubuski.ba\/index.php\/2021\/11\/08\/vlasnici-uspjesne-bh-tvrtke-odlucili-50-posto-zarade-dijele-radnicima\/#primaryimage"},"thumbnailUrl":"https:\/\/radioljubuski.ba\/wp-content\/uploads\/2021\/11\/8-2021-11-08-14-03-12-SENAD.jpg","datePublished":"2021-11-08T14:03:56+00:00","dateModified":"2021-11-08T14:03:58+00:00","breadcrumb":{"@id":"https:\/\/radioljubuski.ba\/index.php\/2021\/11\/08\/vlasnici-uspjesne-bh-tvrtke-odlucili-50-posto-zarade-dijele-radnicima\/#breadcrumb"},"inLanguage":"hr","potentialAction":[{"@type":"ReadAction","target":["https:\/\/radioljubuski.ba\/index.php\/2021\/11\/08\/vlasnici-uspjesne-bh-tvrtke-odlucili-50-posto-zarade-dijele-radnicima\/"]}]},{"@type":"ImageObject","inLanguage":"hr","@id":"https:\/\/radioljubuski.ba\/index.php\/2021\/11\/08\/vlasnici-uspjesne-bh-tvrtke-odlucili-50-posto-zarade-dijele-radnicima\/#primaryimage","url":"https:\/\/radioljubuski.ba\/wp-content\/uploads\/2021\/11\/8-2021-11-08-14-03-12-SENAD.jpg","contentUrl":"https:\/\/radioljubuski.ba\/wp-content\/uploads\/2021\/11\/8-2021-11-08-14-03-12-SENAD.jpg","width":1000,"height":625},{"@type":"BreadcrumbList","@id":"https:\/\/radioljubuski.ba\/index.php\/2021\/11\/08\/vlasnici-uspjesne-bh-tvrtke-odlucili-50-posto-zarade-dijele-radnicima\/#breadcrumb","itemListElement":[{"@type":"ListItem","position":1,"name":"Po\u010detna stranica","item":"https:\/\/radioljubuski.ba\/"},{"@type":"ListItem","position":2,"name":"Vlasnici uspje\u0161ne bh. tvrtke odlu\u010dili: 50 posto zarade dijele radnicima"}]},{"@type":"WebSite","@id":"https:\/\/radioljubuski.ba\/#website","url":"https:\/\/radioljubuski.ba\/","name":"Radio Ljubu\u0161ki","description":"Sun\u010dana frekvencija Hercegovine","publisher":{"@id":"https:\/\/radioljubuski.ba\/#organization"},"potentialAction":[{"@type":"SearchAction","target":{"@type":"EntryPoint","urlTemplate":"https:\/\/radioljubuski.ba\/?s={search_term_string}"},"query-input":{"@type":"PropertyValueSpecification","valueRequired":true,"valueName":"search_term_string"}}],"inLanguage":"hr"},{"@type":"Organization","@id":"https:\/\/radioljubuski.ba\/#organization","name":"Radio Ljubu\u0161ki","url":"https:\/\/radioljubuski.ba\/","logo":{"@type":"ImageObject","inLanguage":"hr","@id":"https:\/\/radioljubuski.ba\/#\/schema\/logo\/image\/","url":"https:\/\/radioljubuski.ba\/wp-content\/uploads\/2021\/02\/cropped-Radio_Ljubuski_logo1.jpg","contentUrl":"https:\/\/radioljubuski.ba\/wp-content\/uploads\/2021\/02\/cropped-Radio_Ljubuski_logo1.jpg","width":512,"height":512,"caption":"Radio Ljubu\u0161ki"},"image":{"@id":"https:\/\/radioljubuski.ba\/#\/schema\/logo\/image\/"},"sameAs":["https:\/\/www.facebook.com\/Radiio-Ljubuski-1490835324566332","https:\/\/x.com\/radioljubuski","https:\/\/hr.linkedin.com\/company\/radio-ljubuski","https:\/\/www.youtube.com\/channel\/UCHYaeO_n0Db3tjNGudGpXyw"]},{"@type":"Person","@id":"https:\/\/radioljubuski.ba\/#\/schema\/person\/19fc700381a780f69665d7956c469e3b","name":"Radio Ljubu\u0161ki"}]}},"_links":{"self":[{"href":"https:\/\/radioljubuski.ba\/index.php\/wp-json\/wp\/v2\/posts\/86727","targetHints":{"allow":["GET"]}}],"collection":[{"href":"https:\/\/radioljubuski.ba\/index.php\/wp-json\/wp\/v2\/posts"}],"about":[{"href":"https:\/\/radioljubuski.ba\/index.php\/wp-json\/wp\/v2\/types\/post"}],"author":[{"embeddable":true,"href":"https:\/\/radioljubuski.ba\/index.php\/wp-json\/wp\/v2\/users\/2"}],"replies":[{"embeddable":true,"href":"https:\/\/radioljubuski.ba\/index.php\/wp-json\/wp\/v2\/comments?post=86727"}],"version-history":[{"count":1,"href":"https:\/\/radioljubuski.ba\/index.php\/wp-json\/wp\/v2\/posts\/86727\/revisions"}],"predecessor-version":[{"id":86729,"href":"https:\/\/radioljubuski.ba\/index.php\/wp-json\/wp\/v2\/posts\/86727\/revisions\/86729"}],"wp:featuredmedia":[{"embeddable":true,"href":"https:\/\/radioljubuski.ba\/index.php\/wp-json\/wp\/v2\/media\/86728"}],"wp:attachment":[{"href":"https:\/\/radioljubuski.ba\/index.php\/wp-json\/wp\/v2\/media?parent=86727"}],"wp:term":[{"taxonomy":"category","embeddable":true,"href":"https:\/\/radioljubuski.ba\/index.php\/wp-json\/wp\/v2\/categories?post=86727"},{"taxonomy":"post_tag","embeddable":true,"href":"https:\/\/radioljubuski.ba\/index.php\/wp-json\/wp\/v2\/tags?post=86727"}],"curies":[{"name":"wp","href":"https:\/\/api.w.org\/{rel}","templated":true}]}}