{"id":86733,"date":"2021-11-08T15:07:22","date_gmt":"2021-11-08T14:07:22","guid":{"rendered":"https:\/\/radioljubuski.ba\/?p=86733"},"modified":"2021-11-08T15:07:22","modified_gmt":"2021-11-08T14:07:22","slug":"kovacevic-otvara-se-prostor-za-daljnju-destabilizaciju-stanja-u-bih","status":"publish","type":"post","link":"https:\/\/radioljubuski.ba\/index.php\/2021\/11\/08\/kovacevic-otvara-se-prostor-za-daljnju-destabilizaciju-stanja-u-bih\/","title":{"rendered":"Kova\u010devi\u0107: Otvara se prostor za daljnju destabilizaciju stanja u BiH"},"content":{"rendered":"\n<p>Zadnje me\u0111unarodne analize politi\u010dkog stanja i omjera snaga tvrde kako je prostor Balkana zagazio u ozbiljnu krizu. Tim vi\u0161e ako Zapad prije svega SAD i EU ne reagiraju Bosna i Hercegovina bi se mogla na\u0107i na pred opasnom provalijom novog ratnog sukoba. Taj scenarij prema mi\u0161ljenju visokog me\u0111unarodnog povjerenika za tu zemlju Christiana Schmidta gura \u010delnik RS Milorad Dodik sa svojim separatisti\u010dkim idejama. O politi\u010dkoj krizi u BiH u Studiju 4 govorio je vanjskopoliti\u010dki analiti\u010dar Bo\u017eo Kova\u010devi\u0107.<\/p>\n\n\n\n<p>&#8211; Mislim da nije na rubu rata, ali sve ovo \u0161to se doga\u0111a mo\u017ee biti uvod u stanje koje bi na koncu moglo biti razrije\u0161eno samo ratom. Naime, ovo \u0161to se dogodilo na posljednjoj sjednici Vije\u0107a sigurnosti je sljede\u0107e. Rusija je jasno rekla da ne priznaje visokog predstavnika i isto tako i \u010dlan Predsjedni\u0161tva BiH<strong> Milorad Dodik<\/strong> isto tako ne priznaje visokog predstavnika. Za\u0161to to? Zato \u0161to ovaj put Visoki predstavnik nije potvr\u0111en na sjednici Vije\u0107a sigurnosti nego ga je izabralo samo ovo Vije\u0107e za provedbu mira. Ni u jednoj rezoluciji Vije\u0107a sigurnosti kao ni u samom Daytonskom sporazumu nije definiram na\u010din izbora visokog predstavnika, ali budu\u0107i da Rusija, kao stalna \u010dlanica Vije\u0107a sigurnosti ne priznaje aktualnog visokog predstavnika to zna\u010di da njegova izvje\u0161\u0107a ne\u0107e biti mogu\u0107e staviti na dnevni red kao slu\u017ebene dokumente i to bitno ote\u017eava rje\u0161avanje stanja u BiH, rekao je.<br><br>Slo\u017eio se da postoji mogu\u0107nost da Rusija i Kina mogle UN-u ulo\u017eiti veto na produljenje vojne misije EU-a, EUFOR u BiH.<br><br>&#8211; Postoji ta mogu\u0107nost, ali ovaj put je taj misija produ\u017eena i to je najve\u0107e postignu\u0107e. Postignut je kompromis. Ne\u0107e se spominjati visoki predstavnik i ono \u0161to je on podnio kao svoj izvje\u0161taj ne tretira se kao slu\u017ebeni izvje\u0161taj i zauzvrat Rusija i Kina nisu stavile veto na prihva\u0107anje takve rezolucije. Ali time se otvara prostor za daljnju destabilizaciju stanja u BiH, ako SAD i EU ne zauzmu jasan stav prema tome i ako ne budu provodili zajedni\u010dku politiku, smatra.<\/p>\n\n\n\n<div style=\"width: 640px;\" class=\"wp-video\"><video class=\"wp-video-shortcode\" id=\"video-86733-1\" width=\"640\" height=\"360\" preload=\"metadata\" controls=\"controls\"><source type=\"video\/mp4\" src=\"https:\/\/api.hrt.hr\/media\/42\/0a\/studio811-20211108110831.mp4?_=1\" \/><a href=\"https:\/\/api.hrt.hr\/media\/42\/0a\/studio811-20211108110831.mp4\">https:\/\/api.hrt.hr\/media\/42\/0a\/studio811-20211108110831.mp4<\/a><\/video><\/div>\n\n\n\n<p>Izvor:hrt.hr<\/p>\n","protected":false},"excerpt":{"rendered":"<p>Zadnje me\u0111unarodne analize politi\u010dkog stanja i omjera snaga tvrde kako je prostor Balkana zagazio u ozbiljnu krizu. Tim vi\u0161e ako Zapad prije svega SAD i EU ne reagiraju Bosna i Hercegovina bi se mogla na\u0107i na pred opasnom provalijom novog ratnog sukoba. Taj scenarij prema mi\u0161ljenju visokog me\u0111unarodnog povjerenika za tu zemlju Christiana Schmidta gura [&hellip;]<\/p>\n","protected":false},"author":2,"featured_media":86734,"comment_status":"closed","ping_status":"closed","sticky":false,"template":"","format":"standard","meta":{"h5ap_radio_sources":[],"footnotes":""},"categories":[1],"tags":[],"class_list":["post-86733","post","type-post","status-publish","format-standard","has-post-thumbnail","hentry","category-bihiregija"],"yoast_head":"<!-- This site is optimized with the Yoast SEO plugin v27.5 - https:\/\/yoast.com\/product\/yoast-seo-wordpress\/ -->\n<title>Kova\u010devi\u0107: Otvara se prostor za daljnju destabilizaciju stanja u BiH - RADIO LJUBU\u0160KI<\/title>\n<meta name=\"robots\" content=\"index, follow, max-snippet:-1, max-image-preview:large, max-video-preview:-1\" \/>\n<link rel=\"canonical\" href=\"https:\/\/radioljubuski.ba\/index.php\/2021\/11\/08\/kovacevic-otvara-se-prostor-za-daljnju-destabilizaciju-stanja-u-bih\/\" \/>\n<meta property=\"og:locale\" content=\"hr_HR\" \/>\n<meta property=\"og:type\" content=\"article\" \/>\n<meta property=\"og:title\" content=\"Kova\u010devi\u0107: Otvara se prostor za daljnju destabilizaciju stanja u BiH - RADIO LJUBU\u0160KI\" \/>\n<meta property=\"og:description\" content=\"Zadnje me\u0111unarodne analize politi\u010dkog stanja i omjera snaga tvrde kako je prostor Balkana zagazio u ozbiljnu krizu. Tim vi\u0161e ako Zapad prije svega SAD i EU ne reagiraju Bosna i Hercegovina bi se mogla na\u0107i na pred opasnom provalijom novog ratnog sukoba. Taj scenarij prema mi\u0161ljenju visokog me\u0111unarodnog povjerenika za tu zemlju Christiana Schmidta gura [&hellip;]\" \/>\n<meta property=\"og:url\" content=\"https:\/\/radioljubuski.ba\/index.php\/2021\/11\/08\/kovacevic-otvara-se-prostor-za-daljnju-destabilizaciju-stanja-u-bih\/\" \/>\n<meta property=\"og:site_name\" content=\"RADIO LJUBU\u0160KI\" \/>\n<meta property=\"article:publisher\" content=\"https:\/\/www.facebook.com\/Radiio-Ljubuski-1490835324566332\" \/>\n<meta property=\"article:published_time\" content=\"2021-11-08T14:07:22+00:00\" \/>\n<meta property=\"og:image\" content=\"https:\/\/radioljubuski.ba\/wp-content\/uploads\/2021\/11\/studio-4-frame-152618-20211108095517.jpg\" \/>\n\t<meta property=\"og:image:width\" content=\"1851\" \/>\n\t<meta property=\"og:image:height\" content=\"1044\" \/>\n\t<meta property=\"og:image:type\" content=\"image\/jpeg\" \/>\n<meta name=\"author\" content=\"Radio Ljubu\u0161ki\" \/>\n<meta name=\"twitter:card\" content=\"summary_large_image\" \/>\n<meta name=\"twitter:creator\" content=\"@radioljubuski\" \/>\n<meta name=\"twitter:site\" content=\"@radioljubuski\" \/>\n<meta name=\"twitter:label1\" content=\"Napisao\/la\" \/>\n\t<meta name=\"twitter:data1\" content=\"Radio Ljubu\u0161ki\" \/>\n\t<meta name=\"twitter:label2\" content=\"Procijenjeno vrijeme \u010ditanja\" \/>\n\t<meta name=\"twitter:data2\" content=\"2 minute\" \/>\n<script type=\"application\/ld+json\" class=\"yoast-schema-graph\">{\"@context\":\"https:\\\/\\\/schema.org\",\"@graph\":[{\"@type\":\"Article\",\"@id\":\"https:\\\/\\\/radioljubuski.ba\\\/index.php\\\/2021\\\/11\\\/08\\\/kovacevic-otvara-se-prostor-za-daljnju-destabilizaciju-stanja-u-bih\\\/#article\",\"isPartOf\":{\"@id\":\"https:\\\/\\\/radioljubuski.ba\\\/index.php\\\/2021\\\/11\\\/08\\\/kovacevic-otvara-se-prostor-za-daljnju-destabilizaciju-stanja-u-bih\\\/\"},\"author\":{\"name\":\"Radio Ljubu\u0161ki\",\"@id\":\"https:\\\/\\\/radioljubuski.ba\\\/#\\\/schema\\\/person\\\/19fc700381a780f69665d7956c469e3b\"},\"headline\":\"Kova\u010devi\u0107: Otvara se prostor za daljnju destabilizaciju stanja u BiH\",\"datePublished\":\"2021-11-08T14:07:22+00:00\",\"mainEntityOfPage\":{\"@id\":\"https:\\\/\\\/radioljubuski.ba\\\/index.php\\\/2021\\\/11\\\/08\\\/kovacevic-otvara-se-prostor-za-daljnju-destabilizaciju-stanja-u-bih\\\/\"},\"wordCount\":390,\"publisher\":{\"@id\":\"https:\\\/\\\/radioljubuski.ba\\\/#organization\"},\"image\":{\"@id\":\"https:\\\/\\\/radioljubuski.ba\\\/index.php\\\/2021\\\/11\\\/08\\\/kovacevic-otvara-se-prostor-za-daljnju-destabilizaciju-stanja-u-bih\\\/#primaryimage\"},\"thumbnailUrl\":\"https:\\\/\\\/radioljubuski.ba\\\/wp-content\\\/uploads\\\/2021\\\/11\\\/studio-4-frame-152618-20211108095517.jpg\",\"articleSection\":[\"BIH i regija\"],\"inLanguage\":\"hr\"},{\"@type\":\"WebPage\",\"@id\":\"https:\\\/\\\/radioljubuski.ba\\\/index.php\\\/2021\\\/11\\\/08\\\/kovacevic-otvara-se-prostor-za-daljnju-destabilizaciju-stanja-u-bih\\\/\",\"url\":\"https:\\\/\\\/radioljubuski.ba\\\/index.php\\\/2021\\\/11\\\/08\\\/kovacevic-otvara-se-prostor-za-daljnju-destabilizaciju-stanja-u-bih\\\/\",\"name\":\"Kova\u010devi\u0107: Otvara se prostor za daljnju destabilizaciju stanja u BiH - RADIO LJUBU\u0160KI\",\"isPartOf\":{\"@id\":\"https:\\\/\\\/radioljubuski.ba\\\/#website\"},\"primaryImageOfPage\":{\"@id\":\"https:\\\/\\\/radioljubuski.ba\\\/index.php\\\/2021\\\/11\\\/08\\\/kovacevic-otvara-se-prostor-za-daljnju-destabilizaciju-stanja-u-bih\\\/#primaryimage\"},\"image\":{\"@id\":\"https:\\\/\\\/radioljubuski.ba\\\/index.php\\\/2021\\\/11\\\/08\\\/kovacevic-otvara-se-prostor-za-daljnju-destabilizaciju-stanja-u-bih\\\/#primaryimage\"},\"thumbnailUrl\":\"https:\\\/\\\/radioljubuski.ba\\\/wp-content\\\/uploads\\\/2021\\\/11\\\/studio-4-frame-152618-20211108095517.jpg\",\"datePublished\":\"2021-11-08T14:07:22+00:00\",\"breadcrumb\":{\"@id\":\"https:\\\/\\\/radioljubuski.ba\\\/index.php\\\/2021\\\/11\\\/08\\\/kovacevic-otvara-se-prostor-za-daljnju-destabilizaciju-stanja-u-bih\\\/#breadcrumb\"},\"inLanguage\":\"hr\",\"potentialAction\":[{\"@type\":\"ReadAction\",\"target\":[\"https:\\\/\\\/radioljubuski.ba\\\/index.php\\\/2021\\\/11\\\/08\\\/kovacevic-otvara-se-prostor-za-daljnju-destabilizaciju-stanja-u-bih\\\/\"]}]},{\"@type\":\"ImageObject\",\"inLanguage\":\"hr\",\"@id\":\"https:\\\/\\\/radioljubuski.ba\\\/index.php\\\/2021\\\/11\\\/08\\\/kovacevic-otvara-se-prostor-za-daljnju-destabilizaciju-stanja-u-bih\\\/#primaryimage\",\"url\":\"https:\\\/\\\/radioljubuski.ba\\\/wp-content\\\/uploads\\\/2021\\\/11\\\/studio-4-frame-152618-20211108095517.jpg\",\"contentUrl\":\"https:\\\/\\\/radioljubuski.ba\\\/wp-content\\\/uploads\\\/2021\\\/11\\\/studio-4-frame-152618-20211108095517.jpg\",\"width\":1851,\"height\":1044},{\"@type\":\"BreadcrumbList\",\"@id\":\"https:\\\/\\\/radioljubuski.ba\\\/index.php\\\/2021\\\/11\\\/08\\\/kovacevic-otvara-se-prostor-za-daljnju-destabilizaciju-stanja-u-bih\\\/#breadcrumb\",\"itemListElement\":[{\"@type\":\"ListItem\",\"position\":1,\"name\":\"Po\u010detna stranica\",\"item\":\"https:\\\/\\\/radioljubuski.ba\\\/\"},{\"@type\":\"ListItem\",\"position\":2,\"name\":\"Kova\u010devi\u0107: Otvara se prostor za daljnju destabilizaciju stanja u BiH\"}]},{\"@type\":\"WebSite\",\"@id\":\"https:\\\/\\\/radioljubuski.ba\\\/#website\",\"url\":\"https:\\\/\\\/radioljubuski.ba\\\/\",\"name\":\"Radio Ljubu\u0161ki\",\"description\":\"Sun\u010dana frekvencija Hercegovine\",\"publisher\":{\"@id\":\"https:\\\/\\\/radioljubuski.ba\\\/#organization\"},\"potentialAction\":[{\"@type\":\"SearchAction\",\"target\":{\"@type\":\"EntryPoint\",\"urlTemplate\":\"https:\\\/\\\/radioljubuski.ba\\\/?s={search_term_string}\"},\"query-input\":{\"@type\":\"PropertyValueSpecification\",\"valueRequired\":true,\"valueName\":\"search_term_string\"}}],\"inLanguage\":\"hr\"},{\"@type\":\"Organization\",\"@id\":\"https:\\\/\\\/radioljubuski.ba\\\/#organization\",\"name\":\"Radio Ljubu\u0161ki\",\"url\":\"https:\\\/\\\/radioljubuski.ba\\\/\",\"logo\":{\"@type\":\"ImageObject\",\"inLanguage\":\"hr\",\"@id\":\"https:\\\/\\\/radioljubuski.ba\\\/#\\\/schema\\\/logo\\\/image\\\/\",\"url\":\"https:\\\/\\\/radioljubuski.ba\\\/wp-content\\\/uploads\\\/2021\\\/02\\\/cropped-Radio_Ljubuski_logo1.jpg\",\"contentUrl\":\"https:\\\/\\\/radioljubuski.ba\\\/wp-content\\\/uploads\\\/2021\\\/02\\\/cropped-Radio_Ljubuski_logo1.jpg\",\"width\":512,\"height\":512,\"caption\":\"Radio Ljubu\u0161ki\"},\"image\":{\"@id\":\"https:\\\/\\\/radioljubuski.ba\\\/#\\\/schema\\\/logo\\\/image\\\/\"},\"sameAs\":[\"https:\\\/\\\/www.facebook.com\\\/Radiio-Ljubuski-1490835324566332\",\"https:\\\/\\\/x.com\\\/radioljubuski\",\"https:\\\/\\\/hr.linkedin.com\\\/company\\\/radio-ljubuski\",\"https:\\\/\\\/www.youtube.com\\\/channel\\\/UCHYaeO_n0Db3tjNGudGpXyw\"]},{\"@type\":\"Person\",\"@id\":\"https:\\\/\\\/radioljubuski.ba\\\/#\\\/schema\\\/person\\\/19fc700381a780f69665d7956c469e3b\",\"name\":\"Radio Ljubu\u0161ki\"}]}<\/script>\n<!-- \/ Yoast SEO plugin. -->","yoast_head_json":{"title":"Kova\u010devi\u0107: Otvara se prostor za daljnju destabilizaciju stanja u BiH - RADIO LJUBU\u0160KI","robots":{"index":"index","follow":"follow","max-snippet":"max-snippet:-1","max-image-preview":"max-image-preview:large","max-video-preview":"max-video-preview:-1"},"canonical":"https:\/\/radioljubuski.ba\/index.php\/2021\/11\/08\/kovacevic-otvara-se-prostor-za-daljnju-destabilizaciju-stanja-u-bih\/","og_locale":"hr_HR","og_type":"article","og_title":"Kova\u010devi\u0107: Otvara se prostor za daljnju destabilizaciju stanja u BiH - RADIO LJUBU\u0160KI","og_description":"Zadnje me\u0111unarodne analize politi\u010dkog stanja i omjera snaga tvrde kako je prostor Balkana zagazio u ozbiljnu krizu. Tim vi\u0161e ako Zapad prije svega SAD i EU ne reagiraju Bosna i Hercegovina bi se mogla na\u0107i na pred opasnom provalijom novog ratnog sukoba. Taj scenarij prema mi\u0161ljenju visokog me\u0111unarodnog povjerenika za tu zemlju Christiana Schmidta gura [&hellip;]","og_url":"https:\/\/radioljubuski.ba\/index.php\/2021\/11\/08\/kovacevic-otvara-se-prostor-za-daljnju-destabilizaciju-stanja-u-bih\/","og_site_name":"RADIO LJUBU\u0160KI","article_publisher":"https:\/\/www.facebook.com\/Radiio-Ljubuski-1490835324566332","article_published_time":"2021-11-08T14:07:22+00:00","og_image":[{"width":1851,"height":1044,"url":"https:\/\/radioljubuski.ba\/wp-content\/uploads\/2021\/11\/studio-4-frame-152618-20211108095517.jpg","type":"image\/jpeg"}],"author":"Radio Ljubu\u0161ki","twitter_card":"summary_large_image","twitter_creator":"@radioljubuski","twitter_site":"@radioljubuski","twitter_misc":{"Napisao\/la":"Radio Ljubu\u0161ki","Procijenjeno vrijeme \u010ditanja":"2 minute"},"schema":{"@context":"https:\/\/schema.org","@graph":[{"@type":"Article","@id":"https:\/\/radioljubuski.ba\/index.php\/2021\/11\/08\/kovacevic-otvara-se-prostor-za-daljnju-destabilizaciju-stanja-u-bih\/#article","isPartOf":{"@id":"https:\/\/radioljubuski.ba\/index.php\/2021\/11\/08\/kovacevic-otvara-se-prostor-za-daljnju-destabilizaciju-stanja-u-bih\/"},"author":{"name":"Radio Ljubu\u0161ki","@id":"https:\/\/radioljubuski.ba\/#\/schema\/person\/19fc700381a780f69665d7956c469e3b"},"headline":"Kova\u010devi\u0107: Otvara se prostor za daljnju destabilizaciju stanja u BiH","datePublished":"2021-11-08T14:07:22+00:00","mainEntityOfPage":{"@id":"https:\/\/radioljubuski.ba\/index.php\/2021\/11\/08\/kovacevic-otvara-se-prostor-za-daljnju-destabilizaciju-stanja-u-bih\/"},"wordCount":390,"publisher":{"@id":"https:\/\/radioljubuski.ba\/#organization"},"image":{"@id":"https:\/\/radioljubuski.ba\/index.php\/2021\/11\/08\/kovacevic-otvara-se-prostor-za-daljnju-destabilizaciju-stanja-u-bih\/#primaryimage"},"thumbnailUrl":"https:\/\/radioljubuski.ba\/wp-content\/uploads\/2021\/11\/studio-4-frame-152618-20211108095517.jpg","articleSection":["BIH i regija"],"inLanguage":"hr"},{"@type":"WebPage","@id":"https:\/\/radioljubuski.ba\/index.php\/2021\/11\/08\/kovacevic-otvara-se-prostor-za-daljnju-destabilizaciju-stanja-u-bih\/","url":"https:\/\/radioljubuski.ba\/index.php\/2021\/11\/08\/kovacevic-otvara-se-prostor-za-daljnju-destabilizaciju-stanja-u-bih\/","name":"Kova\u010devi\u0107: Otvara se prostor za daljnju destabilizaciju stanja u BiH - RADIO LJUBU\u0160KI","isPartOf":{"@id":"https:\/\/radioljubuski.ba\/#website"},"primaryImageOfPage":{"@id":"https:\/\/radioljubuski.ba\/index.php\/2021\/11\/08\/kovacevic-otvara-se-prostor-za-daljnju-destabilizaciju-stanja-u-bih\/#primaryimage"},"image":{"@id":"https:\/\/radioljubuski.ba\/index.php\/2021\/11\/08\/kovacevic-otvara-se-prostor-za-daljnju-destabilizaciju-stanja-u-bih\/#primaryimage"},"thumbnailUrl":"https:\/\/radioljubuski.ba\/wp-content\/uploads\/2021\/11\/studio-4-frame-152618-20211108095517.jpg","datePublished":"2021-11-08T14:07:22+00:00","breadcrumb":{"@id":"https:\/\/radioljubuski.ba\/index.php\/2021\/11\/08\/kovacevic-otvara-se-prostor-za-daljnju-destabilizaciju-stanja-u-bih\/#breadcrumb"},"inLanguage":"hr","potentialAction":[{"@type":"ReadAction","target":["https:\/\/radioljubuski.ba\/index.php\/2021\/11\/08\/kovacevic-otvara-se-prostor-za-daljnju-destabilizaciju-stanja-u-bih\/"]}]},{"@type":"ImageObject","inLanguage":"hr","@id":"https:\/\/radioljubuski.ba\/index.php\/2021\/11\/08\/kovacevic-otvara-se-prostor-za-daljnju-destabilizaciju-stanja-u-bih\/#primaryimage","url":"https:\/\/radioljubuski.ba\/wp-content\/uploads\/2021\/11\/studio-4-frame-152618-20211108095517.jpg","contentUrl":"https:\/\/radioljubuski.ba\/wp-content\/uploads\/2021\/11\/studio-4-frame-152618-20211108095517.jpg","width":1851,"height":1044},{"@type":"BreadcrumbList","@id":"https:\/\/radioljubuski.ba\/index.php\/2021\/11\/08\/kovacevic-otvara-se-prostor-za-daljnju-destabilizaciju-stanja-u-bih\/#breadcrumb","itemListElement":[{"@type":"ListItem","position":1,"name":"Po\u010detna stranica","item":"https:\/\/radioljubuski.ba\/"},{"@type":"ListItem","position":2,"name":"Kova\u010devi\u0107: Otvara se prostor za daljnju destabilizaciju stanja u BiH"}]},{"@type":"WebSite","@id":"https:\/\/radioljubuski.ba\/#website","url":"https:\/\/radioljubuski.ba\/","name":"Radio Ljubu\u0161ki","description":"Sun\u010dana frekvencija Hercegovine","publisher":{"@id":"https:\/\/radioljubuski.ba\/#organization"},"potentialAction":[{"@type":"SearchAction","target":{"@type":"EntryPoint","urlTemplate":"https:\/\/radioljubuski.ba\/?s={search_term_string}"},"query-input":{"@type":"PropertyValueSpecification","valueRequired":true,"valueName":"search_term_string"}}],"inLanguage":"hr"},{"@type":"Organization","@id":"https:\/\/radioljubuski.ba\/#organization","name":"Radio Ljubu\u0161ki","url":"https:\/\/radioljubuski.ba\/","logo":{"@type":"ImageObject","inLanguage":"hr","@id":"https:\/\/radioljubuski.ba\/#\/schema\/logo\/image\/","url":"https:\/\/radioljubuski.ba\/wp-content\/uploads\/2021\/02\/cropped-Radio_Ljubuski_logo1.jpg","contentUrl":"https:\/\/radioljubuski.ba\/wp-content\/uploads\/2021\/02\/cropped-Radio_Ljubuski_logo1.jpg","width":512,"height":512,"caption":"Radio Ljubu\u0161ki"},"image":{"@id":"https:\/\/radioljubuski.ba\/#\/schema\/logo\/image\/"},"sameAs":["https:\/\/www.facebook.com\/Radiio-Ljubuski-1490835324566332","https:\/\/x.com\/radioljubuski","https:\/\/hr.linkedin.com\/company\/radio-ljubuski","https:\/\/www.youtube.com\/channel\/UCHYaeO_n0Db3tjNGudGpXyw"]},{"@type":"Person","@id":"https:\/\/radioljubuski.ba\/#\/schema\/person\/19fc700381a780f69665d7956c469e3b","name":"Radio Ljubu\u0161ki"}]}},"_links":{"self":[{"href":"https:\/\/radioljubuski.ba\/index.php\/wp-json\/wp\/v2\/posts\/86733","targetHints":{"allow":["GET"]}}],"collection":[{"href":"https:\/\/radioljubuski.ba\/index.php\/wp-json\/wp\/v2\/posts"}],"about":[{"href":"https:\/\/radioljubuski.ba\/index.php\/wp-json\/wp\/v2\/types\/post"}],"author":[{"embeddable":true,"href":"https:\/\/radioljubuski.ba\/index.php\/wp-json\/wp\/v2\/users\/2"}],"replies":[{"embeddable":true,"href":"https:\/\/radioljubuski.ba\/index.php\/wp-json\/wp\/v2\/comments?post=86733"}],"version-history":[{"count":1,"href":"https:\/\/radioljubuski.ba\/index.php\/wp-json\/wp\/v2\/posts\/86733\/revisions"}],"predecessor-version":[{"id":86735,"href":"https:\/\/radioljubuski.ba\/index.php\/wp-json\/wp\/v2\/posts\/86733\/revisions\/86735"}],"wp:featuredmedia":[{"embeddable":true,"href":"https:\/\/radioljubuski.ba\/index.php\/wp-json\/wp\/v2\/media\/86734"}],"wp:attachment":[{"href":"https:\/\/radioljubuski.ba\/index.php\/wp-json\/wp\/v2\/media?parent=86733"}],"wp:term":[{"taxonomy":"category","embeddable":true,"href":"https:\/\/radioljubuski.ba\/index.php\/wp-json\/wp\/v2\/categories?post=86733"},{"taxonomy":"post_tag","embeddable":true,"href":"https:\/\/radioljubuski.ba\/index.php\/wp-json\/wp\/v2\/tags?post=86733"}],"curies":[{"name":"wp","href":"https:\/\/api.w.org\/{rel}","templated":true}]}}