{"id":86739,"date":"2021-11-08T15:11:09","date_gmt":"2021-11-08T14:11:09","guid":{"rendered":"https:\/\/radioljubuski.ba\/?p=86739"},"modified":"2021-11-08T15:11:10","modified_gmt":"2021-11-08T14:11:10","slug":"escobar-trazi-postovanje-daytona-ali-i-svih-zakona-donesenih-u-parlamentu-bih","status":"publish","type":"post","link":"https:\/\/radioljubuski.ba\/index.php\/2021\/11\/08\/escobar-trazi-postovanje-daytona-ali-i-svih-zakona-donesenih-u-parlamentu-bih\/","title":{"rendered":"Escobar tra\u017ei po\u0161tovanje Daytona, ali i svih zakona donesenih u parlamentu BiH"},"content":{"rendered":"\n<p>Daytonski sporazum, ali i svi zakoni koje je nakon 1995. donio parlament BiH, moraju se po\u0161tovati, a SAD \u0107e na tome dosljedno inzistirati, poruka je \u0161to ju je najvi\u0161im bosanskohercegova\u010dkim du\u017enosnicima u ponedjeljak prenio posebni ameri\u010dki izaslanik za zapadni Balkan Gabriel Escobar.<\/p>\n\n\n\n<p>Escobar, koji boravi u dvodnevnom posjetu BiH, odvojeno se u Sarajevu sastao s tri \u010dlana Predsjedni\u0161tva BiH, a predsjedatelj <strong>\u017deljko Kom\u0161i\u0107<\/strong> novinarima je, nakon razgovora s ameri\u010dkim diplomatom, kazao kako tom prigodom nisu spominjane sankcije, ali jest potreba za o\u010duvanjem mira i po\u0161tovanjem ustava i zakona.<br><br>&#8211; Ohrabruju\u0107a je izri\u010dita poruka Escobara da rata ne\u0107e biti, a da sve \u0161to je Dayton bez suglasnosti SAD ne mo\u017ee biti promijenjeno, kazao je Kom\u0161i\u0107. Pojasnio je pritom kako se pod po\u0161tovanjem Daytona podrazumijeva i po\u0161tovanje svih zakona koje je po okon\u010danju rata donio dr\u017eavni parlament, poput onih o obrani, pravosu\u0111u i prikupljanju poreza i carina, a koje <strong>Milorad Dodik <\/strong>poku\u0161ava osporiti odnosno ovlasti za te politike ubudu\u0107e prenijeti s dr\u017eave na entitet Republiku Srpsku.<br><br>Kom\u0161i\u0107 ka\u017ee kako je Escobarova ocjena da je sve \u0161to se sada zbiva u BiH &#8220;umjetna kriza&#8221;, no SAD \u0107e dobro paziti da se ni\u0161ta od onoga \u0161to je definirano Daytonskim sporazumom ne ugrozi, uklju\u010duju\u0107i tu pitanje granica u regiji. Posebni ameri\u010dki izlasanik, kako tvrdi Kom\u0161i\u0107, siguran je da Srbija ne\u0107e podr\u017eati niti pratiti provedbu planova o kojima govori Dodik.<br><br>Ugro\u017eavanje mira, ka\u017ee Kom\u0161i\u0107, nije opcija o kojoj treba ozbiljno razmi\u0161ljati unato\u010d &#8220;budalama u regiji&#8221;. &#8220;Ima li dovoljno budala u BiH i regiji? Svi smo se uvjerili da ima&#8221;, kazao je Kom\u0161i\u0107.<br><br>Bo\u0161nja\u010dki \u010dlan Predsjedni\u0161tva BiH <strong>\u0160efik D\u017eaferovi\u0107<\/strong> kazao je o razgovoru kako je najva\u017enijom do\u017eivio Escobarovu poruku da nitko nema pravo na jednostrano povla\u010denje iz ve\u0107 provedenih reformi.<br><br>&#8211; Ja se Dodikom nisam bavio, za mene je bitno da je Escobar rekao da nema niti mo\u017ee biti ikakvog unilateralnog umanjenja reformi unutar BiH, unilateralnog tuma\u010denja ili destruiranja bilo koje reforme. Sve \u0161to smo radili u proteklih 26 godina, radili smo sukladno Daytonu, kazao je novinarima D\u017eaferovi\u0107.<br><br>Prenio je i kako je Escobar inzistirao na potrebi \u0161to br\u017eeg ulaska dr\u017eava zapadnog Balkana u Europsku uniju, kao i na ja\u010danju regionalne suradnje.<br><br>Kao i Kom\u0161i\u0107, i D\u017eaferovi\u0107 to podupire no \u017eelio bi da se prije toga rije\u0161e otvorena pitanja, poput sporazuma o granicama s Hrvatskom i Srbijom kakve su bile u travnju 1992., bez razmjene teritorija i s jam\u010denjem prava pristupa BiH otvorenom moru.<\/p>\n\n\n\n<p>Tre\u0107i \u010dlan Predsjedni\u0161tva BiH Milorad Dodik je nakon susreta s Escobarom u sjedi\u0161tu Predsjedni\u0161tva BiH po\u017eurio u Isto\u010dno Sarajevo i tamo na svojoj konferenciji za novinstvo iznio svoju verziju poruka koje sti\u017eu iz Washingtona i svojih odgovora na to.<br><br>Suglasni su bili jedino oko toga da rata ne smije biti, no Dodik tvrdi kako je Escobaru prenio da ne odustaje od svojih planova po kojima bi vlada RS u roku od \u0161est mjeseci predlo\u017eila zakone kojima prakti\u010dno progla\u0161ava nezakonitima oru\u017eane snage BiH, dr\u017eavno pravosu\u0111e te Upravu za neizravno oporezivanje (UNO), koja ima zada\u0107u prikupljati poreze i carine.<br><br>Kao mogu\u0107i kompromis oko oru\u017eanih snaga BiH po prvi puta je spomenuo opciju po kojoj bi se smanjio broj vojnika, a s time i ukupni tro\u0161kovi za obranu.<br><br>Dodikovo je tuma\u010denje kako SAD vide Daytonski sporazum &#8220;u dinami\u010dkoj formi&#8221;, a u RS-u ono \u0161to se zbivalo nakon 1995. vide kao otimanje ovlasti entitetima, na \u0161to ne \u017eele pristati.<br><br>&#8211; Ako ho\u0107e ustavnu BiH predvi\u0111enu Daytonom mi smo tu. Niti jednu drugu BiH ne\u0107emo, kazao je Dodik koji tvrdi kako se nije imao potrebu pravdati Escobaru ni zbog \u010dega \u0161to je rekao ili uradio do sada jer je Dayton, kako tvrdi, odavno naru\u0161en odlukama koje su donosili visoki predstavnici.<br><br>&#8211; Ne\u0107emo oklijevati nastaviti dalje s na\u0161im aktivnostima i to je jasno re\u010deno Escobaru, tvrdi Dodik, koji je poruke \u0161to su ih nakon susreta s ameri\u010dkim izaslanikom poslali Kom\u0161i\u0107 i D\u017eaferovi\u0107 nazvao neva\u017enima.<br><br>Najavio je i kako \u0107e se ovog tjedna putovati u Tursku kako bi se tamo sastao s predsjednikom <strong>Recepom Tayyipom Erdoganom<\/strong>, kojega je nazvao &#8220;velikim liderom&#8221; u kojega ima povjerenje pa mu \u017eeli pojasniti stanje u BiH.<br><br>U nedjelju se Dodik iza zatvorenih vrata u Ljubljani sastao sa slovenskim premijerom<strong> Janezom Jan\u0161om<\/strong>, \u010dija zemlja predsjedava Europskom unijom, dok je u subotu u Banjoj Luci bio doma\u0107in predsjedniku ma\u0111arske vlade <strong>Viktoru Orbanu<\/strong>.<\/p>\n\n\n\n<p>Izvor:hrt.hr<\/p>\n","protected":false},"excerpt":{"rendered":"<p>Daytonski sporazum, ali i svi zakoni koje je nakon 1995. donio parlament BiH, moraju se po\u0161tovati, a SAD \u0107e na tome dosljedno inzistirati, poruka je \u0161to ju je najvi\u0161im bosanskohercegova\u010dkim du\u017enosnicima u ponedjeljak prenio posebni ameri\u010dki izaslanik za zapadni Balkan Gabriel Escobar. Escobar, koji boravi u dvodnevnom posjetu BiH, odvojeno se u Sarajevu sastao s [&hellip;]<\/p>\n","protected":false},"author":2,"featured_media":86740,"comment_status":"closed","ping_status":"closed","sticky":false,"template":"","format":"standard","meta":{"h5ap_radio_sources":[],"footnotes":""},"categories":[1],"tags":[],"class_list":["post-86739","post","type-post","status-publish","format-standard","has-post-thumbnail","hentry","category-bihiregija"],"yoast_head":"<!-- This site is optimized with the Yoast SEO plugin v27.5 - https:\/\/yoast.com\/product\/yoast-seo-wordpress\/ -->\n<title>Escobar tra\u017ei po\u0161tovanje Daytona, ali i svih zakona donesenih u parlamentu BiH - RADIO LJUBU\u0160KI<\/title>\n<meta name=\"robots\" content=\"index, follow, max-snippet:-1, max-image-preview:large, max-video-preview:-1\" \/>\n<link rel=\"canonical\" href=\"https:\/\/radioljubuski.ba\/index.php\/2021\/11\/08\/escobar-trazi-postovanje-daytona-ali-i-svih-zakona-donesenih-u-parlamentu-bih\/\" \/>\n<meta property=\"og:locale\" content=\"hr_HR\" \/>\n<meta property=\"og:type\" content=\"article\" \/>\n<meta property=\"og:title\" content=\"Escobar tra\u017ei po\u0161tovanje Daytona, ali i svih zakona donesenih u parlamentu BiH - RADIO LJUBU\u0160KI\" \/>\n<meta property=\"og:description\" content=\"Daytonski sporazum, ali i svi zakoni koje je nakon 1995. donio parlament BiH, moraju se po\u0161tovati, a SAD \u0107e na tome dosljedno inzistirati, poruka je \u0161to ju je najvi\u0161im bosanskohercegova\u010dkim du\u017enosnicima u ponedjeljak prenio posebni ameri\u010dki izaslanik za zapadni Balkan Gabriel Escobar. Escobar, koji boravi u dvodnevnom posjetu BiH, odvojeno se u Sarajevu sastao s [&hellip;]\" \/>\n<meta property=\"og:url\" content=\"https:\/\/radioljubuski.ba\/index.php\/2021\/11\/08\/escobar-trazi-postovanje-daytona-ali-i-svih-zakona-donesenih-u-parlamentu-bih\/\" \/>\n<meta property=\"og:site_name\" content=\"RADIO LJUBU\u0160KI\" \/>\n<meta property=\"article:publisher\" content=\"https:\/\/www.facebook.com\/Radiio-Ljubuski-1490835324566332\" \/>\n<meta property=\"article:published_time\" content=\"2021-11-08T14:11:09+00:00\" \/>\n<meta property=\"article:modified_time\" content=\"2021-11-08T14:11:10+00:00\" \/>\n<meta property=\"og:image\" content=\"https:\/\/radioljubuski.ba\/wp-content\/uploads\/2021\/11\/escobar.jpg\" \/>\n\t<meta property=\"og:image:width\" content=\"284\" \/>\n\t<meta property=\"og:image:height\" content=\"178\" \/>\n\t<meta property=\"og:image:type\" content=\"image\/jpeg\" \/>\n<meta name=\"author\" content=\"Radio Ljubu\u0161ki\" \/>\n<meta name=\"twitter:card\" content=\"summary_large_image\" \/>\n<meta name=\"twitter:creator\" content=\"@radioljubuski\" \/>\n<meta name=\"twitter:site\" content=\"@radioljubuski\" \/>\n<meta name=\"twitter:label1\" content=\"Napisao\/la\" \/>\n\t<meta name=\"twitter:data1\" content=\"Radio Ljubu\u0161ki\" \/>\n\t<meta name=\"twitter:label2\" content=\"Procijenjeno vrijeme \u010ditanja\" \/>\n\t<meta name=\"twitter:data2\" content=\"4 minute\" \/>\n<script type=\"application\/ld+json\" class=\"yoast-schema-graph\">{\"@context\":\"https:\\\/\\\/schema.org\",\"@graph\":[{\"@type\":\"Article\",\"@id\":\"https:\\\/\\\/radioljubuski.ba\\\/index.php\\\/2021\\\/11\\\/08\\\/escobar-trazi-postovanje-daytona-ali-i-svih-zakona-donesenih-u-parlamentu-bih\\\/#article\",\"isPartOf\":{\"@id\":\"https:\\\/\\\/radioljubuski.ba\\\/index.php\\\/2021\\\/11\\\/08\\\/escobar-trazi-postovanje-daytona-ali-i-svih-zakona-donesenih-u-parlamentu-bih\\\/\"},\"author\":{\"name\":\"Radio Ljubu\u0161ki\",\"@id\":\"https:\\\/\\\/radioljubuski.ba\\\/#\\\/schema\\\/person\\\/19fc700381a780f69665d7956c469e3b\"},\"headline\":\"Escobar tra\u017ei po\u0161tovanje Daytona, ali i svih zakona donesenih u parlamentu BiH\",\"datePublished\":\"2021-11-08T14:11:09+00:00\",\"dateModified\":\"2021-11-08T14:11:10+00:00\",\"mainEntityOfPage\":{\"@id\":\"https:\\\/\\\/radioljubuski.ba\\\/index.php\\\/2021\\\/11\\\/08\\\/escobar-trazi-postovanje-daytona-ali-i-svih-zakona-donesenih-u-parlamentu-bih\\\/\"},\"wordCount\":806,\"publisher\":{\"@id\":\"https:\\\/\\\/radioljubuski.ba\\\/#organization\"},\"image\":{\"@id\":\"https:\\\/\\\/radioljubuski.ba\\\/index.php\\\/2021\\\/11\\\/08\\\/escobar-trazi-postovanje-daytona-ali-i-svih-zakona-donesenih-u-parlamentu-bih\\\/#primaryimage\"},\"thumbnailUrl\":\"https:\\\/\\\/radioljubuski.ba\\\/wp-content\\\/uploads\\\/2021\\\/11\\\/escobar.jpg\",\"articleSection\":[\"BIH i regija\"],\"inLanguage\":\"hr\"},{\"@type\":\"WebPage\",\"@id\":\"https:\\\/\\\/radioljubuski.ba\\\/index.php\\\/2021\\\/11\\\/08\\\/escobar-trazi-postovanje-daytona-ali-i-svih-zakona-donesenih-u-parlamentu-bih\\\/\",\"url\":\"https:\\\/\\\/radioljubuski.ba\\\/index.php\\\/2021\\\/11\\\/08\\\/escobar-trazi-postovanje-daytona-ali-i-svih-zakona-donesenih-u-parlamentu-bih\\\/\",\"name\":\"Escobar tra\u017ei po\u0161tovanje Daytona, ali i svih zakona donesenih u parlamentu BiH - RADIO LJUBU\u0160KI\",\"isPartOf\":{\"@id\":\"https:\\\/\\\/radioljubuski.ba\\\/#website\"},\"primaryImageOfPage\":{\"@id\":\"https:\\\/\\\/radioljubuski.ba\\\/index.php\\\/2021\\\/11\\\/08\\\/escobar-trazi-postovanje-daytona-ali-i-svih-zakona-donesenih-u-parlamentu-bih\\\/#primaryimage\"},\"image\":{\"@id\":\"https:\\\/\\\/radioljubuski.ba\\\/index.php\\\/2021\\\/11\\\/08\\\/escobar-trazi-postovanje-daytona-ali-i-svih-zakona-donesenih-u-parlamentu-bih\\\/#primaryimage\"},\"thumbnailUrl\":\"https:\\\/\\\/radioljubuski.ba\\\/wp-content\\\/uploads\\\/2021\\\/11\\\/escobar.jpg\",\"datePublished\":\"2021-11-08T14:11:09+00:00\",\"dateModified\":\"2021-11-08T14:11:10+00:00\",\"breadcrumb\":{\"@id\":\"https:\\\/\\\/radioljubuski.ba\\\/index.php\\\/2021\\\/11\\\/08\\\/escobar-trazi-postovanje-daytona-ali-i-svih-zakona-donesenih-u-parlamentu-bih\\\/#breadcrumb\"},\"inLanguage\":\"hr\",\"potentialAction\":[{\"@type\":\"ReadAction\",\"target\":[\"https:\\\/\\\/radioljubuski.ba\\\/index.php\\\/2021\\\/11\\\/08\\\/escobar-trazi-postovanje-daytona-ali-i-svih-zakona-donesenih-u-parlamentu-bih\\\/\"]}]},{\"@type\":\"ImageObject\",\"inLanguage\":\"hr\",\"@id\":\"https:\\\/\\\/radioljubuski.ba\\\/index.php\\\/2021\\\/11\\\/08\\\/escobar-trazi-postovanje-daytona-ali-i-svih-zakona-donesenih-u-parlamentu-bih\\\/#primaryimage\",\"url\":\"https:\\\/\\\/radioljubuski.ba\\\/wp-content\\\/uploads\\\/2021\\\/11\\\/escobar.jpg\",\"contentUrl\":\"https:\\\/\\\/radioljubuski.ba\\\/wp-content\\\/uploads\\\/2021\\\/11\\\/escobar.jpg\",\"width\":284,\"height\":178},{\"@type\":\"BreadcrumbList\",\"@id\":\"https:\\\/\\\/radioljubuski.ba\\\/index.php\\\/2021\\\/11\\\/08\\\/escobar-trazi-postovanje-daytona-ali-i-svih-zakona-donesenih-u-parlamentu-bih\\\/#breadcrumb\",\"itemListElement\":[{\"@type\":\"ListItem\",\"position\":1,\"name\":\"Po\u010detna stranica\",\"item\":\"https:\\\/\\\/radioljubuski.ba\\\/\"},{\"@type\":\"ListItem\",\"position\":2,\"name\":\"Escobar tra\u017ei po\u0161tovanje Daytona, ali i svih zakona donesenih u parlamentu BiH\"}]},{\"@type\":\"WebSite\",\"@id\":\"https:\\\/\\\/radioljubuski.ba\\\/#website\",\"url\":\"https:\\\/\\\/radioljubuski.ba\\\/\",\"name\":\"Radio Ljubu\u0161ki\",\"description\":\"Sun\u010dana frekvencija Hercegovine\",\"publisher\":{\"@id\":\"https:\\\/\\\/radioljubuski.ba\\\/#organization\"},\"potentialAction\":[{\"@type\":\"SearchAction\",\"target\":{\"@type\":\"EntryPoint\",\"urlTemplate\":\"https:\\\/\\\/radioljubuski.ba\\\/?s={search_term_string}\"},\"query-input\":{\"@type\":\"PropertyValueSpecification\",\"valueRequired\":true,\"valueName\":\"search_term_string\"}}],\"inLanguage\":\"hr\"},{\"@type\":\"Organization\",\"@id\":\"https:\\\/\\\/radioljubuski.ba\\\/#organization\",\"name\":\"Radio Ljubu\u0161ki\",\"url\":\"https:\\\/\\\/radioljubuski.ba\\\/\",\"logo\":{\"@type\":\"ImageObject\",\"inLanguage\":\"hr\",\"@id\":\"https:\\\/\\\/radioljubuski.ba\\\/#\\\/schema\\\/logo\\\/image\\\/\",\"url\":\"https:\\\/\\\/radioljubuski.ba\\\/wp-content\\\/uploads\\\/2021\\\/02\\\/cropped-Radio_Ljubuski_logo1.jpg\",\"contentUrl\":\"https:\\\/\\\/radioljubuski.ba\\\/wp-content\\\/uploads\\\/2021\\\/02\\\/cropped-Radio_Ljubuski_logo1.jpg\",\"width\":512,\"height\":512,\"caption\":\"Radio Ljubu\u0161ki\"},\"image\":{\"@id\":\"https:\\\/\\\/radioljubuski.ba\\\/#\\\/schema\\\/logo\\\/image\\\/\"},\"sameAs\":[\"https:\\\/\\\/www.facebook.com\\\/Radiio-Ljubuski-1490835324566332\",\"https:\\\/\\\/x.com\\\/radioljubuski\",\"https:\\\/\\\/hr.linkedin.com\\\/company\\\/radio-ljubuski\",\"https:\\\/\\\/www.youtube.com\\\/channel\\\/UCHYaeO_n0Db3tjNGudGpXyw\"]},{\"@type\":\"Person\",\"@id\":\"https:\\\/\\\/radioljubuski.ba\\\/#\\\/schema\\\/person\\\/19fc700381a780f69665d7956c469e3b\",\"name\":\"Radio Ljubu\u0161ki\"}]}<\/script>\n<!-- \/ Yoast SEO plugin. -->","yoast_head_json":{"title":"Escobar tra\u017ei po\u0161tovanje Daytona, ali i svih zakona donesenih u parlamentu BiH - RADIO LJUBU\u0160KI","robots":{"index":"index","follow":"follow","max-snippet":"max-snippet:-1","max-image-preview":"max-image-preview:large","max-video-preview":"max-video-preview:-1"},"canonical":"https:\/\/radioljubuski.ba\/index.php\/2021\/11\/08\/escobar-trazi-postovanje-daytona-ali-i-svih-zakona-donesenih-u-parlamentu-bih\/","og_locale":"hr_HR","og_type":"article","og_title":"Escobar tra\u017ei po\u0161tovanje Daytona, ali i svih zakona donesenih u parlamentu BiH - RADIO LJUBU\u0160KI","og_description":"Daytonski sporazum, ali i svi zakoni koje je nakon 1995. donio parlament BiH, moraju se po\u0161tovati, a SAD \u0107e na tome dosljedno inzistirati, poruka je \u0161to ju je najvi\u0161im bosanskohercegova\u010dkim du\u017enosnicima u ponedjeljak prenio posebni ameri\u010dki izaslanik za zapadni Balkan Gabriel Escobar. Escobar, koji boravi u dvodnevnom posjetu BiH, odvojeno se u Sarajevu sastao s [&hellip;]","og_url":"https:\/\/radioljubuski.ba\/index.php\/2021\/11\/08\/escobar-trazi-postovanje-daytona-ali-i-svih-zakona-donesenih-u-parlamentu-bih\/","og_site_name":"RADIO LJUBU\u0160KI","article_publisher":"https:\/\/www.facebook.com\/Radiio-Ljubuski-1490835324566332","article_published_time":"2021-11-08T14:11:09+00:00","article_modified_time":"2021-11-08T14:11:10+00:00","og_image":[{"width":284,"height":178,"url":"https:\/\/radioljubuski.ba\/wp-content\/uploads\/2021\/11\/escobar.jpg","type":"image\/jpeg"}],"author":"Radio Ljubu\u0161ki","twitter_card":"summary_large_image","twitter_creator":"@radioljubuski","twitter_site":"@radioljubuski","twitter_misc":{"Napisao\/la":"Radio Ljubu\u0161ki","Procijenjeno vrijeme \u010ditanja":"4 minute"},"schema":{"@context":"https:\/\/schema.org","@graph":[{"@type":"Article","@id":"https:\/\/radioljubuski.ba\/index.php\/2021\/11\/08\/escobar-trazi-postovanje-daytona-ali-i-svih-zakona-donesenih-u-parlamentu-bih\/#article","isPartOf":{"@id":"https:\/\/radioljubuski.ba\/index.php\/2021\/11\/08\/escobar-trazi-postovanje-daytona-ali-i-svih-zakona-donesenih-u-parlamentu-bih\/"},"author":{"name":"Radio Ljubu\u0161ki","@id":"https:\/\/radioljubuski.ba\/#\/schema\/person\/19fc700381a780f69665d7956c469e3b"},"headline":"Escobar tra\u017ei po\u0161tovanje Daytona, ali i svih zakona donesenih u parlamentu BiH","datePublished":"2021-11-08T14:11:09+00:00","dateModified":"2021-11-08T14:11:10+00:00","mainEntityOfPage":{"@id":"https:\/\/radioljubuski.ba\/index.php\/2021\/11\/08\/escobar-trazi-postovanje-daytona-ali-i-svih-zakona-donesenih-u-parlamentu-bih\/"},"wordCount":806,"publisher":{"@id":"https:\/\/radioljubuski.ba\/#organization"},"image":{"@id":"https:\/\/radioljubuski.ba\/index.php\/2021\/11\/08\/escobar-trazi-postovanje-daytona-ali-i-svih-zakona-donesenih-u-parlamentu-bih\/#primaryimage"},"thumbnailUrl":"https:\/\/radioljubuski.ba\/wp-content\/uploads\/2021\/11\/escobar.jpg","articleSection":["BIH i regija"],"inLanguage":"hr"},{"@type":"WebPage","@id":"https:\/\/radioljubuski.ba\/index.php\/2021\/11\/08\/escobar-trazi-postovanje-daytona-ali-i-svih-zakona-donesenih-u-parlamentu-bih\/","url":"https:\/\/radioljubuski.ba\/index.php\/2021\/11\/08\/escobar-trazi-postovanje-daytona-ali-i-svih-zakona-donesenih-u-parlamentu-bih\/","name":"Escobar tra\u017ei po\u0161tovanje Daytona, ali i svih zakona donesenih u parlamentu BiH - RADIO LJUBU\u0160KI","isPartOf":{"@id":"https:\/\/radioljubuski.ba\/#website"},"primaryImageOfPage":{"@id":"https:\/\/radioljubuski.ba\/index.php\/2021\/11\/08\/escobar-trazi-postovanje-daytona-ali-i-svih-zakona-donesenih-u-parlamentu-bih\/#primaryimage"},"image":{"@id":"https:\/\/radioljubuski.ba\/index.php\/2021\/11\/08\/escobar-trazi-postovanje-daytona-ali-i-svih-zakona-donesenih-u-parlamentu-bih\/#primaryimage"},"thumbnailUrl":"https:\/\/radioljubuski.ba\/wp-content\/uploads\/2021\/11\/escobar.jpg","datePublished":"2021-11-08T14:11:09+00:00","dateModified":"2021-11-08T14:11:10+00:00","breadcrumb":{"@id":"https:\/\/radioljubuski.ba\/index.php\/2021\/11\/08\/escobar-trazi-postovanje-daytona-ali-i-svih-zakona-donesenih-u-parlamentu-bih\/#breadcrumb"},"inLanguage":"hr","potentialAction":[{"@type":"ReadAction","target":["https:\/\/radioljubuski.ba\/index.php\/2021\/11\/08\/escobar-trazi-postovanje-daytona-ali-i-svih-zakona-donesenih-u-parlamentu-bih\/"]}]},{"@type":"ImageObject","inLanguage":"hr","@id":"https:\/\/radioljubuski.ba\/index.php\/2021\/11\/08\/escobar-trazi-postovanje-daytona-ali-i-svih-zakona-donesenih-u-parlamentu-bih\/#primaryimage","url":"https:\/\/radioljubuski.ba\/wp-content\/uploads\/2021\/11\/escobar.jpg","contentUrl":"https:\/\/radioljubuski.ba\/wp-content\/uploads\/2021\/11\/escobar.jpg","width":284,"height":178},{"@type":"BreadcrumbList","@id":"https:\/\/radioljubuski.ba\/index.php\/2021\/11\/08\/escobar-trazi-postovanje-daytona-ali-i-svih-zakona-donesenih-u-parlamentu-bih\/#breadcrumb","itemListElement":[{"@type":"ListItem","position":1,"name":"Po\u010detna stranica","item":"https:\/\/radioljubuski.ba\/"},{"@type":"ListItem","position":2,"name":"Escobar tra\u017ei po\u0161tovanje Daytona, ali i svih zakona donesenih u parlamentu BiH"}]},{"@type":"WebSite","@id":"https:\/\/radioljubuski.ba\/#website","url":"https:\/\/radioljubuski.ba\/","name":"Radio Ljubu\u0161ki","description":"Sun\u010dana frekvencija Hercegovine","publisher":{"@id":"https:\/\/radioljubuski.ba\/#organization"},"potentialAction":[{"@type":"SearchAction","target":{"@type":"EntryPoint","urlTemplate":"https:\/\/radioljubuski.ba\/?s={search_term_string}"},"query-input":{"@type":"PropertyValueSpecification","valueRequired":true,"valueName":"search_term_string"}}],"inLanguage":"hr"},{"@type":"Organization","@id":"https:\/\/radioljubuski.ba\/#organization","name":"Radio Ljubu\u0161ki","url":"https:\/\/radioljubuski.ba\/","logo":{"@type":"ImageObject","inLanguage":"hr","@id":"https:\/\/radioljubuski.ba\/#\/schema\/logo\/image\/","url":"https:\/\/radioljubuski.ba\/wp-content\/uploads\/2021\/02\/cropped-Radio_Ljubuski_logo1.jpg","contentUrl":"https:\/\/radioljubuski.ba\/wp-content\/uploads\/2021\/02\/cropped-Radio_Ljubuski_logo1.jpg","width":512,"height":512,"caption":"Radio Ljubu\u0161ki"},"image":{"@id":"https:\/\/radioljubuski.ba\/#\/schema\/logo\/image\/"},"sameAs":["https:\/\/www.facebook.com\/Radiio-Ljubuski-1490835324566332","https:\/\/x.com\/radioljubuski","https:\/\/hr.linkedin.com\/company\/radio-ljubuski","https:\/\/www.youtube.com\/channel\/UCHYaeO_n0Db3tjNGudGpXyw"]},{"@type":"Person","@id":"https:\/\/radioljubuski.ba\/#\/schema\/person\/19fc700381a780f69665d7956c469e3b","name":"Radio Ljubu\u0161ki"}]}},"_links":{"self":[{"href":"https:\/\/radioljubuski.ba\/index.php\/wp-json\/wp\/v2\/posts\/86739","targetHints":{"allow":["GET"]}}],"collection":[{"href":"https:\/\/radioljubuski.ba\/index.php\/wp-json\/wp\/v2\/posts"}],"about":[{"href":"https:\/\/radioljubuski.ba\/index.php\/wp-json\/wp\/v2\/types\/post"}],"author":[{"embeddable":true,"href":"https:\/\/radioljubuski.ba\/index.php\/wp-json\/wp\/v2\/users\/2"}],"replies":[{"embeddable":true,"href":"https:\/\/radioljubuski.ba\/index.php\/wp-json\/wp\/v2\/comments?post=86739"}],"version-history":[{"count":1,"href":"https:\/\/radioljubuski.ba\/index.php\/wp-json\/wp\/v2\/posts\/86739\/revisions"}],"predecessor-version":[{"id":86741,"href":"https:\/\/radioljubuski.ba\/index.php\/wp-json\/wp\/v2\/posts\/86739\/revisions\/86741"}],"wp:featuredmedia":[{"embeddable":true,"href":"https:\/\/radioljubuski.ba\/index.php\/wp-json\/wp\/v2\/media\/86740"}],"wp:attachment":[{"href":"https:\/\/radioljubuski.ba\/index.php\/wp-json\/wp\/v2\/media?parent=86739"}],"wp:term":[{"taxonomy":"category","embeddable":true,"href":"https:\/\/radioljubuski.ba\/index.php\/wp-json\/wp\/v2\/categories?post=86739"},{"taxonomy":"post_tag","embeddable":true,"href":"https:\/\/radioljubuski.ba\/index.php\/wp-json\/wp\/v2\/tags?post=86739"}],"curies":[{"name":"wp","href":"https:\/\/api.w.org\/{rel}","templated":true}]}}