{"id":86742,"date":"2021-11-08T15:13:26","date_gmt":"2021-11-08T14:13:26","guid":{"rendered":"https:\/\/radioljubuski.ba\/?p=86742"},"modified":"2021-11-08T15:13:26","modified_gmt":"2021-11-08T14:13:26","slug":"dshv-hrvati-i-dalje-ostaju-bez-zajamcenih-mandata-u-srbiji","status":"publish","type":"post","link":"https:\/\/radioljubuski.ba\/index.php\/2021\/11\/08\/dshv-hrvati-i-dalje-ostaju-bez-zajamcenih-mandata-u-srbiji\/","title":{"rendered":"DSHV: Hrvati i dalje ostaju bez zajam\u010denih mandata u Srbiji"},"content":{"rendered":"\n<p>Demokratski savez Hrvata u Vojvodini (DSHV) danas je prigovorio vladaju\u0107ima u Srbiji i predstavnicima EU \u0161to u pregovore o izbornim uvjetima nisu uklju\u010dili nacionalne manjine, zbog \u010dega \u0107e hrvatska zajednica i dalje ostati bez zajam\u010denih zastupni\u010dkih mandata na izborima u Srbiji u prolje\u0107e 2022.<\/p>\n\n\n\n<p>Koncem listopada u Beogradu je zaklju\u010den Sporazum o unaprje\u0111enju uvjeta za odr\u017eavanje izbora izme\u0111u vladaju\u0107e Srpske napredne stranke i Socijalisti\u010dke partije Srbije te oporbenih stranaka: Dosta je bilo, Srpskog pokreta Dveri, Demokratske stranke Srbije, Pokret obnove Kraljevine Srbije, Srpske radikalne stranke, Zdrave Srbije i Srpske stranke Zavetnici.<br><br>Ovom dogovoru prethodio je dijalog vlasti i oporbe oko izbornih uvjeta u kojemu su posrednici bili predstavnici Europskog parlamenta, Europske komisije i Organizacije za europsku sigurnost i suradnju.<br><br>Izaslanika manjinskih zajednica u tim razgovorima nije bilo, no usvojena su rje\u0161enja po kojima stranke nacionalnih manjina za izbore trebaju skupiti manji broj potpisa potpore (5.000 potpisa) u odnosu na ostale politi\u010dke organizacije, kao i da \u0107e biti zabranjena zlouporaba naziva nacionalnih manjina.<br><br>DSHV dr\u017ei da su predlo\u017eene mjere kozmeti\u010dko pobolj\u0161anje za politi\u010dko predstavljanje nacionalnih manjina, te da se time i dalje kr\u0161i \u010dlanak 9 Me\u0111udr\u017eavnog sporazuma o za\u0161titi srpske nacionalne manjine u Republici Hrvatskoj i Hrvatske u Republici Srbiji, potpisanog prije 17 godina.<\/p>\n\n\n\n<p>Njime su se dr\u017eave potpisnice obvezale da \u0107e tim manjinama osigurati zastupljenost u predstavni\u010dkim i izvr\u0161nim tijelima na lokalnoj, regionalnoj i dr\u017eavnoj razini.<br><br>&#8211; Prikupljanjem potpisa podr\u0161ke od pet tisu\u0107a gra\u0111ana za izbornu listu nacionalne manjine i postoje\u0107i institut &#8216;prirodnog praga&#8217; daleko je od rje\u0161enja koje se primjenjuje u o\u010dito demokratski razvijenijoj Republici Hrvatskoj, navodi DSHV.<br><br>Stranka hrvatske manjine u Srbiji podsje\u0107a da su dva od tri zastupnika srpske nacionalne zajednice u Hrvatskom saboru dobili podr\u0161ku neznatno ve\u0107u od pet posto gra\u0111ana koji imaju pravo za njih glasati, a tre\u0107i ne\u0161to vi\u0161e od sedam posto.<br><br>S druge strane, po modelu koji je na snazi u Srbiji za sigurni zastupni\u010dki mandat hrvatskog zastupnika mora se ra\u010dunati na gotovo 35 posto glasova Hrvata s pravom glasa, upozorava DSHV.<br><br>Ova stranka pozvala je Hrvatsku da nastavi tra\u017eiti u\u010dinkovit na\u010din primjene me\u0111udr\u017eavnog sporazuma budu\u0107i da je supotpisnica dokumenta i jamac njegove primjene.<br><br>Ukoliko tako \u0161to Hrvatska ne bude mogla ostvariti u dogledno vrijeme, valja razmisliti da se taj dio Sporazuma onda jednostrano suspendira, poru\u010dio je Demokratski savez Hrvata u Vojvodini.<br><br>Problem zajam\u010denih mandata za predstavnike hrvatske manjine u Skup\u0161tini Srbije i Vojvodine, te u lokalnim parlamentima prvi je na popisu otvorenih pitanja u odnosima Hrvatske i Srbije.<br><br>Posljedica odbijanja Srbije da primjeni klju\u010dnu odredbu me\u0111udr\u017eavnog sporazuma jest isklju\u010denost oko 58.000 Hrvata iz procesa dono\u0161enja odluka na lokalnoj i dr\u017eavnoj razini.<\/p>\n\n\n\n<p>Izvor:hrt.hr<\/p>\n","protected":false},"excerpt":{"rendered":"<p>Demokratski savez Hrvata u Vojvodini (DSHV) danas je prigovorio vladaju\u0107ima u Srbiji i predstavnicima EU \u0161to u pregovore o izbornim uvjetima nisu uklju\u010dili nacionalne manjine, zbog \u010dega \u0107e hrvatska zajednica i dalje ostati bez zajam\u010denih zastupni\u010dkih mandata na izborima u Srbiji u prolje\u0107e 2022. Koncem listopada u Beogradu je zaklju\u010den Sporazum o unaprje\u0111enju uvjeta za [&hellip;]<\/p>\n","protected":false},"author":2,"featured_media":86743,"comment_status":"closed","ping_status":"closed","sticky":false,"template":"","format":"standard","meta":{"h5ap_radio_sources":[],"footnotes":""},"categories":[1],"tags":[],"class_list":["post-86742","post","type-post","status-publish","format-standard","has-post-thumbnail","hentry","category-bihiregija"],"yoast_head":"<!-- This site is optimized with the Yoast SEO plugin v27.5 - https:\/\/yoast.com\/product\/yoast-seo-wordpress\/ -->\n<title>DSHV: Hrvati i dalje ostaju bez zajam\u010denih mandata u Srbiji - RADIO LJUBU\u0160KI<\/title>\n<meta name=\"robots\" content=\"index, follow, max-snippet:-1, max-image-preview:large, max-video-preview:-1\" \/>\n<link rel=\"canonical\" href=\"https:\/\/radioljubuski.ba\/index.php\/2021\/11\/08\/dshv-hrvati-i-dalje-ostaju-bez-zajamcenih-mandata-u-srbiji\/\" \/>\n<meta property=\"og:locale\" content=\"hr_HR\" \/>\n<meta property=\"og:type\" content=\"article\" \/>\n<meta property=\"og:title\" content=\"DSHV: Hrvati i dalje ostaju bez zajam\u010denih mandata u Srbiji - RADIO LJUBU\u0160KI\" \/>\n<meta property=\"og:description\" content=\"Demokratski savez Hrvata u Vojvodini (DSHV) danas je prigovorio vladaju\u0107ima u Srbiji i predstavnicima EU \u0161to u pregovore o izbornim uvjetima nisu uklju\u010dili nacionalne manjine, zbog \u010dega \u0107e hrvatska zajednica i dalje ostati bez zajam\u010denih zastupni\u010dkih mandata na izborima u Srbiji u prolje\u0107e 2022. Koncem listopada u Beogradu je zaklju\u010den Sporazum o unaprje\u0111enju uvjeta za [&hellip;]\" \/>\n<meta property=\"og:url\" content=\"https:\/\/radioljubuski.ba\/index.php\/2021\/11\/08\/dshv-hrvati-i-dalje-ostaju-bez-zajamcenih-mandata-u-srbiji\/\" \/>\n<meta property=\"og:site_name\" content=\"RADIO LJUBU\u0160KI\" \/>\n<meta property=\"article:publisher\" content=\"https:\/\/www.facebook.com\/Radiio-Ljubuski-1490835324566332\" \/>\n<meta property=\"article:published_time\" content=\"2021-11-08T14:13:26+00:00\" \/>\n<meta property=\"og:image\" content=\"https:\/\/radioljubuski.ba\/wp-content\/uploads\/2021\/11\/12.jpg\" \/>\n\t<meta property=\"og:image:width\" content=\"287\" \/>\n\t<meta property=\"og:image:height\" content=\"176\" \/>\n\t<meta property=\"og:image:type\" content=\"image\/jpeg\" \/>\n<meta name=\"author\" content=\"Radio Ljubu\u0161ki\" \/>\n<meta name=\"twitter:card\" content=\"summary_large_image\" \/>\n<meta name=\"twitter:creator\" content=\"@radioljubuski\" \/>\n<meta name=\"twitter:site\" content=\"@radioljubuski\" \/>\n<meta name=\"twitter:label1\" content=\"Napisao\/la\" \/>\n\t<meta name=\"twitter:data1\" content=\"Radio Ljubu\u0161ki\" \/>\n\t<meta name=\"twitter:label2\" content=\"Procijenjeno vrijeme \u010ditanja\" \/>\n\t<meta name=\"twitter:data2\" content=\"2 minute\" \/>\n<script type=\"application\/ld+json\" class=\"yoast-schema-graph\">{\"@context\":\"https:\\\/\\\/schema.org\",\"@graph\":[{\"@type\":\"Article\",\"@id\":\"https:\\\/\\\/radioljubuski.ba\\\/index.php\\\/2021\\\/11\\\/08\\\/dshv-hrvati-i-dalje-ostaju-bez-zajamcenih-mandata-u-srbiji\\\/#article\",\"isPartOf\":{\"@id\":\"https:\\\/\\\/radioljubuski.ba\\\/index.php\\\/2021\\\/11\\\/08\\\/dshv-hrvati-i-dalje-ostaju-bez-zajamcenih-mandata-u-srbiji\\\/\"},\"author\":{\"name\":\"Radio Ljubu\u0161ki\",\"@id\":\"https:\\\/\\\/radioljubuski.ba\\\/#\\\/schema\\\/person\\\/19fc700381a780f69665d7956c469e3b\"},\"headline\":\"DSHV: Hrvati i dalje ostaju bez zajam\u010denih mandata u Srbiji\",\"datePublished\":\"2021-11-08T14:13:26+00:00\",\"mainEntityOfPage\":{\"@id\":\"https:\\\/\\\/radioljubuski.ba\\\/index.php\\\/2021\\\/11\\\/08\\\/dshv-hrvati-i-dalje-ostaju-bez-zajamcenih-mandata-u-srbiji\\\/\"},\"wordCount\":493,\"publisher\":{\"@id\":\"https:\\\/\\\/radioljubuski.ba\\\/#organization\"},\"image\":{\"@id\":\"https:\\\/\\\/radioljubuski.ba\\\/index.php\\\/2021\\\/11\\\/08\\\/dshv-hrvati-i-dalje-ostaju-bez-zajamcenih-mandata-u-srbiji\\\/#primaryimage\"},\"thumbnailUrl\":\"https:\\\/\\\/radioljubuski.ba\\\/wp-content\\\/uploads\\\/2021\\\/11\\\/12.jpg\",\"articleSection\":[\"BIH i regija\"],\"inLanguage\":\"hr\"},{\"@type\":\"WebPage\",\"@id\":\"https:\\\/\\\/radioljubuski.ba\\\/index.php\\\/2021\\\/11\\\/08\\\/dshv-hrvati-i-dalje-ostaju-bez-zajamcenih-mandata-u-srbiji\\\/\",\"url\":\"https:\\\/\\\/radioljubuski.ba\\\/index.php\\\/2021\\\/11\\\/08\\\/dshv-hrvati-i-dalje-ostaju-bez-zajamcenih-mandata-u-srbiji\\\/\",\"name\":\"DSHV: Hrvati i dalje ostaju bez zajam\u010denih mandata u Srbiji - RADIO LJUBU\u0160KI\",\"isPartOf\":{\"@id\":\"https:\\\/\\\/radioljubuski.ba\\\/#website\"},\"primaryImageOfPage\":{\"@id\":\"https:\\\/\\\/radioljubuski.ba\\\/index.php\\\/2021\\\/11\\\/08\\\/dshv-hrvati-i-dalje-ostaju-bez-zajamcenih-mandata-u-srbiji\\\/#primaryimage\"},\"image\":{\"@id\":\"https:\\\/\\\/radioljubuski.ba\\\/index.php\\\/2021\\\/11\\\/08\\\/dshv-hrvati-i-dalje-ostaju-bez-zajamcenih-mandata-u-srbiji\\\/#primaryimage\"},\"thumbnailUrl\":\"https:\\\/\\\/radioljubuski.ba\\\/wp-content\\\/uploads\\\/2021\\\/11\\\/12.jpg\",\"datePublished\":\"2021-11-08T14:13:26+00:00\",\"breadcrumb\":{\"@id\":\"https:\\\/\\\/radioljubuski.ba\\\/index.php\\\/2021\\\/11\\\/08\\\/dshv-hrvati-i-dalje-ostaju-bez-zajamcenih-mandata-u-srbiji\\\/#breadcrumb\"},\"inLanguage\":\"hr\",\"potentialAction\":[{\"@type\":\"ReadAction\",\"target\":[\"https:\\\/\\\/radioljubuski.ba\\\/index.php\\\/2021\\\/11\\\/08\\\/dshv-hrvati-i-dalje-ostaju-bez-zajamcenih-mandata-u-srbiji\\\/\"]}]},{\"@type\":\"ImageObject\",\"inLanguage\":\"hr\",\"@id\":\"https:\\\/\\\/radioljubuski.ba\\\/index.php\\\/2021\\\/11\\\/08\\\/dshv-hrvati-i-dalje-ostaju-bez-zajamcenih-mandata-u-srbiji\\\/#primaryimage\",\"url\":\"https:\\\/\\\/radioljubuski.ba\\\/wp-content\\\/uploads\\\/2021\\\/11\\\/12.jpg\",\"contentUrl\":\"https:\\\/\\\/radioljubuski.ba\\\/wp-content\\\/uploads\\\/2021\\\/11\\\/12.jpg\",\"width\":287,\"height\":176},{\"@type\":\"BreadcrumbList\",\"@id\":\"https:\\\/\\\/radioljubuski.ba\\\/index.php\\\/2021\\\/11\\\/08\\\/dshv-hrvati-i-dalje-ostaju-bez-zajamcenih-mandata-u-srbiji\\\/#breadcrumb\",\"itemListElement\":[{\"@type\":\"ListItem\",\"position\":1,\"name\":\"Po\u010detna stranica\",\"item\":\"https:\\\/\\\/radioljubuski.ba\\\/\"},{\"@type\":\"ListItem\",\"position\":2,\"name\":\"DSHV: Hrvati i dalje ostaju bez zajam\u010denih mandata u Srbiji\"}]},{\"@type\":\"WebSite\",\"@id\":\"https:\\\/\\\/radioljubuski.ba\\\/#website\",\"url\":\"https:\\\/\\\/radioljubuski.ba\\\/\",\"name\":\"Radio Ljubu\u0161ki\",\"description\":\"Sun\u010dana frekvencija Hercegovine\",\"publisher\":{\"@id\":\"https:\\\/\\\/radioljubuski.ba\\\/#organization\"},\"potentialAction\":[{\"@type\":\"SearchAction\",\"target\":{\"@type\":\"EntryPoint\",\"urlTemplate\":\"https:\\\/\\\/radioljubuski.ba\\\/?s={search_term_string}\"},\"query-input\":{\"@type\":\"PropertyValueSpecification\",\"valueRequired\":true,\"valueName\":\"search_term_string\"}}],\"inLanguage\":\"hr\"},{\"@type\":\"Organization\",\"@id\":\"https:\\\/\\\/radioljubuski.ba\\\/#organization\",\"name\":\"Radio Ljubu\u0161ki\",\"url\":\"https:\\\/\\\/radioljubuski.ba\\\/\",\"logo\":{\"@type\":\"ImageObject\",\"inLanguage\":\"hr\",\"@id\":\"https:\\\/\\\/radioljubuski.ba\\\/#\\\/schema\\\/logo\\\/image\\\/\",\"url\":\"https:\\\/\\\/radioljubuski.ba\\\/wp-content\\\/uploads\\\/2021\\\/02\\\/cropped-Radio_Ljubuski_logo1.jpg\",\"contentUrl\":\"https:\\\/\\\/radioljubuski.ba\\\/wp-content\\\/uploads\\\/2021\\\/02\\\/cropped-Radio_Ljubuski_logo1.jpg\",\"width\":512,\"height\":512,\"caption\":\"Radio Ljubu\u0161ki\"},\"image\":{\"@id\":\"https:\\\/\\\/radioljubuski.ba\\\/#\\\/schema\\\/logo\\\/image\\\/\"},\"sameAs\":[\"https:\\\/\\\/www.facebook.com\\\/Radiio-Ljubuski-1490835324566332\",\"https:\\\/\\\/x.com\\\/radioljubuski\",\"https:\\\/\\\/hr.linkedin.com\\\/company\\\/radio-ljubuski\",\"https:\\\/\\\/www.youtube.com\\\/channel\\\/UCHYaeO_n0Db3tjNGudGpXyw\"]},{\"@type\":\"Person\",\"@id\":\"https:\\\/\\\/radioljubuski.ba\\\/#\\\/schema\\\/person\\\/19fc700381a780f69665d7956c469e3b\",\"name\":\"Radio Ljubu\u0161ki\"}]}<\/script>\n<!-- \/ Yoast SEO plugin. -->","yoast_head_json":{"title":"DSHV: Hrvati i dalje ostaju bez zajam\u010denih mandata u Srbiji - RADIO LJUBU\u0160KI","robots":{"index":"index","follow":"follow","max-snippet":"max-snippet:-1","max-image-preview":"max-image-preview:large","max-video-preview":"max-video-preview:-1"},"canonical":"https:\/\/radioljubuski.ba\/index.php\/2021\/11\/08\/dshv-hrvati-i-dalje-ostaju-bez-zajamcenih-mandata-u-srbiji\/","og_locale":"hr_HR","og_type":"article","og_title":"DSHV: Hrvati i dalje ostaju bez zajam\u010denih mandata u Srbiji - RADIO LJUBU\u0160KI","og_description":"Demokratski savez Hrvata u Vojvodini (DSHV) danas je prigovorio vladaju\u0107ima u Srbiji i predstavnicima EU \u0161to u pregovore o izbornim uvjetima nisu uklju\u010dili nacionalne manjine, zbog \u010dega \u0107e hrvatska zajednica i dalje ostati bez zajam\u010denih zastupni\u010dkih mandata na izborima u Srbiji u prolje\u0107e 2022. Koncem listopada u Beogradu je zaklju\u010den Sporazum o unaprje\u0111enju uvjeta za [&hellip;]","og_url":"https:\/\/radioljubuski.ba\/index.php\/2021\/11\/08\/dshv-hrvati-i-dalje-ostaju-bez-zajamcenih-mandata-u-srbiji\/","og_site_name":"RADIO LJUBU\u0160KI","article_publisher":"https:\/\/www.facebook.com\/Radiio-Ljubuski-1490835324566332","article_published_time":"2021-11-08T14:13:26+00:00","og_image":[{"width":287,"height":176,"url":"https:\/\/radioljubuski.ba\/wp-content\/uploads\/2021\/11\/12.jpg","type":"image\/jpeg"}],"author":"Radio Ljubu\u0161ki","twitter_card":"summary_large_image","twitter_creator":"@radioljubuski","twitter_site":"@radioljubuski","twitter_misc":{"Napisao\/la":"Radio Ljubu\u0161ki","Procijenjeno vrijeme \u010ditanja":"2 minute"},"schema":{"@context":"https:\/\/schema.org","@graph":[{"@type":"Article","@id":"https:\/\/radioljubuski.ba\/index.php\/2021\/11\/08\/dshv-hrvati-i-dalje-ostaju-bez-zajamcenih-mandata-u-srbiji\/#article","isPartOf":{"@id":"https:\/\/radioljubuski.ba\/index.php\/2021\/11\/08\/dshv-hrvati-i-dalje-ostaju-bez-zajamcenih-mandata-u-srbiji\/"},"author":{"name":"Radio Ljubu\u0161ki","@id":"https:\/\/radioljubuski.ba\/#\/schema\/person\/19fc700381a780f69665d7956c469e3b"},"headline":"DSHV: Hrvati i dalje ostaju bez zajam\u010denih mandata u Srbiji","datePublished":"2021-11-08T14:13:26+00:00","mainEntityOfPage":{"@id":"https:\/\/radioljubuski.ba\/index.php\/2021\/11\/08\/dshv-hrvati-i-dalje-ostaju-bez-zajamcenih-mandata-u-srbiji\/"},"wordCount":493,"publisher":{"@id":"https:\/\/radioljubuski.ba\/#organization"},"image":{"@id":"https:\/\/radioljubuski.ba\/index.php\/2021\/11\/08\/dshv-hrvati-i-dalje-ostaju-bez-zajamcenih-mandata-u-srbiji\/#primaryimage"},"thumbnailUrl":"https:\/\/radioljubuski.ba\/wp-content\/uploads\/2021\/11\/12.jpg","articleSection":["BIH i regija"],"inLanguage":"hr"},{"@type":"WebPage","@id":"https:\/\/radioljubuski.ba\/index.php\/2021\/11\/08\/dshv-hrvati-i-dalje-ostaju-bez-zajamcenih-mandata-u-srbiji\/","url":"https:\/\/radioljubuski.ba\/index.php\/2021\/11\/08\/dshv-hrvati-i-dalje-ostaju-bez-zajamcenih-mandata-u-srbiji\/","name":"DSHV: Hrvati i dalje ostaju bez zajam\u010denih mandata u Srbiji - RADIO LJUBU\u0160KI","isPartOf":{"@id":"https:\/\/radioljubuski.ba\/#website"},"primaryImageOfPage":{"@id":"https:\/\/radioljubuski.ba\/index.php\/2021\/11\/08\/dshv-hrvati-i-dalje-ostaju-bez-zajamcenih-mandata-u-srbiji\/#primaryimage"},"image":{"@id":"https:\/\/radioljubuski.ba\/index.php\/2021\/11\/08\/dshv-hrvati-i-dalje-ostaju-bez-zajamcenih-mandata-u-srbiji\/#primaryimage"},"thumbnailUrl":"https:\/\/radioljubuski.ba\/wp-content\/uploads\/2021\/11\/12.jpg","datePublished":"2021-11-08T14:13:26+00:00","breadcrumb":{"@id":"https:\/\/radioljubuski.ba\/index.php\/2021\/11\/08\/dshv-hrvati-i-dalje-ostaju-bez-zajamcenih-mandata-u-srbiji\/#breadcrumb"},"inLanguage":"hr","potentialAction":[{"@type":"ReadAction","target":["https:\/\/radioljubuski.ba\/index.php\/2021\/11\/08\/dshv-hrvati-i-dalje-ostaju-bez-zajamcenih-mandata-u-srbiji\/"]}]},{"@type":"ImageObject","inLanguage":"hr","@id":"https:\/\/radioljubuski.ba\/index.php\/2021\/11\/08\/dshv-hrvati-i-dalje-ostaju-bez-zajamcenih-mandata-u-srbiji\/#primaryimage","url":"https:\/\/radioljubuski.ba\/wp-content\/uploads\/2021\/11\/12.jpg","contentUrl":"https:\/\/radioljubuski.ba\/wp-content\/uploads\/2021\/11\/12.jpg","width":287,"height":176},{"@type":"BreadcrumbList","@id":"https:\/\/radioljubuski.ba\/index.php\/2021\/11\/08\/dshv-hrvati-i-dalje-ostaju-bez-zajamcenih-mandata-u-srbiji\/#breadcrumb","itemListElement":[{"@type":"ListItem","position":1,"name":"Po\u010detna stranica","item":"https:\/\/radioljubuski.ba\/"},{"@type":"ListItem","position":2,"name":"DSHV: Hrvati i dalje ostaju bez zajam\u010denih mandata u Srbiji"}]},{"@type":"WebSite","@id":"https:\/\/radioljubuski.ba\/#website","url":"https:\/\/radioljubuski.ba\/","name":"Radio Ljubu\u0161ki","description":"Sun\u010dana frekvencija Hercegovine","publisher":{"@id":"https:\/\/radioljubuski.ba\/#organization"},"potentialAction":[{"@type":"SearchAction","target":{"@type":"EntryPoint","urlTemplate":"https:\/\/radioljubuski.ba\/?s={search_term_string}"},"query-input":{"@type":"PropertyValueSpecification","valueRequired":true,"valueName":"search_term_string"}}],"inLanguage":"hr"},{"@type":"Organization","@id":"https:\/\/radioljubuski.ba\/#organization","name":"Radio Ljubu\u0161ki","url":"https:\/\/radioljubuski.ba\/","logo":{"@type":"ImageObject","inLanguage":"hr","@id":"https:\/\/radioljubuski.ba\/#\/schema\/logo\/image\/","url":"https:\/\/radioljubuski.ba\/wp-content\/uploads\/2021\/02\/cropped-Radio_Ljubuski_logo1.jpg","contentUrl":"https:\/\/radioljubuski.ba\/wp-content\/uploads\/2021\/02\/cropped-Radio_Ljubuski_logo1.jpg","width":512,"height":512,"caption":"Radio Ljubu\u0161ki"},"image":{"@id":"https:\/\/radioljubuski.ba\/#\/schema\/logo\/image\/"},"sameAs":["https:\/\/www.facebook.com\/Radiio-Ljubuski-1490835324566332","https:\/\/x.com\/radioljubuski","https:\/\/hr.linkedin.com\/company\/radio-ljubuski","https:\/\/www.youtube.com\/channel\/UCHYaeO_n0Db3tjNGudGpXyw"]},{"@type":"Person","@id":"https:\/\/radioljubuski.ba\/#\/schema\/person\/19fc700381a780f69665d7956c469e3b","name":"Radio Ljubu\u0161ki"}]}},"_links":{"self":[{"href":"https:\/\/radioljubuski.ba\/index.php\/wp-json\/wp\/v2\/posts\/86742","targetHints":{"allow":["GET"]}}],"collection":[{"href":"https:\/\/radioljubuski.ba\/index.php\/wp-json\/wp\/v2\/posts"}],"about":[{"href":"https:\/\/radioljubuski.ba\/index.php\/wp-json\/wp\/v2\/types\/post"}],"author":[{"embeddable":true,"href":"https:\/\/radioljubuski.ba\/index.php\/wp-json\/wp\/v2\/users\/2"}],"replies":[{"embeddable":true,"href":"https:\/\/radioljubuski.ba\/index.php\/wp-json\/wp\/v2\/comments?post=86742"}],"version-history":[{"count":1,"href":"https:\/\/radioljubuski.ba\/index.php\/wp-json\/wp\/v2\/posts\/86742\/revisions"}],"predecessor-version":[{"id":86744,"href":"https:\/\/radioljubuski.ba\/index.php\/wp-json\/wp\/v2\/posts\/86742\/revisions\/86744"}],"wp:featuredmedia":[{"embeddable":true,"href":"https:\/\/radioljubuski.ba\/index.php\/wp-json\/wp\/v2\/media\/86743"}],"wp:attachment":[{"href":"https:\/\/radioljubuski.ba\/index.php\/wp-json\/wp\/v2\/media?parent=86742"}],"wp:term":[{"taxonomy":"category","embeddable":true,"href":"https:\/\/radioljubuski.ba\/index.php\/wp-json\/wp\/v2\/categories?post=86742"},{"taxonomy":"post_tag","embeddable":true,"href":"https:\/\/radioljubuski.ba\/index.php\/wp-json\/wp\/v2\/tags?post=86742"}],"curies":[{"name":"wp","href":"https:\/\/api.w.org\/{rel}","templated":true}]}}