{"id":86756,"date":"2021-11-09T08:47:12","date_gmt":"2021-11-09T07:47:12","guid":{"rendered":"https:\/\/radioljubuski.ba\/?p=86756"},"modified":"2021-11-09T08:47:14","modified_gmt":"2021-11-09T07:47:14","slug":"probijen-i-zadnji-tunel-s-pristupnim-cestama-peljescu-preko-mosta-prelazit-cemo-vec-na-proljece","status":"publish","type":"post","link":"https:\/\/radioljubuski.ba\/index.php\/2021\/11\/09\/probijen-i-zadnji-tunel-s-pristupnim-cestama-peljescu-preko-mosta-prelazit-cemo-vec-na-proljece\/","title":{"rendered":"Probijen i zadnji tunel s pristupnim cestama Pelje\u0161cu. Preko mosta prelazit \u0107emo ve\u0107 na prolje\u0107e"},"content":{"rendered":"\n<p>Iz zadnjeg probijenog tunela na pelje\u0161kim cestama izvu\u010deno je 130 tisu\u0107a kubika materijala. Na probijanju dijelu tunela Supava duga\u010dkom 1290 metara radilo se godinu i mjesec dana, pi\u0161e&nbsp;<a href=\"https:\/\/www.rtl.hr\/vijesti-hr\/novosti\/hrvatska\/4136180\/probijen-i-zadnji-tunel-s-pristupnim-cestama-peljescu\/?utm_source=vijestiFB&amp;utm_medium=post&amp;utm_campaign=organic&amp;utm_content=RTLdanas&amp;fbclid=IwAR3RgiHrJDzgXlXQXrF0xgj7qHlHhpG4V_S-zuTkJaSKuyXeH6-Ap9Od4mQ\">RTL.<\/a>&nbsp;<\/p>\n\n\n\n<p>Osim \u0161to je probijen posljednji, ovaj tunel specifi\u010dan je i po nepovoljnim geolo\u0161kim uvjetima. \u010cak \u010detvrtina nalazi se u najlo\u0161ijoj stijenskoj masi zbog \u010dega za probijanje posljednjeg dijela nije bio potreban eksploziv.<\/p>\n\n\n\n<p>&#8220;Naime, nai\u0161li smo na proslojak materijala koji nismo uop\u0107e o\u010dekivali. Radi se o sitno-zrnatom materijalu koji je vi\u0161e je kao tlo, nego stijena. To se zove silt&#8221;, rekao je Davor Plazoni\u0107, geolog.<\/p>\n\n\n\n<p>Tri tima s po 12 ljudi radila su 24 sata na dan. Uz probijanje posljednjih 200 metara servisnog tunela, u glavnoj cijevi radovi idu dalje.<\/p>\n\n\n\n<p>&#8220;To su radovi na drena\u017enoj odvodnji, hidroizolaciji, armira\u010dki radovi, sami betonski radovi, odnosno onaj zavr\u0161ni finalni tunel kakvog svi vidimo&#8221;, rekao je Edi \u0160etka, in\u017eenjer na tunelu Supava.<\/p>\n\n\n\n<p>Ispred gr\u010dkog Avaxa, sada je spojiti Polakovicu i Supavu mostom Ston dugim 485 metara. &#8220;Proizvedeni su ve\u0107 \u010deli\u010dni segmenti u brodogradili\u0161tu u Splitu i osigurani su uvjeti za prihvat opreme i tih segmenata na samom gradili\u0161tu&#8221;, rekao je Davor Peri\u0107, in\u017eenjer Hrvatskih cesta.<\/p>\n\n\n\n<p>Debeli brijeg, Kamenice, Polakovica i Supava \u010detiri su tunela koja \u010dine 5 i pol od ukupnih 30 kilometara pristupnih cesta. Dovr\u0161ava se vijadukt Prapratno, mostovi Dumanja Jaruga I i II. dok se na Pelje\u0161kom mostu, koji je spojen u srpnju, asfaltira kolnik. Gra\u0111ani jedva \u010dekaju kraj.<\/p>\n\n\n\n<p>&#8220;Trebamo shvatiti da se radi i trebamo biti strpljivi. Mislim, ako \u017eelimo ne\u0161to bolje treba se strpjet&#8221;, rekla je Franica \u017dile iz Stona. Ante Kire iz Vele Luke jedva \u010deka dovr\u0161etak: &#8220;Olak\u0161at \u0107e mi najvi\u0161e \u0161to mogu i\u0107i preko mosta, ne trebam i\u0107i na granice Neuma i Kleka&#8221;.<\/p>\n\n\n\n<p>Miroslav Kalfi\u0107 iz Zamaslina ka\u017ee da je njima ve\u0107 sad bolje:&#8221;Doma\u0107i momci koji su pomorci, ve\u0107 su uzeli \u010detiri nova terena kako bi gradili nove ku\u0107e. Zna\u010di, ljudi se pomalo vra\u0107aju&#8221;.<\/p>\n\n\n\n<p>Preko Pelje\u0161kog mosta i\u0107i \u0107e se u prolje\u0107e, dok \u0107e vo\u017enja po pristupnim cestama biti mogu\u0107a tek na ljeto.<\/p>\n\n\n\n<p><strong>Izvor: Pogled.ba<\/strong><\/p>\n","protected":false},"excerpt":{"rendered":"<p>Iz zadnjeg probijenog tunela na pelje\u0161kim cestama izvu\u010deno je 130 tisu\u0107a kubika materijala. Na probijanju dijelu tunela Supava duga\u010dkom 1290 metara radilo se godinu i mjesec dana, pi\u0161e&nbsp;RTL.&nbsp; Osim \u0161to je probijen posljednji, ovaj tunel specifi\u010dan je i po nepovoljnim geolo\u0161kim uvjetima. \u010cak \u010detvrtina nalazi se u najlo\u0161ijoj stijenskoj masi zbog \u010dega za probijanje posljednjeg [&hellip;]<\/p>\n","protected":false},"author":2,"featured_media":77308,"comment_status":"closed","ping_status":"closed","sticky":false,"template":"","format":"standard","meta":{"h5ap_radio_sources":[],"footnotes":""},"categories":[1],"tags":[],"class_list":["post-86756","post","type-post","status-publish","format-standard","has-post-thumbnail","hentry","category-bihiregija"],"yoast_head":"<!-- This site is optimized with the Yoast SEO plugin v27.5 - https:\/\/yoast.com\/product\/yoast-seo-wordpress\/ -->\n<title>Probijen i zadnji tunel s pristupnim cestama Pelje\u0161cu. Preko mosta prelazit \u0107emo ve\u0107 na prolje\u0107e - RADIO LJUBU\u0160KI<\/title>\n<meta name=\"robots\" content=\"index, follow, max-snippet:-1, max-image-preview:large, max-video-preview:-1\" \/>\n<link rel=\"canonical\" href=\"https:\/\/radioljubuski.ba\/index.php\/2021\/11\/09\/probijen-i-zadnji-tunel-s-pristupnim-cestama-peljescu-preko-mosta-prelazit-cemo-vec-na-proljece\/\" \/>\n<meta property=\"og:locale\" content=\"hr_HR\" \/>\n<meta property=\"og:type\" content=\"article\" \/>\n<meta property=\"og:title\" content=\"Probijen i zadnji tunel s pristupnim cestama Pelje\u0161cu. Preko mosta prelazit \u0107emo ve\u0107 na prolje\u0107e - RADIO LJUBU\u0160KI\" \/>\n<meta property=\"og:description\" content=\"Iz zadnjeg probijenog tunela na pelje\u0161kim cestama izvu\u010deno je 130 tisu\u0107a kubika materijala. Na probijanju dijelu tunela Supava duga\u010dkom 1290 metara radilo se godinu i mjesec dana, pi\u0161e&nbsp;RTL.&nbsp; Osim \u0161to je probijen posljednji, ovaj tunel specifi\u010dan je i po nepovoljnim geolo\u0161kim uvjetima. \u010cak \u010detvrtina nalazi se u najlo\u0161ijoj stijenskoj masi zbog \u010dega za probijanje posljednjeg [&hellip;]\" \/>\n<meta property=\"og:url\" content=\"https:\/\/radioljubuski.ba\/index.php\/2021\/11\/09\/probijen-i-zadnji-tunel-s-pristupnim-cestama-peljescu-preko-mosta-prelazit-cemo-vec-na-proljece\/\" \/>\n<meta property=\"og:site_name\" content=\"RADIO LJUBU\u0160KI\" \/>\n<meta property=\"article:publisher\" content=\"https:\/\/www.facebook.com\/Radiio-Ljubuski-1490835324566332\" \/>\n<meta property=\"article:published_time\" content=\"2021-11-09T07:47:12+00:00\" \/>\n<meta property=\"article:modified_time\" content=\"2021-11-09T07:47:14+00:00\" \/>\n<meta property=\"og:image\" content=\"https:\/\/radioljubuski.ba\/wp-content\/uploads\/2021\/10\/peljeski-most-nova2.jpg\" \/>\n\t<meta property=\"og:image:width\" content=\"840\" \/>\n\t<meta property=\"og:image:height\" content=\"470\" \/>\n\t<meta property=\"og:image:type\" content=\"image\/jpeg\" \/>\n<meta name=\"author\" content=\"Radio Ljubu\u0161ki\" \/>\n<meta name=\"twitter:card\" content=\"summary_large_image\" \/>\n<meta name=\"twitter:creator\" content=\"@radioljubuski\" \/>\n<meta name=\"twitter:site\" content=\"@radioljubuski\" \/>\n<meta name=\"twitter:label1\" content=\"Napisao\/la\" \/>\n\t<meta name=\"twitter:data1\" content=\"Radio Ljubu\u0161ki\" \/>\n\t<meta name=\"twitter:label2\" content=\"Procijenjeno vrijeme \u010ditanja\" \/>\n\t<meta name=\"twitter:data2\" content=\"2 minute\" \/>\n<script type=\"application\/ld+json\" class=\"yoast-schema-graph\">{\"@context\":\"https:\\\/\\\/schema.org\",\"@graph\":[{\"@type\":\"Article\",\"@id\":\"https:\\\/\\\/radioljubuski.ba\\\/index.php\\\/2021\\\/11\\\/09\\\/probijen-i-zadnji-tunel-s-pristupnim-cestama-peljescu-preko-mosta-prelazit-cemo-vec-na-proljece\\\/#article\",\"isPartOf\":{\"@id\":\"https:\\\/\\\/radioljubuski.ba\\\/index.php\\\/2021\\\/11\\\/09\\\/probijen-i-zadnji-tunel-s-pristupnim-cestama-peljescu-preko-mosta-prelazit-cemo-vec-na-proljece\\\/\"},\"author\":{\"name\":\"Radio Ljubu\u0161ki\",\"@id\":\"https:\\\/\\\/radioljubuski.ba\\\/#\\\/schema\\\/person\\\/19fc700381a780f69665d7956c469e3b\"},\"headline\":\"Probijen i zadnji tunel s pristupnim cestama Pelje\u0161cu. Preko mosta prelazit \u0107emo ve\u0107 na prolje\u0107e\",\"datePublished\":\"2021-11-09T07:47:12+00:00\",\"dateModified\":\"2021-11-09T07:47:14+00:00\",\"mainEntityOfPage\":{\"@id\":\"https:\\\/\\\/radioljubuski.ba\\\/index.php\\\/2021\\\/11\\\/09\\\/probijen-i-zadnji-tunel-s-pristupnim-cestama-peljescu-preko-mosta-prelazit-cemo-vec-na-proljece\\\/\"},\"wordCount\":388,\"publisher\":{\"@id\":\"https:\\\/\\\/radioljubuski.ba\\\/#organization\"},\"image\":{\"@id\":\"https:\\\/\\\/radioljubuski.ba\\\/index.php\\\/2021\\\/11\\\/09\\\/probijen-i-zadnji-tunel-s-pristupnim-cestama-peljescu-preko-mosta-prelazit-cemo-vec-na-proljece\\\/#primaryimage\"},\"thumbnailUrl\":\"https:\\\/\\\/radioljubuski.ba\\\/wp-content\\\/uploads\\\/2021\\\/10\\\/peljeski-most-nova2.jpg\",\"articleSection\":[\"BIH i regija\"],\"inLanguage\":\"hr\"},{\"@type\":\"WebPage\",\"@id\":\"https:\\\/\\\/radioljubuski.ba\\\/index.php\\\/2021\\\/11\\\/09\\\/probijen-i-zadnji-tunel-s-pristupnim-cestama-peljescu-preko-mosta-prelazit-cemo-vec-na-proljece\\\/\",\"url\":\"https:\\\/\\\/radioljubuski.ba\\\/index.php\\\/2021\\\/11\\\/09\\\/probijen-i-zadnji-tunel-s-pristupnim-cestama-peljescu-preko-mosta-prelazit-cemo-vec-na-proljece\\\/\",\"name\":\"Probijen i zadnji tunel s pristupnim cestama Pelje\u0161cu. Preko mosta prelazit \u0107emo ve\u0107 na prolje\u0107e - RADIO LJUBU\u0160KI\",\"isPartOf\":{\"@id\":\"https:\\\/\\\/radioljubuski.ba\\\/#website\"},\"primaryImageOfPage\":{\"@id\":\"https:\\\/\\\/radioljubuski.ba\\\/index.php\\\/2021\\\/11\\\/09\\\/probijen-i-zadnji-tunel-s-pristupnim-cestama-peljescu-preko-mosta-prelazit-cemo-vec-na-proljece\\\/#primaryimage\"},\"image\":{\"@id\":\"https:\\\/\\\/radioljubuski.ba\\\/index.php\\\/2021\\\/11\\\/09\\\/probijen-i-zadnji-tunel-s-pristupnim-cestama-peljescu-preko-mosta-prelazit-cemo-vec-na-proljece\\\/#primaryimage\"},\"thumbnailUrl\":\"https:\\\/\\\/radioljubuski.ba\\\/wp-content\\\/uploads\\\/2021\\\/10\\\/peljeski-most-nova2.jpg\",\"datePublished\":\"2021-11-09T07:47:12+00:00\",\"dateModified\":\"2021-11-09T07:47:14+00:00\",\"breadcrumb\":{\"@id\":\"https:\\\/\\\/radioljubuski.ba\\\/index.php\\\/2021\\\/11\\\/09\\\/probijen-i-zadnji-tunel-s-pristupnim-cestama-peljescu-preko-mosta-prelazit-cemo-vec-na-proljece\\\/#breadcrumb\"},\"inLanguage\":\"hr\",\"potentialAction\":[{\"@type\":\"ReadAction\",\"target\":[\"https:\\\/\\\/radioljubuski.ba\\\/index.php\\\/2021\\\/11\\\/09\\\/probijen-i-zadnji-tunel-s-pristupnim-cestama-peljescu-preko-mosta-prelazit-cemo-vec-na-proljece\\\/\"]}]},{\"@type\":\"ImageObject\",\"inLanguage\":\"hr\",\"@id\":\"https:\\\/\\\/radioljubuski.ba\\\/index.php\\\/2021\\\/11\\\/09\\\/probijen-i-zadnji-tunel-s-pristupnim-cestama-peljescu-preko-mosta-prelazit-cemo-vec-na-proljece\\\/#primaryimage\",\"url\":\"https:\\\/\\\/radioljubuski.ba\\\/wp-content\\\/uploads\\\/2021\\\/10\\\/peljeski-most-nova2.jpg\",\"contentUrl\":\"https:\\\/\\\/radioljubuski.ba\\\/wp-content\\\/uploads\\\/2021\\\/10\\\/peljeski-most-nova2.jpg\",\"width\":840,\"height\":470},{\"@type\":\"BreadcrumbList\",\"@id\":\"https:\\\/\\\/radioljubuski.ba\\\/index.php\\\/2021\\\/11\\\/09\\\/probijen-i-zadnji-tunel-s-pristupnim-cestama-peljescu-preko-mosta-prelazit-cemo-vec-na-proljece\\\/#breadcrumb\",\"itemListElement\":[{\"@type\":\"ListItem\",\"position\":1,\"name\":\"Po\u010detna stranica\",\"item\":\"https:\\\/\\\/radioljubuski.ba\\\/\"},{\"@type\":\"ListItem\",\"position\":2,\"name\":\"Probijen i zadnji tunel s pristupnim cestama Pelje\u0161cu. Preko mosta prelazit \u0107emo ve\u0107 na prolje\u0107e\"}]},{\"@type\":\"WebSite\",\"@id\":\"https:\\\/\\\/radioljubuski.ba\\\/#website\",\"url\":\"https:\\\/\\\/radioljubuski.ba\\\/\",\"name\":\"Radio Ljubu\u0161ki\",\"description\":\"Sun\u010dana frekvencija Hercegovine\",\"publisher\":{\"@id\":\"https:\\\/\\\/radioljubuski.ba\\\/#organization\"},\"potentialAction\":[{\"@type\":\"SearchAction\",\"target\":{\"@type\":\"EntryPoint\",\"urlTemplate\":\"https:\\\/\\\/radioljubuski.ba\\\/?s={search_term_string}\"},\"query-input\":{\"@type\":\"PropertyValueSpecification\",\"valueRequired\":true,\"valueName\":\"search_term_string\"}}],\"inLanguage\":\"hr\"},{\"@type\":\"Organization\",\"@id\":\"https:\\\/\\\/radioljubuski.ba\\\/#organization\",\"name\":\"Radio Ljubu\u0161ki\",\"url\":\"https:\\\/\\\/radioljubuski.ba\\\/\",\"logo\":{\"@type\":\"ImageObject\",\"inLanguage\":\"hr\",\"@id\":\"https:\\\/\\\/radioljubuski.ba\\\/#\\\/schema\\\/logo\\\/image\\\/\",\"url\":\"https:\\\/\\\/radioljubuski.ba\\\/wp-content\\\/uploads\\\/2021\\\/02\\\/cropped-Radio_Ljubuski_logo1.jpg\",\"contentUrl\":\"https:\\\/\\\/radioljubuski.ba\\\/wp-content\\\/uploads\\\/2021\\\/02\\\/cropped-Radio_Ljubuski_logo1.jpg\",\"width\":512,\"height\":512,\"caption\":\"Radio Ljubu\u0161ki\"},\"image\":{\"@id\":\"https:\\\/\\\/radioljubuski.ba\\\/#\\\/schema\\\/logo\\\/image\\\/\"},\"sameAs\":[\"https:\\\/\\\/www.facebook.com\\\/Radiio-Ljubuski-1490835324566332\",\"https:\\\/\\\/x.com\\\/radioljubuski\",\"https:\\\/\\\/hr.linkedin.com\\\/company\\\/radio-ljubuski\",\"https:\\\/\\\/www.youtube.com\\\/channel\\\/UCHYaeO_n0Db3tjNGudGpXyw\"]},{\"@type\":\"Person\",\"@id\":\"https:\\\/\\\/radioljubuski.ba\\\/#\\\/schema\\\/person\\\/19fc700381a780f69665d7956c469e3b\",\"name\":\"Radio Ljubu\u0161ki\"}]}<\/script>\n<!-- \/ Yoast SEO plugin. -->","yoast_head_json":{"title":"Probijen i zadnji tunel s pristupnim cestama Pelje\u0161cu. Preko mosta prelazit \u0107emo ve\u0107 na prolje\u0107e - RADIO LJUBU\u0160KI","robots":{"index":"index","follow":"follow","max-snippet":"max-snippet:-1","max-image-preview":"max-image-preview:large","max-video-preview":"max-video-preview:-1"},"canonical":"https:\/\/radioljubuski.ba\/index.php\/2021\/11\/09\/probijen-i-zadnji-tunel-s-pristupnim-cestama-peljescu-preko-mosta-prelazit-cemo-vec-na-proljece\/","og_locale":"hr_HR","og_type":"article","og_title":"Probijen i zadnji tunel s pristupnim cestama Pelje\u0161cu. Preko mosta prelazit \u0107emo ve\u0107 na prolje\u0107e - RADIO LJUBU\u0160KI","og_description":"Iz zadnjeg probijenog tunela na pelje\u0161kim cestama izvu\u010deno je 130 tisu\u0107a kubika materijala. Na probijanju dijelu tunela Supava duga\u010dkom 1290 metara radilo se godinu i mjesec dana, pi\u0161e&nbsp;RTL.&nbsp; Osim \u0161to je probijen posljednji, ovaj tunel specifi\u010dan je i po nepovoljnim geolo\u0161kim uvjetima. \u010cak \u010detvrtina nalazi se u najlo\u0161ijoj stijenskoj masi zbog \u010dega za probijanje posljednjeg [&hellip;]","og_url":"https:\/\/radioljubuski.ba\/index.php\/2021\/11\/09\/probijen-i-zadnji-tunel-s-pristupnim-cestama-peljescu-preko-mosta-prelazit-cemo-vec-na-proljece\/","og_site_name":"RADIO LJUBU\u0160KI","article_publisher":"https:\/\/www.facebook.com\/Radiio-Ljubuski-1490835324566332","article_published_time":"2021-11-09T07:47:12+00:00","article_modified_time":"2021-11-09T07:47:14+00:00","og_image":[{"width":840,"height":470,"url":"https:\/\/radioljubuski.ba\/wp-content\/uploads\/2021\/10\/peljeski-most-nova2.jpg","type":"image\/jpeg"}],"author":"Radio Ljubu\u0161ki","twitter_card":"summary_large_image","twitter_creator":"@radioljubuski","twitter_site":"@radioljubuski","twitter_misc":{"Napisao\/la":"Radio Ljubu\u0161ki","Procijenjeno vrijeme \u010ditanja":"2 minute"},"schema":{"@context":"https:\/\/schema.org","@graph":[{"@type":"Article","@id":"https:\/\/radioljubuski.ba\/index.php\/2021\/11\/09\/probijen-i-zadnji-tunel-s-pristupnim-cestama-peljescu-preko-mosta-prelazit-cemo-vec-na-proljece\/#article","isPartOf":{"@id":"https:\/\/radioljubuski.ba\/index.php\/2021\/11\/09\/probijen-i-zadnji-tunel-s-pristupnim-cestama-peljescu-preko-mosta-prelazit-cemo-vec-na-proljece\/"},"author":{"name":"Radio Ljubu\u0161ki","@id":"https:\/\/radioljubuski.ba\/#\/schema\/person\/19fc700381a780f69665d7956c469e3b"},"headline":"Probijen i zadnji tunel s pristupnim cestama Pelje\u0161cu. Preko mosta prelazit \u0107emo ve\u0107 na prolje\u0107e","datePublished":"2021-11-09T07:47:12+00:00","dateModified":"2021-11-09T07:47:14+00:00","mainEntityOfPage":{"@id":"https:\/\/radioljubuski.ba\/index.php\/2021\/11\/09\/probijen-i-zadnji-tunel-s-pristupnim-cestama-peljescu-preko-mosta-prelazit-cemo-vec-na-proljece\/"},"wordCount":388,"publisher":{"@id":"https:\/\/radioljubuski.ba\/#organization"},"image":{"@id":"https:\/\/radioljubuski.ba\/index.php\/2021\/11\/09\/probijen-i-zadnji-tunel-s-pristupnim-cestama-peljescu-preko-mosta-prelazit-cemo-vec-na-proljece\/#primaryimage"},"thumbnailUrl":"https:\/\/radioljubuski.ba\/wp-content\/uploads\/2021\/10\/peljeski-most-nova2.jpg","articleSection":["BIH i regija"],"inLanguage":"hr"},{"@type":"WebPage","@id":"https:\/\/radioljubuski.ba\/index.php\/2021\/11\/09\/probijen-i-zadnji-tunel-s-pristupnim-cestama-peljescu-preko-mosta-prelazit-cemo-vec-na-proljece\/","url":"https:\/\/radioljubuski.ba\/index.php\/2021\/11\/09\/probijen-i-zadnji-tunel-s-pristupnim-cestama-peljescu-preko-mosta-prelazit-cemo-vec-na-proljece\/","name":"Probijen i zadnji tunel s pristupnim cestama Pelje\u0161cu. Preko mosta prelazit \u0107emo ve\u0107 na prolje\u0107e - RADIO LJUBU\u0160KI","isPartOf":{"@id":"https:\/\/radioljubuski.ba\/#website"},"primaryImageOfPage":{"@id":"https:\/\/radioljubuski.ba\/index.php\/2021\/11\/09\/probijen-i-zadnji-tunel-s-pristupnim-cestama-peljescu-preko-mosta-prelazit-cemo-vec-na-proljece\/#primaryimage"},"image":{"@id":"https:\/\/radioljubuski.ba\/index.php\/2021\/11\/09\/probijen-i-zadnji-tunel-s-pristupnim-cestama-peljescu-preko-mosta-prelazit-cemo-vec-na-proljece\/#primaryimage"},"thumbnailUrl":"https:\/\/radioljubuski.ba\/wp-content\/uploads\/2021\/10\/peljeski-most-nova2.jpg","datePublished":"2021-11-09T07:47:12+00:00","dateModified":"2021-11-09T07:47:14+00:00","breadcrumb":{"@id":"https:\/\/radioljubuski.ba\/index.php\/2021\/11\/09\/probijen-i-zadnji-tunel-s-pristupnim-cestama-peljescu-preko-mosta-prelazit-cemo-vec-na-proljece\/#breadcrumb"},"inLanguage":"hr","potentialAction":[{"@type":"ReadAction","target":["https:\/\/radioljubuski.ba\/index.php\/2021\/11\/09\/probijen-i-zadnji-tunel-s-pristupnim-cestama-peljescu-preko-mosta-prelazit-cemo-vec-na-proljece\/"]}]},{"@type":"ImageObject","inLanguage":"hr","@id":"https:\/\/radioljubuski.ba\/index.php\/2021\/11\/09\/probijen-i-zadnji-tunel-s-pristupnim-cestama-peljescu-preko-mosta-prelazit-cemo-vec-na-proljece\/#primaryimage","url":"https:\/\/radioljubuski.ba\/wp-content\/uploads\/2021\/10\/peljeski-most-nova2.jpg","contentUrl":"https:\/\/radioljubuski.ba\/wp-content\/uploads\/2021\/10\/peljeski-most-nova2.jpg","width":840,"height":470},{"@type":"BreadcrumbList","@id":"https:\/\/radioljubuski.ba\/index.php\/2021\/11\/09\/probijen-i-zadnji-tunel-s-pristupnim-cestama-peljescu-preko-mosta-prelazit-cemo-vec-na-proljece\/#breadcrumb","itemListElement":[{"@type":"ListItem","position":1,"name":"Po\u010detna stranica","item":"https:\/\/radioljubuski.ba\/"},{"@type":"ListItem","position":2,"name":"Probijen i zadnji tunel s pristupnim cestama Pelje\u0161cu. Preko mosta prelazit \u0107emo ve\u0107 na prolje\u0107e"}]},{"@type":"WebSite","@id":"https:\/\/radioljubuski.ba\/#website","url":"https:\/\/radioljubuski.ba\/","name":"Radio Ljubu\u0161ki","description":"Sun\u010dana frekvencija Hercegovine","publisher":{"@id":"https:\/\/radioljubuski.ba\/#organization"},"potentialAction":[{"@type":"SearchAction","target":{"@type":"EntryPoint","urlTemplate":"https:\/\/radioljubuski.ba\/?s={search_term_string}"},"query-input":{"@type":"PropertyValueSpecification","valueRequired":true,"valueName":"search_term_string"}}],"inLanguage":"hr"},{"@type":"Organization","@id":"https:\/\/radioljubuski.ba\/#organization","name":"Radio Ljubu\u0161ki","url":"https:\/\/radioljubuski.ba\/","logo":{"@type":"ImageObject","inLanguage":"hr","@id":"https:\/\/radioljubuski.ba\/#\/schema\/logo\/image\/","url":"https:\/\/radioljubuski.ba\/wp-content\/uploads\/2021\/02\/cropped-Radio_Ljubuski_logo1.jpg","contentUrl":"https:\/\/radioljubuski.ba\/wp-content\/uploads\/2021\/02\/cropped-Radio_Ljubuski_logo1.jpg","width":512,"height":512,"caption":"Radio Ljubu\u0161ki"},"image":{"@id":"https:\/\/radioljubuski.ba\/#\/schema\/logo\/image\/"},"sameAs":["https:\/\/www.facebook.com\/Radiio-Ljubuski-1490835324566332","https:\/\/x.com\/radioljubuski","https:\/\/hr.linkedin.com\/company\/radio-ljubuski","https:\/\/www.youtube.com\/channel\/UCHYaeO_n0Db3tjNGudGpXyw"]},{"@type":"Person","@id":"https:\/\/radioljubuski.ba\/#\/schema\/person\/19fc700381a780f69665d7956c469e3b","name":"Radio Ljubu\u0161ki"}]}},"_links":{"self":[{"href":"https:\/\/radioljubuski.ba\/index.php\/wp-json\/wp\/v2\/posts\/86756","targetHints":{"allow":["GET"]}}],"collection":[{"href":"https:\/\/radioljubuski.ba\/index.php\/wp-json\/wp\/v2\/posts"}],"about":[{"href":"https:\/\/radioljubuski.ba\/index.php\/wp-json\/wp\/v2\/types\/post"}],"author":[{"embeddable":true,"href":"https:\/\/radioljubuski.ba\/index.php\/wp-json\/wp\/v2\/users\/2"}],"replies":[{"embeddable":true,"href":"https:\/\/radioljubuski.ba\/index.php\/wp-json\/wp\/v2\/comments?post=86756"}],"version-history":[{"count":1,"href":"https:\/\/radioljubuski.ba\/index.php\/wp-json\/wp\/v2\/posts\/86756\/revisions"}],"predecessor-version":[{"id":86757,"href":"https:\/\/radioljubuski.ba\/index.php\/wp-json\/wp\/v2\/posts\/86756\/revisions\/86757"}],"wp:featuredmedia":[{"embeddable":true,"href":"https:\/\/radioljubuski.ba\/index.php\/wp-json\/wp\/v2\/media\/77308"}],"wp:attachment":[{"href":"https:\/\/radioljubuski.ba\/index.php\/wp-json\/wp\/v2\/media?parent=86756"}],"wp:term":[{"taxonomy":"category","embeddable":true,"href":"https:\/\/radioljubuski.ba\/index.php\/wp-json\/wp\/v2\/categories?post=86756"},{"taxonomy":"post_tag","embeddable":true,"href":"https:\/\/radioljubuski.ba\/index.php\/wp-json\/wp\/v2\/tags?post=86756"}],"curies":[{"name":"wp","href":"https:\/\/api.w.org\/{rel}","templated":true}]}}