{"id":86760,"date":"2021-11-09T08:48:53","date_gmt":"2021-11-09T07:48:53","guid":{"rendered":"https:\/\/radioljubuski.ba\/?p=86760"},"modified":"2021-11-09T08:49:46","modified_gmt":"2021-11-09T07:49:46","slug":"novi-delta-soj-je-zarazniji-jos-nije-registriran-u-bih","status":"publish","type":"post","link":"https:\/\/radioljubuski.ba\/index.php\/2021\/11\/09\/novi-delta-soj-je-zarazniji-jos-nije-registriran-u-bih\/","title":{"rendered":"Novi delta + soj je zarazniji, jo\u0161 nije registriran u BiH"},"content":{"rendered":"\n<p>U Hrvatskoj je zabilje\u017een prvi slu\u010daj delta plus soja koronavirusa. Ovaj soj zarazniji je od prethodnih, upozorava struka. U Bosni i Hercegovini zasad nije registrovan.<\/p>\n\n\n\n<p>Dok epidemiolozi upozoravaju na opasnost od delta soja, ve\u0107 se \u0161iri nova, mutirana varijanta virusa. Delta plus novi je soj prona\u0111en u najmanje 42 dr\u017eave.<\/p>\n\n\n\n<p>\u201cNije identificiran, ali sigurmo \u0107e vrlo brzo biti identificiran, \u010dim ga ima u Srbiji\u201d, isti\u010de prim. dr. Ednan Drljevi\u0107, \u0161ef Infektivnog odjela Op\u0107e bolnice Sarajevo.<\/p>\n\n\n\n<p>Podvarijanta je evolucija veoma transmisibilnog delta soja koronavirusa. Znanstvenici su prona\u0161li tri mutacije, od kojih dvije u proteinu koji omogu\u0107ava virusu da se ve\u017ee za tjelesne \u0107elije \u010dovjeka. Koliko je opasna ova mutacija virusa koja se jo\u0161 br\u017ee \u0161iri govori nam podatak da on sadr\u017eava promjene koje daju virusu bolje \u0161anse za pre\u017eivljavanje od nekih drugih sojeva.<\/p>\n\n\n\n<p>\u201cSvaka mutacija je bila da se ne\u0161to br\u017ee \u0161iri i da vi\u0161e ide u tu mla\u0111u populaciju autmatski, s tim \u0161to imamo ne\u0161to vi\u0161e bolesnika koji su za jedinice intenzivnog lije\u010denja\u201d, nagla\u0161ava Drljevi\u0107.<\/p>\n\n\n\n<p>Stru\u010dnjaci upozoravaju da je \u0161irenje virusa posljedica ve\u0107eg broja faktora, od mjera javnog zdravstva koje su vlade uspostavile, te manjak ili nepo\u0161tivanje tih mjera. Epidemiolo\u0161ka situacija u Sarajevu je za sada stabilna, ali je i vakcinisanih vi\u0161e od 50%. Da li su rje\u0161enje nove mjere koje su ve\u0107 aktuelne u nekim kantonima FBiH ili aktivnija promocija vakcinacije?<\/p>\n\n\n\n<p>\u201cU bolni\u010dkom sustavu se uvijek nalazi 10-15% cijepljenih, sve ostalo su necijepljeni . Treba otvarati punktove gdje se ljudi okupljaju najvi\u0161e i sigurno da \u0107e se pove\u0107ati na taj na\u010din. Treba formirati mobilne timove i i\u0107i na sela, ne da \u010dekamo da ljudi sa sela dolaze nama. To je onaj dio zdravstveni sustava \u0161to mora uraditi, s druge strane ljudi trebaju di\u0107i svijest\u201d, poru\u010duje Goran \u010cerkez, pomo\u0107nik ministra zdravstva FBiH.<\/p>\n\n\n\n<p>Ona \u0161to zasad znamo, ovaj soj zarazniji je od prethodnih te da je nizak udio cijepljenih ljudi pogodan za \u0161irenje novih sojeva. Ako i bude potvr\u0111eno da je delta+ za 10 posto zaraznija, bit \u0107e to neugodna vijest jer je ve\u0107 delta zarazna, skoro kao vodene kozice, pi\u0161e\u00a0<a href=\"https:\/\/www.federalna.ba\/novi-delta-soj-je-zarazniji-jos-nije-registrovan-u-bih-8n7w8\">FTV<\/a>.<\/p>\n\n\n\n<p><strong>Izvor: Pogled.ba<\/strong><\/p>\n","protected":false},"excerpt":{"rendered":"<p>U Hrvatskoj je zabilje\u017een prvi slu\u010daj delta plus soja koronavirusa. Ovaj soj zarazniji je od prethodnih, upozorava struka. U Bosni i Hercegovini zasad nije registrovan. Dok epidemiolozi upozoravaju na opasnost od delta soja, ve\u0107 se \u0161iri nova, mutirana varijanta virusa. Delta plus novi je soj prona\u0111en u najmanje 42 dr\u017eave. \u201cNije identificiran, ali sigurmo \u0107e [&hellip;]<\/p>\n","protected":false},"author":2,"featured_media":60469,"comment_status":"closed","ping_status":"closed","sticky":false,"template":"","format":"standard","meta":{"h5ap_radio_sources":[],"footnotes":""},"categories":[1],"tags":[],"class_list":["post-86760","post","type-post","status-publish","format-standard","has-post-thumbnail","hentry","category-bihiregija"],"yoast_head":"<!-- This site is optimized with the Yoast SEO plugin v27.5 - https:\/\/yoast.com\/product\/yoast-seo-wordpress\/ -->\n<title>Novi delta + soj je zarazniji, jo\u0161 nije registriran u BiH - RADIO LJUBU\u0160KI<\/title>\n<meta name=\"robots\" content=\"index, follow, max-snippet:-1, max-image-preview:large, max-video-preview:-1\" \/>\n<link rel=\"canonical\" href=\"https:\/\/radioljubuski.ba\/index.php\/2021\/11\/09\/novi-delta-soj-je-zarazniji-jos-nije-registriran-u-bih\/\" \/>\n<meta property=\"og:locale\" content=\"hr_HR\" \/>\n<meta property=\"og:type\" content=\"article\" \/>\n<meta property=\"og:title\" content=\"Novi delta + soj je zarazniji, jo\u0161 nije registriran u BiH - RADIO LJUBU\u0160KI\" \/>\n<meta property=\"og:description\" content=\"U Hrvatskoj je zabilje\u017een prvi slu\u010daj delta plus soja koronavirusa. Ovaj soj zarazniji je od prethodnih, upozorava struka. U Bosni i Hercegovini zasad nije registrovan. Dok epidemiolozi upozoravaju na opasnost od delta soja, ve\u0107 se \u0161iri nova, mutirana varijanta virusa. Delta plus novi je soj prona\u0111en u najmanje 42 dr\u017eave. \u201cNije identificiran, ali sigurmo \u0107e [&hellip;]\" \/>\n<meta property=\"og:url\" content=\"https:\/\/radioljubuski.ba\/index.php\/2021\/11\/09\/novi-delta-soj-je-zarazniji-jos-nije-registriran-u-bih\/\" \/>\n<meta property=\"og:site_name\" content=\"RADIO LJUBU\u0160KI\" \/>\n<meta property=\"article:publisher\" content=\"https:\/\/www.facebook.com\/Radiio-Ljubuski-1490835324566332\" \/>\n<meta property=\"article:published_time\" content=\"2021-11-09T07:48:53+00:00\" \/>\n<meta property=\"article:modified_time\" content=\"2021-11-09T07:49:46+00:00\" \/>\n<meta property=\"og:image\" content=\"https:\/\/radioljubuski.ba\/wp-content\/uploads\/2021\/09\/cjepivo_delta_soj.875x480.jpg\" \/>\n\t<meta property=\"og:image:width\" content=\"875\" \/>\n\t<meta property=\"og:image:height\" content=\"480\" \/>\n\t<meta property=\"og:image:type\" content=\"image\/jpeg\" \/>\n<meta name=\"author\" content=\"Radio Ljubu\u0161ki\" \/>\n<meta name=\"twitter:card\" content=\"summary_large_image\" \/>\n<meta name=\"twitter:creator\" content=\"@radioljubuski\" \/>\n<meta name=\"twitter:site\" content=\"@radioljubuski\" \/>\n<meta name=\"twitter:label1\" content=\"Napisao\/la\" \/>\n\t<meta name=\"twitter:data1\" content=\"Radio Ljubu\u0161ki\" \/>\n\t<meta name=\"twitter:label2\" content=\"Procijenjeno vrijeme \u010ditanja\" \/>\n\t<meta name=\"twitter:data2\" content=\"2 minute\" \/>\n<script type=\"application\/ld+json\" class=\"yoast-schema-graph\">{\"@context\":\"https:\\\/\\\/schema.org\",\"@graph\":[{\"@type\":\"Article\",\"@id\":\"https:\\\/\\\/radioljubuski.ba\\\/index.php\\\/2021\\\/11\\\/09\\\/novi-delta-soj-je-zarazniji-jos-nije-registriran-u-bih\\\/#article\",\"isPartOf\":{\"@id\":\"https:\\\/\\\/radioljubuski.ba\\\/index.php\\\/2021\\\/11\\\/09\\\/novi-delta-soj-je-zarazniji-jos-nije-registriran-u-bih\\\/\"},\"author\":{\"name\":\"Radio Ljubu\u0161ki\",\"@id\":\"https:\\\/\\\/radioljubuski.ba\\\/#\\\/schema\\\/person\\\/19fc700381a780f69665d7956c469e3b\"},\"headline\":\"Novi delta + soj je zarazniji, jo\u0161 nije registriran u BiH\",\"datePublished\":\"2021-11-09T07:48:53+00:00\",\"dateModified\":\"2021-11-09T07:49:46+00:00\",\"mainEntityOfPage\":{\"@id\":\"https:\\\/\\\/radioljubuski.ba\\\/index.php\\\/2021\\\/11\\\/09\\\/novi-delta-soj-je-zarazniji-jos-nije-registriran-u-bih\\\/\"},\"wordCount\":386,\"publisher\":{\"@id\":\"https:\\\/\\\/radioljubuski.ba\\\/#organization\"},\"image\":{\"@id\":\"https:\\\/\\\/radioljubuski.ba\\\/index.php\\\/2021\\\/11\\\/09\\\/novi-delta-soj-je-zarazniji-jos-nije-registriran-u-bih\\\/#primaryimage\"},\"thumbnailUrl\":\"https:\\\/\\\/radioljubuski.ba\\\/wp-content\\\/uploads\\\/2021\\\/09\\\/cjepivo_delta_soj.875x480.jpg\",\"articleSection\":[\"BIH i regija\"],\"inLanguage\":\"hr\"},{\"@type\":\"WebPage\",\"@id\":\"https:\\\/\\\/radioljubuski.ba\\\/index.php\\\/2021\\\/11\\\/09\\\/novi-delta-soj-je-zarazniji-jos-nije-registriran-u-bih\\\/\",\"url\":\"https:\\\/\\\/radioljubuski.ba\\\/index.php\\\/2021\\\/11\\\/09\\\/novi-delta-soj-je-zarazniji-jos-nije-registriran-u-bih\\\/\",\"name\":\"Novi delta + soj je zarazniji, jo\u0161 nije registriran u BiH - RADIO LJUBU\u0160KI\",\"isPartOf\":{\"@id\":\"https:\\\/\\\/radioljubuski.ba\\\/#website\"},\"primaryImageOfPage\":{\"@id\":\"https:\\\/\\\/radioljubuski.ba\\\/index.php\\\/2021\\\/11\\\/09\\\/novi-delta-soj-je-zarazniji-jos-nije-registriran-u-bih\\\/#primaryimage\"},\"image\":{\"@id\":\"https:\\\/\\\/radioljubuski.ba\\\/index.php\\\/2021\\\/11\\\/09\\\/novi-delta-soj-je-zarazniji-jos-nije-registriran-u-bih\\\/#primaryimage\"},\"thumbnailUrl\":\"https:\\\/\\\/radioljubuski.ba\\\/wp-content\\\/uploads\\\/2021\\\/09\\\/cjepivo_delta_soj.875x480.jpg\",\"datePublished\":\"2021-11-09T07:48:53+00:00\",\"dateModified\":\"2021-11-09T07:49:46+00:00\",\"breadcrumb\":{\"@id\":\"https:\\\/\\\/radioljubuski.ba\\\/index.php\\\/2021\\\/11\\\/09\\\/novi-delta-soj-je-zarazniji-jos-nije-registriran-u-bih\\\/#breadcrumb\"},\"inLanguage\":\"hr\",\"potentialAction\":[{\"@type\":\"ReadAction\",\"target\":[\"https:\\\/\\\/radioljubuski.ba\\\/index.php\\\/2021\\\/11\\\/09\\\/novi-delta-soj-je-zarazniji-jos-nije-registriran-u-bih\\\/\"]}]},{\"@type\":\"ImageObject\",\"inLanguage\":\"hr\",\"@id\":\"https:\\\/\\\/radioljubuski.ba\\\/index.php\\\/2021\\\/11\\\/09\\\/novi-delta-soj-je-zarazniji-jos-nije-registriran-u-bih\\\/#primaryimage\",\"url\":\"https:\\\/\\\/radioljubuski.ba\\\/wp-content\\\/uploads\\\/2021\\\/09\\\/cjepivo_delta_soj.875x480.jpg\",\"contentUrl\":\"https:\\\/\\\/radioljubuski.ba\\\/wp-content\\\/uploads\\\/2021\\\/09\\\/cjepivo_delta_soj.875x480.jpg\",\"width\":875,\"height\":480},{\"@type\":\"BreadcrumbList\",\"@id\":\"https:\\\/\\\/radioljubuski.ba\\\/index.php\\\/2021\\\/11\\\/09\\\/novi-delta-soj-je-zarazniji-jos-nije-registriran-u-bih\\\/#breadcrumb\",\"itemListElement\":[{\"@type\":\"ListItem\",\"position\":1,\"name\":\"Po\u010detna stranica\",\"item\":\"https:\\\/\\\/radioljubuski.ba\\\/\"},{\"@type\":\"ListItem\",\"position\":2,\"name\":\"Novi delta + soj je zarazniji, jo\u0161 nije registriran u BiH\"}]},{\"@type\":\"WebSite\",\"@id\":\"https:\\\/\\\/radioljubuski.ba\\\/#website\",\"url\":\"https:\\\/\\\/radioljubuski.ba\\\/\",\"name\":\"Radio Ljubu\u0161ki\",\"description\":\"Sun\u010dana frekvencija Hercegovine\",\"publisher\":{\"@id\":\"https:\\\/\\\/radioljubuski.ba\\\/#organization\"},\"potentialAction\":[{\"@type\":\"SearchAction\",\"target\":{\"@type\":\"EntryPoint\",\"urlTemplate\":\"https:\\\/\\\/radioljubuski.ba\\\/?s={search_term_string}\"},\"query-input\":{\"@type\":\"PropertyValueSpecification\",\"valueRequired\":true,\"valueName\":\"search_term_string\"}}],\"inLanguage\":\"hr\"},{\"@type\":\"Organization\",\"@id\":\"https:\\\/\\\/radioljubuski.ba\\\/#organization\",\"name\":\"Radio Ljubu\u0161ki\",\"url\":\"https:\\\/\\\/radioljubuski.ba\\\/\",\"logo\":{\"@type\":\"ImageObject\",\"inLanguage\":\"hr\",\"@id\":\"https:\\\/\\\/radioljubuski.ba\\\/#\\\/schema\\\/logo\\\/image\\\/\",\"url\":\"https:\\\/\\\/radioljubuski.ba\\\/wp-content\\\/uploads\\\/2021\\\/02\\\/cropped-Radio_Ljubuski_logo1.jpg\",\"contentUrl\":\"https:\\\/\\\/radioljubuski.ba\\\/wp-content\\\/uploads\\\/2021\\\/02\\\/cropped-Radio_Ljubuski_logo1.jpg\",\"width\":512,\"height\":512,\"caption\":\"Radio Ljubu\u0161ki\"},\"image\":{\"@id\":\"https:\\\/\\\/radioljubuski.ba\\\/#\\\/schema\\\/logo\\\/image\\\/\"},\"sameAs\":[\"https:\\\/\\\/www.facebook.com\\\/Radiio-Ljubuski-1490835324566332\",\"https:\\\/\\\/x.com\\\/radioljubuski\",\"https:\\\/\\\/hr.linkedin.com\\\/company\\\/radio-ljubuski\",\"https:\\\/\\\/www.youtube.com\\\/channel\\\/UCHYaeO_n0Db3tjNGudGpXyw\"]},{\"@type\":\"Person\",\"@id\":\"https:\\\/\\\/radioljubuski.ba\\\/#\\\/schema\\\/person\\\/19fc700381a780f69665d7956c469e3b\",\"name\":\"Radio Ljubu\u0161ki\"}]}<\/script>\n<!-- \/ Yoast SEO plugin. -->","yoast_head_json":{"title":"Novi delta + soj je zarazniji, jo\u0161 nije registriran u BiH - RADIO LJUBU\u0160KI","robots":{"index":"index","follow":"follow","max-snippet":"max-snippet:-1","max-image-preview":"max-image-preview:large","max-video-preview":"max-video-preview:-1"},"canonical":"https:\/\/radioljubuski.ba\/index.php\/2021\/11\/09\/novi-delta-soj-je-zarazniji-jos-nije-registriran-u-bih\/","og_locale":"hr_HR","og_type":"article","og_title":"Novi delta + soj je zarazniji, jo\u0161 nije registriran u BiH - RADIO LJUBU\u0160KI","og_description":"U Hrvatskoj je zabilje\u017een prvi slu\u010daj delta plus soja koronavirusa. Ovaj soj zarazniji je od prethodnih, upozorava struka. U Bosni i Hercegovini zasad nije registrovan. Dok epidemiolozi upozoravaju na opasnost od delta soja, ve\u0107 se \u0161iri nova, mutirana varijanta virusa. Delta plus novi je soj prona\u0111en u najmanje 42 dr\u017eave. \u201cNije identificiran, ali sigurmo \u0107e [&hellip;]","og_url":"https:\/\/radioljubuski.ba\/index.php\/2021\/11\/09\/novi-delta-soj-je-zarazniji-jos-nije-registriran-u-bih\/","og_site_name":"RADIO LJUBU\u0160KI","article_publisher":"https:\/\/www.facebook.com\/Radiio-Ljubuski-1490835324566332","article_published_time":"2021-11-09T07:48:53+00:00","article_modified_time":"2021-11-09T07:49:46+00:00","og_image":[{"width":875,"height":480,"url":"https:\/\/radioljubuski.ba\/wp-content\/uploads\/2021\/09\/cjepivo_delta_soj.875x480.jpg","type":"image\/jpeg"}],"author":"Radio Ljubu\u0161ki","twitter_card":"summary_large_image","twitter_creator":"@radioljubuski","twitter_site":"@radioljubuski","twitter_misc":{"Napisao\/la":"Radio Ljubu\u0161ki","Procijenjeno vrijeme \u010ditanja":"2 minute"},"schema":{"@context":"https:\/\/schema.org","@graph":[{"@type":"Article","@id":"https:\/\/radioljubuski.ba\/index.php\/2021\/11\/09\/novi-delta-soj-je-zarazniji-jos-nije-registriran-u-bih\/#article","isPartOf":{"@id":"https:\/\/radioljubuski.ba\/index.php\/2021\/11\/09\/novi-delta-soj-je-zarazniji-jos-nije-registriran-u-bih\/"},"author":{"name":"Radio Ljubu\u0161ki","@id":"https:\/\/radioljubuski.ba\/#\/schema\/person\/19fc700381a780f69665d7956c469e3b"},"headline":"Novi delta + soj je zarazniji, jo\u0161 nije registriran u BiH","datePublished":"2021-11-09T07:48:53+00:00","dateModified":"2021-11-09T07:49:46+00:00","mainEntityOfPage":{"@id":"https:\/\/radioljubuski.ba\/index.php\/2021\/11\/09\/novi-delta-soj-je-zarazniji-jos-nije-registriran-u-bih\/"},"wordCount":386,"publisher":{"@id":"https:\/\/radioljubuski.ba\/#organization"},"image":{"@id":"https:\/\/radioljubuski.ba\/index.php\/2021\/11\/09\/novi-delta-soj-je-zarazniji-jos-nije-registriran-u-bih\/#primaryimage"},"thumbnailUrl":"https:\/\/radioljubuski.ba\/wp-content\/uploads\/2021\/09\/cjepivo_delta_soj.875x480.jpg","articleSection":["BIH i regija"],"inLanguage":"hr"},{"@type":"WebPage","@id":"https:\/\/radioljubuski.ba\/index.php\/2021\/11\/09\/novi-delta-soj-je-zarazniji-jos-nije-registriran-u-bih\/","url":"https:\/\/radioljubuski.ba\/index.php\/2021\/11\/09\/novi-delta-soj-je-zarazniji-jos-nije-registriran-u-bih\/","name":"Novi delta + soj je zarazniji, jo\u0161 nije registriran u BiH - RADIO LJUBU\u0160KI","isPartOf":{"@id":"https:\/\/radioljubuski.ba\/#website"},"primaryImageOfPage":{"@id":"https:\/\/radioljubuski.ba\/index.php\/2021\/11\/09\/novi-delta-soj-je-zarazniji-jos-nije-registriran-u-bih\/#primaryimage"},"image":{"@id":"https:\/\/radioljubuski.ba\/index.php\/2021\/11\/09\/novi-delta-soj-je-zarazniji-jos-nije-registriran-u-bih\/#primaryimage"},"thumbnailUrl":"https:\/\/radioljubuski.ba\/wp-content\/uploads\/2021\/09\/cjepivo_delta_soj.875x480.jpg","datePublished":"2021-11-09T07:48:53+00:00","dateModified":"2021-11-09T07:49:46+00:00","breadcrumb":{"@id":"https:\/\/radioljubuski.ba\/index.php\/2021\/11\/09\/novi-delta-soj-je-zarazniji-jos-nije-registriran-u-bih\/#breadcrumb"},"inLanguage":"hr","potentialAction":[{"@type":"ReadAction","target":["https:\/\/radioljubuski.ba\/index.php\/2021\/11\/09\/novi-delta-soj-je-zarazniji-jos-nije-registriran-u-bih\/"]}]},{"@type":"ImageObject","inLanguage":"hr","@id":"https:\/\/radioljubuski.ba\/index.php\/2021\/11\/09\/novi-delta-soj-je-zarazniji-jos-nije-registriran-u-bih\/#primaryimage","url":"https:\/\/radioljubuski.ba\/wp-content\/uploads\/2021\/09\/cjepivo_delta_soj.875x480.jpg","contentUrl":"https:\/\/radioljubuski.ba\/wp-content\/uploads\/2021\/09\/cjepivo_delta_soj.875x480.jpg","width":875,"height":480},{"@type":"BreadcrumbList","@id":"https:\/\/radioljubuski.ba\/index.php\/2021\/11\/09\/novi-delta-soj-je-zarazniji-jos-nije-registriran-u-bih\/#breadcrumb","itemListElement":[{"@type":"ListItem","position":1,"name":"Po\u010detna stranica","item":"https:\/\/radioljubuski.ba\/"},{"@type":"ListItem","position":2,"name":"Novi delta + soj je zarazniji, jo\u0161 nije registriran u BiH"}]},{"@type":"WebSite","@id":"https:\/\/radioljubuski.ba\/#website","url":"https:\/\/radioljubuski.ba\/","name":"Radio Ljubu\u0161ki","description":"Sun\u010dana frekvencija Hercegovine","publisher":{"@id":"https:\/\/radioljubuski.ba\/#organization"},"potentialAction":[{"@type":"SearchAction","target":{"@type":"EntryPoint","urlTemplate":"https:\/\/radioljubuski.ba\/?s={search_term_string}"},"query-input":{"@type":"PropertyValueSpecification","valueRequired":true,"valueName":"search_term_string"}}],"inLanguage":"hr"},{"@type":"Organization","@id":"https:\/\/radioljubuski.ba\/#organization","name":"Radio Ljubu\u0161ki","url":"https:\/\/radioljubuski.ba\/","logo":{"@type":"ImageObject","inLanguage":"hr","@id":"https:\/\/radioljubuski.ba\/#\/schema\/logo\/image\/","url":"https:\/\/radioljubuski.ba\/wp-content\/uploads\/2021\/02\/cropped-Radio_Ljubuski_logo1.jpg","contentUrl":"https:\/\/radioljubuski.ba\/wp-content\/uploads\/2021\/02\/cropped-Radio_Ljubuski_logo1.jpg","width":512,"height":512,"caption":"Radio Ljubu\u0161ki"},"image":{"@id":"https:\/\/radioljubuski.ba\/#\/schema\/logo\/image\/"},"sameAs":["https:\/\/www.facebook.com\/Radiio-Ljubuski-1490835324566332","https:\/\/x.com\/radioljubuski","https:\/\/hr.linkedin.com\/company\/radio-ljubuski","https:\/\/www.youtube.com\/channel\/UCHYaeO_n0Db3tjNGudGpXyw"]},{"@type":"Person","@id":"https:\/\/radioljubuski.ba\/#\/schema\/person\/19fc700381a780f69665d7956c469e3b","name":"Radio Ljubu\u0161ki"}]}},"_links":{"self":[{"href":"https:\/\/radioljubuski.ba\/index.php\/wp-json\/wp\/v2\/posts\/86760","targetHints":{"allow":["GET"]}}],"collection":[{"href":"https:\/\/radioljubuski.ba\/index.php\/wp-json\/wp\/v2\/posts"}],"about":[{"href":"https:\/\/radioljubuski.ba\/index.php\/wp-json\/wp\/v2\/types\/post"}],"author":[{"embeddable":true,"href":"https:\/\/radioljubuski.ba\/index.php\/wp-json\/wp\/v2\/users\/2"}],"replies":[{"embeddable":true,"href":"https:\/\/radioljubuski.ba\/index.php\/wp-json\/wp\/v2\/comments?post=86760"}],"version-history":[{"count":1,"href":"https:\/\/radioljubuski.ba\/index.php\/wp-json\/wp\/v2\/posts\/86760\/revisions"}],"predecessor-version":[{"id":86761,"href":"https:\/\/radioljubuski.ba\/index.php\/wp-json\/wp\/v2\/posts\/86760\/revisions\/86761"}],"wp:featuredmedia":[{"embeddable":true,"href":"https:\/\/radioljubuski.ba\/index.php\/wp-json\/wp\/v2\/media\/60469"}],"wp:attachment":[{"href":"https:\/\/radioljubuski.ba\/index.php\/wp-json\/wp\/v2\/media?parent=86760"}],"wp:term":[{"taxonomy":"category","embeddable":true,"href":"https:\/\/radioljubuski.ba\/index.php\/wp-json\/wp\/v2\/categories?post=86760"},{"taxonomy":"post_tag","embeddable":true,"href":"https:\/\/radioljubuski.ba\/index.php\/wp-json\/wp\/v2\/tags?post=86760"}],"curies":[{"name":"wp","href":"https:\/\/api.w.org\/{rel}","templated":true}]}}