{"id":86764,"date":"2021-11-09T08:51:17","date_gmt":"2021-11-09T07:51:17","guid":{"rendered":"https:\/\/radioljubuski.ba\/?p=86764"},"modified":"2021-11-09T08:51:18","modified_gmt":"2021-11-09T07:51:18","slug":"dva-sudara-capljinac-ozlijeden-kod-tomislavgrada-dok-je-druga-osoba-prebacena-na-lijecenje-u-split","status":"publish","type":"post","link":"https:\/\/radioljubuski.ba\/index.php\/2021\/11\/09\/dva-sudara-capljinac-ozlijeden-kod-tomislavgrada-dok-je-druga-osoba-prebacena-na-lijecenje-u-split\/","title":{"rendered":"Dva sudara: \u010capljinac ozlije\u0111en kod Tomislavgrada, dok je druga osoba preba\u010dena na lije\u010denje u Split"},"content":{"rendered":"\n<p>Dvije prometne nesre\u0107e dogodile su se ju\u010der ujutro na podru\u010dju Tomislavgrada.<\/p>\n\n\n\n<p>U 9 sati dogodila se prometna nezgoda sa ve\u0107om materijalnom \u0161tetom i ozlije\u0111enim osobama na magistralnoj cesti M-6.1 na predjelu zvanom Bobara, u op\u0107ini Tomislavgrad.<\/p>\n\n\n\n<p><strong>U ovoj nezgodi su sudjelovali M.M. (1948.) iz Tomislavgrada, upravljaju\u0107i vozilom marke VW &#8220;Golf (registarskih oznaka Hrvatske) koji je tom prilikom zadobio lak\u0161e tjelesne ozljede i S.M. (1965.) iz \u010capljine, upravljaju\u0107i vozilom marke Peugeot (registarskih oznaka BiH), koji je tako\u0111er zadobio lak\u0161e tjelesne ozljede.\u00a0<\/strong><\/p>\n\n\n\n<p>Voza\u010dima je ukazana lije\u010dni\u010dka pomo\u0107 u Domu zdravlja Tomislavgrad, nakon \u010dega je M.M. prevezen u \u017dupanijske bolnicu u Livnu, na daljnje lije\u010denje.<\/p>\n\n\n\n<p>Malo kasnije,&nbsp;<strong>u 9:45 sati dogodila se prometna nezgoda na magistralnoj cesti M-6.1 u predjelu Bobara, u kojoj su sudjelovali I.\u010c. (1942.) iz Tomislavgrada upravljaju\u0107i vozilom VW Caddy (registarskih oznaka BiH), koji je tom prilikom zadobio te\u017ee tjelesne ozljede, te je nakon ukazane lije\u010dni\u010dke pomo\u0107i u Domu zdravlja Tomislavgrad prevezen u \u017dupanijsku bolnicu u Livnu na daljnje lije\u010denje.<\/strong><\/p>\n\n\n\n<p><strong>U ovoj prometnoj nesre\u0107i sudjelovao je i I.B. (1965.) iz Splita, upravljaju\u0107i vozilom VW Golf (registarskih oznaka Hrvatske).<\/strong><\/p>\n\n\n\n<p>O\u010devid na mjestima prometnih nezgoda obavili su djelatnici Policijske uprave Tomislavgrad.<\/p>\n\n\n\n<p>Ovom prilikom iz MUP-a Hercegbosanske \u017eupanije (HB\u017d) skre\u0107u pozornost voza\u010dima motornih vozila da prilagode brzinu vo\u017enje uvjetima i stanju na kolniku, da izbjegavaju rizi\u010dna pretjecanja, a sve s ciljem smanjenja broja prometnih nezgoda, navedeno je iz Ureda za informiranje MUP-a HB\u017d.<\/p>\n\n\n\n<p><strong>Izvor: Hercegovina.info<\/strong><\/p>\n","protected":false},"excerpt":{"rendered":"<p>Dvije prometne nesre\u0107e dogodile su se ju\u010der ujutro na podru\u010dju Tomislavgrada. U 9 sati dogodila se prometna nezgoda sa ve\u0107om materijalnom \u0161tetom i ozlije\u0111enim osobama na magistralnoj cesti M-6.1 na predjelu zvanom Bobara, u op\u0107ini Tomislavgrad. U ovoj nezgodi su sudjelovali M.M. (1948.) iz Tomislavgrada, upravljaju\u0107i vozilom marke VW &#8220;Golf (registarskih oznaka Hrvatske) koji je [&hellip;]<\/p>\n","protected":false},"author":2,"featured_media":45853,"comment_status":"closed","ping_status":"closed","sticky":false,"template":"","format":"standard","meta":{"h5ap_radio_sources":[],"footnotes":""},"categories":[1],"tags":[],"class_list":["post-86764","post","type-post","status-publish","format-standard","has-post-thumbnail","hentry","category-bihiregija"],"yoast_head":"<!-- This site is optimized with the Yoast SEO plugin v27.5 - https:\/\/yoast.com\/product\/yoast-seo-wordpress\/ -->\n<title>Dva sudara: \u010capljinac ozlije\u0111en kod Tomislavgrada, dok je druga osoba preba\u010dena na lije\u010denje u Split - RADIO LJUBU\u0160KI<\/title>\n<meta name=\"robots\" content=\"index, follow, max-snippet:-1, max-image-preview:large, max-video-preview:-1\" \/>\n<link rel=\"canonical\" href=\"https:\/\/radioljubuski.ba\/index.php\/2021\/11\/09\/dva-sudara-capljinac-ozlijeden-kod-tomislavgrada-dok-je-druga-osoba-prebacena-na-lijecenje-u-split\/\" \/>\n<meta property=\"og:locale\" content=\"hr_HR\" \/>\n<meta property=\"og:type\" content=\"article\" \/>\n<meta property=\"og:title\" content=\"Dva sudara: \u010capljinac ozlije\u0111en kod Tomislavgrada, dok je druga osoba preba\u010dena na lije\u010denje u Split - RADIO LJUBU\u0160KI\" \/>\n<meta property=\"og:description\" content=\"Dvije prometne nesre\u0107e dogodile su se ju\u010der ujutro na podru\u010dju Tomislavgrada. U 9 sati dogodila se prometna nezgoda sa ve\u0107om materijalnom \u0161tetom i ozlije\u0111enim osobama na magistralnoj cesti M-6.1 na predjelu zvanom Bobara, u op\u0107ini Tomislavgrad. U ovoj nezgodi su sudjelovali M.M. (1948.) iz Tomislavgrada, upravljaju\u0107i vozilom marke VW &#8220;Golf (registarskih oznaka Hrvatske) koji je [&hellip;]\" \/>\n<meta property=\"og:url\" content=\"https:\/\/radioljubuski.ba\/index.php\/2021\/11\/09\/dva-sudara-capljinac-ozlijeden-kod-tomislavgrada-dok-je-druga-osoba-prebacena-na-lijecenje-u-split\/\" \/>\n<meta property=\"og:site_name\" content=\"RADIO LJUBU\u0160KI\" \/>\n<meta property=\"article:publisher\" content=\"https:\/\/www.facebook.com\/Radiio-Ljubuski-1490835324566332\" \/>\n<meta property=\"article:published_time\" content=\"2021-11-09T07:51:17+00:00\" \/>\n<meta property=\"article:modified_time\" content=\"2021-11-09T07:51:18+00:00\" \/>\n<meta property=\"og:image\" content=\"https:\/\/radioljubuski.ba\/wp-content\/uploads\/2021\/07\/2-2021-07-10-09-31-46-hitna-pomoc-56162-1.jpeg\" \/>\n\t<meta property=\"og:image:width\" content=\"1000\" \/>\n\t<meta property=\"og:image:height\" content=\"625\" \/>\n\t<meta property=\"og:image:type\" content=\"image\/jpeg\" \/>\n<meta name=\"author\" content=\"Radio Ljubu\u0161ki\" \/>\n<meta name=\"twitter:card\" content=\"summary_large_image\" \/>\n<meta name=\"twitter:creator\" content=\"@radioljubuski\" \/>\n<meta name=\"twitter:site\" content=\"@radioljubuski\" \/>\n<meta name=\"twitter:label1\" content=\"Napisao\/la\" \/>\n\t<meta name=\"twitter:data1\" content=\"Radio Ljubu\u0161ki\" \/>\n\t<meta name=\"twitter:label2\" content=\"Procijenjeno vrijeme \u010ditanja\" \/>\n\t<meta name=\"twitter:data2\" content=\"2 minute\" \/>\n<script type=\"application\/ld+json\" class=\"yoast-schema-graph\">{\"@context\":\"https:\\\/\\\/schema.org\",\"@graph\":[{\"@type\":\"Article\",\"@id\":\"https:\\\/\\\/radioljubuski.ba\\\/index.php\\\/2021\\\/11\\\/09\\\/dva-sudara-capljinac-ozlijeden-kod-tomislavgrada-dok-je-druga-osoba-prebacena-na-lijecenje-u-split\\\/#article\",\"isPartOf\":{\"@id\":\"https:\\\/\\\/radioljubuski.ba\\\/index.php\\\/2021\\\/11\\\/09\\\/dva-sudara-capljinac-ozlijeden-kod-tomislavgrada-dok-je-druga-osoba-prebacena-na-lijecenje-u-split\\\/\"},\"author\":{\"name\":\"Radio Ljubu\u0161ki\",\"@id\":\"https:\\\/\\\/radioljubuski.ba\\\/#\\\/schema\\\/person\\\/19fc700381a780f69665d7956c469e3b\"},\"headline\":\"Dva sudara: \u010capljinac ozlije\u0111en kod Tomislavgrada, dok je druga osoba preba\u010dena na lije\u010denje u Split\",\"datePublished\":\"2021-11-09T07:51:17+00:00\",\"dateModified\":\"2021-11-09T07:51:18+00:00\",\"mainEntityOfPage\":{\"@id\":\"https:\\\/\\\/radioljubuski.ba\\\/index.php\\\/2021\\\/11\\\/09\\\/dva-sudara-capljinac-ozlijeden-kod-tomislavgrada-dok-je-druga-osoba-prebacena-na-lijecenje-u-split\\\/\"},\"wordCount\":278,\"publisher\":{\"@id\":\"https:\\\/\\\/radioljubuski.ba\\\/#organization\"},\"image\":{\"@id\":\"https:\\\/\\\/radioljubuski.ba\\\/index.php\\\/2021\\\/11\\\/09\\\/dva-sudara-capljinac-ozlijeden-kod-tomislavgrada-dok-je-druga-osoba-prebacena-na-lijecenje-u-split\\\/#primaryimage\"},\"thumbnailUrl\":\"https:\\\/\\\/radioljubuski.ba\\\/wp-content\\\/uploads\\\/2021\\\/07\\\/2-2021-07-10-09-31-46-hitna-pomoc-56162-1.jpeg\",\"articleSection\":[\"BIH i regija\"],\"inLanguage\":\"hr\"},{\"@type\":\"WebPage\",\"@id\":\"https:\\\/\\\/radioljubuski.ba\\\/index.php\\\/2021\\\/11\\\/09\\\/dva-sudara-capljinac-ozlijeden-kod-tomislavgrada-dok-je-druga-osoba-prebacena-na-lijecenje-u-split\\\/\",\"url\":\"https:\\\/\\\/radioljubuski.ba\\\/index.php\\\/2021\\\/11\\\/09\\\/dva-sudara-capljinac-ozlijeden-kod-tomislavgrada-dok-je-druga-osoba-prebacena-na-lijecenje-u-split\\\/\",\"name\":\"Dva sudara: \u010capljinac ozlije\u0111en kod Tomislavgrada, dok je druga osoba preba\u010dena na lije\u010denje u Split - RADIO LJUBU\u0160KI\",\"isPartOf\":{\"@id\":\"https:\\\/\\\/radioljubuski.ba\\\/#website\"},\"primaryImageOfPage\":{\"@id\":\"https:\\\/\\\/radioljubuski.ba\\\/index.php\\\/2021\\\/11\\\/09\\\/dva-sudara-capljinac-ozlijeden-kod-tomislavgrada-dok-je-druga-osoba-prebacena-na-lijecenje-u-split\\\/#primaryimage\"},\"image\":{\"@id\":\"https:\\\/\\\/radioljubuski.ba\\\/index.php\\\/2021\\\/11\\\/09\\\/dva-sudara-capljinac-ozlijeden-kod-tomislavgrada-dok-je-druga-osoba-prebacena-na-lijecenje-u-split\\\/#primaryimage\"},\"thumbnailUrl\":\"https:\\\/\\\/radioljubuski.ba\\\/wp-content\\\/uploads\\\/2021\\\/07\\\/2-2021-07-10-09-31-46-hitna-pomoc-56162-1.jpeg\",\"datePublished\":\"2021-11-09T07:51:17+00:00\",\"dateModified\":\"2021-11-09T07:51:18+00:00\",\"breadcrumb\":{\"@id\":\"https:\\\/\\\/radioljubuski.ba\\\/index.php\\\/2021\\\/11\\\/09\\\/dva-sudara-capljinac-ozlijeden-kod-tomislavgrada-dok-je-druga-osoba-prebacena-na-lijecenje-u-split\\\/#breadcrumb\"},\"inLanguage\":\"hr\",\"potentialAction\":[{\"@type\":\"ReadAction\",\"target\":[\"https:\\\/\\\/radioljubuski.ba\\\/index.php\\\/2021\\\/11\\\/09\\\/dva-sudara-capljinac-ozlijeden-kod-tomislavgrada-dok-je-druga-osoba-prebacena-na-lijecenje-u-split\\\/\"]}]},{\"@type\":\"ImageObject\",\"inLanguage\":\"hr\",\"@id\":\"https:\\\/\\\/radioljubuski.ba\\\/index.php\\\/2021\\\/11\\\/09\\\/dva-sudara-capljinac-ozlijeden-kod-tomislavgrada-dok-je-druga-osoba-prebacena-na-lijecenje-u-split\\\/#primaryimage\",\"url\":\"https:\\\/\\\/radioljubuski.ba\\\/wp-content\\\/uploads\\\/2021\\\/07\\\/2-2021-07-10-09-31-46-hitna-pomoc-56162-1.jpeg\",\"contentUrl\":\"https:\\\/\\\/radioljubuski.ba\\\/wp-content\\\/uploads\\\/2021\\\/07\\\/2-2021-07-10-09-31-46-hitna-pomoc-56162-1.jpeg\",\"width\":1000,\"height\":625},{\"@type\":\"BreadcrumbList\",\"@id\":\"https:\\\/\\\/radioljubuski.ba\\\/index.php\\\/2021\\\/11\\\/09\\\/dva-sudara-capljinac-ozlijeden-kod-tomislavgrada-dok-je-druga-osoba-prebacena-na-lijecenje-u-split\\\/#breadcrumb\",\"itemListElement\":[{\"@type\":\"ListItem\",\"position\":1,\"name\":\"Po\u010detna stranica\",\"item\":\"https:\\\/\\\/radioljubuski.ba\\\/\"},{\"@type\":\"ListItem\",\"position\":2,\"name\":\"Dva sudara: \u010capljinac ozlije\u0111en kod Tomislavgrada, dok je druga osoba preba\u010dena na lije\u010denje u Split\"}]},{\"@type\":\"WebSite\",\"@id\":\"https:\\\/\\\/radioljubuski.ba\\\/#website\",\"url\":\"https:\\\/\\\/radioljubuski.ba\\\/\",\"name\":\"Radio Ljubu\u0161ki\",\"description\":\"Sun\u010dana frekvencija Hercegovine\",\"publisher\":{\"@id\":\"https:\\\/\\\/radioljubuski.ba\\\/#organization\"},\"potentialAction\":[{\"@type\":\"SearchAction\",\"target\":{\"@type\":\"EntryPoint\",\"urlTemplate\":\"https:\\\/\\\/radioljubuski.ba\\\/?s={search_term_string}\"},\"query-input\":{\"@type\":\"PropertyValueSpecification\",\"valueRequired\":true,\"valueName\":\"search_term_string\"}}],\"inLanguage\":\"hr\"},{\"@type\":\"Organization\",\"@id\":\"https:\\\/\\\/radioljubuski.ba\\\/#organization\",\"name\":\"Radio Ljubu\u0161ki\",\"url\":\"https:\\\/\\\/radioljubuski.ba\\\/\",\"logo\":{\"@type\":\"ImageObject\",\"inLanguage\":\"hr\",\"@id\":\"https:\\\/\\\/radioljubuski.ba\\\/#\\\/schema\\\/logo\\\/image\\\/\",\"url\":\"https:\\\/\\\/radioljubuski.ba\\\/wp-content\\\/uploads\\\/2021\\\/02\\\/cropped-Radio_Ljubuski_logo1.jpg\",\"contentUrl\":\"https:\\\/\\\/radioljubuski.ba\\\/wp-content\\\/uploads\\\/2021\\\/02\\\/cropped-Radio_Ljubuski_logo1.jpg\",\"width\":512,\"height\":512,\"caption\":\"Radio Ljubu\u0161ki\"},\"image\":{\"@id\":\"https:\\\/\\\/radioljubuski.ba\\\/#\\\/schema\\\/logo\\\/image\\\/\"},\"sameAs\":[\"https:\\\/\\\/www.facebook.com\\\/Radiio-Ljubuski-1490835324566332\",\"https:\\\/\\\/x.com\\\/radioljubuski\",\"https:\\\/\\\/hr.linkedin.com\\\/company\\\/radio-ljubuski\",\"https:\\\/\\\/www.youtube.com\\\/channel\\\/UCHYaeO_n0Db3tjNGudGpXyw\"]},{\"@type\":\"Person\",\"@id\":\"https:\\\/\\\/radioljubuski.ba\\\/#\\\/schema\\\/person\\\/19fc700381a780f69665d7956c469e3b\",\"name\":\"Radio Ljubu\u0161ki\"}]}<\/script>\n<!-- \/ Yoast SEO plugin. -->","yoast_head_json":{"title":"Dva sudara: \u010capljinac ozlije\u0111en kod Tomislavgrada, dok je druga osoba preba\u010dena na lije\u010denje u Split - RADIO LJUBU\u0160KI","robots":{"index":"index","follow":"follow","max-snippet":"max-snippet:-1","max-image-preview":"max-image-preview:large","max-video-preview":"max-video-preview:-1"},"canonical":"https:\/\/radioljubuski.ba\/index.php\/2021\/11\/09\/dva-sudara-capljinac-ozlijeden-kod-tomislavgrada-dok-je-druga-osoba-prebacena-na-lijecenje-u-split\/","og_locale":"hr_HR","og_type":"article","og_title":"Dva sudara: \u010capljinac ozlije\u0111en kod Tomislavgrada, dok je druga osoba preba\u010dena na lije\u010denje u Split - RADIO LJUBU\u0160KI","og_description":"Dvije prometne nesre\u0107e dogodile su se ju\u010der ujutro na podru\u010dju Tomislavgrada. U 9 sati dogodila se prometna nezgoda sa ve\u0107om materijalnom \u0161tetom i ozlije\u0111enim osobama na magistralnoj cesti M-6.1 na predjelu zvanom Bobara, u op\u0107ini Tomislavgrad. U ovoj nezgodi su sudjelovali M.M. (1948.) iz Tomislavgrada, upravljaju\u0107i vozilom marke VW &#8220;Golf (registarskih oznaka Hrvatske) koji je [&hellip;]","og_url":"https:\/\/radioljubuski.ba\/index.php\/2021\/11\/09\/dva-sudara-capljinac-ozlijeden-kod-tomislavgrada-dok-je-druga-osoba-prebacena-na-lijecenje-u-split\/","og_site_name":"RADIO LJUBU\u0160KI","article_publisher":"https:\/\/www.facebook.com\/Radiio-Ljubuski-1490835324566332","article_published_time":"2021-11-09T07:51:17+00:00","article_modified_time":"2021-11-09T07:51:18+00:00","og_image":[{"width":1000,"height":625,"url":"https:\/\/radioljubuski.ba\/wp-content\/uploads\/2021\/07\/2-2021-07-10-09-31-46-hitna-pomoc-56162-1.jpeg","type":"image\/jpeg"}],"author":"Radio Ljubu\u0161ki","twitter_card":"summary_large_image","twitter_creator":"@radioljubuski","twitter_site":"@radioljubuski","twitter_misc":{"Napisao\/la":"Radio Ljubu\u0161ki","Procijenjeno vrijeme \u010ditanja":"2 minute"},"schema":{"@context":"https:\/\/schema.org","@graph":[{"@type":"Article","@id":"https:\/\/radioljubuski.ba\/index.php\/2021\/11\/09\/dva-sudara-capljinac-ozlijeden-kod-tomislavgrada-dok-je-druga-osoba-prebacena-na-lijecenje-u-split\/#article","isPartOf":{"@id":"https:\/\/radioljubuski.ba\/index.php\/2021\/11\/09\/dva-sudara-capljinac-ozlijeden-kod-tomislavgrada-dok-je-druga-osoba-prebacena-na-lijecenje-u-split\/"},"author":{"name":"Radio Ljubu\u0161ki","@id":"https:\/\/radioljubuski.ba\/#\/schema\/person\/19fc700381a780f69665d7956c469e3b"},"headline":"Dva sudara: \u010capljinac ozlije\u0111en kod Tomislavgrada, dok je druga osoba preba\u010dena na lije\u010denje u Split","datePublished":"2021-11-09T07:51:17+00:00","dateModified":"2021-11-09T07:51:18+00:00","mainEntityOfPage":{"@id":"https:\/\/radioljubuski.ba\/index.php\/2021\/11\/09\/dva-sudara-capljinac-ozlijeden-kod-tomislavgrada-dok-je-druga-osoba-prebacena-na-lijecenje-u-split\/"},"wordCount":278,"publisher":{"@id":"https:\/\/radioljubuski.ba\/#organization"},"image":{"@id":"https:\/\/radioljubuski.ba\/index.php\/2021\/11\/09\/dva-sudara-capljinac-ozlijeden-kod-tomislavgrada-dok-je-druga-osoba-prebacena-na-lijecenje-u-split\/#primaryimage"},"thumbnailUrl":"https:\/\/radioljubuski.ba\/wp-content\/uploads\/2021\/07\/2-2021-07-10-09-31-46-hitna-pomoc-56162-1.jpeg","articleSection":["BIH i regija"],"inLanguage":"hr"},{"@type":"WebPage","@id":"https:\/\/radioljubuski.ba\/index.php\/2021\/11\/09\/dva-sudara-capljinac-ozlijeden-kod-tomislavgrada-dok-je-druga-osoba-prebacena-na-lijecenje-u-split\/","url":"https:\/\/radioljubuski.ba\/index.php\/2021\/11\/09\/dva-sudara-capljinac-ozlijeden-kod-tomislavgrada-dok-je-druga-osoba-prebacena-na-lijecenje-u-split\/","name":"Dva sudara: \u010capljinac ozlije\u0111en kod Tomislavgrada, dok je druga osoba preba\u010dena na lije\u010denje u Split - RADIO LJUBU\u0160KI","isPartOf":{"@id":"https:\/\/radioljubuski.ba\/#website"},"primaryImageOfPage":{"@id":"https:\/\/radioljubuski.ba\/index.php\/2021\/11\/09\/dva-sudara-capljinac-ozlijeden-kod-tomislavgrada-dok-je-druga-osoba-prebacena-na-lijecenje-u-split\/#primaryimage"},"image":{"@id":"https:\/\/radioljubuski.ba\/index.php\/2021\/11\/09\/dva-sudara-capljinac-ozlijeden-kod-tomislavgrada-dok-je-druga-osoba-prebacena-na-lijecenje-u-split\/#primaryimage"},"thumbnailUrl":"https:\/\/radioljubuski.ba\/wp-content\/uploads\/2021\/07\/2-2021-07-10-09-31-46-hitna-pomoc-56162-1.jpeg","datePublished":"2021-11-09T07:51:17+00:00","dateModified":"2021-11-09T07:51:18+00:00","breadcrumb":{"@id":"https:\/\/radioljubuski.ba\/index.php\/2021\/11\/09\/dva-sudara-capljinac-ozlijeden-kod-tomislavgrada-dok-je-druga-osoba-prebacena-na-lijecenje-u-split\/#breadcrumb"},"inLanguage":"hr","potentialAction":[{"@type":"ReadAction","target":["https:\/\/radioljubuski.ba\/index.php\/2021\/11\/09\/dva-sudara-capljinac-ozlijeden-kod-tomislavgrada-dok-je-druga-osoba-prebacena-na-lijecenje-u-split\/"]}]},{"@type":"ImageObject","inLanguage":"hr","@id":"https:\/\/radioljubuski.ba\/index.php\/2021\/11\/09\/dva-sudara-capljinac-ozlijeden-kod-tomislavgrada-dok-je-druga-osoba-prebacena-na-lijecenje-u-split\/#primaryimage","url":"https:\/\/radioljubuski.ba\/wp-content\/uploads\/2021\/07\/2-2021-07-10-09-31-46-hitna-pomoc-56162-1.jpeg","contentUrl":"https:\/\/radioljubuski.ba\/wp-content\/uploads\/2021\/07\/2-2021-07-10-09-31-46-hitna-pomoc-56162-1.jpeg","width":1000,"height":625},{"@type":"BreadcrumbList","@id":"https:\/\/radioljubuski.ba\/index.php\/2021\/11\/09\/dva-sudara-capljinac-ozlijeden-kod-tomislavgrada-dok-je-druga-osoba-prebacena-na-lijecenje-u-split\/#breadcrumb","itemListElement":[{"@type":"ListItem","position":1,"name":"Po\u010detna stranica","item":"https:\/\/radioljubuski.ba\/"},{"@type":"ListItem","position":2,"name":"Dva sudara: \u010capljinac ozlije\u0111en kod Tomislavgrada, dok je druga osoba preba\u010dena na lije\u010denje u Split"}]},{"@type":"WebSite","@id":"https:\/\/radioljubuski.ba\/#website","url":"https:\/\/radioljubuski.ba\/","name":"Radio Ljubu\u0161ki","description":"Sun\u010dana frekvencija Hercegovine","publisher":{"@id":"https:\/\/radioljubuski.ba\/#organization"},"potentialAction":[{"@type":"SearchAction","target":{"@type":"EntryPoint","urlTemplate":"https:\/\/radioljubuski.ba\/?s={search_term_string}"},"query-input":{"@type":"PropertyValueSpecification","valueRequired":true,"valueName":"search_term_string"}}],"inLanguage":"hr"},{"@type":"Organization","@id":"https:\/\/radioljubuski.ba\/#organization","name":"Radio Ljubu\u0161ki","url":"https:\/\/radioljubuski.ba\/","logo":{"@type":"ImageObject","inLanguage":"hr","@id":"https:\/\/radioljubuski.ba\/#\/schema\/logo\/image\/","url":"https:\/\/radioljubuski.ba\/wp-content\/uploads\/2021\/02\/cropped-Radio_Ljubuski_logo1.jpg","contentUrl":"https:\/\/radioljubuski.ba\/wp-content\/uploads\/2021\/02\/cropped-Radio_Ljubuski_logo1.jpg","width":512,"height":512,"caption":"Radio Ljubu\u0161ki"},"image":{"@id":"https:\/\/radioljubuski.ba\/#\/schema\/logo\/image\/"},"sameAs":["https:\/\/www.facebook.com\/Radiio-Ljubuski-1490835324566332","https:\/\/x.com\/radioljubuski","https:\/\/hr.linkedin.com\/company\/radio-ljubuski","https:\/\/www.youtube.com\/channel\/UCHYaeO_n0Db3tjNGudGpXyw"]},{"@type":"Person","@id":"https:\/\/radioljubuski.ba\/#\/schema\/person\/19fc700381a780f69665d7956c469e3b","name":"Radio Ljubu\u0161ki"}]}},"_links":{"self":[{"href":"https:\/\/radioljubuski.ba\/index.php\/wp-json\/wp\/v2\/posts\/86764","targetHints":{"allow":["GET"]}}],"collection":[{"href":"https:\/\/radioljubuski.ba\/index.php\/wp-json\/wp\/v2\/posts"}],"about":[{"href":"https:\/\/radioljubuski.ba\/index.php\/wp-json\/wp\/v2\/types\/post"}],"author":[{"embeddable":true,"href":"https:\/\/radioljubuski.ba\/index.php\/wp-json\/wp\/v2\/users\/2"}],"replies":[{"embeddable":true,"href":"https:\/\/radioljubuski.ba\/index.php\/wp-json\/wp\/v2\/comments?post=86764"}],"version-history":[{"count":1,"href":"https:\/\/radioljubuski.ba\/index.php\/wp-json\/wp\/v2\/posts\/86764\/revisions"}],"predecessor-version":[{"id":86765,"href":"https:\/\/radioljubuski.ba\/index.php\/wp-json\/wp\/v2\/posts\/86764\/revisions\/86765"}],"wp:featuredmedia":[{"embeddable":true,"href":"https:\/\/radioljubuski.ba\/index.php\/wp-json\/wp\/v2\/media\/45853"}],"wp:attachment":[{"href":"https:\/\/radioljubuski.ba\/index.php\/wp-json\/wp\/v2\/media?parent=86764"}],"wp:term":[{"taxonomy":"category","embeddable":true,"href":"https:\/\/radioljubuski.ba\/index.php\/wp-json\/wp\/v2\/categories?post=86764"},{"taxonomy":"post_tag","embeddable":true,"href":"https:\/\/radioljubuski.ba\/index.php\/wp-json\/wp\/v2\/tags?post=86764"}],"curies":[{"name":"wp","href":"https:\/\/api.w.org\/{rel}","templated":true}]}}