{"id":86774,"date":"2021-11-09T10:29:04","date_gmt":"2021-11-09T09:29:04","guid":{"rendered":"https:\/\/radioljubuski.ba\/?p=86774"},"modified":"2021-11-09T10:29:05","modified_gmt":"2021-11-09T09:29:05","slug":"dzeko-i-ozljeda-misica-borba-s-vremenom-koja-petevu-zadaje-glavobolju","status":"publish","type":"post","link":"https:\/\/radioljubuski.ba\/index.php\/2021\/11\/09\/dzeko-i-ozljeda-misica-borba-s-vremenom-koja-petevu-zadaje-glavobolju\/","title":{"rendered":"D\u017eeko i ozljeda mi\u0161i\u0107a: Borba s vremenom koja Petevu zadaje glavobolju"},"content":{"rendered":"\n<p>Mogu\u0107nost da kapetan reprezentacije Bosne i Hercegovine Edin D\u017eeko ne zaigra na jednoj od odlu\u010duju\u0107ih utakmica kvalifikacija za Svjetsko prvenstvo protiv Finske bit \u0107e glavobolja izbornika Ivayla Peteva vjerojatno do posljednjeg trenutka, doznaje portal Klix.ba. Nakon ura\u0111ene magnetne rezonance Edinu je potvr\u0111en odre\u0111eni stupanj o\u0161te\u0107enja mi\u0161i\u0107a stra\u017enje lo\u017ee natkoljenice i zbog toga mu je uklju\u010den program fizikalne terapije.<\/p>\n\n\n\n<p>Kako doznajemo, stupanj o\u0161te\u0107enja je lak\u0161i, ali dovoljno ozbiljan da se daju bilo kakve prognoze, a kratak period do po\u010detka utakmice sigurno ne ide u prilog oporavku kapetana.<\/p>\n\n\n\n<p>Stru\u010dni sto\u017eer na \u010delu s Petevom nesumnjivo o\u010dekuje kako \u0107e predvodnik ekipe biti na raspolaganju u subotu. D\u017eekina volja za igrom tako\u0111er nije upitna, a problem bi mogao praviti njegov klub Inter zbog eventualnog rizika preuranjenog povratka na teren.<\/p>\n\n\n\n<p>U svakom slu\u010daju, lije\u010dnici reprezentacije BiH \u0107e u narednim danima pratiti stanje D\u017eeke tijekom fizikalnih terapija te nas o\u010dekuje prava borba s vremenom u kojoj \u0107e navija\u010di BiH i izbornik Petev strepiti zbog hendikepa koji bi nas mogao zadesiti.<\/p>\n\n\n\n<p>Podsjetimo, reprezentacija se okupila ju\u010der u Sarajevu gdje se priprema za posljednja dva susreta kvalifikacija za Svjetsko prvenstvo protiv Finske i Ukrajine.<\/p>\n\n\n\n<p>Nogometa\u0161i BiH sino\u0107 su obavili i prvi trening na stadionu Grbavica na kojem je izbornik Ivaylo Petev na raspolaganju imao 12 igra\u010da koji su susrete igrali u petak i subotu. Ostali igra\u010di obavili su regeneracijski trening u hotelu.<\/p>\n\n\n\n<p>BiH \u0107e u subotu u Zenici do\u010dekati Finsku, a tri dana kasnije i Ukrajinu.<\/p>\n\n\n\n<p>izvor: klix.ba<\/p>\n","protected":false},"excerpt":{"rendered":"<p>Mogu\u0107nost da kapetan reprezentacije Bosne i Hercegovine Edin D\u017eeko ne zaigra na jednoj od odlu\u010duju\u0107ih utakmica kvalifikacija za Svjetsko prvenstvo protiv Finske bit \u0107e glavobolja izbornika Ivayla Peteva vjerojatno do posljednjeg trenutka, doznaje portal Klix.ba. Nakon ura\u0111ene magnetne rezonance Edinu je potvr\u0111en odre\u0111eni stupanj o\u0161te\u0107enja mi\u0161i\u0107a stra\u017enje lo\u017ee natkoljenice i zbog toga mu je uklju\u010den [&hellip;]<\/p>\n","protected":false},"author":2,"featured_media":86775,"comment_status":"closed","ping_status":"closed","sticky":false,"template":"","format":"standard","meta":{"h5ap_radio_sources":[],"footnotes":""},"categories":[7],"tags":[],"class_list":["post-86774","post","type-post","status-publish","format-standard","has-post-thumbnail","hentry","category-sport"],"yoast_head":"<!-- This site is optimized with the Yoast SEO plugin v27.5 - https:\/\/yoast.com\/product\/yoast-seo-wordpress\/ -->\n<title>D\u017eeko i ozljeda mi\u0161i\u0107a: Borba s vremenom koja Petevu zadaje glavobolju - RADIO LJUBU\u0160KI<\/title>\n<meta name=\"robots\" content=\"index, follow, max-snippet:-1, max-image-preview:large, max-video-preview:-1\" \/>\n<link rel=\"canonical\" href=\"https:\/\/radioljubuski.ba\/index.php\/2021\/11\/09\/dzeko-i-ozljeda-misica-borba-s-vremenom-koja-petevu-zadaje-glavobolju\/\" \/>\n<meta property=\"og:locale\" content=\"hr_HR\" \/>\n<meta property=\"og:type\" content=\"article\" \/>\n<meta property=\"og:title\" content=\"D\u017eeko i ozljeda mi\u0161i\u0107a: Borba s vremenom koja Petevu zadaje glavobolju - RADIO LJUBU\u0160KI\" \/>\n<meta property=\"og:description\" content=\"Mogu\u0107nost da kapetan reprezentacije Bosne i Hercegovine Edin D\u017eeko ne zaigra na jednoj od odlu\u010duju\u0107ih utakmica kvalifikacija za Svjetsko prvenstvo protiv Finske bit \u0107e glavobolja izbornika Ivayla Peteva vjerojatno do posljednjeg trenutka, doznaje portal Klix.ba. Nakon ura\u0111ene magnetne rezonance Edinu je potvr\u0111en odre\u0111eni stupanj o\u0161te\u0107enja mi\u0161i\u0107a stra\u017enje lo\u017ee natkoljenice i zbog toga mu je uklju\u010den [&hellip;]\" \/>\n<meta property=\"og:url\" content=\"https:\/\/radioljubuski.ba\/index.php\/2021\/11\/09\/dzeko-i-ozljeda-misica-borba-s-vremenom-koja-petevu-zadaje-glavobolju\/\" \/>\n<meta property=\"og:site_name\" content=\"RADIO LJUBU\u0160KI\" \/>\n<meta property=\"article:publisher\" content=\"https:\/\/www.facebook.com\/Radiio-Ljubuski-1490835324566332\" \/>\n<meta property=\"article:published_time\" content=\"2021-11-09T09:29:04+00:00\" \/>\n<meta property=\"article:modified_time\" content=\"2021-11-09T09:29:05+00:00\" \/>\n<meta property=\"og:image\" content=\"https:\/\/radioljubuski.ba\/wp-content\/uploads\/2021\/11\/dzeko.jpg\" \/>\n\t<meta property=\"og:image:width\" content=\"275\" \/>\n\t<meta property=\"og:image:height\" content=\"183\" \/>\n\t<meta property=\"og:image:type\" content=\"image\/jpeg\" \/>\n<meta name=\"author\" content=\"Radio Ljubu\u0161ki\" \/>\n<meta name=\"twitter:card\" content=\"summary_large_image\" \/>\n<meta name=\"twitter:creator\" content=\"@radioljubuski\" \/>\n<meta name=\"twitter:site\" content=\"@radioljubuski\" \/>\n<meta name=\"twitter:label1\" content=\"Napisao\/la\" \/>\n\t<meta name=\"twitter:data1\" content=\"Radio Ljubu\u0161ki\" \/>\n\t<meta name=\"twitter:label2\" content=\"Procijenjeno vrijeme \u010ditanja\" \/>\n\t<meta name=\"twitter:data2\" content=\"2 minute\" \/>\n<script type=\"application\/ld+json\" class=\"yoast-schema-graph\">{\"@context\":\"https:\\\/\\\/schema.org\",\"@graph\":[{\"@type\":\"Article\",\"@id\":\"https:\\\/\\\/radioljubuski.ba\\\/index.php\\\/2021\\\/11\\\/09\\\/dzeko-i-ozljeda-misica-borba-s-vremenom-koja-petevu-zadaje-glavobolju\\\/#article\",\"isPartOf\":{\"@id\":\"https:\\\/\\\/radioljubuski.ba\\\/index.php\\\/2021\\\/11\\\/09\\\/dzeko-i-ozljeda-misica-borba-s-vremenom-koja-petevu-zadaje-glavobolju\\\/\"},\"author\":{\"name\":\"Radio Ljubu\u0161ki\",\"@id\":\"https:\\\/\\\/radioljubuski.ba\\\/#\\\/schema\\\/person\\\/19fc700381a780f69665d7956c469e3b\"},\"headline\":\"D\u017eeko i ozljeda mi\u0161i\u0107a: Borba s vremenom koja Petevu zadaje glavobolju\",\"datePublished\":\"2021-11-09T09:29:04+00:00\",\"dateModified\":\"2021-11-09T09:29:05+00:00\",\"mainEntityOfPage\":{\"@id\":\"https:\\\/\\\/radioljubuski.ba\\\/index.php\\\/2021\\\/11\\\/09\\\/dzeko-i-ozljeda-misica-borba-s-vremenom-koja-petevu-zadaje-glavobolju\\\/\"},\"wordCount\":288,\"publisher\":{\"@id\":\"https:\\\/\\\/radioljubuski.ba\\\/#organization\"},\"image\":{\"@id\":\"https:\\\/\\\/radioljubuski.ba\\\/index.php\\\/2021\\\/11\\\/09\\\/dzeko-i-ozljeda-misica-borba-s-vremenom-koja-petevu-zadaje-glavobolju\\\/#primaryimage\"},\"thumbnailUrl\":\"https:\\\/\\\/radioljubuski.ba\\\/wp-content\\\/uploads\\\/2021\\\/11\\\/dzeko.jpg\",\"articleSection\":[\"\u0160port\"],\"inLanguage\":\"hr\"},{\"@type\":\"WebPage\",\"@id\":\"https:\\\/\\\/radioljubuski.ba\\\/index.php\\\/2021\\\/11\\\/09\\\/dzeko-i-ozljeda-misica-borba-s-vremenom-koja-petevu-zadaje-glavobolju\\\/\",\"url\":\"https:\\\/\\\/radioljubuski.ba\\\/index.php\\\/2021\\\/11\\\/09\\\/dzeko-i-ozljeda-misica-borba-s-vremenom-koja-petevu-zadaje-glavobolju\\\/\",\"name\":\"D\u017eeko i ozljeda mi\u0161i\u0107a: Borba s vremenom koja Petevu zadaje glavobolju - RADIO LJUBU\u0160KI\",\"isPartOf\":{\"@id\":\"https:\\\/\\\/radioljubuski.ba\\\/#website\"},\"primaryImageOfPage\":{\"@id\":\"https:\\\/\\\/radioljubuski.ba\\\/index.php\\\/2021\\\/11\\\/09\\\/dzeko-i-ozljeda-misica-borba-s-vremenom-koja-petevu-zadaje-glavobolju\\\/#primaryimage\"},\"image\":{\"@id\":\"https:\\\/\\\/radioljubuski.ba\\\/index.php\\\/2021\\\/11\\\/09\\\/dzeko-i-ozljeda-misica-borba-s-vremenom-koja-petevu-zadaje-glavobolju\\\/#primaryimage\"},\"thumbnailUrl\":\"https:\\\/\\\/radioljubuski.ba\\\/wp-content\\\/uploads\\\/2021\\\/11\\\/dzeko.jpg\",\"datePublished\":\"2021-11-09T09:29:04+00:00\",\"dateModified\":\"2021-11-09T09:29:05+00:00\",\"breadcrumb\":{\"@id\":\"https:\\\/\\\/radioljubuski.ba\\\/index.php\\\/2021\\\/11\\\/09\\\/dzeko-i-ozljeda-misica-borba-s-vremenom-koja-petevu-zadaje-glavobolju\\\/#breadcrumb\"},\"inLanguage\":\"hr\",\"potentialAction\":[{\"@type\":\"ReadAction\",\"target\":[\"https:\\\/\\\/radioljubuski.ba\\\/index.php\\\/2021\\\/11\\\/09\\\/dzeko-i-ozljeda-misica-borba-s-vremenom-koja-petevu-zadaje-glavobolju\\\/\"]}]},{\"@type\":\"ImageObject\",\"inLanguage\":\"hr\",\"@id\":\"https:\\\/\\\/radioljubuski.ba\\\/index.php\\\/2021\\\/11\\\/09\\\/dzeko-i-ozljeda-misica-borba-s-vremenom-koja-petevu-zadaje-glavobolju\\\/#primaryimage\",\"url\":\"https:\\\/\\\/radioljubuski.ba\\\/wp-content\\\/uploads\\\/2021\\\/11\\\/dzeko.jpg\",\"contentUrl\":\"https:\\\/\\\/radioljubuski.ba\\\/wp-content\\\/uploads\\\/2021\\\/11\\\/dzeko.jpg\",\"width\":275,\"height\":183},{\"@type\":\"BreadcrumbList\",\"@id\":\"https:\\\/\\\/radioljubuski.ba\\\/index.php\\\/2021\\\/11\\\/09\\\/dzeko-i-ozljeda-misica-borba-s-vremenom-koja-petevu-zadaje-glavobolju\\\/#breadcrumb\",\"itemListElement\":[{\"@type\":\"ListItem\",\"position\":1,\"name\":\"Po\u010detna stranica\",\"item\":\"https:\\\/\\\/radioljubuski.ba\\\/\"},{\"@type\":\"ListItem\",\"position\":2,\"name\":\"D\u017eeko i ozljeda mi\u0161i\u0107a: Borba s vremenom koja Petevu zadaje glavobolju\"}]},{\"@type\":\"WebSite\",\"@id\":\"https:\\\/\\\/radioljubuski.ba\\\/#website\",\"url\":\"https:\\\/\\\/radioljubuski.ba\\\/\",\"name\":\"Radio Ljubu\u0161ki\",\"description\":\"Sun\u010dana frekvencija Hercegovine\",\"publisher\":{\"@id\":\"https:\\\/\\\/radioljubuski.ba\\\/#organization\"},\"potentialAction\":[{\"@type\":\"SearchAction\",\"target\":{\"@type\":\"EntryPoint\",\"urlTemplate\":\"https:\\\/\\\/radioljubuski.ba\\\/?s={search_term_string}\"},\"query-input\":{\"@type\":\"PropertyValueSpecification\",\"valueRequired\":true,\"valueName\":\"search_term_string\"}}],\"inLanguage\":\"hr\"},{\"@type\":\"Organization\",\"@id\":\"https:\\\/\\\/radioljubuski.ba\\\/#organization\",\"name\":\"Radio Ljubu\u0161ki\",\"url\":\"https:\\\/\\\/radioljubuski.ba\\\/\",\"logo\":{\"@type\":\"ImageObject\",\"inLanguage\":\"hr\",\"@id\":\"https:\\\/\\\/radioljubuski.ba\\\/#\\\/schema\\\/logo\\\/image\\\/\",\"url\":\"https:\\\/\\\/radioljubuski.ba\\\/wp-content\\\/uploads\\\/2021\\\/02\\\/cropped-Radio_Ljubuski_logo1.jpg\",\"contentUrl\":\"https:\\\/\\\/radioljubuski.ba\\\/wp-content\\\/uploads\\\/2021\\\/02\\\/cropped-Radio_Ljubuski_logo1.jpg\",\"width\":512,\"height\":512,\"caption\":\"Radio Ljubu\u0161ki\"},\"image\":{\"@id\":\"https:\\\/\\\/radioljubuski.ba\\\/#\\\/schema\\\/logo\\\/image\\\/\"},\"sameAs\":[\"https:\\\/\\\/www.facebook.com\\\/Radiio-Ljubuski-1490835324566332\",\"https:\\\/\\\/x.com\\\/radioljubuski\",\"https:\\\/\\\/hr.linkedin.com\\\/company\\\/radio-ljubuski\",\"https:\\\/\\\/www.youtube.com\\\/channel\\\/UCHYaeO_n0Db3tjNGudGpXyw\"]},{\"@type\":\"Person\",\"@id\":\"https:\\\/\\\/radioljubuski.ba\\\/#\\\/schema\\\/person\\\/19fc700381a780f69665d7956c469e3b\",\"name\":\"Radio Ljubu\u0161ki\"}]}<\/script>\n<!-- \/ Yoast SEO plugin. -->","yoast_head_json":{"title":"D\u017eeko i ozljeda mi\u0161i\u0107a: Borba s vremenom koja Petevu zadaje glavobolju - RADIO LJUBU\u0160KI","robots":{"index":"index","follow":"follow","max-snippet":"max-snippet:-1","max-image-preview":"max-image-preview:large","max-video-preview":"max-video-preview:-1"},"canonical":"https:\/\/radioljubuski.ba\/index.php\/2021\/11\/09\/dzeko-i-ozljeda-misica-borba-s-vremenom-koja-petevu-zadaje-glavobolju\/","og_locale":"hr_HR","og_type":"article","og_title":"D\u017eeko i ozljeda mi\u0161i\u0107a: Borba s vremenom koja Petevu zadaje glavobolju - RADIO LJUBU\u0160KI","og_description":"Mogu\u0107nost da kapetan reprezentacije Bosne i Hercegovine Edin D\u017eeko ne zaigra na jednoj od odlu\u010duju\u0107ih utakmica kvalifikacija za Svjetsko prvenstvo protiv Finske bit \u0107e glavobolja izbornika Ivayla Peteva vjerojatno do posljednjeg trenutka, doznaje portal Klix.ba. Nakon ura\u0111ene magnetne rezonance Edinu je potvr\u0111en odre\u0111eni stupanj o\u0161te\u0107enja mi\u0161i\u0107a stra\u017enje lo\u017ee natkoljenice i zbog toga mu je uklju\u010den [&hellip;]","og_url":"https:\/\/radioljubuski.ba\/index.php\/2021\/11\/09\/dzeko-i-ozljeda-misica-borba-s-vremenom-koja-petevu-zadaje-glavobolju\/","og_site_name":"RADIO LJUBU\u0160KI","article_publisher":"https:\/\/www.facebook.com\/Radiio-Ljubuski-1490835324566332","article_published_time":"2021-11-09T09:29:04+00:00","article_modified_time":"2021-11-09T09:29:05+00:00","og_image":[{"width":275,"height":183,"url":"https:\/\/radioljubuski.ba\/wp-content\/uploads\/2021\/11\/dzeko.jpg","type":"image\/jpeg"}],"author":"Radio Ljubu\u0161ki","twitter_card":"summary_large_image","twitter_creator":"@radioljubuski","twitter_site":"@radioljubuski","twitter_misc":{"Napisao\/la":"Radio Ljubu\u0161ki","Procijenjeno vrijeme \u010ditanja":"2 minute"},"schema":{"@context":"https:\/\/schema.org","@graph":[{"@type":"Article","@id":"https:\/\/radioljubuski.ba\/index.php\/2021\/11\/09\/dzeko-i-ozljeda-misica-borba-s-vremenom-koja-petevu-zadaje-glavobolju\/#article","isPartOf":{"@id":"https:\/\/radioljubuski.ba\/index.php\/2021\/11\/09\/dzeko-i-ozljeda-misica-borba-s-vremenom-koja-petevu-zadaje-glavobolju\/"},"author":{"name":"Radio Ljubu\u0161ki","@id":"https:\/\/radioljubuski.ba\/#\/schema\/person\/19fc700381a780f69665d7956c469e3b"},"headline":"D\u017eeko i ozljeda mi\u0161i\u0107a: Borba s vremenom koja Petevu zadaje glavobolju","datePublished":"2021-11-09T09:29:04+00:00","dateModified":"2021-11-09T09:29:05+00:00","mainEntityOfPage":{"@id":"https:\/\/radioljubuski.ba\/index.php\/2021\/11\/09\/dzeko-i-ozljeda-misica-borba-s-vremenom-koja-petevu-zadaje-glavobolju\/"},"wordCount":288,"publisher":{"@id":"https:\/\/radioljubuski.ba\/#organization"},"image":{"@id":"https:\/\/radioljubuski.ba\/index.php\/2021\/11\/09\/dzeko-i-ozljeda-misica-borba-s-vremenom-koja-petevu-zadaje-glavobolju\/#primaryimage"},"thumbnailUrl":"https:\/\/radioljubuski.ba\/wp-content\/uploads\/2021\/11\/dzeko.jpg","articleSection":["\u0160port"],"inLanguage":"hr"},{"@type":"WebPage","@id":"https:\/\/radioljubuski.ba\/index.php\/2021\/11\/09\/dzeko-i-ozljeda-misica-borba-s-vremenom-koja-petevu-zadaje-glavobolju\/","url":"https:\/\/radioljubuski.ba\/index.php\/2021\/11\/09\/dzeko-i-ozljeda-misica-borba-s-vremenom-koja-petevu-zadaje-glavobolju\/","name":"D\u017eeko i ozljeda mi\u0161i\u0107a: Borba s vremenom koja Petevu zadaje glavobolju - RADIO LJUBU\u0160KI","isPartOf":{"@id":"https:\/\/radioljubuski.ba\/#website"},"primaryImageOfPage":{"@id":"https:\/\/radioljubuski.ba\/index.php\/2021\/11\/09\/dzeko-i-ozljeda-misica-borba-s-vremenom-koja-petevu-zadaje-glavobolju\/#primaryimage"},"image":{"@id":"https:\/\/radioljubuski.ba\/index.php\/2021\/11\/09\/dzeko-i-ozljeda-misica-borba-s-vremenom-koja-petevu-zadaje-glavobolju\/#primaryimage"},"thumbnailUrl":"https:\/\/radioljubuski.ba\/wp-content\/uploads\/2021\/11\/dzeko.jpg","datePublished":"2021-11-09T09:29:04+00:00","dateModified":"2021-11-09T09:29:05+00:00","breadcrumb":{"@id":"https:\/\/radioljubuski.ba\/index.php\/2021\/11\/09\/dzeko-i-ozljeda-misica-borba-s-vremenom-koja-petevu-zadaje-glavobolju\/#breadcrumb"},"inLanguage":"hr","potentialAction":[{"@type":"ReadAction","target":["https:\/\/radioljubuski.ba\/index.php\/2021\/11\/09\/dzeko-i-ozljeda-misica-borba-s-vremenom-koja-petevu-zadaje-glavobolju\/"]}]},{"@type":"ImageObject","inLanguage":"hr","@id":"https:\/\/radioljubuski.ba\/index.php\/2021\/11\/09\/dzeko-i-ozljeda-misica-borba-s-vremenom-koja-petevu-zadaje-glavobolju\/#primaryimage","url":"https:\/\/radioljubuski.ba\/wp-content\/uploads\/2021\/11\/dzeko.jpg","contentUrl":"https:\/\/radioljubuski.ba\/wp-content\/uploads\/2021\/11\/dzeko.jpg","width":275,"height":183},{"@type":"BreadcrumbList","@id":"https:\/\/radioljubuski.ba\/index.php\/2021\/11\/09\/dzeko-i-ozljeda-misica-borba-s-vremenom-koja-petevu-zadaje-glavobolju\/#breadcrumb","itemListElement":[{"@type":"ListItem","position":1,"name":"Po\u010detna stranica","item":"https:\/\/radioljubuski.ba\/"},{"@type":"ListItem","position":2,"name":"D\u017eeko i ozljeda mi\u0161i\u0107a: Borba s vremenom koja Petevu zadaje glavobolju"}]},{"@type":"WebSite","@id":"https:\/\/radioljubuski.ba\/#website","url":"https:\/\/radioljubuski.ba\/","name":"Radio Ljubu\u0161ki","description":"Sun\u010dana frekvencija Hercegovine","publisher":{"@id":"https:\/\/radioljubuski.ba\/#organization"},"potentialAction":[{"@type":"SearchAction","target":{"@type":"EntryPoint","urlTemplate":"https:\/\/radioljubuski.ba\/?s={search_term_string}"},"query-input":{"@type":"PropertyValueSpecification","valueRequired":true,"valueName":"search_term_string"}}],"inLanguage":"hr"},{"@type":"Organization","@id":"https:\/\/radioljubuski.ba\/#organization","name":"Radio Ljubu\u0161ki","url":"https:\/\/radioljubuski.ba\/","logo":{"@type":"ImageObject","inLanguage":"hr","@id":"https:\/\/radioljubuski.ba\/#\/schema\/logo\/image\/","url":"https:\/\/radioljubuski.ba\/wp-content\/uploads\/2021\/02\/cropped-Radio_Ljubuski_logo1.jpg","contentUrl":"https:\/\/radioljubuski.ba\/wp-content\/uploads\/2021\/02\/cropped-Radio_Ljubuski_logo1.jpg","width":512,"height":512,"caption":"Radio Ljubu\u0161ki"},"image":{"@id":"https:\/\/radioljubuski.ba\/#\/schema\/logo\/image\/"},"sameAs":["https:\/\/www.facebook.com\/Radiio-Ljubuski-1490835324566332","https:\/\/x.com\/radioljubuski","https:\/\/hr.linkedin.com\/company\/radio-ljubuski","https:\/\/www.youtube.com\/channel\/UCHYaeO_n0Db3tjNGudGpXyw"]},{"@type":"Person","@id":"https:\/\/radioljubuski.ba\/#\/schema\/person\/19fc700381a780f69665d7956c469e3b","name":"Radio Ljubu\u0161ki"}]}},"_links":{"self":[{"href":"https:\/\/radioljubuski.ba\/index.php\/wp-json\/wp\/v2\/posts\/86774","targetHints":{"allow":["GET"]}}],"collection":[{"href":"https:\/\/radioljubuski.ba\/index.php\/wp-json\/wp\/v2\/posts"}],"about":[{"href":"https:\/\/radioljubuski.ba\/index.php\/wp-json\/wp\/v2\/types\/post"}],"author":[{"embeddable":true,"href":"https:\/\/radioljubuski.ba\/index.php\/wp-json\/wp\/v2\/users\/2"}],"replies":[{"embeddable":true,"href":"https:\/\/radioljubuski.ba\/index.php\/wp-json\/wp\/v2\/comments?post=86774"}],"version-history":[{"count":1,"href":"https:\/\/radioljubuski.ba\/index.php\/wp-json\/wp\/v2\/posts\/86774\/revisions"}],"predecessor-version":[{"id":86776,"href":"https:\/\/radioljubuski.ba\/index.php\/wp-json\/wp\/v2\/posts\/86774\/revisions\/86776"}],"wp:featuredmedia":[{"embeddable":true,"href":"https:\/\/radioljubuski.ba\/index.php\/wp-json\/wp\/v2\/media\/86775"}],"wp:attachment":[{"href":"https:\/\/radioljubuski.ba\/index.php\/wp-json\/wp\/v2\/media?parent=86774"}],"wp:term":[{"taxonomy":"category","embeddable":true,"href":"https:\/\/radioljubuski.ba\/index.php\/wp-json\/wp\/v2\/categories?post=86774"},{"taxonomy":"post_tag","embeddable":true,"href":"https:\/\/radioljubuski.ba\/index.php\/wp-json\/wp\/v2\/tags?post=86774"}],"curies":[{"name":"wp","href":"https:\/\/api.w.org\/{rel}","templated":true}]}}