{"id":86796,"date":"2021-11-09T10:42:02","date_gmt":"2021-11-09T09:42:02","guid":{"rendered":"https:\/\/radioljubuski.ba\/?p=86796"},"modified":"2021-11-09T10:42:03","modified_gmt":"2021-11-09T09:42:03","slug":"jablanica-prohodna-konjic-jos-ceka-pomoc-oruzanih-snaga","status":"publish","type":"post","link":"https:\/\/radioljubuski.ba\/index.php\/2021\/11\/09\/jablanica-prohodna-konjic-jos-ceka-pomoc-oruzanih-snaga\/","title":{"rendered":"Jablanica prohodna, Konjic jo\u0161 \u010deka pomo\u0107 Oru\u017eanih snaga"},"content":{"rendered":"\n<p>Tijekom ju\u010dera\u0161njeg dana u suradnji op\u0107ina Konjic i Kalinovnik anga\u017eiran je stroj komunalnog poduze\u0107a Kalinovnik na pro\u010di\u0161\u0107avanju putne komunikacije prema naselju Hotovlje. Aktivnosti se nastavljaju danas.&nbsp;<br>Ju\u010der su uposlenici JP Elektroprivrede BiH otklonili &nbsp;problem opskrbe el. energijom za naselja Hotovlje, Luko, Brda i Polje prema Ljutoj. Mje\u0161tani ovih naselja proteklu no\u0107 su imali elektri\u010dnu energiju. Rje\u0161avanje problema na dalekovodu prema naseljima Zelomi\u0107i i &nbsp;Ljuta, nastavlja se danas.<\/p>\n\n\n\n<p>Na podru\u010dju MZ Bjelimi\u0107i, prema Zelomi\u0107ima, anga\u017eirane su ma\u0161ine na saniranju posljedica klizi\u0161ta, odrona i bujica.<br>Uslijed odrona i klizi\u0161ta u prekidu je putna komunikacija prema Donjoj Ljubu\u010di.<\/p>\n\n\n\n<p>U naselju Rade\u0161ine, uslijed obilnih padavina, do\u0161lo je do uru\u0161avanja i propadanja pristupnog puta za stambeni objekt.<br>U MZ Neretvica do\u0161lo je do o\u0161te\u0107enja i uru\u0161avanja dijela putne komunikacije Nevizdraci \u2013 Bolobani. Na tom dijelu promet se odvija ote\u017eano. Tako\u0111er, do\u0161lo je do prekida putne komunikacije na lokalnom putu Obri \u2013 Gorica, kao i prema naselju Koto.<\/p>\n\n\n\n<p>Na regionalnom putu R-436 Borci \u2013 Kalinovik, na lokaciji Dindol, blokada puta ostaje do daljnjeg.<br>Jo\u0161 uvijek nema odobrenja zahtijeva od strane Predsjedni\u0161tva BiH za anga\u017eman OS BiH na podru\u010dju MZ Bjelimi\u0107i i MZ Glavati\u010devo.<br>Preporu\u010duje se stanovni\u0161tvu prokuhavanje vode za pi\u0107e.<\/p>\n\n\n\n<p>Jablanica<br>Sve putne komunikacije na podru\u010dju op\u0107ine Jablanica su prohodne (preporu\u010duje se oprezna vo\u017enja zbog cestovnih odrona).&nbsp;<\/p>\n\n\n\n<p>Izvor:pogled.ba<\/p>\n","protected":false},"excerpt":{"rendered":"<p>Tijekom ju\u010dera\u0161njeg dana u suradnji op\u0107ina Konjic i Kalinovnik anga\u017eiran je stroj komunalnog poduze\u0107a Kalinovnik na pro\u010di\u0161\u0107avanju putne komunikacije prema naselju Hotovlje. Aktivnosti se nastavljaju danas.&nbsp;Ju\u010der su uposlenici JP Elektroprivrede BiH otklonili &nbsp;problem opskrbe el. energijom za naselja Hotovlje, Luko, Brda i Polje prema Ljutoj. Mje\u0161tani ovih naselja proteklu no\u0107 su imali elektri\u010dnu energiju. Rje\u0161avanje [&hellip;]<\/p>\n","protected":false},"author":2,"featured_media":86797,"comment_status":"closed","ping_status":"closed","sticky":false,"template":"","format":"standard","meta":{"h5ap_radio_sources":[],"footnotes":""},"categories":[1],"tags":[],"class_list":["post-86796","post","type-post","status-publish","format-standard","has-post-thumbnail","hentry","category-bihiregija"],"yoast_head":"<!-- This site is optimized with the Yoast SEO plugin v27.5 - https:\/\/yoast.com\/product\/yoast-seo-wordpress\/ -->\n<title>Jablanica prohodna, Konjic jo\u0161 \u010deka pomo\u0107 Oru\u017eanih snaga - RADIO LJUBU\u0160KI<\/title>\n<meta name=\"robots\" content=\"index, follow, max-snippet:-1, max-image-preview:large, max-video-preview:-1\" \/>\n<link rel=\"canonical\" href=\"https:\/\/radioljubuski.ba\/index.php\/2021\/11\/09\/jablanica-prohodna-konjic-jos-ceka-pomoc-oruzanih-snaga\/\" \/>\n<meta property=\"og:locale\" content=\"hr_HR\" \/>\n<meta property=\"og:type\" content=\"article\" \/>\n<meta property=\"og:title\" content=\"Jablanica prohodna, Konjic jo\u0161 \u010deka pomo\u0107 Oru\u017eanih snaga - RADIO LJUBU\u0160KI\" \/>\n<meta property=\"og:description\" content=\"Tijekom ju\u010dera\u0161njeg dana u suradnji op\u0107ina Konjic i Kalinovnik anga\u017eiran je stroj komunalnog poduze\u0107a Kalinovnik na pro\u010di\u0161\u0107avanju putne komunikacije prema naselju Hotovlje. Aktivnosti se nastavljaju danas.&nbsp;Ju\u010der su uposlenici JP Elektroprivrede BiH otklonili &nbsp;problem opskrbe el. energijom za naselja Hotovlje, Luko, Brda i Polje prema Ljutoj. Mje\u0161tani ovih naselja proteklu no\u0107 su imali elektri\u010dnu energiju. Rje\u0161avanje [&hellip;]\" \/>\n<meta property=\"og:url\" content=\"https:\/\/radioljubuski.ba\/index.php\/2021\/11\/09\/jablanica-prohodna-konjic-jos-ceka-pomoc-oruzanih-snaga\/\" \/>\n<meta property=\"og:site_name\" content=\"RADIO LJUBU\u0160KI\" \/>\n<meta property=\"article:publisher\" content=\"https:\/\/www.facebook.com\/Radiio-Ljubuski-1490835324566332\" \/>\n<meta property=\"article:published_time\" content=\"2021-11-09T09:42:02+00:00\" \/>\n<meta property=\"article:modified_time\" content=\"2021-11-09T09:42:03+00:00\" \/>\n<meta property=\"og:image\" content=\"https:\/\/radioljubuski.ba\/wp-content\/uploads\/2021\/11\/8-2021-11-06-16-29-29-konjic2-1.jpeg\" \/>\n\t<meta property=\"og:image:width\" content=\"1000\" \/>\n\t<meta property=\"og:image:height\" content=\"625\" \/>\n\t<meta property=\"og:image:type\" content=\"image\/jpeg\" \/>\n<meta name=\"author\" content=\"Radio Ljubu\u0161ki\" \/>\n<meta name=\"twitter:card\" content=\"summary_large_image\" \/>\n<meta name=\"twitter:creator\" content=\"@radioljubuski\" \/>\n<meta name=\"twitter:site\" content=\"@radioljubuski\" \/>\n<meta name=\"twitter:label1\" content=\"Napisao\/la\" \/>\n\t<meta name=\"twitter:data1\" content=\"Radio Ljubu\u0161ki\" \/>\n\t<meta name=\"twitter:label2\" content=\"Procijenjeno vrijeme \u010ditanja\" \/>\n\t<meta name=\"twitter:data2\" content=\"1 minuta\" \/>\n<script type=\"application\/ld+json\" class=\"yoast-schema-graph\">{\"@context\":\"https:\\\/\\\/schema.org\",\"@graph\":[{\"@type\":\"Article\",\"@id\":\"https:\\\/\\\/radioljubuski.ba\\\/index.php\\\/2021\\\/11\\\/09\\\/jablanica-prohodna-konjic-jos-ceka-pomoc-oruzanih-snaga\\\/#article\",\"isPartOf\":{\"@id\":\"https:\\\/\\\/radioljubuski.ba\\\/index.php\\\/2021\\\/11\\\/09\\\/jablanica-prohodna-konjic-jos-ceka-pomoc-oruzanih-snaga\\\/\"},\"author\":{\"name\":\"Radio Ljubu\u0161ki\",\"@id\":\"https:\\\/\\\/radioljubuski.ba\\\/#\\\/schema\\\/person\\\/19fc700381a780f69665d7956c469e3b\"},\"headline\":\"Jablanica prohodna, Konjic jo\u0161 \u010deka pomo\u0107 Oru\u017eanih snaga\",\"datePublished\":\"2021-11-09T09:42:02+00:00\",\"dateModified\":\"2021-11-09T09:42:03+00:00\",\"mainEntityOfPage\":{\"@id\":\"https:\\\/\\\/radioljubuski.ba\\\/index.php\\\/2021\\\/11\\\/09\\\/jablanica-prohodna-konjic-jos-ceka-pomoc-oruzanih-snaga\\\/\"},\"wordCount\":265,\"publisher\":{\"@id\":\"https:\\\/\\\/radioljubuski.ba\\\/#organization\"},\"image\":{\"@id\":\"https:\\\/\\\/radioljubuski.ba\\\/index.php\\\/2021\\\/11\\\/09\\\/jablanica-prohodna-konjic-jos-ceka-pomoc-oruzanih-snaga\\\/#primaryimage\"},\"thumbnailUrl\":\"https:\\\/\\\/radioljubuski.ba\\\/wp-content\\\/uploads\\\/2021\\\/11\\\/8-2021-11-06-16-29-29-konjic2-1.jpeg\",\"articleSection\":[\"BIH i regija\"],\"inLanguage\":\"hr\"},{\"@type\":\"WebPage\",\"@id\":\"https:\\\/\\\/radioljubuski.ba\\\/index.php\\\/2021\\\/11\\\/09\\\/jablanica-prohodna-konjic-jos-ceka-pomoc-oruzanih-snaga\\\/\",\"url\":\"https:\\\/\\\/radioljubuski.ba\\\/index.php\\\/2021\\\/11\\\/09\\\/jablanica-prohodna-konjic-jos-ceka-pomoc-oruzanih-snaga\\\/\",\"name\":\"Jablanica prohodna, Konjic jo\u0161 \u010deka pomo\u0107 Oru\u017eanih snaga - RADIO LJUBU\u0160KI\",\"isPartOf\":{\"@id\":\"https:\\\/\\\/radioljubuski.ba\\\/#website\"},\"primaryImageOfPage\":{\"@id\":\"https:\\\/\\\/radioljubuski.ba\\\/index.php\\\/2021\\\/11\\\/09\\\/jablanica-prohodna-konjic-jos-ceka-pomoc-oruzanih-snaga\\\/#primaryimage\"},\"image\":{\"@id\":\"https:\\\/\\\/radioljubuski.ba\\\/index.php\\\/2021\\\/11\\\/09\\\/jablanica-prohodna-konjic-jos-ceka-pomoc-oruzanih-snaga\\\/#primaryimage\"},\"thumbnailUrl\":\"https:\\\/\\\/radioljubuski.ba\\\/wp-content\\\/uploads\\\/2021\\\/11\\\/8-2021-11-06-16-29-29-konjic2-1.jpeg\",\"datePublished\":\"2021-11-09T09:42:02+00:00\",\"dateModified\":\"2021-11-09T09:42:03+00:00\",\"breadcrumb\":{\"@id\":\"https:\\\/\\\/radioljubuski.ba\\\/index.php\\\/2021\\\/11\\\/09\\\/jablanica-prohodna-konjic-jos-ceka-pomoc-oruzanih-snaga\\\/#breadcrumb\"},\"inLanguage\":\"hr\",\"potentialAction\":[{\"@type\":\"ReadAction\",\"target\":[\"https:\\\/\\\/radioljubuski.ba\\\/index.php\\\/2021\\\/11\\\/09\\\/jablanica-prohodna-konjic-jos-ceka-pomoc-oruzanih-snaga\\\/\"]}]},{\"@type\":\"ImageObject\",\"inLanguage\":\"hr\",\"@id\":\"https:\\\/\\\/radioljubuski.ba\\\/index.php\\\/2021\\\/11\\\/09\\\/jablanica-prohodna-konjic-jos-ceka-pomoc-oruzanih-snaga\\\/#primaryimage\",\"url\":\"https:\\\/\\\/radioljubuski.ba\\\/wp-content\\\/uploads\\\/2021\\\/11\\\/8-2021-11-06-16-29-29-konjic2-1.jpeg\",\"contentUrl\":\"https:\\\/\\\/radioljubuski.ba\\\/wp-content\\\/uploads\\\/2021\\\/11\\\/8-2021-11-06-16-29-29-konjic2-1.jpeg\",\"width\":1000,\"height\":625},{\"@type\":\"BreadcrumbList\",\"@id\":\"https:\\\/\\\/radioljubuski.ba\\\/index.php\\\/2021\\\/11\\\/09\\\/jablanica-prohodna-konjic-jos-ceka-pomoc-oruzanih-snaga\\\/#breadcrumb\",\"itemListElement\":[{\"@type\":\"ListItem\",\"position\":1,\"name\":\"Po\u010detna stranica\",\"item\":\"https:\\\/\\\/radioljubuski.ba\\\/\"},{\"@type\":\"ListItem\",\"position\":2,\"name\":\"Jablanica prohodna, Konjic jo\u0161 \u010deka pomo\u0107 Oru\u017eanih snaga\"}]},{\"@type\":\"WebSite\",\"@id\":\"https:\\\/\\\/radioljubuski.ba\\\/#website\",\"url\":\"https:\\\/\\\/radioljubuski.ba\\\/\",\"name\":\"Radio Ljubu\u0161ki\",\"description\":\"Sun\u010dana frekvencija Hercegovine\",\"publisher\":{\"@id\":\"https:\\\/\\\/radioljubuski.ba\\\/#organization\"},\"potentialAction\":[{\"@type\":\"SearchAction\",\"target\":{\"@type\":\"EntryPoint\",\"urlTemplate\":\"https:\\\/\\\/radioljubuski.ba\\\/?s={search_term_string}\"},\"query-input\":{\"@type\":\"PropertyValueSpecification\",\"valueRequired\":true,\"valueName\":\"search_term_string\"}}],\"inLanguage\":\"hr\"},{\"@type\":\"Organization\",\"@id\":\"https:\\\/\\\/radioljubuski.ba\\\/#organization\",\"name\":\"Radio Ljubu\u0161ki\",\"url\":\"https:\\\/\\\/radioljubuski.ba\\\/\",\"logo\":{\"@type\":\"ImageObject\",\"inLanguage\":\"hr\",\"@id\":\"https:\\\/\\\/radioljubuski.ba\\\/#\\\/schema\\\/logo\\\/image\\\/\",\"url\":\"https:\\\/\\\/radioljubuski.ba\\\/wp-content\\\/uploads\\\/2021\\\/02\\\/cropped-Radio_Ljubuski_logo1.jpg\",\"contentUrl\":\"https:\\\/\\\/radioljubuski.ba\\\/wp-content\\\/uploads\\\/2021\\\/02\\\/cropped-Radio_Ljubuski_logo1.jpg\",\"width\":512,\"height\":512,\"caption\":\"Radio Ljubu\u0161ki\"},\"image\":{\"@id\":\"https:\\\/\\\/radioljubuski.ba\\\/#\\\/schema\\\/logo\\\/image\\\/\"},\"sameAs\":[\"https:\\\/\\\/www.facebook.com\\\/Radiio-Ljubuski-1490835324566332\",\"https:\\\/\\\/x.com\\\/radioljubuski\",\"https:\\\/\\\/hr.linkedin.com\\\/company\\\/radio-ljubuski\",\"https:\\\/\\\/www.youtube.com\\\/channel\\\/UCHYaeO_n0Db3tjNGudGpXyw\"]},{\"@type\":\"Person\",\"@id\":\"https:\\\/\\\/radioljubuski.ba\\\/#\\\/schema\\\/person\\\/19fc700381a780f69665d7956c469e3b\",\"name\":\"Radio Ljubu\u0161ki\"}]}<\/script>\n<!-- \/ Yoast SEO plugin. -->","yoast_head_json":{"title":"Jablanica prohodna, Konjic jo\u0161 \u010deka pomo\u0107 Oru\u017eanih snaga - RADIO LJUBU\u0160KI","robots":{"index":"index","follow":"follow","max-snippet":"max-snippet:-1","max-image-preview":"max-image-preview:large","max-video-preview":"max-video-preview:-1"},"canonical":"https:\/\/radioljubuski.ba\/index.php\/2021\/11\/09\/jablanica-prohodna-konjic-jos-ceka-pomoc-oruzanih-snaga\/","og_locale":"hr_HR","og_type":"article","og_title":"Jablanica prohodna, Konjic jo\u0161 \u010deka pomo\u0107 Oru\u017eanih snaga - RADIO LJUBU\u0160KI","og_description":"Tijekom ju\u010dera\u0161njeg dana u suradnji op\u0107ina Konjic i Kalinovnik anga\u017eiran je stroj komunalnog poduze\u0107a Kalinovnik na pro\u010di\u0161\u0107avanju putne komunikacije prema naselju Hotovlje. Aktivnosti se nastavljaju danas.&nbsp;Ju\u010der su uposlenici JP Elektroprivrede BiH otklonili &nbsp;problem opskrbe el. energijom za naselja Hotovlje, Luko, Brda i Polje prema Ljutoj. Mje\u0161tani ovih naselja proteklu no\u0107 su imali elektri\u010dnu energiju. Rje\u0161avanje [&hellip;]","og_url":"https:\/\/radioljubuski.ba\/index.php\/2021\/11\/09\/jablanica-prohodna-konjic-jos-ceka-pomoc-oruzanih-snaga\/","og_site_name":"RADIO LJUBU\u0160KI","article_publisher":"https:\/\/www.facebook.com\/Radiio-Ljubuski-1490835324566332","article_published_time":"2021-11-09T09:42:02+00:00","article_modified_time":"2021-11-09T09:42:03+00:00","og_image":[{"width":1000,"height":625,"url":"https:\/\/radioljubuski.ba\/wp-content\/uploads\/2021\/11\/8-2021-11-06-16-29-29-konjic2-1.jpeg","type":"image\/jpeg"}],"author":"Radio Ljubu\u0161ki","twitter_card":"summary_large_image","twitter_creator":"@radioljubuski","twitter_site":"@radioljubuski","twitter_misc":{"Napisao\/la":"Radio Ljubu\u0161ki","Procijenjeno vrijeme \u010ditanja":"1 minuta"},"schema":{"@context":"https:\/\/schema.org","@graph":[{"@type":"Article","@id":"https:\/\/radioljubuski.ba\/index.php\/2021\/11\/09\/jablanica-prohodna-konjic-jos-ceka-pomoc-oruzanih-snaga\/#article","isPartOf":{"@id":"https:\/\/radioljubuski.ba\/index.php\/2021\/11\/09\/jablanica-prohodna-konjic-jos-ceka-pomoc-oruzanih-snaga\/"},"author":{"name":"Radio Ljubu\u0161ki","@id":"https:\/\/radioljubuski.ba\/#\/schema\/person\/19fc700381a780f69665d7956c469e3b"},"headline":"Jablanica prohodna, Konjic jo\u0161 \u010deka pomo\u0107 Oru\u017eanih snaga","datePublished":"2021-11-09T09:42:02+00:00","dateModified":"2021-11-09T09:42:03+00:00","mainEntityOfPage":{"@id":"https:\/\/radioljubuski.ba\/index.php\/2021\/11\/09\/jablanica-prohodna-konjic-jos-ceka-pomoc-oruzanih-snaga\/"},"wordCount":265,"publisher":{"@id":"https:\/\/radioljubuski.ba\/#organization"},"image":{"@id":"https:\/\/radioljubuski.ba\/index.php\/2021\/11\/09\/jablanica-prohodna-konjic-jos-ceka-pomoc-oruzanih-snaga\/#primaryimage"},"thumbnailUrl":"https:\/\/radioljubuski.ba\/wp-content\/uploads\/2021\/11\/8-2021-11-06-16-29-29-konjic2-1.jpeg","articleSection":["BIH i regija"],"inLanguage":"hr"},{"@type":"WebPage","@id":"https:\/\/radioljubuski.ba\/index.php\/2021\/11\/09\/jablanica-prohodna-konjic-jos-ceka-pomoc-oruzanih-snaga\/","url":"https:\/\/radioljubuski.ba\/index.php\/2021\/11\/09\/jablanica-prohodna-konjic-jos-ceka-pomoc-oruzanih-snaga\/","name":"Jablanica prohodna, Konjic jo\u0161 \u010deka pomo\u0107 Oru\u017eanih snaga - RADIO LJUBU\u0160KI","isPartOf":{"@id":"https:\/\/radioljubuski.ba\/#website"},"primaryImageOfPage":{"@id":"https:\/\/radioljubuski.ba\/index.php\/2021\/11\/09\/jablanica-prohodna-konjic-jos-ceka-pomoc-oruzanih-snaga\/#primaryimage"},"image":{"@id":"https:\/\/radioljubuski.ba\/index.php\/2021\/11\/09\/jablanica-prohodna-konjic-jos-ceka-pomoc-oruzanih-snaga\/#primaryimage"},"thumbnailUrl":"https:\/\/radioljubuski.ba\/wp-content\/uploads\/2021\/11\/8-2021-11-06-16-29-29-konjic2-1.jpeg","datePublished":"2021-11-09T09:42:02+00:00","dateModified":"2021-11-09T09:42:03+00:00","breadcrumb":{"@id":"https:\/\/radioljubuski.ba\/index.php\/2021\/11\/09\/jablanica-prohodna-konjic-jos-ceka-pomoc-oruzanih-snaga\/#breadcrumb"},"inLanguage":"hr","potentialAction":[{"@type":"ReadAction","target":["https:\/\/radioljubuski.ba\/index.php\/2021\/11\/09\/jablanica-prohodna-konjic-jos-ceka-pomoc-oruzanih-snaga\/"]}]},{"@type":"ImageObject","inLanguage":"hr","@id":"https:\/\/radioljubuski.ba\/index.php\/2021\/11\/09\/jablanica-prohodna-konjic-jos-ceka-pomoc-oruzanih-snaga\/#primaryimage","url":"https:\/\/radioljubuski.ba\/wp-content\/uploads\/2021\/11\/8-2021-11-06-16-29-29-konjic2-1.jpeg","contentUrl":"https:\/\/radioljubuski.ba\/wp-content\/uploads\/2021\/11\/8-2021-11-06-16-29-29-konjic2-1.jpeg","width":1000,"height":625},{"@type":"BreadcrumbList","@id":"https:\/\/radioljubuski.ba\/index.php\/2021\/11\/09\/jablanica-prohodna-konjic-jos-ceka-pomoc-oruzanih-snaga\/#breadcrumb","itemListElement":[{"@type":"ListItem","position":1,"name":"Po\u010detna stranica","item":"https:\/\/radioljubuski.ba\/"},{"@type":"ListItem","position":2,"name":"Jablanica prohodna, Konjic jo\u0161 \u010deka pomo\u0107 Oru\u017eanih snaga"}]},{"@type":"WebSite","@id":"https:\/\/radioljubuski.ba\/#website","url":"https:\/\/radioljubuski.ba\/","name":"Radio Ljubu\u0161ki","description":"Sun\u010dana frekvencija Hercegovine","publisher":{"@id":"https:\/\/radioljubuski.ba\/#organization"},"potentialAction":[{"@type":"SearchAction","target":{"@type":"EntryPoint","urlTemplate":"https:\/\/radioljubuski.ba\/?s={search_term_string}"},"query-input":{"@type":"PropertyValueSpecification","valueRequired":true,"valueName":"search_term_string"}}],"inLanguage":"hr"},{"@type":"Organization","@id":"https:\/\/radioljubuski.ba\/#organization","name":"Radio Ljubu\u0161ki","url":"https:\/\/radioljubuski.ba\/","logo":{"@type":"ImageObject","inLanguage":"hr","@id":"https:\/\/radioljubuski.ba\/#\/schema\/logo\/image\/","url":"https:\/\/radioljubuski.ba\/wp-content\/uploads\/2021\/02\/cropped-Radio_Ljubuski_logo1.jpg","contentUrl":"https:\/\/radioljubuski.ba\/wp-content\/uploads\/2021\/02\/cropped-Radio_Ljubuski_logo1.jpg","width":512,"height":512,"caption":"Radio Ljubu\u0161ki"},"image":{"@id":"https:\/\/radioljubuski.ba\/#\/schema\/logo\/image\/"},"sameAs":["https:\/\/www.facebook.com\/Radiio-Ljubuski-1490835324566332","https:\/\/x.com\/radioljubuski","https:\/\/hr.linkedin.com\/company\/radio-ljubuski","https:\/\/www.youtube.com\/channel\/UCHYaeO_n0Db3tjNGudGpXyw"]},{"@type":"Person","@id":"https:\/\/radioljubuski.ba\/#\/schema\/person\/19fc700381a780f69665d7956c469e3b","name":"Radio Ljubu\u0161ki"}]}},"_links":{"self":[{"href":"https:\/\/radioljubuski.ba\/index.php\/wp-json\/wp\/v2\/posts\/86796","targetHints":{"allow":["GET"]}}],"collection":[{"href":"https:\/\/radioljubuski.ba\/index.php\/wp-json\/wp\/v2\/posts"}],"about":[{"href":"https:\/\/radioljubuski.ba\/index.php\/wp-json\/wp\/v2\/types\/post"}],"author":[{"embeddable":true,"href":"https:\/\/radioljubuski.ba\/index.php\/wp-json\/wp\/v2\/users\/2"}],"replies":[{"embeddable":true,"href":"https:\/\/radioljubuski.ba\/index.php\/wp-json\/wp\/v2\/comments?post=86796"}],"version-history":[{"count":1,"href":"https:\/\/radioljubuski.ba\/index.php\/wp-json\/wp\/v2\/posts\/86796\/revisions"}],"predecessor-version":[{"id":86798,"href":"https:\/\/radioljubuski.ba\/index.php\/wp-json\/wp\/v2\/posts\/86796\/revisions\/86798"}],"wp:featuredmedia":[{"embeddable":true,"href":"https:\/\/radioljubuski.ba\/index.php\/wp-json\/wp\/v2\/media\/86797"}],"wp:attachment":[{"href":"https:\/\/radioljubuski.ba\/index.php\/wp-json\/wp\/v2\/media?parent=86796"}],"wp:term":[{"taxonomy":"category","embeddable":true,"href":"https:\/\/radioljubuski.ba\/index.php\/wp-json\/wp\/v2\/categories?post=86796"},{"taxonomy":"post_tag","embeddable":true,"href":"https:\/\/radioljubuski.ba\/index.php\/wp-json\/wp\/v2\/tags?post=86796"}],"curies":[{"name":"wp","href":"https:\/\/api.w.org\/{rel}","templated":true}]}}