{"id":86816,"date":"2021-11-09T11:15:51","date_gmt":"2021-11-09T10:15:51","guid":{"rendered":"https:\/\/radioljubuski.ba\/?p=86816"},"modified":"2021-11-09T11:15:51","modified_gmt":"2021-11-09T10:15:51","slug":"izetbegovic-kaze-kako-nije-lider-bosnjaka-a-kod-erdogana-je-isao-da-utjece-na-srpsku-stranu","status":"publish","type":"post","link":"https:\/\/radioljubuski.ba\/index.php\/2021\/11\/09\/izetbegovic-kaze-kako-nije-lider-bosnjaka-a-kod-erdogana-je-isao-da-utjece-na-srpsku-stranu\/","title":{"rendered":"Izetbegovi\u0107 ka\u017ee kako nije lider Bo\u0161njaka, a kod Erdogana je i\u0161ao da utje\u010de na srpsku stranu"},"content":{"rendered":"\n<p><strong>Predsjednik SDA i dopredsjedavaju\u0107i Doma naroda Parlamentarne skup\u0161tine Bosne i Hercegovine Bakir Izetbegovi\u0107 izjavio je za N1 da je na sastanku s predsjednikom Turske Recepom Tayyipom Erdoganom razgovarao \u201co svemu\u201d, odnosno o cijeloj situaciji u Bosni i Hercegovini te da je sastanak trajao dva sata.<\/strong><\/p>\n\n\n\n<p>\u201cErdogan ima dobre odnose s Vu\u010di\u0107em pa i s Dodikom i on je \u010dovjek kojem to polazi za rukom te to treba iskoristiti. Umjesto da pravimo probleme koji \u0107e da otjeraju djecu iz ove zemlje i Balkana, hajde da pravimo normalniju dr\u017eavu, da pravimo autoput Sarajevo \u2013 Beograd, da radimo razne dobre stvari gdje nam mo\u017ee pomo\u0107i turska strana\u201c, izjavio je Izetbegovi\u0107.<\/p>\n\n\n\n<p>O tome ima li predsjednik Turske ideju kako bi se trenutna kriza mogla prevladati, Izetbegovi\u0107 ka\u017ee da ne treba pristati na ideju Zorana Milanovi\u0107a o \u201ctri velika brata\u201d.<\/p>\n\n\n\n<p>\u201cVidite, pozvani su bili, a mislim da je to bila ideja Zorana Milanovi\u0107a, tri predstavnika tri naroda u BiH, pa uzmi i \u2018tri velika brata\u2019. Na to ne treba pristati. Ja nisam na to pristao. Ova zemlja ima svoje institucije. Ja nisam bo\u0161nja\u010dki predstavnik, ja sam predstavnik jedne stranke. Ne \u017eelim da Bosnu i Hercegovinu na takav na\u010din tretiraju\u201c, istakao je Izetbegovi\u0107.<\/p>\n\n\n\n<p>\u201cErdogan je pitao je li istina da nisam zainteresiran za tu stvar, ja sam rekao da jeste. Pa \u0161ta mo\u017eemo pomo\u0107i, upitao je. Ja sam rekao da je on (Erdogan) dobar sa srpskom stranom i naravno jako dobar sa bo\u0161nja\u010dkom. Da mo\u017ee u\u0107i u taj problem pa nam poku\u0161ati ukazati iz daljine na neku mogu\u0107nost, jer Erdogan je genijalac. Od jednog neuglednog orijentalnog grada on je napravio moderni, savr\u0161eno ure\u0111eni Istanbul. Od jedne neuredne ekonomije napravio je jednu od najboljih ekonomija na svijetu. On je \u010dovjek koji zna prepoznati i njegovi suradnici \u0107e u\u0107i u ovaj odnos u BiH, upoznat \u0107e ga sa svime i mo\u017eda i on mogne iz daljine, a sa svojim iskustvom prepoznati ono \u0161to mi ovdje ne vidimo, jer su nam drveta pred nosom, \u0161to se ka\u017ee\u201c, rekao je lider SDA i dopredsjedavaju\u0107i Doma naroda Parlamentarne skup\u0161tine BiH za N1.<\/p>\n\n\n\n<p>\/HMS\/<\/p>\n","protected":false},"excerpt":{"rendered":"<p>Predsjednik SDA i dopredsjedavaju\u0107i Doma naroda Parlamentarne skup\u0161tine Bosne i Hercegovine Bakir Izetbegovi\u0107 izjavio je za N1 da je na sastanku s predsjednikom Turske Recepom Tayyipom Erdoganom razgovarao \u201co svemu\u201d, odnosno o cijeloj situaciji u Bosni i Hercegovini te da je sastanak trajao dva sata. \u201cErdogan ima dobre odnose s Vu\u010di\u0107em pa i s Dodikom [&hellip;]<\/p>\n","protected":false},"author":2,"featured_media":86817,"comment_status":"closed","ping_status":"closed","sticky":false,"template":"","format":"standard","meta":{"h5ap_radio_sources":[],"footnotes":""},"categories":[1],"tags":[],"class_list":["post-86816","post","type-post","status-publish","format-standard","has-post-thumbnail","hentry","category-bihiregija"],"yoast_head":"<!-- This site is optimized with the Yoast SEO plugin v27.5 - https:\/\/yoast.com\/product\/yoast-seo-wordpress\/ -->\n<title>Izetbegovi\u0107 ka\u017ee kako nije lider Bo\u0161njaka, a kod Erdogana je i\u0161ao da utje\u010de na srpsku stranu - RADIO LJUBU\u0160KI<\/title>\n<meta name=\"robots\" content=\"index, follow, max-snippet:-1, max-image-preview:large, max-video-preview:-1\" \/>\n<link rel=\"canonical\" href=\"https:\/\/radioljubuski.ba\/index.php\/2021\/11\/09\/izetbegovic-kaze-kako-nije-lider-bosnjaka-a-kod-erdogana-je-isao-da-utjece-na-srpsku-stranu\/\" \/>\n<meta property=\"og:locale\" content=\"hr_HR\" \/>\n<meta property=\"og:type\" content=\"article\" \/>\n<meta property=\"og:title\" content=\"Izetbegovi\u0107 ka\u017ee kako nije lider Bo\u0161njaka, a kod Erdogana je i\u0161ao da utje\u010de na srpsku stranu - RADIO LJUBU\u0160KI\" \/>\n<meta property=\"og:description\" content=\"Predsjednik SDA i dopredsjedavaju\u0107i Doma naroda Parlamentarne skup\u0161tine Bosne i Hercegovine Bakir Izetbegovi\u0107 izjavio je za N1 da je na sastanku s predsjednikom Turske Recepom Tayyipom Erdoganom razgovarao \u201co svemu\u201d, odnosno o cijeloj situaciji u Bosni i Hercegovini te da je sastanak trajao dva sata. \u201cErdogan ima dobre odnose s Vu\u010di\u0107em pa i s Dodikom [&hellip;]\" \/>\n<meta property=\"og:url\" content=\"https:\/\/radioljubuski.ba\/index.php\/2021\/11\/09\/izetbegovic-kaze-kako-nije-lider-bosnjaka-a-kod-erdogana-je-isao-da-utjece-na-srpsku-stranu\/\" \/>\n<meta property=\"og:site_name\" content=\"RADIO LJUBU\u0160KI\" \/>\n<meta property=\"article:publisher\" content=\"https:\/\/www.facebook.com\/Radiio-Ljubuski-1490835324566332\" \/>\n<meta property=\"article:published_time\" content=\"2021-11-09T10:15:51+00:00\" \/>\n<meta property=\"og:image\" content=\"https:\/\/radioljubuski.ba\/wp-content\/uploads\/2021\/11\/izetbegovic-rtl.jpg\" \/>\n\t<meta property=\"og:image:width\" content=\"1024\" \/>\n\t<meta property=\"og:image:height\" content=\"683\" \/>\n\t<meta property=\"og:image:type\" content=\"image\/jpeg\" \/>\n<meta name=\"author\" content=\"Radio Ljubu\u0161ki\" \/>\n<meta name=\"twitter:card\" content=\"summary_large_image\" \/>\n<meta name=\"twitter:creator\" content=\"@radioljubuski\" \/>\n<meta name=\"twitter:site\" content=\"@radioljubuski\" \/>\n<meta name=\"twitter:label1\" content=\"Napisao\/la\" \/>\n\t<meta name=\"twitter:data1\" content=\"Radio Ljubu\u0161ki\" \/>\n\t<meta name=\"twitter:label2\" content=\"Procijenjeno vrijeme \u010ditanja\" \/>\n\t<meta name=\"twitter:data2\" content=\"2 minute\" \/>\n<script type=\"application\/ld+json\" class=\"yoast-schema-graph\">{\"@context\":\"https:\\\/\\\/schema.org\",\"@graph\":[{\"@type\":\"Article\",\"@id\":\"https:\\\/\\\/radioljubuski.ba\\\/index.php\\\/2021\\\/11\\\/09\\\/izetbegovic-kaze-kako-nije-lider-bosnjaka-a-kod-erdogana-je-isao-da-utjece-na-srpsku-stranu\\\/#article\",\"isPartOf\":{\"@id\":\"https:\\\/\\\/radioljubuski.ba\\\/index.php\\\/2021\\\/11\\\/09\\\/izetbegovic-kaze-kako-nije-lider-bosnjaka-a-kod-erdogana-je-isao-da-utjece-na-srpsku-stranu\\\/\"},\"author\":{\"name\":\"Radio Ljubu\u0161ki\",\"@id\":\"https:\\\/\\\/radioljubuski.ba\\\/#\\\/schema\\\/person\\\/19fc700381a780f69665d7956c469e3b\"},\"headline\":\"Izetbegovi\u0107 ka\u017ee kako nije lider Bo\u0161njaka, a kod Erdogana je i\u0161ao da utje\u010de na srpsku stranu\",\"datePublished\":\"2021-11-09T10:15:51+00:00\",\"mainEntityOfPage\":{\"@id\":\"https:\\\/\\\/radioljubuski.ba\\\/index.php\\\/2021\\\/11\\\/09\\\/izetbegovic-kaze-kako-nije-lider-bosnjaka-a-kod-erdogana-je-isao-da-utjece-na-srpsku-stranu\\\/\"},\"wordCount\":389,\"publisher\":{\"@id\":\"https:\\\/\\\/radioljubuski.ba\\\/#organization\"},\"image\":{\"@id\":\"https:\\\/\\\/radioljubuski.ba\\\/index.php\\\/2021\\\/11\\\/09\\\/izetbegovic-kaze-kako-nije-lider-bosnjaka-a-kod-erdogana-je-isao-da-utjece-na-srpsku-stranu\\\/#primaryimage\"},\"thumbnailUrl\":\"https:\\\/\\\/radioljubuski.ba\\\/wp-content\\\/uploads\\\/2021\\\/11\\\/izetbegovic-rtl.jpg\",\"articleSection\":[\"BIH i regija\"],\"inLanguage\":\"hr\"},{\"@type\":\"WebPage\",\"@id\":\"https:\\\/\\\/radioljubuski.ba\\\/index.php\\\/2021\\\/11\\\/09\\\/izetbegovic-kaze-kako-nije-lider-bosnjaka-a-kod-erdogana-je-isao-da-utjece-na-srpsku-stranu\\\/\",\"url\":\"https:\\\/\\\/radioljubuski.ba\\\/index.php\\\/2021\\\/11\\\/09\\\/izetbegovic-kaze-kako-nije-lider-bosnjaka-a-kod-erdogana-je-isao-da-utjece-na-srpsku-stranu\\\/\",\"name\":\"Izetbegovi\u0107 ka\u017ee kako nije lider Bo\u0161njaka, a kod Erdogana je i\u0161ao da utje\u010de na srpsku stranu - RADIO LJUBU\u0160KI\",\"isPartOf\":{\"@id\":\"https:\\\/\\\/radioljubuski.ba\\\/#website\"},\"primaryImageOfPage\":{\"@id\":\"https:\\\/\\\/radioljubuski.ba\\\/index.php\\\/2021\\\/11\\\/09\\\/izetbegovic-kaze-kako-nije-lider-bosnjaka-a-kod-erdogana-je-isao-da-utjece-na-srpsku-stranu\\\/#primaryimage\"},\"image\":{\"@id\":\"https:\\\/\\\/radioljubuski.ba\\\/index.php\\\/2021\\\/11\\\/09\\\/izetbegovic-kaze-kako-nije-lider-bosnjaka-a-kod-erdogana-je-isao-da-utjece-na-srpsku-stranu\\\/#primaryimage\"},\"thumbnailUrl\":\"https:\\\/\\\/radioljubuski.ba\\\/wp-content\\\/uploads\\\/2021\\\/11\\\/izetbegovic-rtl.jpg\",\"datePublished\":\"2021-11-09T10:15:51+00:00\",\"breadcrumb\":{\"@id\":\"https:\\\/\\\/radioljubuski.ba\\\/index.php\\\/2021\\\/11\\\/09\\\/izetbegovic-kaze-kako-nije-lider-bosnjaka-a-kod-erdogana-je-isao-da-utjece-na-srpsku-stranu\\\/#breadcrumb\"},\"inLanguage\":\"hr\",\"potentialAction\":[{\"@type\":\"ReadAction\",\"target\":[\"https:\\\/\\\/radioljubuski.ba\\\/index.php\\\/2021\\\/11\\\/09\\\/izetbegovic-kaze-kako-nije-lider-bosnjaka-a-kod-erdogana-je-isao-da-utjece-na-srpsku-stranu\\\/\"]}]},{\"@type\":\"ImageObject\",\"inLanguage\":\"hr\",\"@id\":\"https:\\\/\\\/radioljubuski.ba\\\/index.php\\\/2021\\\/11\\\/09\\\/izetbegovic-kaze-kako-nije-lider-bosnjaka-a-kod-erdogana-je-isao-da-utjece-na-srpsku-stranu\\\/#primaryimage\",\"url\":\"https:\\\/\\\/radioljubuski.ba\\\/wp-content\\\/uploads\\\/2021\\\/11\\\/izetbegovic-rtl.jpg\",\"contentUrl\":\"https:\\\/\\\/radioljubuski.ba\\\/wp-content\\\/uploads\\\/2021\\\/11\\\/izetbegovic-rtl.jpg\",\"width\":1024,\"height\":683},{\"@type\":\"BreadcrumbList\",\"@id\":\"https:\\\/\\\/radioljubuski.ba\\\/index.php\\\/2021\\\/11\\\/09\\\/izetbegovic-kaze-kako-nije-lider-bosnjaka-a-kod-erdogana-je-isao-da-utjece-na-srpsku-stranu\\\/#breadcrumb\",\"itemListElement\":[{\"@type\":\"ListItem\",\"position\":1,\"name\":\"Po\u010detna stranica\",\"item\":\"https:\\\/\\\/radioljubuski.ba\\\/\"},{\"@type\":\"ListItem\",\"position\":2,\"name\":\"Izetbegovi\u0107 ka\u017ee kako nije lider Bo\u0161njaka, a kod Erdogana je i\u0161ao da utje\u010de na srpsku stranu\"}]},{\"@type\":\"WebSite\",\"@id\":\"https:\\\/\\\/radioljubuski.ba\\\/#website\",\"url\":\"https:\\\/\\\/radioljubuski.ba\\\/\",\"name\":\"Radio Ljubu\u0161ki\",\"description\":\"Sun\u010dana frekvencija Hercegovine\",\"publisher\":{\"@id\":\"https:\\\/\\\/radioljubuski.ba\\\/#organization\"},\"potentialAction\":[{\"@type\":\"SearchAction\",\"target\":{\"@type\":\"EntryPoint\",\"urlTemplate\":\"https:\\\/\\\/radioljubuski.ba\\\/?s={search_term_string}\"},\"query-input\":{\"@type\":\"PropertyValueSpecification\",\"valueRequired\":true,\"valueName\":\"search_term_string\"}}],\"inLanguage\":\"hr\"},{\"@type\":\"Organization\",\"@id\":\"https:\\\/\\\/radioljubuski.ba\\\/#organization\",\"name\":\"Radio Ljubu\u0161ki\",\"url\":\"https:\\\/\\\/radioljubuski.ba\\\/\",\"logo\":{\"@type\":\"ImageObject\",\"inLanguage\":\"hr\",\"@id\":\"https:\\\/\\\/radioljubuski.ba\\\/#\\\/schema\\\/logo\\\/image\\\/\",\"url\":\"https:\\\/\\\/radioljubuski.ba\\\/wp-content\\\/uploads\\\/2021\\\/02\\\/cropped-Radio_Ljubuski_logo1.jpg\",\"contentUrl\":\"https:\\\/\\\/radioljubuski.ba\\\/wp-content\\\/uploads\\\/2021\\\/02\\\/cropped-Radio_Ljubuski_logo1.jpg\",\"width\":512,\"height\":512,\"caption\":\"Radio Ljubu\u0161ki\"},\"image\":{\"@id\":\"https:\\\/\\\/radioljubuski.ba\\\/#\\\/schema\\\/logo\\\/image\\\/\"},\"sameAs\":[\"https:\\\/\\\/www.facebook.com\\\/Radiio-Ljubuski-1490835324566332\",\"https:\\\/\\\/x.com\\\/radioljubuski\",\"https:\\\/\\\/hr.linkedin.com\\\/company\\\/radio-ljubuski\",\"https:\\\/\\\/www.youtube.com\\\/channel\\\/UCHYaeO_n0Db3tjNGudGpXyw\"]},{\"@type\":\"Person\",\"@id\":\"https:\\\/\\\/radioljubuski.ba\\\/#\\\/schema\\\/person\\\/19fc700381a780f69665d7956c469e3b\",\"name\":\"Radio Ljubu\u0161ki\"}]}<\/script>\n<!-- \/ Yoast SEO plugin. -->","yoast_head_json":{"title":"Izetbegovi\u0107 ka\u017ee kako nije lider Bo\u0161njaka, a kod Erdogana je i\u0161ao da utje\u010de na srpsku stranu - RADIO LJUBU\u0160KI","robots":{"index":"index","follow":"follow","max-snippet":"max-snippet:-1","max-image-preview":"max-image-preview:large","max-video-preview":"max-video-preview:-1"},"canonical":"https:\/\/radioljubuski.ba\/index.php\/2021\/11\/09\/izetbegovic-kaze-kako-nije-lider-bosnjaka-a-kod-erdogana-je-isao-da-utjece-na-srpsku-stranu\/","og_locale":"hr_HR","og_type":"article","og_title":"Izetbegovi\u0107 ka\u017ee kako nije lider Bo\u0161njaka, a kod Erdogana je i\u0161ao da utje\u010de na srpsku stranu - RADIO LJUBU\u0160KI","og_description":"Predsjednik SDA i dopredsjedavaju\u0107i Doma naroda Parlamentarne skup\u0161tine Bosne i Hercegovine Bakir Izetbegovi\u0107 izjavio je za N1 da je na sastanku s predsjednikom Turske Recepom Tayyipom Erdoganom razgovarao \u201co svemu\u201d, odnosno o cijeloj situaciji u Bosni i Hercegovini te da je sastanak trajao dva sata. \u201cErdogan ima dobre odnose s Vu\u010di\u0107em pa i s Dodikom [&hellip;]","og_url":"https:\/\/radioljubuski.ba\/index.php\/2021\/11\/09\/izetbegovic-kaze-kako-nije-lider-bosnjaka-a-kod-erdogana-je-isao-da-utjece-na-srpsku-stranu\/","og_site_name":"RADIO LJUBU\u0160KI","article_publisher":"https:\/\/www.facebook.com\/Radiio-Ljubuski-1490835324566332","article_published_time":"2021-11-09T10:15:51+00:00","og_image":[{"width":1024,"height":683,"url":"https:\/\/radioljubuski.ba\/wp-content\/uploads\/2021\/11\/izetbegovic-rtl.jpg","type":"image\/jpeg"}],"author":"Radio Ljubu\u0161ki","twitter_card":"summary_large_image","twitter_creator":"@radioljubuski","twitter_site":"@radioljubuski","twitter_misc":{"Napisao\/la":"Radio Ljubu\u0161ki","Procijenjeno vrijeme \u010ditanja":"2 minute"},"schema":{"@context":"https:\/\/schema.org","@graph":[{"@type":"Article","@id":"https:\/\/radioljubuski.ba\/index.php\/2021\/11\/09\/izetbegovic-kaze-kako-nije-lider-bosnjaka-a-kod-erdogana-je-isao-da-utjece-na-srpsku-stranu\/#article","isPartOf":{"@id":"https:\/\/radioljubuski.ba\/index.php\/2021\/11\/09\/izetbegovic-kaze-kako-nije-lider-bosnjaka-a-kod-erdogana-je-isao-da-utjece-na-srpsku-stranu\/"},"author":{"name":"Radio Ljubu\u0161ki","@id":"https:\/\/radioljubuski.ba\/#\/schema\/person\/19fc700381a780f69665d7956c469e3b"},"headline":"Izetbegovi\u0107 ka\u017ee kako nije lider Bo\u0161njaka, a kod Erdogana je i\u0161ao da utje\u010de na srpsku stranu","datePublished":"2021-11-09T10:15:51+00:00","mainEntityOfPage":{"@id":"https:\/\/radioljubuski.ba\/index.php\/2021\/11\/09\/izetbegovic-kaze-kako-nije-lider-bosnjaka-a-kod-erdogana-je-isao-da-utjece-na-srpsku-stranu\/"},"wordCount":389,"publisher":{"@id":"https:\/\/radioljubuski.ba\/#organization"},"image":{"@id":"https:\/\/radioljubuski.ba\/index.php\/2021\/11\/09\/izetbegovic-kaze-kako-nije-lider-bosnjaka-a-kod-erdogana-je-isao-da-utjece-na-srpsku-stranu\/#primaryimage"},"thumbnailUrl":"https:\/\/radioljubuski.ba\/wp-content\/uploads\/2021\/11\/izetbegovic-rtl.jpg","articleSection":["BIH i regija"],"inLanguage":"hr"},{"@type":"WebPage","@id":"https:\/\/radioljubuski.ba\/index.php\/2021\/11\/09\/izetbegovic-kaze-kako-nije-lider-bosnjaka-a-kod-erdogana-je-isao-da-utjece-na-srpsku-stranu\/","url":"https:\/\/radioljubuski.ba\/index.php\/2021\/11\/09\/izetbegovic-kaze-kako-nije-lider-bosnjaka-a-kod-erdogana-je-isao-da-utjece-na-srpsku-stranu\/","name":"Izetbegovi\u0107 ka\u017ee kako nije lider Bo\u0161njaka, a kod Erdogana je i\u0161ao da utje\u010de na srpsku stranu - RADIO LJUBU\u0160KI","isPartOf":{"@id":"https:\/\/radioljubuski.ba\/#website"},"primaryImageOfPage":{"@id":"https:\/\/radioljubuski.ba\/index.php\/2021\/11\/09\/izetbegovic-kaze-kako-nije-lider-bosnjaka-a-kod-erdogana-je-isao-da-utjece-na-srpsku-stranu\/#primaryimage"},"image":{"@id":"https:\/\/radioljubuski.ba\/index.php\/2021\/11\/09\/izetbegovic-kaze-kako-nije-lider-bosnjaka-a-kod-erdogana-je-isao-da-utjece-na-srpsku-stranu\/#primaryimage"},"thumbnailUrl":"https:\/\/radioljubuski.ba\/wp-content\/uploads\/2021\/11\/izetbegovic-rtl.jpg","datePublished":"2021-11-09T10:15:51+00:00","breadcrumb":{"@id":"https:\/\/radioljubuski.ba\/index.php\/2021\/11\/09\/izetbegovic-kaze-kako-nije-lider-bosnjaka-a-kod-erdogana-je-isao-da-utjece-na-srpsku-stranu\/#breadcrumb"},"inLanguage":"hr","potentialAction":[{"@type":"ReadAction","target":["https:\/\/radioljubuski.ba\/index.php\/2021\/11\/09\/izetbegovic-kaze-kako-nije-lider-bosnjaka-a-kod-erdogana-je-isao-da-utjece-na-srpsku-stranu\/"]}]},{"@type":"ImageObject","inLanguage":"hr","@id":"https:\/\/radioljubuski.ba\/index.php\/2021\/11\/09\/izetbegovic-kaze-kako-nije-lider-bosnjaka-a-kod-erdogana-je-isao-da-utjece-na-srpsku-stranu\/#primaryimage","url":"https:\/\/radioljubuski.ba\/wp-content\/uploads\/2021\/11\/izetbegovic-rtl.jpg","contentUrl":"https:\/\/radioljubuski.ba\/wp-content\/uploads\/2021\/11\/izetbegovic-rtl.jpg","width":1024,"height":683},{"@type":"BreadcrumbList","@id":"https:\/\/radioljubuski.ba\/index.php\/2021\/11\/09\/izetbegovic-kaze-kako-nije-lider-bosnjaka-a-kod-erdogana-je-isao-da-utjece-na-srpsku-stranu\/#breadcrumb","itemListElement":[{"@type":"ListItem","position":1,"name":"Po\u010detna stranica","item":"https:\/\/radioljubuski.ba\/"},{"@type":"ListItem","position":2,"name":"Izetbegovi\u0107 ka\u017ee kako nije lider Bo\u0161njaka, a kod Erdogana je i\u0161ao da utje\u010de na srpsku stranu"}]},{"@type":"WebSite","@id":"https:\/\/radioljubuski.ba\/#website","url":"https:\/\/radioljubuski.ba\/","name":"Radio Ljubu\u0161ki","description":"Sun\u010dana frekvencija Hercegovine","publisher":{"@id":"https:\/\/radioljubuski.ba\/#organization"},"potentialAction":[{"@type":"SearchAction","target":{"@type":"EntryPoint","urlTemplate":"https:\/\/radioljubuski.ba\/?s={search_term_string}"},"query-input":{"@type":"PropertyValueSpecification","valueRequired":true,"valueName":"search_term_string"}}],"inLanguage":"hr"},{"@type":"Organization","@id":"https:\/\/radioljubuski.ba\/#organization","name":"Radio Ljubu\u0161ki","url":"https:\/\/radioljubuski.ba\/","logo":{"@type":"ImageObject","inLanguage":"hr","@id":"https:\/\/radioljubuski.ba\/#\/schema\/logo\/image\/","url":"https:\/\/radioljubuski.ba\/wp-content\/uploads\/2021\/02\/cropped-Radio_Ljubuski_logo1.jpg","contentUrl":"https:\/\/radioljubuski.ba\/wp-content\/uploads\/2021\/02\/cropped-Radio_Ljubuski_logo1.jpg","width":512,"height":512,"caption":"Radio Ljubu\u0161ki"},"image":{"@id":"https:\/\/radioljubuski.ba\/#\/schema\/logo\/image\/"},"sameAs":["https:\/\/www.facebook.com\/Radiio-Ljubuski-1490835324566332","https:\/\/x.com\/radioljubuski","https:\/\/hr.linkedin.com\/company\/radio-ljubuski","https:\/\/www.youtube.com\/channel\/UCHYaeO_n0Db3tjNGudGpXyw"]},{"@type":"Person","@id":"https:\/\/radioljubuski.ba\/#\/schema\/person\/19fc700381a780f69665d7956c469e3b","name":"Radio Ljubu\u0161ki"}]}},"_links":{"self":[{"href":"https:\/\/radioljubuski.ba\/index.php\/wp-json\/wp\/v2\/posts\/86816","targetHints":{"allow":["GET"]}}],"collection":[{"href":"https:\/\/radioljubuski.ba\/index.php\/wp-json\/wp\/v2\/posts"}],"about":[{"href":"https:\/\/radioljubuski.ba\/index.php\/wp-json\/wp\/v2\/types\/post"}],"author":[{"embeddable":true,"href":"https:\/\/radioljubuski.ba\/index.php\/wp-json\/wp\/v2\/users\/2"}],"replies":[{"embeddable":true,"href":"https:\/\/radioljubuski.ba\/index.php\/wp-json\/wp\/v2\/comments?post=86816"}],"version-history":[{"count":1,"href":"https:\/\/radioljubuski.ba\/index.php\/wp-json\/wp\/v2\/posts\/86816\/revisions"}],"predecessor-version":[{"id":86818,"href":"https:\/\/radioljubuski.ba\/index.php\/wp-json\/wp\/v2\/posts\/86816\/revisions\/86818"}],"wp:featuredmedia":[{"embeddable":true,"href":"https:\/\/radioljubuski.ba\/index.php\/wp-json\/wp\/v2\/media\/86817"}],"wp:attachment":[{"href":"https:\/\/radioljubuski.ba\/index.php\/wp-json\/wp\/v2\/media?parent=86816"}],"wp:term":[{"taxonomy":"category","embeddable":true,"href":"https:\/\/radioljubuski.ba\/index.php\/wp-json\/wp\/v2\/categories?post=86816"},{"taxonomy":"post_tag","embeddable":true,"href":"https:\/\/radioljubuski.ba\/index.php\/wp-json\/wp\/v2\/tags?post=86816"}],"curies":[{"name":"wp","href":"https:\/\/api.w.org\/{rel}","templated":true}]}}