{"id":86834,"date":"2021-11-09T11:25:54","date_gmt":"2021-11-09T10:25:54","guid":{"rendered":"https:\/\/radioljubuski.ba\/?p=86834"},"modified":"2021-11-09T11:25:55","modified_gmt":"2021-11-09T10:25:55","slug":"evo-sto-stoji-u-zapovjedi-arifa-pasalica-o-rusenju-starog-mosta","status":"publish","type":"post","link":"https:\/\/radioljubuski.ba\/index.php\/2021\/11\/09\/evo-sto-stoji-u-zapovjedi-arifa-pasalica-o-rusenju-starog-mosta\/","title":{"rendered":"Evo \u0161to stoji u zapovjedi Arifa Pa\u0161ali\u0107a o ru\u0161enju Starog mosta"},"content":{"rendered":"\n<p><strong>Svake, poratne, godine, na dana\u0161nji dan u isto\u010dnom Mostaru obilje\u017eava se godi\u0161njica ru\u0161enja Starog mosta i svake godine ponavljaju iste la\u017ei, kojima se Hrvatima i HVO-u \u017eeli imputirati fa\u0161izam, a ARBiH i ratno bo\u0161nja\u010dko vojno i politi\u010dko vodstvo prikazati kao \u017ertve i borce protiv fa\u0161izma.<\/strong><\/p>\n\n\n\n<p>\u201cProjektilom s polo\u017eaja HVO-a 9. studenog 1993. sru\u0161en je Stari most, taj simbol Mostara, simbol mira i povezivanja ljudi\u201d, tako naj\u010de\u0161\u0107e po\u010dinju izvje\u0161taji sarajevskih medija o obilje\u017eavanju ru\u0161enja Starog mosta, pi\u0161e Hrvatski Medijski Servis.<\/p>\n\n\n\n<p>Oni koji za sebe tvrde kako su na strani istine, koji donose objektivne, to\u010dne, provjerene informacije \u010dini se kako istina ba\u0161 i ne zanima, jer da jeste onda bi objavili i javno dostupan dokument- zapovijed zapovjednika IV korpusa tzv. Armije RBiH koja pokazuje i dokazuje da je Stari most (s)ru\u0161ila i Armija RBiH.<\/p>\n\n\n\n<p><strong>Stari most je izgra\u0111en za potrebe osmanlijskih osvajanja<\/strong><\/p>\n\n\n\n<p>Stari most sagra\u0111en je po naredbi turskog sultana Sulejmana 1566. ne kao neko umjetni\u010dko djelo, simbol mira i pomirenja, razvoja trgovine, slobodnog kretanja ljudi, ve\u0107 kao vojni objekt. Trebalo je premostiti Neretvu kako bi osmanlijska vojska nastavila napredovati u svom osvaja\u010dkom pohodu prema zapadu.<\/p>\n\n\n\n<p>Stari most, 1993. nije sru\u0161en u miru, ve\u0107 u jeku hrvatsko-bo\u0161nja\u010dkog sukoba u Mostaru, dolini Neretve i Sredi\u0161njoj Bosni. On u to vrijeme, tako\u0111er, nije kori\u0161ten u svrhu pomirenje ljudi, promoviranja mira i kulturno povijesnog naslije\u0111a, ve\u0107 u vojne svrhe, prebacivanje snaga tzv. A RBiH s isto\u010dne na zapadnu obalu Neretve i imao je strate\u0161ki vojni zna\u010daj- te kao takav bio i legitiman vojni cilj. To je zaklju\u010dilo i \u017dalbeno vije\u0107e Ha\u0161kog suda u pravomo\u0107noj presudi \u201chercegbosanskoj \u0161estorki\u201d.<\/p>\n\n\n\n<p><strong>Ha\u0161ki sud o Starom mostu<\/strong><\/p>\n\n\n\n<p>\u201e\u017dalbeno vije\u0107e, uz suprotno mi\u0161ljenje sudca Pocara, konstatira da je Stari most u vrijeme napada predstavljao vojni cilj, da se stoga njegovim razaranjem mogla ostvariti definitivna vojna prednost, te da se stoga to razaranje samo po sebi ne mo\u017ee smatrati bezobzirnim razaranjem koje nije opravdano vojnom nu\u017edom\u201d, navedeno je u sa\u017eetku pravomo\u0107ne presude hercegbosanskoj \u0161estorci pred Tribunalom u Haagu.<\/p>\n\n\n\n<p>Pravomo\u0107nom presudom u predmetu Prli\u0107 i drugih Haa\u0161ki tribunal utvrdio je kako je Stari most bio od klju\u010dnog zna\u010daja za Armiju RBiH odnosno djelovanje njenih postrojbi na liniji fronta \u2013 evakuacije, upu\u0107ivanje ljudstva, namirnica i vojne opreme i da ga je Armija RBiH koristila u te svrhe.<\/p>\n\n\n\n<p>\u201eVije\u0107e je utvrdilo i da je Oru\u017eanim snagama HVO-a bilo u vojnom interesu da se most uni\u0161ti, budu\u0107i da je njegovo uni\u0161tenje prakti\u010dki u potpunosti onemogu\u0107avalo dalje opskrbljivanje jedinica ABiH s vojne to\u010dke gledi\u0161ta, ru\u0161enje Starog mosta 9. studenog 1993. je imalo za posljedicu presijecanje glavne preostale linije opskrbljivanja za vojnike ABiH koji su se nalazili u muslimanskoj enklavi na desnoj obali. Osim toga, pokazalo se da je u vrijeme doga\u0111aja zapovjedni\u0161tvo HVO-a znalo da ABiH koristi most u te svrhe\u201c, navedeno je u prvostupanjskoj presudi.<\/p>\n\n\n\n<p>Prije nego je sru\u0161en Stari most zna\u010dajno je o\u0161te\u0107en od posljedica granatiranja prosrpske JNA, koja je nakon \u0161to je 1992. zauzela isto\u010dni dio grada minirala sve mostove preko Neretve na podru\u010dju Mostara.<\/p>\n\n\n\n<p><strong>Pa\u0161ali\u0107eva zapovijed<\/strong><\/p>\n\n\n\n<p>Istina je kako je Stari most granatiran iz tenka s polo\u017eaja HVO-a na \u010cekrku povi\u0161e Rodo\u010da, ali nije utvr\u0111eno tko ga je to\u010dno ga\u0111ao, niti po \u010dijoj zapovjedi. No, drugu stranu medalje, koja dokazuje kako je u ru\u0161enju Starog mosta sudjelovala i Armija RBiH, sarajevsku \u201cneovisni mediji\u201d uporno pre\u0161u\u0107uju. HMS, stoga, ponovo objavljuje dokument koji to potvr\u0111uje i otkriva koji su bili motivi tzv. ARBiH da se Stari most sru\u0161i.<\/p>\n\n\n\n<p>Iz ovog dokumenta se vidi kako je Arif Pa\u0161ali\u0107, zapovjednik \u010cetvrtog korpusa tzv. ABiH, 7. studenog 1993. izdao zapovijed da se u kameni luk Staroga mosta postave tri protutenkovske mine, most sru\u0161i, snimi njegov pad, snimke upotrijebe u propagandne svrhe, a za njegovo ru\u0161enje optu\u017ei Hrvatska vojska i HVO.<\/p>\n\n\n\n<p>U zapovijedi Diverzantskoj \u010deti Mostarskog bataljuna zapovjednik 4. korpusa tzv. ARBIH Arif Pa\u0161ali\u0107 7. studenog 1993. pi\u0161e:<\/p>\n\n\n\n<figure class=\"wp-block-image\"><img decoding=\"async\" src=\"https:\/\/hms.ba\/wp-content\/uploads\/2019\/11\/Arif-pa\u0161ali\u0107-stari-most-2.jpg\" alt=\"\" class=\"wp-image-317307\"\/><\/figure>\n\n\n\n<p>\u201cNa temelju izvje\u0161taja izvi\u0111a\u010da 1. Mostarske brigade o stanju Staroga mosta do\u0161li smo do saznanja kako je isti usljed granatiranja hrvatskih snaga i HVO znatno o\u0161te\u0107en do te mjere a nije upotrebljiv za kori\u0161tenje. Ne mo\u017ee se koristiti ni popraviti, ali je za propagandne svrhe neophodno obezbjediti snimanje njegovog pada kako se ne bi usljed granatiranja sam uru\u0161io po no\u0107i. Da bi se to obezbijedilo izdajem sljede\u0107e NARE\u0110ENJE:<\/p>\n\n\n\n<p>\u2013 Diverzantska \u010deta Mostarskog bataljona \u0107e prilikom sljede\u0107eg granatiranja Staroga grada postaviti tri antitenkovske mine u sredi\u0161te mosta i aktivirati ih simuliraju\u0107i direktne pogotke.<\/p>\n\n\n\n<p>\u2013 Zadu\u017eujem de\u017eurnog oficira za IPD i sigurnost da u trenutku ru\u0161enja obezbijede snimatelja, kameru i punjenja baterija. Snimak dostaviti svim medijima i predstaviti ga kao napad agresorske hrvatske vojske.<\/p>\n\n\n\n<p>\u2013 Napraviti suradnju i koordinaciju izme\u0111u ove dvije grupe. O ovom doga\u0111aju zabraniti govoriti.\u201d<\/p>\n\n\n\n<p>Stari most sru\u0161en je 9. studenog 1993. godine. Samo dva dana nakon zapovijedi Arifa Pa\u0161ali\u0107a. Ubrzo je u javnost iza\u0161la snimka ru\u0161enja mosta, a ve\u0107ina svjetskih medija za ru\u0161enje je optu\u017eila postrojbe HVO-a.<\/p>\n\n\n\n<p>Ru\u0161enje Starog mosta bila je velika to\u010dka prijepora u odnosima Zagreba i Sarajeva, a biv\u0161i zapovjednik HVO-a general Slobodan Praljak u bo\u0161nja\u010dkim medijima smatran je odgovornim za njegovo ru\u0161enje.<\/p>\n\n\n\n<iframe loading=\"lazy\" title=\"*Rusenje Starog mosta u Mostaru (09.11.&#039;93)*\" width=\"640\" height=\"480\" src=\"https:\/\/www.youtube.com\/embed\/y8f5S7ZqiBk?feature=oembed\" frameborder=\"0\" allow=\"accelerometer; autoplay; clipboard-write; encrypted-media; gyroscope; picture-in-picture; web-share\" referrerpolicy=\"strict-origin-when-cross-origin\" allowfullscreen><\/iframe>\n\n\n\n<p>General Slobodan Praljak, i njegovi suradnici, godinama su dokazivali da HVO nije sru\u0161io most. Ekspertni timovi dokazivali su da nije pao zbog udara topni\u010dke granate nego od eksplozija mina postavljenih unutar samog mosta.<\/p>\n\n\n\n<p>Nakon ovog dokumenta ta tvrdnja i pismeno je dokumentirana.<\/p>\n\n\n\n<p><strong>Pa\u0161ali\u0107eva pogibija nakon svjedo\u010denja u Haagu<\/strong><\/p>\n\n\n\n<p>Arif Pa\u0161ali\u0107 u studenom 1993. godine je unaprije\u0111en u generala Armije BiH. Poginuo je u te\u0161koj prometnoj nesre\u0107i na magistralnoj cesti Mostar-Sarajevo u naselju Dre\u017enica.<\/p>\n\n\n\n<p>U trostrukom sudaru sudjelovali se Pa\u0161ali\u0107ev d\u017eip, putni\u010dki automobil i kamion. Na bh. Wikipediji se navodi da je prometna nesre\u0107a dogodila pod veoma sumnjivim okolnostima, u vrijeme njegovog svjedo\u010denja u Ha\u0161kom sudu, gdje je po\u010deo obja\u0161njavati cijelu situaciju na Mostarskom rati\u0161tu.<\/p>\n\n\n\n<p>Stari most obnovljen je nakon rata, a na UNESCO-vu listu svjetske kulturne ba\u0161tine uvr\u0161ten je 2005.<\/p>\n\n\n\n<p>\/R. I\/HMS\/<\/p>\n","protected":false},"excerpt":{"rendered":"<p>Svake, poratne, godine, na dana\u0161nji dan u isto\u010dnom Mostaru obilje\u017eava se godi\u0161njica ru\u0161enja Starog mosta i svake godine ponavljaju iste la\u017ei, kojima se Hrvatima i HVO-u \u017eeli imputirati fa\u0161izam, a ARBiH i ratno bo\u0161nja\u010dko vojno i politi\u010dko vodstvo prikazati kao \u017ertve i borce protiv fa\u0161izma. \u201cProjektilom s polo\u017eaja HVO-a 9. studenog 1993. sru\u0161en je Stari [&hellip;]<\/p>\n","protected":false},"author":2,"featured_media":86835,"comment_status":"closed","ping_status":"closed","sticky":false,"template":"","format":"standard","meta":{"h5ap_radio_sources":[],"footnotes":""},"categories":[1],"tags":[],"class_list":["post-86834","post","type-post","status-publish","format-standard","has-post-thumbnail","hentry","category-bihiregija"],"yoast_head":"<!-- This site is optimized with the Yoast SEO plugin v27.4 - https:\/\/yoast.com\/product\/yoast-seo-wordpress\/ -->\n<title>Evo \u0161to stoji u zapovjedi Arifa Pa\u0161ali\u0107a o ru\u0161enju Starog mosta - RADIO LJUBU\u0160KI<\/title>\n<meta name=\"robots\" content=\"index, follow, max-snippet:-1, max-image-preview:large, max-video-preview:-1\" \/>\n<link rel=\"canonical\" href=\"https:\/\/radioljubuski.ba\/index.php\/2021\/11\/09\/evo-sto-stoji-u-zapovjedi-arifa-pasalica-o-rusenju-starog-mosta\/\" \/>\n<meta property=\"og:locale\" content=\"hr_HR\" \/>\n<meta property=\"og:type\" content=\"article\" \/>\n<meta property=\"og:title\" content=\"Evo \u0161to stoji u zapovjedi Arifa Pa\u0161ali\u0107a o ru\u0161enju Starog mosta - RADIO LJUBU\u0160KI\" \/>\n<meta property=\"og:description\" content=\"Svake, poratne, godine, na dana\u0161nji dan u isto\u010dnom Mostaru obilje\u017eava se godi\u0161njica ru\u0161enja Starog mosta i svake godine ponavljaju iste la\u017ei, kojima se Hrvatima i HVO-u \u017eeli imputirati fa\u0161izam, a ARBiH i ratno bo\u0161nja\u010dko vojno i politi\u010dko vodstvo prikazati kao \u017ertve i borce protiv fa\u0161izma. \u201cProjektilom s polo\u017eaja HVO-a 9. studenog 1993. sru\u0161en je Stari [&hellip;]\" \/>\n<meta property=\"og:url\" content=\"https:\/\/radioljubuski.ba\/index.php\/2021\/11\/09\/evo-sto-stoji-u-zapovjedi-arifa-pasalica-o-rusenju-starog-mosta\/\" \/>\n<meta property=\"og:site_name\" content=\"RADIO LJUBU\u0160KI\" \/>\n<meta property=\"article:publisher\" content=\"https:\/\/www.facebook.com\/Radiio-Ljubuski-1490835324566332\" \/>\n<meta property=\"article:published_time\" content=\"2021-11-09T10:25:54+00:00\" \/>\n<meta property=\"article:modified_time\" content=\"2021-11-09T10:25:55+00:00\" \/>\n<meta property=\"og:image\" content=\"https:\/\/radioljubuski.ba\/wp-content\/uploads\/2021\/11\/stari-most-rusenje-zapovjed-1.jpg\" \/>\n\t<meta property=\"og:image:width\" content=\"660\" \/>\n\t<meta property=\"og:image:height\" content=\"329\" \/>\n\t<meta property=\"og:image:type\" content=\"image\/jpeg\" \/>\n<meta name=\"author\" content=\"Radio Ljubu\u0161ki\" \/>\n<meta name=\"twitter:card\" content=\"summary_large_image\" \/>\n<meta name=\"twitter:creator\" content=\"@radioljubuski\" \/>\n<meta name=\"twitter:site\" content=\"@radioljubuski\" \/>\n<meta name=\"twitter:label1\" content=\"Napisao\/la\" \/>\n\t<meta name=\"twitter:data1\" content=\"Radio Ljubu\u0161ki\" \/>\n\t<meta name=\"twitter:label2\" content=\"Procijenjeno vrijeme \u010ditanja\" \/>\n\t<meta name=\"twitter:data2\" content=\"5 minuta\" \/>\n<script type=\"application\/ld+json\" class=\"yoast-schema-graph\">{\"@context\":\"https:\\\/\\\/schema.org\",\"@graph\":[{\"@type\":\"Article\",\"@id\":\"https:\\\/\\\/radioljubuski.ba\\\/index.php\\\/2021\\\/11\\\/09\\\/evo-sto-stoji-u-zapovjedi-arifa-pasalica-o-rusenju-starog-mosta\\\/#article\",\"isPartOf\":{\"@id\":\"https:\\\/\\\/radioljubuski.ba\\\/index.php\\\/2021\\\/11\\\/09\\\/evo-sto-stoji-u-zapovjedi-arifa-pasalica-o-rusenju-starog-mosta\\\/\"},\"author\":{\"name\":\"Radio Ljubu\u0161ki\",\"@id\":\"https:\\\/\\\/radioljubuski.ba\\\/#\\\/schema\\\/person\\\/19fc700381a780f69665d7956c469e3b\"},\"headline\":\"Evo \u0161to stoji u zapovjedi Arifa Pa\u0161ali\u0107a o ru\u0161enju Starog mosta\",\"datePublished\":\"2021-11-09T10:25:54+00:00\",\"dateModified\":\"2021-11-09T10:25:55+00:00\",\"mainEntityOfPage\":{\"@id\":\"https:\\\/\\\/radioljubuski.ba\\\/index.php\\\/2021\\\/11\\\/09\\\/evo-sto-stoji-u-zapovjedi-arifa-pasalica-o-rusenju-starog-mosta\\\/\"},\"wordCount\":1109,\"publisher\":{\"@id\":\"https:\\\/\\\/radioljubuski.ba\\\/#organization\"},\"image\":{\"@id\":\"https:\\\/\\\/radioljubuski.ba\\\/index.php\\\/2021\\\/11\\\/09\\\/evo-sto-stoji-u-zapovjedi-arifa-pasalica-o-rusenju-starog-mosta\\\/#primaryimage\"},\"thumbnailUrl\":\"https:\\\/\\\/radioljubuski.ba\\\/wp-content\\\/uploads\\\/2021\\\/11\\\/stari-most-rusenje-zapovjed-1.jpg\",\"articleSection\":[\"BIH i regija\"],\"inLanguage\":\"hr\"},{\"@type\":\"WebPage\",\"@id\":\"https:\\\/\\\/radioljubuski.ba\\\/index.php\\\/2021\\\/11\\\/09\\\/evo-sto-stoji-u-zapovjedi-arifa-pasalica-o-rusenju-starog-mosta\\\/\",\"url\":\"https:\\\/\\\/radioljubuski.ba\\\/index.php\\\/2021\\\/11\\\/09\\\/evo-sto-stoji-u-zapovjedi-arifa-pasalica-o-rusenju-starog-mosta\\\/\",\"name\":\"Evo \u0161to stoji u zapovjedi Arifa Pa\u0161ali\u0107a o ru\u0161enju Starog mosta - RADIO LJUBU\u0160KI\",\"isPartOf\":{\"@id\":\"https:\\\/\\\/radioljubuski.ba\\\/#website\"},\"primaryImageOfPage\":{\"@id\":\"https:\\\/\\\/radioljubuski.ba\\\/index.php\\\/2021\\\/11\\\/09\\\/evo-sto-stoji-u-zapovjedi-arifa-pasalica-o-rusenju-starog-mosta\\\/#primaryimage\"},\"image\":{\"@id\":\"https:\\\/\\\/radioljubuski.ba\\\/index.php\\\/2021\\\/11\\\/09\\\/evo-sto-stoji-u-zapovjedi-arifa-pasalica-o-rusenju-starog-mosta\\\/#primaryimage\"},\"thumbnailUrl\":\"https:\\\/\\\/radioljubuski.ba\\\/wp-content\\\/uploads\\\/2021\\\/11\\\/stari-most-rusenje-zapovjed-1.jpg\",\"datePublished\":\"2021-11-09T10:25:54+00:00\",\"dateModified\":\"2021-11-09T10:25:55+00:00\",\"breadcrumb\":{\"@id\":\"https:\\\/\\\/radioljubuski.ba\\\/index.php\\\/2021\\\/11\\\/09\\\/evo-sto-stoji-u-zapovjedi-arifa-pasalica-o-rusenju-starog-mosta\\\/#breadcrumb\"},\"inLanguage\":\"hr\",\"potentialAction\":[{\"@type\":\"ReadAction\",\"target\":[\"https:\\\/\\\/radioljubuski.ba\\\/index.php\\\/2021\\\/11\\\/09\\\/evo-sto-stoji-u-zapovjedi-arifa-pasalica-o-rusenju-starog-mosta\\\/\"]}]},{\"@type\":\"ImageObject\",\"inLanguage\":\"hr\",\"@id\":\"https:\\\/\\\/radioljubuski.ba\\\/index.php\\\/2021\\\/11\\\/09\\\/evo-sto-stoji-u-zapovjedi-arifa-pasalica-o-rusenju-starog-mosta\\\/#primaryimage\",\"url\":\"https:\\\/\\\/radioljubuski.ba\\\/wp-content\\\/uploads\\\/2021\\\/11\\\/stari-most-rusenje-zapovjed-1.jpg\",\"contentUrl\":\"https:\\\/\\\/radioljubuski.ba\\\/wp-content\\\/uploads\\\/2021\\\/11\\\/stari-most-rusenje-zapovjed-1.jpg\",\"width\":660,\"height\":329},{\"@type\":\"BreadcrumbList\",\"@id\":\"https:\\\/\\\/radioljubuski.ba\\\/index.php\\\/2021\\\/11\\\/09\\\/evo-sto-stoji-u-zapovjedi-arifa-pasalica-o-rusenju-starog-mosta\\\/#breadcrumb\",\"itemListElement\":[{\"@type\":\"ListItem\",\"position\":1,\"name\":\"Po\u010detna stranica\",\"item\":\"https:\\\/\\\/radioljubuski.ba\\\/\"},{\"@type\":\"ListItem\",\"position\":2,\"name\":\"Evo \u0161to stoji u zapovjedi Arifa Pa\u0161ali\u0107a o ru\u0161enju Starog mosta\"}]},{\"@type\":\"WebSite\",\"@id\":\"https:\\\/\\\/radioljubuski.ba\\\/#website\",\"url\":\"https:\\\/\\\/radioljubuski.ba\\\/\",\"name\":\"Radio Ljubu\u0161ki\",\"description\":\"Sun\u010dana frekvencija Hercegovine\",\"publisher\":{\"@id\":\"https:\\\/\\\/radioljubuski.ba\\\/#organization\"},\"potentialAction\":[{\"@type\":\"SearchAction\",\"target\":{\"@type\":\"EntryPoint\",\"urlTemplate\":\"https:\\\/\\\/radioljubuski.ba\\\/?s={search_term_string}\"},\"query-input\":{\"@type\":\"PropertyValueSpecification\",\"valueRequired\":true,\"valueName\":\"search_term_string\"}}],\"inLanguage\":\"hr\"},{\"@type\":\"Organization\",\"@id\":\"https:\\\/\\\/radioljubuski.ba\\\/#organization\",\"name\":\"Radio Ljubu\u0161ki\",\"url\":\"https:\\\/\\\/radioljubuski.ba\\\/\",\"logo\":{\"@type\":\"ImageObject\",\"inLanguage\":\"hr\",\"@id\":\"https:\\\/\\\/radioljubuski.ba\\\/#\\\/schema\\\/logo\\\/image\\\/\",\"url\":\"https:\\\/\\\/radioljubuski.ba\\\/wp-content\\\/uploads\\\/2021\\\/02\\\/cropped-Radio_Ljubuski_logo1.jpg\",\"contentUrl\":\"https:\\\/\\\/radioljubuski.ba\\\/wp-content\\\/uploads\\\/2021\\\/02\\\/cropped-Radio_Ljubuski_logo1.jpg\",\"width\":512,\"height\":512,\"caption\":\"Radio Ljubu\u0161ki\"},\"image\":{\"@id\":\"https:\\\/\\\/radioljubuski.ba\\\/#\\\/schema\\\/logo\\\/image\\\/\"},\"sameAs\":[\"https:\\\/\\\/www.facebook.com\\\/Radiio-Ljubuski-1490835324566332\",\"https:\\\/\\\/x.com\\\/radioljubuski\",\"https:\\\/\\\/hr.linkedin.com\\\/company\\\/radio-ljubuski\",\"https:\\\/\\\/www.youtube.com\\\/channel\\\/UCHYaeO_n0Db3tjNGudGpXyw\"]},{\"@type\":\"Person\",\"@id\":\"https:\\\/\\\/radioljubuski.ba\\\/#\\\/schema\\\/person\\\/19fc700381a780f69665d7956c469e3b\",\"name\":\"Radio Ljubu\u0161ki\"}]}<\/script>\n<!-- \/ Yoast SEO plugin. -->","yoast_head_json":{"title":"Evo \u0161to stoji u zapovjedi Arifa Pa\u0161ali\u0107a o ru\u0161enju Starog mosta - RADIO LJUBU\u0160KI","robots":{"index":"index","follow":"follow","max-snippet":"max-snippet:-1","max-image-preview":"max-image-preview:large","max-video-preview":"max-video-preview:-1"},"canonical":"https:\/\/radioljubuski.ba\/index.php\/2021\/11\/09\/evo-sto-stoji-u-zapovjedi-arifa-pasalica-o-rusenju-starog-mosta\/","og_locale":"hr_HR","og_type":"article","og_title":"Evo \u0161to stoji u zapovjedi Arifa Pa\u0161ali\u0107a o ru\u0161enju Starog mosta - RADIO LJUBU\u0160KI","og_description":"Svake, poratne, godine, na dana\u0161nji dan u isto\u010dnom Mostaru obilje\u017eava se godi\u0161njica ru\u0161enja Starog mosta i svake godine ponavljaju iste la\u017ei, kojima se Hrvatima i HVO-u \u017eeli imputirati fa\u0161izam, a ARBiH i ratno bo\u0161nja\u010dko vojno i politi\u010dko vodstvo prikazati kao \u017ertve i borce protiv fa\u0161izma. \u201cProjektilom s polo\u017eaja HVO-a 9. studenog 1993. sru\u0161en je Stari [&hellip;]","og_url":"https:\/\/radioljubuski.ba\/index.php\/2021\/11\/09\/evo-sto-stoji-u-zapovjedi-arifa-pasalica-o-rusenju-starog-mosta\/","og_site_name":"RADIO LJUBU\u0160KI","article_publisher":"https:\/\/www.facebook.com\/Radiio-Ljubuski-1490835324566332","article_published_time":"2021-11-09T10:25:54+00:00","article_modified_time":"2021-11-09T10:25:55+00:00","og_image":[{"width":660,"height":329,"url":"https:\/\/radioljubuski.ba\/wp-content\/uploads\/2021\/11\/stari-most-rusenje-zapovjed-1.jpg","type":"image\/jpeg"}],"author":"Radio Ljubu\u0161ki","twitter_card":"summary_large_image","twitter_creator":"@radioljubuski","twitter_site":"@radioljubuski","twitter_misc":{"Napisao\/la":"Radio Ljubu\u0161ki","Procijenjeno vrijeme \u010ditanja":"5 minuta"},"schema":{"@context":"https:\/\/schema.org","@graph":[{"@type":"Article","@id":"https:\/\/radioljubuski.ba\/index.php\/2021\/11\/09\/evo-sto-stoji-u-zapovjedi-arifa-pasalica-o-rusenju-starog-mosta\/#article","isPartOf":{"@id":"https:\/\/radioljubuski.ba\/index.php\/2021\/11\/09\/evo-sto-stoji-u-zapovjedi-arifa-pasalica-o-rusenju-starog-mosta\/"},"author":{"name":"Radio Ljubu\u0161ki","@id":"https:\/\/radioljubuski.ba\/#\/schema\/person\/19fc700381a780f69665d7956c469e3b"},"headline":"Evo \u0161to stoji u zapovjedi Arifa Pa\u0161ali\u0107a o ru\u0161enju Starog mosta","datePublished":"2021-11-09T10:25:54+00:00","dateModified":"2021-11-09T10:25:55+00:00","mainEntityOfPage":{"@id":"https:\/\/radioljubuski.ba\/index.php\/2021\/11\/09\/evo-sto-stoji-u-zapovjedi-arifa-pasalica-o-rusenju-starog-mosta\/"},"wordCount":1109,"publisher":{"@id":"https:\/\/radioljubuski.ba\/#organization"},"image":{"@id":"https:\/\/radioljubuski.ba\/index.php\/2021\/11\/09\/evo-sto-stoji-u-zapovjedi-arifa-pasalica-o-rusenju-starog-mosta\/#primaryimage"},"thumbnailUrl":"https:\/\/radioljubuski.ba\/wp-content\/uploads\/2021\/11\/stari-most-rusenje-zapovjed-1.jpg","articleSection":["BIH i regija"],"inLanguage":"hr"},{"@type":"WebPage","@id":"https:\/\/radioljubuski.ba\/index.php\/2021\/11\/09\/evo-sto-stoji-u-zapovjedi-arifa-pasalica-o-rusenju-starog-mosta\/","url":"https:\/\/radioljubuski.ba\/index.php\/2021\/11\/09\/evo-sto-stoji-u-zapovjedi-arifa-pasalica-o-rusenju-starog-mosta\/","name":"Evo \u0161to stoji u zapovjedi Arifa Pa\u0161ali\u0107a o ru\u0161enju Starog mosta - RADIO LJUBU\u0160KI","isPartOf":{"@id":"https:\/\/radioljubuski.ba\/#website"},"primaryImageOfPage":{"@id":"https:\/\/radioljubuski.ba\/index.php\/2021\/11\/09\/evo-sto-stoji-u-zapovjedi-arifa-pasalica-o-rusenju-starog-mosta\/#primaryimage"},"image":{"@id":"https:\/\/radioljubuski.ba\/index.php\/2021\/11\/09\/evo-sto-stoji-u-zapovjedi-arifa-pasalica-o-rusenju-starog-mosta\/#primaryimage"},"thumbnailUrl":"https:\/\/radioljubuski.ba\/wp-content\/uploads\/2021\/11\/stari-most-rusenje-zapovjed-1.jpg","datePublished":"2021-11-09T10:25:54+00:00","dateModified":"2021-11-09T10:25:55+00:00","breadcrumb":{"@id":"https:\/\/radioljubuski.ba\/index.php\/2021\/11\/09\/evo-sto-stoji-u-zapovjedi-arifa-pasalica-o-rusenju-starog-mosta\/#breadcrumb"},"inLanguage":"hr","potentialAction":[{"@type":"ReadAction","target":["https:\/\/radioljubuski.ba\/index.php\/2021\/11\/09\/evo-sto-stoji-u-zapovjedi-arifa-pasalica-o-rusenju-starog-mosta\/"]}]},{"@type":"ImageObject","inLanguage":"hr","@id":"https:\/\/radioljubuski.ba\/index.php\/2021\/11\/09\/evo-sto-stoji-u-zapovjedi-arifa-pasalica-o-rusenju-starog-mosta\/#primaryimage","url":"https:\/\/radioljubuski.ba\/wp-content\/uploads\/2021\/11\/stari-most-rusenje-zapovjed-1.jpg","contentUrl":"https:\/\/radioljubuski.ba\/wp-content\/uploads\/2021\/11\/stari-most-rusenje-zapovjed-1.jpg","width":660,"height":329},{"@type":"BreadcrumbList","@id":"https:\/\/radioljubuski.ba\/index.php\/2021\/11\/09\/evo-sto-stoji-u-zapovjedi-arifa-pasalica-o-rusenju-starog-mosta\/#breadcrumb","itemListElement":[{"@type":"ListItem","position":1,"name":"Po\u010detna stranica","item":"https:\/\/radioljubuski.ba\/"},{"@type":"ListItem","position":2,"name":"Evo \u0161to stoji u zapovjedi Arifa Pa\u0161ali\u0107a o ru\u0161enju Starog mosta"}]},{"@type":"WebSite","@id":"https:\/\/radioljubuski.ba\/#website","url":"https:\/\/radioljubuski.ba\/","name":"Radio Ljubu\u0161ki","description":"Sun\u010dana frekvencija Hercegovine","publisher":{"@id":"https:\/\/radioljubuski.ba\/#organization"},"potentialAction":[{"@type":"SearchAction","target":{"@type":"EntryPoint","urlTemplate":"https:\/\/radioljubuski.ba\/?s={search_term_string}"},"query-input":{"@type":"PropertyValueSpecification","valueRequired":true,"valueName":"search_term_string"}}],"inLanguage":"hr"},{"@type":"Organization","@id":"https:\/\/radioljubuski.ba\/#organization","name":"Radio Ljubu\u0161ki","url":"https:\/\/radioljubuski.ba\/","logo":{"@type":"ImageObject","inLanguage":"hr","@id":"https:\/\/radioljubuski.ba\/#\/schema\/logo\/image\/","url":"https:\/\/radioljubuski.ba\/wp-content\/uploads\/2021\/02\/cropped-Radio_Ljubuski_logo1.jpg","contentUrl":"https:\/\/radioljubuski.ba\/wp-content\/uploads\/2021\/02\/cropped-Radio_Ljubuski_logo1.jpg","width":512,"height":512,"caption":"Radio Ljubu\u0161ki"},"image":{"@id":"https:\/\/radioljubuski.ba\/#\/schema\/logo\/image\/"},"sameAs":["https:\/\/www.facebook.com\/Radiio-Ljubuski-1490835324566332","https:\/\/x.com\/radioljubuski","https:\/\/hr.linkedin.com\/company\/radio-ljubuski","https:\/\/www.youtube.com\/channel\/UCHYaeO_n0Db3tjNGudGpXyw"]},{"@type":"Person","@id":"https:\/\/radioljubuski.ba\/#\/schema\/person\/19fc700381a780f69665d7956c469e3b","name":"Radio Ljubu\u0161ki"}]}},"_links":{"self":[{"href":"https:\/\/radioljubuski.ba\/index.php\/wp-json\/wp\/v2\/posts\/86834","targetHints":{"allow":["GET"]}}],"collection":[{"href":"https:\/\/radioljubuski.ba\/index.php\/wp-json\/wp\/v2\/posts"}],"about":[{"href":"https:\/\/radioljubuski.ba\/index.php\/wp-json\/wp\/v2\/types\/post"}],"author":[{"embeddable":true,"href":"https:\/\/radioljubuski.ba\/index.php\/wp-json\/wp\/v2\/users\/2"}],"replies":[{"embeddable":true,"href":"https:\/\/radioljubuski.ba\/index.php\/wp-json\/wp\/v2\/comments?post=86834"}],"version-history":[{"count":1,"href":"https:\/\/radioljubuski.ba\/index.php\/wp-json\/wp\/v2\/posts\/86834\/revisions"}],"predecessor-version":[{"id":86836,"href":"https:\/\/radioljubuski.ba\/index.php\/wp-json\/wp\/v2\/posts\/86834\/revisions\/86836"}],"wp:featuredmedia":[{"embeddable":true,"href":"https:\/\/radioljubuski.ba\/index.php\/wp-json\/wp\/v2\/media\/86835"}],"wp:attachment":[{"href":"https:\/\/radioljubuski.ba\/index.php\/wp-json\/wp\/v2\/media?parent=86834"}],"wp:term":[{"taxonomy":"category","embeddable":true,"href":"https:\/\/radioljubuski.ba\/index.php\/wp-json\/wp\/v2\/categories?post=86834"},{"taxonomy":"post_tag","embeddable":true,"href":"https:\/\/radioljubuski.ba\/index.php\/wp-json\/wp\/v2\/tags?post=86834"}],"curies":[{"name":"wp","href":"https:\/\/api.w.org\/{rel}","templated":true}]}}