{"id":86837,"date":"2021-11-09T11:27:03","date_gmt":"2021-11-09T10:27:03","guid":{"rendered":"https:\/\/radioljubuski.ba\/?p=86837"},"modified":"2021-11-09T11:27:03","modified_gmt":"2021-11-09T10:27:03","slug":"ustavni-sud-odbio-zahtjev-envera-buze-za-odlaganjem-izvrsenja-kazne-zatvora","status":"publish","type":"post","link":"https:\/\/radioljubuski.ba\/index.php\/2021\/11\/09\/ustavni-sud-odbio-zahtjev-envera-buze-za-odlaganjem-izvrsenja-kazne-zatvora\/","title":{"rendered":"Ustavni sud odbio zahtjev Envera Buze za odlaganjem izvr\u0161enja kazne zatvora"},"content":{"rendered":"\n<p><strong>Ustavni sud Bosne i Hercegovine odbio je zahtjev Envera Buze, biv\u0161eg zapovjednika Samostalnog bataljuna Prozor Armije Bosne i Hercegovine (ABiH) osu\u0111enog na osam godina zatvora za zlo\u010din u Uzdolu u op\u0107ini Prozor-Rama, za privremeno odlaganje izvr\u0161enja zatvorske kazne dok se ne odlu\u010di o njegovoj apelaciji.<\/strong><\/p>\n\n\n\n<p>Kako se navodi u odluci Ustavnog suda, Buza je tra\u017eio da ovaj sud donese privremenu mjeru kojom bi odlo\u017eio izvr\u0161enje kazne zatvora izre\u010dene presudom Suda BiH, \u0161to je Ustavni sud odbio kao neosnovan zahtjev. Prema odluci Suda BiH, Buzi je izdr\u017eavanje kazne odlo\u017eeno do sije\u010dnja 2022. godine, prenosi detektor.ba.<\/p>\n\n\n\n<p>Buza je pro\u0161log mjeseca Ustavnom sudu podnio apelaciju protiv prvostupanjske i drugostupanjske presude Suda BiH.<\/p>\n\n\n\n<p>\u201cApelant je predlo\u017eio da Ustavni sud donese privremenu mjeru kojom se odla\u017ee izvr\u0161enje kazne zatvora apelantu, do dono\u0161enja kona\u010dne odluke Ustavnog suda o ovoj apelaciji\u201d, stoji u odluci Ustavnog suda.<\/p>\n\n\n\n<p>Sud BiH donio je u lipnju 2021. drugostupanjsku presudu kojom je Enver Buza, kao v.d. zapovjednika Samostalnog bataljuna Prozor ABiH, osu\u0111en na osam godina zatvora za zlo\u010din po\u010dinjen u Uzdolu u op\u0107ini Prozor-Rama.<\/p>\n\n\n\n<p>Apelacijsko vije\u0107e je navelo da su pripadnici ove jedinice na okrutan i svirep na\u010din u Uzdolu izvr\u0161ili zlo\u010din nad 27 civila, me\u0111u kojima su bili \u017eene, djeca i starija lica. Vije\u0107e je konstatiralo da je Buza fizi\u010dki bio blizu mjesta zlo\u010dina, a kasnije od Slu\u017ebe javne bezbjednosti (SJB) imao informacije o zlo\u010dinu, dodav\u0161i da nije naredio istragu o doga\u0111ajima u Uzdolu.<\/p>\n\n\n\n<p>Prvostupanjsku presudom iz rujna 2019. Buza je bio osu\u0111en na 12 godina zatvora, ali je Apelacijsko vije\u0107e uva\u017eilo \u017ealbu Odrane te ukinulo ovu odluku, nakon \u010dega ga je u kona\u010dnici osudilo na osam godina zatvora.<\/p>\n\n\n\n<p>Buza je od Dr\u017eavnog suda sredinom listopada 2021. tra\u017eio odlaganje izvr\u0161enja zatvorske kazne zbog zdravstvenih razloga a u odluci Ustavnog suda se navodi da je Sud BiH udovoljio njegovom zahtjevu te odlo\u017eio izvr\u0161enje kazne na tri mjeseca, odnosno do 18. sije\u010dnja 2022. godine.<\/p>\n\n\n\n<p>\u201cU konkretnom slu\u010daju apelant zahtjev za dono\u0161enje privremene mjere temelji na tvrdnji da je tra\u017eio odga\u0111anje izdr\u017eavanja kazne, da mu je udovoljeno molbi do 18. sije\u010dnja 2022. godine, ali zbog jako lo\u0161eg zdravstvenog stanja apelanta i njegove supruge apelant tra\u017ei da Ustavni sud odlo\u017ei izvr\u0161enje kazne zatvora po presudi Suda BiH do dono\u0161enja odluke po apelaciji apelanta\u201d, stoji u odluci Ustavnog suda o privremenoj mjeri.<\/p>\n\n\n\n<p>Ustavni sud primje\u0107uje, kako se navodi, da Buza ima zakonsku mogu\u0107nost da po osnovi bolesti tra\u017ei odga\u0111anje dok bolest traje, kao i da po svim osnovama ukupno odga\u0111anje izvr\u0161enja kazne mo\u017ee trajati najdu\u017ee 12 mjeseci.<\/p>\n\n\n\n<p>\u201cStoga Ustavni sud nalazi da ono \u0161to apelant tra\u017ei pred Ustavnim sudom ve\u0107 mu je omogu\u0107io Sud BiH, a nakon proteka perioda od 18. sije\u010dnja 2022. godine, a prije obra\u0107anja Ustavnom sudu, apelant jo\u0161 uvijek treba koristiti mogu\u0107nost da od Suda BiH, kao redovnog suda, po istoj osnovi tra\u017ei odgodu izvr\u0161enja kazne zatvora\u201d, navodi se u odluci Ustavnog suda.<\/p>\n\n\n\n<p>\/HMS\/<\/p>\n","protected":false},"excerpt":{"rendered":"<p>Ustavni sud Bosne i Hercegovine odbio je zahtjev Envera Buze, biv\u0161eg zapovjednika Samostalnog bataljuna Prozor Armije Bosne i Hercegovine (ABiH) osu\u0111enog na osam godina zatvora za zlo\u010din u Uzdolu u op\u0107ini Prozor-Rama, za privremeno odlaganje izvr\u0161enja zatvorske kazne dok se ne odlu\u010di o njegovoj apelaciji. Kako se navodi u odluci Ustavnog suda, Buza je tra\u017eio [&hellip;]<\/p>\n","protected":false},"author":2,"featured_media":86838,"comment_status":"closed","ping_status":"closed","sticky":false,"template":"","format":"standard","meta":{"h5ap_radio_sources":[],"footnotes":""},"categories":[1],"tags":[],"class_list":["post-86837","post","type-post","status-publish","format-standard","has-post-thumbnail","hentry","category-bihiregija"],"yoast_head":"<!-- This site is optimized with the Yoast SEO plugin v27.5 - https:\/\/yoast.com\/product\/yoast-seo-wordpress\/ -->\n<title>Ustavni sud odbio zahtjev Envera Buze za odlaganjem izvr\u0161enja kazne zatvora - RADIO LJUBU\u0160KI<\/title>\n<meta name=\"robots\" content=\"index, follow, max-snippet:-1, max-image-preview:large, max-video-preview:-1\" \/>\n<link rel=\"canonical\" href=\"https:\/\/radioljubuski.ba\/index.php\/2021\/11\/09\/ustavni-sud-odbio-zahtjev-envera-buze-za-odlaganjem-izvrsenja-kazne-zatvora\/\" \/>\n<meta property=\"og:locale\" content=\"hr_HR\" \/>\n<meta property=\"og:type\" content=\"article\" \/>\n<meta property=\"og:title\" content=\"Ustavni sud odbio zahtjev Envera Buze za odlaganjem izvr\u0161enja kazne zatvora - RADIO LJUBU\u0160KI\" \/>\n<meta property=\"og:description\" content=\"Ustavni sud Bosne i Hercegovine odbio je zahtjev Envera Buze, biv\u0161eg zapovjednika Samostalnog bataljuna Prozor Armije Bosne i Hercegovine (ABiH) osu\u0111enog na osam godina zatvora za zlo\u010din u Uzdolu u op\u0107ini Prozor-Rama, za privremeno odlaganje izvr\u0161enja zatvorske kazne dok se ne odlu\u010di o njegovoj apelaciji. Kako se navodi u odluci Ustavnog suda, Buza je tra\u017eio [&hellip;]\" \/>\n<meta property=\"og:url\" content=\"https:\/\/radioljubuski.ba\/index.php\/2021\/11\/09\/ustavni-sud-odbio-zahtjev-envera-buze-za-odlaganjem-izvrsenja-kazne-zatvora\/\" \/>\n<meta property=\"og:site_name\" content=\"RADIO LJUBU\u0160KI\" \/>\n<meta property=\"article:publisher\" content=\"https:\/\/www.facebook.com\/Radiio-Ljubuski-1490835324566332\" \/>\n<meta property=\"article:published_time\" content=\"2021-11-09T10:27:03+00:00\" \/>\n<meta property=\"og:image\" content=\"https:\/\/radioljubuski.ba\/wp-content\/uploads\/2021\/11\/buza-zrtve.jpg\" \/>\n\t<meta property=\"og:image:width\" content=\"840\" \/>\n\t<meta property=\"og:image:height\" content=\"470\" \/>\n\t<meta property=\"og:image:type\" content=\"image\/jpeg\" \/>\n<meta name=\"author\" content=\"Radio Ljubu\u0161ki\" \/>\n<meta name=\"twitter:card\" content=\"summary_large_image\" \/>\n<meta name=\"twitter:creator\" content=\"@radioljubuski\" \/>\n<meta name=\"twitter:site\" content=\"@radioljubuski\" \/>\n<meta name=\"twitter:label1\" content=\"Napisao\/la\" \/>\n\t<meta name=\"twitter:data1\" content=\"Radio Ljubu\u0161ki\" \/>\n\t<meta name=\"twitter:label2\" content=\"Procijenjeno vrijeme \u010ditanja\" \/>\n\t<meta name=\"twitter:data2\" content=\"3 minute\" \/>\n<script type=\"application\/ld+json\" class=\"yoast-schema-graph\">{\"@context\":\"https:\\\/\\\/schema.org\",\"@graph\":[{\"@type\":\"Article\",\"@id\":\"https:\\\/\\\/radioljubuski.ba\\\/index.php\\\/2021\\\/11\\\/09\\\/ustavni-sud-odbio-zahtjev-envera-buze-za-odlaganjem-izvrsenja-kazne-zatvora\\\/#article\",\"isPartOf\":{\"@id\":\"https:\\\/\\\/radioljubuski.ba\\\/index.php\\\/2021\\\/11\\\/09\\\/ustavni-sud-odbio-zahtjev-envera-buze-za-odlaganjem-izvrsenja-kazne-zatvora\\\/\"},\"author\":{\"name\":\"Radio Ljubu\u0161ki\",\"@id\":\"https:\\\/\\\/radioljubuski.ba\\\/#\\\/schema\\\/person\\\/19fc700381a780f69665d7956c469e3b\"},\"headline\":\"Ustavni sud odbio zahtjev Envera Buze za odlaganjem izvr\u0161enja kazne zatvora\",\"datePublished\":\"2021-11-09T10:27:03+00:00\",\"mainEntityOfPage\":{\"@id\":\"https:\\\/\\\/radioljubuski.ba\\\/index.php\\\/2021\\\/11\\\/09\\\/ustavni-sud-odbio-zahtjev-envera-buze-za-odlaganjem-izvrsenja-kazne-zatvora\\\/\"},\"wordCount\":543,\"publisher\":{\"@id\":\"https:\\\/\\\/radioljubuski.ba\\\/#organization\"},\"image\":{\"@id\":\"https:\\\/\\\/radioljubuski.ba\\\/index.php\\\/2021\\\/11\\\/09\\\/ustavni-sud-odbio-zahtjev-envera-buze-za-odlaganjem-izvrsenja-kazne-zatvora\\\/#primaryimage\"},\"thumbnailUrl\":\"https:\\\/\\\/radioljubuski.ba\\\/wp-content\\\/uploads\\\/2021\\\/11\\\/buza-zrtve.jpg\",\"articleSection\":[\"BIH i regija\"],\"inLanguage\":\"hr\"},{\"@type\":\"WebPage\",\"@id\":\"https:\\\/\\\/radioljubuski.ba\\\/index.php\\\/2021\\\/11\\\/09\\\/ustavni-sud-odbio-zahtjev-envera-buze-za-odlaganjem-izvrsenja-kazne-zatvora\\\/\",\"url\":\"https:\\\/\\\/radioljubuski.ba\\\/index.php\\\/2021\\\/11\\\/09\\\/ustavni-sud-odbio-zahtjev-envera-buze-za-odlaganjem-izvrsenja-kazne-zatvora\\\/\",\"name\":\"Ustavni sud odbio zahtjev Envera Buze za odlaganjem izvr\u0161enja kazne zatvora - RADIO LJUBU\u0160KI\",\"isPartOf\":{\"@id\":\"https:\\\/\\\/radioljubuski.ba\\\/#website\"},\"primaryImageOfPage\":{\"@id\":\"https:\\\/\\\/radioljubuski.ba\\\/index.php\\\/2021\\\/11\\\/09\\\/ustavni-sud-odbio-zahtjev-envera-buze-za-odlaganjem-izvrsenja-kazne-zatvora\\\/#primaryimage\"},\"image\":{\"@id\":\"https:\\\/\\\/radioljubuski.ba\\\/index.php\\\/2021\\\/11\\\/09\\\/ustavni-sud-odbio-zahtjev-envera-buze-za-odlaganjem-izvrsenja-kazne-zatvora\\\/#primaryimage\"},\"thumbnailUrl\":\"https:\\\/\\\/radioljubuski.ba\\\/wp-content\\\/uploads\\\/2021\\\/11\\\/buza-zrtve.jpg\",\"datePublished\":\"2021-11-09T10:27:03+00:00\",\"breadcrumb\":{\"@id\":\"https:\\\/\\\/radioljubuski.ba\\\/index.php\\\/2021\\\/11\\\/09\\\/ustavni-sud-odbio-zahtjev-envera-buze-za-odlaganjem-izvrsenja-kazne-zatvora\\\/#breadcrumb\"},\"inLanguage\":\"hr\",\"potentialAction\":[{\"@type\":\"ReadAction\",\"target\":[\"https:\\\/\\\/radioljubuski.ba\\\/index.php\\\/2021\\\/11\\\/09\\\/ustavni-sud-odbio-zahtjev-envera-buze-za-odlaganjem-izvrsenja-kazne-zatvora\\\/\"]}]},{\"@type\":\"ImageObject\",\"inLanguage\":\"hr\",\"@id\":\"https:\\\/\\\/radioljubuski.ba\\\/index.php\\\/2021\\\/11\\\/09\\\/ustavni-sud-odbio-zahtjev-envera-buze-za-odlaganjem-izvrsenja-kazne-zatvora\\\/#primaryimage\",\"url\":\"https:\\\/\\\/radioljubuski.ba\\\/wp-content\\\/uploads\\\/2021\\\/11\\\/buza-zrtve.jpg\",\"contentUrl\":\"https:\\\/\\\/radioljubuski.ba\\\/wp-content\\\/uploads\\\/2021\\\/11\\\/buza-zrtve.jpg\",\"width\":840,\"height\":470},{\"@type\":\"BreadcrumbList\",\"@id\":\"https:\\\/\\\/radioljubuski.ba\\\/index.php\\\/2021\\\/11\\\/09\\\/ustavni-sud-odbio-zahtjev-envera-buze-za-odlaganjem-izvrsenja-kazne-zatvora\\\/#breadcrumb\",\"itemListElement\":[{\"@type\":\"ListItem\",\"position\":1,\"name\":\"Po\u010detna stranica\",\"item\":\"https:\\\/\\\/radioljubuski.ba\\\/\"},{\"@type\":\"ListItem\",\"position\":2,\"name\":\"Ustavni sud odbio zahtjev Envera Buze za odlaganjem izvr\u0161enja kazne zatvora\"}]},{\"@type\":\"WebSite\",\"@id\":\"https:\\\/\\\/radioljubuski.ba\\\/#website\",\"url\":\"https:\\\/\\\/radioljubuski.ba\\\/\",\"name\":\"Radio Ljubu\u0161ki\",\"description\":\"Sun\u010dana frekvencija Hercegovine\",\"publisher\":{\"@id\":\"https:\\\/\\\/radioljubuski.ba\\\/#organization\"},\"potentialAction\":[{\"@type\":\"SearchAction\",\"target\":{\"@type\":\"EntryPoint\",\"urlTemplate\":\"https:\\\/\\\/radioljubuski.ba\\\/?s={search_term_string}\"},\"query-input\":{\"@type\":\"PropertyValueSpecification\",\"valueRequired\":true,\"valueName\":\"search_term_string\"}}],\"inLanguage\":\"hr\"},{\"@type\":\"Organization\",\"@id\":\"https:\\\/\\\/radioljubuski.ba\\\/#organization\",\"name\":\"Radio Ljubu\u0161ki\",\"url\":\"https:\\\/\\\/radioljubuski.ba\\\/\",\"logo\":{\"@type\":\"ImageObject\",\"inLanguage\":\"hr\",\"@id\":\"https:\\\/\\\/radioljubuski.ba\\\/#\\\/schema\\\/logo\\\/image\\\/\",\"url\":\"https:\\\/\\\/radioljubuski.ba\\\/wp-content\\\/uploads\\\/2021\\\/02\\\/cropped-Radio_Ljubuski_logo1.jpg\",\"contentUrl\":\"https:\\\/\\\/radioljubuski.ba\\\/wp-content\\\/uploads\\\/2021\\\/02\\\/cropped-Radio_Ljubuski_logo1.jpg\",\"width\":512,\"height\":512,\"caption\":\"Radio Ljubu\u0161ki\"},\"image\":{\"@id\":\"https:\\\/\\\/radioljubuski.ba\\\/#\\\/schema\\\/logo\\\/image\\\/\"},\"sameAs\":[\"https:\\\/\\\/www.facebook.com\\\/Radiio-Ljubuski-1490835324566332\",\"https:\\\/\\\/x.com\\\/radioljubuski\",\"https:\\\/\\\/hr.linkedin.com\\\/company\\\/radio-ljubuski\",\"https:\\\/\\\/www.youtube.com\\\/channel\\\/UCHYaeO_n0Db3tjNGudGpXyw\"]},{\"@type\":\"Person\",\"@id\":\"https:\\\/\\\/radioljubuski.ba\\\/#\\\/schema\\\/person\\\/19fc700381a780f69665d7956c469e3b\",\"name\":\"Radio Ljubu\u0161ki\"}]}<\/script>\n<!-- \/ Yoast SEO plugin. -->","yoast_head_json":{"title":"Ustavni sud odbio zahtjev Envera Buze za odlaganjem izvr\u0161enja kazne zatvora - RADIO LJUBU\u0160KI","robots":{"index":"index","follow":"follow","max-snippet":"max-snippet:-1","max-image-preview":"max-image-preview:large","max-video-preview":"max-video-preview:-1"},"canonical":"https:\/\/radioljubuski.ba\/index.php\/2021\/11\/09\/ustavni-sud-odbio-zahtjev-envera-buze-za-odlaganjem-izvrsenja-kazne-zatvora\/","og_locale":"hr_HR","og_type":"article","og_title":"Ustavni sud odbio zahtjev Envera Buze za odlaganjem izvr\u0161enja kazne zatvora - RADIO LJUBU\u0160KI","og_description":"Ustavni sud Bosne i Hercegovine odbio je zahtjev Envera Buze, biv\u0161eg zapovjednika Samostalnog bataljuna Prozor Armije Bosne i Hercegovine (ABiH) osu\u0111enog na osam godina zatvora za zlo\u010din u Uzdolu u op\u0107ini Prozor-Rama, za privremeno odlaganje izvr\u0161enja zatvorske kazne dok se ne odlu\u010di o njegovoj apelaciji. Kako se navodi u odluci Ustavnog suda, Buza je tra\u017eio [&hellip;]","og_url":"https:\/\/radioljubuski.ba\/index.php\/2021\/11\/09\/ustavni-sud-odbio-zahtjev-envera-buze-za-odlaganjem-izvrsenja-kazne-zatvora\/","og_site_name":"RADIO LJUBU\u0160KI","article_publisher":"https:\/\/www.facebook.com\/Radiio-Ljubuski-1490835324566332","article_published_time":"2021-11-09T10:27:03+00:00","og_image":[{"width":840,"height":470,"url":"https:\/\/radioljubuski.ba\/wp-content\/uploads\/2021\/11\/buza-zrtve.jpg","type":"image\/jpeg"}],"author":"Radio Ljubu\u0161ki","twitter_card":"summary_large_image","twitter_creator":"@radioljubuski","twitter_site":"@radioljubuski","twitter_misc":{"Napisao\/la":"Radio Ljubu\u0161ki","Procijenjeno vrijeme \u010ditanja":"3 minute"},"schema":{"@context":"https:\/\/schema.org","@graph":[{"@type":"Article","@id":"https:\/\/radioljubuski.ba\/index.php\/2021\/11\/09\/ustavni-sud-odbio-zahtjev-envera-buze-za-odlaganjem-izvrsenja-kazne-zatvora\/#article","isPartOf":{"@id":"https:\/\/radioljubuski.ba\/index.php\/2021\/11\/09\/ustavni-sud-odbio-zahtjev-envera-buze-za-odlaganjem-izvrsenja-kazne-zatvora\/"},"author":{"name":"Radio Ljubu\u0161ki","@id":"https:\/\/radioljubuski.ba\/#\/schema\/person\/19fc700381a780f69665d7956c469e3b"},"headline":"Ustavni sud odbio zahtjev Envera Buze za odlaganjem izvr\u0161enja kazne zatvora","datePublished":"2021-11-09T10:27:03+00:00","mainEntityOfPage":{"@id":"https:\/\/radioljubuski.ba\/index.php\/2021\/11\/09\/ustavni-sud-odbio-zahtjev-envera-buze-za-odlaganjem-izvrsenja-kazne-zatvora\/"},"wordCount":543,"publisher":{"@id":"https:\/\/radioljubuski.ba\/#organization"},"image":{"@id":"https:\/\/radioljubuski.ba\/index.php\/2021\/11\/09\/ustavni-sud-odbio-zahtjev-envera-buze-za-odlaganjem-izvrsenja-kazne-zatvora\/#primaryimage"},"thumbnailUrl":"https:\/\/radioljubuski.ba\/wp-content\/uploads\/2021\/11\/buza-zrtve.jpg","articleSection":["BIH i regija"],"inLanguage":"hr"},{"@type":"WebPage","@id":"https:\/\/radioljubuski.ba\/index.php\/2021\/11\/09\/ustavni-sud-odbio-zahtjev-envera-buze-za-odlaganjem-izvrsenja-kazne-zatvora\/","url":"https:\/\/radioljubuski.ba\/index.php\/2021\/11\/09\/ustavni-sud-odbio-zahtjev-envera-buze-za-odlaganjem-izvrsenja-kazne-zatvora\/","name":"Ustavni sud odbio zahtjev Envera Buze za odlaganjem izvr\u0161enja kazne zatvora - RADIO LJUBU\u0160KI","isPartOf":{"@id":"https:\/\/radioljubuski.ba\/#website"},"primaryImageOfPage":{"@id":"https:\/\/radioljubuski.ba\/index.php\/2021\/11\/09\/ustavni-sud-odbio-zahtjev-envera-buze-za-odlaganjem-izvrsenja-kazne-zatvora\/#primaryimage"},"image":{"@id":"https:\/\/radioljubuski.ba\/index.php\/2021\/11\/09\/ustavni-sud-odbio-zahtjev-envera-buze-za-odlaganjem-izvrsenja-kazne-zatvora\/#primaryimage"},"thumbnailUrl":"https:\/\/radioljubuski.ba\/wp-content\/uploads\/2021\/11\/buza-zrtve.jpg","datePublished":"2021-11-09T10:27:03+00:00","breadcrumb":{"@id":"https:\/\/radioljubuski.ba\/index.php\/2021\/11\/09\/ustavni-sud-odbio-zahtjev-envera-buze-za-odlaganjem-izvrsenja-kazne-zatvora\/#breadcrumb"},"inLanguage":"hr","potentialAction":[{"@type":"ReadAction","target":["https:\/\/radioljubuski.ba\/index.php\/2021\/11\/09\/ustavni-sud-odbio-zahtjev-envera-buze-za-odlaganjem-izvrsenja-kazne-zatvora\/"]}]},{"@type":"ImageObject","inLanguage":"hr","@id":"https:\/\/radioljubuski.ba\/index.php\/2021\/11\/09\/ustavni-sud-odbio-zahtjev-envera-buze-za-odlaganjem-izvrsenja-kazne-zatvora\/#primaryimage","url":"https:\/\/radioljubuski.ba\/wp-content\/uploads\/2021\/11\/buza-zrtve.jpg","contentUrl":"https:\/\/radioljubuski.ba\/wp-content\/uploads\/2021\/11\/buza-zrtve.jpg","width":840,"height":470},{"@type":"BreadcrumbList","@id":"https:\/\/radioljubuski.ba\/index.php\/2021\/11\/09\/ustavni-sud-odbio-zahtjev-envera-buze-za-odlaganjem-izvrsenja-kazne-zatvora\/#breadcrumb","itemListElement":[{"@type":"ListItem","position":1,"name":"Po\u010detna stranica","item":"https:\/\/radioljubuski.ba\/"},{"@type":"ListItem","position":2,"name":"Ustavni sud odbio zahtjev Envera Buze za odlaganjem izvr\u0161enja kazne zatvora"}]},{"@type":"WebSite","@id":"https:\/\/radioljubuski.ba\/#website","url":"https:\/\/radioljubuski.ba\/","name":"Radio Ljubu\u0161ki","description":"Sun\u010dana frekvencija Hercegovine","publisher":{"@id":"https:\/\/radioljubuski.ba\/#organization"},"potentialAction":[{"@type":"SearchAction","target":{"@type":"EntryPoint","urlTemplate":"https:\/\/radioljubuski.ba\/?s={search_term_string}"},"query-input":{"@type":"PropertyValueSpecification","valueRequired":true,"valueName":"search_term_string"}}],"inLanguage":"hr"},{"@type":"Organization","@id":"https:\/\/radioljubuski.ba\/#organization","name":"Radio Ljubu\u0161ki","url":"https:\/\/radioljubuski.ba\/","logo":{"@type":"ImageObject","inLanguage":"hr","@id":"https:\/\/radioljubuski.ba\/#\/schema\/logo\/image\/","url":"https:\/\/radioljubuski.ba\/wp-content\/uploads\/2021\/02\/cropped-Radio_Ljubuski_logo1.jpg","contentUrl":"https:\/\/radioljubuski.ba\/wp-content\/uploads\/2021\/02\/cropped-Radio_Ljubuski_logo1.jpg","width":512,"height":512,"caption":"Radio Ljubu\u0161ki"},"image":{"@id":"https:\/\/radioljubuski.ba\/#\/schema\/logo\/image\/"},"sameAs":["https:\/\/www.facebook.com\/Radiio-Ljubuski-1490835324566332","https:\/\/x.com\/radioljubuski","https:\/\/hr.linkedin.com\/company\/radio-ljubuski","https:\/\/www.youtube.com\/channel\/UCHYaeO_n0Db3tjNGudGpXyw"]},{"@type":"Person","@id":"https:\/\/radioljubuski.ba\/#\/schema\/person\/19fc700381a780f69665d7956c469e3b","name":"Radio Ljubu\u0161ki"}]}},"_links":{"self":[{"href":"https:\/\/radioljubuski.ba\/index.php\/wp-json\/wp\/v2\/posts\/86837","targetHints":{"allow":["GET"]}}],"collection":[{"href":"https:\/\/radioljubuski.ba\/index.php\/wp-json\/wp\/v2\/posts"}],"about":[{"href":"https:\/\/radioljubuski.ba\/index.php\/wp-json\/wp\/v2\/types\/post"}],"author":[{"embeddable":true,"href":"https:\/\/radioljubuski.ba\/index.php\/wp-json\/wp\/v2\/users\/2"}],"replies":[{"embeddable":true,"href":"https:\/\/radioljubuski.ba\/index.php\/wp-json\/wp\/v2\/comments?post=86837"}],"version-history":[{"count":1,"href":"https:\/\/radioljubuski.ba\/index.php\/wp-json\/wp\/v2\/posts\/86837\/revisions"}],"predecessor-version":[{"id":86839,"href":"https:\/\/radioljubuski.ba\/index.php\/wp-json\/wp\/v2\/posts\/86837\/revisions\/86839"}],"wp:featuredmedia":[{"embeddable":true,"href":"https:\/\/radioljubuski.ba\/index.php\/wp-json\/wp\/v2\/media\/86838"}],"wp:attachment":[{"href":"https:\/\/radioljubuski.ba\/index.php\/wp-json\/wp\/v2\/media?parent=86837"}],"wp:term":[{"taxonomy":"category","embeddable":true,"href":"https:\/\/radioljubuski.ba\/index.php\/wp-json\/wp\/v2\/categories?post=86837"},{"taxonomy":"post_tag","embeddable":true,"href":"https:\/\/radioljubuski.ba\/index.php\/wp-json\/wp\/v2\/tags?post=86837"}],"curies":[{"name":"wp","href":"https:\/\/api.w.org\/{rel}","templated":true}]}}