{"id":86846,"date":"2021-11-09T11:33:22","date_gmt":"2021-11-09T10:33:22","guid":{"rendered":"https:\/\/radioljubuski.ba\/?p=86846"},"modified":"2021-11-09T11:33:22","modified_gmt":"2021-11-09T10:33:22","slug":"medu-oboljelima-od-covida-19-u-bih-sve-je-vise-cijepljenih","status":"publish","type":"post","link":"https:\/\/radioljubuski.ba\/index.php\/2021\/11\/09\/medu-oboljelima-od-covida-19-u-bih-sve-je-vise-cijepljenih\/","title":{"rendered":"Me\u0111u oboljelima od Covida-19 u BiH sve je vi\u0161e cijepljenih"},"content":{"rendered":"\n<p>Od ukupnog broja hospitaliziranih pacijenata u zdravstvenim ustanovama u BiH, izme\u0111u 15 i 20 posto su oni koji su primili obje doze nekog od dostupnih cjepiva. Za razliku od necijepljenih ljudi, me\u0111utim, nisu zabilje\u017eene ve\u0107e komplikacije. Na intenzivnoj njezi UKC RS trenutno se nalazi 36 vitalno ugro\u017eenih pacijenata. Nitko od njih nije cijepljen.<\/p>\n\n\n\n<iframe loading=\"lazy\" title=\"Sve vi\u0161e vakcinisanih osoba oboljelih od Kovida-19\" width=\"640\" height=\"360\" src=\"https:\/\/www.youtube.com\/embed\/G3YTEi4uzlk?feature=oembed\" frameborder=\"0\" allow=\"accelerometer; autoplay; clipboard-write; encrypted-media; gyroscope; picture-in-picture; web-share\" referrerpolicy=\"strict-origin-when-cross-origin\" allowfullscreen><\/iframe>\n\n\n\n<p>ANTONIJA VERHAZ, na\u010delnik Klinike za infektivne bolesti UKC RS<\/p>\n\n\n\n<p>\u201cU ovom trenutku nemamo takvo iskustvo da je pacijent cijepljen i oti\u0161ao na intenzivnu njegu i bio na respiratoru. U Klinici za infektivne bolesti ih je 19 posto, ali nismo imali smrtnih slu\u010dajeva.<\/p>\n\n\n\n<p>Epidemiolozi nisu iznena\u0111eni sve ve\u0107im brojem zara\u017eenih koji su potpuno cijepljeni. Prema njihovim rije\u010dima, glavni uzroci su relativno mali broj cijepljenih osoba i opu\u0161tenost gra\u0111ana, \u0161to zajedno doprinosi ve\u0107em prijenosu virusa. Postoje i drugi razlozi.<\/p>\n\n\n\n<p>JELENA \u0110AKOVI\u0106, epidemiolog Instituta za javno zdravstvo RS<\/p>\n\n\n\n<p>\u201eImunolo\u0161ki sustav starijih osoba koje imaju nekoliko pridru\u017eenih bolesti ponekad ne reagira punim kapacitetom pred samim uzrokom. Tada je sigurno da zarazna doza virusa zna\u010di da koli\u010dina virusa koja u\u0111e u tijelo sama ima utjecaj na odgovor imunolo\u0161kog sustava, \u010dak i kod cijepljene osobe. Zatim dolazi do cirkulacije novih sojeva virusa.&#8221;<\/p>\n\n\n\n<p>Imunolozi isti\u010du i da je normalno da virus napada i cijepljene i necijepljene, ali da to nema veze s u\u010dinkovito\u0161\u0107u cjepiva koja \u0161tite od te\u017eih simptoma.<\/p>\n\n\n\n<p>JASENKO KARAMEHI\u0106, predsjednik Udru\u017eenja imunologa BiH<\/p>\n\n\n\n<p>&#8220;Ve\u0107ina ljudi koji su cijepljeni to pro\u0111u kao malo lak\u0161u prehladu. To je prednost cijepljenja. To je njegov zna\u010daj. Cijepljenje je u\u010dinilo vi\u0161e za dobrobit \u010dovje\u010danstva od svih lijekova zajedno. A \u0161to se ti\u010de necijepljenih, ovo je, na\u017ealost, pandemija od necijepljenih.&#8221;<\/p>\n\n\n\n<p>Prema podacima Zavoda za javno zdravstvo Federacije BiH, u potpunosti je cijepljeno 21 posto punoljetnih gra\u0111ana. U RS je obje doze cjepiva primilo 31 posto gra\u0111ana. Cijepljenje se nastavlja u cijeloj zemlji, a interes gra\u0111ana je zadovoljavaju\u0107i.<\/p>\n\n\n\n<p>JELENA DOBROVOLJSKI, voditeljica Cijepnog mjesta Petri\u0107evac<\/p>\n\n\n\n<p>\u201cDanas je u planu druga doza cjepiva \u201cSputnjik V\u201d. Imamo oko 200 naru\u010denih ljudi. Odaziv je dobar. \u2013 Ljudi dolaze u svoje rokove.<\/p>\n\n\n\n<p>Stru\u010dnjaci ka\u017eu da bi mo\u017eda vi\u0161e pa\u017enje trebalo posvetiti ve\u0107em obujmu cijepljenja s obje doze, nego i\u0107i s tre\u0107om dozom. Ka\u017eu i da su statistike i brojke neupitne i da s obzirom na njih jo\u0161 uvijek prisutna dilema cijepiti se ili ne, ne bi smjela postojati, pi\u0161e BHRT.<\/p>\n\n\n\n<p>Izvor:BHRT<\/p>\n","protected":false},"excerpt":{"rendered":"<p>Od ukupnog broja hospitaliziranih pacijenata u zdravstvenim ustanovama u BiH, izme\u0111u 15 i 20 posto su oni koji su primili obje doze nekog od dostupnih cjepiva. Za razliku od necijepljenih ljudi, me\u0111utim, nisu zabilje\u017eene ve\u0107e komplikacije. Na intenzivnoj njezi UKC RS trenutno se nalazi 36 vitalno ugro\u017eenih pacijenata. Nitko od njih nije cijepljen. ANTONIJA VERHAZ, [&hellip;]<\/p>\n","protected":false},"author":2,"featured_media":45395,"comment_status":"closed","ping_status":"closed","sticky":false,"template":"","format":"standard","meta":{"h5ap_radio_sources":[],"footnotes":""},"categories":[1],"tags":[],"class_list":["post-86846","post","type-post","status-publish","format-standard","has-post-thumbnail","hentry","category-bihiregija"],"yoast_head":"<!-- This site is optimized with the Yoast SEO plugin v27.5 - https:\/\/yoast.com\/product\/yoast-seo-wordpress\/ -->\n<title>Me\u0111u oboljelima od Covida-19 u BiH sve je vi\u0161e cijepljenih - RADIO LJUBU\u0160KI<\/title>\n<meta name=\"robots\" content=\"index, follow, max-snippet:-1, max-image-preview:large, max-video-preview:-1\" \/>\n<link rel=\"canonical\" href=\"https:\/\/radioljubuski.ba\/index.php\/2021\/11\/09\/medu-oboljelima-od-covida-19-u-bih-sve-je-vise-cijepljenih\/\" \/>\n<meta property=\"og:locale\" content=\"hr_HR\" \/>\n<meta property=\"og:type\" content=\"article\" \/>\n<meta property=\"og:title\" content=\"Me\u0111u oboljelima od Covida-19 u BiH sve je vi\u0161e cijepljenih - RADIO LJUBU\u0160KI\" \/>\n<meta property=\"og:description\" content=\"Od ukupnog broja hospitaliziranih pacijenata u zdravstvenim ustanovama u BiH, izme\u0111u 15 i 20 posto su oni koji su primili obje doze nekog od dostupnih cjepiva. Za razliku od necijepljenih ljudi, me\u0111utim, nisu zabilje\u017eene ve\u0107e komplikacije. Na intenzivnoj njezi UKC RS trenutno se nalazi 36 vitalno ugro\u017eenih pacijenata. Nitko od njih nije cijepljen. ANTONIJA VERHAZ, [&hellip;]\" \/>\n<meta property=\"og:url\" content=\"https:\/\/radioljubuski.ba\/index.php\/2021\/11\/09\/medu-oboljelima-od-covida-19-u-bih-sve-je-vise-cijepljenih\/\" \/>\n<meta property=\"og:site_name\" content=\"RADIO LJUBU\u0160KI\" \/>\n<meta property=\"article:publisher\" content=\"https:\/\/www.facebook.com\/Radiio-Ljubuski-1490835324566332\" \/>\n<meta property=\"article:published_time\" content=\"2021-11-09T10:33:22+00:00\" \/>\n<meta property=\"og:image\" content=\"https:\/\/radioljubuski.ba\/wp-content\/uploads\/2021\/07\/2-2021-04-09-13-47-08-dz-mostar-cijepljenje1.jpg\" \/>\n\t<meta property=\"og:image:width\" content=\"1000\" \/>\n\t<meta property=\"og:image:height\" content=\"625\" \/>\n\t<meta property=\"og:image:type\" content=\"image\/jpeg\" \/>\n<meta name=\"author\" content=\"Radio Ljubu\u0161ki\" \/>\n<meta name=\"twitter:card\" content=\"summary_large_image\" \/>\n<meta name=\"twitter:creator\" content=\"@radioljubuski\" \/>\n<meta name=\"twitter:site\" content=\"@radioljubuski\" \/>\n<meta name=\"twitter:label1\" content=\"Napisao\/la\" \/>\n\t<meta name=\"twitter:data1\" content=\"Radio Ljubu\u0161ki\" \/>\n\t<meta name=\"twitter:label2\" content=\"Procijenjeno vrijeme \u010ditanja\" \/>\n\t<meta name=\"twitter:data2\" content=\"2 minute\" \/>\n<script type=\"application\/ld+json\" class=\"yoast-schema-graph\">{\"@context\":\"https:\\\/\\\/schema.org\",\"@graph\":[{\"@type\":\"Article\",\"@id\":\"https:\\\/\\\/radioljubuski.ba\\\/index.php\\\/2021\\\/11\\\/09\\\/medu-oboljelima-od-covida-19-u-bih-sve-je-vise-cijepljenih\\\/#article\",\"isPartOf\":{\"@id\":\"https:\\\/\\\/radioljubuski.ba\\\/index.php\\\/2021\\\/11\\\/09\\\/medu-oboljelima-od-covida-19-u-bih-sve-je-vise-cijepljenih\\\/\"},\"author\":{\"name\":\"Radio Ljubu\u0161ki\",\"@id\":\"https:\\\/\\\/radioljubuski.ba\\\/#\\\/schema\\\/person\\\/19fc700381a780f69665d7956c469e3b\"},\"headline\":\"Me\u0111u oboljelima od Covida-19 u BiH sve je vi\u0161e cijepljenih\",\"datePublished\":\"2021-11-09T10:33:22+00:00\",\"mainEntityOfPage\":{\"@id\":\"https:\\\/\\\/radioljubuski.ba\\\/index.php\\\/2021\\\/11\\\/09\\\/medu-oboljelima-od-covida-19-u-bih-sve-je-vise-cijepljenih\\\/\"},\"wordCount\":442,\"publisher\":{\"@id\":\"https:\\\/\\\/radioljubuski.ba\\\/#organization\"},\"image\":{\"@id\":\"https:\\\/\\\/radioljubuski.ba\\\/index.php\\\/2021\\\/11\\\/09\\\/medu-oboljelima-od-covida-19-u-bih-sve-je-vise-cijepljenih\\\/#primaryimage\"},\"thumbnailUrl\":\"https:\\\/\\\/radioljubuski.ba\\\/wp-content\\\/uploads\\\/2021\\\/07\\\/2-2021-04-09-13-47-08-dz-mostar-cijepljenje1.jpg\",\"articleSection\":[\"BIH i regija\"],\"inLanguage\":\"hr\"},{\"@type\":\"WebPage\",\"@id\":\"https:\\\/\\\/radioljubuski.ba\\\/index.php\\\/2021\\\/11\\\/09\\\/medu-oboljelima-od-covida-19-u-bih-sve-je-vise-cijepljenih\\\/\",\"url\":\"https:\\\/\\\/radioljubuski.ba\\\/index.php\\\/2021\\\/11\\\/09\\\/medu-oboljelima-od-covida-19-u-bih-sve-je-vise-cijepljenih\\\/\",\"name\":\"Me\u0111u oboljelima od Covida-19 u BiH sve je vi\u0161e cijepljenih - RADIO LJUBU\u0160KI\",\"isPartOf\":{\"@id\":\"https:\\\/\\\/radioljubuski.ba\\\/#website\"},\"primaryImageOfPage\":{\"@id\":\"https:\\\/\\\/radioljubuski.ba\\\/index.php\\\/2021\\\/11\\\/09\\\/medu-oboljelima-od-covida-19-u-bih-sve-je-vise-cijepljenih\\\/#primaryimage\"},\"image\":{\"@id\":\"https:\\\/\\\/radioljubuski.ba\\\/index.php\\\/2021\\\/11\\\/09\\\/medu-oboljelima-od-covida-19-u-bih-sve-je-vise-cijepljenih\\\/#primaryimage\"},\"thumbnailUrl\":\"https:\\\/\\\/radioljubuski.ba\\\/wp-content\\\/uploads\\\/2021\\\/07\\\/2-2021-04-09-13-47-08-dz-mostar-cijepljenje1.jpg\",\"datePublished\":\"2021-11-09T10:33:22+00:00\",\"breadcrumb\":{\"@id\":\"https:\\\/\\\/radioljubuski.ba\\\/index.php\\\/2021\\\/11\\\/09\\\/medu-oboljelima-od-covida-19-u-bih-sve-je-vise-cijepljenih\\\/#breadcrumb\"},\"inLanguage\":\"hr\",\"potentialAction\":[{\"@type\":\"ReadAction\",\"target\":[\"https:\\\/\\\/radioljubuski.ba\\\/index.php\\\/2021\\\/11\\\/09\\\/medu-oboljelima-od-covida-19-u-bih-sve-je-vise-cijepljenih\\\/\"]}]},{\"@type\":\"ImageObject\",\"inLanguage\":\"hr\",\"@id\":\"https:\\\/\\\/radioljubuski.ba\\\/index.php\\\/2021\\\/11\\\/09\\\/medu-oboljelima-od-covida-19-u-bih-sve-je-vise-cijepljenih\\\/#primaryimage\",\"url\":\"https:\\\/\\\/radioljubuski.ba\\\/wp-content\\\/uploads\\\/2021\\\/07\\\/2-2021-04-09-13-47-08-dz-mostar-cijepljenje1.jpg\",\"contentUrl\":\"https:\\\/\\\/radioljubuski.ba\\\/wp-content\\\/uploads\\\/2021\\\/07\\\/2-2021-04-09-13-47-08-dz-mostar-cijepljenje1.jpg\",\"width\":1000,\"height\":625},{\"@type\":\"BreadcrumbList\",\"@id\":\"https:\\\/\\\/radioljubuski.ba\\\/index.php\\\/2021\\\/11\\\/09\\\/medu-oboljelima-od-covida-19-u-bih-sve-je-vise-cijepljenih\\\/#breadcrumb\",\"itemListElement\":[{\"@type\":\"ListItem\",\"position\":1,\"name\":\"Po\u010detna stranica\",\"item\":\"https:\\\/\\\/radioljubuski.ba\\\/\"},{\"@type\":\"ListItem\",\"position\":2,\"name\":\"Me\u0111u oboljelima od Covida-19 u BiH sve je vi\u0161e cijepljenih\"}]},{\"@type\":\"WebSite\",\"@id\":\"https:\\\/\\\/radioljubuski.ba\\\/#website\",\"url\":\"https:\\\/\\\/radioljubuski.ba\\\/\",\"name\":\"Radio Ljubu\u0161ki\",\"description\":\"Sun\u010dana frekvencija Hercegovine\",\"publisher\":{\"@id\":\"https:\\\/\\\/radioljubuski.ba\\\/#organization\"},\"potentialAction\":[{\"@type\":\"SearchAction\",\"target\":{\"@type\":\"EntryPoint\",\"urlTemplate\":\"https:\\\/\\\/radioljubuski.ba\\\/?s={search_term_string}\"},\"query-input\":{\"@type\":\"PropertyValueSpecification\",\"valueRequired\":true,\"valueName\":\"search_term_string\"}}],\"inLanguage\":\"hr\"},{\"@type\":\"Organization\",\"@id\":\"https:\\\/\\\/radioljubuski.ba\\\/#organization\",\"name\":\"Radio Ljubu\u0161ki\",\"url\":\"https:\\\/\\\/radioljubuski.ba\\\/\",\"logo\":{\"@type\":\"ImageObject\",\"inLanguage\":\"hr\",\"@id\":\"https:\\\/\\\/radioljubuski.ba\\\/#\\\/schema\\\/logo\\\/image\\\/\",\"url\":\"https:\\\/\\\/radioljubuski.ba\\\/wp-content\\\/uploads\\\/2021\\\/02\\\/cropped-Radio_Ljubuski_logo1.jpg\",\"contentUrl\":\"https:\\\/\\\/radioljubuski.ba\\\/wp-content\\\/uploads\\\/2021\\\/02\\\/cropped-Radio_Ljubuski_logo1.jpg\",\"width\":512,\"height\":512,\"caption\":\"Radio Ljubu\u0161ki\"},\"image\":{\"@id\":\"https:\\\/\\\/radioljubuski.ba\\\/#\\\/schema\\\/logo\\\/image\\\/\"},\"sameAs\":[\"https:\\\/\\\/www.facebook.com\\\/Radiio-Ljubuski-1490835324566332\",\"https:\\\/\\\/x.com\\\/radioljubuski\",\"https:\\\/\\\/hr.linkedin.com\\\/company\\\/radio-ljubuski\",\"https:\\\/\\\/www.youtube.com\\\/channel\\\/UCHYaeO_n0Db3tjNGudGpXyw\"]},{\"@type\":\"Person\",\"@id\":\"https:\\\/\\\/radioljubuski.ba\\\/#\\\/schema\\\/person\\\/19fc700381a780f69665d7956c469e3b\",\"name\":\"Radio Ljubu\u0161ki\"}]}<\/script>\n<!-- \/ Yoast SEO plugin. -->","yoast_head_json":{"title":"Me\u0111u oboljelima od Covida-19 u BiH sve je vi\u0161e cijepljenih - RADIO LJUBU\u0160KI","robots":{"index":"index","follow":"follow","max-snippet":"max-snippet:-1","max-image-preview":"max-image-preview:large","max-video-preview":"max-video-preview:-1"},"canonical":"https:\/\/radioljubuski.ba\/index.php\/2021\/11\/09\/medu-oboljelima-od-covida-19-u-bih-sve-je-vise-cijepljenih\/","og_locale":"hr_HR","og_type":"article","og_title":"Me\u0111u oboljelima od Covida-19 u BiH sve je vi\u0161e cijepljenih - RADIO LJUBU\u0160KI","og_description":"Od ukupnog broja hospitaliziranih pacijenata u zdravstvenim ustanovama u BiH, izme\u0111u 15 i 20 posto su oni koji su primili obje doze nekog od dostupnih cjepiva. Za razliku od necijepljenih ljudi, me\u0111utim, nisu zabilje\u017eene ve\u0107e komplikacije. Na intenzivnoj njezi UKC RS trenutno se nalazi 36 vitalno ugro\u017eenih pacijenata. Nitko od njih nije cijepljen. ANTONIJA VERHAZ, [&hellip;]","og_url":"https:\/\/radioljubuski.ba\/index.php\/2021\/11\/09\/medu-oboljelima-od-covida-19-u-bih-sve-je-vise-cijepljenih\/","og_site_name":"RADIO LJUBU\u0160KI","article_publisher":"https:\/\/www.facebook.com\/Radiio-Ljubuski-1490835324566332","article_published_time":"2021-11-09T10:33:22+00:00","og_image":[{"width":1000,"height":625,"url":"https:\/\/radioljubuski.ba\/wp-content\/uploads\/2021\/07\/2-2021-04-09-13-47-08-dz-mostar-cijepljenje1.jpg","type":"image\/jpeg"}],"author":"Radio Ljubu\u0161ki","twitter_card":"summary_large_image","twitter_creator":"@radioljubuski","twitter_site":"@radioljubuski","twitter_misc":{"Napisao\/la":"Radio Ljubu\u0161ki","Procijenjeno vrijeme \u010ditanja":"2 minute"},"schema":{"@context":"https:\/\/schema.org","@graph":[{"@type":"Article","@id":"https:\/\/radioljubuski.ba\/index.php\/2021\/11\/09\/medu-oboljelima-od-covida-19-u-bih-sve-je-vise-cijepljenih\/#article","isPartOf":{"@id":"https:\/\/radioljubuski.ba\/index.php\/2021\/11\/09\/medu-oboljelima-od-covida-19-u-bih-sve-je-vise-cijepljenih\/"},"author":{"name":"Radio Ljubu\u0161ki","@id":"https:\/\/radioljubuski.ba\/#\/schema\/person\/19fc700381a780f69665d7956c469e3b"},"headline":"Me\u0111u oboljelima od Covida-19 u BiH sve je vi\u0161e cijepljenih","datePublished":"2021-11-09T10:33:22+00:00","mainEntityOfPage":{"@id":"https:\/\/radioljubuski.ba\/index.php\/2021\/11\/09\/medu-oboljelima-od-covida-19-u-bih-sve-je-vise-cijepljenih\/"},"wordCount":442,"publisher":{"@id":"https:\/\/radioljubuski.ba\/#organization"},"image":{"@id":"https:\/\/radioljubuski.ba\/index.php\/2021\/11\/09\/medu-oboljelima-od-covida-19-u-bih-sve-je-vise-cijepljenih\/#primaryimage"},"thumbnailUrl":"https:\/\/radioljubuski.ba\/wp-content\/uploads\/2021\/07\/2-2021-04-09-13-47-08-dz-mostar-cijepljenje1.jpg","articleSection":["BIH i regija"],"inLanguage":"hr"},{"@type":"WebPage","@id":"https:\/\/radioljubuski.ba\/index.php\/2021\/11\/09\/medu-oboljelima-od-covida-19-u-bih-sve-je-vise-cijepljenih\/","url":"https:\/\/radioljubuski.ba\/index.php\/2021\/11\/09\/medu-oboljelima-od-covida-19-u-bih-sve-je-vise-cijepljenih\/","name":"Me\u0111u oboljelima od Covida-19 u BiH sve je vi\u0161e cijepljenih - RADIO LJUBU\u0160KI","isPartOf":{"@id":"https:\/\/radioljubuski.ba\/#website"},"primaryImageOfPage":{"@id":"https:\/\/radioljubuski.ba\/index.php\/2021\/11\/09\/medu-oboljelima-od-covida-19-u-bih-sve-je-vise-cijepljenih\/#primaryimage"},"image":{"@id":"https:\/\/radioljubuski.ba\/index.php\/2021\/11\/09\/medu-oboljelima-od-covida-19-u-bih-sve-je-vise-cijepljenih\/#primaryimage"},"thumbnailUrl":"https:\/\/radioljubuski.ba\/wp-content\/uploads\/2021\/07\/2-2021-04-09-13-47-08-dz-mostar-cijepljenje1.jpg","datePublished":"2021-11-09T10:33:22+00:00","breadcrumb":{"@id":"https:\/\/radioljubuski.ba\/index.php\/2021\/11\/09\/medu-oboljelima-od-covida-19-u-bih-sve-je-vise-cijepljenih\/#breadcrumb"},"inLanguage":"hr","potentialAction":[{"@type":"ReadAction","target":["https:\/\/radioljubuski.ba\/index.php\/2021\/11\/09\/medu-oboljelima-od-covida-19-u-bih-sve-je-vise-cijepljenih\/"]}]},{"@type":"ImageObject","inLanguage":"hr","@id":"https:\/\/radioljubuski.ba\/index.php\/2021\/11\/09\/medu-oboljelima-od-covida-19-u-bih-sve-je-vise-cijepljenih\/#primaryimage","url":"https:\/\/radioljubuski.ba\/wp-content\/uploads\/2021\/07\/2-2021-04-09-13-47-08-dz-mostar-cijepljenje1.jpg","contentUrl":"https:\/\/radioljubuski.ba\/wp-content\/uploads\/2021\/07\/2-2021-04-09-13-47-08-dz-mostar-cijepljenje1.jpg","width":1000,"height":625},{"@type":"BreadcrumbList","@id":"https:\/\/radioljubuski.ba\/index.php\/2021\/11\/09\/medu-oboljelima-od-covida-19-u-bih-sve-je-vise-cijepljenih\/#breadcrumb","itemListElement":[{"@type":"ListItem","position":1,"name":"Po\u010detna stranica","item":"https:\/\/radioljubuski.ba\/"},{"@type":"ListItem","position":2,"name":"Me\u0111u oboljelima od Covida-19 u BiH sve je vi\u0161e cijepljenih"}]},{"@type":"WebSite","@id":"https:\/\/radioljubuski.ba\/#website","url":"https:\/\/radioljubuski.ba\/","name":"Radio Ljubu\u0161ki","description":"Sun\u010dana frekvencija Hercegovine","publisher":{"@id":"https:\/\/radioljubuski.ba\/#organization"},"potentialAction":[{"@type":"SearchAction","target":{"@type":"EntryPoint","urlTemplate":"https:\/\/radioljubuski.ba\/?s={search_term_string}"},"query-input":{"@type":"PropertyValueSpecification","valueRequired":true,"valueName":"search_term_string"}}],"inLanguage":"hr"},{"@type":"Organization","@id":"https:\/\/radioljubuski.ba\/#organization","name":"Radio Ljubu\u0161ki","url":"https:\/\/radioljubuski.ba\/","logo":{"@type":"ImageObject","inLanguage":"hr","@id":"https:\/\/radioljubuski.ba\/#\/schema\/logo\/image\/","url":"https:\/\/radioljubuski.ba\/wp-content\/uploads\/2021\/02\/cropped-Radio_Ljubuski_logo1.jpg","contentUrl":"https:\/\/radioljubuski.ba\/wp-content\/uploads\/2021\/02\/cropped-Radio_Ljubuski_logo1.jpg","width":512,"height":512,"caption":"Radio Ljubu\u0161ki"},"image":{"@id":"https:\/\/radioljubuski.ba\/#\/schema\/logo\/image\/"},"sameAs":["https:\/\/www.facebook.com\/Radiio-Ljubuski-1490835324566332","https:\/\/x.com\/radioljubuski","https:\/\/hr.linkedin.com\/company\/radio-ljubuski","https:\/\/www.youtube.com\/channel\/UCHYaeO_n0Db3tjNGudGpXyw"]},{"@type":"Person","@id":"https:\/\/radioljubuski.ba\/#\/schema\/person\/19fc700381a780f69665d7956c469e3b","name":"Radio Ljubu\u0161ki"}]}},"_links":{"self":[{"href":"https:\/\/radioljubuski.ba\/index.php\/wp-json\/wp\/v2\/posts\/86846","targetHints":{"allow":["GET"]}}],"collection":[{"href":"https:\/\/radioljubuski.ba\/index.php\/wp-json\/wp\/v2\/posts"}],"about":[{"href":"https:\/\/radioljubuski.ba\/index.php\/wp-json\/wp\/v2\/types\/post"}],"author":[{"embeddable":true,"href":"https:\/\/radioljubuski.ba\/index.php\/wp-json\/wp\/v2\/users\/2"}],"replies":[{"embeddable":true,"href":"https:\/\/radioljubuski.ba\/index.php\/wp-json\/wp\/v2\/comments?post=86846"}],"version-history":[{"count":1,"href":"https:\/\/radioljubuski.ba\/index.php\/wp-json\/wp\/v2\/posts\/86846\/revisions"}],"predecessor-version":[{"id":86847,"href":"https:\/\/radioljubuski.ba\/index.php\/wp-json\/wp\/v2\/posts\/86846\/revisions\/86847"}],"wp:featuredmedia":[{"embeddable":true,"href":"https:\/\/radioljubuski.ba\/index.php\/wp-json\/wp\/v2\/media\/45395"}],"wp:attachment":[{"href":"https:\/\/radioljubuski.ba\/index.php\/wp-json\/wp\/v2\/media?parent=86846"}],"wp:term":[{"taxonomy":"category","embeddable":true,"href":"https:\/\/radioljubuski.ba\/index.php\/wp-json\/wp\/v2\/categories?post=86846"},{"taxonomy":"post_tag","embeddable":true,"href":"https:\/\/radioljubuski.ba\/index.php\/wp-json\/wp\/v2\/tags?post=86846"}],"curies":[{"name":"wp","href":"https:\/\/api.w.org\/{rel}","templated":true}]}}