{"id":8686,"date":"2021-04-01T18:47:14","date_gmt":"2021-04-01T17:47:14","guid":{"rendered":"https:\/\/radioljubuski.ba\/?p=8686"},"modified":"2021-04-01T18:47:14","modified_gmt":"2021-04-01T17:47:14","slug":"europa-na-udaru-treceg-vala","status":"publish","type":"post","link":"https:\/\/radioljubuski.ba\/index.php\/2021\/04\/01\/europa-na-udaru-treceg-vala\/","title":{"rendered":"Europa na udaru tre\u0107eg vala"},"content":{"rendered":"\n<p><strong>Diljem Europe ubrzano se \u0161iri tre\u0107i val pandemije pa sve vi\u0161e zemalja opet pribjegava lockdownu. Austrija ga je uvela u najpogo\u0111enijim regijama, a Francuska u cijeloj zemlji, i to najmanje na mjesec dana.<\/strong><\/p>\n\n\n\n<p>Francuski predsjednik&nbsp;<strong>Emmanuel Macron<\/strong>&nbsp;u sino\u0107njem televizijskom obra\u0107anju najavio je da \u0107e od subote na najmanje mjesec dana zatvoriti cijelu zemlju. Premijer danas za to od oba doma parlamenta tra\u017ei suglasnost.<br><br>&#8211; Ovaj val epidemije iznimno zabrinjava jer nas poga\u0111a kada je na\u0161 zdravstveni sustav ve\u0107 te\u0161ko i dugotrajno optere\u0107en, izjavio je&nbsp;<strong>Jean Castex<\/strong>, francuski premijer.<br><br>Na intenzivnoj je skrbi vi\u0161e od 5.000 pacijenata, u najte\u017ee pogo\u0111enim regijama ti su bolni\u010dki odjeli na rubu kolapsa. Od velja\u010de u Francuskoj se broj novih slu\u010dajeva udvostru\u010dio, posljednjih dana svakodnevno ih je u prosjeku gotovo 40.000.&nbsp;<br><br><strong>&#8220;Predsjednik se kockao&#8221;<\/strong><br><br>&nbsp;<strong>Bertrand Pancher<\/strong>, parlamentarna skupina Slobode i teritoriji, ka\u017ee da se \u201epredsjednik kockao i ignorirao mi\u0161ljenja znanstvenog vije\u0107a riskiraju\u0107i razbuktavanje epidemije potkraj o\u017eujka\u201d.&nbsp;<br><br>&#8211; Dva mjeseca nismo ni\u0161ta postigli, a koliko je \u017eivota izgubljeno? \u010cujem da je predsjednik \u010destitao sam sebi \u0161to je \u010dekao \u0161to je dulje mogu\u0107e, kazao je.<\/p>\n\n\n\n<p><strong>Velik rast novozara\u017eenih u Europi<\/strong><strong><br><br><\/strong>U Europi posljednjih tjedana broj novih slu\u010dajeva ponovno ubrzano raste. Bolni\u010dki sustavi u mnogim zemljama pod golemim su pritiskom. U odnosu na broj stanovnika najvi\u0161e oboljelih od COVID-a lije\u010di se u bolnicama u Bugarskoj i Ma\u0111arskoj.&nbsp;<br><br><strong>Cecilia Mueller,<\/strong>&nbsp;glavna ma\u0111arska zdravstvena du\u017enosnica, isti\u010de da se zaraza prouzro\u010dena britanskim mutiranim virusom sve br\u017ee \u0161iri i veoma je intenzivna.<br><br>Poljska iz dana u dan ima sve vi\u0161e novooboljelih i preminulih. Danas je vi\u0161e od 35.000 potvr\u0111enih slu\u010dajeva zaraze, najvi\u0161e u \u0160leskoj. U toj regiji, u kojoj \u017eivi 4,5 milijuna ljudi, na raspolaganju je ostao jedan respirator.<br><br>Britanska varijanta virusa prevladava i u Sloveniji. Danas je ondje uvedeno 11-dnevno strogo zatvaranje.<br><br>Slovenski predsjednik&nbsp;<strong>Borut Pahor<\/strong>&nbsp;izjavio je da je, uz cijepljenje, to jedini na\u010din da se prevlada kriza.<br><br>U zemljama Europske unije jednu dozu cjepiva primilo je 16 % stanovnika. Svjetska zdravstvena organizacija kritizira &#8211; cijepljenje se u Europi provodi neprihvatljivo sporo.<br><br><strong>&#8220;Bijeg od lockdowna&#8221;<\/strong><br><br>Ne \u017eele\u0107i jo\u0161 jedne uskrsne blagdane provesti u lockdownu u svojim domovinama, tisu\u0107e turista, uglavnom iz Njema\u010dke, uto\u010di\u0161te su prona\u0161le na \u0161panjolskim Balearima. Dolazak stranih gostiju u prolje\u0107e, poticaj je u pravi trenutak te\u0161ko pogo\u0111enom \u0161panjolskom turizmu.<\/p>\n\n\n\n<p>Izvor:hrt.hr<\/p>\n","protected":false},"excerpt":{"rendered":"<p>Diljem Europe ubrzano se \u0161iri tre\u0107i val pandemije pa sve vi\u0161e zemalja opet pribjegava lockdownu. Austrija ga je uvela u najpogo\u0111enijim regijama, a Francuska u cijeloj zemlji, i to najmanje na mjesec dana. Francuski predsjednik&nbsp;Emmanuel Macron&nbsp;u sino\u0107njem televizijskom obra\u0107anju najavio je da \u0107e od subote na najmanje mjesec dana zatvoriti cijelu zemlju. Premijer danas za [&hellip;]<\/p>\n","protected":false},"author":2,"featured_media":8687,"comment_status":"closed","ping_status":"closed","sticky":false,"template":"","format":"standard","meta":{"h5ap_radio_sources":[],"footnotes":""},"categories":[1],"tags":[],"class_list":["post-8686","post","type-post","status-publish","format-standard","has-post-thumbnail","hentry","category-bihiregija"],"yoast_head":"<!-- This site is optimized with the Yoast SEO plugin v27.4 - https:\/\/yoast.com\/product\/yoast-seo-wordpress\/ -->\n<title>Europa na udaru tre\u0107eg vala - RADIO LJUBU\u0160KI<\/title>\n<meta name=\"robots\" content=\"index, follow, max-snippet:-1, max-image-preview:large, max-video-preview:-1\" \/>\n<link rel=\"canonical\" href=\"https:\/\/radioljubuski.ba\/index.php\/2021\/04\/01\/europa-na-udaru-treceg-vala\/\" \/>\n<meta property=\"og:locale\" content=\"hr_HR\" \/>\n<meta property=\"og:type\" content=\"article\" \/>\n<meta property=\"og:title\" content=\"Europa na udaru tre\u0107eg vala - RADIO LJUBU\u0160KI\" \/>\n<meta property=\"og:description\" content=\"Diljem Europe ubrzano se \u0161iri tre\u0107i val pandemije pa sve vi\u0161e zemalja opet pribjegava lockdownu. Austrija ga je uvela u najpogo\u0111enijim regijama, a Francuska u cijeloj zemlji, i to najmanje na mjesec dana. Francuski predsjednik&nbsp;Emmanuel Macron&nbsp;u sino\u0107njem televizijskom obra\u0107anju najavio je da \u0107e od subote na najmanje mjesec dana zatvoriti cijelu zemlju. Premijer danas za [&hellip;]\" \/>\n<meta property=\"og:url\" content=\"https:\/\/radioljubuski.ba\/index.php\/2021\/04\/01\/europa-na-udaru-treceg-vala\/\" \/>\n<meta property=\"og:site_name\" content=\"RADIO LJUBU\u0160KI\" \/>\n<meta property=\"article:publisher\" content=\"https:\/\/www.facebook.com\/Radiio-Ljubuski-1490835324566332\" \/>\n<meta property=\"article:published_time\" content=\"2021-04-01T17:47:14+00:00\" \/>\n<meta property=\"og:image\" content=\"https:\/\/radioljubuski.ba\/wp-content\/uploads\/2021\/04\/thumbs_b_c_5dafe915fa248efd7990f756466e51a4.jpg\" \/>\n\t<meta property=\"og:image:width\" content=\"864\" \/>\n\t<meta property=\"og:image:height\" content=\"486\" \/>\n\t<meta property=\"og:image:type\" content=\"image\/jpeg\" \/>\n<meta name=\"author\" content=\"Radio Ljubu\u0161ki\" \/>\n<meta name=\"twitter:card\" content=\"summary_large_image\" \/>\n<meta name=\"twitter:creator\" content=\"@radioljubuski\" \/>\n<meta name=\"twitter:site\" content=\"@radioljubuski\" \/>\n<meta name=\"twitter:label1\" content=\"Napisao\/la\" \/>\n\t<meta name=\"twitter:data1\" content=\"Radio Ljubu\u0161ki\" \/>\n\t<meta name=\"twitter:label2\" content=\"Procijenjeno vrijeme \u010ditanja\" \/>\n\t<meta name=\"twitter:data2\" content=\"2 minute\" \/>\n<script type=\"application\/ld+json\" class=\"yoast-schema-graph\">{\"@context\":\"https:\\\/\\\/schema.org\",\"@graph\":[{\"@type\":\"Article\",\"@id\":\"https:\\\/\\\/radioljubuski.ba\\\/index.php\\\/2021\\\/04\\\/01\\\/europa-na-udaru-treceg-vala\\\/#article\",\"isPartOf\":{\"@id\":\"https:\\\/\\\/radioljubuski.ba\\\/index.php\\\/2021\\\/04\\\/01\\\/europa-na-udaru-treceg-vala\\\/\"},\"author\":{\"name\":\"Radio Ljubu\u0161ki\",\"@id\":\"https:\\\/\\\/radioljubuski.ba\\\/#\\\/schema\\\/person\\\/19fc700381a780f69665d7956c469e3b\"},\"headline\":\"Europa na udaru tre\u0107eg vala\",\"datePublished\":\"2021-04-01T17:47:14+00:00\",\"mainEntityOfPage\":{\"@id\":\"https:\\\/\\\/radioljubuski.ba\\\/index.php\\\/2021\\\/04\\\/01\\\/europa-na-udaru-treceg-vala\\\/\"},\"wordCount\":434,\"publisher\":{\"@id\":\"https:\\\/\\\/radioljubuski.ba\\\/#organization\"},\"image\":{\"@id\":\"https:\\\/\\\/radioljubuski.ba\\\/index.php\\\/2021\\\/04\\\/01\\\/europa-na-udaru-treceg-vala\\\/#primaryimage\"},\"thumbnailUrl\":\"https:\\\/\\\/radioljubuski.ba\\\/wp-content\\\/uploads\\\/2021\\\/04\\\/thumbs_b_c_5dafe915fa248efd7990f756466e51a4.jpg\",\"articleSection\":[\"BIH i regija\"],\"inLanguage\":\"hr\"},{\"@type\":\"WebPage\",\"@id\":\"https:\\\/\\\/radioljubuski.ba\\\/index.php\\\/2021\\\/04\\\/01\\\/europa-na-udaru-treceg-vala\\\/\",\"url\":\"https:\\\/\\\/radioljubuski.ba\\\/index.php\\\/2021\\\/04\\\/01\\\/europa-na-udaru-treceg-vala\\\/\",\"name\":\"Europa na udaru tre\u0107eg vala - RADIO LJUBU\u0160KI\",\"isPartOf\":{\"@id\":\"https:\\\/\\\/radioljubuski.ba\\\/#website\"},\"primaryImageOfPage\":{\"@id\":\"https:\\\/\\\/radioljubuski.ba\\\/index.php\\\/2021\\\/04\\\/01\\\/europa-na-udaru-treceg-vala\\\/#primaryimage\"},\"image\":{\"@id\":\"https:\\\/\\\/radioljubuski.ba\\\/index.php\\\/2021\\\/04\\\/01\\\/europa-na-udaru-treceg-vala\\\/#primaryimage\"},\"thumbnailUrl\":\"https:\\\/\\\/radioljubuski.ba\\\/wp-content\\\/uploads\\\/2021\\\/04\\\/thumbs_b_c_5dafe915fa248efd7990f756466e51a4.jpg\",\"datePublished\":\"2021-04-01T17:47:14+00:00\",\"breadcrumb\":{\"@id\":\"https:\\\/\\\/radioljubuski.ba\\\/index.php\\\/2021\\\/04\\\/01\\\/europa-na-udaru-treceg-vala\\\/#breadcrumb\"},\"inLanguage\":\"hr\",\"potentialAction\":[{\"@type\":\"ReadAction\",\"target\":[\"https:\\\/\\\/radioljubuski.ba\\\/index.php\\\/2021\\\/04\\\/01\\\/europa-na-udaru-treceg-vala\\\/\"]}]},{\"@type\":\"ImageObject\",\"inLanguage\":\"hr\",\"@id\":\"https:\\\/\\\/radioljubuski.ba\\\/index.php\\\/2021\\\/04\\\/01\\\/europa-na-udaru-treceg-vala\\\/#primaryimage\",\"url\":\"https:\\\/\\\/radioljubuski.ba\\\/wp-content\\\/uploads\\\/2021\\\/04\\\/thumbs_b_c_5dafe915fa248efd7990f756466e51a4.jpg\",\"contentUrl\":\"https:\\\/\\\/radioljubuski.ba\\\/wp-content\\\/uploads\\\/2021\\\/04\\\/thumbs_b_c_5dafe915fa248efd7990f756466e51a4.jpg\",\"width\":864,\"height\":486},{\"@type\":\"BreadcrumbList\",\"@id\":\"https:\\\/\\\/radioljubuski.ba\\\/index.php\\\/2021\\\/04\\\/01\\\/europa-na-udaru-treceg-vala\\\/#breadcrumb\",\"itemListElement\":[{\"@type\":\"ListItem\",\"position\":1,\"name\":\"Po\u010detna stranica\",\"item\":\"https:\\\/\\\/radioljubuski.ba\\\/\"},{\"@type\":\"ListItem\",\"position\":2,\"name\":\"Europa na udaru tre\u0107eg vala\"}]},{\"@type\":\"WebSite\",\"@id\":\"https:\\\/\\\/radioljubuski.ba\\\/#website\",\"url\":\"https:\\\/\\\/radioljubuski.ba\\\/\",\"name\":\"Radio Ljubu\u0161ki\",\"description\":\"Sun\u010dana frekvencija Hercegovine\",\"publisher\":{\"@id\":\"https:\\\/\\\/radioljubuski.ba\\\/#organization\"},\"potentialAction\":[{\"@type\":\"SearchAction\",\"target\":{\"@type\":\"EntryPoint\",\"urlTemplate\":\"https:\\\/\\\/radioljubuski.ba\\\/?s={search_term_string}\"},\"query-input\":{\"@type\":\"PropertyValueSpecification\",\"valueRequired\":true,\"valueName\":\"search_term_string\"}}],\"inLanguage\":\"hr\"},{\"@type\":\"Organization\",\"@id\":\"https:\\\/\\\/radioljubuski.ba\\\/#organization\",\"name\":\"Radio Ljubu\u0161ki\",\"url\":\"https:\\\/\\\/radioljubuski.ba\\\/\",\"logo\":{\"@type\":\"ImageObject\",\"inLanguage\":\"hr\",\"@id\":\"https:\\\/\\\/radioljubuski.ba\\\/#\\\/schema\\\/logo\\\/image\\\/\",\"url\":\"https:\\\/\\\/radioljubuski.ba\\\/wp-content\\\/uploads\\\/2021\\\/02\\\/cropped-Radio_Ljubuski_logo1.jpg\",\"contentUrl\":\"https:\\\/\\\/radioljubuski.ba\\\/wp-content\\\/uploads\\\/2021\\\/02\\\/cropped-Radio_Ljubuski_logo1.jpg\",\"width\":512,\"height\":512,\"caption\":\"Radio Ljubu\u0161ki\"},\"image\":{\"@id\":\"https:\\\/\\\/radioljubuski.ba\\\/#\\\/schema\\\/logo\\\/image\\\/\"},\"sameAs\":[\"https:\\\/\\\/www.facebook.com\\\/Radiio-Ljubuski-1490835324566332\",\"https:\\\/\\\/x.com\\\/radioljubuski\",\"https:\\\/\\\/hr.linkedin.com\\\/company\\\/radio-ljubuski\",\"https:\\\/\\\/www.youtube.com\\\/channel\\\/UCHYaeO_n0Db3tjNGudGpXyw\"]},{\"@type\":\"Person\",\"@id\":\"https:\\\/\\\/radioljubuski.ba\\\/#\\\/schema\\\/person\\\/19fc700381a780f69665d7956c469e3b\",\"name\":\"Radio Ljubu\u0161ki\"}]}<\/script>\n<!-- \/ Yoast SEO plugin. -->","yoast_head_json":{"title":"Europa na udaru tre\u0107eg vala - RADIO LJUBU\u0160KI","robots":{"index":"index","follow":"follow","max-snippet":"max-snippet:-1","max-image-preview":"max-image-preview:large","max-video-preview":"max-video-preview:-1"},"canonical":"https:\/\/radioljubuski.ba\/index.php\/2021\/04\/01\/europa-na-udaru-treceg-vala\/","og_locale":"hr_HR","og_type":"article","og_title":"Europa na udaru tre\u0107eg vala - RADIO LJUBU\u0160KI","og_description":"Diljem Europe ubrzano se \u0161iri tre\u0107i val pandemije pa sve vi\u0161e zemalja opet pribjegava lockdownu. Austrija ga je uvela u najpogo\u0111enijim regijama, a Francuska u cijeloj zemlji, i to najmanje na mjesec dana. Francuski predsjednik&nbsp;Emmanuel Macron&nbsp;u sino\u0107njem televizijskom obra\u0107anju najavio je da \u0107e od subote na najmanje mjesec dana zatvoriti cijelu zemlju. Premijer danas za [&hellip;]","og_url":"https:\/\/radioljubuski.ba\/index.php\/2021\/04\/01\/europa-na-udaru-treceg-vala\/","og_site_name":"RADIO LJUBU\u0160KI","article_publisher":"https:\/\/www.facebook.com\/Radiio-Ljubuski-1490835324566332","article_published_time":"2021-04-01T17:47:14+00:00","og_image":[{"width":864,"height":486,"url":"https:\/\/radioljubuski.ba\/wp-content\/uploads\/2021\/04\/thumbs_b_c_5dafe915fa248efd7990f756466e51a4.jpg","type":"image\/jpeg"}],"author":"Radio Ljubu\u0161ki","twitter_card":"summary_large_image","twitter_creator":"@radioljubuski","twitter_site":"@radioljubuski","twitter_misc":{"Napisao\/la":"Radio Ljubu\u0161ki","Procijenjeno vrijeme \u010ditanja":"2 minute"},"schema":{"@context":"https:\/\/schema.org","@graph":[{"@type":"Article","@id":"https:\/\/radioljubuski.ba\/index.php\/2021\/04\/01\/europa-na-udaru-treceg-vala\/#article","isPartOf":{"@id":"https:\/\/radioljubuski.ba\/index.php\/2021\/04\/01\/europa-na-udaru-treceg-vala\/"},"author":{"name":"Radio Ljubu\u0161ki","@id":"https:\/\/radioljubuski.ba\/#\/schema\/person\/19fc700381a780f69665d7956c469e3b"},"headline":"Europa na udaru tre\u0107eg vala","datePublished":"2021-04-01T17:47:14+00:00","mainEntityOfPage":{"@id":"https:\/\/radioljubuski.ba\/index.php\/2021\/04\/01\/europa-na-udaru-treceg-vala\/"},"wordCount":434,"publisher":{"@id":"https:\/\/radioljubuski.ba\/#organization"},"image":{"@id":"https:\/\/radioljubuski.ba\/index.php\/2021\/04\/01\/europa-na-udaru-treceg-vala\/#primaryimage"},"thumbnailUrl":"https:\/\/radioljubuski.ba\/wp-content\/uploads\/2021\/04\/thumbs_b_c_5dafe915fa248efd7990f756466e51a4.jpg","articleSection":["BIH i regija"],"inLanguage":"hr"},{"@type":"WebPage","@id":"https:\/\/radioljubuski.ba\/index.php\/2021\/04\/01\/europa-na-udaru-treceg-vala\/","url":"https:\/\/radioljubuski.ba\/index.php\/2021\/04\/01\/europa-na-udaru-treceg-vala\/","name":"Europa na udaru tre\u0107eg vala - RADIO LJUBU\u0160KI","isPartOf":{"@id":"https:\/\/radioljubuski.ba\/#website"},"primaryImageOfPage":{"@id":"https:\/\/radioljubuski.ba\/index.php\/2021\/04\/01\/europa-na-udaru-treceg-vala\/#primaryimage"},"image":{"@id":"https:\/\/radioljubuski.ba\/index.php\/2021\/04\/01\/europa-na-udaru-treceg-vala\/#primaryimage"},"thumbnailUrl":"https:\/\/radioljubuski.ba\/wp-content\/uploads\/2021\/04\/thumbs_b_c_5dafe915fa248efd7990f756466e51a4.jpg","datePublished":"2021-04-01T17:47:14+00:00","breadcrumb":{"@id":"https:\/\/radioljubuski.ba\/index.php\/2021\/04\/01\/europa-na-udaru-treceg-vala\/#breadcrumb"},"inLanguage":"hr","potentialAction":[{"@type":"ReadAction","target":["https:\/\/radioljubuski.ba\/index.php\/2021\/04\/01\/europa-na-udaru-treceg-vala\/"]}]},{"@type":"ImageObject","inLanguage":"hr","@id":"https:\/\/radioljubuski.ba\/index.php\/2021\/04\/01\/europa-na-udaru-treceg-vala\/#primaryimage","url":"https:\/\/radioljubuski.ba\/wp-content\/uploads\/2021\/04\/thumbs_b_c_5dafe915fa248efd7990f756466e51a4.jpg","contentUrl":"https:\/\/radioljubuski.ba\/wp-content\/uploads\/2021\/04\/thumbs_b_c_5dafe915fa248efd7990f756466e51a4.jpg","width":864,"height":486},{"@type":"BreadcrumbList","@id":"https:\/\/radioljubuski.ba\/index.php\/2021\/04\/01\/europa-na-udaru-treceg-vala\/#breadcrumb","itemListElement":[{"@type":"ListItem","position":1,"name":"Po\u010detna stranica","item":"https:\/\/radioljubuski.ba\/"},{"@type":"ListItem","position":2,"name":"Europa na udaru tre\u0107eg vala"}]},{"@type":"WebSite","@id":"https:\/\/radioljubuski.ba\/#website","url":"https:\/\/radioljubuski.ba\/","name":"Radio Ljubu\u0161ki","description":"Sun\u010dana frekvencija Hercegovine","publisher":{"@id":"https:\/\/radioljubuski.ba\/#organization"},"potentialAction":[{"@type":"SearchAction","target":{"@type":"EntryPoint","urlTemplate":"https:\/\/radioljubuski.ba\/?s={search_term_string}"},"query-input":{"@type":"PropertyValueSpecification","valueRequired":true,"valueName":"search_term_string"}}],"inLanguage":"hr"},{"@type":"Organization","@id":"https:\/\/radioljubuski.ba\/#organization","name":"Radio Ljubu\u0161ki","url":"https:\/\/radioljubuski.ba\/","logo":{"@type":"ImageObject","inLanguage":"hr","@id":"https:\/\/radioljubuski.ba\/#\/schema\/logo\/image\/","url":"https:\/\/radioljubuski.ba\/wp-content\/uploads\/2021\/02\/cropped-Radio_Ljubuski_logo1.jpg","contentUrl":"https:\/\/radioljubuski.ba\/wp-content\/uploads\/2021\/02\/cropped-Radio_Ljubuski_logo1.jpg","width":512,"height":512,"caption":"Radio Ljubu\u0161ki"},"image":{"@id":"https:\/\/radioljubuski.ba\/#\/schema\/logo\/image\/"},"sameAs":["https:\/\/www.facebook.com\/Radiio-Ljubuski-1490835324566332","https:\/\/x.com\/radioljubuski","https:\/\/hr.linkedin.com\/company\/radio-ljubuski","https:\/\/www.youtube.com\/channel\/UCHYaeO_n0Db3tjNGudGpXyw"]},{"@type":"Person","@id":"https:\/\/radioljubuski.ba\/#\/schema\/person\/19fc700381a780f69665d7956c469e3b","name":"Radio Ljubu\u0161ki"}]}},"_links":{"self":[{"href":"https:\/\/radioljubuski.ba\/index.php\/wp-json\/wp\/v2\/posts\/8686","targetHints":{"allow":["GET"]}}],"collection":[{"href":"https:\/\/radioljubuski.ba\/index.php\/wp-json\/wp\/v2\/posts"}],"about":[{"href":"https:\/\/radioljubuski.ba\/index.php\/wp-json\/wp\/v2\/types\/post"}],"author":[{"embeddable":true,"href":"https:\/\/radioljubuski.ba\/index.php\/wp-json\/wp\/v2\/users\/2"}],"replies":[{"embeddable":true,"href":"https:\/\/radioljubuski.ba\/index.php\/wp-json\/wp\/v2\/comments?post=8686"}],"version-history":[{"count":1,"href":"https:\/\/radioljubuski.ba\/index.php\/wp-json\/wp\/v2\/posts\/8686\/revisions"}],"predecessor-version":[{"id":8688,"href":"https:\/\/radioljubuski.ba\/index.php\/wp-json\/wp\/v2\/posts\/8686\/revisions\/8688"}],"wp:featuredmedia":[{"embeddable":true,"href":"https:\/\/radioljubuski.ba\/index.php\/wp-json\/wp\/v2\/media\/8687"}],"wp:attachment":[{"href":"https:\/\/radioljubuski.ba\/index.php\/wp-json\/wp\/v2\/media?parent=8686"}],"wp:term":[{"taxonomy":"category","embeddable":true,"href":"https:\/\/radioljubuski.ba\/index.php\/wp-json\/wp\/v2\/categories?post=8686"},{"taxonomy":"post_tag","embeddable":true,"href":"https:\/\/radioljubuski.ba\/index.php\/wp-json\/wp\/v2\/tags?post=8686"}],"curies":[{"name":"wp","href":"https:\/\/api.w.org\/{rel}","templated":true}]}}