{"id":86862,"date":"2021-11-09T13:42:38","date_gmt":"2021-11-09T12:42:38","guid":{"rendered":"https:\/\/radioljubuski.ba\/?p=86862"},"modified":"2021-11-12T19:34:14","modified_gmt":"2021-11-12T18:34:14","slug":"pomozimo-zajedno-rad-humanitarne-udruge-fra-mladen-hrkac-audio","status":"publish","type":"post","link":"https:\/\/radioljubuski.ba\/index.php\/2021\/11\/09\/pomozimo-zajedno-rad-humanitarne-udruge-fra-mladen-hrkac-audio\/","title":{"rendered":"Pomozimo zajedno rad Humanitarne udruge fra Mladen Hrka\u0107! &#8211; audio"},"content":{"rendered":"\n<p>U programu Radija Ljubu\u0161ki predstavljamo rad Humanitarne udruge fra Mladen Hrka\u0107. <\/p>\n\n\n\n<p>Na\u0161a go\u0161\u0107a je prva potpredsjednica udruge Nives Skoko \u017dani\u0107.<\/p>\n\n\n\n<p>Udruga \u0107e uskoro napuniti desetlje\u0107e svog djelovanja koje se sastoji od pru\u017eanja pomo\u0107i oboljelima i \u010dlanovima njihovim obitelji iz Bosne i Hercegovine i Hrvatske koji dolaze na lije\u010denje u Zagreb.<\/p>\n\n\n\n<p>Uz smje\u0161taj koji pru\u017eaju uklju\u010dena je i sva ostala pomo\u0107 u vidu hrane, prijevoza, psiholo\u0161ke, duhovne i administrativne podr\u0161ke. Pru\u017eiti pomo\u0107 osobama u potrebi koji su daleko od svog doma i koji prolaze kroz te\u0161ke trenutke dragocjena je i zna\u010dajna, veliki broj korisnika njihove pomo\u0107i ka\u017eu kako nema toliko lijepih rije\u010di kojima bi mogli opisati&nbsp; prijem i odnos prema njima za vrijeme boravka u Zagrebu.<\/p>\n\n\n\n<p>O radu Udruge Nives nam ka\u017ee: \u201e Od samog po\u010detka nastojimo biti obitelj na\u0161im korisnicima, pru\u017eiti im zaista sve \u0161to mo\u017eemo tijekom njihovog lije\u010denja ili boravka daleko od doma. Za smje\u0161taj korisnika trenutno raspola\u017eemo sa osam smje\u0161tajnih kapaciteta koji se nalaze u neposrednoj blizini bolnica u Zagrebu, velike su potrebe, do sada smo pomogli preko 10.000 osoba, imamo veliki broj zahtjeva koje nastojimo ispuniti a zbog velikih potreba veliki je na\u017ealost i broj onih kojima nismo mogli pomo\u0107i. Upravo s tim ciljem pro\u0161irenja pru\u017eanja na\u0161e pomo\u0107i pokrenuli smo&nbsp; projekt gradnje Doma fra Mladen Hrka\u0107 koji bi mogao primiti do 220 osoba i \u010dime bismo na\u0161u pomo\u0107 i potporu podigli na jednu ve\u0107u razinu. Na\u0161e usluge mogu koristiti svi gra\u0111ani koji su potrebi, informacija za va\u0161e slu\u0161atelje da je prvi korak , odnosno prijava ide preko predstavni\u0161tva u \u0160irokom Brijegu na mobilni broj &nbsp;063 702 612 ili za sve sa podru\u010dja Hrvatske pozivom na broj ovdje u sjedi\u0161tu u Zagrebu na broj 385 99 553 3111. \u201e<\/p>\n\n\n\n<p>Pitali smo i za na\u010dine doniranja kojim mo\u017eemo dati podr\u0161ku radu Udruge. <\/p>\n\n\n\n<p>\u201eZa sve koji \u017eele pru\u017eiti pomo\u0107 donacijom uz donatorske kutije postavljene u javnim ustanovama,trgovinama donirati se mo\u017ee pozivom na broj telefona za BIH 17 000 , broj je aktivan cijele godine, pozivom donirate 2 KM  Na\u0161 osnovni izvor donacija i na\u0161a najve\u0107a snaga je model pomo\u0107i putem trajnih naloga kada osoba izdvaja redovnim donacijama na mjese\u010dnoj razini, uvijek isti\u010demo da taj iznos nije bitan. Bitno je da su ljudi uklju\u010deni. Pro\u0161le godine predstavili smo i mobilnu aplikaciju <a href=\"https:\/\/pomozimozajedno.hr\/\">&#8220;pomozimo zajedno&#8221; <\/a>koja vam govori sve o nama, preko koje nam se mo\u017eete javiti ili donirati. Imamo veliki broj podupiratelja koji nam poma\u017eu kontinuirano bilo u novcu ili u robi. Svima smo im zahvalni, korisnici zahvaljuju\u0107i podr\u0161ci imaju najkvalitetnije namirnice kako bi im kvaliteta \u017eivota u tom te\u0161kom razdoblju bila na najve\u0107oj mogu\u0107oj razini.\u201c<\/p>\n\n\n\n<p>Govore\u0107i o volonterskom radu u izazovnoj pandemijskoj godini, ali i javnom pozivu za nominacije za nagradu &#8220;Gordana Jeli\u0107&#8221; koju udruga dodjeljuje najboljim volonterima iz Bosne i Hercegovine i Hrvatske u 2021. godini na\u0161a sugovornica isti\u010de:<\/p>\n\n\n\n<p>&nbsp;\u201eKroz cijelu godinu unato\u010d svemu svjedo\u010dili smo brojnim volonterskim akcijama i inicijativama na svim razinama, \u0161to potvr\u0111uje da je volja i \u017eelja za \u010dinjenjem dobrih djela ve\u0107a no ikad i mislim da nema osobe koja se u ovom stresnom i kriznom vremenu nije barem jednom zapitala kome i na koji na\u010din mo\u017ee pomo\u0107i te u kona\u010dnici i aktivno djelovala u tom smjeru. Stoga pozivamo sve koji nas slu\u0161aju vjerujem da imate koga nominirati, prijavite volontere do 29.studenog, na taj na\u010din dajete im priznanje i podr\u0161ku u njihovom humanitarnom radu,prijavne obrasce mo\u017eete na\u0107i na&nbsp; na\u0161oj stranici <a href=\"http:\/\/www.humh.hr\">www.humh.hr<\/a> &nbsp;\u201e<\/p>\n\n\n\n<p>&nbsp;U audio zapisu poslu\u0161ajte cijeli razgovor.<\/p>\n\n\n\n<iframe src=\"https:\/\/drive.google.com\/file\/d\/1Yefvix5rYSwqAVRDYj-61myeSeN4RJLI\/preview\" style=\"width: 100%; height: 100px;\"><\/iframe>\n\n\n\n<p><em>Humanitarna udruga &#8220;fra Mladen Hrka\u0107&#8221;, osnovana 16. lipnja 2012. godine u Zagrebu, poma\u017ee osobama sa zdravstvenim pote\u0161ko\u0107ama i njihovim obiteljima koje dolaze u Zagreb na lije\u010denje. Pru\u017eanje pomo\u0107i ogleda se u vidu osiguranja smje\u0161taja, prehrane, sufinanciranja tro\u0161kova prijevoza, potpore pri rje\u0161avanju administrativnih zahtjeva i prepreka te pri nastavku \u0161kolovanja. Volonteri i \u010dlanovi Udruge do\u010dekuju korisnike prilikom njihovog dolaska u Zagreb, svakodnevno obilaze pacijente koji se nalaze na lije\u010denju u nekoj od zagreba\u010dkih bolnica, donose gotov kuhani obrok, poma\u017eu korisnicima mla\u0111ima od 18 godina u \u0161kolovanju te poma\u017eu \u010dlanovima njihovih obitelji za vrijeme njihovog boravka u Zagrebu.<\/em><\/p>\n\n\n\n<figure class=\"wp-block-image size-large\"><img loading=\"lazy\" decoding=\"async\" width=\"1024\" height=\"336\" src=\"https:\/\/radioljubuski.ba\/wp-content\/uploads\/2021\/11\/pomozimo-zajedno-1024x336.jpg\" alt=\"\" class=\"wp-image-86864\" srcset=\"https:\/\/radioljubuski.ba\/wp-content\/uploads\/2021\/11\/pomozimo-zajedno-1024x336.jpg 1024w, https:\/\/radioljubuski.ba\/wp-content\/uploads\/2021\/11\/pomozimo-zajedno-300x98.jpg 300w, https:\/\/radioljubuski.ba\/wp-content\/uploads\/2021\/11\/pomozimo-zajedno-768x252.jpg 768w, https:\/\/radioljubuski.ba\/wp-content\/uploads\/2021\/11\/pomozimo-zajedno-1536x504.jpg 1536w, https:\/\/radioljubuski.ba\/wp-content\/uploads\/2021\/11\/pomozimo-zajedno-18x6.jpg 18w, https:\/\/radioljubuski.ba\/wp-content\/uploads\/2021\/11\/pomozimo-zajedno.jpg 1920w\" sizes=\"auto, (max-width: 1024px) 100vw, 1024px\" \/><\/figure>\n\n\n\n<p><strong>Bjanka Medi\u0107 \/ Radio Ljubu\u0161ki<\/strong><\/p>\n","protected":false},"excerpt":{"rendered":"<p>U programu Radija Ljubu\u0161ki predstavljamo rad Humanitarne udruge fra Mladen Hrka\u0107. Na\u0161a go\u0161\u0107a je prva potpredsjednica udruge Nives Skoko \u017dani\u0107. Udruga \u0107e uskoro napuniti desetlje\u0107e svog djelovanja koje se sastoji od pru\u017eanja pomo\u0107i oboljelima i \u010dlanovima njihovim obitelji iz Bosne i Hercegovine i Hrvatske koji dolaze na lije\u010denje u Zagreb. Uz smje\u0161taj koji pru\u017eaju uklju\u010dena [&hellip;]<\/p>\n","protected":false},"author":2,"featured_media":86863,"comment_status":"closed","ping_status":"closed","sticky":false,"template":"","format":"standard","meta":{"h5ap_radio_sources":[],"footnotes":""},"categories":[8],"tags":[],"class_list":["post-86862","post","type-post","status-publish","format-standard","has-post-thumbnail","hentry","category-rlj-audio"],"yoast_head":"<!-- This site is optimized with the Yoast SEO plugin v27.5 - https:\/\/yoast.com\/product\/yoast-seo-wordpress\/ -->\n<title>Pomozimo zajedno rad Humanitarne udruge fra Mladen Hrka\u0107! - audio - RADIO LJUBU\u0160KI<\/title>\n<meta name=\"robots\" content=\"index, follow, max-snippet:-1, max-image-preview:large, max-video-preview:-1\" \/>\n<link rel=\"canonical\" href=\"https:\/\/radioljubuski.ba\/index.php\/2021\/11\/09\/pomozimo-zajedno-rad-humanitarne-udruge-fra-mladen-hrkac-audio\/\" \/>\n<meta property=\"og:locale\" content=\"hr_HR\" \/>\n<meta property=\"og:type\" content=\"article\" \/>\n<meta property=\"og:title\" content=\"Pomozimo zajedno rad Humanitarne udruge fra Mladen Hrka\u0107! - audio - RADIO LJUBU\u0160KI\" \/>\n<meta property=\"og:description\" content=\"U programu Radija Ljubu\u0161ki predstavljamo rad Humanitarne udruge fra Mladen Hrka\u0107. Na\u0161a go\u0161\u0107a je prva potpredsjednica udruge Nives Skoko \u017dani\u0107. Udruga \u0107e uskoro napuniti desetlje\u0107e svog djelovanja koje se sastoji od pru\u017eanja pomo\u0107i oboljelima i \u010dlanovima njihovim obitelji iz Bosne i Hercegovine i Hrvatske koji dolaze na lije\u010denje u Zagreb. Uz smje\u0161taj koji pru\u017eaju uklju\u010dena [&hellip;]\" \/>\n<meta property=\"og:url\" content=\"https:\/\/radioljubuski.ba\/index.php\/2021\/11\/09\/pomozimo-zajedno-rad-humanitarne-udruge-fra-mladen-hrkac-audio\/\" \/>\n<meta property=\"og:site_name\" content=\"RADIO LJUBU\u0160KI\" \/>\n<meta property=\"article:publisher\" content=\"https:\/\/www.facebook.com\/Radiio-Ljubuski-1490835324566332\" \/>\n<meta property=\"article:published_time\" content=\"2021-11-09T12:42:38+00:00\" \/>\n<meta property=\"article:modified_time\" content=\"2021-11-12T18:34:14+00:00\" \/>\n<meta property=\"og:image\" content=\"https:\/\/radioljubuski.ba\/wp-content\/uploads\/2021\/11\/nives-skoko-zanic-1-810x539-1.jpeg\" \/>\n\t<meta property=\"og:image:width\" content=\"810\" \/>\n\t<meta property=\"og:image:height\" content=\"539\" \/>\n\t<meta property=\"og:image:type\" content=\"image\/jpeg\" \/>\n<meta name=\"author\" content=\"Radio Ljubu\u0161ki\" \/>\n<meta name=\"twitter:card\" content=\"summary_large_image\" \/>\n<meta name=\"twitter:creator\" content=\"@radioljubuski\" \/>\n<meta name=\"twitter:site\" content=\"@radioljubuski\" \/>\n<meta name=\"twitter:label1\" content=\"Napisao\/la\" \/>\n\t<meta name=\"twitter:data1\" content=\"Radio Ljubu\u0161ki\" \/>\n\t<meta name=\"twitter:label2\" content=\"Procijenjeno vrijeme \u010ditanja\" \/>\n\t<meta name=\"twitter:data2\" content=\"4 minute\" \/>\n<script type=\"application\/ld+json\" class=\"yoast-schema-graph\">{\"@context\":\"https:\\\/\\\/schema.org\",\"@graph\":[{\"@type\":\"Article\",\"@id\":\"https:\\\/\\\/radioljubuski.ba\\\/index.php\\\/2021\\\/11\\\/09\\\/pomozimo-zajedno-rad-humanitarne-udruge-fra-mladen-hrkac-audio\\\/#article\",\"isPartOf\":{\"@id\":\"https:\\\/\\\/radioljubuski.ba\\\/index.php\\\/2021\\\/11\\\/09\\\/pomozimo-zajedno-rad-humanitarne-udruge-fra-mladen-hrkac-audio\\\/\"},\"author\":{\"name\":\"Radio Ljubu\u0161ki\",\"@id\":\"https:\\\/\\\/radioljubuski.ba\\\/#\\\/schema\\\/person\\\/19fc700381a780f69665d7956c469e3b\"},\"headline\":\"Pomozimo zajedno rad Humanitarne udruge fra Mladen Hrka\u0107! &#8211; audio\",\"datePublished\":\"2021-11-09T12:42:38+00:00\",\"dateModified\":\"2021-11-12T18:34:14+00:00\",\"mainEntityOfPage\":{\"@id\":\"https:\\\/\\\/radioljubuski.ba\\\/index.php\\\/2021\\\/11\\\/09\\\/pomozimo-zajedno-rad-humanitarne-udruge-fra-mladen-hrkac-audio\\\/\"},\"wordCount\":756,\"publisher\":{\"@id\":\"https:\\\/\\\/radioljubuski.ba\\\/#organization\"},\"image\":{\"@id\":\"https:\\\/\\\/radioljubuski.ba\\\/index.php\\\/2021\\\/11\\\/09\\\/pomozimo-zajedno-rad-humanitarne-udruge-fra-mladen-hrkac-audio\\\/#primaryimage\"},\"thumbnailUrl\":\"https:\\\/\\\/radioljubuski.ba\\\/wp-content\\\/uploads\\\/2021\\\/11\\\/nives-skoko-zanic-1-810x539-1.jpeg\",\"articleSection\":[\"RLJ Audio\"],\"inLanguage\":\"hr\"},{\"@type\":\"WebPage\",\"@id\":\"https:\\\/\\\/radioljubuski.ba\\\/index.php\\\/2021\\\/11\\\/09\\\/pomozimo-zajedno-rad-humanitarne-udruge-fra-mladen-hrkac-audio\\\/\",\"url\":\"https:\\\/\\\/radioljubuski.ba\\\/index.php\\\/2021\\\/11\\\/09\\\/pomozimo-zajedno-rad-humanitarne-udruge-fra-mladen-hrkac-audio\\\/\",\"name\":\"Pomozimo zajedno rad Humanitarne udruge fra Mladen Hrka\u0107! - audio - RADIO LJUBU\u0160KI\",\"isPartOf\":{\"@id\":\"https:\\\/\\\/radioljubuski.ba\\\/#website\"},\"primaryImageOfPage\":{\"@id\":\"https:\\\/\\\/radioljubuski.ba\\\/index.php\\\/2021\\\/11\\\/09\\\/pomozimo-zajedno-rad-humanitarne-udruge-fra-mladen-hrkac-audio\\\/#primaryimage\"},\"image\":{\"@id\":\"https:\\\/\\\/radioljubuski.ba\\\/index.php\\\/2021\\\/11\\\/09\\\/pomozimo-zajedno-rad-humanitarne-udruge-fra-mladen-hrkac-audio\\\/#primaryimage\"},\"thumbnailUrl\":\"https:\\\/\\\/radioljubuski.ba\\\/wp-content\\\/uploads\\\/2021\\\/11\\\/nives-skoko-zanic-1-810x539-1.jpeg\",\"datePublished\":\"2021-11-09T12:42:38+00:00\",\"dateModified\":\"2021-11-12T18:34:14+00:00\",\"breadcrumb\":{\"@id\":\"https:\\\/\\\/radioljubuski.ba\\\/index.php\\\/2021\\\/11\\\/09\\\/pomozimo-zajedno-rad-humanitarne-udruge-fra-mladen-hrkac-audio\\\/#breadcrumb\"},\"inLanguage\":\"hr\",\"potentialAction\":[{\"@type\":\"ReadAction\",\"target\":[\"https:\\\/\\\/radioljubuski.ba\\\/index.php\\\/2021\\\/11\\\/09\\\/pomozimo-zajedno-rad-humanitarne-udruge-fra-mladen-hrkac-audio\\\/\"]}]},{\"@type\":\"ImageObject\",\"inLanguage\":\"hr\",\"@id\":\"https:\\\/\\\/radioljubuski.ba\\\/index.php\\\/2021\\\/11\\\/09\\\/pomozimo-zajedno-rad-humanitarne-udruge-fra-mladen-hrkac-audio\\\/#primaryimage\",\"url\":\"https:\\\/\\\/radioljubuski.ba\\\/wp-content\\\/uploads\\\/2021\\\/11\\\/nives-skoko-zanic-1-810x539-1.jpeg\",\"contentUrl\":\"https:\\\/\\\/radioljubuski.ba\\\/wp-content\\\/uploads\\\/2021\\\/11\\\/nives-skoko-zanic-1-810x539-1.jpeg\",\"width\":810,\"height\":539},{\"@type\":\"BreadcrumbList\",\"@id\":\"https:\\\/\\\/radioljubuski.ba\\\/index.php\\\/2021\\\/11\\\/09\\\/pomozimo-zajedno-rad-humanitarne-udruge-fra-mladen-hrkac-audio\\\/#breadcrumb\",\"itemListElement\":[{\"@type\":\"ListItem\",\"position\":1,\"name\":\"Po\u010detna stranica\",\"item\":\"https:\\\/\\\/radioljubuski.ba\\\/\"},{\"@type\":\"ListItem\",\"position\":2,\"name\":\"Pomozimo zajedno rad Humanitarne udruge fra Mladen Hrka\u0107! &#8211; audio\"}]},{\"@type\":\"WebSite\",\"@id\":\"https:\\\/\\\/radioljubuski.ba\\\/#website\",\"url\":\"https:\\\/\\\/radioljubuski.ba\\\/\",\"name\":\"Radio Ljubu\u0161ki\",\"description\":\"Sun\u010dana frekvencija Hercegovine\",\"publisher\":{\"@id\":\"https:\\\/\\\/radioljubuski.ba\\\/#organization\"},\"potentialAction\":[{\"@type\":\"SearchAction\",\"target\":{\"@type\":\"EntryPoint\",\"urlTemplate\":\"https:\\\/\\\/radioljubuski.ba\\\/?s={search_term_string}\"},\"query-input\":{\"@type\":\"PropertyValueSpecification\",\"valueRequired\":true,\"valueName\":\"search_term_string\"}}],\"inLanguage\":\"hr\"},{\"@type\":\"Organization\",\"@id\":\"https:\\\/\\\/radioljubuski.ba\\\/#organization\",\"name\":\"Radio Ljubu\u0161ki\",\"url\":\"https:\\\/\\\/radioljubuski.ba\\\/\",\"logo\":{\"@type\":\"ImageObject\",\"inLanguage\":\"hr\",\"@id\":\"https:\\\/\\\/radioljubuski.ba\\\/#\\\/schema\\\/logo\\\/image\\\/\",\"url\":\"https:\\\/\\\/radioljubuski.ba\\\/wp-content\\\/uploads\\\/2021\\\/02\\\/cropped-Radio_Ljubuski_logo1.jpg\",\"contentUrl\":\"https:\\\/\\\/radioljubuski.ba\\\/wp-content\\\/uploads\\\/2021\\\/02\\\/cropped-Radio_Ljubuski_logo1.jpg\",\"width\":512,\"height\":512,\"caption\":\"Radio Ljubu\u0161ki\"},\"image\":{\"@id\":\"https:\\\/\\\/radioljubuski.ba\\\/#\\\/schema\\\/logo\\\/image\\\/\"},\"sameAs\":[\"https:\\\/\\\/www.facebook.com\\\/Radiio-Ljubuski-1490835324566332\",\"https:\\\/\\\/x.com\\\/radioljubuski\",\"https:\\\/\\\/hr.linkedin.com\\\/company\\\/radio-ljubuski\",\"https:\\\/\\\/www.youtube.com\\\/channel\\\/UCHYaeO_n0Db3tjNGudGpXyw\"]},{\"@type\":\"Person\",\"@id\":\"https:\\\/\\\/radioljubuski.ba\\\/#\\\/schema\\\/person\\\/19fc700381a780f69665d7956c469e3b\",\"name\":\"Radio Ljubu\u0161ki\"}]}<\/script>\n<!-- \/ Yoast SEO plugin. -->","yoast_head_json":{"title":"Pomozimo zajedno rad Humanitarne udruge fra Mladen Hrka\u0107! - audio - RADIO LJUBU\u0160KI","robots":{"index":"index","follow":"follow","max-snippet":"max-snippet:-1","max-image-preview":"max-image-preview:large","max-video-preview":"max-video-preview:-1"},"canonical":"https:\/\/radioljubuski.ba\/index.php\/2021\/11\/09\/pomozimo-zajedno-rad-humanitarne-udruge-fra-mladen-hrkac-audio\/","og_locale":"hr_HR","og_type":"article","og_title":"Pomozimo zajedno rad Humanitarne udruge fra Mladen Hrka\u0107! - audio - RADIO LJUBU\u0160KI","og_description":"U programu Radija Ljubu\u0161ki predstavljamo rad Humanitarne udruge fra Mladen Hrka\u0107. Na\u0161a go\u0161\u0107a je prva potpredsjednica udruge Nives Skoko \u017dani\u0107. Udruga \u0107e uskoro napuniti desetlje\u0107e svog djelovanja koje se sastoji od pru\u017eanja pomo\u0107i oboljelima i \u010dlanovima njihovim obitelji iz Bosne i Hercegovine i Hrvatske koji dolaze na lije\u010denje u Zagreb. Uz smje\u0161taj koji pru\u017eaju uklju\u010dena [&hellip;]","og_url":"https:\/\/radioljubuski.ba\/index.php\/2021\/11\/09\/pomozimo-zajedno-rad-humanitarne-udruge-fra-mladen-hrkac-audio\/","og_site_name":"RADIO LJUBU\u0160KI","article_publisher":"https:\/\/www.facebook.com\/Radiio-Ljubuski-1490835324566332","article_published_time":"2021-11-09T12:42:38+00:00","article_modified_time":"2021-11-12T18:34:14+00:00","og_image":[{"width":810,"height":539,"url":"https:\/\/radioljubuski.ba\/wp-content\/uploads\/2021\/11\/nives-skoko-zanic-1-810x539-1.jpeg","type":"image\/jpeg"}],"author":"Radio Ljubu\u0161ki","twitter_card":"summary_large_image","twitter_creator":"@radioljubuski","twitter_site":"@radioljubuski","twitter_misc":{"Napisao\/la":"Radio Ljubu\u0161ki","Procijenjeno vrijeme \u010ditanja":"4 minute"},"schema":{"@context":"https:\/\/schema.org","@graph":[{"@type":"Article","@id":"https:\/\/radioljubuski.ba\/index.php\/2021\/11\/09\/pomozimo-zajedno-rad-humanitarne-udruge-fra-mladen-hrkac-audio\/#article","isPartOf":{"@id":"https:\/\/radioljubuski.ba\/index.php\/2021\/11\/09\/pomozimo-zajedno-rad-humanitarne-udruge-fra-mladen-hrkac-audio\/"},"author":{"name":"Radio Ljubu\u0161ki","@id":"https:\/\/radioljubuski.ba\/#\/schema\/person\/19fc700381a780f69665d7956c469e3b"},"headline":"Pomozimo zajedno rad Humanitarne udruge fra Mladen Hrka\u0107! &#8211; audio","datePublished":"2021-11-09T12:42:38+00:00","dateModified":"2021-11-12T18:34:14+00:00","mainEntityOfPage":{"@id":"https:\/\/radioljubuski.ba\/index.php\/2021\/11\/09\/pomozimo-zajedno-rad-humanitarne-udruge-fra-mladen-hrkac-audio\/"},"wordCount":756,"publisher":{"@id":"https:\/\/radioljubuski.ba\/#organization"},"image":{"@id":"https:\/\/radioljubuski.ba\/index.php\/2021\/11\/09\/pomozimo-zajedno-rad-humanitarne-udruge-fra-mladen-hrkac-audio\/#primaryimage"},"thumbnailUrl":"https:\/\/radioljubuski.ba\/wp-content\/uploads\/2021\/11\/nives-skoko-zanic-1-810x539-1.jpeg","articleSection":["RLJ Audio"],"inLanguage":"hr"},{"@type":"WebPage","@id":"https:\/\/radioljubuski.ba\/index.php\/2021\/11\/09\/pomozimo-zajedno-rad-humanitarne-udruge-fra-mladen-hrkac-audio\/","url":"https:\/\/radioljubuski.ba\/index.php\/2021\/11\/09\/pomozimo-zajedno-rad-humanitarne-udruge-fra-mladen-hrkac-audio\/","name":"Pomozimo zajedno rad Humanitarne udruge fra Mladen Hrka\u0107! - audio - RADIO LJUBU\u0160KI","isPartOf":{"@id":"https:\/\/radioljubuski.ba\/#website"},"primaryImageOfPage":{"@id":"https:\/\/radioljubuski.ba\/index.php\/2021\/11\/09\/pomozimo-zajedno-rad-humanitarne-udruge-fra-mladen-hrkac-audio\/#primaryimage"},"image":{"@id":"https:\/\/radioljubuski.ba\/index.php\/2021\/11\/09\/pomozimo-zajedno-rad-humanitarne-udruge-fra-mladen-hrkac-audio\/#primaryimage"},"thumbnailUrl":"https:\/\/radioljubuski.ba\/wp-content\/uploads\/2021\/11\/nives-skoko-zanic-1-810x539-1.jpeg","datePublished":"2021-11-09T12:42:38+00:00","dateModified":"2021-11-12T18:34:14+00:00","breadcrumb":{"@id":"https:\/\/radioljubuski.ba\/index.php\/2021\/11\/09\/pomozimo-zajedno-rad-humanitarne-udruge-fra-mladen-hrkac-audio\/#breadcrumb"},"inLanguage":"hr","potentialAction":[{"@type":"ReadAction","target":["https:\/\/radioljubuski.ba\/index.php\/2021\/11\/09\/pomozimo-zajedno-rad-humanitarne-udruge-fra-mladen-hrkac-audio\/"]}]},{"@type":"ImageObject","inLanguage":"hr","@id":"https:\/\/radioljubuski.ba\/index.php\/2021\/11\/09\/pomozimo-zajedno-rad-humanitarne-udruge-fra-mladen-hrkac-audio\/#primaryimage","url":"https:\/\/radioljubuski.ba\/wp-content\/uploads\/2021\/11\/nives-skoko-zanic-1-810x539-1.jpeg","contentUrl":"https:\/\/radioljubuski.ba\/wp-content\/uploads\/2021\/11\/nives-skoko-zanic-1-810x539-1.jpeg","width":810,"height":539},{"@type":"BreadcrumbList","@id":"https:\/\/radioljubuski.ba\/index.php\/2021\/11\/09\/pomozimo-zajedno-rad-humanitarne-udruge-fra-mladen-hrkac-audio\/#breadcrumb","itemListElement":[{"@type":"ListItem","position":1,"name":"Po\u010detna stranica","item":"https:\/\/radioljubuski.ba\/"},{"@type":"ListItem","position":2,"name":"Pomozimo zajedno rad Humanitarne udruge fra Mladen Hrka\u0107! &#8211; audio"}]},{"@type":"WebSite","@id":"https:\/\/radioljubuski.ba\/#website","url":"https:\/\/radioljubuski.ba\/","name":"Radio Ljubu\u0161ki","description":"Sun\u010dana frekvencija Hercegovine","publisher":{"@id":"https:\/\/radioljubuski.ba\/#organization"},"potentialAction":[{"@type":"SearchAction","target":{"@type":"EntryPoint","urlTemplate":"https:\/\/radioljubuski.ba\/?s={search_term_string}"},"query-input":{"@type":"PropertyValueSpecification","valueRequired":true,"valueName":"search_term_string"}}],"inLanguage":"hr"},{"@type":"Organization","@id":"https:\/\/radioljubuski.ba\/#organization","name":"Radio Ljubu\u0161ki","url":"https:\/\/radioljubuski.ba\/","logo":{"@type":"ImageObject","inLanguage":"hr","@id":"https:\/\/radioljubuski.ba\/#\/schema\/logo\/image\/","url":"https:\/\/radioljubuski.ba\/wp-content\/uploads\/2021\/02\/cropped-Radio_Ljubuski_logo1.jpg","contentUrl":"https:\/\/radioljubuski.ba\/wp-content\/uploads\/2021\/02\/cropped-Radio_Ljubuski_logo1.jpg","width":512,"height":512,"caption":"Radio Ljubu\u0161ki"},"image":{"@id":"https:\/\/radioljubuski.ba\/#\/schema\/logo\/image\/"},"sameAs":["https:\/\/www.facebook.com\/Radiio-Ljubuski-1490835324566332","https:\/\/x.com\/radioljubuski","https:\/\/hr.linkedin.com\/company\/radio-ljubuski","https:\/\/www.youtube.com\/channel\/UCHYaeO_n0Db3tjNGudGpXyw"]},{"@type":"Person","@id":"https:\/\/radioljubuski.ba\/#\/schema\/person\/19fc700381a780f69665d7956c469e3b","name":"Radio Ljubu\u0161ki"}]}},"_links":{"self":[{"href":"https:\/\/radioljubuski.ba\/index.php\/wp-json\/wp\/v2\/posts\/86862","targetHints":{"allow":["GET"]}}],"collection":[{"href":"https:\/\/radioljubuski.ba\/index.php\/wp-json\/wp\/v2\/posts"}],"about":[{"href":"https:\/\/radioljubuski.ba\/index.php\/wp-json\/wp\/v2\/types\/post"}],"author":[{"embeddable":true,"href":"https:\/\/radioljubuski.ba\/index.php\/wp-json\/wp\/v2\/users\/2"}],"replies":[{"embeddable":true,"href":"https:\/\/radioljubuski.ba\/index.php\/wp-json\/wp\/v2\/comments?post=86862"}],"version-history":[{"count":2,"href":"https:\/\/radioljubuski.ba\/index.php\/wp-json\/wp\/v2\/posts\/86862\/revisions"}],"predecessor-version":[{"id":87892,"href":"https:\/\/radioljubuski.ba\/index.php\/wp-json\/wp\/v2\/posts\/86862\/revisions\/87892"}],"wp:featuredmedia":[{"embeddable":true,"href":"https:\/\/radioljubuski.ba\/index.php\/wp-json\/wp\/v2\/media\/86863"}],"wp:attachment":[{"href":"https:\/\/radioljubuski.ba\/index.php\/wp-json\/wp\/v2\/media?parent=86862"}],"wp:term":[{"taxonomy":"category","embeddable":true,"href":"https:\/\/radioljubuski.ba\/index.php\/wp-json\/wp\/v2\/categories?post=86862"},{"taxonomy":"post_tag","embeddable":true,"href":"https:\/\/radioljubuski.ba\/index.php\/wp-json\/wp\/v2\/tags?post=86862"}],"curies":[{"name":"wp","href":"https:\/\/api.w.org\/{rel}","templated":true}]}}