{"id":86872,"date":"2021-11-09T14:32:40","date_gmt":"2021-11-09T13:32:40","guid":{"rendered":"https:\/\/radioljubuski.ba\/?p=86872"},"modified":"2021-11-09T14:32:41","modified_gmt":"2021-11-09T13:32:41","slug":"9-studenoga-1989-pad-berlinskog-zida-komunisticka-diktatura-proglasila-ga-je-antifasistickim-zidom","status":"publish","type":"post","link":"https:\/\/radioljubuski.ba\/index.php\/2021\/11\/09\/9-studenoga-1989-pad-berlinskog-zida-komunisticka-diktatura-proglasila-ga-je-antifasistickim-zidom\/","title":{"rendered":"9. studenoga 1989. Pad Berlinskog Zida \u2013 komunisti\u010dka diktatura proglasila ga je \u2018antifa\u0161isti\u010dkim zidom\u2019!"},"content":{"rendered":"\n<p><strong>Zanimljivo je da su komunisti\u010dke vlasti, sli\u010dno kao i u Hrvatskoj, ovu ljudsku sramotu koja je napravila od Berlina grad-logor i gdje su na\u0161le smrt brojne obitelji i ljudi nazvale \u201eZidom antifa\u0161izma\u201c. Suludi crveni \u2018antifa\u0161isti\u2019 tvrdili su da tim zidom smrti \u0161tite Berlin\u010dane od fa\u0161isti\u010dkog i kapitalisti\u010dkog zapada, \u0161to je na Zapadu izazivalo podsmijeh.<\/strong><\/p>\n\n\n\n<p><strong>Na sli\u010dan na\u010din su u Jugoslaviji nevi\u0111ene pokolje civila u Srbu, Drvar, Grahovu i drugdje, dana 27. srpnja 1941. godine, proglasili \u201cantifa\u0161isti\u010dkim ustankom\u201d. Ta sramota je \u010dak ostala prisutna do dana\u0161njeg dana.<\/strong><\/p>\n\n\n\n<p>\u201cNitko nema namjeru podi\u0107i zid!\u201d, rije\u010di su koje je u lipnju 1961. na konferenciji za tisak izgovorio tada\u0161nji predsjednik Dr\u017eavnog vije\u0107a komunisti\u010dke Njema\u010dke Demokratske Republike, Walter Ulbricht.<\/p>\n\n\n\n<p>Te su rije\u010di u\u0161le u povijest kao jedna od najve\u0107ih la\u017ei koje je ikada javno izgovorio jedan politi\u010dar jer su samo nekoliko tjedna kasnije, u ranu zoru 13. kolovoza, djelatnici \u201cNarodne policije\u201d DDR-a po\u010deli podizati barikadu od bodljikave \u017eice izme\u0111u tada\u0161njeg sovjetskog dijela Berlina i savezni\u010dkih zona, ameri\u010dke, britanske i francuske. Nekoliko dana kasnije pod za\u0161titom policije zapo\u010delo je i zidanje Berlinskog zida, koji je sve do<br>Gradnjom Zida egzodus Nijemaca s Istoka na Zapad nije prestao, ali se drasti\u010dno usporio. Berlinski zid je od po\u010detne barikade od bodljikave \u017eice i protutenkovskih prepreka tijekom godina prerastao u nekoliko desetaka metara \u0161irok grani\u010dni pojas, \u010duvan vatrenim oru\u017ejem koje se aktiviralo automatski.<\/p>\n\n\n\n<p>Tako je, prema slu\u017ebenim podacima, od gradnje Zida do njegova pada samo oko 5.000 ljudi uspje\u0161no prebjeglo na Zapad.<\/p>\n\n\n\n<p>Po\u010detkom studenog 1989. ve\u0107 su se uvelike nazirali znakovi raspada DDR-a: tisu\u0107e gra\u0111ana je preko ostalih zemalja Var\u0161avskog pakta, prije svega Ma\u0111arske, masovno napu\u0161talo zemlju. Zemlja je bila na rubu bankrota, a i odnosi s Moskvom, u kojoj je glavnu rije\u010d ve\u0107 neko vrijeme vodio Mihail Gorba\u010dov, bili su napeti prije svega zbog krutog pona\u0161anja tada\u0161njeg predsjednika Dr\u017eavnog vije\u0107a DDR-a Ericha Honeckera koji je odbijao politiku Perestrojke.<\/p>\n\n\n\n<p>Vladaju\u0107a komunisti\u010dka stranka (SED) svrgnula je, me\u0111utim, krajem listopada 1989. Honeckera, a na njegovo mjesto je do\u0161ao Egon Krenz. U op\u0107oj atmoferi rasula \u010dlan Politbiroa SED-a Guenter Schabowski je na konferenciji za strani tisak 9. studenog nave\u010der pro\u010ditao jedan od brojnih proglasa dr\u017eavnog vrha koji se ticao slobode kretanja gra\u0111ana. Nakon \u010ditanja proglasa koji je tek trebao stupiti na snagu, Schabowski je na pitanje jednog novinara pogre\u0161no odgovorio da ta mjera stupa na snagu odmah. Vijest se brzo pro\u0161irila Berlinom jer je konferencija bila preno\u0161ena u\u017eivo, nakon \u010dega su deseci tisu\u0107a gra\u0111ana pohrlili na grani\u010dne prijelaze gdje su ih zbunjeni pograni\u010dni policajci jednostavno pustili u zapadni dio grada. Nakon toga zavladalo je narodno slavlje: gostionice u blizini Zida spontano su po\u010dele besplatno to\u010diti pivo, ljudi su izi\u0161li na ulice pretvoriv\u0161i glavnu prometnicu Zapadnog Berlina Kurfuerstandamm u veliki korzo na kojem se slavilo i veselilo do jutra.<\/p>\n\n\n\n<p>Istoga dana tada\u0161nji gradona\u010delnik Berlina Walter Momper otvorio je nove prihvatne centre za one koji su htjeli odmah ostati na Zapadu i odredio da se svakom gra\u0111aninu Isto\u010dne Njema\u010dke dodijeli 100 njema\u010dkih maraka \u201cpozdravnog novca\u201d.<\/p>\n\n\n\n<p>Zanimljivo je da su komunisti\u010dke vlasti, sli\u010dno kao i u Hrvatskoj, ovu ljudsku sramotu koja je napravila grad-logor i gdje su na\u0161le smrt brojne obitelji i ljudi nazvale <strong>\u201eZidom antifa\u0161izma\u201c.<\/strong> Suludi crveni \u2018antifa\u0161isti\u2019 tvrdili su da tim zidom smrti \u0161tite Berlin\u010dane od fa\u0161isti\u010dkog i kapitalisti\u010dkog zapada, \u0161to je na Zapadu izazivalo podsmijeh.<\/p>\n\n\n\n<p>Ali patnje ljudi u Njema\u010dkoj i ostalim komunisti\u010dkim dr\u017eavama, pod \u201ccrvenim terorom\u201d bile su stra\u0161ne i nevi\u0111ene u povijesti svijeta.<\/p>\n\n\n\n<p><em>Izvor: narod.hr<\/em><\/p>\n","protected":false},"excerpt":{"rendered":"<p>Zanimljivo je da su komunisti\u010dke vlasti, sli\u010dno kao i u Hrvatskoj, ovu ljudsku sramotu koja je napravila od Berlina grad-logor i gdje su na\u0161le smrt brojne obitelji i ljudi nazvale \u201eZidom antifa\u0161izma\u201c. Suludi crveni \u2018antifa\u0161isti\u2019 tvrdili su da tim zidom smrti \u0161tite Berlin\u010dane od fa\u0161isti\u010dkog i kapitalisti\u010dkog zapada, \u0161to je na Zapadu izazivalo podsmijeh. Na [&hellip;]<\/p>\n","protected":false},"author":2,"featured_media":86873,"comment_status":"closed","ping_status":"closed","sticky":false,"template":"","format":"standard","meta":{"h5ap_radio_sources":[],"footnotes":""},"categories":[1],"tags":[],"class_list":["post-86872","post","type-post","status-publish","format-standard","has-post-thumbnail","hentry","category-bihiregija"],"yoast_head":"<!-- This site is optimized with the Yoast SEO plugin v27.5 - https:\/\/yoast.com\/product\/yoast-seo-wordpress\/ -->\n<title>9. studenoga 1989. Pad Berlinskog Zida \u2013 komunisti\u010dka diktatura proglasila ga je \u2018antifa\u0161isti\u010dkim zidom\u2019! - RADIO LJUBU\u0160KI<\/title>\n<meta name=\"robots\" content=\"index, follow, max-snippet:-1, max-image-preview:large, max-video-preview:-1\" \/>\n<link rel=\"canonical\" href=\"https:\/\/radioljubuski.ba\/index.php\/2021\/11\/09\/9-studenoga-1989-pad-berlinskog-zida-komunisticka-diktatura-proglasila-ga-je-antifasistickim-zidom\/\" \/>\n<meta property=\"og:locale\" content=\"hr_HR\" \/>\n<meta property=\"og:type\" content=\"article\" \/>\n<meta property=\"og:title\" content=\"9. studenoga 1989. Pad Berlinskog Zida \u2013 komunisti\u010dka diktatura proglasila ga je \u2018antifa\u0161isti\u010dkim zidom\u2019! - RADIO LJUBU\u0160KI\" \/>\n<meta property=\"og:description\" content=\"Zanimljivo je da su komunisti\u010dke vlasti, sli\u010dno kao i u Hrvatskoj, ovu ljudsku sramotu koja je napravila od Berlina grad-logor i gdje su na\u0161le smrt brojne obitelji i ljudi nazvale \u201eZidom antifa\u0161izma\u201c. Suludi crveni \u2018antifa\u0161isti\u2019 tvrdili su da tim zidom smrti \u0161tite Berlin\u010dane od fa\u0161isti\u010dkog i kapitalisti\u010dkog zapada, \u0161to je na Zapadu izazivalo podsmijeh. Na [&hellip;]\" \/>\n<meta property=\"og:url\" content=\"https:\/\/radioljubuski.ba\/index.php\/2021\/11\/09\/9-studenoga-1989-pad-berlinskog-zida-komunisticka-diktatura-proglasila-ga-je-antifasistickim-zidom\/\" \/>\n<meta property=\"og:site_name\" content=\"RADIO LJUBU\u0160KI\" \/>\n<meta property=\"article:publisher\" content=\"https:\/\/www.facebook.com\/Radiio-Ljubuski-1490835324566332\" \/>\n<meta property=\"article:published_time\" content=\"2021-11-09T13:32:40+00:00\" \/>\n<meta property=\"article:modified_time\" content=\"2021-11-09T13:32:41+00:00\" \/>\n<meta property=\"og:image\" content=\"https:\/\/radioljubuski.ba\/wp-content\/uploads\/2021\/11\/berlinski-zid-696x420-1.jpg\" \/>\n\t<meta property=\"og:image:width\" content=\"696\" \/>\n\t<meta property=\"og:image:height\" content=\"420\" \/>\n\t<meta property=\"og:image:type\" content=\"image\/jpeg\" \/>\n<meta name=\"author\" content=\"Radio Ljubu\u0161ki\" \/>\n<meta name=\"twitter:card\" content=\"summary_large_image\" \/>\n<meta name=\"twitter:creator\" content=\"@radioljubuski\" \/>\n<meta name=\"twitter:site\" content=\"@radioljubuski\" \/>\n<meta name=\"twitter:label1\" content=\"Napisao\/la\" \/>\n\t<meta name=\"twitter:data1\" content=\"Radio Ljubu\u0161ki\" \/>\n\t<meta name=\"twitter:label2\" content=\"Procijenjeno vrijeme \u010ditanja\" \/>\n\t<meta name=\"twitter:data2\" content=\"3 minute\" \/>\n<script type=\"application\/ld+json\" class=\"yoast-schema-graph\">{\"@context\":\"https:\\\/\\\/schema.org\",\"@graph\":[{\"@type\":\"Article\",\"@id\":\"https:\\\/\\\/radioljubuski.ba\\\/index.php\\\/2021\\\/11\\\/09\\\/9-studenoga-1989-pad-berlinskog-zida-komunisticka-diktatura-proglasila-ga-je-antifasistickim-zidom\\\/#article\",\"isPartOf\":{\"@id\":\"https:\\\/\\\/radioljubuski.ba\\\/index.php\\\/2021\\\/11\\\/09\\\/9-studenoga-1989-pad-berlinskog-zida-komunisticka-diktatura-proglasila-ga-je-antifasistickim-zidom\\\/\"},\"author\":{\"name\":\"Radio Ljubu\u0161ki\",\"@id\":\"https:\\\/\\\/radioljubuski.ba\\\/#\\\/schema\\\/person\\\/19fc700381a780f69665d7956c469e3b\"},\"headline\":\"9. studenoga 1989. Pad Berlinskog Zida \u2013 komunisti\u010dka diktatura proglasila ga je \u2018antifa\u0161isti\u010dkim zidom\u2019!\",\"datePublished\":\"2021-11-09T13:32:40+00:00\",\"dateModified\":\"2021-11-09T13:32:41+00:00\",\"mainEntityOfPage\":{\"@id\":\"https:\\\/\\\/radioljubuski.ba\\\/index.php\\\/2021\\\/11\\\/09\\\/9-studenoga-1989-pad-berlinskog-zida-komunisticka-diktatura-proglasila-ga-je-antifasistickim-zidom\\\/\"},\"wordCount\":661,\"publisher\":{\"@id\":\"https:\\\/\\\/radioljubuski.ba\\\/#organization\"},\"image\":{\"@id\":\"https:\\\/\\\/radioljubuski.ba\\\/index.php\\\/2021\\\/11\\\/09\\\/9-studenoga-1989-pad-berlinskog-zida-komunisticka-diktatura-proglasila-ga-je-antifasistickim-zidom\\\/#primaryimage\"},\"thumbnailUrl\":\"https:\\\/\\\/radioljubuski.ba\\\/wp-content\\\/uploads\\\/2021\\\/11\\\/berlinski-zid-696x420-1.jpg\",\"articleSection\":[\"BIH i regija\"],\"inLanguage\":\"hr\"},{\"@type\":\"WebPage\",\"@id\":\"https:\\\/\\\/radioljubuski.ba\\\/index.php\\\/2021\\\/11\\\/09\\\/9-studenoga-1989-pad-berlinskog-zida-komunisticka-diktatura-proglasila-ga-je-antifasistickim-zidom\\\/\",\"url\":\"https:\\\/\\\/radioljubuski.ba\\\/index.php\\\/2021\\\/11\\\/09\\\/9-studenoga-1989-pad-berlinskog-zida-komunisticka-diktatura-proglasila-ga-je-antifasistickim-zidom\\\/\",\"name\":\"9. studenoga 1989. Pad Berlinskog Zida \u2013 komunisti\u010dka diktatura proglasila ga je \u2018antifa\u0161isti\u010dkim zidom\u2019! - RADIO LJUBU\u0160KI\",\"isPartOf\":{\"@id\":\"https:\\\/\\\/radioljubuski.ba\\\/#website\"},\"primaryImageOfPage\":{\"@id\":\"https:\\\/\\\/radioljubuski.ba\\\/index.php\\\/2021\\\/11\\\/09\\\/9-studenoga-1989-pad-berlinskog-zida-komunisticka-diktatura-proglasila-ga-je-antifasistickim-zidom\\\/#primaryimage\"},\"image\":{\"@id\":\"https:\\\/\\\/radioljubuski.ba\\\/index.php\\\/2021\\\/11\\\/09\\\/9-studenoga-1989-pad-berlinskog-zida-komunisticka-diktatura-proglasila-ga-je-antifasistickim-zidom\\\/#primaryimage\"},\"thumbnailUrl\":\"https:\\\/\\\/radioljubuski.ba\\\/wp-content\\\/uploads\\\/2021\\\/11\\\/berlinski-zid-696x420-1.jpg\",\"datePublished\":\"2021-11-09T13:32:40+00:00\",\"dateModified\":\"2021-11-09T13:32:41+00:00\",\"breadcrumb\":{\"@id\":\"https:\\\/\\\/radioljubuski.ba\\\/index.php\\\/2021\\\/11\\\/09\\\/9-studenoga-1989-pad-berlinskog-zida-komunisticka-diktatura-proglasila-ga-je-antifasistickim-zidom\\\/#breadcrumb\"},\"inLanguage\":\"hr\",\"potentialAction\":[{\"@type\":\"ReadAction\",\"target\":[\"https:\\\/\\\/radioljubuski.ba\\\/index.php\\\/2021\\\/11\\\/09\\\/9-studenoga-1989-pad-berlinskog-zida-komunisticka-diktatura-proglasila-ga-je-antifasistickim-zidom\\\/\"]}]},{\"@type\":\"ImageObject\",\"inLanguage\":\"hr\",\"@id\":\"https:\\\/\\\/radioljubuski.ba\\\/index.php\\\/2021\\\/11\\\/09\\\/9-studenoga-1989-pad-berlinskog-zida-komunisticka-diktatura-proglasila-ga-je-antifasistickim-zidom\\\/#primaryimage\",\"url\":\"https:\\\/\\\/radioljubuski.ba\\\/wp-content\\\/uploads\\\/2021\\\/11\\\/berlinski-zid-696x420-1.jpg\",\"contentUrl\":\"https:\\\/\\\/radioljubuski.ba\\\/wp-content\\\/uploads\\\/2021\\\/11\\\/berlinski-zid-696x420-1.jpg\",\"width\":696,\"height\":420,\"caption\":\"epa04443507 People pass painted pieces of the former Berlin Wall at the arts zone 'Neu West Berlin' (New West Berlin) in Berlin, Germany, 12 October 2014. The 25th anniversary of the fall of the Berlin Wall is on 09 November 2014. EPA\\\/JOERG CARSTENSEN\"},{\"@type\":\"BreadcrumbList\",\"@id\":\"https:\\\/\\\/radioljubuski.ba\\\/index.php\\\/2021\\\/11\\\/09\\\/9-studenoga-1989-pad-berlinskog-zida-komunisticka-diktatura-proglasila-ga-je-antifasistickim-zidom\\\/#breadcrumb\",\"itemListElement\":[{\"@type\":\"ListItem\",\"position\":1,\"name\":\"Po\u010detna stranica\",\"item\":\"https:\\\/\\\/radioljubuski.ba\\\/\"},{\"@type\":\"ListItem\",\"position\":2,\"name\":\"9. studenoga 1989. Pad Berlinskog Zida \u2013 komunisti\u010dka diktatura proglasila ga je \u2018antifa\u0161isti\u010dkim zidom\u2019!\"}]},{\"@type\":\"WebSite\",\"@id\":\"https:\\\/\\\/radioljubuski.ba\\\/#website\",\"url\":\"https:\\\/\\\/radioljubuski.ba\\\/\",\"name\":\"Radio Ljubu\u0161ki\",\"description\":\"Sun\u010dana frekvencija Hercegovine\",\"publisher\":{\"@id\":\"https:\\\/\\\/radioljubuski.ba\\\/#organization\"},\"potentialAction\":[{\"@type\":\"SearchAction\",\"target\":{\"@type\":\"EntryPoint\",\"urlTemplate\":\"https:\\\/\\\/radioljubuski.ba\\\/?s={search_term_string}\"},\"query-input\":{\"@type\":\"PropertyValueSpecification\",\"valueRequired\":true,\"valueName\":\"search_term_string\"}}],\"inLanguage\":\"hr\"},{\"@type\":\"Organization\",\"@id\":\"https:\\\/\\\/radioljubuski.ba\\\/#organization\",\"name\":\"Radio Ljubu\u0161ki\",\"url\":\"https:\\\/\\\/radioljubuski.ba\\\/\",\"logo\":{\"@type\":\"ImageObject\",\"inLanguage\":\"hr\",\"@id\":\"https:\\\/\\\/radioljubuski.ba\\\/#\\\/schema\\\/logo\\\/image\\\/\",\"url\":\"https:\\\/\\\/radioljubuski.ba\\\/wp-content\\\/uploads\\\/2021\\\/02\\\/cropped-Radio_Ljubuski_logo1.jpg\",\"contentUrl\":\"https:\\\/\\\/radioljubuski.ba\\\/wp-content\\\/uploads\\\/2021\\\/02\\\/cropped-Radio_Ljubuski_logo1.jpg\",\"width\":512,\"height\":512,\"caption\":\"Radio Ljubu\u0161ki\"},\"image\":{\"@id\":\"https:\\\/\\\/radioljubuski.ba\\\/#\\\/schema\\\/logo\\\/image\\\/\"},\"sameAs\":[\"https:\\\/\\\/www.facebook.com\\\/Radiio-Ljubuski-1490835324566332\",\"https:\\\/\\\/x.com\\\/radioljubuski\",\"https:\\\/\\\/hr.linkedin.com\\\/company\\\/radio-ljubuski\",\"https:\\\/\\\/www.youtube.com\\\/channel\\\/UCHYaeO_n0Db3tjNGudGpXyw\"]},{\"@type\":\"Person\",\"@id\":\"https:\\\/\\\/radioljubuski.ba\\\/#\\\/schema\\\/person\\\/19fc700381a780f69665d7956c469e3b\",\"name\":\"Radio Ljubu\u0161ki\"}]}<\/script>\n<!-- \/ Yoast SEO plugin. -->","yoast_head_json":{"title":"9. studenoga 1989. Pad Berlinskog Zida \u2013 komunisti\u010dka diktatura proglasila ga je \u2018antifa\u0161isti\u010dkim zidom\u2019! - RADIO LJUBU\u0160KI","robots":{"index":"index","follow":"follow","max-snippet":"max-snippet:-1","max-image-preview":"max-image-preview:large","max-video-preview":"max-video-preview:-1"},"canonical":"https:\/\/radioljubuski.ba\/index.php\/2021\/11\/09\/9-studenoga-1989-pad-berlinskog-zida-komunisticka-diktatura-proglasila-ga-je-antifasistickim-zidom\/","og_locale":"hr_HR","og_type":"article","og_title":"9. studenoga 1989. Pad Berlinskog Zida \u2013 komunisti\u010dka diktatura proglasila ga je \u2018antifa\u0161isti\u010dkim zidom\u2019! - RADIO LJUBU\u0160KI","og_description":"Zanimljivo je da su komunisti\u010dke vlasti, sli\u010dno kao i u Hrvatskoj, ovu ljudsku sramotu koja je napravila od Berlina grad-logor i gdje su na\u0161le smrt brojne obitelji i ljudi nazvale \u201eZidom antifa\u0161izma\u201c. Suludi crveni \u2018antifa\u0161isti\u2019 tvrdili su da tim zidom smrti \u0161tite Berlin\u010dane od fa\u0161isti\u010dkog i kapitalisti\u010dkog zapada, \u0161to je na Zapadu izazivalo podsmijeh. Na [&hellip;]","og_url":"https:\/\/radioljubuski.ba\/index.php\/2021\/11\/09\/9-studenoga-1989-pad-berlinskog-zida-komunisticka-diktatura-proglasila-ga-je-antifasistickim-zidom\/","og_site_name":"RADIO LJUBU\u0160KI","article_publisher":"https:\/\/www.facebook.com\/Radiio-Ljubuski-1490835324566332","article_published_time":"2021-11-09T13:32:40+00:00","article_modified_time":"2021-11-09T13:32:41+00:00","og_image":[{"width":696,"height":420,"url":"https:\/\/radioljubuski.ba\/wp-content\/uploads\/2021\/11\/berlinski-zid-696x420-1.jpg","type":"image\/jpeg"}],"author":"Radio Ljubu\u0161ki","twitter_card":"summary_large_image","twitter_creator":"@radioljubuski","twitter_site":"@radioljubuski","twitter_misc":{"Napisao\/la":"Radio Ljubu\u0161ki","Procijenjeno vrijeme \u010ditanja":"3 minute"},"schema":{"@context":"https:\/\/schema.org","@graph":[{"@type":"Article","@id":"https:\/\/radioljubuski.ba\/index.php\/2021\/11\/09\/9-studenoga-1989-pad-berlinskog-zida-komunisticka-diktatura-proglasila-ga-je-antifasistickim-zidom\/#article","isPartOf":{"@id":"https:\/\/radioljubuski.ba\/index.php\/2021\/11\/09\/9-studenoga-1989-pad-berlinskog-zida-komunisticka-diktatura-proglasila-ga-je-antifasistickim-zidom\/"},"author":{"name":"Radio Ljubu\u0161ki","@id":"https:\/\/radioljubuski.ba\/#\/schema\/person\/19fc700381a780f69665d7956c469e3b"},"headline":"9. studenoga 1989. Pad Berlinskog Zida \u2013 komunisti\u010dka diktatura proglasila ga je \u2018antifa\u0161isti\u010dkim zidom\u2019!","datePublished":"2021-11-09T13:32:40+00:00","dateModified":"2021-11-09T13:32:41+00:00","mainEntityOfPage":{"@id":"https:\/\/radioljubuski.ba\/index.php\/2021\/11\/09\/9-studenoga-1989-pad-berlinskog-zida-komunisticka-diktatura-proglasila-ga-je-antifasistickim-zidom\/"},"wordCount":661,"publisher":{"@id":"https:\/\/radioljubuski.ba\/#organization"},"image":{"@id":"https:\/\/radioljubuski.ba\/index.php\/2021\/11\/09\/9-studenoga-1989-pad-berlinskog-zida-komunisticka-diktatura-proglasila-ga-je-antifasistickim-zidom\/#primaryimage"},"thumbnailUrl":"https:\/\/radioljubuski.ba\/wp-content\/uploads\/2021\/11\/berlinski-zid-696x420-1.jpg","articleSection":["BIH i regija"],"inLanguage":"hr"},{"@type":"WebPage","@id":"https:\/\/radioljubuski.ba\/index.php\/2021\/11\/09\/9-studenoga-1989-pad-berlinskog-zida-komunisticka-diktatura-proglasila-ga-je-antifasistickim-zidom\/","url":"https:\/\/radioljubuski.ba\/index.php\/2021\/11\/09\/9-studenoga-1989-pad-berlinskog-zida-komunisticka-diktatura-proglasila-ga-je-antifasistickim-zidom\/","name":"9. studenoga 1989. Pad Berlinskog Zida \u2013 komunisti\u010dka diktatura proglasila ga je \u2018antifa\u0161isti\u010dkim zidom\u2019! - RADIO LJUBU\u0160KI","isPartOf":{"@id":"https:\/\/radioljubuski.ba\/#website"},"primaryImageOfPage":{"@id":"https:\/\/radioljubuski.ba\/index.php\/2021\/11\/09\/9-studenoga-1989-pad-berlinskog-zida-komunisticka-diktatura-proglasila-ga-je-antifasistickim-zidom\/#primaryimage"},"image":{"@id":"https:\/\/radioljubuski.ba\/index.php\/2021\/11\/09\/9-studenoga-1989-pad-berlinskog-zida-komunisticka-diktatura-proglasila-ga-je-antifasistickim-zidom\/#primaryimage"},"thumbnailUrl":"https:\/\/radioljubuski.ba\/wp-content\/uploads\/2021\/11\/berlinski-zid-696x420-1.jpg","datePublished":"2021-11-09T13:32:40+00:00","dateModified":"2021-11-09T13:32:41+00:00","breadcrumb":{"@id":"https:\/\/radioljubuski.ba\/index.php\/2021\/11\/09\/9-studenoga-1989-pad-berlinskog-zida-komunisticka-diktatura-proglasila-ga-je-antifasistickim-zidom\/#breadcrumb"},"inLanguage":"hr","potentialAction":[{"@type":"ReadAction","target":["https:\/\/radioljubuski.ba\/index.php\/2021\/11\/09\/9-studenoga-1989-pad-berlinskog-zida-komunisticka-diktatura-proglasila-ga-je-antifasistickim-zidom\/"]}]},{"@type":"ImageObject","inLanguage":"hr","@id":"https:\/\/radioljubuski.ba\/index.php\/2021\/11\/09\/9-studenoga-1989-pad-berlinskog-zida-komunisticka-diktatura-proglasila-ga-je-antifasistickim-zidom\/#primaryimage","url":"https:\/\/radioljubuski.ba\/wp-content\/uploads\/2021\/11\/berlinski-zid-696x420-1.jpg","contentUrl":"https:\/\/radioljubuski.ba\/wp-content\/uploads\/2021\/11\/berlinski-zid-696x420-1.jpg","width":696,"height":420,"caption":"epa04443507 People pass painted pieces of the former Berlin Wall at the arts zone 'Neu West Berlin' (New West Berlin) in Berlin, Germany, 12 October 2014. The 25th anniversary of the fall of the Berlin Wall is on 09 November 2014. EPA\/JOERG CARSTENSEN"},{"@type":"BreadcrumbList","@id":"https:\/\/radioljubuski.ba\/index.php\/2021\/11\/09\/9-studenoga-1989-pad-berlinskog-zida-komunisticka-diktatura-proglasila-ga-je-antifasistickim-zidom\/#breadcrumb","itemListElement":[{"@type":"ListItem","position":1,"name":"Po\u010detna stranica","item":"https:\/\/radioljubuski.ba\/"},{"@type":"ListItem","position":2,"name":"9. studenoga 1989. Pad Berlinskog Zida \u2013 komunisti\u010dka diktatura proglasila ga je \u2018antifa\u0161isti\u010dkim zidom\u2019!"}]},{"@type":"WebSite","@id":"https:\/\/radioljubuski.ba\/#website","url":"https:\/\/radioljubuski.ba\/","name":"Radio Ljubu\u0161ki","description":"Sun\u010dana frekvencija Hercegovine","publisher":{"@id":"https:\/\/radioljubuski.ba\/#organization"},"potentialAction":[{"@type":"SearchAction","target":{"@type":"EntryPoint","urlTemplate":"https:\/\/radioljubuski.ba\/?s={search_term_string}"},"query-input":{"@type":"PropertyValueSpecification","valueRequired":true,"valueName":"search_term_string"}}],"inLanguage":"hr"},{"@type":"Organization","@id":"https:\/\/radioljubuski.ba\/#organization","name":"Radio Ljubu\u0161ki","url":"https:\/\/radioljubuski.ba\/","logo":{"@type":"ImageObject","inLanguage":"hr","@id":"https:\/\/radioljubuski.ba\/#\/schema\/logo\/image\/","url":"https:\/\/radioljubuski.ba\/wp-content\/uploads\/2021\/02\/cropped-Radio_Ljubuski_logo1.jpg","contentUrl":"https:\/\/radioljubuski.ba\/wp-content\/uploads\/2021\/02\/cropped-Radio_Ljubuski_logo1.jpg","width":512,"height":512,"caption":"Radio Ljubu\u0161ki"},"image":{"@id":"https:\/\/radioljubuski.ba\/#\/schema\/logo\/image\/"},"sameAs":["https:\/\/www.facebook.com\/Radiio-Ljubuski-1490835324566332","https:\/\/x.com\/radioljubuski","https:\/\/hr.linkedin.com\/company\/radio-ljubuski","https:\/\/www.youtube.com\/channel\/UCHYaeO_n0Db3tjNGudGpXyw"]},{"@type":"Person","@id":"https:\/\/radioljubuski.ba\/#\/schema\/person\/19fc700381a780f69665d7956c469e3b","name":"Radio Ljubu\u0161ki"}]}},"_links":{"self":[{"href":"https:\/\/radioljubuski.ba\/index.php\/wp-json\/wp\/v2\/posts\/86872","targetHints":{"allow":["GET"]}}],"collection":[{"href":"https:\/\/radioljubuski.ba\/index.php\/wp-json\/wp\/v2\/posts"}],"about":[{"href":"https:\/\/radioljubuski.ba\/index.php\/wp-json\/wp\/v2\/types\/post"}],"author":[{"embeddable":true,"href":"https:\/\/radioljubuski.ba\/index.php\/wp-json\/wp\/v2\/users\/2"}],"replies":[{"embeddable":true,"href":"https:\/\/radioljubuski.ba\/index.php\/wp-json\/wp\/v2\/comments?post=86872"}],"version-history":[{"count":1,"href":"https:\/\/radioljubuski.ba\/index.php\/wp-json\/wp\/v2\/posts\/86872\/revisions"}],"predecessor-version":[{"id":86874,"href":"https:\/\/radioljubuski.ba\/index.php\/wp-json\/wp\/v2\/posts\/86872\/revisions\/86874"}],"wp:featuredmedia":[{"embeddable":true,"href":"https:\/\/radioljubuski.ba\/index.php\/wp-json\/wp\/v2\/media\/86873"}],"wp:attachment":[{"href":"https:\/\/radioljubuski.ba\/index.php\/wp-json\/wp\/v2\/media?parent=86872"}],"wp:term":[{"taxonomy":"category","embeddable":true,"href":"https:\/\/radioljubuski.ba\/index.php\/wp-json\/wp\/v2\/categories?post=86872"},{"taxonomy":"post_tag","embeddable":true,"href":"https:\/\/radioljubuski.ba\/index.php\/wp-json\/wp\/v2\/tags?post=86872"}],"curies":[{"name":"wp","href":"https:\/\/api.w.org\/{rel}","templated":true}]}}