{"id":86883,"date":"2021-11-09T14:44:23","date_gmt":"2021-11-09T13:44:23","guid":{"rendered":"https:\/\/radioljubuski.ba\/?p=86883"},"modified":"2021-11-09T14:44:24","modified_gmt":"2021-11-09T13:44:24","slug":"selak-raspudic-o-ukidanju-mjere-roditelj-odgojitelj-djeca-ce-zavrsiti-na-ulici-jer-u-vrticima-nema-mjesta","status":"publish","type":"post","link":"https:\/\/radioljubuski.ba\/index.php\/2021\/11\/09\/selak-raspudic-o-ukidanju-mjere-roditelj-odgojitelj-djeca-ce-zavrsiti-na-ulici-jer-u-vrticima-nema-mjesta\/","title":{"rendered":"Selak Raspudi\u0107 o ukidanju mjere roditelj-odgojitelj: Djeca \u0107e zavr\u0161iti na ulici jer u vrti\u0107ima nema mjesta"},"content":{"rendered":"\n<p>Smanjili su mjeru roditelj-odgojitelj pa srezali i naknade za novoro\u0111enu djecu. Iz Grada Zagreba tvrde da te mjere ionako nisu davale demografske rezultate, a plan im je fokusirati se na vrti\u0107e.<\/p>\n\n\n\n<p>Je li to nepotrebna i proma\u0161ena u\u0161teda na djeci, ili kvalitetan potez gradske vlasti te kakve \u0107e posljedice izazvati?<\/p>\n\n\n\n<p>Na ta su pitanja odgovorile za Dnevnik Nove TV saborske zastupnice Marija Selak Raspudi\u0107 iz Mosta i Ivana Kekin iz stranke Mo\u017eemo.<\/p>\n\n\n\n<div style=\"width: 640px;\" class=\"wp-video\"><video class=\"wp-video-shortcode\" id=\"video-86883-1\" width=\"640\" height=\"360\" preload=\"metadata\" controls=\"controls\"><source type=\"video\/mp4\" src=\"https:\/\/video.dnevnik.hr\/\/2021\/\/11\/\/08\/\/618972c414929_62188071-2.mp4?_=1\" \/><a href=\"https:\/\/video.dnevnik.hr\/\/2021\/\/11\/\/08\/\/618972c414929_62188071-2.mp4\">https:\/\/video.dnevnik.hr\/\/2021\/\/11\/\/08\/\/618972c414929_62188071-2.mp4<\/a><\/video><\/div>\n \n\n\n\n\n<h3 class=\"wp-block-heading\"><strong>O smanjivanju naknada za novoro\u0111en\u010dad<\/strong><\/h3>\n\n\n\n<p>Ivana Kekin upitana je \u201cza\u0161to ba\u0161 odmah na trudnice\u201d, za\u0161to smanjuju naknade za novoro\u0111en\u010dad.<\/p>\n\n\n\n<p>\u201cVidim da ste i vi to krivo uhvatili. Taj iznos se ne re\u017ee, ne ukida i ne mijenja. Dapa\u010de, mi pove\u0107avamo iznos za svako prvoro\u0111eno dijete i to za 40 posto. Svako idu\u0107e dijete je izjedna\u010deno s tim iznosom. Smatramo da svaka beba u Zagreba treba imati istu materijalnu pomo\u0107\u201d, rekla je i dodala da \u0107e i tre\u0107e dijete dobiti 2500 kuna. \u201cTime smo umanjili nepravednost sustava\u201d, dodala je. Isti dio novaca je u prora\u010dunu kao \u0161to je i bio, rekla je.<\/p>\n\n\n\n<p>Raspudi\u0107 je rekla da kada roditelji dobiju novo, tre\u0107e dijete \u2013 treba potpuno reorganizirati \u017eivot. Obitelji koje idu prema tre\u0107em djetetu treba dodatno stimulirati, dodala je.<\/p>\n\n\n\n<p>Zatim je Ivana Kekin ustvrdila da je cilj bio pove\u0107ati broj \u017eivoro\u0111ene djece. \u201cPotpuno nam je svejedno ho\u0107e li to biti prvoro\u0111eno, drugoro\u0111eno ili tre\u0107ero\u0111eno dijete. Ove demografske politike koje je provodila biv\u0161a vlast, pokazalo se da su u tome neuspje\u0161ne. To nije \u010dudo jer je velik dio novca ulagan u malu skupinu ljudi\u201d, rekla je.<\/p>\n\n\n\n<p>Isti iznos novaca je u prora\u010dunu predvi\u0111en, kao i u prethodnoj vlasti.<\/p>\n\n\n\n<h3 class=\"wp-block-heading\"><strong>Roditelj odgojitelj<\/strong><\/h3>\n\n\n\n<p>Mjera roditelj odgojitelj se ukida, a 5423 vrti\u0107ke djece ostat \u0107e bez te mjere.<\/p>\n\n\n\n<p>Selak Raspudi\u0107 upozorila je ako se majke odgojiteljice sad moraju zaposliti, 5423 djece trebaju vrti\u0107 a ima tek 347 slobodnih mjesta.<\/p>\n\n\n\n<p>\u201cTa djeca \u0107e iza\u0107i na ulicu, odnosno njihove majke su nezapo\u0161ljive osim ako ne \u017eele djecu ostaviti na ulici\u201d, rekla je Selak Raspudi\u0107.<\/p>\n\n\n\n<p>\u201cMi prepoznajemo da jedan dio korisnika je u ve\u0107em riziku od siroma\u0161tva\u201d, rekla je Kekin za mjeru roditelj odgojitelj. O\u010dekujemo da \u0107e se dio \u017eena nakon toga zaposliti, tvrdi. Radi se oko 5000 obitelji.<\/p>\n\n\n\n<p>Ta je mjera iznosila 1,8 milijardi kuna. \u201cMogli smo izgraditi 27 vrti\u0107a\u201d, rekla je Kekin i navela nekoliko negativnih posljedica mjere.<\/p>\n\n\n\n<p>Raspudi\u0107 je rekla Kekin da je o\u010dekuje da \u0107e u prvoj godini nakon ukidanja mjere napraviti sedam vrti\u0107a. Vi ste u cijelom razdoblju najavili \u0161est vrti\u0107a\u201d, dodala je. \u201cOvo nije pitanje treba li netko koristiti mjeru, ve\u0107 da \u017eene trebaju imati izbor\u201d, dodala je.<\/p>\n\n\n\n<p>\u201cU narednom periodu \u0107ete \u010duti sve o pritisku na vrti\u0107e, o tome kako \u0107emo smanjiti pritisak na radni sustav i kako \u0107emo pomo\u0107i oko socijalnog statusa obitelji koje su ugro\u017eene\u201d, zaklju\u010dila je Kekin.<\/p>\n\n\n\n<p><em>Izvor: narod.hr\/dnevnik.hr<\/em><\/p>\n","protected":false},"excerpt":{"rendered":"<p>Smanjili su mjeru roditelj-odgojitelj pa srezali i naknade za novoro\u0111enu djecu. Iz Grada Zagreba tvrde da te mjere ionako nisu davale demografske rezultate, a plan im je fokusirati se na vrti\u0107e. Je li to nepotrebna i proma\u0161ena u\u0161teda na djeci, ili kvalitetan potez gradske vlasti te kakve \u0107e posljedice izazvati? Na ta su pitanja odgovorile [&hellip;]<\/p>\n","protected":false},"author":2,"featured_media":86884,"comment_status":"closed","ping_status":"closed","sticky":false,"template":"","format":"standard","meta":{"h5ap_radio_sources":[],"footnotes":""},"categories":[1],"tags":[],"class_list":["post-86883","post","type-post","status-publish","format-standard","has-post-thumbnail","hentry","category-bihiregija"],"yoast_head":"<!-- This site is optimized with the Yoast SEO plugin v27.5 - https:\/\/yoast.com\/product\/yoast-seo-wordpress\/ -->\n<title>Selak Raspudi\u0107 o ukidanju mjere roditelj-odgojitelj: Djeca \u0107e zavr\u0161iti na ulici jer u vrti\u0107ima nema mjesta - RADIO LJUBU\u0160KI<\/title>\n<meta name=\"robots\" content=\"index, follow, max-snippet:-1, max-image-preview:large, max-video-preview:-1\" \/>\n<link rel=\"canonical\" href=\"https:\/\/radioljubuski.ba\/index.php\/2021\/11\/09\/selak-raspudic-o-ukidanju-mjere-roditelj-odgojitelj-djeca-ce-zavrsiti-na-ulici-jer-u-vrticima-nema-mjesta\/\" \/>\n<meta property=\"og:locale\" content=\"hr_HR\" \/>\n<meta property=\"og:type\" content=\"article\" \/>\n<meta property=\"og:title\" content=\"Selak Raspudi\u0107 o ukidanju mjere roditelj-odgojitelj: Djeca \u0107e zavr\u0161iti na ulici jer u vrti\u0107ima nema mjesta - RADIO LJUBU\u0160KI\" \/>\n<meta property=\"og:description\" content=\"Smanjili su mjeru roditelj-odgojitelj pa srezali i naknade za novoro\u0111enu djecu. Iz Grada Zagreba tvrde da te mjere ionako nisu davale demografske rezultate, a plan im je fokusirati se na vrti\u0107e. Je li to nepotrebna i proma\u0161ena u\u0161teda na djeci, ili kvalitetan potez gradske vlasti te kakve \u0107e posljedice izazvati? Na ta su pitanja odgovorile [&hellip;]\" \/>\n<meta property=\"og:url\" content=\"https:\/\/radioljubuski.ba\/index.php\/2021\/11\/09\/selak-raspudic-o-ukidanju-mjere-roditelj-odgojitelj-djeca-ce-zavrsiti-na-ulici-jer-u-vrticima-nema-mjesta\/\" \/>\n<meta property=\"og:site_name\" content=\"RADIO LJUBU\u0160KI\" \/>\n<meta property=\"article:publisher\" content=\"https:\/\/www.facebook.com\/Radiio-Ljubuski-1490835324566332\" \/>\n<meta property=\"article:published_time\" content=\"2021-11-09T13:44:23+00:00\" \/>\n<meta property=\"article:modified_time\" content=\"2021-11-09T13:44:24+00:00\" \/>\n<meta property=\"og:image\" content=\"https:\/\/radioljubuski.ba\/wp-content\/uploads\/2021\/11\/raspudic-kekin-696x464-1.jpg\" \/>\n\t<meta property=\"og:image:width\" content=\"696\" \/>\n\t<meta property=\"og:image:height\" content=\"464\" \/>\n\t<meta property=\"og:image:type\" content=\"image\/jpeg\" \/>\n<meta name=\"author\" content=\"Radio Ljubu\u0161ki\" \/>\n<meta name=\"twitter:card\" content=\"summary_large_image\" \/>\n<meta name=\"twitter:creator\" content=\"@radioljubuski\" \/>\n<meta name=\"twitter:site\" content=\"@radioljubuski\" \/>\n<meta name=\"twitter:label1\" content=\"Napisao\/la\" \/>\n\t<meta name=\"twitter:data1\" content=\"Radio Ljubu\u0161ki\" \/>\n\t<meta name=\"twitter:label2\" content=\"Procijenjeno vrijeme \u010ditanja\" \/>\n\t<meta name=\"twitter:data2\" content=\"3 minute\" \/>\n<script type=\"application\/ld+json\" class=\"yoast-schema-graph\">{\"@context\":\"https:\\\/\\\/schema.org\",\"@graph\":[{\"@type\":\"Article\",\"@id\":\"https:\\\/\\\/radioljubuski.ba\\\/index.php\\\/2021\\\/11\\\/09\\\/selak-raspudic-o-ukidanju-mjere-roditelj-odgojitelj-djeca-ce-zavrsiti-na-ulici-jer-u-vrticima-nema-mjesta\\\/#article\",\"isPartOf\":{\"@id\":\"https:\\\/\\\/radioljubuski.ba\\\/index.php\\\/2021\\\/11\\\/09\\\/selak-raspudic-o-ukidanju-mjere-roditelj-odgojitelj-djeca-ce-zavrsiti-na-ulici-jer-u-vrticima-nema-mjesta\\\/\"},\"author\":{\"name\":\"Radio Ljubu\u0161ki\",\"@id\":\"https:\\\/\\\/radioljubuski.ba\\\/#\\\/schema\\\/person\\\/19fc700381a780f69665d7956c469e3b\"},\"headline\":\"Selak Raspudi\u0107 o ukidanju mjere roditelj-odgojitelj: Djeca \u0107e zavr\u0161iti na ulici jer u vrti\u0107ima nema mjesta\",\"datePublished\":\"2021-11-09T13:44:23+00:00\",\"dateModified\":\"2021-11-09T13:44:24+00:00\",\"mainEntityOfPage\":{\"@id\":\"https:\\\/\\\/radioljubuski.ba\\\/index.php\\\/2021\\\/11\\\/09\\\/selak-raspudic-o-ukidanju-mjere-roditelj-odgojitelj-djeca-ce-zavrsiti-na-ulici-jer-u-vrticima-nema-mjesta\\\/\"},\"wordCount\":526,\"publisher\":{\"@id\":\"https:\\\/\\\/radioljubuski.ba\\\/#organization\"},\"image\":{\"@id\":\"https:\\\/\\\/radioljubuski.ba\\\/index.php\\\/2021\\\/11\\\/09\\\/selak-raspudic-o-ukidanju-mjere-roditelj-odgojitelj-djeca-ce-zavrsiti-na-ulici-jer-u-vrticima-nema-mjesta\\\/#primaryimage\"},\"thumbnailUrl\":\"https:\\\/\\\/radioljubuski.ba\\\/wp-content\\\/uploads\\\/2021\\\/11\\\/raspudic-kekin-696x464-1.jpg\",\"articleSection\":[\"BIH i regija\"],\"inLanguage\":\"hr\"},{\"@type\":\"WebPage\",\"@id\":\"https:\\\/\\\/radioljubuski.ba\\\/index.php\\\/2021\\\/11\\\/09\\\/selak-raspudic-o-ukidanju-mjere-roditelj-odgojitelj-djeca-ce-zavrsiti-na-ulici-jer-u-vrticima-nema-mjesta\\\/\",\"url\":\"https:\\\/\\\/radioljubuski.ba\\\/index.php\\\/2021\\\/11\\\/09\\\/selak-raspudic-o-ukidanju-mjere-roditelj-odgojitelj-djeca-ce-zavrsiti-na-ulici-jer-u-vrticima-nema-mjesta\\\/\",\"name\":\"Selak Raspudi\u0107 o ukidanju mjere roditelj-odgojitelj: Djeca \u0107e zavr\u0161iti na ulici jer u vrti\u0107ima nema mjesta - RADIO LJUBU\u0160KI\",\"isPartOf\":{\"@id\":\"https:\\\/\\\/radioljubuski.ba\\\/#website\"},\"primaryImageOfPage\":{\"@id\":\"https:\\\/\\\/radioljubuski.ba\\\/index.php\\\/2021\\\/11\\\/09\\\/selak-raspudic-o-ukidanju-mjere-roditelj-odgojitelj-djeca-ce-zavrsiti-na-ulici-jer-u-vrticima-nema-mjesta\\\/#primaryimage\"},\"image\":{\"@id\":\"https:\\\/\\\/radioljubuski.ba\\\/index.php\\\/2021\\\/11\\\/09\\\/selak-raspudic-o-ukidanju-mjere-roditelj-odgojitelj-djeca-ce-zavrsiti-na-ulici-jer-u-vrticima-nema-mjesta\\\/#primaryimage\"},\"thumbnailUrl\":\"https:\\\/\\\/radioljubuski.ba\\\/wp-content\\\/uploads\\\/2021\\\/11\\\/raspudic-kekin-696x464-1.jpg\",\"datePublished\":\"2021-11-09T13:44:23+00:00\",\"dateModified\":\"2021-11-09T13:44:24+00:00\",\"breadcrumb\":{\"@id\":\"https:\\\/\\\/radioljubuski.ba\\\/index.php\\\/2021\\\/11\\\/09\\\/selak-raspudic-o-ukidanju-mjere-roditelj-odgojitelj-djeca-ce-zavrsiti-na-ulici-jer-u-vrticima-nema-mjesta\\\/#breadcrumb\"},\"inLanguage\":\"hr\",\"potentialAction\":[{\"@type\":\"ReadAction\",\"target\":[\"https:\\\/\\\/radioljubuski.ba\\\/index.php\\\/2021\\\/11\\\/09\\\/selak-raspudic-o-ukidanju-mjere-roditelj-odgojitelj-djeca-ce-zavrsiti-na-ulici-jer-u-vrticima-nema-mjesta\\\/\"]}]},{\"@type\":\"ImageObject\",\"inLanguage\":\"hr\",\"@id\":\"https:\\\/\\\/radioljubuski.ba\\\/index.php\\\/2021\\\/11\\\/09\\\/selak-raspudic-o-ukidanju-mjere-roditelj-odgojitelj-djeca-ce-zavrsiti-na-ulici-jer-u-vrticima-nema-mjesta\\\/#primaryimage\",\"url\":\"https:\\\/\\\/radioljubuski.ba\\\/wp-content\\\/uploads\\\/2021\\\/11\\\/raspudic-kekin-696x464-1.jpg\",\"contentUrl\":\"https:\\\/\\\/radioljubuski.ba\\\/wp-content\\\/uploads\\\/2021\\\/11\\\/raspudic-kekin-696x464-1.jpg\",\"width\":696,\"height\":464},{\"@type\":\"BreadcrumbList\",\"@id\":\"https:\\\/\\\/radioljubuski.ba\\\/index.php\\\/2021\\\/11\\\/09\\\/selak-raspudic-o-ukidanju-mjere-roditelj-odgojitelj-djeca-ce-zavrsiti-na-ulici-jer-u-vrticima-nema-mjesta\\\/#breadcrumb\",\"itemListElement\":[{\"@type\":\"ListItem\",\"position\":1,\"name\":\"Po\u010detna stranica\",\"item\":\"https:\\\/\\\/radioljubuski.ba\\\/\"},{\"@type\":\"ListItem\",\"position\":2,\"name\":\"Selak Raspudi\u0107 o ukidanju mjere roditelj-odgojitelj: Djeca \u0107e zavr\u0161iti na ulici jer u vrti\u0107ima nema mjesta\"}]},{\"@type\":\"WebSite\",\"@id\":\"https:\\\/\\\/radioljubuski.ba\\\/#website\",\"url\":\"https:\\\/\\\/radioljubuski.ba\\\/\",\"name\":\"Radio Ljubu\u0161ki\",\"description\":\"Sun\u010dana frekvencija Hercegovine\",\"publisher\":{\"@id\":\"https:\\\/\\\/radioljubuski.ba\\\/#organization\"},\"potentialAction\":[{\"@type\":\"SearchAction\",\"target\":{\"@type\":\"EntryPoint\",\"urlTemplate\":\"https:\\\/\\\/radioljubuski.ba\\\/?s={search_term_string}\"},\"query-input\":{\"@type\":\"PropertyValueSpecification\",\"valueRequired\":true,\"valueName\":\"search_term_string\"}}],\"inLanguage\":\"hr\"},{\"@type\":\"Organization\",\"@id\":\"https:\\\/\\\/radioljubuski.ba\\\/#organization\",\"name\":\"Radio Ljubu\u0161ki\",\"url\":\"https:\\\/\\\/radioljubuski.ba\\\/\",\"logo\":{\"@type\":\"ImageObject\",\"inLanguage\":\"hr\",\"@id\":\"https:\\\/\\\/radioljubuski.ba\\\/#\\\/schema\\\/logo\\\/image\\\/\",\"url\":\"https:\\\/\\\/radioljubuski.ba\\\/wp-content\\\/uploads\\\/2021\\\/02\\\/cropped-Radio_Ljubuski_logo1.jpg\",\"contentUrl\":\"https:\\\/\\\/radioljubuski.ba\\\/wp-content\\\/uploads\\\/2021\\\/02\\\/cropped-Radio_Ljubuski_logo1.jpg\",\"width\":512,\"height\":512,\"caption\":\"Radio Ljubu\u0161ki\"},\"image\":{\"@id\":\"https:\\\/\\\/radioljubuski.ba\\\/#\\\/schema\\\/logo\\\/image\\\/\"},\"sameAs\":[\"https:\\\/\\\/www.facebook.com\\\/Radiio-Ljubuski-1490835324566332\",\"https:\\\/\\\/x.com\\\/radioljubuski\",\"https:\\\/\\\/hr.linkedin.com\\\/company\\\/radio-ljubuski\",\"https:\\\/\\\/www.youtube.com\\\/channel\\\/UCHYaeO_n0Db3tjNGudGpXyw\"]},{\"@type\":\"Person\",\"@id\":\"https:\\\/\\\/radioljubuski.ba\\\/#\\\/schema\\\/person\\\/19fc700381a780f69665d7956c469e3b\",\"name\":\"Radio Ljubu\u0161ki\"}]}<\/script>\n<!-- \/ Yoast SEO plugin. -->","yoast_head_json":{"title":"Selak Raspudi\u0107 o ukidanju mjere roditelj-odgojitelj: Djeca \u0107e zavr\u0161iti na ulici jer u vrti\u0107ima nema mjesta - RADIO LJUBU\u0160KI","robots":{"index":"index","follow":"follow","max-snippet":"max-snippet:-1","max-image-preview":"max-image-preview:large","max-video-preview":"max-video-preview:-1"},"canonical":"https:\/\/radioljubuski.ba\/index.php\/2021\/11\/09\/selak-raspudic-o-ukidanju-mjere-roditelj-odgojitelj-djeca-ce-zavrsiti-na-ulici-jer-u-vrticima-nema-mjesta\/","og_locale":"hr_HR","og_type":"article","og_title":"Selak Raspudi\u0107 o ukidanju mjere roditelj-odgojitelj: Djeca \u0107e zavr\u0161iti na ulici jer u vrti\u0107ima nema mjesta - RADIO LJUBU\u0160KI","og_description":"Smanjili su mjeru roditelj-odgojitelj pa srezali i naknade za novoro\u0111enu djecu. Iz Grada Zagreba tvrde da te mjere ionako nisu davale demografske rezultate, a plan im je fokusirati se na vrti\u0107e. Je li to nepotrebna i proma\u0161ena u\u0161teda na djeci, ili kvalitetan potez gradske vlasti te kakve \u0107e posljedice izazvati? Na ta su pitanja odgovorile [&hellip;]","og_url":"https:\/\/radioljubuski.ba\/index.php\/2021\/11\/09\/selak-raspudic-o-ukidanju-mjere-roditelj-odgojitelj-djeca-ce-zavrsiti-na-ulici-jer-u-vrticima-nema-mjesta\/","og_site_name":"RADIO LJUBU\u0160KI","article_publisher":"https:\/\/www.facebook.com\/Radiio-Ljubuski-1490835324566332","article_published_time":"2021-11-09T13:44:23+00:00","article_modified_time":"2021-11-09T13:44:24+00:00","og_image":[{"width":696,"height":464,"url":"https:\/\/radioljubuski.ba\/wp-content\/uploads\/2021\/11\/raspudic-kekin-696x464-1.jpg","type":"image\/jpeg"}],"author":"Radio Ljubu\u0161ki","twitter_card":"summary_large_image","twitter_creator":"@radioljubuski","twitter_site":"@radioljubuski","twitter_misc":{"Napisao\/la":"Radio Ljubu\u0161ki","Procijenjeno vrijeme \u010ditanja":"3 minute"},"schema":{"@context":"https:\/\/schema.org","@graph":[{"@type":"Article","@id":"https:\/\/radioljubuski.ba\/index.php\/2021\/11\/09\/selak-raspudic-o-ukidanju-mjere-roditelj-odgojitelj-djeca-ce-zavrsiti-na-ulici-jer-u-vrticima-nema-mjesta\/#article","isPartOf":{"@id":"https:\/\/radioljubuski.ba\/index.php\/2021\/11\/09\/selak-raspudic-o-ukidanju-mjere-roditelj-odgojitelj-djeca-ce-zavrsiti-na-ulici-jer-u-vrticima-nema-mjesta\/"},"author":{"name":"Radio Ljubu\u0161ki","@id":"https:\/\/radioljubuski.ba\/#\/schema\/person\/19fc700381a780f69665d7956c469e3b"},"headline":"Selak Raspudi\u0107 o ukidanju mjere roditelj-odgojitelj: Djeca \u0107e zavr\u0161iti na ulici jer u vrti\u0107ima nema mjesta","datePublished":"2021-11-09T13:44:23+00:00","dateModified":"2021-11-09T13:44:24+00:00","mainEntityOfPage":{"@id":"https:\/\/radioljubuski.ba\/index.php\/2021\/11\/09\/selak-raspudic-o-ukidanju-mjere-roditelj-odgojitelj-djeca-ce-zavrsiti-na-ulici-jer-u-vrticima-nema-mjesta\/"},"wordCount":526,"publisher":{"@id":"https:\/\/radioljubuski.ba\/#organization"},"image":{"@id":"https:\/\/radioljubuski.ba\/index.php\/2021\/11\/09\/selak-raspudic-o-ukidanju-mjere-roditelj-odgojitelj-djeca-ce-zavrsiti-na-ulici-jer-u-vrticima-nema-mjesta\/#primaryimage"},"thumbnailUrl":"https:\/\/radioljubuski.ba\/wp-content\/uploads\/2021\/11\/raspudic-kekin-696x464-1.jpg","articleSection":["BIH i regija"],"inLanguage":"hr"},{"@type":"WebPage","@id":"https:\/\/radioljubuski.ba\/index.php\/2021\/11\/09\/selak-raspudic-o-ukidanju-mjere-roditelj-odgojitelj-djeca-ce-zavrsiti-na-ulici-jer-u-vrticima-nema-mjesta\/","url":"https:\/\/radioljubuski.ba\/index.php\/2021\/11\/09\/selak-raspudic-o-ukidanju-mjere-roditelj-odgojitelj-djeca-ce-zavrsiti-na-ulici-jer-u-vrticima-nema-mjesta\/","name":"Selak Raspudi\u0107 o ukidanju mjere roditelj-odgojitelj: Djeca \u0107e zavr\u0161iti na ulici jer u vrti\u0107ima nema mjesta - RADIO LJUBU\u0160KI","isPartOf":{"@id":"https:\/\/radioljubuski.ba\/#website"},"primaryImageOfPage":{"@id":"https:\/\/radioljubuski.ba\/index.php\/2021\/11\/09\/selak-raspudic-o-ukidanju-mjere-roditelj-odgojitelj-djeca-ce-zavrsiti-na-ulici-jer-u-vrticima-nema-mjesta\/#primaryimage"},"image":{"@id":"https:\/\/radioljubuski.ba\/index.php\/2021\/11\/09\/selak-raspudic-o-ukidanju-mjere-roditelj-odgojitelj-djeca-ce-zavrsiti-na-ulici-jer-u-vrticima-nema-mjesta\/#primaryimage"},"thumbnailUrl":"https:\/\/radioljubuski.ba\/wp-content\/uploads\/2021\/11\/raspudic-kekin-696x464-1.jpg","datePublished":"2021-11-09T13:44:23+00:00","dateModified":"2021-11-09T13:44:24+00:00","breadcrumb":{"@id":"https:\/\/radioljubuski.ba\/index.php\/2021\/11\/09\/selak-raspudic-o-ukidanju-mjere-roditelj-odgojitelj-djeca-ce-zavrsiti-na-ulici-jer-u-vrticima-nema-mjesta\/#breadcrumb"},"inLanguage":"hr","potentialAction":[{"@type":"ReadAction","target":["https:\/\/radioljubuski.ba\/index.php\/2021\/11\/09\/selak-raspudic-o-ukidanju-mjere-roditelj-odgojitelj-djeca-ce-zavrsiti-na-ulici-jer-u-vrticima-nema-mjesta\/"]}]},{"@type":"ImageObject","inLanguage":"hr","@id":"https:\/\/radioljubuski.ba\/index.php\/2021\/11\/09\/selak-raspudic-o-ukidanju-mjere-roditelj-odgojitelj-djeca-ce-zavrsiti-na-ulici-jer-u-vrticima-nema-mjesta\/#primaryimage","url":"https:\/\/radioljubuski.ba\/wp-content\/uploads\/2021\/11\/raspudic-kekin-696x464-1.jpg","contentUrl":"https:\/\/radioljubuski.ba\/wp-content\/uploads\/2021\/11\/raspudic-kekin-696x464-1.jpg","width":696,"height":464},{"@type":"BreadcrumbList","@id":"https:\/\/radioljubuski.ba\/index.php\/2021\/11\/09\/selak-raspudic-o-ukidanju-mjere-roditelj-odgojitelj-djeca-ce-zavrsiti-na-ulici-jer-u-vrticima-nema-mjesta\/#breadcrumb","itemListElement":[{"@type":"ListItem","position":1,"name":"Po\u010detna stranica","item":"https:\/\/radioljubuski.ba\/"},{"@type":"ListItem","position":2,"name":"Selak Raspudi\u0107 o ukidanju mjere roditelj-odgojitelj: Djeca \u0107e zavr\u0161iti na ulici jer u vrti\u0107ima nema mjesta"}]},{"@type":"WebSite","@id":"https:\/\/radioljubuski.ba\/#website","url":"https:\/\/radioljubuski.ba\/","name":"Radio Ljubu\u0161ki","description":"Sun\u010dana frekvencija Hercegovine","publisher":{"@id":"https:\/\/radioljubuski.ba\/#organization"},"potentialAction":[{"@type":"SearchAction","target":{"@type":"EntryPoint","urlTemplate":"https:\/\/radioljubuski.ba\/?s={search_term_string}"},"query-input":{"@type":"PropertyValueSpecification","valueRequired":true,"valueName":"search_term_string"}}],"inLanguage":"hr"},{"@type":"Organization","@id":"https:\/\/radioljubuski.ba\/#organization","name":"Radio Ljubu\u0161ki","url":"https:\/\/radioljubuski.ba\/","logo":{"@type":"ImageObject","inLanguage":"hr","@id":"https:\/\/radioljubuski.ba\/#\/schema\/logo\/image\/","url":"https:\/\/radioljubuski.ba\/wp-content\/uploads\/2021\/02\/cropped-Radio_Ljubuski_logo1.jpg","contentUrl":"https:\/\/radioljubuski.ba\/wp-content\/uploads\/2021\/02\/cropped-Radio_Ljubuski_logo1.jpg","width":512,"height":512,"caption":"Radio Ljubu\u0161ki"},"image":{"@id":"https:\/\/radioljubuski.ba\/#\/schema\/logo\/image\/"},"sameAs":["https:\/\/www.facebook.com\/Radiio-Ljubuski-1490835324566332","https:\/\/x.com\/radioljubuski","https:\/\/hr.linkedin.com\/company\/radio-ljubuski","https:\/\/www.youtube.com\/channel\/UCHYaeO_n0Db3tjNGudGpXyw"]},{"@type":"Person","@id":"https:\/\/radioljubuski.ba\/#\/schema\/person\/19fc700381a780f69665d7956c469e3b","name":"Radio Ljubu\u0161ki"}]}},"_links":{"self":[{"href":"https:\/\/radioljubuski.ba\/index.php\/wp-json\/wp\/v2\/posts\/86883","targetHints":{"allow":["GET"]}}],"collection":[{"href":"https:\/\/radioljubuski.ba\/index.php\/wp-json\/wp\/v2\/posts"}],"about":[{"href":"https:\/\/radioljubuski.ba\/index.php\/wp-json\/wp\/v2\/types\/post"}],"author":[{"embeddable":true,"href":"https:\/\/radioljubuski.ba\/index.php\/wp-json\/wp\/v2\/users\/2"}],"replies":[{"embeddable":true,"href":"https:\/\/radioljubuski.ba\/index.php\/wp-json\/wp\/v2\/comments?post=86883"}],"version-history":[{"count":1,"href":"https:\/\/radioljubuski.ba\/index.php\/wp-json\/wp\/v2\/posts\/86883\/revisions"}],"predecessor-version":[{"id":86885,"href":"https:\/\/radioljubuski.ba\/index.php\/wp-json\/wp\/v2\/posts\/86883\/revisions\/86885"}],"wp:featuredmedia":[{"embeddable":true,"href":"https:\/\/radioljubuski.ba\/index.php\/wp-json\/wp\/v2\/media\/86884"}],"wp:attachment":[{"href":"https:\/\/radioljubuski.ba\/index.php\/wp-json\/wp\/v2\/media?parent=86883"}],"wp:term":[{"taxonomy":"category","embeddable":true,"href":"https:\/\/radioljubuski.ba\/index.php\/wp-json\/wp\/v2\/categories?post=86883"},{"taxonomy":"post_tag","embeddable":true,"href":"https:\/\/radioljubuski.ba\/index.php\/wp-json\/wp\/v2\/tags?post=86883"}],"curies":[{"name":"wp","href":"https:\/\/api.w.org\/{rel}","templated":true}]}}