{"id":86886,"date":"2021-11-09T14:47:04","date_gmt":"2021-11-09T13:47:04","guid":{"rendered":"https:\/\/radioljubuski.ba\/?p=86886"},"modified":"2021-11-09T14:47:05","modified_gmt":"2021-11-09T13:47:05","slug":"radnici-muzeja-grada-zagreba-izbor-ravnatelja-mgz-politicka-je-agenda-mozemo-a-ne-briga-za-javni-interes","status":"publish","type":"post","link":"https:\/\/radioljubuski.ba\/index.php\/2021\/11\/09\/radnici-muzeja-grada-zagreba-izbor-ravnatelja-mgz-politicka-je-agenda-mozemo-a-ne-briga-za-javni-interes\/","title":{"rendered":"Radnici Muzeja Grada Zagreba: \u2018Izbor ravnatelja MGZ politi\u010dka je agenda Mo\u017eemo, a ne briga za javni interes\u2019"},"content":{"rendered":"\n<p><strong>Po\u0161tovani gradona\u010delni\u010de, \u010dini nam se da je izbor ravnatelja\/ravnateljice Muzeja grada Zagreba tek puka provedba politi\u010dke agende preuzimanja kulturnih institucija s vrha Mo\u017eemo, a ne briga za javni interes.<\/strong> Unato\u010d jasnom i argumentiranom otporu kolektiva da se za ravnateljicu imenuje osoba koja ima <strong>upitne kompetencije<\/strong> i u svom radu nije pokazala afirmativni stav prema Muzeju, ljudi od Va\u0161eg povjerenja u Upravnom vije\u0107u nastoje oktroirati Anu Kutle\u0161a. Vjerujemo da od Vas imenovani trojac u Upravnom vije\u0107u nisu usamljeni jaha\u010di, ve\u0107 u\u017eivaju podr\u0161ku s vrha\u201d, isti\u010de se u otvorenom pismu kolektiva Muzeja grada Zagreba upu\u0107enom u ponedjeljak gradona\u010delniku Tomislavu Toma\u0161evi\u0107u.<\/p>\n\n\n\n<p>\u201cPo\u0161tovani gradona\u010delni\u010de, od Vas smo o\u010dekivali depolitizaciju kulture naivno vjeruju\u0107i u predizborna obe\u0107anja o uva\u017eavanju struke, znanja, profesionalnih integriteta te potrebe oja\u010davanja uloge stru\u010dnih vije\u0107a kulturnih institucija, kao i u provedbu po\u0161tenih natje\u010daja. <strong>Mi radnici Muzeja grada Zagreba pozivamo Vas da za ravnateljicu Muzeja imenujete Zvjezdanu Anto\u0161, muzejsku profesionalku s vi\u0161edesetljenim iskustvom rada u muzejskoj struci.<\/strong> Iza kolegice Anto\u0161 stoje brojni me\u0111unarodni projekti financirani novcem iz europskih fondova, deseci izlo\u017ebi, stru\u010dnih i znanstvenih radova\u201d, poru\u010duju u drugom otvorenom pismu.<\/p>\n\n\n\n<h3 class=\"wp-block-heading\">Protuzakonite odluke UV MGZ<\/h3>\n\n\n\n<p>Podsjetimo, djelatnici Muzeja grada Zagreba javnosti su prvo Otvoreno pismo povodom petog natje\u010daja za izbor ravnatelja Muzeja koje potpisuju s \u201cRadnici Muzeja grada Zagreba\u201d uputili u \u010detvrtak, 4. studenoga.<\/p>\n\n\n\n<p>Prvim pismom zaposlenici Muzeja grada Zagreba <strong>ukazuju na nepravilnosti tijekom posljednjeg natje\u010daja i protuzakonito donijete odluke Upravnog vije\u0107a Muzeja<\/strong> (UV MGZ) koje je za novu ravnateljicu predlo\u017eilo <strong>Anu Kutle\u0161u<\/strong>, iz udruge Blok, a koja je naknadno, dakle nakon zaklju\u010denog natje\u010daja, nadopunjavala natje\u010dajnu dokumentaciju, iako to zakonski nije smjela \u010diniti.<\/p>\n\n\n\n<p>Iz dostupnih medijskih objava <strong>Ana Kutle\u0161a sebe naziva \u201ckustosicom\u201d iz kustoskog kolektiva BLOK, jednako kao \u0161to se Udruga Tomislava Toma\u0161evi\u0107a iz koje je kandidiran za mjesto zagreba\u010dkog gradona\u010delnika nazivala Institutom.<\/strong><\/p>\n\n\n\n<h3 class=\"wp-block-heading\">Otvoreno pismo<\/h3>\n\n\n\n<p>Otvoreno pismo kolektiva Muzeja grada Zagreba gradona\u010delniku Toma\u0161evi\u0107u u nastavku pro\u010ditajte u cijelosti:<\/p>\n\n\n\n<p>Po\u0161tovani gradona\u010delni\u010de Toma\u0161evi\u0107, obra\u0107amo Vam se zbog jednostrane odluke \u010dlanova Upravnog vije\u0107a (koje ste osobno imenovali), a slijedom koje \u0107e Vam predlo\u017eiti imenovanje <strong>Ane Kutle\u0161a<\/strong> za ravnateljicu Muzeja grada Zagreba.<\/p>\n\n\n\n<p><strong>Iva Prosoli Stojkovska, Tvrtko Jakovina i Maroje Mrdulja\u0161<\/strong> \u2013 osobe koje ste imenovali i koje \u010dine ve\u0107inu u Upravnom vije\u0107u Muzeja grada Zagreba \u2013 odlu\u010dile su predlo\u017eiti Vam imenovanje Ane Kutle\u0161a izme\u0111u \u0161est prijavljenih kandidata na natje\u010daju za ravnatelja\/ravnateljicu.<\/p>\n\n\n\n<p>U\u010dinili su to unato\u010d upozoravanju predstavnika Stru\u010dnog vije\u0107a i predstavnika svih radnika Muzeja u Upravnom vije\u0107u da na natje\u010daju konkuriraju kandidati s daleko boljim biografijama i kvalitetnijim prijedlozima programa rada Muzeja.<\/p>\n\n\n\n<p>\u010clanovi Upravnog vije\u0107a iz Muzeja upozorili su i da je<strong> Ana Kutle\u0161a predala nepotpunu dokumentaciju<\/strong> te stoga nije dokazala deset godina rada u kulturi, obrazovanju i znanosti, \u0161to je bio jedan od uvjeta da uop\u0107e bude kandidatkinja na natje\u010daju za ravnatelja\/ravnateljicu.<\/p>\n\n\n\n<p><strong>Ana Kutle\u0161a predstavnica je zagreba\u010dke aktivisti\u010dke scene<\/strong>, <strong>\u010dije je djelovanje obilje\u017eeno politi\u010dkom ideologijom<\/strong>. Udruga BLOK, u kojoj radi, organizira \u201epoliti\u010dke \u0161kole za umjetnike\u201c kao \u201eobrazovni program\u201c kojim se nudi indoktrinirani pristup politizaciji umjetnosti i kulture s namjerom \u201epolitiziranja i poticanja na anga\u017eman umjetni\u010dkih i kulturnih radnika\u201c.<\/p>\n\n\n\n<h5 class=\"wp-block-heading\">Iza programatske sintagme o \u201eborbi za bolje radne uvjete kulturnih radnika\u201c i iz djelovanja BLOK-a razotkriva se aktivizam usmjeren protiv kapitalizma, ali i <strong>neutemeljena radikalna kritika rada radnika u kulturnim ustanovama<\/strong>.<\/h5>\n\n\n\n<p>Krug bliskih suradnika Ane Kutle\u0161a neutemeljeno javno proziva <strong>radnike Muzeja grada Zagreba na dru\u0161tvenim mre\u017eama za \u201euhljebni\u0161tvo\u201c, neznanje, nerad, antisemitizam, \u201edesni\u010darenje\u201c i reviziju povijesti<\/strong>, a u medijima se ideolo\u0161ki obra\u010dunava s njihovim tobo\u017ee neanga\u017eiranim radom koji nije na tragu promi\u0161ljanja nove ljevice. <strong>Neki od suradnika Ane Kutle\u0161a \u0161irili su mr\u017enju na Facebooku Muzeja grada Zagreba, a na dru\u0161tvenim mre\u017eama izjavljivali su da \u0107e \u201epreuzeti\u201c Muzej nakon pobjede Mo\u017eemo na izborima.<\/strong><\/p>\n\n\n\n<p>Iz svega navedenog i\u0161\u010ditavaju se predrasude prema radnicima Muzeja na ideolo\u0161koj osnovi te otpor i agresivni pristup prema Muzeju kao prema imaginarnom bastionu svega lo\u0161ega, koji treba osvojiti, sru\u0161iti i preoblikovati da bi po\u010deo djelovati politi\u010dki \u201eispravno\u201c po vi\u0111enju manjine. Povrh svega, <strong>i\u0161\u010ditava se nepoznavanje poslanja i rada muzejske ustanove<\/strong>. Anu Kutle\u0161a, koju za ravnateljicu zagovaraju imenovani \u010dlanovi Upravnog vije\u0107a, te\u0161ko je odvojiti od gore navedenoga.<\/p>\n\n\n\n<p><strong>Po\u0161tovani gradona\u010delni\u010de, \u010dini nam se da je izbor ravnatelja\/ravnateljice Muzeja grada Zagreba tek puka provedba politi\u010dke agende preuzimanja kulturnih institucija s vrha Mo\u017eemo, a ne briga za javni interes.<\/strong><\/p>\n\n\n\n<p>Unato\u010d jasnom i argumentiranom otporu kolektiva da se za ravnateljicu imenuje osoba koja ima upitne kompetencije i u svom radu nije pokazala afirmativni stav prema Muzeju, ljudi od Va\u0161eg povjerenja u Upravnom vije\u0107u nastoje oktroirati Anu Kutle\u0161a. Vjerujemo da od Vas imenovani trojac u Upravnom vije\u0107u nisu usamljeni jaha\u010di, ve\u0107 u\u017eivaju podr\u0161ku s vrha.<\/p>\n\n\n\n<p>Po\u0161tovani gradona\u010delni\u010de, od Vas smo o\u010dekivali depolitizaciju kulture naivno vjeruju\u0107i u predizborna obe\u0107anja o uva\u017eavanju struke, znanja, profesionalnih integriteta te potrebe oja\u010davanja uloge stru\u010dnih vije\u0107a kulturnih institucija, kao i u provedbu po\u0161tenih natje\u010daja. <strong>Mi radnici Muzeja grada Zagreba pozivamo Vas da za ravnateljicu Muzeja imenujete Zvjezdanu Anto\u0161, muzejsku profesionalku s vi\u0161edesetljenim iskustvom rada u muzejskoj struci.<\/strong><\/p>\n\n\n\n<p>Iza kolegice Anto\u0161 stoje brojni me\u0111unarodni projekti financirani novcem iz europskih fondova, deseci izlo\u017ebi, stru\u010dnih i znanstvenih radova.<\/p>\n\n\n\n<h6 class=\"wp-block-heading\">Dajemo podr\u0161ku izboru na\u0161ih predstavnika u Upravnom vije\u0107u. Smatramo da su Va\u0161i ljudi od povjerenja u Upravnom vije\u0107u Muzeja grada Zagreba \u2013 Iva Prosoli Stojkovska, Tvrtko Jakovina i Maroje Mrdulja\u0161 \u2013 donijeli pristranu odluku.<\/h6>\n\n\n\n<p>Smatramo da jednostranim predlaganjem Ane Kutle\u0161a za ravnateljicu pokazuju omalova\u017eavanje muzejske struke, nedostatak zrelosti u odlu\u010divanju te nedostatak politi\u010dke mudrosti koja se o\u010dekuje od \u010dlanova Upravnog vije\u0107a imenovanih od strane osniva\u010da.<\/p>\n\n\n\n<h5 class=\"wp-block-heading\">Te\u0161ko se stav Ive Prosoli Stojkovske, Tvrtka Jakovine i Maroja Mrdulja\u0161a mo\u017ee opravdati javnim interesom. Stoga molimo da u Upravno vije\u0107e imenujete koncilijantne osobe koje \u0107e uva\u017eavati mi\u0161ljenja predstavnika Stru\u010dnog vije\u0107a i \u010ditavog kolektiva u tom tijelu.<\/h5>\n\n\n\n<p>Smatramo da je u interesu gra\u0111ana Zagreba i kolektiva Muzeja smirivanje stanja, a ne radikalizacija. Nadamo se da radikalizam \u010dlanova Upravnog vije\u0107a koje ste imenovali ne odra\u017eava Va\u0161 osobni stav i stav gradske uprave jer bi to zna\u010dilo poraz za velik dio gra\u0111ana koji su Vam ukazali povjerenje na izborima u svibnju.<\/p>\n\n\n\n<p>Po\u0161tovani gradona\u010delni\u010de, <strong>ovo otvoreno pismo ne mo\u017eemo potpisati jer je Ured gradona\u010delnika zabranio javno istupanje zaposlenicima zagreba\u010dkih kulturnih institucija bez znanja i odobrenja Va\u0161e glasnogovornice.<\/strong> Sve izneseno u otvorenom pismu provjerljivo je iz javno dostupnih podataka na dru\u0161tvenim mre\u017eama i na Internet stranicama.<\/p>\n\n\n\n<p>Radnici Muzeja grada Zagreba U Zagrebu, 8. studenoga 2021.<\/p>\n\n\n\n<p><em>Izvor: narod.hr<\/em><\/p>\n","protected":false},"excerpt":{"rendered":"<p>Po\u0161tovani gradona\u010delni\u010de, \u010dini nam se da je izbor ravnatelja\/ravnateljice Muzeja grada Zagreba tek puka provedba politi\u010dke agende preuzimanja kulturnih institucija s vrha Mo\u017eemo, a ne briga za javni interes. Unato\u010d jasnom i argumentiranom otporu kolektiva da se za ravnateljicu imenuje osoba koja ima upitne kompetencije i u svom radu nije pokazala afirmativni stav prema Muzeju, [&hellip;]<\/p>\n","protected":false},"author":2,"featured_media":86887,"comment_status":"closed","ping_status":"closed","sticky":false,"template":"","format":"standard","meta":{"h5ap_radio_sources":[],"footnotes":""},"categories":[1],"tags":[],"class_list":["post-86886","post","type-post","status-publish","format-standard","has-post-thumbnail","hentry","category-bihiregija"],"yoast_head":"<!-- This site is optimized with the Yoast SEO plugin v27.5 - https:\/\/yoast.com\/product\/yoast-seo-wordpress\/ -->\n<title>Radnici Muzeja Grada Zagreba: \u2018Izbor ravnatelja MGZ politi\u010dka je agenda Mo\u017eemo, a ne briga za javni interes\u2019 - RADIO LJUBU\u0160KI<\/title>\n<meta name=\"robots\" content=\"index, follow, max-snippet:-1, max-image-preview:large, max-video-preview:-1\" \/>\n<link rel=\"canonical\" href=\"https:\/\/radioljubuski.ba\/index.php\/2021\/11\/09\/radnici-muzeja-grada-zagreba-izbor-ravnatelja-mgz-politicka-je-agenda-mozemo-a-ne-briga-za-javni-interes\/\" \/>\n<meta property=\"og:locale\" content=\"hr_HR\" \/>\n<meta property=\"og:type\" content=\"article\" \/>\n<meta property=\"og:title\" content=\"Radnici Muzeja Grada Zagreba: \u2018Izbor ravnatelja MGZ politi\u010dka je agenda Mo\u017eemo, a ne briga za javni interes\u2019 - RADIO LJUBU\u0160KI\" \/>\n<meta property=\"og:description\" content=\"Po\u0161tovani gradona\u010delni\u010de, \u010dini nam se da je izbor ravnatelja\/ravnateljice Muzeja grada Zagreba tek puka provedba politi\u010dke agende preuzimanja kulturnih institucija s vrha Mo\u017eemo, a ne briga za javni interes. Unato\u010d jasnom i argumentiranom otporu kolektiva da se za ravnateljicu imenuje osoba koja ima upitne kompetencije i u svom radu nije pokazala afirmativni stav prema Muzeju, [&hellip;]\" \/>\n<meta property=\"og:url\" content=\"https:\/\/radioljubuski.ba\/index.php\/2021\/11\/09\/radnici-muzeja-grada-zagreba-izbor-ravnatelja-mgz-politicka-je-agenda-mozemo-a-ne-briga-za-javni-interes\/\" \/>\n<meta property=\"og:site_name\" content=\"RADIO LJUBU\u0160KI\" \/>\n<meta property=\"article:publisher\" content=\"https:\/\/www.facebook.com\/Radiio-Ljubuski-1490835324566332\" \/>\n<meta property=\"article:published_time\" content=\"2021-11-09T13:47:04+00:00\" \/>\n<meta property=\"article:modified_time\" content=\"2021-11-09T13:47:05+00:00\" \/>\n<meta property=\"og:image\" content=\"https:\/\/radioljubuski.ba\/wp-content\/uploads\/2021\/11\/ana-kutlesa-muzej-grada-zagreba-696x464-1.jpg\" \/>\n\t<meta property=\"og:image:width\" content=\"696\" \/>\n\t<meta property=\"og:image:height\" content=\"464\" \/>\n\t<meta property=\"og:image:type\" content=\"image\/jpeg\" \/>\n<meta name=\"author\" content=\"Radio Ljubu\u0161ki\" \/>\n<meta name=\"twitter:card\" content=\"summary_large_image\" \/>\n<meta name=\"twitter:creator\" content=\"@radioljubuski\" \/>\n<meta name=\"twitter:site\" content=\"@radioljubuski\" \/>\n<meta name=\"twitter:label1\" content=\"Napisao\/la\" \/>\n\t<meta name=\"twitter:data1\" content=\"Radio Ljubu\u0161ki\" \/>\n\t<meta name=\"twitter:label2\" content=\"Procijenjeno vrijeme \u010ditanja\" \/>\n\t<meta name=\"twitter:data2\" content=\"5 minuta\" \/>\n<script type=\"application\/ld+json\" class=\"yoast-schema-graph\">{\"@context\":\"https:\\\/\\\/schema.org\",\"@graph\":[{\"@type\":\"Article\",\"@id\":\"https:\\\/\\\/radioljubuski.ba\\\/index.php\\\/2021\\\/11\\\/09\\\/radnici-muzeja-grada-zagreba-izbor-ravnatelja-mgz-politicka-je-agenda-mozemo-a-ne-briga-za-javni-interes\\\/#article\",\"isPartOf\":{\"@id\":\"https:\\\/\\\/radioljubuski.ba\\\/index.php\\\/2021\\\/11\\\/09\\\/radnici-muzeja-grada-zagreba-izbor-ravnatelja-mgz-politicka-je-agenda-mozemo-a-ne-briga-za-javni-interes\\\/\"},\"author\":{\"name\":\"Radio Ljubu\u0161ki\",\"@id\":\"https:\\\/\\\/radioljubuski.ba\\\/#\\\/schema\\\/person\\\/19fc700381a780f69665d7956c469e3b\"},\"headline\":\"Radnici Muzeja Grada Zagreba: \u2018Izbor ravnatelja MGZ politi\u010dka je agenda Mo\u017eemo, a ne briga za javni interes\u2019\",\"datePublished\":\"2021-11-09T13:47:04+00:00\",\"dateModified\":\"2021-11-09T13:47:05+00:00\",\"mainEntityOfPage\":{\"@id\":\"https:\\\/\\\/radioljubuski.ba\\\/index.php\\\/2021\\\/11\\\/09\\\/radnici-muzeja-grada-zagreba-izbor-ravnatelja-mgz-politicka-je-agenda-mozemo-a-ne-briga-za-javni-interes\\\/\"},\"wordCount\":1211,\"publisher\":{\"@id\":\"https:\\\/\\\/radioljubuski.ba\\\/#organization\"},\"image\":{\"@id\":\"https:\\\/\\\/radioljubuski.ba\\\/index.php\\\/2021\\\/11\\\/09\\\/radnici-muzeja-grada-zagreba-izbor-ravnatelja-mgz-politicka-je-agenda-mozemo-a-ne-briga-za-javni-interes\\\/#primaryimage\"},\"thumbnailUrl\":\"https:\\\/\\\/radioljubuski.ba\\\/wp-content\\\/uploads\\\/2021\\\/11\\\/ana-kutlesa-muzej-grada-zagreba-696x464-1.jpg\",\"articleSection\":[\"BIH i regija\"],\"inLanguage\":\"hr\"},{\"@type\":\"WebPage\",\"@id\":\"https:\\\/\\\/radioljubuski.ba\\\/index.php\\\/2021\\\/11\\\/09\\\/radnici-muzeja-grada-zagreba-izbor-ravnatelja-mgz-politicka-je-agenda-mozemo-a-ne-briga-za-javni-interes\\\/\",\"url\":\"https:\\\/\\\/radioljubuski.ba\\\/index.php\\\/2021\\\/11\\\/09\\\/radnici-muzeja-grada-zagreba-izbor-ravnatelja-mgz-politicka-je-agenda-mozemo-a-ne-briga-za-javni-interes\\\/\",\"name\":\"Radnici Muzeja Grada Zagreba: \u2018Izbor ravnatelja MGZ politi\u010dka je agenda Mo\u017eemo, a ne briga za javni interes\u2019 - RADIO LJUBU\u0160KI\",\"isPartOf\":{\"@id\":\"https:\\\/\\\/radioljubuski.ba\\\/#website\"},\"primaryImageOfPage\":{\"@id\":\"https:\\\/\\\/radioljubuski.ba\\\/index.php\\\/2021\\\/11\\\/09\\\/radnici-muzeja-grada-zagreba-izbor-ravnatelja-mgz-politicka-je-agenda-mozemo-a-ne-briga-za-javni-interes\\\/#primaryimage\"},\"image\":{\"@id\":\"https:\\\/\\\/radioljubuski.ba\\\/index.php\\\/2021\\\/11\\\/09\\\/radnici-muzeja-grada-zagreba-izbor-ravnatelja-mgz-politicka-je-agenda-mozemo-a-ne-briga-za-javni-interes\\\/#primaryimage\"},\"thumbnailUrl\":\"https:\\\/\\\/radioljubuski.ba\\\/wp-content\\\/uploads\\\/2021\\\/11\\\/ana-kutlesa-muzej-grada-zagreba-696x464-1.jpg\",\"datePublished\":\"2021-11-09T13:47:04+00:00\",\"dateModified\":\"2021-11-09T13:47:05+00:00\",\"breadcrumb\":{\"@id\":\"https:\\\/\\\/radioljubuski.ba\\\/index.php\\\/2021\\\/11\\\/09\\\/radnici-muzeja-grada-zagreba-izbor-ravnatelja-mgz-politicka-je-agenda-mozemo-a-ne-briga-za-javni-interes\\\/#breadcrumb\"},\"inLanguage\":\"hr\",\"potentialAction\":[{\"@type\":\"ReadAction\",\"target\":[\"https:\\\/\\\/radioljubuski.ba\\\/index.php\\\/2021\\\/11\\\/09\\\/radnici-muzeja-grada-zagreba-izbor-ravnatelja-mgz-politicka-je-agenda-mozemo-a-ne-briga-za-javni-interes\\\/\"]}]},{\"@type\":\"ImageObject\",\"inLanguage\":\"hr\",\"@id\":\"https:\\\/\\\/radioljubuski.ba\\\/index.php\\\/2021\\\/11\\\/09\\\/radnici-muzeja-grada-zagreba-izbor-ravnatelja-mgz-politicka-je-agenda-mozemo-a-ne-briga-za-javni-interes\\\/#primaryimage\",\"url\":\"https:\\\/\\\/radioljubuski.ba\\\/wp-content\\\/uploads\\\/2021\\\/11\\\/ana-kutlesa-muzej-grada-zagreba-696x464-1.jpg\",\"contentUrl\":\"https:\\\/\\\/radioljubuski.ba\\\/wp-content\\\/uploads\\\/2021\\\/11\\\/ana-kutlesa-muzej-grada-zagreba-696x464-1.jpg\",\"width\":696,\"height\":464},{\"@type\":\"BreadcrumbList\",\"@id\":\"https:\\\/\\\/radioljubuski.ba\\\/index.php\\\/2021\\\/11\\\/09\\\/radnici-muzeja-grada-zagreba-izbor-ravnatelja-mgz-politicka-je-agenda-mozemo-a-ne-briga-za-javni-interes\\\/#breadcrumb\",\"itemListElement\":[{\"@type\":\"ListItem\",\"position\":1,\"name\":\"Po\u010detna stranica\",\"item\":\"https:\\\/\\\/radioljubuski.ba\\\/\"},{\"@type\":\"ListItem\",\"position\":2,\"name\":\"Radnici Muzeja Grada Zagreba: \u2018Izbor ravnatelja MGZ politi\u010dka je agenda Mo\u017eemo, a ne briga za javni interes\u2019\"}]},{\"@type\":\"WebSite\",\"@id\":\"https:\\\/\\\/radioljubuski.ba\\\/#website\",\"url\":\"https:\\\/\\\/radioljubuski.ba\\\/\",\"name\":\"Radio Ljubu\u0161ki\",\"description\":\"Sun\u010dana frekvencija Hercegovine\",\"publisher\":{\"@id\":\"https:\\\/\\\/radioljubuski.ba\\\/#organization\"},\"potentialAction\":[{\"@type\":\"SearchAction\",\"target\":{\"@type\":\"EntryPoint\",\"urlTemplate\":\"https:\\\/\\\/radioljubuski.ba\\\/?s={search_term_string}\"},\"query-input\":{\"@type\":\"PropertyValueSpecification\",\"valueRequired\":true,\"valueName\":\"search_term_string\"}}],\"inLanguage\":\"hr\"},{\"@type\":\"Organization\",\"@id\":\"https:\\\/\\\/radioljubuski.ba\\\/#organization\",\"name\":\"Radio Ljubu\u0161ki\",\"url\":\"https:\\\/\\\/radioljubuski.ba\\\/\",\"logo\":{\"@type\":\"ImageObject\",\"inLanguage\":\"hr\",\"@id\":\"https:\\\/\\\/radioljubuski.ba\\\/#\\\/schema\\\/logo\\\/image\\\/\",\"url\":\"https:\\\/\\\/radioljubuski.ba\\\/wp-content\\\/uploads\\\/2021\\\/02\\\/cropped-Radio_Ljubuski_logo1.jpg\",\"contentUrl\":\"https:\\\/\\\/radioljubuski.ba\\\/wp-content\\\/uploads\\\/2021\\\/02\\\/cropped-Radio_Ljubuski_logo1.jpg\",\"width\":512,\"height\":512,\"caption\":\"Radio Ljubu\u0161ki\"},\"image\":{\"@id\":\"https:\\\/\\\/radioljubuski.ba\\\/#\\\/schema\\\/logo\\\/image\\\/\"},\"sameAs\":[\"https:\\\/\\\/www.facebook.com\\\/Radiio-Ljubuski-1490835324566332\",\"https:\\\/\\\/x.com\\\/radioljubuski\",\"https:\\\/\\\/hr.linkedin.com\\\/company\\\/radio-ljubuski\",\"https:\\\/\\\/www.youtube.com\\\/channel\\\/UCHYaeO_n0Db3tjNGudGpXyw\"]},{\"@type\":\"Person\",\"@id\":\"https:\\\/\\\/radioljubuski.ba\\\/#\\\/schema\\\/person\\\/19fc700381a780f69665d7956c469e3b\",\"name\":\"Radio Ljubu\u0161ki\"}]}<\/script>\n<!-- \/ Yoast SEO plugin. -->","yoast_head_json":{"title":"Radnici Muzeja Grada Zagreba: \u2018Izbor ravnatelja MGZ politi\u010dka je agenda Mo\u017eemo, a ne briga za javni interes\u2019 - RADIO LJUBU\u0160KI","robots":{"index":"index","follow":"follow","max-snippet":"max-snippet:-1","max-image-preview":"max-image-preview:large","max-video-preview":"max-video-preview:-1"},"canonical":"https:\/\/radioljubuski.ba\/index.php\/2021\/11\/09\/radnici-muzeja-grada-zagreba-izbor-ravnatelja-mgz-politicka-je-agenda-mozemo-a-ne-briga-za-javni-interes\/","og_locale":"hr_HR","og_type":"article","og_title":"Radnici Muzeja Grada Zagreba: \u2018Izbor ravnatelja MGZ politi\u010dka je agenda Mo\u017eemo, a ne briga za javni interes\u2019 - RADIO LJUBU\u0160KI","og_description":"Po\u0161tovani gradona\u010delni\u010de, \u010dini nam se da je izbor ravnatelja\/ravnateljice Muzeja grada Zagreba tek puka provedba politi\u010dke agende preuzimanja kulturnih institucija s vrha Mo\u017eemo, a ne briga za javni interes. Unato\u010d jasnom i argumentiranom otporu kolektiva da se za ravnateljicu imenuje osoba koja ima upitne kompetencije i u svom radu nije pokazala afirmativni stav prema Muzeju, [&hellip;]","og_url":"https:\/\/radioljubuski.ba\/index.php\/2021\/11\/09\/radnici-muzeja-grada-zagreba-izbor-ravnatelja-mgz-politicka-je-agenda-mozemo-a-ne-briga-za-javni-interes\/","og_site_name":"RADIO LJUBU\u0160KI","article_publisher":"https:\/\/www.facebook.com\/Radiio-Ljubuski-1490835324566332","article_published_time":"2021-11-09T13:47:04+00:00","article_modified_time":"2021-11-09T13:47:05+00:00","og_image":[{"width":696,"height":464,"url":"https:\/\/radioljubuski.ba\/wp-content\/uploads\/2021\/11\/ana-kutlesa-muzej-grada-zagreba-696x464-1.jpg","type":"image\/jpeg"}],"author":"Radio Ljubu\u0161ki","twitter_card":"summary_large_image","twitter_creator":"@radioljubuski","twitter_site":"@radioljubuski","twitter_misc":{"Napisao\/la":"Radio Ljubu\u0161ki","Procijenjeno vrijeme \u010ditanja":"5 minuta"},"schema":{"@context":"https:\/\/schema.org","@graph":[{"@type":"Article","@id":"https:\/\/radioljubuski.ba\/index.php\/2021\/11\/09\/radnici-muzeja-grada-zagreba-izbor-ravnatelja-mgz-politicka-je-agenda-mozemo-a-ne-briga-za-javni-interes\/#article","isPartOf":{"@id":"https:\/\/radioljubuski.ba\/index.php\/2021\/11\/09\/radnici-muzeja-grada-zagreba-izbor-ravnatelja-mgz-politicka-je-agenda-mozemo-a-ne-briga-za-javni-interes\/"},"author":{"name":"Radio Ljubu\u0161ki","@id":"https:\/\/radioljubuski.ba\/#\/schema\/person\/19fc700381a780f69665d7956c469e3b"},"headline":"Radnici Muzeja Grada Zagreba: \u2018Izbor ravnatelja MGZ politi\u010dka je agenda Mo\u017eemo, a ne briga za javni interes\u2019","datePublished":"2021-11-09T13:47:04+00:00","dateModified":"2021-11-09T13:47:05+00:00","mainEntityOfPage":{"@id":"https:\/\/radioljubuski.ba\/index.php\/2021\/11\/09\/radnici-muzeja-grada-zagreba-izbor-ravnatelja-mgz-politicka-je-agenda-mozemo-a-ne-briga-za-javni-interes\/"},"wordCount":1211,"publisher":{"@id":"https:\/\/radioljubuski.ba\/#organization"},"image":{"@id":"https:\/\/radioljubuski.ba\/index.php\/2021\/11\/09\/radnici-muzeja-grada-zagreba-izbor-ravnatelja-mgz-politicka-je-agenda-mozemo-a-ne-briga-za-javni-interes\/#primaryimage"},"thumbnailUrl":"https:\/\/radioljubuski.ba\/wp-content\/uploads\/2021\/11\/ana-kutlesa-muzej-grada-zagreba-696x464-1.jpg","articleSection":["BIH i regija"],"inLanguage":"hr"},{"@type":"WebPage","@id":"https:\/\/radioljubuski.ba\/index.php\/2021\/11\/09\/radnici-muzeja-grada-zagreba-izbor-ravnatelja-mgz-politicka-je-agenda-mozemo-a-ne-briga-za-javni-interes\/","url":"https:\/\/radioljubuski.ba\/index.php\/2021\/11\/09\/radnici-muzeja-grada-zagreba-izbor-ravnatelja-mgz-politicka-je-agenda-mozemo-a-ne-briga-za-javni-interes\/","name":"Radnici Muzeja Grada Zagreba: \u2018Izbor ravnatelja MGZ politi\u010dka je agenda Mo\u017eemo, a ne briga za javni interes\u2019 - RADIO LJUBU\u0160KI","isPartOf":{"@id":"https:\/\/radioljubuski.ba\/#website"},"primaryImageOfPage":{"@id":"https:\/\/radioljubuski.ba\/index.php\/2021\/11\/09\/radnici-muzeja-grada-zagreba-izbor-ravnatelja-mgz-politicka-je-agenda-mozemo-a-ne-briga-za-javni-interes\/#primaryimage"},"image":{"@id":"https:\/\/radioljubuski.ba\/index.php\/2021\/11\/09\/radnici-muzeja-grada-zagreba-izbor-ravnatelja-mgz-politicka-je-agenda-mozemo-a-ne-briga-za-javni-interes\/#primaryimage"},"thumbnailUrl":"https:\/\/radioljubuski.ba\/wp-content\/uploads\/2021\/11\/ana-kutlesa-muzej-grada-zagreba-696x464-1.jpg","datePublished":"2021-11-09T13:47:04+00:00","dateModified":"2021-11-09T13:47:05+00:00","breadcrumb":{"@id":"https:\/\/radioljubuski.ba\/index.php\/2021\/11\/09\/radnici-muzeja-grada-zagreba-izbor-ravnatelja-mgz-politicka-je-agenda-mozemo-a-ne-briga-za-javni-interes\/#breadcrumb"},"inLanguage":"hr","potentialAction":[{"@type":"ReadAction","target":["https:\/\/radioljubuski.ba\/index.php\/2021\/11\/09\/radnici-muzeja-grada-zagreba-izbor-ravnatelja-mgz-politicka-je-agenda-mozemo-a-ne-briga-za-javni-interes\/"]}]},{"@type":"ImageObject","inLanguage":"hr","@id":"https:\/\/radioljubuski.ba\/index.php\/2021\/11\/09\/radnici-muzeja-grada-zagreba-izbor-ravnatelja-mgz-politicka-je-agenda-mozemo-a-ne-briga-za-javni-interes\/#primaryimage","url":"https:\/\/radioljubuski.ba\/wp-content\/uploads\/2021\/11\/ana-kutlesa-muzej-grada-zagreba-696x464-1.jpg","contentUrl":"https:\/\/radioljubuski.ba\/wp-content\/uploads\/2021\/11\/ana-kutlesa-muzej-grada-zagreba-696x464-1.jpg","width":696,"height":464},{"@type":"BreadcrumbList","@id":"https:\/\/radioljubuski.ba\/index.php\/2021\/11\/09\/radnici-muzeja-grada-zagreba-izbor-ravnatelja-mgz-politicka-je-agenda-mozemo-a-ne-briga-za-javni-interes\/#breadcrumb","itemListElement":[{"@type":"ListItem","position":1,"name":"Po\u010detna stranica","item":"https:\/\/radioljubuski.ba\/"},{"@type":"ListItem","position":2,"name":"Radnici Muzeja Grada Zagreba: \u2018Izbor ravnatelja MGZ politi\u010dka je agenda Mo\u017eemo, a ne briga za javni interes\u2019"}]},{"@type":"WebSite","@id":"https:\/\/radioljubuski.ba\/#website","url":"https:\/\/radioljubuski.ba\/","name":"Radio Ljubu\u0161ki","description":"Sun\u010dana frekvencija Hercegovine","publisher":{"@id":"https:\/\/radioljubuski.ba\/#organization"},"potentialAction":[{"@type":"SearchAction","target":{"@type":"EntryPoint","urlTemplate":"https:\/\/radioljubuski.ba\/?s={search_term_string}"},"query-input":{"@type":"PropertyValueSpecification","valueRequired":true,"valueName":"search_term_string"}}],"inLanguage":"hr"},{"@type":"Organization","@id":"https:\/\/radioljubuski.ba\/#organization","name":"Radio Ljubu\u0161ki","url":"https:\/\/radioljubuski.ba\/","logo":{"@type":"ImageObject","inLanguage":"hr","@id":"https:\/\/radioljubuski.ba\/#\/schema\/logo\/image\/","url":"https:\/\/radioljubuski.ba\/wp-content\/uploads\/2021\/02\/cropped-Radio_Ljubuski_logo1.jpg","contentUrl":"https:\/\/radioljubuski.ba\/wp-content\/uploads\/2021\/02\/cropped-Radio_Ljubuski_logo1.jpg","width":512,"height":512,"caption":"Radio Ljubu\u0161ki"},"image":{"@id":"https:\/\/radioljubuski.ba\/#\/schema\/logo\/image\/"},"sameAs":["https:\/\/www.facebook.com\/Radiio-Ljubuski-1490835324566332","https:\/\/x.com\/radioljubuski","https:\/\/hr.linkedin.com\/company\/radio-ljubuski","https:\/\/www.youtube.com\/channel\/UCHYaeO_n0Db3tjNGudGpXyw"]},{"@type":"Person","@id":"https:\/\/radioljubuski.ba\/#\/schema\/person\/19fc700381a780f69665d7956c469e3b","name":"Radio Ljubu\u0161ki"}]}},"_links":{"self":[{"href":"https:\/\/radioljubuski.ba\/index.php\/wp-json\/wp\/v2\/posts\/86886","targetHints":{"allow":["GET"]}}],"collection":[{"href":"https:\/\/radioljubuski.ba\/index.php\/wp-json\/wp\/v2\/posts"}],"about":[{"href":"https:\/\/radioljubuski.ba\/index.php\/wp-json\/wp\/v2\/types\/post"}],"author":[{"embeddable":true,"href":"https:\/\/radioljubuski.ba\/index.php\/wp-json\/wp\/v2\/users\/2"}],"replies":[{"embeddable":true,"href":"https:\/\/radioljubuski.ba\/index.php\/wp-json\/wp\/v2\/comments?post=86886"}],"version-history":[{"count":1,"href":"https:\/\/radioljubuski.ba\/index.php\/wp-json\/wp\/v2\/posts\/86886\/revisions"}],"predecessor-version":[{"id":86888,"href":"https:\/\/radioljubuski.ba\/index.php\/wp-json\/wp\/v2\/posts\/86886\/revisions\/86888"}],"wp:featuredmedia":[{"embeddable":true,"href":"https:\/\/radioljubuski.ba\/index.php\/wp-json\/wp\/v2\/media\/86887"}],"wp:attachment":[{"href":"https:\/\/radioljubuski.ba\/index.php\/wp-json\/wp\/v2\/media?parent=86886"}],"wp:term":[{"taxonomy":"category","embeddable":true,"href":"https:\/\/radioljubuski.ba\/index.php\/wp-json\/wp\/v2\/categories?post=86886"},{"taxonomy":"post_tag","embeddable":true,"href":"https:\/\/radioljubuski.ba\/index.php\/wp-json\/wp\/v2\/tags?post=86886"}],"curies":[{"name":"wp","href":"https:\/\/api.w.org\/{rel}","templated":true}]}}