{"id":86892,"date":"2021-11-09T14:51:01","date_gmt":"2021-11-09T13:51:01","guid":{"rendered":"https:\/\/radioljubuski.ba\/?p=86892"},"modified":"2021-11-09T14:51:02","modified_gmt":"2021-11-09T13:51:02","slug":"petar-dreznjak-zelim-olimpijsku-medalju-donijeti-u-mostar","status":"publish","type":"post","link":"https:\/\/radioljubuski.ba\/index.php\/2021\/11\/09\/petar-dreznjak-zelim-olimpijsku-medalju-donijeti-u-mostar\/","title":{"rendered":"Petar Dre\u017enjak: \u017delim Olimpijsku medalju donijeti u Mostar"},"content":{"rendered":"\n<p>Mladi Mostarac, Petar Dre\u017enjak prije otprilike dvije godine iznenadio je svojim nastupom u Tajlandu. Naime, Petar je u Mostar donio prvu svjetsku zlatnu medalju do 23 godine u muay thaiju (tajlandski boks). Ovaj mladi te\u0161ka\u0161 sve je ugodno iznenadio svojim nastupom koji mu je odsko\u010dna daska za uspjeh u daljnjoj karijeri.<\/p>\n\n\n\n<p><strong><em>Razgovarao: Mateo Marinovi\u0107<\/em><\/strong><\/p>\n\n\n\n<p><strong><em>Petre, mo\u017eete li nam za po\u010detak re\u0107i kako je sve po\u010delo?<\/em><\/strong><\/p>\n\n\n\n<p>Za tajlandski boks sam se odlu\u010dio jer sam ga du\u017ee vrijeme prou\u010davao na internetu, jako mi se svi\u0111ao i \u017eelio sam jednog dana biti u ringu i postati Muay Thai borac. U mojim po\u010detcima moja podr\u0161ka je bio trener Miro Velagi\u0107 i ostali prijatelji iz kluba MTC Hunter Tajlandski boks sam zapo\u010deo trenirati sa 17 godina kao rekreativac, jer sam se \u017eelio oku\u0161ati u borila\u010dkom sportu te sam ovisiti o svojim uspjesima i porazima. Moji klubovi u Mostaru u kojima treniram su MTC Hunter, Slava MMA, te Mornar iz Splita pri\u010da nam mladi Mostarac.<\/p>\n\n\n\n<p><strong><em>Prije dvije godine postali ste prvak Hrvatske u Tajlandskom boksu, te ste nastupili na Svjetskom prvenstvu gdje ste se okitili zlatnom medaljom. Mo\u017eete li nam re\u0107i vi\u0161e o tome?<\/em><\/strong><\/p>\n\n\n\n<p>Od po\u010detka 2019. godine sam se fokusirao na Svjetsko prvenstvo. Sve nastupe i treninge sam u potpunosti prilagodio tome. Trenirao sam dva puta dnevno pa su automatski tako i o\u010dekivanja bila velika. Ipak, moram vam priznati kako je me zlato iznenadilo jer je ipak ovdje bila rije\u010d o mom prvom velikom natjecanju. Na prvenstvu sam imao tri borbe, pobijedio sam protivnike iz Kanade Estonije i Amerike. Sve tri borbe su bile te\u0161ke te sam zaslu\u017eeno osvojio zlato. Prvenstvo se odr\u017ealo u prijestolnici ovog sporta na Tajlandu.\u00a0<\/p>\n\n\n\n<figure class=\"wp-block-image\"><img decoding=\"async\" src=\"https:\/\/storage.pogled.ba\/images\/9d71\/75f9\/217572\/original\/2-2021-11-09-10-02-06-122987118_10222200597176252_435239322916912286_n.jpg\" alt=\"2-2021-11-09-10-02-06-122987118_10222200597176252_435239322916912286_n.jpg\"\/><\/figure>\n\n\n\n<p><em><strong>Mo\u017eete li nam usporediti zastupljenost ovog sporta na Tajlandu i ovdje kod nas?<\/strong><\/em><\/p>\n\n\n\n<p>Muay Thai je na Tajlandu jako zastupljen i od malenih nogu mu\u0161karci i \u017eene po\u010dinju se baviti njime. Tajlandski boks iz godine u godinu je sve poznatiji na na\u0161ih prostorima jer je nedavno postao Olimpijski sport. U Hrvatskoj je u zadnjih par godina dignut na ve\u0107i nivo te je iz godine u godinu sve ve\u0107a i te\u017ea konkurencija.<\/p>\n\n\n\n<p><strong><em>Nedavno ste pokrenuli individualne Muay Thai treninge u Mostaru, mo\u017eete li nam re\u0107i kako ste do\u0161li do te ideje?<\/em><\/strong><\/p>\n\n\n\n<p>\u017delim motivirati mlade ljude da se \u0161to vi\u0161e bave sportom te da Tajlandski boks bude \u0161to popularniji u mom gradu i dr\u017eavi. Ideja je proiza\u0161la iz toga \u0161to \u017eelim prenositi svoje znanje na druge i da mi \u0161to vi\u0161e slobodnog vremena pro\u0111e u sportu. Treninge odr\u017eavam u Body Zone Ili\u0107i te svatko tko je zainteresiran mo\u017ee se javiti na moj Facebook i Instagram profil.<\/p>\n\n\n\n<p><em><strong>Koji su va\u0161i planovi za budu\u0107nost?<\/strong><\/em><\/p>\n\n\n\n<p>Od kada sam se krenuo baviti ovim sportom moja prva \u017eelja je bila postati amaterski svjetski prvak sto sam ostvario, a trenutni san mi je postati profesionalni prvak svijeta te donijeti olimpijsku medalju u grad Mostar.<\/p>\n\n\n\n<p><em><strong>Razgovarao: Mateo Marinovi\u0107<\/strong><\/em><\/p>\n\n\n\n<p><strong>Autor: pogledba<\/strong><\/p>\n","protected":false},"excerpt":{"rendered":"<p>Mladi Mostarac, Petar Dre\u017enjak prije otprilike dvije godine iznenadio je svojim nastupom u Tajlandu. Naime, Petar je u Mostar donio prvu svjetsku zlatnu medalju do 23 godine u muay thaiju (tajlandski boks). Ovaj mladi te\u0161ka\u0161 sve je ugodno iznenadio svojim nastupom koji mu je odsko\u010dna daska za uspjeh u daljnjoj karijeri. Razgovarao: Mateo Marinovi\u0107 Petre, [&hellip;]<\/p>\n","protected":false},"author":2,"featured_media":86893,"comment_status":"closed","ping_status":"closed","sticky":false,"template":"","format":"standard","meta":{"h5ap_radio_sources":[],"footnotes":""},"categories":[7],"tags":[],"class_list":["post-86892","post","type-post","status-publish","format-standard","has-post-thumbnail","hentry","category-sport"],"yoast_head":"<!-- This site is optimized with the Yoast SEO plugin v27.5 - https:\/\/yoast.com\/product\/yoast-seo-wordpress\/ -->\n<title>Petar Dre\u017enjak: \u017delim Olimpijsku medalju donijeti u Mostar - RADIO LJUBU\u0160KI<\/title>\n<meta name=\"robots\" content=\"index, follow, max-snippet:-1, max-image-preview:large, max-video-preview:-1\" \/>\n<link rel=\"canonical\" href=\"https:\/\/radioljubuski.ba\/index.php\/2021\/11\/09\/petar-dreznjak-zelim-olimpijsku-medalju-donijeti-u-mostar\/\" \/>\n<meta property=\"og:locale\" content=\"hr_HR\" \/>\n<meta property=\"og:type\" content=\"article\" \/>\n<meta property=\"og:title\" content=\"Petar Dre\u017enjak: \u017delim Olimpijsku medalju donijeti u Mostar - RADIO LJUBU\u0160KI\" \/>\n<meta property=\"og:description\" content=\"Mladi Mostarac, Petar Dre\u017enjak prije otprilike dvije godine iznenadio je svojim nastupom u Tajlandu. Naime, Petar je u Mostar donio prvu svjetsku zlatnu medalju do 23 godine u muay thaiju (tajlandski boks). Ovaj mladi te\u0161ka\u0161 sve je ugodno iznenadio svojim nastupom koji mu je odsko\u010dna daska za uspjeh u daljnjoj karijeri. Razgovarao: Mateo Marinovi\u0107 Petre, [&hellip;]\" \/>\n<meta property=\"og:url\" content=\"https:\/\/radioljubuski.ba\/index.php\/2021\/11\/09\/petar-dreznjak-zelim-olimpijsku-medalju-donijeti-u-mostar\/\" \/>\n<meta property=\"og:site_name\" content=\"RADIO LJUBU\u0160KI\" \/>\n<meta property=\"article:publisher\" content=\"https:\/\/www.facebook.com\/Radiio-Ljubuski-1490835324566332\" \/>\n<meta property=\"article:published_time\" content=\"2021-11-09T13:51:01+00:00\" \/>\n<meta property=\"article:modified_time\" content=\"2021-11-09T13:51:02+00:00\" \/>\n<meta property=\"og:image\" content=\"https:\/\/radioljubuski.ba\/wp-content\/uploads\/2021\/11\/3-2021-11-09-10-11-58-dreznjak.jpg\" \/>\n\t<meta property=\"og:image:width\" content=\"1000\" \/>\n\t<meta property=\"og:image:height\" content=\"625\" \/>\n\t<meta property=\"og:image:type\" content=\"image\/jpeg\" \/>\n<meta name=\"author\" content=\"Radio Ljubu\u0161ki\" \/>\n<meta name=\"twitter:card\" content=\"summary_large_image\" \/>\n<meta name=\"twitter:creator\" content=\"@radioljubuski\" \/>\n<meta name=\"twitter:site\" content=\"@radioljubuski\" \/>\n<meta name=\"twitter:label1\" content=\"Napisao\/la\" \/>\n\t<meta name=\"twitter:data1\" content=\"Radio Ljubu\u0161ki\" \/>\n\t<meta name=\"twitter:label2\" content=\"Procijenjeno vrijeme \u010ditanja\" \/>\n\t<meta name=\"twitter:data2\" content=\"3 minute\" \/>\n<script type=\"application\/ld+json\" class=\"yoast-schema-graph\">{\"@context\":\"https:\\\/\\\/schema.org\",\"@graph\":[{\"@type\":\"Article\",\"@id\":\"https:\\\/\\\/radioljubuski.ba\\\/index.php\\\/2021\\\/11\\\/09\\\/petar-dreznjak-zelim-olimpijsku-medalju-donijeti-u-mostar\\\/#article\",\"isPartOf\":{\"@id\":\"https:\\\/\\\/radioljubuski.ba\\\/index.php\\\/2021\\\/11\\\/09\\\/petar-dreznjak-zelim-olimpijsku-medalju-donijeti-u-mostar\\\/\"},\"author\":{\"name\":\"Radio Ljubu\u0161ki\",\"@id\":\"https:\\\/\\\/radioljubuski.ba\\\/#\\\/schema\\\/person\\\/19fc700381a780f69665d7956c469e3b\"},\"headline\":\"Petar Dre\u017enjak: \u017delim Olimpijsku medalju donijeti u Mostar\",\"datePublished\":\"2021-11-09T13:51:01+00:00\",\"dateModified\":\"2021-11-09T13:51:02+00:00\",\"mainEntityOfPage\":{\"@id\":\"https:\\\/\\\/radioljubuski.ba\\\/index.php\\\/2021\\\/11\\\/09\\\/petar-dreznjak-zelim-olimpijsku-medalju-donijeti-u-mostar\\\/\"},\"wordCount\":526,\"publisher\":{\"@id\":\"https:\\\/\\\/radioljubuski.ba\\\/#organization\"},\"image\":{\"@id\":\"https:\\\/\\\/radioljubuski.ba\\\/index.php\\\/2021\\\/11\\\/09\\\/petar-dreznjak-zelim-olimpijsku-medalju-donijeti-u-mostar\\\/#primaryimage\"},\"thumbnailUrl\":\"https:\\\/\\\/radioljubuski.ba\\\/wp-content\\\/uploads\\\/2021\\\/11\\\/3-2021-11-09-10-11-58-dreznjak.jpg\",\"articleSection\":[\"\u0160port\"],\"inLanguage\":\"hr\"},{\"@type\":\"WebPage\",\"@id\":\"https:\\\/\\\/radioljubuski.ba\\\/index.php\\\/2021\\\/11\\\/09\\\/petar-dreznjak-zelim-olimpijsku-medalju-donijeti-u-mostar\\\/\",\"url\":\"https:\\\/\\\/radioljubuski.ba\\\/index.php\\\/2021\\\/11\\\/09\\\/petar-dreznjak-zelim-olimpijsku-medalju-donijeti-u-mostar\\\/\",\"name\":\"Petar Dre\u017enjak: \u017delim Olimpijsku medalju donijeti u Mostar - RADIO LJUBU\u0160KI\",\"isPartOf\":{\"@id\":\"https:\\\/\\\/radioljubuski.ba\\\/#website\"},\"primaryImageOfPage\":{\"@id\":\"https:\\\/\\\/radioljubuski.ba\\\/index.php\\\/2021\\\/11\\\/09\\\/petar-dreznjak-zelim-olimpijsku-medalju-donijeti-u-mostar\\\/#primaryimage\"},\"image\":{\"@id\":\"https:\\\/\\\/radioljubuski.ba\\\/index.php\\\/2021\\\/11\\\/09\\\/petar-dreznjak-zelim-olimpijsku-medalju-donijeti-u-mostar\\\/#primaryimage\"},\"thumbnailUrl\":\"https:\\\/\\\/radioljubuski.ba\\\/wp-content\\\/uploads\\\/2021\\\/11\\\/3-2021-11-09-10-11-58-dreznjak.jpg\",\"datePublished\":\"2021-11-09T13:51:01+00:00\",\"dateModified\":\"2021-11-09T13:51:02+00:00\",\"breadcrumb\":{\"@id\":\"https:\\\/\\\/radioljubuski.ba\\\/index.php\\\/2021\\\/11\\\/09\\\/petar-dreznjak-zelim-olimpijsku-medalju-donijeti-u-mostar\\\/#breadcrumb\"},\"inLanguage\":\"hr\",\"potentialAction\":[{\"@type\":\"ReadAction\",\"target\":[\"https:\\\/\\\/radioljubuski.ba\\\/index.php\\\/2021\\\/11\\\/09\\\/petar-dreznjak-zelim-olimpijsku-medalju-donijeti-u-mostar\\\/\"]}]},{\"@type\":\"ImageObject\",\"inLanguage\":\"hr\",\"@id\":\"https:\\\/\\\/radioljubuski.ba\\\/index.php\\\/2021\\\/11\\\/09\\\/petar-dreznjak-zelim-olimpijsku-medalju-donijeti-u-mostar\\\/#primaryimage\",\"url\":\"https:\\\/\\\/radioljubuski.ba\\\/wp-content\\\/uploads\\\/2021\\\/11\\\/3-2021-11-09-10-11-58-dreznjak.jpg\",\"contentUrl\":\"https:\\\/\\\/radioljubuski.ba\\\/wp-content\\\/uploads\\\/2021\\\/11\\\/3-2021-11-09-10-11-58-dreznjak.jpg\",\"width\":1000,\"height\":625},{\"@type\":\"BreadcrumbList\",\"@id\":\"https:\\\/\\\/radioljubuski.ba\\\/index.php\\\/2021\\\/11\\\/09\\\/petar-dreznjak-zelim-olimpijsku-medalju-donijeti-u-mostar\\\/#breadcrumb\",\"itemListElement\":[{\"@type\":\"ListItem\",\"position\":1,\"name\":\"Po\u010detna stranica\",\"item\":\"https:\\\/\\\/radioljubuski.ba\\\/\"},{\"@type\":\"ListItem\",\"position\":2,\"name\":\"Petar Dre\u017enjak: \u017delim Olimpijsku medalju donijeti u Mostar\"}]},{\"@type\":\"WebSite\",\"@id\":\"https:\\\/\\\/radioljubuski.ba\\\/#website\",\"url\":\"https:\\\/\\\/radioljubuski.ba\\\/\",\"name\":\"Radio Ljubu\u0161ki\",\"description\":\"Sun\u010dana frekvencija Hercegovine\",\"publisher\":{\"@id\":\"https:\\\/\\\/radioljubuski.ba\\\/#organization\"},\"potentialAction\":[{\"@type\":\"SearchAction\",\"target\":{\"@type\":\"EntryPoint\",\"urlTemplate\":\"https:\\\/\\\/radioljubuski.ba\\\/?s={search_term_string}\"},\"query-input\":{\"@type\":\"PropertyValueSpecification\",\"valueRequired\":true,\"valueName\":\"search_term_string\"}}],\"inLanguage\":\"hr\"},{\"@type\":\"Organization\",\"@id\":\"https:\\\/\\\/radioljubuski.ba\\\/#organization\",\"name\":\"Radio Ljubu\u0161ki\",\"url\":\"https:\\\/\\\/radioljubuski.ba\\\/\",\"logo\":{\"@type\":\"ImageObject\",\"inLanguage\":\"hr\",\"@id\":\"https:\\\/\\\/radioljubuski.ba\\\/#\\\/schema\\\/logo\\\/image\\\/\",\"url\":\"https:\\\/\\\/radioljubuski.ba\\\/wp-content\\\/uploads\\\/2021\\\/02\\\/cropped-Radio_Ljubuski_logo1.jpg\",\"contentUrl\":\"https:\\\/\\\/radioljubuski.ba\\\/wp-content\\\/uploads\\\/2021\\\/02\\\/cropped-Radio_Ljubuski_logo1.jpg\",\"width\":512,\"height\":512,\"caption\":\"Radio Ljubu\u0161ki\"},\"image\":{\"@id\":\"https:\\\/\\\/radioljubuski.ba\\\/#\\\/schema\\\/logo\\\/image\\\/\"},\"sameAs\":[\"https:\\\/\\\/www.facebook.com\\\/Radiio-Ljubuski-1490835324566332\",\"https:\\\/\\\/x.com\\\/radioljubuski\",\"https:\\\/\\\/hr.linkedin.com\\\/company\\\/radio-ljubuski\",\"https:\\\/\\\/www.youtube.com\\\/channel\\\/UCHYaeO_n0Db3tjNGudGpXyw\"]},{\"@type\":\"Person\",\"@id\":\"https:\\\/\\\/radioljubuski.ba\\\/#\\\/schema\\\/person\\\/19fc700381a780f69665d7956c469e3b\",\"name\":\"Radio Ljubu\u0161ki\"}]}<\/script>\n<!-- \/ Yoast SEO plugin. -->","yoast_head_json":{"title":"Petar Dre\u017enjak: \u017delim Olimpijsku medalju donijeti u Mostar - RADIO LJUBU\u0160KI","robots":{"index":"index","follow":"follow","max-snippet":"max-snippet:-1","max-image-preview":"max-image-preview:large","max-video-preview":"max-video-preview:-1"},"canonical":"https:\/\/radioljubuski.ba\/index.php\/2021\/11\/09\/petar-dreznjak-zelim-olimpijsku-medalju-donijeti-u-mostar\/","og_locale":"hr_HR","og_type":"article","og_title":"Petar Dre\u017enjak: \u017delim Olimpijsku medalju donijeti u Mostar - RADIO LJUBU\u0160KI","og_description":"Mladi Mostarac, Petar Dre\u017enjak prije otprilike dvije godine iznenadio je svojim nastupom u Tajlandu. Naime, Petar je u Mostar donio prvu svjetsku zlatnu medalju do 23 godine u muay thaiju (tajlandski boks). Ovaj mladi te\u0161ka\u0161 sve je ugodno iznenadio svojim nastupom koji mu je odsko\u010dna daska za uspjeh u daljnjoj karijeri. Razgovarao: Mateo Marinovi\u0107 Petre, [&hellip;]","og_url":"https:\/\/radioljubuski.ba\/index.php\/2021\/11\/09\/petar-dreznjak-zelim-olimpijsku-medalju-donijeti-u-mostar\/","og_site_name":"RADIO LJUBU\u0160KI","article_publisher":"https:\/\/www.facebook.com\/Radiio-Ljubuski-1490835324566332","article_published_time":"2021-11-09T13:51:01+00:00","article_modified_time":"2021-11-09T13:51:02+00:00","og_image":[{"width":1000,"height":625,"url":"https:\/\/radioljubuski.ba\/wp-content\/uploads\/2021\/11\/3-2021-11-09-10-11-58-dreznjak.jpg","type":"image\/jpeg"}],"author":"Radio Ljubu\u0161ki","twitter_card":"summary_large_image","twitter_creator":"@radioljubuski","twitter_site":"@radioljubuski","twitter_misc":{"Napisao\/la":"Radio Ljubu\u0161ki","Procijenjeno vrijeme \u010ditanja":"3 minute"},"schema":{"@context":"https:\/\/schema.org","@graph":[{"@type":"Article","@id":"https:\/\/radioljubuski.ba\/index.php\/2021\/11\/09\/petar-dreznjak-zelim-olimpijsku-medalju-donijeti-u-mostar\/#article","isPartOf":{"@id":"https:\/\/radioljubuski.ba\/index.php\/2021\/11\/09\/petar-dreznjak-zelim-olimpijsku-medalju-donijeti-u-mostar\/"},"author":{"name":"Radio Ljubu\u0161ki","@id":"https:\/\/radioljubuski.ba\/#\/schema\/person\/19fc700381a780f69665d7956c469e3b"},"headline":"Petar Dre\u017enjak: \u017delim Olimpijsku medalju donijeti u Mostar","datePublished":"2021-11-09T13:51:01+00:00","dateModified":"2021-11-09T13:51:02+00:00","mainEntityOfPage":{"@id":"https:\/\/radioljubuski.ba\/index.php\/2021\/11\/09\/petar-dreznjak-zelim-olimpijsku-medalju-donijeti-u-mostar\/"},"wordCount":526,"publisher":{"@id":"https:\/\/radioljubuski.ba\/#organization"},"image":{"@id":"https:\/\/radioljubuski.ba\/index.php\/2021\/11\/09\/petar-dreznjak-zelim-olimpijsku-medalju-donijeti-u-mostar\/#primaryimage"},"thumbnailUrl":"https:\/\/radioljubuski.ba\/wp-content\/uploads\/2021\/11\/3-2021-11-09-10-11-58-dreznjak.jpg","articleSection":["\u0160port"],"inLanguage":"hr"},{"@type":"WebPage","@id":"https:\/\/radioljubuski.ba\/index.php\/2021\/11\/09\/petar-dreznjak-zelim-olimpijsku-medalju-donijeti-u-mostar\/","url":"https:\/\/radioljubuski.ba\/index.php\/2021\/11\/09\/petar-dreznjak-zelim-olimpijsku-medalju-donijeti-u-mostar\/","name":"Petar Dre\u017enjak: \u017delim Olimpijsku medalju donijeti u Mostar - RADIO LJUBU\u0160KI","isPartOf":{"@id":"https:\/\/radioljubuski.ba\/#website"},"primaryImageOfPage":{"@id":"https:\/\/radioljubuski.ba\/index.php\/2021\/11\/09\/petar-dreznjak-zelim-olimpijsku-medalju-donijeti-u-mostar\/#primaryimage"},"image":{"@id":"https:\/\/radioljubuski.ba\/index.php\/2021\/11\/09\/petar-dreznjak-zelim-olimpijsku-medalju-donijeti-u-mostar\/#primaryimage"},"thumbnailUrl":"https:\/\/radioljubuski.ba\/wp-content\/uploads\/2021\/11\/3-2021-11-09-10-11-58-dreznjak.jpg","datePublished":"2021-11-09T13:51:01+00:00","dateModified":"2021-11-09T13:51:02+00:00","breadcrumb":{"@id":"https:\/\/radioljubuski.ba\/index.php\/2021\/11\/09\/petar-dreznjak-zelim-olimpijsku-medalju-donijeti-u-mostar\/#breadcrumb"},"inLanguage":"hr","potentialAction":[{"@type":"ReadAction","target":["https:\/\/radioljubuski.ba\/index.php\/2021\/11\/09\/petar-dreznjak-zelim-olimpijsku-medalju-donijeti-u-mostar\/"]}]},{"@type":"ImageObject","inLanguage":"hr","@id":"https:\/\/radioljubuski.ba\/index.php\/2021\/11\/09\/petar-dreznjak-zelim-olimpijsku-medalju-donijeti-u-mostar\/#primaryimage","url":"https:\/\/radioljubuski.ba\/wp-content\/uploads\/2021\/11\/3-2021-11-09-10-11-58-dreznjak.jpg","contentUrl":"https:\/\/radioljubuski.ba\/wp-content\/uploads\/2021\/11\/3-2021-11-09-10-11-58-dreznjak.jpg","width":1000,"height":625},{"@type":"BreadcrumbList","@id":"https:\/\/radioljubuski.ba\/index.php\/2021\/11\/09\/petar-dreznjak-zelim-olimpijsku-medalju-donijeti-u-mostar\/#breadcrumb","itemListElement":[{"@type":"ListItem","position":1,"name":"Po\u010detna stranica","item":"https:\/\/radioljubuski.ba\/"},{"@type":"ListItem","position":2,"name":"Petar Dre\u017enjak: \u017delim Olimpijsku medalju donijeti u Mostar"}]},{"@type":"WebSite","@id":"https:\/\/radioljubuski.ba\/#website","url":"https:\/\/radioljubuski.ba\/","name":"Radio Ljubu\u0161ki","description":"Sun\u010dana frekvencija Hercegovine","publisher":{"@id":"https:\/\/radioljubuski.ba\/#organization"},"potentialAction":[{"@type":"SearchAction","target":{"@type":"EntryPoint","urlTemplate":"https:\/\/radioljubuski.ba\/?s={search_term_string}"},"query-input":{"@type":"PropertyValueSpecification","valueRequired":true,"valueName":"search_term_string"}}],"inLanguage":"hr"},{"@type":"Organization","@id":"https:\/\/radioljubuski.ba\/#organization","name":"Radio Ljubu\u0161ki","url":"https:\/\/radioljubuski.ba\/","logo":{"@type":"ImageObject","inLanguage":"hr","@id":"https:\/\/radioljubuski.ba\/#\/schema\/logo\/image\/","url":"https:\/\/radioljubuski.ba\/wp-content\/uploads\/2021\/02\/cropped-Radio_Ljubuski_logo1.jpg","contentUrl":"https:\/\/radioljubuski.ba\/wp-content\/uploads\/2021\/02\/cropped-Radio_Ljubuski_logo1.jpg","width":512,"height":512,"caption":"Radio Ljubu\u0161ki"},"image":{"@id":"https:\/\/radioljubuski.ba\/#\/schema\/logo\/image\/"},"sameAs":["https:\/\/www.facebook.com\/Radiio-Ljubuski-1490835324566332","https:\/\/x.com\/radioljubuski","https:\/\/hr.linkedin.com\/company\/radio-ljubuski","https:\/\/www.youtube.com\/channel\/UCHYaeO_n0Db3tjNGudGpXyw"]},{"@type":"Person","@id":"https:\/\/radioljubuski.ba\/#\/schema\/person\/19fc700381a780f69665d7956c469e3b","name":"Radio Ljubu\u0161ki"}]}},"_links":{"self":[{"href":"https:\/\/radioljubuski.ba\/index.php\/wp-json\/wp\/v2\/posts\/86892","targetHints":{"allow":["GET"]}}],"collection":[{"href":"https:\/\/radioljubuski.ba\/index.php\/wp-json\/wp\/v2\/posts"}],"about":[{"href":"https:\/\/radioljubuski.ba\/index.php\/wp-json\/wp\/v2\/types\/post"}],"author":[{"embeddable":true,"href":"https:\/\/radioljubuski.ba\/index.php\/wp-json\/wp\/v2\/users\/2"}],"replies":[{"embeddable":true,"href":"https:\/\/radioljubuski.ba\/index.php\/wp-json\/wp\/v2\/comments?post=86892"}],"version-history":[{"count":1,"href":"https:\/\/radioljubuski.ba\/index.php\/wp-json\/wp\/v2\/posts\/86892\/revisions"}],"predecessor-version":[{"id":86894,"href":"https:\/\/radioljubuski.ba\/index.php\/wp-json\/wp\/v2\/posts\/86892\/revisions\/86894"}],"wp:featuredmedia":[{"embeddable":true,"href":"https:\/\/radioljubuski.ba\/index.php\/wp-json\/wp\/v2\/media\/86893"}],"wp:attachment":[{"href":"https:\/\/radioljubuski.ba\/index.php\/wp-json\/wp\/v2\/media?parent=86892"}],"wp:term":[{"taxonomy":"category","embeddable":true,"href":"https:\/\/radioljubuski.ba\/index.php\/wp-json\/wp\/v2\/categories?post=86892"},{"taxonomy":"post_tag","embeddable":true,"href":"https:\/\/radioljubuski.ba\/index.php\/wp-json\/wp\/v2\/tags?post=86892"}],"curies":[{"name":"wp","href":"https:\/\/api.w.org\/{rel}","templated":true}]}}