{"id":86900,"date":"2021-11-09T14:54:29","date_gmt":"2021-11-09T13:54:29","guid":{"rendered":"https:\/\/radioljubuski.ba\/?p=86900"},"modified":"2021-11-09T14:54:30","modified_gmt":"2021-11-09T13:54:30","slug":"direktor-messera-situacija-je-stabilna-osigurane-potrebne-kolicine-kisika","status":"publish","type":"post","link":"https:\/\/radioljubuski.ba\/index.php\/2021\/11\/09\/direktor-messera-situacija-je-stabilna-osigurane-potrebne-kolicine-kisika\/","title":{"rendered":"Direktor Messera: Situacija je stabilna osigurane potrebne koli\u010dine kisika"},"content":{"rendered":"\n<p>Avdo Dedi\u0107, direktor Messera, za N1 je kazao da je na\u0111eno rje\u0161enje za opskrbu bolnica medicinskim kisikom, te da bi firma trebala dobiti novu lokaciju u Zenici.<\/p>\n\n\n\n<p>\u201cSituacija je stabilna, svi pacijenti dobivaju potrebne koli\u010dine kisika. Mo\u017eemo re\u0107i da je manje-vi\u0161e sve u redu\u201d, kazao je.<\/p>\n\n\n\n<p>Navodi da su tek danas pri\u0161li strojevima u poplavljenom postrojenju.<\/p>\n\n\n\n<p>\u201cUpravna zgrada je bila potopljena. Poplavljen je namje\u0161taj i neka oprema u punionici. Tako\u0111er poplavljeni su vilju\u0161kari i kamioni od \u0161peditera. Ne bi prejudicirao \u0161teta, osiguravaju\u0107e ku\u0107e \u0107e napraviti procjenu\u201d, kazao je.<\/p>\n\n\n\n<p>Kazao je da nije bilo najava da bi voda mogla toliko porasti, da bi mogli spasiti opremu na vrijeme.<\/p>\n\n\n\n<p>\u201cZa sat vremena voda se digla je metar i po. Nije bilo nikakve \u0161anse da se reagira. Najave nisu bile u tom smjeru da bi mogle da budu izuzetno visoke poplave. Mi smo se susreli sa poplavom 2014. godine, tada je voda nadolazila satima. Mi smo evakuisali sve ma\u0161ine, nikakvih problema nije bilo\u201d, pojasnio je.<\/p>\n\n\n\n<p>Kazao je da \u0107e Messer tra\u017eiti drugu lokacija kako ne bi ponovo do\u0161li u ovu situaciju.<\/p>\n\n\n\n<p>Izvor:N1<\/p>\n","protected":false},"excerpt":{"rendered":"<p>Avdo Dedi\u0107, direktor Messera, za N1 je kazao da je na\u0111eno rje\u0161enje za opskrbu bolnica medicinskim kisikom, te da bi firma trebala dobiti novu lokaciju u Zenici. \u201cSituacija je stabilna, svi pacijenti dobivaju potrebne koli\u010dine kisika. Mo\u017eemo re\u0107i da je manje-vi\u0161e sve u redu\u201d, kazao je. Navodi da su tek danas pri\u0161li strojevima u poplavljenom [&hellip;]<\/p>\n","protected":false},"author":2,"featured_media":86901,"comment_status":"closed","ping_status":"closed","sticky":false,"template":"","format":"standard","meta":{"h5ap_radio_sources":[],"footnotes":""},"categories":[1],"tags":[],"class_list":["post-86900","post","type-post","status-publish","format-standard","has-post-thumbnail","hentry","category-bihiregija"],"yoast_head":"<!-- This site is optimized with the Yoast SEO plugin v27.5 - https:\/\/yoast.com\/product\/yoast-seo-wordpress\/ -->\n<title>Direktor Messera: Situacija je stabilna osigurane potrebne koli\u010dine kisika - RADIO LJUBU\u0160KI<\/title>\n<meta name=\"robots\" content=\"index, follow, max-snippet:-1, max-image-preview:large, max-video-preview:-1\" \/>\n<link rel=\"canonical\" href=\"https:\/\/radioljubuski.ba\/index.php\/2021\/11\/09\/direktor-messera-situacija-je-stabilna-osigurane-potrebne-kolicine-kisika\/\" \/>\n<meta property=\"og:locale\" content=\"hr_HR\" \/>\n<meta property=\"og:type\" content=\"article\" \/>\n<meta property=\"og:title\" content=\"Direktor Messera: Situacija je stabilna osigurane potrebne koli\u010dine kisika - RADIO LJUBU\u0160KI\" \/>\n<meta property=\"og:description\" content=\"Avdo Dedi\u0107, direktor Messera, za N1 je kazao da je na\u0111eno rje\u0161enje za opskrbu bolnica medicinskim kisikom, te da bi firma trebala dobiti novu lokaciju u Zenici. \u201cSituacija je stabilna, svi pacijenti dobivaju potrebne koli\u010dine kisika. Mo\u017eemo re\u0107i da je manje-vi\u0161e sve u redu\u201d, kazao je. Navodi da su tek danas pri\u0161li strojevima u poplavljenom [&hellip;]\" \/>\n<meta property=\"og:url\" content=\"https:\/\/radioljubuski.ba\/index.php\/2021\/11\/09\/direktor-messera-situacija-je-stabilna-osigurane-potrebne-kolicine-kisika\/\" \/>\n<meta property=\"og:site_name\" content=\"RADIO LJUBU\u0160KI\" \/>\n<meta property=\"article:publisher\" content=\"https:\/\/www.facebook.com\/Radiio-Ljubuski-1490835324566332\" \/>\n<meta property=\"article:published_time\" content=\"2021-11-09T13:54:29+00:00\" \/>\n<meta property=\"article:modified_time\" content=\"2021-11-09T13:54:30+00:00\" \/>\n<meta property=\"og:image\" content=\"https:\/\/radioljubuski.ba\/wp-content\/uploads\/2021\/11\/3-2021-11-09-10-23-22-MESSERR.png\" \/>\n\t<meta property=\"og:image:width\" content=\"1000\" \/>\n\t<meta property=\"og:image:height\" content=\"625\" \/>\n\t<meta property=\"og:image:type\" content=\"image\/png\" \/>\n<meta name=\"author\" content=\"Radio Ljubu\u0161ki\" \/>\n<meta name=\"twitter:card\" content=\"summary_large_image\" \/>\n<meta name=\"twitter:creator\" content=\"@radioljubuski\" \/>\n<meta name=\"twitter:site\" content=\"@radioljubuski\" \/>\n<meta name=\"twitter:label1\" content=\"Napisao\/la\" \/>\n\t<meta name=\"twitter:data1\" content=\"Radio Ljubu\u0161ki\" \/>\n\t<meta name=\"twitter:label2\" content=\"Procijenjeno vrijeme \u010ditanja\" \/>\n\t<meta name=\"twitter:data2\" content=\"1 minuta\" \/>\n<script type=\"application\/ld+json\" class=\"yoast-schema-graph\">{\"@context\":\"https:\\\/\\\/schema.org\",\"@graph\":[{\"@type\":\"Article\",\"@id\":\"https:\\\/\\\/radioljubuski.ba\\\/index.php\\\/2021\\\/11\\\/09\\\/direktor-messera-situacija-je-stabilna-osigurane-potrebne-kolicine-kisika\\\/#article\",\"isPartOf\":{\"@id\":\"https:\\\/\\\/radioljubuski.ba\\\/index.php\\\/2021\\\/11\\\/09\\\/direktor-messera-situacija-je-stabilna-osigurane-potrebne-kolicine-kisika\\\/\"},\"author\":{\"name\":\"Radio Ljubu\u0161ki\",\"@id\":\"https:\\\/\\\/radioljubuski.ba\\\/#\\\/schema\\\/person\\\/19fc700381a780f69665d7956c469e3b\"},\"headline\":\"Direktor Messera: Situacija je stabilna osigurane potrebne koli\u010dine kisika\",\"datePublished\":\"2021-11-09T13:54:29+00:00\",\"dateModified\":\"2021-11-09T13:54:30+00:00\",\"mainEntityOfPage\":{\"@id\":\"https:\\\/\\\/radioljubuski.ba\\\/index.php\\\/2021\\\/11\\\/09\\\/direktor-messera-situacija-je-stabilna-osigurane-potrebne-kolicine-kisika\\\/\"},\"wordCount\":204,\"publisher\":{\"@id\":\"https:\\\/\\\/radioljubuski.ba\\\/#organization\"},\"image\":{\"@id\":\"https:\\\/\\\/radioljubuski.ba\\\/index.php\\\/2021\\\/11\\\/09\\\/direktor-messera-situacija-je-stabilna-osigurane-potrebne-kolicine-kisika\\\/#primaryimage\"},\"thumbnailUrl\":\"https:\\\/\\\/radioljubuski.ba\\\/wp-content\\\/uploads\\\/2021\\\/11\\\/3-2021-11-09-10-23-22-MESSERR.png\",\"articleSection\":[\"BIH i regija\"],\"inLanguage\":\"hr\"},{\"@type\":\"WebPage\",\"@id\":\"https:\\\/\\\/radioljubuski.ba\\\/index.php\\\/2021\\\/11\\\/09\\\/direktor-messera-situacija-je-stabilna-osigurane-potrebne-kolicine-kisika\\\/\",\"url\":\"https:\\\/\\\/radioljubuski.ba\\\/index.php\\\/2021\\\/11\\\/09\\\/direktor-messera-situacija-je-stabilna-osigurane-potrebne-kolicine-kisika\\\/\",\"name\":\"Direktor Messera: Situacija je stabilna osigurane potrebne koli\u010dine kisika - RADIO LJUBU\u0160KI\",\"isPartOf\":{\"@id\":\"https:\\\/\\\/radioljubuski.ba\\\/#website\"},\"primaryImageOfPage\":{\"@id\":\"https:\\\/\\\/radioljubuski.ba\\\/index.php\\\/2021\\\/11\\\/09\\\/direktor-messera-situacija-je-stabilna-osigurane-potrebne-kolicine-kisika\\\/#primaryimage\"},\"image\":{\"@id\":\"https:\\\/\\\/radioljubuski.ba\\\/index.php\\\/2021\\\/11\\\/09\\\/direktor-messera-situacija-je-stabilna-osigurane-potrebne-kolicine-kisika\\\/#primaryimage\"},\"thumbnailUrl\":\"https:\\\/\\\/radioljubuski.ba\\\/wp-content\\\/uploads\\\/2021\\\/11\\\/3-2021-11-09-10-23-22-MESSERR.png\",\"datePublished\":\"2021-11-09T13:54:29+00:00\",\"dateModified\":\"2021-11-09T13:54:30+00:00\",\"breadcrumb\":{\"@id\":\"https:\\\/\\\/radioljubuski.ba\\\/index.php\\\/2021\\\/11\\\/09\\\/direktor-messera-situacija-je-stabilna-osigurane-potrebne-kolicine-kisika\\\/#breadcrumb\"},\"inLanguage\":\"hr\",\"potentialAction\":[{\"@type\":\"ReadAction\",\"target\":[\"https:\\\/\\\/radioljubuski.ba\\\/index.php\\\/2021\\\/11\\\/09\\\/direktor-messera-situacija-je-stabilna-osigurane-potrebne-kolicine-kisika\\\/\"]}]},{\"@type\":\"ImageObject\",\"inLanguage\":\"hr\",\"@id\":\"https:\\\/\\\/radioljubuski.ba\\\/index.php\\\/2021\\\/11\\\/09\\\/direktor-messera-situacija-je-stabilna-osigurane-potrebne-kolicine-kisika\\\/#primaryimage\",\"url\":\"https:\\\/\\\/radioljubuski.ba\\\/wp-content\\\/uploads\\\/2021\\\/11\\\/3-2021-11-09-10-23-22-MESSERR.png\",\"contentUrl\":\"https:\\\/\\\/radioljubuski.ba\\\/wp-content\\\/uploads\\\/2021\\\/11\\\/3-2021-11-09-10-23-22-MESSERR.png\",\"width\":1000,\"height\":625},{\"@type\":\"BreadcrumbList\",\"@id\":\"https:\\\/\\\/radioljubuski.ba\\\/index.php\\\/2021\\\/11\\\/09\\\/direktor-messera-situacija-je-stabilna-osigurane-potrebne-kolicine-kisika\\\/#breadcrumb\",\"itemListElement\":[{\"@type\":\"ListItem\",\"position\":1,\"name\":\"Po\u010detna stranica\",\"item\":\"https:\\\/\\\/radioljubuski.ba\\\/\"},{\"@type\":\"ListItem\",\"position\":2,\"name\":\"Direktor Messera: Situacija je stabilna osigurane potrebne koli\u010dine kisika\"}]},{\"@type\":\"WebSite\",\"@id\":\"https:\\\/\\\/radioljubuski.ba\\\/#website\",\"url\":\"https:\\\/\\\/radioljubuski.ba\\\/\",\"name\":\"Radio Ljubu\u0161ki\",\"description\":\"Sun\u010dana frekvencija Hercegovine\",\"publisher\":{\"@id\":\"https:\\\/\\\/radioljubuski.ba\\\/#organization\"},\"potentialAction\":[{\"@type\":\"SearchAction\",\"target\":{\"@type\":\"EntryPoint\",\"urlTemplate\":\"https:\\\/\\\/radioljubuski.ba\\\/?s={search_term_string}\"},\"query-input\":{\"@type\":\"PropertyValueSpecification\",\"valueRequired\":true,\"valueName\":\"search_term_string\"}}],\"inLanguage\":\"hr\"},{\"@type\":\"Organization\",\"@id\":\"https:\\\/\\\/radioljubuski.ba\\\/#organization\",\"name\":\"Radio Ljubu\u0161ki\",\"url\":\"https:\\\/\\\/radioljubuski.ba\\\/\",\"logo\":{\"@type\":\"ImageObject\",\"inLanguage\":\"hr\",\"@id\":\"https:\\\/\\\/radioljubuski.ba\\\/#\\\/schema\\\/logo\\\/image\\\/\",\"url\":\"https:\\\/\\\/radioljubuski.ba\\\/wp-content\\\/uploads\\\/2021\\\/02\\\/cropped-Radio_Ljubuski_logo1.jpg\",\"contentUrl\":\"https:\\\/\\\/radioljubuski.ba\\\/wp-content\\\/uploads\\\/2021\\\/02\\\/cropped-Radio_Ljubuski_logo1.jpg\",\"width\":512,\"height\":512,\"caption\":\"Radio Ljubu\u0161ki\"},\"image\":{\"@id\":\"https:\\\/\\\/radioljubuski.ba\\\/#\\\/schema\\\/logo\\\/image\\\/\"},\"sameAs\":[\"https:\\\/\\\/www.facebook.com\\\/Radiio-Ljubuski-1490835324566332\",\"https:\\\/\\\/x.com\\\/radioljubuski\",\"https:\\\/\\\/hr.linkedin.com\\\/company\\\/radio-ljubuski\",\"https:\\\/\\\/www.youtube.com\\\/channel\\\/UCHYaeO_n0Db3tjNGudGpXyw\"]},{\"@type\":\"Person\",\"@id\":\"https:\\\/\\\/radioljubuski.ba\\\/#\\\/schema\\\/person\\\/19fc700381a780f69665d7956c469e3b\",\"name\":\"Radio Ljubu\u0161ki\"}]}<\/script>\n<!-- \/ Yoast SEO plugin. -->","yoast_head_json":{"title":"Direktor Messera: Situacija je stabilna osigurane potrebne koli\u010dine kisika - RADIO LJUBU\u0160KI","robots":{"index":"index","follow":"follow","max-snippet":"max-snippet:-1","max-image-preview":"max-image-preview:large","max-video-preview":"max-video-preview:-1"},"canonical":"https:\/\/radioljubuski.ba\/index.php\/2021\/11\/09\/direktor-messera-situacija-je-stabilna-osigurane-potrebne-kolicine-kisika\/","og_locale":"hr_HR","og_type":"article","og_title":"Direktor Messera: Situacija je stabilna osigurane potrebne koli\u010dine kisika - RADIO LJUBU\u0160KI","og_description":"Avdo Dedi\u0107, direktor Messera, za N1 je kazao da je na\u0111eno rje\u0161enje za opskrbu bolnica medicinskim kisikom, te da bi firma trebala dobiti novu lokaciju u Zenici. \u201cSituacija je stabilna, svi pacijenti dobivaju potrebne koli\u010dine kisika. Mo\u017eemo re\u0107i da je manje-vi\u0161e sve u redu\u201d, kazao je. Navodi da su tek danas pri\u0161li strojevima u poplavljenom [&hellip;]","og_url":"https:\/\/radioljubuski.ba\/index.php\/2021\/11\/09\/direktor-messera-situacija-je-stabilna-osigurane-potrebne-kolicine-kisika\/","og_site_name":"RADIO LJUBU\u0160KI","article_publisher":"https:\/\/www.facebook.com\/Radiio-Ljubuski-1490835324566332","article_published_time":"2021-11-09T13:54:29+00:00","article_modified_time":"2021-11-09T13:54:30+00:00","og_image":[{"width":1000,"height":625,"url":"https:\/\/radioljubuski.ba\/wp-content\/uploads\/2021\/11\/3-2021-11-09-10-23-22-MESSERR.png","type":"image\/png"}],"author":"Radio Ljubu\u0161ki","twitter_card":"summary_large_image","twitter_creator":"@radioljubuski","twitter_site":"@radioljubuski","twitter_misc":{"Napisao\/la":"Radio Ljubu\u0161ki","Procijenjeno vrijeme \u010ditanja":"1 minuta"},"schema":{"@context":"https:\/\/schema.org","@graph":[{"@type":"Article","@id":"https:\/\/radioljubuski.ba\/index.php\/2021\/11\/09\/direktor-messera-situacija-je-stabilna-osigurane-potrebne-kolicine-kisika\/#article","isPartOf":{"@id":"https:\/\/radioljubuski.ba\/index.php\/2021\/11\/09\/direktor-messera-situacija-je-stabilna-osigurane-potrebne-kolicine-kisika\/"},"author":{"name":"Radio Ljubu\u0161ki","@id":"https:\/\/radioljubuski.ba\/#\/schema\/person\/19fc700381a780f69665d7956c469e3b"},"headline":"Direktor Messera: Situacija je stabilna osigurane potrebne koli\u010dine kisika","datePublished":"2021-11-09T13:54:29+00:00","dateModified":"2021-11-09T13:54:30+00:00","mainEntityOfPage":{"@id":"https:\/\/radioljubuski.ba\/index.php\/2021\/11\/09\/direktor-messera-situacija-je-stabilna-osigurane-potrebne-kolicine-kisika\/"},"wordCount":204,"publisher":{"@id":"https:\/\/radioljubuski.ba\/#organization"},"image":{"@id":"https:\/\/radioljubuski.ba\/index.php\/2021\/11\/09\/direktor-messera-situacija-je-stabilna-osigurane-potrebne-kolicine-kisika\/#primaryimage"},"thumbnailUrl":"https:\/\/radioljubuski.ba\/wp-content\/uploads\/2021\/11\/3-2021-11-09-10-23-22-MESSERR.png","articleSection":["BIH i regija"],"inLanguage":"hr"},{"@type":"WebPage","@id":"https:\/\/radioljubuski.ba\/index.php\/2021\/11\/09\/direktor-messera-situacija-je-stabilna-osigurane-potrebne-kolicine-kisika\/","url":"https:\/\/radioljubuski.ba\/index.php\/2021\/11\/09\/direktor-messera-situacija-je-stabilna-osigurane-potrebne-kolicine-kisika\/","name":"Direktor Messera: Situacija je stabilna osigurane potrebne koli\u010dine kisika - RADIO LJUBU\u0160KI","isPartOf":{"@id":"https:\/\/radioljubuski.ba\/#website"},"primaryImageOfPage":{"@id":"https:\/\/radioljubuski.ba\/index.php\/2021\/11\/09\/direktor-messera-situacija-je-stabilna-osigurane-potrebne-kolicine-kisika\/#primaryimage"},"image":{"@id":"https:\/\/radioljubuski.ba\/index.php\/2021\/11\/09\/direktor-messera-situacija-je-stabilna-osigurane-potrebne-kolicine-kisika\/#primaryimage"},"thumbnailUrl":"https:\/\/radioljubuski.ba\/wp-content\/uploads\/2021\/11\/3-2021-11-09-10-23-22-MESSERR.png","datePublished":"2021-11-09T13:54:29+00:00","dateModified":"2021-11-09T13:54:30+00:00","breadcrumb":{"@id":"https:\/\/radioljubuski.ba\/index.php\/2021\/11\/09\/direktor-messera-situacija-je-stabilna-osigurane-potrebne-kolicine-kisika\/#breadcrumb"},"inLanguage":"hr","potentialAction":[{"@type":"ReadAction","target":["https:\/\/radioljubuski.ba\/index.php\/2021\/11\/09\/direktor-messera-situacija-je-stabilna-osigurane-potrebne-kolicine-kisika\/"]}]},{"@type":"ImageObject","inLanguage":"hr","@id":"https:\/\/radioljubuski.ba\/index.php\/2021\/11\/09\/direktor-messera-situacija-je-stabilna-osigurane-potrebne-kolicine-kisika\/#primaryimage","url":"https:\/\/radioljubuski.ba\/wp-content\/uploads\/2021\/11\/3-2021-11-09-10-23-22-MESSERR.png","contentUrl":"https:\/\/radioljubuski.ba\/wp-content\/uploads\/2021\/11\/3-2021-11-09-10-23-22-MESSERR.png","width":1000,"height":625},{"@type":"BreadcrumbList","@id":"https:\/\/radioljubuski.ba\/index.php\/2021\/11\/09\/direktor-messera-situacija-je-stabilna-osigurane-potrebne-kolicine-kisika\/#breadcrumb","itemListElement":[{"@type":"ListItem","position":1,"name":"Po\u010detna stranica","item":"https:\/\/radioljubuski.ba\/"},{"@type":"ListItem","position":2,"name":"Direktor Messera: Situacija je stabilna osigurane potrebne koli\u010dine kisika"}]},{"@type":"WebSite","@id":"https:\/\/radioljubuski.ba\/#website","url":"https:\/\/radioljubuski.ba\/","name":"Radio Ljubu\u0161ki","description":"Sun\u010dana frekvencija Hercegovine","publisher":{"@id":"https:\/\/radioljubuski.ba\/#organization"},"potentialAction":[{"@type":"SearchAction","target":{"@type":"EntryPoint","urlTemplate":"https:\/\/radioljubuski.ba\/?s={search_term_string}"},"query-input":{"@type":"PropertyValueSpecification","valueRequired":true,"valueName":"search_term_string"}}],"inLanguage":"hr"},{"@type":"Organization","@id":"https:\/\/radioljubuski.ba\/#organization","name":"Radio Ljubu\u0161ki","url":"https:\/\/radioljubuski.ba\/","logo":{"@type":"ImageObject","inLanguage":"hr","@id":"https:\/\/radioljubuski.ba\/#\/schema\/logo\/image\/","url":"https:\/\/radioljubuski.ba\/wp-content\/uploads\/2021\/02\/cropped-Radio_Ljubuski_logo1.jpg","contentUrl":"https:\/\/radioljubuski.ba\/wp-content\/uploads\/2021\/02\/cropped-Radio_Ljubuski_logo1.jpg","width":512,"height":512,"caption":"Radio Ljubu\u0161ki"},"image":{"@id":"https:\/\/radioljubuski.ba\/#\/schema\/logo\/image\/"},"sameAs":["https:\/\/www.facebook.com\/Radiio-Ljubuski-1490835324566332","https:\/\/x.com\/radioljubuski","https:\/\/hr.linkedin.com\/company\/radio-ljubuski","https:\/\/www.youtube.com\/channel\/UCHYaeO_n0Db3tjNGudGpXyw"]},{"@type":"Person","@id":"https:\/\/radioljubuski.ba\/#\/schema\/person\/19fc700381a780f69665d7956c469e3b","name":"Radio Ljubu\u0161ki"}]}},"_links":{"self":[{"href":"https:\/\/radioljubuski.ba\/index.php\/wp-json\/wp\/v2\/posts\/86900","targetHints":{"allow":["GET"]}}],"collection":[{"href":"https:\/\/radioljubuski.ba\/index.php\/wp-json\/wp\/v2\/posts"}],"about":[{"href":"https:\/\/radioljubuski.ba\/index.php\/wp-json\/wp\/v2\/types\/post"}],"author":[{"embeddable":true,"href":"https:\/\/radioljubuski.ba\/index.php\/wp-json\/wp\/v2\/users\/2"}],"replies":[{"embeddable":true,"href":"https:\/\/radioljubuski.ba\/index.php\/wp-json\/wp\/v2\/comments?post=86900"}],"version-history":[{"count":1,"href":"https:\/\/radioljubuski.ba\/index.php\/wp-json\/wp\/v2\/posts\/86900\/revisions"}],"predecessor-version":[{"id":86902,"href":"https:\/\/radioljubuski.ba\/index.php\/wp-json\/wp\/v2\/posts\/86900\/revisions\/86902"}],"wp:featuredmedia":[{"embeddable":true,"href":"https:\/\/radioljubuski.ba\/index.php\/wp-json\/wp\/v2\/media\/86901"}],"wp:attachment":[{"href":"https:\/\/radioljubuski.ba\/index.php\/wp-json\/wp\/v2\/media?parent=86900"}],"wp:term":[{"taxonomy":"category","embeddable":true,"href":"https:\/\/radioljubuski.ba\/index.php\/wp-json\/wp\/v2\/categories?post=86900"},{"taxonomy":"post_tag","embeddable":true,"href":"https:\/\/radioljubuski.ba\/index.php\/wp-json\/wp\/v2\/tags?post=86900"}],"curies":[{"name":"wp","href":"https:\/\/api.w.org\/{rel}","templated":true}]}}