{"id":86903,"date":"2021-11-09T14:56:35","date_gmt":"2021-11-09T13:56:35","guid":{"rendered":"https:\/\/radioljubuski.ba\/?p=86903"},"modified":"2021-11-09T14:56:36","modified_gmt":"2021-11-09T13:56:36","slug":"blinkenov-specijalac-stize-u-sarajevo","status":"publish","type":"post","link":"https:\/\/radioljubuski.ba\/index.php\/2021\/11\/09\/blinkenov-specijalac-stize-u-sarajevo\/","title":{"rendered":"Blinkenov &#8216;specijalac&#8217; sti\u017ee u Sarajevo"},"content":{"rendered":"\n<p>Vi\u0161i politi\u010dki savjetnik ameri\u010dkog dr\u017eavnog tajnika Antonyja Blinkena Derek Chollet u ponedjeljak sti\u017ee u Sarajevo. U State Deparmentu obavlja poslove iz \u0161irokog spektra pitanja i posebne diplomatske zadatke prema uputama tajnika.<\/p>\n\n\n\n<p>Chollet je ranije bio na pozicijama u State Departmentu, Bijeloj ku\u0107i i Ministarstvu obrane SAD-a. Od 2012. do 2015. godine bio je pomo\u0107nik ameri\u010dkog ministra obrane za me\u0111unarodnu sigurnost, gdje je rukovodio obrambenom politikom SAD-a prema Europi, Bliskom istoku, Africi i zapadnoj hemisferi.&nbsp;<\/p>\n\n\n\n<p>Prije nego se pridru\u017eio Pentagonu, Chollet je slu\u017eio u Bijeloj ku\u0107i kao specijalni pomo\u0107nik predsjednika i vi\u0161i direktor za strate\u0161ko planiranje u osoblju Vije\u0107a za nacionalnu sigurnost (NSC). Od 2009. do 2011. bio je glavni zamjenik direktora osoblja za planiranje politike State departmenta.&nbsp;<\/p>\n\n\n\n<p>Slu\u017eio je u tranzicijskom timu Biden-Harris State Departmenta 2020., kao i u prijelaznom timu Obama-Biden NSC 2008. godine. Za vrijeme Clintonove administracije, Chollet je bio glavni kreator govora Richarda Holbrookea i kao specijalni savjetnik zamjenika dr\u017eavnog tajnika Strobea Talbota. Ranije u svojoj karijeri pomagao biv\u0161im dr\u017eavnim tajnicima Jamesu A. Bakeru III i Warrenu Christopheru, kao i Holbrookeu i Talbottu, u istra\u017eivanju i pisanju njihovih memoara.&nbsp;<\/p>\n\n\n\n<p>Njegov prvi zadatak u State Departmentu bio je kao pripravnik u osoblju za planiranje politike 1992. godine. Izvan vlade, Chollet je bio na raznim pozicijama u vode\u0107im istra\u017eiva\u010dkim institucijama. Od 2016-2020 bio je izvr\u0161ni potpredsjednik i vi\u0161i savjetnik za sigurnosnu i obrambenu politiku u njema\u010dkom Marshall fondu Sjedinjenih Dr\u017eava (GMF), te kao gostuju\u0107i suradnik u Perry World House Univerziteta u Pensilvaniji.&nbsp;<\/p>\n\n\n\n<p>Bio je i suradnik u Centru za novu ameri\u010dku sigurnost, Centru za strate\u0161ke i me\u0111unarodne studije, Brookings institutu, Kissinger centru za globalne poslove u Johns Hopkinsu\/SAIS i Ameri\u010dkoj akademiji u Berlinu. Ovaj posjet sti\u017ee nakon \u0161to je u nedjelju u BiH stigao specijalni izaslanik ameri\u010dkog predsjednika Gabriel Escobar. On je ve\u0107 obavio razgovore sa \u010dlanovima Predsjedni\u0161tva BiH, \u010dlanovima kolegija oba doma Parlamenta BiH, oporbom u RS-u i predsjednikom Narodne skup\u0161tine RS-a, kao i poslovnoj zajednicom i mladim aktivistima.<\/p>\n\n\n\n<p>Izvor.pogled.ba<\/p>\n","protected":false},"excerpt":{"rendered":"<p>Vi\u0161i politi\u010dki savjetnik ameri\u010dkog dr\u017eavnog tajnika Antonyja Blinkena Derek Chollet u ponedjeljak sti\u017ee u Sarajevo. U State Deparmentu obavlja poslove iz \u0161irokog spektra pitanja i posebne diplomatske zadatke prema uputama tajnika. Chollet je ranije bio na pozicijama u State Departmentu, Bijeloj ku\u0107i i Ministarstvu obrane SAD-a. Od 2012. do 2015. godine bio je pomo\u0107nik ameri\u010dkog [&hellip;]<\/p>\n","protected":false},"author":2,"featured_media":86904,"comment_status":"closed","ping_status":"closed","sticky":false,"template":"","format":"standard","meta":{"h5ap_radio_sources":[],"footnotes":""},"categories":[1],"tags":[],"class_list":["post-86903","post","type-post","status-publish","format-standard","has-post-thumbnail","hentry","category-bihiregija"],"yoast_head":"<!-- This site is optimized with the Yoast SEO plugin v27.5 - https:\/\/yoast.com\/product\/yoast-seo-wordpress\/ -->\n<title>Blinkenov &#039;specijalac&#039; sti\u017ee u Sarajevo - RADIO LJUBU\u0160KI<\/title>\n<meta name=\"robots\" content=\"index, follow, max-snippet:-1, max-image-preview:large, max-video-preview:-1\" \/>\n<link rel=\"canonical\" href=\"https:\/\/radioljubuski.ba\/index.php\/2021\/11\/09\/blinkenov-specijalac-stize-u-sarajevo\/\" \/>\n<meta property=\"og:locale\" content=\"hr_HR\" \/>\n<meta property=\"og:type\" content=\"article\" \/>\n<meta property=\"og:title\" content=\"Blinkenov &#039;specijalac&#039; sti\u017ee u Sarajevo - RADIO LJUBU\u0160KI\" \/>\n<meta property=\"og:description\" content=\"Vi\u0161i politi\u010dki savjetnik ameri\u010dkog dr\u017eavnog tajnika Antonyja Blinkena Derek Chollet u ponedjeljak sti\u017ee u Sarajevo. U State Deparmentu obavlja poslove iz \u0161irokog spektra pitanja i posebne diplomatske zadatke prema uputama tajnika. Chollet je ranije bio na pozicijama u State Departmentu, Bijeloj ku\u0107i i Ministarstvu obrane SAD-a. Od 2012. do 2015. godine bio je pomo\u0107nik ameri\u010dkog [&hellip;]\" \/>\n<meta property=\"og:url\" content=\"https:\/\/radioljubuski.ba\/index.php\/2021\/11\/09\/blinkenov-specijalac-stize-u-sarajevo\/\" \/>\n<meta property=\"og:site_name\" content=\"RADIO LJUBU\u0160KI\" \/>\n<meta property=\"article:publisher\" content=\"https:\/\/www.facebook.com\/Radiio-Ljubuski-1490835324566332\" \/>\n<meta property=\"article:published_time\" content=\"2021-11-09T13:56:35+00:00\" \/>\n<meta property=\"article:modified_time\" content=\"2021-11-09T13:56:36+00:00\" \/>\n<meta property=\"og:image\" content=\"https:\/\/radioljubuski.ba\/wp-content\/uploads\/2021\/11\/2-2021-11-09-10-33-00-david.jpg\" \/>\n\t<meta property=\"og:image:width\" content=\"1000\" \/>\n\t<meta property=\"og:image:height\" content=\"625\" \/>\n\t<meta property=\"og:image:type\" content=\"image\/jpeg\" \/>\n<meta name=\"author\" content=\"Radio Ljubu\u0161ki\" \/>\n<meta name=\"twitter:card\" content=\"summary_large_image\" \/>\n<meta name=\"twitter:creator\" content=\"@radioljubuski\" \/>\n<meta name=\"twitter:site\" content=\"@radioljubuski\" \/>\n<meta name=\"twitter:label1\" content=\"Napisao\/la\" \/>\n\t<meta name=\"twitter:data1\" content=\"Radio Ljubu\u0161ki\" \/>\n\t<meta name=\"twitter:label2\" content=\"Procijenjeno vrijeme \u010ditanja\" \/>\n\t<meta name=\"twitter:data2\" content=\"2 minute\" \/>\n<script type=\"application\/ld+json\" class=\"yoast-schema-graph\">{\"@context\":\"https:\\\/\\\/schema.org\",\"@graph\":[{\"@type\":\"Article\",\"@id\":\"https:\\\/\\\/radioljubuski.ba\\\/index.php\\\/2021\\\/11\\\/09\\\/blinkenov-specijalac-stize-u-sarajevo\\\/#article\",\"isPartOf\":{\"@id\":\"https:\\\/\\\/radioljubuski.ba\\\/index.php\\\/2021\\\/11\\\/09\\\/blinkenov-specijalac-stize-u-sarajevo\\\/\"},\"author\":{\"name\":\"Radio Ljubu\u0161ki\",\"@id\":\"https:\\\/\\\/radioljubuski.ba\\\/#\\\/schema\\\/person\\\/19fc700381a780f69665d7956c469e3b\"},\"headline\":\"Blinkenov &#8216;specijalac&#8217; sti\u017ee u Sarajevo\",\"datePublished\":\"2021-11-09T13:56:35+00:00\",\"dateModified\":\"2021-11-09T13:56:36+00:00\",\"mainEntityOfPage\":{\"@id\":\"https:\\\/\\\/radioljubuski.ba\\\/index.php\\\/2021\\\/11\\\/09\\\/blinkenov-specijalac-stize-u-sarajevo\\\/\"},\"wordCount\":365,\"publisher\":{\"@id\":\"https:\\\/\\\/radioljubuski.ba\\\/#organization\"},\"image\":{\"@id\":\"https:\\\/\\\/radioljubuski.ba\\\/index.php\\\/2021\\\/11\\\/09\\\/blinkenov-specijalac-stize-u-sarajevo\\\/#primaryimage\"},\"thumbnailUrl\":\"https:\\\/\\\/radioljubuski.ba\\\/wp-content\\\/uploads\\\/2021\\\/11\\\/2-2021-11-09-10-33-00-david.jpg\",\"articleSection\":[\"BIH i regija\"],\"inLanguage\":\"hr\"},{\"@type\":\"WebPage\",\"@id\":\"https:\\\/\\\/radioljubuski.ba\\\/index.php\\\/2021\\\/11\\\/09\\\/blinkenov-specijalac-stize-u-sarajevo\\\/\",\"url\":\"https:\\\/\\\/radioljubuski.ba\\\/index.php\\\/2021\\\/11\\\/09\\\/blinkenov-specijalac-stize-u-sarajevo\\\/\",\"name\":\"Blinkenov 'specijalac' sti\u017ee u Sarajevo - RADIO LJUBU\u0160KI\",\"isPartOf\":{\"@id\":\"https:\\\/\\\/radioljubuski.ba\\\/#website\"},\"primaryImageOfPage\":{\"@id\":\"https:\\\/\\\/radioljubuski.ba\\\/index.php\\\/2021\\\/11\\\/09\\\/blinkenov-specijalac-stize-u-sarajevo\\\/#primaryimage\"},\"image\":{\"@id\":\"https:\\\/\\\/radioljubuski.ba\\\/index.php\\\/2021\\\/11\\\/09\\\/blinkenov-specijalac-stize-u-sarajevo\\\/#primaryimage\"},\"thumbnailUrl\":\"https:\\\/\\\/radioljubuski.ba\\\/wp-content\\\/uploads\\\/2021\\\/11\\\/2-2021-11-09-10-33-00-david.jpg\",\"datePublished\":\"2021-11-09T13:56:35+00:00\",\"dateModified\":\"2021-11-09T13:56:36+00:00\",\"breadcrumb\":{\"@id\":\"https:\\\/\\\/radioljubuski.ba\\\/index.php\\\/2021\\\/11\\\/09\\\/blinkenov-specijalac-stize-u-sarajevo\\\/#breadcrumb\"},\"inLanguage\":\"hr\",\"potentialAction\":[{\"@type\":\"ReadAction\",\"target\":[\"https:\\\/\\\/radioljubuski.ba\\\/index.php\\\/2021\\\/11\\\/09\\\/blinkenov-specijalac-stize-u-sarajevo\\\/\"]}]},{\"@type\":\"ImageObject\",\"inLanguage\":\"hr\",\"@id\":\"https:\\\/\\\/radioljubuski.ba\\\/index.php\\\/2021\\\/11\\\/09\\\/blinkenov-specijalac-stize-u-sarajevo\\\/#primaryimage\",\"url\":\"https:\\\/\\\/radioljubuski.ba\\\/wp-content\\\/uploads\\\/2021\\\/11\\\/2-2021-11-09-10-33-00-david.jpg\",\"contentUrl\":\"https:\\\/\\\/radioljubuski.ba\\\/wp-content\\\/uploads\\\/2021\\\/11\\\/2-2021-11-09-10-33-00-david.jpg\",\"width\":1000,\"height\":625},{\"@type\":\"BreadcrumbList\",\"@id\":\"https:\\\/\\\/radioljubuski.ba\\\/index.php\\\/2021\\\/11\\\/09\\\/blinkenov-specijalac-stize-u-sarajevo\\\/#breadcrumb\",\"itemListElement\":[{\"@type\":\"ListItem\",\"position\":1,\"name\":\"Po\u010detna stranica\",\"item\":\"https:\\\/\\\/radioljubuski.ba\\\/\"},{\"@type\":\"ListItem\",\"position\":2,\"name\":\"Blinkenov &#8216;specijalac&#8217; sti\u017ee u Sarajevo\"}]},{\"@type\":\"WebSite\",\"@id\":\"https:\\\/\\\/radioljubuski.ba\\\/#website\",\"url\":\"https:\\\/\\\/radioljubuski.ba\\\/\",\"name\":\"Radio Ljubu\u0161ki\",\"description\":\"Sun\u010dana frekvencija Hercegovine\",\"publisher\":{\"@id\":\"https:\\\/\\\/radioljubuski.ba\\\/#organization\"},\"potentialAction\":[{\"@type\":\"SearchAction\",\"target\":{\"@type\":\"EntryPoint\",\"urlTemplate\":\"https:\\\/\\\/radioljubuski.ba\\\/?s={search_term_string}\"},\"query-input\":{\"@type\":\"PropertyValueSpecification\",\"valueRequired\":true,\"valueName\":\"search_term_string\"}}],\"inLanguage\":\"hr\"},{\"@type\":\"Organization\",\"@id\":\"https:\\\/\\\/radioljubuski.ba\\\/#organization\",\"name\":\"Radio Ljubu\u0161ki\",\"url\":\"https:\\\/\\\/radioljubuski.ba\\\/\",\"logo\":{\"@type\":\"ImageObject\",\"inLanguage\":\"hr\",\"@id\":\"https:\\\/\\\/radioljubuski.ba\\\/#\\\/schema\\\/logo\\\/image\\\/\",\"url\":\"https:\\\/\\\/radioljubuski.ba\\\/wp-content\\\/uploads\\\/2021\\\/02\\\/cropped-Radio_Ljubuski_logo1.jpg\",\"contentUrl\":\"https:\\\/\\\/radioljubuski.ba\\\/wp-content\\\/uploads\\\/2021\\\/02\\\/cropped-Radio_Ljubuski_logo1.jpg\",\"width\":512,\"height\":512,\"caption\":\"Radio Ljubu\u0161ki\"},\"image\":{\"@id\":\"https:\\\/\\\/radioljubuski.ba\\\/#\\\/schema\\\/logo\\\/image\\\/\"},\"sameAs\":[\"https:\\\/\\\/www.facebook.com\\\/Radiio-Ljubuski-1490835324566332\",\"https:\\\/\\\/x.com\\\/radioljubuski\",\"https:\\\/\\\/hr.linkedin.com\\\/company\\\/radio-ljubuski\",\"https:\\\/\\\/www.youtube.com\\\/channel\\\/UCHYaeO_n0Db3tjNGudGpXyw\"]},{\"@type\":\"Person\",\"@id\":\"https:\\\/\\\/radioljubuski.ba\\\/#\\\/schema\\\/person\\\/19fc700381a780f69665d7956c469e3b\",\"name\":\"Radio Ljubu\u0161ki\"}]}<\/script>\n<!-- \/ Yoast SEO plugin. -->","yoast_head_json":{"title":"Blinkenov 'specijalac' sti\u017ee u Sarajevo - RADIO LJUBU\u0160KI","robots":{"index":"index","follow":"follow","max-snippet":"max-snippet:-1","max-image-preview":"max-image-preview:large","max-video-preview":"max-video-preview:-1"},"canonical":"https:\/\/radioljubuski.ba\/index.php\/2021\/11\/09\/blinkenov-specijalac-stize-u-sarajevo\/","og_locale":"hr_HR","og_type":"article","og_title":"Blinkenov 'specijalac' sti\u017ee u Sarajevo - RADIO LJUBU\u0160KI","og_description":"Vi\u0161i politi\u010dki savjetnik ameri\u010dkog dr\u017eavnog tajnika Antonyja Blinkena Derek Chollet u ponedjeljak sti\u017ee u Sarajevo. U State Deparmentu obavlja poslove iz \u0161irokog spektra pitanja i posebne diplomatske zadatke prema uputama tajnika. Chollet je ranije bio na pozicijama u State Departmentu, Bijeloj ku\u0107i i Ministarstvu obrane SAD-a. Od 2012. do 2015. godine bio je pomo\u0107nik ameri\u010dkog [&hellip;]","og_url":"https:\/\/radioljubuski.ba\/index.php\/2021\/11\/09\/blinkenov-specijalac-stize-u-sarajevo\/","og_site_name":"RADIO LJUBU\u0160KI","article_publisher":"https:\/\/www.facebook.com\/Radiio-Ljubuski-1490835324566332","article_published_time":"2021-11-09T13:56:35+00:00","article_modified_time":"2021-11-09T13:56:36+00:00","og_image":[{"width":1000,"height":625,"url":"https:\/\/radioljubuski.ba\/wp-content\/uploads\/2021\/11\/2-2021-11-09-10-33-00-david.jpg","type":"image\/jpeg"}],"author":"Radio Ljubu\u0161ki","twitter_card":"summary_large_image","twitter_creator":"@radioljubuski","twitter_site":"@radioljubuski","twitter_misc":{"Napisao\/la":"Radio Ljubu\u0161ki","Procijenjeno vrijeme \u010ditanja":"2 minute"},"schema":{"@context":"https:\/\/schema.org","@graph":[{"@type":"Article","@id":"https:\/\/radioljubuski.ba\/index.php\/2021\/11\/09\/blinkenov-specijalac-stize-u-sarajevo\/#article","isPartOf":{"@id":"https:\/\/radioljubuski.ba\/index.php\/2021\/11\/09\/blinkenov-specijalac-stize-u-sarajevo\/"},"author":{"name":"Radio Ljubu\u0161ki","@id":"https:\/\/radioljubuski.ba\/#\/schema\/person\/19fc700381a780f69665d7956c469e3b"},"headline":"Blinkenov &#8216;specijalac&#8217; sti\u017ee u Sarajevo","datePublished":"2021-11-09T13:56:35+00:00","dateModified":"2021-11-09T13:56:36+00:00","mainEntityOfPage":{"@id":"https:\/\/radioljubuski.ba\/index.php\/2021\/11\/09\/blinkenov-specijalac-stize-u-sarajevo\/"},"wordCount":365,"publisher":{"@id":"https:\/\/radioljubuski.ba\/#organization"},"image":{"@id":"https:\/\/radioljubuski.ba\/index.php\/2021\/11\/09\/blinkenov-specijalac-stize-u-sarajevo\/#primaryimage"},"thumbnailUrl":"https:\/\/radioljubuski.ba\/wp-content\/uploads\/2021\/11\/2-2021-11-09-10-33-00-david.jpg","articleSection":["BIH i regija"],"inLanguage":"hr"},{"@type":"WebPage","@id":"https:\/\/radioljubuski.ba\/index.php\/2021\/11\/09\/blinkenov-specijalac-stize-u-sarajevo\/","url":"https:\/\/radioljubuski.ba\/index.php\/2021\/11\/09\/blinkenov-specijalac-stize-u-sarajevo\/","name":"Blinkenov 'specijalac' sti\u017ee u Sarajevo - RADIO LJUBU\u0160KI","isPartOf":{"@id":"https:\/\/radioljubuski.ba\/#website"},"primaryImageOfPage":{"@id":"https:\/\/radioljubuski.ba\/index.php\/2021\/11\/09\/blinkenov-specijalac-stize-u-sarajevo\/#primaryimage"},"image":{"@id":"https:\/\/radioljubuski.ba\/index.php\/2021\/11\/09\/blinkenov-specijalac-stize-u-sarajevo\/#primaryimage"},"thumbnailUrl":"https:\/\/radioljubuski.ba\/wp-content\/uploads\/2021\/11\/2-2021-11-09-10-33-00-david.jpg","datePublished":"2021-11-09T13:56:35+00:00","dateModified":"2021-11-09T13:56:36+00:00","breadcrumb":{"@id":"https:\/\/radioljubuski.ba\/index.php\/2021\/11\/09\/blinkenov-specijalac-stize-u-sarajevo\/#breadcrumb"},"inLanguage":"hr","potentialAction":[{"@type":"ReadAction","target":["https:\/\/radioljubuski.ba\/index.php\/2021\/11\/09\/blinkenov-specijalac-stize-u-sarajevo\/"]}]},{"@type":"ImageObject","inLanguage":"hr","@id":"https:\/\/radioljubuski.ba\/index.php\/2021\/11\/09\/blinkenov-specijalac-stize-u-sarajevo\/#primaryimage","url":"https:\/\/radioljubuski.ba\/wp-content\/uploads\/2021\/11\/2-2021-11-09-10-33-00-david.jpg","contentUrl":"https:\/\/radioljubuski.ba\/wp-content\/uploads\/2021\/11\/2-2021-11-09-10-33-00-david.jpg","width":1000,"height":625},{"@type":"BreadcrumbList","@id":"https:\/\/radioljubuski.ba\/index.php\/2021\/11\/09\/blinkenov-specijalac-stize-u-sarajevo\/#breadcrumb","itemListElement":[{"@type":"ListItem","position":1,"name":"Po\u010detna stranica","item":"https:\/\/radioljubuski.ba\/"},{"@type":"ListItem","position":2,"name":"Blinkenov &#8216;specijalac&#8217; sti\u017ee u Sarajevo"}]},{"@type":"WebSite","@id":"https:\/\/radioljubuski.ba\/#website","url":"https:\/\/radioljubuski.ba\/","name":"Radio Ljubu\u0161ki","description":"Sun\u010dana frekvencija Hercegovine","publisher":{"@id":"https:\/\/radioljubuski.ba\/#organization"},"potentialAction":[{"@type":"SearchAction","target":{"@type":"EntryPoint","urlTemplate":"https:\/\/radioljubuski.ba\/?s={search_term_string}"},"query-input":{"@type":"PropertyValueSpecification","valueRequired":true,"valueName":"search_term_string"}}],"inLanguage":"hr"},{"@type":"Organization","@id":"https:\/\/radioljubuski.ba\/#organization","name":"Radio Ljubu\u0161ki","url":"https:\/\/radioljubuski.ba\/","logo":{"@type":"ImageObject","inLanguage":"hr","@id":"https:\/\/radioljubuski.ba\/#\/schema\/logo\/image\/","url":"https:\/\/radioljubuski.ba\/wp-content\/uploads\/2021\/02\/cropped-Radio_Ljubuski_logo1.jpg","contentUrl":"https:\/\/radioljubuski.ba\/wp-content\/uploads\/2021\/02\/cropped-Radio_Ljubuski_logo1.jpg","width":512,"height":512,"caption":"Radio Ljubu\u0161ki"},"image":{"@id":"https:\/\/radioljubuski.ba\/#\/schema\/logo\/image\/"},"sameAs":["https:\/\/www.facebook.com\/Radiio-Ljubuski-1490835324566332","https:\/\/x.com\/radioljubuski","https:\/\/hr.linkedin.com\/company\/radio-ljubuski","https:\/\/www.youtube.com\/channel\/UCHYaeO_n0Db3tjNGudGpXyw"]},{"@type":"Person","@id":"https:\/\/radioljubuski.ba\/#\/schema\/person\/19fc700381a780f69665d7956c469e3b","name":"Radio Ljubu\u0161ki"}]}},"_links":{"self":[{"href":"https:\/\/radioljubuski.ba\/index.php\/wp-json\/wp\/v2\/posts\/86903","targetHints":{"allow":["GET"]}}],"collection":[{"href":"https:\/\/radioljubuski.ba\/index.php\/wp-json\/wp\/v2\/posts"}],"about":[{"href":"https:\/\/radioljubuski.ba\/index.php\/wp-json\/wp\/v2\/types\/post"}],"author":[{"embeddable":true,"href":"https:\/\/radioljubuski.ba\/index.php\/wp-json\/wp\/v2\/users\/2"}],"replies":[{"embeddable":true,"href":"https:\/\/radioljubuski.ba\/index.php\/wp-json\/wp\/v2\/comments?post=86903"}],"version-history":[{"count":1,"href":"https:\/\/radioljubuski.ba\/index.php\/wp-json\/wp\/v2\/posts\/86903\/revisions"}],"predecessor-version":[{"id":86905,"href":"https:\/\/radioljubuski.ba\/index.php\/wp-json\/wp\/v2\/posts\/86903\/revisions\/86905"}],"wp:featuredmedia":[{"embeddable":true,"href":"https:\/\/radioljubuski.ba\/index.php\/wp-json\/wp\/v2\/media\/86904"}],"wp:attachment":[{"href":"https:\/\/radioljubuski.ba\/index.php\/wp-json\/wp\/v2\/media?parent=86903"}],"wp:term":[{"taxonomy":"category","embeddable":true,"href":"https:\/\/radioljubuski.ba\/index.php\/wp-json\/wp\/v2\/categories?post=86903"},{"taxonomy":"post_tag","embeddable":true,"href":"https:\/\/radioljubuski.ba\/index.php\/wp-json\/wp\/v2\/tags?post=86903"}],"curies":[{"name":"wp","href":"https:\/\/api.w.org\/{rel}","templated":true}]}}