{"id":86909,"date":"2021-11-09T15:00:39","date_gmt":"2021-11-09T14:00:39","guid":{"rendered":"https:\/\/radioljubuski.ba\/?p=86909"},"modified":"2021-11-09T15:00:40","modified_gmt":"2021-11-09T14:00:40","slug":"mlada-daciceva-uzdanica-u-govor-ubacila-boga-katodne-cijevi-i-kraj-svijeta","status":"publish","type":"post","link":"https:\/\/radioljubuski.ba\/index.php\/2021\/11\/09\/mlada-daciceva-uzdanica-u-govor-ubacila-boga-katodne-cijevi-i-kraj-svijeta\/","title":{"rendered":"Mlada Da\u010di\u0107eva uzdanica u govor ubacila Boga, katodne cijevi i kraj svijeta"},"content":{"rendered":"\n<p>\u010clanica Glavnog odbora SPS-a, Ana Grozdanovi\u0107 (25), odr\u017eala je na skupu odbora SPS u Ni\u0161u pomalo \u010dudan govor koji je mnoge nasmijao. Skoro u isto vrijeme je govorila o Bogu, kr\u0161\u0107anima, katodnim cijevima, dru\u0161tvenim mre\u017eama, svjetskim mo\u0107nicima i nuklearnom ratu.&nbsp;<\/p>\n\n\n\n<p>Govore\u0107i o &#8220;borbi SPS s novom tehnologijom&#8221;, Gvozdani\u0107 je rekla kako su &#8220;samo kr\u0161\u0107ani radili katodne i radio cijevi&#8221; te da se narod treba radovati jer \u0107e se &#8220;u jednoj sekundi pojaviti velika svjetlost s neba&#8221; zbog koje \u0107e ljudi misliti da se radi o nuklearnom ratu.&nbsp;<\/p>\n\n\n\n<p>Osvrnula se i na dru\u0161tvene mre\u017ee koje je nazvala oru\u017ejem protivnika, a onda se okrenula i duhovnim temama.&nbsp;<\/p>\n\n\n\n<p>&#8211; U dr\u017eavi svatko mora imati slobodu i da svatko donosi odluke o vlastitom \u017eivotu. \u010covjek osje\u0107a \u0161to je najbolje za njega i to pravo nam nitko ne smije oduzeti. Bog je stvorio \u010dovjeka da mu da \u017eivot i slobodu, a ne da bude rob &#8211; rekla je.\u00a0<\/p>\n\n\n\n<figure class=\"wp-block-image\"><img decoding=\"async\" src=\"https:\/\/storage.pogled.ba\/images\/cc52\/c1ed\/217581\/original\/2-2021-11-09-10-58-44-ana.jpg\" alt=\"2-2021-11-09-10-58-44-ana.jpg\"\/><\/figure>\n\n\n\n<p>Istaknula je i da \u0107e &#8220;u ime vjere otkriti ne\u0161to \u0161to \u0107e poljuljati ozbiljne mo\u0107nike u svijetu, a ne samo u Srbiji&#8221;.&nbsp;<\/p>\n\n\n\n<p>&#8211; Poru\u010dila bih da \u0107e u moje vrijeme ve\u0107 biti slobodan \u010dovjekov \u017eivot kako je to samo Bog i zamislio. Samo su kr\u0161\u0107ani pravili katodne i radio cijevi, Elektronska ih je radila zadnja u Srbiji, u na\u0161em Ni\u0161u &#8211; rekla je.&nbsp;<\/p>\n\n\n\n<p>&#8211; Sada \u0107u vam otkriti za\u0161to je to ba\u0161 oru\u017eje stranih mo\u0107nika, ali sad podsje\u0107am na prvu va\u017enu stvar &#8211; da ne mogu oni protiv Boga jer im je on dao \u017eivot. Oni su se predali isku\u0161enju jer su poku\u0161ali modernom tehnologijom, suvremenim ure\u0111ajima koji se temelje na poluvodi\u010dima stvoriti novi neslobodan svijet. Ali vi narode s vjerom, radujte se, jer \u0107e se u samo jednoj sekundi pojaviti velika svjetlost s neba. Ljudi \u0107e re\u0107i: nuklearni rat! &#8211; rekla je.&nbsp;<\/p>\n\n\n\n<p>Grozdanovi\u0107 je rekla kasnije kako nije o\u010dekivala ovoliku pa\u017enju i da nije ponosna na ono \u0161to se o njoj pi\u0161e. Sama je inicirala nastup jer je htjela vidjeti mo\u017ee li napuniti salu ili je sve samo podr\u0161ka koju dobiva na internetu, javlja Kurir.&nbsp;<\/p>\n\n\n\n<p>&#8211; To je bio moj prvi govor. Imala sam veliku tremu, odjednom sam se na\u0161la pred 300 ljudi. Prvih 15 minuta mi se tresla vilica, prvi put sam u publici vidjela mamu i tatu i osjetila da sam sad ja va\u017enija od njih &#8211; rekla je i dodala kako je koristila rije\u010di Slobodana Milo\u0161evi\u0107a i svojim rije\u010dima prepri\u010dala ono \u0161to je on govorio.&nbsp;<\/p>\n\n\n\n<p>&#8211; Tako da moj govor ne mo\u017ee biti glup. Ako je glup, onda je i Sloba glup &#8211; rekla je.&nbsp;<\/p>\n\n\n\n<p>Poru\u010dila je i kako je negativne reakcije ne\u0107e pokolebati.&nbsp;<\/p>\n\n\n\n<p>&#8211; Trudim se i radim puno. Tko poslu\u0161a cijeli govor \u0107e vidjeti \u0161to sam htjela re\u0107i. Kratko sam ga pripremala. Nisam ponosna na ovo \u0161to se pi\u0161e, ali sam svjesna da moram pro\u0107i kroz to, da ne odgovaram opoziciji &#8211; rekla je i dodala da je nitko iz vrha stranke, ni Ivica Da\u010di\u0107, jo\u0161 nije zvao oko govora.&nbsp;<\/p>\n\n\n\n<p>Grozdanovi\u0107 je zavr\u0161ila Pravni fakultet u Ni\u0161u. Medijima je ranije rekla kako je u SPS u\u0161la s 18 godina. Uzor joj je Ivica Da\u010di\u0107, \u010diju uokvirenu sliku ima u svom uredu. Pro\u0161le godine je pokazala kako joj u uredu stoji i slika Slobodana Milo\u0161evi\u0107a.&nbsp;<\/p>\n\n\n\n<p>Izvor:pogled.ba<\/p>\n","protected":false},"excerpt":{"rendered":"<p>\u010clanica Glavnog odbora SPS-a, Ana Grozdanovi\u0107 (25), odr\u017eala je na skupu odbora SPS u Ni\u0161u pomalo \u010dudan govor koji je mnoge nasmijao. Skoro u isto vrijeme je govorila o Bogu, kr\u0161\u0107anima, katodnim cijevima, dru\u0161tvenim mre\u017eama, svjetskim mo\u0107nicima i nuklearnom ratu.&nbsp; Govore\u0107i o &#8220;borbi SPS s novom tehnologijom&#8221;, Gvozdani\u0107 je rekla kako su &#8220;samo kr\u0161\u0107ani radili [&hellip;]<\/p>\n","protected":false},"author":2,"featured_media":86910,"comment_status":"closed","ping_status":"closed","sticky":false,"template":"","format":"standard","meta":{"h5ap_radio_sources":[],"footnotes":""},"categories":[1],"tags":[],"class_list":["post-86909","post","type-post","status-publish","format-standard","has-post-thumbnail","hentry","category-bihiregija"],"yoast_head":"<!-- This site is optimized with the Yoast SEO plugin v27.5 - https:\/\/yoast.com\/product\/yoast-seo-wordpress\/ -->\n<title>Mlada Da\u010di\u0107eva uzdanica u govor ubacila Boga, katodne cijevi i kraj svijeta - RADIO LJUBU\u0160KI<\/title>\n<meta name=\"robots\" content=\"index, follow, max-snippet:-1, max-image-preview:large, max-video-preview:-1\" \/>\n<link rel=\"canonical\" href=\"https:\/\/radioljubuski.ba\/index.php\/2021\/11\/09\/mlada-daciceva-uzdanica-u-govor-ubacila-boga-katodne-cijevi-i-kraj-svijeta\/\" \/>\n<meta property=\"og:locale\" content=\"hr_HR\" \/>\n<meta property=\"og:type\" content=\"article\" \/>\n<meta property=\"og:title\" content=\"Mlada Da\u010di\u0107eva uzdanica u govor ubacila Boga, katodne cijevi i kraj svijeta - RADIO LJUBU\u0160KI\" \/>\n<meta property=\"og:description\" content=\"\u010clanica Glavnog odbora SPS-a, Ana Grozdanovi\u0107 (25), odr\u017eala je na skupu odbora SPS u Ni\u0161u pomalo \u010dudan govor koji je mnoge nasmijao. Skoro u isto vrijeme je govorila o Bogu, kr\u0161\u0107anima, katodnim cijevima, dru\u0161tvenim mre\u017eama, svjetskim mo\u0107nicima i nuklearnom ratu.&nbsp; Govore\u0107i o &#8220;borbi SPS s novom tehnologijom&#8221;, Gvozdani\u0107 je rekla kako su &#8220;samo kr\u0161\u0107ani radili [&hellip;]\" \/>\n<meta property=\"og:url\" content=\"https:\/\/radioljubuski.ba\/index.php\/2021\/11\/09\/mlada-daciceva-uzdanica-u-govor-ubacila-boga-katodne-cijevi-i-kraj-svijeta\/\" \/>\n<meta property=\"og:site_name\" content=\"RADIO LJUBU\u0160KI\" \/>\n<meta property=\"article:publisher\" content=\"https:\/\/www.facebook.com\/Radiio-Ljubuski-1490835324566332\" \/>\n<meta property=\"article:published_time\" content=\"2021-11-09T14:00:39+00:00\" \/>\n<meta property=\"article:modified_time\" content=\"2021-11-09T14:00:40+00:00\" \/>\n<meta property=\"og:image\" content=\"https:\/\/radioljubuski.ba\/wp-content\/uploads\/2021\/11\/2-2021-11-09-10-58-44-ana2.jpg\" \/>\n\t<meta property=\"og:image:width\" content=\"1000\" \/>\n\t<meta property=\"og:image:height\" content=\"625\" \/>\n\t<meta property=\"og:image:type\" content=\"image\/jpeg\" \/>\n<meta name=\"author\" content=\"Radio Ljubu\u0161ki\" \/>\n<meta name=\"twitter:card\" content=\"summary_large_image\" \/>\n<meta name=\"twitter:creator\" content=\"@radioljubuski\" \/>\n<meta name=\"twitter:site\" content=\"@radioljubuski\" \/>\n<meta name=\"twitter:label1\" content=\"Napisao\/la\" \/>\n\t<meta name=\"twitter:data1\" content=\"Radio Ljubu\u0161ki\" \/>\n\t<meta name=\"twitter:label2\" content=\"Procijenjeno vrijeme \u010ditanja\" \/>\n\t<meta name=\"twitter:data2\" content=\"3 minute\" \/>\n<script type=\"application\/ld+json\" class=\"yoast-schema-graph\">{\"@context\":\"https:\\\/\\\/schema.org\",\"@graph\":[{\"@type\":\"Article\",\"@id\":\"https:\\\/\\\/radioljubuski.ba\\\/index.php\\\/2021\\\/11\\\/09\\\/mlada-daciceva-uzdanica-u-govor-ubacila-boga-katodne-cijevi-i-kraj-svijeta\\\/#article\",\"isPartOf\":{\"@id\":\"https:\\\/\\\/radioljubuski.ba\\\/index.php\\\/2021\\\/11\\\/09\\\/mlada-daciceva-uzdanica-u-govor-ubacila-boga-katodne-cijevi-i-kraj-svijeta\\\/\"},\"author\":{\"name\":\"Radio Ljubu\u0161ki\",\"@id\":\"https:\\\/\\\/radioljubuski.ba\\\/#\\\/schema\\\/person\\\/19fc700381a780f69665d7956c469e3b\"},\"headline\":\"Mlada Da\u010di\u0107eva uzdanica u govor ubacila Boga, katodne cijevi i kraj svijeta\",\"datePublished\":\"2021-11-09T14:00:39+00:00\",\"dateModified\":\"2021-11-09T14:00:40+00:00\",\"mainEntityOfPage\":{\"@id\":\"https:\\\/\\\/radioljubuski.ba\\\/index.php\\\/2021\\\/11\\\/09\\\/mlada-daciceva-uzdanica-u-govor-ubacila-boga-katodne-cijevi-i-kraj-svijeta\\\/\"},\"wordCount\":614,\"publisher\":{\"@id\":\"https:\\\/\\\/radioljubuski.ba\\\/#organization\"},\"image\":{\"@id\":\"https:\\\/\\\/radioljubuski.ba\\\/index.php\\\/2021\\\/11\\\/09\\\/mlada-daciceva-uzdanica-u-govor-ubacila-boga-katodne-cijevi-i-kraj-svijeta\\\/#primaryimage\"},\"thumbnailUrl\":\"https:\\\/\\\/radioljubuski.ba\\\/wp-content\\\/uploads\\\/2021\\\/11\\\/2-2021-11-09-10-58-44-ana2.jpg\",\"articleSection\":[\"BIH i regija\"],\"inLanguage\":\"hr\"},{\"@type\":\"WebPage\",\"@id\":\"https:\\\/\\\/radioljubuski.ba\\\/index.php\\\/2021\\\/11\\\/09\\\/mlada-daciceva-uzdanica-u-govor-ubacila-boga-katodne-cijevi-i-kraj-svijeta\\\/\",\"url\":\"https:\\\/\\\/radioljubuski.ba\\\/index.php\\\/2021\\\/11\\\/09\\\/mlada-daciceva-uzdanica-u-govor-ubacila-boga-katodne-cijevi-i-kraj-svijeta\\\/\",\"name\":\"Mlada Da\u010di\u0107eva uzdanica u govor ubacila Boga, katodne cijevi i kraj svijeta - RADIO LJUBU\u0160KI\",\"isPartOf\":{\"@id\":\"https:\\\/\\\/radioljubuski.ba\\\/#website\"},\"primaryImageOfPage\":{\"@id\":\"https:\\\/\\\/radioljubuski.ba\\\/index.php\\\/2021\\\/11\\\/09\\\/mlada-daciceva-uzdanica-u-govor-ubacila-boga-katodne-cijevi-i-kraj-svijeta\\\/#primaryimage\"},\"image\":{\"@id\":\"https:\\\/\\\/radioljubuski.ba\\\/index.php\\\/2021\\\/11\\\/09\\\/mlada-daciceva-uzdanica-u-govor-ubacila-boga-katodne-cijevi-i-kraj-svijeta\\\/#primaryimage\"},\"thumbnailUrl\":\"https:\\\/\\\/radioljubuski.ba\\\/wp-content\\\/uploads\\\/2021\\\/11\\\/2-2021-11-09-10-58-44-ana2.jpg\",\"datePublished\":\"2021-11-09T14:00:39+00:00\",\"dateModified\":\"2021-11-09T14:00:40+00:00\",\"breadcrumb\":{\"@id\":\"https:\\\/\\\/radioljubuski.ba\\\/index.php\\\/2021\\\/11\\\/09\\\/mlada-daciceva-uzdanica-u-govor-ubacila-boga-katodne-cijevi-i-kraj-svijeta\\\/#breadcrumb\"},\"inLanguage\":\"hr\",\"potentialAction\":[{\"@type\":\"ReadAction\",\"target\":[\"https:\\\/\\\/radioljubuski.ba\\\/index.php\\\/2021\\\/11\\\/09\\\/mlada-daciceva-uzdanica-u-govor-ubacila-boga-katodne-cijevi-i-kraj-svijeta\\\/\"]}]},{\"@type\":\"ImageObject\",\"inLanguage\":\"hr\",\"@id\":\"https:\\\/\\\/radioljubuski.ba\\\/index.php\\\/2021\\\/11\\\/09\\\/mlada-daciceva-uzdanica-u-govor-ubacila-boga-katodne-cijevi-i-kraj-svijeta\\\/#primaryimage\",\"url\":\"https:\\\/\\\/radioljubuski.ba\\\/wp-content\\\/uploads\\\/2021\\\/11\\\/2-2021-11-09-10-58-44-ana2.jpg\",\"contentUrl\":\"https:\\\/\\\/radioljubuski.ba\\\/wp-content\\\/uploads\\\/2021\\\/11\\\/2-2021-11-09-10-58-44-ana2.jpg\",\"width\":1000,\"height\":625},{\"@type\":\"BreadcrumbList\",\"@id\":\"https:\\\/\\\/radioljubuski.ba\\\/index.php\\\/2021\\\/11\\\/09\\\/mlada-daciceva-uzdanica-u-govor-ubacila-boga-katodne-cijevi-i-kraj-svijeta\\\/#breadcrumb\",\"itemListElement\":[{\"@type\":\"ListItem\",\"position\":1,\"name\":\"Po\u010detna stranica\",\"item\":\"https:\\\/\\\/radioljubuski.ba\\\/\"},{\"@type\":\"ListItem\",\"position\":2,\"name\":\"Mlada Da\u010di\u0107eva uzdanica u govor ubacila Boga, katodne cijevi i kraj svijeta\"}]},{\"@type\":\"WebSite\",\"@id\":\"https:\\\/\\\/radioljubuski.ba\\\/#website\",\"url\":\"https:\\\/\\\/radioljubuski.ba\\\/\",\"name\":\"Radio Ljubu\u0161ki\",\"description\":\"Sun\u010dana frekvencija Hercegovine\",\"publisher\":{\"@id\":\"https:\\\/\\\/radioljubuski.ba\\\/#organization\"},\"potentialAction\":[{\"@type\":\"SearchAction\",\"target\":{\"@type\":\"EntryPoint\",\"urlTemplate\":\"https:\\\/\\\/radioljubuski.ba\\\/?s={search_term_string}\"},\"query-input\":{\"@type\":\"PropertyValueSpecification\",\"valueRequired\":true,\"valueName\":\"search_term_string\"}}],\"inLanguage\":\"hr\"},{\"@type\":\"Organization\",\"@id\":\"https:\\\/\\\/radioljubuski.ba\\\/#organization\",\"name\":\"Radio Ljubu\u0161ki\",\"url\":\"https:\\\/\\\/radioljubuski.ba\\\/\",\"logo\":{\"@type\":\"ImageObject\",\"inLanguage\":\"hr\",\"@id\":\"https:\\\/\\\/radioljubuski.ba\\\/#\\\/schema\\\/logo\\\/image\\\/\",\"url\":\"https:\\\/\\\/radioljubuski.ba\\\/wp-content\\\/uploads\\\/2021\\\/02\\\/cropped-Radio_Ljubuski_logo1.jpg\",\"contentUrl\":\"https:\\\/\\\/radioljubuski.ba\\\/wp-content\\\/uploads\\\/2021\\\/02\\\/cropped-Radio_Ljubuski_logo1.jpg\",\"width\":512,\"height\":512,\"caption\":\"Radio Ljubu\u0161ki\"},\"image\":{\"@id\":\"https:\\\/\\\/radioljubuski.ba\\\/#\\\/schema\\\/logo\\\/image\\\/\"},\"sameAs\":[\"https:\\\/\\\/www.facebook.com\\\/Radiio-Ljubuski-1490835324566332\",\"https:\\\/\\\/x.com\\\/radioljubuski\",\"https:\\\/\\\/hr.linkedin.com\\\/company\\\/radio-ljubuski\",\"https:\\\/\\\/www.youtube.com\\\/channel\\\/UCHYaeO_n0Db3tjNGudGpXyw\"]},{\"@type\":\"Person\",\"@id\":\"https:\\\/\\\/radioljubuski.ba\\\/#\\\/schema\\\/person\\\/19fc700381a780f69665d7956c469e3b\",\"name\":\"Radio Ljubu\u0161ki\"}]}<\/script>\n<!-- \/ Yoast SEO plugin. -->","yoast_head_json":{"title":"Mlada Da\u010di\u0107eva uzdanica u govor ubacila Boga, katodne cijevi i kraj svijeta - RADIO LJUBU\u0160KI","robots":{"index":"index","follow":"follow","max-snippet":"max-snippet:-1","max-image-preview":"max-image-preview:large","max-video-preview":"max-video-preview:-1"},"canonical":"https:\/\/radioljubuski.ba\/index.php\/2021\/11\/09\/mlada-daciceva-uzdanica-u-govor-ubacila-boga-katodne-cijevi-i-kraj-svijeta\/","og_locale":"hr_HR","og_type":"article","og_title":"Mlada Da\u010di\u0107eva uzdanica u govor ubacila Boga, katodne cijevi i kraj svijeta - RADIO LJUBU\u0160KI","og_description":"\u010clanica Glavnog odbora SPS-a, Ana Grozdanovi\u0107 (25), odr\u017eala je na skupu odbora SPS u Ni\u0161u pomalo \u010dudan govor koji je mnoge nasmijao. Skoro u isto vrijeme je govorila o Bogu, kr\u0161\u0107anima, katodnim cijevima, dru\u0161tvenim mre\u017eama, svjetskim mo\u0107nicima i nuklearnom ratu.&nbsp; Govore\u0107i o &#8220;borbi SPS s novom tehnologijom&#8221;, Gvozdani\u0107 je rekla kako su &#8220;samo kr\u0161\u0107ani radili [&hellip;]","og_url":"https:\/\/radioljubuski.ba\/index.php\/2021\/11\/09\/mlada-daciceva-uzdanica-u-govor-ubacila-boga-katodne-cijevi-i-kraj-svijeta\/","og_site_name":"RADIO LJUBU\u0160KI","article_publisher":"https:\/\/www.facebook.com\/Radiio-Ljubuski-1490835324566332","article_published_time":"2021-11-09T14:00:39+00:00","article_modified_time":"2021-11-09T14:00:40+00:00","og_image":[{"width":1000,"height":625,"url":"https:\/\/radioljubuski.ba\/wp-content\/uploads\/2021\/11\/2-2021-11-09-10-58-44-ana2.jpg","type":"image\/jpeg"}],"author":"Radio Ljubu\u0161ki","twitter_card":"summary_large_image","twitter_creator":"@radioljubuski","twitter_site":"@radioljubuski","twitter_misc":{"Napisao\/la":"Radio Ljubu\u0161ki","Procijenjeno vrijeme \u010ditanja":"3 minute"},"schema":{"@context":"https:\/\/schema.org","@graph":[{"@type":"Article","@id":"https:\/\/radioljubuski.ba\/index.php\/2021\/11\/09\/mlada-daciceva-uzdanica-u-govor-ubacila-boga-katodne-cijevi-i-kraj-svijeta\/#article","isPartOf":{"@id":"https:\/\/radioljubuski.ba\/index.php\/2021\/11\/09\/mlada-daciceva-uzdanica-u-govor-ubacila-boga-katodne-cijevi-i-kraj-svijeta\/"},"author":{"name":"Radio Ljubu\u0161ki","@id":"https:\/\/radioljubuski.ba\/#\/schema\/person\/19fc700381a780f69665d7956c469e3b"},"headline":"Mlada Da\u010di\u0107eva uzdanica u govor ubacila Boga, katodne cijevi i kraj svijeta","datePublished":"2021-11-09T14:00:39+00:00","dateModified":"2021-11-09T14:00:40+00:00","mainEntityOfPage":{"@id":"https:\/\/radioljubuski.ba\/index.php\/2021\/11\/09\/mlada-daciceva-uzdanica-u-govor-ubacila-boga-katodne-cijevi-i-kraj-svijeta\/"},"wordCount":614,"publisher":{"@id":"https:\/\/radioljubuski.ba\/#organization"},"image":{"@id":"https:\/\/radioljubuski.ba\/index.php\/2021\/11\/09\/mlada-daciceva-uzdanica-u-govor-ubacila-boga-katodne-cijevi-i-kraj-svijeta\/#primaryimage"},"thumbnailUrl":"https:\/\/radioljubuski.ba\/wp-content\/uploads\/2021\/11\/2-2021-11-09-10-58-44-ana2.jpg","articleSection":["BIH i regija"],"inLanguage":"hr"},{"@type":"WebPage","@id":"https:\/\/radioljubuski.ba\/index.php\/2021\/11\/09\/mlada-daciceva-uzdanica-u-govor-ubacila-boga-katodne-cijevi-i-kraj-svijeta\/","url":"https:\/\/radioljubuski.ba\/index.php\/2021\/11\/09\/mlada-daciceva-uzdanica-u-govor-ubacila-boga-katodne-cijevi-i-kraj-svijeta\/","name":"Mlada Da\u010di\u0107eva uzdanica u govor ubacila Boga, katodne cijevi i kraj svijeta - RADIO LJUBU\u0160KI","isPartOf":{"@id":"https:\/\/radioljubuski.ba\/#website"},"primaryImageOfPage":{"@id":"https:\/\/radioljubuski.ba\/index.php\/2021\/11\/09\/mlada-daciceva-uzdanica-u-govor-ubacila-boga-katodne-cijevi-i-kraj-svijeta\/#primaryimage"},"image":{"@id":"https:\/\/radioljubuski.ba\/index.php\/2021\/11\/09\/mlada-daciceva-uzdanica-u-govor-ubacila-boga-katodne-cijevi-i-kraj-svijeta\/#primaryimage"},"thumbnailUrl":"https:\/\/radioljubuski.ba\/wp-content\/uploads\/2021\/11\/2-2021-11-09-10-58-44-ana2.jpg","datePublished":"2021-11-09T14:00:39+00:00","dateModified":"2021-11-09T14:00:40+00:00","breadcrumb":{"@id":"https:\/\/radioljubuski.ba\/index.php\/2021\/11\/09\/mlada-daciceva-uzdanica-u-govor-ubacila-boga-katodne-cijevi-i-kraj-svijeta\/#breadcrumb"},"inLanguage":"hr","potentialAction":[{"@type":"ReadAction","target":["https:\/\/radioljubuski.ba\/index.php\/2021\/11\/09\/mlada-daciceva-uzdanica-u-govor-ubacila-boga-katodne-cijevi-i-kraj-svijeta\/"]}]},{"@type":"ImageObject","inLanguage":"hr","@id":"https:\/\/radioljubuski.ba\/index.php\/2021\/11\/09\/mlada-daciceva-uzdanica-u-govor-ubacila-boga-katodne-cijevi-i-kraj-svijeta\/#primaryimage","url":"https:\/\/radioljubuski.ba\/wp-content\/uploads\/2021\/11\/2-2021-11-09-10-58-44-ana2.jpg","contentUrl":"https:\/\/radioljubuski.ba\/wp-content\/uploads\/2021\/11\/2-2021-11-09-10-58-44-ana2.jpg","width":1000,"height":625},{"@type":"BreadcrumbList","@id":"https:\/\/radioljubuski.ba\/index.php\/2021\/11\/09\/mlada-daciceva-uzdanica-u-govor-ubacila-boga-katodne-cijevi-i-kraj-svijeta\/#breadcrumb","itemListElement":[{"@type":"ListItem","position":1,"name":"Po\u010detna stranica","item":"https:\/\/radioljubuski.ba\/"},{"@type":"ListItem","position":2,"name":"Mlada Da\u010di\u0107eva uzdanica u govor ubacila Boga, katodne cijevi i kraj svijeta"}]},{"@type":"WebSite","@id":"https:\/\/radioljubuski.ba\/#website","url":"https:\/\/radioljubuski.ba\/","name":"Radio Ljubu\u0161ki","description":"Sun\u010dana frekvencija Hercegovine","publisher":{"@id":"https:\/\/radioljubuski.ba\/#organization"},"potentialAction":[{"@type":"SearchAction","target":{"@type":"EntryPoint","urlTemplate":"https:\/\/radioljubuski.ba\/?s={search_term_string}"},"query-input":{"@type":"PropertyValueSpecification","valueRequired":true,"valueName":"search_term_string"}}],"inLanguage":"hr"},{"@type":"Organization","@id":"https:\/\/radioljubuski.ba\/#organization","name":"Radio Ljubu\u0161ki","url":"https:\/\/radioljubuski.ba\/","logo":{"@type":"ImageObject","inLanguage":"hr","@id":"https:\/\/radioljubuski.ba\/#\/schema\/logo\/image\/","url":"https:\/\/radioljubuski.ba\/wp-content\/uploads\/2021\/02\/cropped-Radio_Ljubuski_logo1.jpg","contentUrl":"https:\/\/radioljubuski.ba\/wp-content\/uploads\/2021\/02\/cropped-Radio_Ljubuski_logo1.jpg","width":512,"height":512,"caption":"Radio Ljubu\u0161ki"},"image":{"@id":"https:\/\/radioljubuski.ba\/#\/schema\/logo\/image\/"},"sameAs":["https:\/\/www.facebook.com\/Radiio-Ljubuski-1490835324566332","https:\/\/x.com\/radioljubuski","https:\/\/hr.linkedin.com\/company\/radio-ljubuski","https:\/\/www.youtube.com\/channel\/UCHYaeO_n0Db3tjNGudGpXyw"]},{"@type":"Person","@id":"https:\/\/radioljubuski.ba\/#\/schema\/person\/19fc700381a780f69665d7956c469e3b","name":"Radio Ljubu\u0161ki"}]}},"_links":{"self":[{"href":"https:\/\/radioljubuski.ba\/index.php\/wp-json\/wp\/v2\/posts\/86909","targetHints":{"allow":["GET"]}}],"collection":[{"href":"https:\/\/radioljubuski.ba\/index.php\/wp-json\/wp\/v2\/posts"}],"about":[{"href":"https:\/\/radioljubuski.ba\/index.php\/wp-json\/wp\/v2\/types\/post"}],"author":[{"embeddable":true,"href":"https:\/\/radioljubuski.ba\/index.php\/wp-json\/wp\/v2\/users\/2"}],"replies":[{"embeddable":true,"href":"https:\/\/radioljubuski.ba\/index.php\/wp-json\/wp\/v2\/comments?post=86909"}],"version-history":[{"count":1,"href":"https:\/\/radioljubuski.ba\/index.php\/wp-json\/wp\/v2\/posts\/86909\/revisions"}],"predecessor-version":[{"id":86911,"href":"https:\/\/radioljubuski.ba\/index.php\/wp-json\/wp\/v2\/posts\/86909\/revisions\/86911"}],"wp:featuredmedia":[{"embeddable":true,"href":"https:\/\/radioljubuski.ba\/index.php\/wp-json\/wp\/v2\/media\/86910"}],"wp:attachment":[{"href":"https:\/\/radioljubuski.ba\/index.php\/wp-json\/wp\/v2\/media?parent=86909"}],"wp:term":[{"taxonomy":"category","embeddable":true,"href":"https:\/\/radioljubuski.ba\/index.php\/wp-json\/wp\/v2\/categories?post=86909"},{"taxonomy":"post_tag","embeddable":true,"href":"https:\/\/radioljubuski.ba\/index.php\/wp-json\/wp\/v2\/tags?post=86909"}],"curies":[{"name":"wp","href":"https:\/\/api.w.org\/{rel}","templated":true}]}}