{"id":86922,"date":"2021-11-09T15:07:53","date_gmt":"2021-11-09T14:07:53","guid":{"rendered":"https:\/\/radioljubuski.ba\/?p=86922"},"modified":"2021-11-09T15:07:54","modified_gmt":"2021-11-09T14:07:54","slug":"pticja-gripa-potvrdena-u-republici-srpskoj","status":"publish","type":"post","link":"https:\/\/radioljubuski.ba\/index.php\/2021\/11\/09\/pticja-gripa-potvrdena-u-republici-srpskoj\/","title":{"rendered":"Pti\u010dja gripa potvr\u0111ena u Republici Srpskoj"},"content":{"rendered":"\n<p>Pti\u010dja gripa potvr\u0111ena je u jednom izoliranom slu\u010daju kod uginulog divljeg labuda u Gradi\u0161ci, priop\u0107eno je iz Ministarstva poljoprivrede, \u0161umarstva i vodoprivrede Republike Srpske.<\/p>\n\n\n\n<p>U pitanju je visokopatogena avijarna influenca kod divljih ptica koja ima zoonotski karakter, odnosno mogu\u0107e je da se bolest prenese sa zara\u017eenih \u017eivotinja na ljude.<\/p>\n\n\n\n<p>&#8220;Po dobijanju sumnje i prvih rezultata bolesti Ministarstvo poljoprivrede, \u0161umarstva i vodoprivrede je dana, 04.11.2021. godine, donijelo Rje\u0161enje kojim su utvr\u0111ene mjere koje se provode u zara\u017eenom i ugro\u017eenom podru\u010dju od zarazne bolesti avijarna influenca kod divljih ptica u cilju suzbijanja i sprije\u010davanja \u0161irenja ove zarazne bolesti&#8221;, navodi se u priop\u0107enju.<\/p>\n\n\n\n<p>Zara\u017eenim podru\u010djem u skladu sa Rje\u0161enjem smatra se podru\u010dje od najmanje 3 km u polukrugu, a ugro\u017eenim podru\u010djem krug od najmanje 10 km u polukruhu od \u017eari\u0161ta, odnosno lokacije na kojoj je prona\u0111ena uginula ptica.<\/p>\n\n\n\n<p>&#8220;Radi odgovaraju\u0107eg spre\u010davanja \u0161irenja i suzbijanja bolesti, apeliramo na gra\u0111ane da je obvezna prijava svakog slu\u010daja uginu\u0107a divljih ptica na prirodnim stani\u0161tima i vodenim povr\u0161inama, kao i prijava pove\u0107anog uginu\u0107a ili znakova bolesti kod \u017eivine i ptica na imanju, nadle\u017enom veterinarskom inspektoru ili veterinaru&#8221;, isti\u010de se u priop\u0107enju.<\/p>\n\n\n\n<p>Osnovne preventivne mjere koje se poduzimaju u cilju sprije\u010davanja pojave i \u0161irenja ove zarazne bolesti su provo\u0111enje aktivnog i pasivnog nadzora, odnosno kontrole zdravstvenog stanja \u017eivine u potencijalno rizi\u010dnim podru\u010djima blizu vodenih povr\u0161ina sa divljim pticama, zatvaranje \u017eivine u objekte, spre\u010davanje izravnog ili neizravnog kontakta izme\u0111u divljih ptica i \u017eivine i podizanje biosigurnosnih i higijenskih mjera na imanjima.&nbsp;<\/p>\n\n\n\n<p>Za vrijeme trajanja mjera u zara\u017eenom i ugro\u017eenom podru\u010dju, obvezno je zatvaranje doma\u0107e \u017eivine i ptica u objekte na imanju, a zabranjeno je odr\u017eavanje sajmova \u017eivinarstva i ukrasnih ptica, kao i promet \u017eivine, jaja, mesa i iznutrica porijeklom od \u017eivine sa zara\u017eenog podru\u010dja.<\/p>\n\n\n\n<p>Slu\u010dajevi avijarne influence kod divljih ptica zabilje\u017eeni su i u zemljama okru\u017eenja, u Srbiji i Hrvatskoj.<\/p>\n\n\n\n<p>Izvor:pogled.ba<\/p>\n","protected":false},"excerpt":{"rendered":"<p>Pti\u010dja gripa potvr\u0111ena je u jednom izoliranom slu\u010daju kod uginulog divljeg labuda u Gradi\u0161ci, priop\u0107eno je iz Ministarstva poljoprivrede, \u0161umarstva i vodoprivrede Republike Srpske. U pitanju je visokopatogena avijarna influenca kod divljih ptica koja ima zoonotski karakter, odnosno mogu\u0107e je da se bolest prenese sa zara\u017eenih \u017eivotinja na ljude. &#8220;Po dobijanju sumnje i prvih rezultata [&hellip;]<\/p>\n","protected":false},"author":2,"featured_media":86923,"comment_status":"closed","ping_status":"closed","sticky":false,"template":"","format":"standard","meta":{"h5ap_radio_sources":[],"footnotes":""},"categories":[1],"tags":[],"class_list":["post-86922","post","type-post","status-publish","format-standard","has-post-thumbnail","hentry","category-bihiregija"],"yoast_head":"<!-- This site is optimized with the Yoast SEO plugin v27.5 - https:\/\/yoast.com\/product\/yoast-seo-wordpress\/ -->\n<title>Pti\u010dja gripa potvr\u0111ena u Republici Srpskoj - RADIO LJUBU\u0160KI<\/title>\n<meta name=\"robots\" content=\"index, follow, max-snippet:-1, max-image-preview:large, max-video-preview:-1\" \/>\n<link rel=\"canonical\" href=\"https:\/\/radioljubuski.ba\/index.php\/2021\/11\/09\/pticja-gripa-potvrdena-u-republici-srpskoj\/\" \/>\n<meta property=\"og:locale\" content=\"hr_HR\" \/>\n<meta property=\"og:type\" content=\"article\" \/>\n<meta property=\"og:title\" content=\"Pti\u010dja gripa potvr\u0111ena u Republici Srpskoj - RADIO LJUBU\u0160KI\" \/>\n<meta property=\"og:description\" content=\"Pti\u010dja gripa potvr\u0111ena je u jednom izoliranom slu\u010daju kod uginulog divljeg labuda u Gradi\u0161ci, priop\u0107eno je iz Ministarstva poljoprivrede, \u0161umarstva i vodoprivrede Republike Srpske. U pitanju je visokopatogena avijarna influenca kod divljih ptica koja ima zoonotski karakter, odnosno mogu\u0107e je da se bolest prenese sa zara\u017eenih \u017eivotinja na ljude. &#8220;Po dobijanju sumnje i prvih rezultata [&hellip;]\" \/>\n<meta property=\"og:url\" content=\"https:\/\/radioljubuski.ba\/index.php\/2021\/11\/09\/pticja-gripa-potvrdena-u-republici-srpskoj\/\" \/>\n<meta property=\"og:site_name\" content=\"RADIO LJUBU\u0160KI\" \/>\n<meta property=\"article:publisher\" content=\"https:\/\/www.facebook.com\/Radiio-Ljubuski-1490835324566332\" \/>\n<meta property=\"article:published_time\" content=\"2021-11-09T14:07:53+00:00\" \/>\n<meta property=\"article:modified_time\" content=\"2021-11-09T14:07:54+00:00\" \/>\n<meta property=\"og:image\" content=\"https:\/\/radioljubuski.ba\/wp-content\/uploads\/2021\/11\/B14HljYw_FAH_Hb220214zastitnaodjelaPticjaGripa.jpg\" \/>\n\t<meta property=\"og:image:width\" content=\"1000\" \/>\n\t<meta property=\"og:image:height\" content=\"625\" \/>\n\t<meta property=\"og:image:type\" content=\"image\/jpeg\" \/>\n<meta name=\"author\" content=\"Radio Ljubu\u0161ki\" \/>\n<meta name=\"twitter:card\" content=\"summary_large_image\" \/>\n<meta name=\"twitter:creator\" content=\"@radioljubuski\" \/>\n<meta name=\"twitter:site\" content=\"@radioljubuski\" \/>\n<meta name=\"twitter:label1\" content=\"Napisao\/la\" \/>\n\t<meta name=\"twitter:data1\" content=\"Radio Ljubu\u0161ki\" \/>\n\t<meta name=\"twitter:label2\" content=\"Procijenjeno vrijeme \u010ditanja\" \/>\n\t<meta name=\"twitter:data2\" content=\"2 minute\" \/>\n<script type=\"application\/ld+json\" class=\"yoast-schema-graph\">{\"@context\":\"https:\\\/\\\/schema.org\",\"@graph\":[{\"@type\":\"Article\",\"@id\":\"https:\\\/\\\/radioljubuski.ba\\\/index.php\\\/2021\\\/11\\\/09\\\/pticja-gripa-potvrdena-u-republici-srpskoj\\\/#article\",\"isPartOf\":{\"@id\":\"https:\\\/\\\/radioljubuski.ba\\\/index.php\\\/2021\\\/11\\\/09\\\/pticja-gripa-potvrdena-u-republici-srpskoj\\\/\"},\"author\":{\"name\":\"Radio Ljubu\u0161ki\",\"@id\":\"https:\\\/\\\/radioljubuski.ba\\\/#\\\/schema\\\/person\\\/19fc700381a780f69665d7956c469e3b\"},\"headline\":\"Pti\u010dja gripa potvr\u0111ena u Republici Srpskoj\",\"datePublished\":\"2021-11-09T14:07:53+00:00\",\"dateModified\":\"2021-11-09T14:07:54+00:00\",\"mainEntityOfPage\":{\"@id\":\"https:\\\/\\\/radioljubuski.ba\\\/index.php\\\/2021\\\/11\\\/09\\\/pticja-gripa-potvrdena-u-republici-srpskoj\\\/\"},\"wordCount\":360,\"publisher\":{\"@id\":\"https:\\\/\\\/radioljubuski.ba\\\/#organization\"},\"image\":{\"@id\":\"https:\\\/\\\/radioljubuski.ba\\\/index.php\\\/2021\\\/11\\\/09\\\/pticja-gripa-potvrdena-u-republici-srpskoj\\\/#primaryimage\"},\"thumbnailUrl\":\"https:\\\/\\\/radioljubuski.ba\\\/wp-content\\\/uploads\\\/2021\\\/11\\\/B14HljYw_FAH_Hb220214zastitnaodjelaPticjaGripa.jpg\",\"articleSection\":[\"BIH i regija\"],\"inLanguage\":\"hr\"},{\"@type\":\"WebPage\",\"@id\":\"https:\\\/\\\/radioljubuski.ba\\\/index.php\\\/2021\\\/11\\\/09\\\/pticja-gripa-potvrdena-u-republici-srpskoj\\\/\",\"url\":\"https:\\\/\\\/radioljubuski.ba\\\/index.php\\\/2021\\\/11\\\/09\\\/pticja-gripa-potvrdena-u-republici-srpskoj\\\/\",\"name\":\"Pti\u010dja gripa potvr\u0111ena u Republici Srpskoj - RADIO LJUBU\u0160KI\",\"isPartOf\":{\"@id\":\"https:\\\/\\\/radioljubuski.ba\\\/#website\"},\"primaryImageOfPage\":{\"@id\":\"https:\\\/\\\/radioljubuski.ba\\\/index.php\\\/2021\\\/11\\\/09\\\/pticja-gripa-potvrdena-u-republici-srpskoj\\\/#primaryimage\"},\"image\":{\"@id\":\"https:\\\/\\\/radioljubuski.ba\\\/index.php\\\/2021\\\/11\\\/09\\\/pticja-gripa-potvrdena-u-republici-srpskoj\\\/#primaryimage\"},\"thumbnailUrl\":\"https:\\\/\\\/radioljubuski.ba\\\/wp-content\\\/uploads\\\/2021\\\/11\\\/B14HljYw_FAH_Hb220214zastitnaodjelaPticjaGripa.jpg\",\"datePublished\":\"2021-11-09T14:07:53+00:00\",\"dateModified\":\"2021-11-09T14:07:54+00:00\",\"breadcrumb\":{\"@id\":\"https:\\\/\\\/radioljubuski.ba\\\/index.php\\\/2021\\\/11\\\/09\\\/pticja-gripa-potvrdena-u-republici-srpskoj\\\/#breadcrumb\"},\"inLanguage\":\"hr\",\"potentialAction\":[{\"@type\":\"ReadAction\",\"target\":[\"https:\\\/\\\/radioljubuski.ba\\\/index.php\\\/2021\\\/11\\\/09\\\/pticja-gripa-potvrdena-u-republici-srpskoj\\\/\"]}]},{\"@type\":\"ImageObject\",\"inLanguage\":\"hr\",\"@id\":\"https:\\\/\\\/radioljubuski.ba\\\/index.php\\\/2021\\\/11\\\/09\\\/pticja-gripa-potvrdena-u-republici-srpskoj\\\/#primaryimage\",\"url\":\"https:\\\/\\\/radioljubuski.ba\\\/wp-content\\\/uploads\\\/2021\\\/11\\\/B14HljYw_FAH_Hb220214zastitnaodjelaPticjaGripa.jpg\",\"contentUrl\":\"https:\\\/\\\/radioljubuski.ba\\\/wp-content\\\/uploads\\\/2021\\\/11\\\/B14HljYw_FAH_Hb220214zastitnaodjelaPticjaGripa.jpg\",\"width\":1000,\"height\":625},{\"@type\":\"BreadcrumbList\",\"@id\":\"https:\\\/\\\/radioljubuski.ba\\\/index.php\\\/2021\\\/11\\\/09\\\/pticja-gripa-potvrdena-u-republici-srpskoj\\\/#breadcrumb\",\"itemListElement\":[{\"@type\":\"ListItem\",\"position\":1,\"name\":\"Po\u010detna stranica\",\"item\":\"https:\\\/\\\/radioljubuski.ba\\\/\"},{\"@type\":\"ListItem\",\"position\":2,\"name\":\"Pti\u010dja gripa potvr\u0111ena u Republici Srpskoj\"}]},{\"@type\":\"WebSite\",\"@id\":\"https:\\\/\\\/radioljubuski.ba\\\/#website\",\"url\":\"https:\\\/\\\/radioljubuski.ba\\\/\",\"name\":\"Radio Ljubu\u0161ki\",\"description\":\"Sun\u010dana frekvencija Hercegovine\",\"publisher\":{\"@id\":\"https:\\\/\\\/radioljubuski.ba\\\/#organization\"},\"potentialAction\":[{\"@type\":\"SearchAction\",\"target\":{\"@type\":\"EntryPoint\",\"urlTemplate\":\"https:\\\/\\\/radioljubuski.ba\\\/?s={search_term_string}\"},\"query-input\":{\"@type\":\"PropertyValueSpecification\",\"valueRequired\":true,\"valueName\":\"search_term_string\"}}],\"inLanguage\":\"hr\"},{\"@type\":\"Organization\",\"@id\":\"https:\\\/\\\/radioljubuski.ba\\\/#organization\",\"name\":\"Radio Ljubu\u0161ki\",\"url\":\"https:\\\/\\\/radioljubuski.ba\\\/\",\"logo\":{\"@type\":\"ImageObject\",\"inLanguage\":\"hr\",\"@id\":\"https:\\\/\\\/radioljubuski.ba\\\/#\\\/schema\\\/logo\\\/image\\\/\",\"url\":\"https:\\\/\\\/radioljubuski.ba\\\/wp-content\\\/uploads\\\/2021\\\/02\\\/cropped-Radio_Ljubuski_logo1.jpg\",\"contentUrl\":\"https:\\\/\\\/radioljubuski.ba\\\/wp-content\\\/uploads\\\/2021\\\/02\\\/cropped-Radio_Ljubuski_logo1.jpg\",\"width\":512,\"height\":512,\"caption\":\"Radio Ljubu\u0161ki\"},\"image\":{\"@id\":\"https:\\\/\\\/radioljubuski.ba\\\/#\\\/schema\\\/logo\\\/image\\\/\"},\"sameAs\":[\"https:\\\/\\\/www.facebook.com\\\/Radiio-Ljubuski-1490835324566332\",\"https:\\\/\\\/x.com\\\/radioljubuski\",\"https:\\\/\\\/hr.linkedin.com\\\/company\\\/radio-ljubuski\",\"https:\\\/\\\/www.youtube.com\\\/channel\\\/UCHYaeO_n0Db3tjNGudGpXyw\"]},{\"@type\":\"Person\",\"@id\":\"https:\\\/\\\/radioljubuski.ba\\\/#\\\/schema\\\/person\\\/19fc700381a780f69665d7956c469e3b\",\"name\":\"Radio Ljubu\u0161ki\"}]}<\/script>\n<!-- \/ Yoast SEO plugin. -->","yoast_head_json":{"title":"Pti\u010dja gripa potvr\u0111ena u Republici Srpskoj - RADIO LJUBU\u0160KI","robots":{"index":"index","follow":"follow","max-snippet":"max-snippet:-1","max-image-preview":"max-image-preview:large","max-video-preview":"max-video-preview:-1"},"canonical":"https:\/\/radioljubuski.ba\/index.php\/2021\/11\/09\/pticja-gripa-potvrdena-u-republici-srpskoj\/","og_locale":"hr_HR","og_type":"article","og_title":"Pti\u010dja gripa potvr\u0111ena u Republici Srpskoj - RADIO LJUBU\u0160KI","og_description":"Pti\u010dja gripa potvr\u0111ena je u jednom izoliranom slu\u010daju kod uginulog divljeg labuda u Gradi\u0161ci, priop\u0107eno je iz Ministarstva poljoprivrede, \u0161umarstva i vodoprivrede Republike Srpske. U pitanju je visokopatogena avijarna influenca kod divljih ptica koja ima zoonotski karakter, odnosno mogu\u0107e je da se bolest prenese sa zara\u017eenih \u017eivotinja na ljude. &#8220;Po dobijanju sumnje i prvih rezultata [&hellip;]","og_url":"https:\/\/radioljubuski.ba\/index.php\/2021\/11\/09\/pticja-gripa-potvrdena-u-republici-srpskoj\/","og_site_name":"RADIO LJUBU\u0160KI","article_publisher":"https:\/\/www.facebook.com\/Radiio-Ljubuski-1490835324566332","article_published_time":"2021-11-09T14:07:53+00:00","article_modified_time":"2021-11-09T14:07:54+00:00","og_image":[{"width":1000,"height":625,"url":"https:\/\/radioljubuski.ba\/wp-content\/uploads\/2021\/11\/B14HljYw_FAH_Hb220214zastitnaodjelaPticjaGripa.jpg","type":"image\/jpeg"}],"author":"Radio Ljubu\u0161ki","twitter_card":"summary_large_image","twitter_creator":"@radioljubuski","twitter_site":"@radioljubuski","twitter_misc":{"Napisao\/la":"Radio Ljubu\u0161ki","Procijenjeno vrijeme \u010ditanja":"2 minute"},"schema":{"@context":"https:\/\/schema.org","@graph":[{"@type":"Article","@id":"https:\/\/radioljubuski.ba\/index.php\/2021\/11\/09\/pticja-gripa-potvrdena-u-republici-srpskoj\/#article","isPartOf":{"@id":"https:\/\/radioljubuski.ba\/index.php\/2021\/11\/09\/pticja-gripa-potvrdena-u-republici-srpskoj\/"},"author":{"name":"Radio Ljubu\u0161ki","@id":"https:\/\/radioljubuski.ba\/#\/schema\/person\/19fc700381a780f69665d7956c469e3b"},"headline":"Pti\u010dja gripa potvr\u0111ena u Republici Srpskoj","datePublished":"2021-11-09T14:07:53+00:00","dateModified":"2021-11-09T14:07:54+00:00","mainEntityOfPage":{"@id":"https:\/\/radioljubuski.ba\/index.php\/2021\/11\/09\/pticja-gripa-potvrdena-u-republici-srpskoj\/"},"wordCount":360,"publisher":{"@id":"https:\/\/radioljubuski.ba\/#organization"},"image":{"@id":"https:\/\/radioljubuski.ba\/index.php\/2021\/11\/09\/pticja-gripa-potvrdena-u-republici-srpskoj\/#primaryimage"},"thumbnailUrl":"https:\/\/radioljubuski.ba\/wp-content\/uploads\/2021\/11\/B14HljYw_FAH_Hb220214zastitnaodjelaPticjaGripa.jpg","articleSection":["BIH i regija"],"inLanguage":"hr"},{"@type":"WebPage","@id":"https:\/\/radioljubuski.ba\/index.php\/2021\/11\/09\/pticja-gripa-potvrdena-u-republici-srpskoj\/","url":"https:\/\/radioljubuski.ba\/index.php\/2021\/11\/09\/pticja-gripa-potvrdena-u-republici-srpskoj\/","name":"Pti\u010dja gripa potvr\u0111ena u Republici Srpskoj - RADIO LJUBU\u0160KI","isPartOf":{"@id":"https:\/\/radioljubuski.ba\/#website"},"primaryImageOfPage":{"@id":"https:\/\/radioljubuski.ba\/index.php\/2021\/11\/09\/pticja-gripa-potvrdena-u-republici-srpskoj\/#primaryimage"},"image":{"@id":"https:\/\/radioljubuski.ba\/index.php\/2021\/11\/09\/pticja-gripa-potvrdena-u-republici-srpskoj\/#primaryimage"},"thumbnailUrl":"https:\/\/radioljubuski.ba\/wp-content\/uploads\/2021\/11\/B14HljYw_FAH_Hb220214zastitnaodjelaPticjaGripa.jpg","datePublished":"2021-11-09T14:07:53+00:00","dateModified":"2021-11-09T14:07:54+00:00","breadcrumb":{"@id":"https:\/\/radioljubuski.ba\/index.php\/2021\/11\/09\/pticja-gripa-potvrdena-u-republici-srpskoj\/#breadcrumb"},"inLanguage":"hr","potentialAction":[{"@type":"ReadAction","target":["https:\/\/radioljubuski.ba\/index.php\/2021\/11\/09\/pticja-gripa-potvrdena-u-republici-srpskoj\/"]}]},{"@type":"ImageObject","inLanguage":"hr","@id":"https:\/\/radioljubuski.ba\/index.php\/2021\/11\/09\/pticja-gripa-potvrdena-u-republici-srpskoj\/#primaryimage","url":"https:\/\/radioljubuski.ba\/wp-content\/uploads\/2021\/11\/B14HljYw_FAH_Hb220214zastitnaodjelaPticjaGripa.jpg","contentUrl":"https:\/\/radioljubuski.ba\/wp-content\/uploads\/2021\/11\/B14HljYw_FAH_Hb220214zastitnaodjelaPticjaGripa.jpg","width":1000,"height":625},{"@type":"BreadcrumbList","@id":"https:\/\/radioljubuski.ba\/index.php\/2021\/11\/09\/pticja-gripa-potvrdena-u-republici-srpskoj\/#breadcrumb","itemListElement":[{"@type":"ListItem","position":1,"name":"Po\u010detna stranica","item":"https:\/\/radioljubuski.ba\/"},{"@type":"ListItem","position":2,"name":"Pti\u010dja gripa potvr\u0111ena u Republici Srpskoj"}]},{"@type":"WebSite","@id":"https:\/\/radioljubuski.ba\/#website","url":"https:\/\/radioljubuski.ba\/","name":"Radio Ljubu\u0161ki","description":"Sun\u010dana frekvencija Hercegovine","publisher":{"@id":"https:\/\/radioljubuski.ba\/#organization"},"potentialAction":[{"@type":"SearchAction","target":{"@type":"EntryPoint","urlTemplate":"https:\/\/radioljubuski.ba\/?s={search_term_string}"},"query-input":{"@type":"PropertyValueSpecification","valueRequired":true,"valueName":"search_term_string"}}],"inLanguage":"hr"},{"@type":"Organization","@id":"https:\/\/radioljubuski.ba\/#organization","name":"Radio Ljubu\u0161ki","url":"https:\/\/radioljubuski.ba\/","logo":{"@type":"ImageObject","inLanguage":"hr","@id":"https:\/\/radioljubuski.ba\/#\/schema\/logo\/image\/","url":"https:\/\/radioljubuski.ba\/wp-content\/uploads\/2021\/02\/cropped-Radio_Ljubuski_logo1.jpg","contentUrl":"https:\/\/radioljubuski.ba\/wp-content\/uploads\/2021\/02\/cropped-Radio_Ljubuski_logo1.jpg","width":512,"height":512,"caption":"Radio Ljubu\u0161ki"},"image":{"@id":"https:\/\/radioljubuski.ba\/#\/schema\/logo\/image\/"},"sameAs":["https:\/\/www.facebook.com\/Radiio-Ljubuski-1490835324566332","https:\/\/x.com\/radioljubuski","https:\/\/hr.linkedin.com\/company\/radio-ljubuski","https:\/\/www.youtube.com\/channel\/UCHYaeO_n0Db3tjNGudGpXyw"]},{"@type":"Person","@id":"https:\/\/radioljubuski.ba\/#\/schema\/person\/19fc700381a780f69665d7956c469e3b","name":"Radio Ljubu\u0161ki"}]}},"_links":{"self":[{"href":"https:\/\/radioljubuski.ba\/index.php\/wp-json\/wp\/v2\/posts\/86922","targetHints":{"allow":["GET"]}}],"collection":[{"href":"https:\/\/radioljubuski.ba\/index.php\/wp-json\/wp\/v2\/posts"}],"about":[{"href":"https:\/\/radioljubuski.ba\/index.php\/wp-json\/wp\/v2\/types\/post"}],"author":[{"embeddable":true,"href":"https:\/\/radioljubuski.ba\/index.php\/wp-json\/wp\/v2\/users\/2"}],"replies":[{"embeddable":true,"href":"https:\/\/radioljubuski.ba\/index.php\/wp-json\/wp\/v2\/comments?post=86922"}],"version-history":[{"count":1,"href":"https:\/\/radioljubuski.ba\/index.php\/wp-json\/wp\/v2\/posts\/86922\/revisions"}],"predecessor-version":[{"id":86924,"href":"https:\/\/radioljubuski.ba\/index.php\/wp-json\/wp\/v2\/posts\/86922\/revisions\/86924"}],"wp:featuredmedia":[{"embeddable":true,"href":"https:\/\/radioljubuski.ba\/index.php\/wp-json\/wp\/v2\/media\/86923"}],"wp:attachment":[{"href":"https:\/\/radioljubuski.ba\/index.php\/wp-json\/wp\/v2\/media?parent=86922"}],"wp:term":[{"taxonomy":"category","embeddable":true,"href":"https:\/\/radioljubuski.ba\/index.php\/wp-json\/wp\/v2\/categories?post=86922"},{"taxonomy":"post_tag","embeddable":true,"href":"https:\/\/radioljubuski.ba\/index.php\/wp-json\/wp\/v2\/tags?post=86922"}],"curies":[{"name":"wp","href":"https:\/\/api.w.org\/{rel}","templated":true}]}}