{"id":86930,"date":"2021-11-09T15:11:10","date_gmt":"2021-11-09T14:11:10","guid":{"rendered":"https:\/\/radioljubuski.ba\/?p=86930"},"modified":"2021-11-09T15:11:10","modified_gmt":"2021-11-09T14:11:10","slug":"dalic-prelomio-vezu-staru-vise-od-tri-godine","status":"publish","type":"post","link":"https:\/\/radioljubuski.ba\/index.php\/2021\/11\/09\/dalic-prelomio-vezu-staru-vise-od-tri-godine\/","title":{"rendered":"Dali\u0107 prelomio vezu staru vi\u0161e od tri godine"},"content":{"rendered":"\n<p>Jo\u0161ko Gvardiol prometnuo se u prvog stopera hrvatske reprezentacije, to je \u010dvrst stav i ocjena izbornika Dali\u0107a. Uo\u010di klju\u010dnih odluka za plasman na Svjetsko prvenstvo jedino je pitanje &#8211; tko \u0107e mu biti partner? Jo\u0161 od Mundijala u Rusiji Dejana Lovren i Domagoj Vida bili su stoperski tandem, ali tome je do\u0161ao kraj, pi\u0161e <a href=\"https:\/\/sportske.jutarnji.hr\/sn\/nogomet\/reprezentacija\/novo-lice-hrvatske-dalic-prelomio-tko-ce-nositi-obranu-razbijena-stara-veza-nakon-vise-od-tri-godine-15118104\">Jutarnji list<\/a>.<\/p>\n\n\n\n<p>Zajedno nisu igrali jedino ako je jedan izostao zbog ozljeda ili kartona, te kad je izbornik zbog tri utakmice u kratkom razdoblju rotirao ekipu kako bi rasporedio snage. Jo\u0161ko Gvardiol natjerao je Dali\u0107a da razbije staru vezu nakon gotovo 3,5 godine.<\/p>\n\n\n\n<p>Uo\u010di prve utakmice s Nigerijom na SP-u u Rusiji, Dali\u0107 je donio jednu od najte\u017eih i najva\u017enijih odluka. Senatoru Vedranu \u0106orluci, dana\u0161njem pomo\u0107niku, priop\u0107io je kako \u0107e igrati mla\u0111i i br\u017ei Domagoj Vida. Uz Dejana Lovrena, koji je bio u \u017eivotnoj formi, finalist Lige prvaka s Liverpoolom. Sve ostalo je legenda\u2026<\/p>\n\n\n\n<p>No, u \u201ctjednu odluke\u201d, uo\u010di ogleda s Maltom i Rusijom, Dali\u0107 je kazao:<\/p>\n\n\n\n<p>&#8220;Dugo na stoperima Hrvatska nije bila toliko mo\u0107na i jaka, to su slatke brige. Gvardiol je neupitan na poziciji lijevog stopera, on je ispred svih. Treba nam lijeva noga, kad to igra de\u0161njak gubi se balans. A desno \u0107emo vidjeti tko \u0107e biti u najboljem stanju.&#8221;<\/p>\n\n\n\n<p>Dodao je kako \u017eeli imati standardiziranu obranu kao \u0161to je bilo u Rusiji (Vrsaljko, Lovren, Vida, Strini\u0107), kao i cijelu ekipu, ali okolnosti ga tjeraju da mijenja&#8230;<\/p>\n\n\n\n<p>Jo\u0161ko Gvardiol debitirao je za A reprezentaciju u Bruxellesu s Belgijom po\u010detkom lipnja, u zadnjoj provjeri prije Eura kao lijevi bek. Na toj je poziciji igrao sve \u010detiri utakmice Vatrenih na kontinentalnoj smotri. Iako je bilo kritika na pojedine izvedbe, izbornik je odlu\u010dno stajao uz njega. Vjeruje da je Hrvatska dobila obrambenog igra\u010da svjetske klase koji \u0107e jakim utakmicama i iskustvom do\u0107i na najvi\u0161u razinu. No, nakon Eura Dali\u0107 je odlu\u010dio &#8211; Gvardiol \u0107e odsad biti stoper. Ve\u0107 u rujnu u Moskvi trebao je startati u prvom susretu nastavka kvalifikacija, no sprije\u010dila ga je ozljeda na zagrijavanju. Zbog nje je presko\u010dio i kasnije oglede sa Slova\u010dkom i Slovenijom. U listopadu se kona\u010dno na\u0161ao na tom mjestu s Ciprom, gdje je zabio i prvi gol te Slova\u010dkom. Toliko je odu\u0161evio i \u201ckupio\u201d Dali\u0107a da je &#8211; raspisao natje\u010daj za njegovog partnera! U klubu RB Leipzigu bio je i brani\u010d i stoper, sve \u0161to je zatrebalo&#8230;<\/p>\n\n\n\n<p>S kime \u0107e Gvardiol \u201cruku pod ruku\u201d? Dejan Lovren je u dru\u0161tvu s Domagojem Vidom bio \u201cdesna opcija\u201d. Radi se o jednom od dokapetana Vatrenih i ima logike da on bude taj. U njegovim nogama je 69 utakmica za A vrstu i \u010detiri pogotka, za susrete koji dolaze nije nebitno i to \u0161to dobro poznaje Ruse koji su klju\u010dan suparnik. Kapetan je Zenita.<\/p>\n\n\n\n<p>Domagoj Vida je tako\u0111er dokapetan, igrao je s Gvardiolom sa Slova\u010dkom, ali to mu vjerojatno nije plus jer izbornik je imao kritike na njegov ra\u010dun. U Be\u0161ikta\u0161u je propustio susret Lige prvaka sa Sportingom zbog lista, ali radilo se samo o odmoru jer ve\u0107 se za vikend pojavio u postavi. Za Vatrene ima \u010dak 95 utakmica i \u010detiri pogotka.<\/p>\n\n\n\n<p>Duje \u0106aleta-Car danas je u znatno boljoj situaciji nego na startu sezone, igra u Marseilleu, on i Gvardiol \u010dinili su sredi\u0161te obrane na Cipru, te i on ima pravo o\u010dekivati \u0161ansu. Peti stoper u kadru je Marin Pongra\u010di\u0107. Niti njegove ambicije nisu male, ali \u010deka iz drugog plana.<\/p>\n\n\n\n<p>Kad izbornik odredi ime, prirodno bi bilo da Ta\u2019Qali bude proba, a Split glavni test. Da ka\u017ee koji je to dvojac i ne mijenja, iako teoretski mo\u017ee podijeliti minuta\u017eu, pa Gvardiolu na Maltu dodati jednog, a potom drugog kolegu.<\/p>\n\n\n\n<p>Glavno je pitanje kako \u0107e Lovren i Vida prihvatiti da jedan od njih mora na klupu, oni su odli\u010dnici dugog sta\u017ea, no u sportu se ne \u017eivi od starih zasluga, novo doba tra\u017ei nove izazove i junake. Dali\u0107 se nakon Eura postavio daleko tvr\u0111e, bez tolerancije za \u201cspu\u0161tene noseve\u201d, o\u010dekuje od svih da s najboljom vjerom prihvate uloge koje su im date. \u017dele li biti dio nacionalne vrste&#8230;<\/p>\n\n\n\n<p>Izvor:jutarnji.hr<\/p>\n","protected":false},"excerpt":{"rendered":"<p>Jo\u0161ko Gvardiol prometnuo se u prvog stopera hrvatske reprezentacije, to je \u010dvrst stav i ocjena izbornika Dali\u0107a. Uo\u010di klju\u010dnih odluka za plasman na Svjetsko prvenstvo jedino je pitanje &#8211; tko \u0107e mu biti partner? Jo\u0161 od Mundijala u Rusiji Dejana Lovren i Domagoj Vida bili su stoperski tandem, ali tome je do\u0161ao kraj, pi\u0161e Jutarnji [&hellip;]<\/p>\n","protected":false},"author":2,"featured_media":86931,"comment_status":"closed","ping_status":"closed","sticky":false,"template":"","format":"standard","meta":{"h5ap_radio_sources":[],"footnotes":""},"categories":[7],"tags":[],"class_list":["post-86930","post","type-post","status-publish","format-standard","has-post-thumbnail","hentry","category-sport"],"yoast_head":"<!-- This site is optimized with the Yoast SEO plugin v27.5 - https:\/\/yoast.com\/product\/yoast-seo-wordpress\/ -->\n<title>Dali\u0107 prelomio vezu staru vi\u0161e od tri godine - RADIO LJUBU\u0160KI<\/title>\n<meta name=\"robots\" content=\"index, follow, max-snippet:-1, max-image-preview:large, max-video-preview:-1\" \/>\n<link rel=\"canonical\" href=\"https:\/\/radioljubuski.ba\/index.php\/2021\/11\/09\/dalic-prelomio-vezu-staru-vise-od-tri-godine\/\" \/>\n<meta property=\"og:locale\" content=\"hr_HR\" \/>\n<meta property=\"og:type\" content=\"article\" \/>\n<meta property=\"og:title\" content=\"Dali\u0107 prelomio vezu staru vi\u0161e od tri godine - RADIO LJUBU\u0160KI\" \/>\n<meta property=\"og:description\" content=\"Jo\u0161ko Gvardiol prometnuo se u prvog stopera hrvatske reprezentacije, to je \u010dvrst stav i ocjena izbornika Dali\u0107a. Uo\u010di klju\u010dnih odluka za plasman na Svjetsko prvenstvo jedino je pitanje &#8211; tko \u0107e mu biti partner? Jo\u0161 od Mundijala u Rusiji Dejana Lovren i Domagoj Vida bili su stoperski tandem, ali tome je do\u0161ao kraj, pi\u0161e Jutarnji [&hellip;]\" \/>\n<meta property=\"og:url\" content=\"https:\/\/radioljubuski.ba\/index.php\/2021\/11\/09\/dalic-prelomio-vezu-staru-vise-od-tri-godine\/\" \/>\n<meta property=\"og:site_name\" content=\"RADIO LJUBU\u0160KI\" \/>\n<meta property=\"article:publisher\" content=\"https:\/\/www.facebook.com\/Radiio-Ljubuski-1490835324566332\" \/>\n<meta property=\"article:published_time\" content=\"2021-11-09T14:11:10+00:00\" \/>\n<meta property=\"og:image\" content=\"https:\/\/radioljubuski.ba\/wp-content\/uploads\/2021\/11\/2-2021-11-09-12-17-55-lovren.jpg\" \/>\n\t<meta property=\"og:image:width\" content=\"1000\" \/>\n\t<meta property=\"og:image:height\" content=\"625\" \/>\n\t<meta property=\"og:image:type\" content=\"image\/jpeg\" \/>\n<meta name=\"author\" content=\"Radio Ljubu\u0161ki\" \/>\n<meta name=\"twitter:card\" content=\"summary_large_image\" \/>\n<meta name=\"twitter:creator\" content=\"@radioljubuski\" \/>\n<meta name=\"twitter:site\" content=\"@radioljubuski\" \/>\n<meta name=\"twitter:label1\" content=\"Napisao\/la\" \/>\n\t<meta name=\"twitter:data1\" content=\"Radio Ljubu\u0161ki\" \/>\n\t<meta name=\"twitter:label2\" content=\"Procijenjeno vrijeme \u010ditanja\" \/>\n\t<meta name=\"twitter:data2\" content=\"4 minute\" \/>\n<script type=\"application\/ld+json\" class=\"yoast-schema-graph\">{\"@context\":\"https:\\\/\\\/schema.org\",\"@graph\":[{\"@type\":\"Article\",\"@id\":\"https:\\\/\\\/radioljubuski.ba\\\/index.php\\\/2021\\\/11\\\/09\\\/dalic-prelomio-vezu-staru-vise-od-tri-godine\\\/#article\",\"isPartOf\":{\"@id\":\"https:\\\/\\\/radioljubuski.ba\\\/index.php\\\/2021\\\/11\\\/09\\\/dalic-prelomio-vezu-staru-vise-od-tri-godine\\\/\"},\"author\":{\"name\":\"Radio Ljubu\u0161ki\",\"@id\":\"https:\\\/\\\/radioljubuski.ba\\\/#\\\/schema\\\/person\\\/19fc700381a780f69665d7956c469e3b\"},\"headline\":\"Dali\u0107 prelomio vezu staru vi\u0161e od tri godine\",\"datePublished\":\"2021-11-09T14:11:10+00:00\",\"mainEntityOfPage\":{\"@id\":\"https:\\\/\\\/radioljubuski.ba\\\/index.php\\\/2021\\\/11\\\/09\\\/dalic-prelomio-vezu-staru-vise-od-tri-godine\\\/\"},\"wordCount\":729,\"publisher\":{\"@id\":\"https:\\\/\\\/radioljubuski.ba\\\/#organization\"},\"image\":{\"@id\":\"https:\\\/\\\/radioljubuski.ba\\\/index.php\\\/2021\\\/11\\\/09\\\/dalic-prelomio-vezu-staru-vise-od-tri-godine\\\/#primaryimage\"},\"thumbnailUrl\":\"https:\\\/\\\/radioljubuski.ba\\\/wp-content\\\/uploads\\\/2021\\\/11\\\/2-2021-11-09-12-17-55-lovren.jpg\",\"articleSection\":[\"\u0160port\"],\"inLanguage\":\"hr\"},{\"@type\":\"WebPage\",\"@id\":\"https:\\\/\\\/radioljubuski.ba\\\/index.php\\\/2021\\\/11\\\/09\\\/dalic-prelomio-vezu-staru-vise-od-tri-godine\\\/\",\"url\":\"https:\\\/\\\/radioljubuski.ba\\\/index.php\\\/2021\\\/11\\\/09\\\/dalic-prelomio-vezu-staru-vise-od-tri-godine\\\/\",\"name\":\"Dali\u0107 prelomio vezu staru vi\u0161e od tri godine - RADIO LJUBU\u0160KI\",\"isPartOf\":{\"@id\":\"https:\\\/\\\/radioljubuski.ba\\\/#website\"},\"primaryImageOfPage\":{\"@id\":\"https:\\\/\\\/radioljubuski.ba\\\/index.php\\\/2021\\\/11\\\/09\\\/dalic-prelomio-vezu-staru-vise-od-tri-godine\\\/#primaryimage\"},\"image\":{\"@id\":\"https:\\\/\\\/radioljubuski.ba\\\/index.php\\\/2021\\\/11\\\/09\\\/dalic-prelomio-vezu-staru-vise-od-tri-godine\\\/#primaryimage\"},\"thumbnailUrl\":\"https:\\\/\\\/radioljubuski.ba\\\/wp-content\\\/uploads\\\/2021\\\/11\\\/2-2021-11-09-12-17-55-lovren.jpg\",\"datePublished\":\"2021-11-09T14:11:10+00:00\",\"breadcrumb\":{\"@id\":\"https:\\\/\\\/radioljubuski.ba\\\/index.php\\\/2021\\\/11\\\/09\\\/dalic-prelomio-vezu-staru-vise-od-tri-godine\\\/#breadcrumb\"},\"inLanguage\":\"hr\",\"potentialAction\":[{\"@type\":\"ReadAction\",\"target\":[\"https:\\\/\\\/radioljubuski.ba\\\/index.php\\\/2021\\\/11\\\/09\\\/dalic-prelomio-vezu-staru-vise-od-tri-godine\\\/\"]}]},{\"@type\":\"ImageObject\",\"inLanguage\":\"hr\",\"@id\":\"https:\\\/\\\/radioljubuski.ba\\\/index.php\\\/2021\\\/11\\\/09\\\/dalic-prelomio-vezu-staru-vise-od-tri-godine\\\/#primaryimage\",\"url\":\"https:\\\/\\\/radioljubuski.ba\\\/wp-content\\\/uploads\\\/2021\\\/11\\\/2-2021-11-09-12-17-55-lovren.jpg\",\"contentUrl\":\"https:\\\/\\\/radioljubuski.ba\\\/wp-content\\\/uploads\\\/2021\\\/11\\\/2-2021-11-09-12-17-55-lovren.jpg\",\"width\":1000,\"height\":625},{\"@type\":\"BreadcrumbList\",\"@id\":\"https:\\\/\\\/radioljubuski.ba\\\/index.php\\\/2021\\\/11\\\/09\\\/dalic-prelomio-vezu-staru-vise-od-tri-godine\\\/#breadcrumb\",\"itemListElement\":[{\"@type\":\"ListItem\",\"position\":1,\"name\":\"Po\u010detna stranica\",\"item\":\"https:\\\/\\\/radioljubuski.ba\\\/\"},{\"@type\":\"ListItem\",\"position\":2,\"name\":\"Dali\u0107 prelomio vezu staru vi\u0161e od tri godine\"}]},{\"@type\":\"WebSite\",\"@id\":\"https:\\\/\\\/radioljubuski.ba\\\/#website\",\"url\":\"https:\\\/\\\/radioljubuski.ba\\\/\",\"name\":\"Radio Ljubu\u0161ki\",\"description\":\"Sun\u010dana frekvencija Hercegovine\",\"publisher\":{\"@id\":\"https:\\\/\\\/radioljubuski.ba\\\/#organization\"},\"potentialAction\":[{\"@type\":\"SearchAction\",\"target\":{\"@type\":\"EntryPoint\",\"urlTemplate\":\"https:\\\/\\\/radioljubuski.ba\\\/?s={search_term_string}\"},\"query-input\":{\"@type\":\"PropertyValueSpecification\",\"valueRequired\":true,\"valueName\":\"search_term_string\"}}],\"inLanguage\":\"hr\"},{\"@type\":\"Organization\",\"@id\":\"https:\\\/\\\/radioljubuski.ba\\\/#organization\",\"name\":\"Radio Ljubu\u0161ki\",\"url\":\"https:\\\/\\\/radioljubuski.ba\\\/\",\"logo\":{\"@type\":\"ImageObject\",\"inLanguage\":\"hr\",\"@id\":\"https:\\\/\\\/radioljubuski.ba\\\/#\\\/schema\\\/logo\\\/image\\\/\",\"url\":\"https:\\\/\\\/radioljubuski.ba\\\/wp-content\\\/uploads\\\/2021\\\/02\\\/cropped-Radio_Ljubuski_logo1.jpg\",\"contentUrl\":\"https:\\\/\\\/radioljubuski.ba\\\/wp-content\\\/uploads\\\/2021\\\/02\\\/cropped-Radio_Ljubuski_logo1.jpg\",\"width\":512,\"height\":512,\"caption\":\"Radio Ljubu\u0161ki\"},\"image\":{\"@id\":\"https:\\\/\\\/radioljubuski.ba\\\/#\\\/schema\\\/logo\\\/image\\\/\"},\"sameAs\":[\"https:\\\/\\\/www.facebook.com\\\/Radiio-Ljubuski-1490835324566332\",\"https:\\\/\\\/x.com\\\/radioljubuski\",\"https:\\\/\\\/hr.linkedin.com\\\/company\\\/radio-ljubuski\",\"https:\\\/\\\/www.youtube.com\\\/channel\\\/UCHYaeO_n0Db3tjNGudGpXyw\"]},{\"@type\":\"Person\",\"@id\":\"https:\\\/\\\/radioljubuski.ba\\\/#\\\/schema\\\/person\\\/19fc700381a780f69665d7956c469e3b\",\"name\":\"Radio Ljubu\u0161ki\"}]}<\/script>\n<!-- \/ Yoast SEO plugin. -->","yoast_head_json":{"title":"Dali\u0107 prelomio vezu staru vi\u0161e od tri godine - RADIO LJUBU\u0160KI","robots":{"index":"index","follow":"follow","max-snippet":"max-snippet:-1","max-image-preview":"max-image-preview:large","max-video-preview":"max-video-preview:-1"},"canonical":"https:\/\/radioljubuski.ba\/index.php\/2021\/11\/09\/dalic-prelomio-vezu-staru-vise-od-tri-godine\/","og_locale":"hr_HR","og_type":"article","og_title":"Dali\u0107 prelomio vezu staru vi\u0161e od tri godine - RADIO LJUBU\u0160KI","og_description":"Jo\u0161ko Gvardiol prometnuo se u prvog stopera hrvatske reprezentacije, to je \u010dvrst stav i ocjena izbornika Dali\u0107a. Uo\u010di klju\u010dnih odluka za plasman na Svjetsko prvenstvo jedino je pitanje &#8211; tko \u0107e mu biti partner? Jo\u0161 od Mundijala u Rusiji Dejana Lovren i Domagoj Vida bili su stoperski tandem, ali tome je do\u0161ao kraj, pi\u0161e Jutarnji [&hellip;]","og_url":"https:\/\/radioljubuski.ba\/index.php\/2021\/11\/09\/dalic-prelomio-vezu-staru-vise-od-tri-godine\/","og_site_name":"RADIO LJUBU\u0160KI","article_publisher":"https:\/\/www.facebook.com\/Radiio-Ljubuski-1490835324566332","article_published_time":"2021-11-09T14:11:10+00:00","og_image":[{"width":1000,"height":625,"url":"https:\/\/radioljubuski.ba\/wp-content\/uploads\/2021\/11\/2-2021-11-09-12-17-55-lovren.jpg","type":"image\/jpeg"}],"author":"Radio Ljubu\u0161ki","twitter_card":"summary_large_image","twitter_creator":"@radioljubuski","twitter_site":"@radioljubuski","twitter_misc":{"Napisao\/la":"Radio Ljubu\u0161ki","Procijenjeno vrijeme \u010ditanja":"4 minute"},"schema":{"@context":"https:\/\/schema.org","@graph":[{"@type":"Article","@id":"https:\/\/radioljubuski.ba\/index.php\/2021\/11\/09\/dalic-prelomio-vezu-staru-vise-od-tri-godine\/#article","isPartOf":{"@id":"https:\/\/radioljubuski.ba\/index.php\/2021\/11\/09\/dalic-prelomio-vezu-staru-vise-od-tri-godine\/"},"author":{"name":"Radio Ljubu\u0161ki","@id":"https:\/\/radioljubuski.ba\/#\/schema\/person\/19fc700381a780f69665d7956c469e3b"},"headline":"Dali\u0107 prelomio vezu staru vi\u0161e od tri godine","datePublished":"2021-11-09T14:11:10+00:00","mainEntityOfPage":{"@id":"https:\/\/radioljubuski.ba\/index.php\/2021\/11\/09\/dalic-prelomio-vezu-staru-vise-od-tri-godine\/"},"wordCount":729,"publisher":{"@id":"https:\/\/radioljubuski.ba\/#organization"},"image":{"@id":"https:\/\/radioljubuski.ba\/index.php\/2021\/11\/09\/dalic-prelomio-vezu-staru-vise-od-tri-godine\/#primaryimage"},"thumbnailUrl":"https:\/\/radioljubuski.ba\/wp-content\/uploads\/2021\/11\/2-2021-11-09-12-17-55-lovren.jpg","articleSection":["\u0160port"],"inLanguage":"hr"},{"@type":"WebPage","@id":"https:\/\/radioljubuski.ba\/index.php\/2021\/11\/09\/dalic-prelomio-vezu-staru-vise-od-tri-godine\/","url":"https:\/\/radioljubuski.ba\/index.php\/2021\/11\/09\/dalic-prelomio-vezu-staru-vise-od-tri-godine\/","name":"Dali\u0107 prelomio vezu staru vi\u0161e od tri godine - RADIO LJUBU\u0160KI","isPartOf":{"@id":"https:\/\/radioljubuski.ba\/#website"},"primaryImageOfPage":{"@id":"https:\/\/radioljubuski.ba\/index.php\/2021\/11\/09\/dalic-prelomio-vezu-staru-vise-od-tri-godine\/#primaryimage"},"image":{"@id":"https:\/\/radioljubuski.ba\/index.php\/2021\/11\/09\/dalic-prelomio-vezu-staru-vise-od-tri-godine\/#primaryimage"},"thumbnailUrl":"https:\/\/radioljubuski.ba\/wp-content\/uploads\/2021\/11\/2-2021-11-09-12-17-55-lovren.jpg","datePublished":"2021-11-09T14:11:10+00:00","breadcrumb":{"@id":"https:\/\/radioljubuski.ba\/index.php\/2021\/11\/09\/dalic-prelomio-vezu-staru-vise-od-tri-godine\/#breadcrumb"},"inLanguage":"hr","potentialAction":[{"@type":"ReadAction","target":["https:\/\/radioljubuski.ba\/index.php\/2021\/11\/09\/dalic-prelomio-vezu-staru-vise-od-tri-godine\/"]}]},{"@type":"ImageObject","inLanguage":"hr","@id":"https:\/\/radioljubuski.ba\/index.php\/2021\/11\/09\/dalic-prelomio-vezu-staru-vise-od-tri-godine\/#primaryimage","url":"https:\/\/radioljubuski.ba\/wp-content\/uploads\/2021\/11\/2-2021-11-09-12-17-55-lovren.jpg","contentUrl":"https:\/\/radioljubuski.ba\/wp-content\/uploads\/2021\/11\/2-2021-11-09-12-17-55-lovren.jpg","width":1000,"height":625},{"@type":"BreadcrumbList","@id":"https:\/\/radioljubuski.ba\/index.php\/2021\/11\/09\/dalic-prelomio-vezu-staru-vise-od-tri-godine\/#breadcrumb","itemListElement":[{"@type":"ListItem","position":1,"name":"Po\u010detna stranica","item":"https:\/\/radioljubuski.ba\/"},{"@type":"ListItem","position":2,"name":"Dali\u0107 prelomio vezu staru vi\u0161e od tri godine"}]},{"@type":"WebSite","@id":"https:\/\/radioljubuski.ba\/#website","url":"https:\/\/radioljubuski.ba\/","name":"Radio Ljubu\u0161ki","description":"Sun\u010dana frekvencija Hercegovine","publisher":{"@id":"https:\/\/radioljubuski.ba\/#organization"},"potentialAction":[{"@type":"SearchAction","target":{"@type":"EntryPoint","urlTemplate":"https:\/\/radioljubuski.ba\/?s={search_term_string}"},"query-input":{"@type":"PropertyValueSpecification","valueRequired":true,"valueName":"search_term_string"}}],"inLanguage":"hr"},{"@type":"Organization","@id":"https:\/\/radioljubuski.ba\/#organization","name":"Radio Ljubu\u0161ki","url":"https:\/\/radioljubuski.ba\/","logo":{"@type":"ImageObject","inLanguage":"hr","@id":"https:\/\/radioljubuski.ba\/#\/schema\/logo\/image\/","url":"https:\/\/radioljubuski.ba\/wp-content\/uploads\/2021\/02\/cropped-Radio_Ljubuski_logo1.jpg","contentUrl":"https:\/\/radioljubuski.ba\/wp-content\/uploads\/2021\/02\/cropped-Radio_Ljubuski_logo1.jpg","width":512,"height":512,"caption":"Radio Ljubu\u0161ki"},"image":{"@id":"https:\/\/radioljubuski.ba\/#\/schema\/logo\/image\/"},"sameAs":["https:\/\/www.facebook.com\/Radiio-Ljubuski-1490835324566332","https:\/\/x.com\/radioljubuski","https:\/\/hr.linkedin.com\/company\/radio-ljubuski","https:\/\/www.youtube.com\/channel\/UCHYaeO_n0Db3tjNGudGpXyw"]},{"@type":"Person","@id":"https:\/\/radioljubuski.ba\/#\/schema\/person\/19fc700381a780f69665d7956c469e3b","name":"Radio Ljubu\u0161ki"}]}},"_links":{"self":[{"href":"https:\/\/radioljubuski.ba\/index.php\/wp-json\/wp\/v2\/posts\/86930","targetHints":{"allow":["GET"]}}],"collection":[{"href":"https:\/\/radioljubuski.ba\/index.php\/wp-json\/wp\/v2\/posts"}],"about":[{"href":"https:\/\/radioljubuski.ba\/index.php\/wp-json\/wp\/v2\/types\/post"}],"author":[{"embeddable":true,"href":"https:\/\/radioljubuski.ba\/index.php\/wp-json\/wp\/v2\/users\/2"}],"replies":[{"embeddable":true,"href":"https:\/\/radioljubuski.ba\/index.php\/wp-json\/wp\/v2\/comments?post=86930"}],"version-history":[{"count":1,"href":"https:\/\/radioljubuski.ba\/index.php\/wp-json\/wp\/v2\/posts\/86930\/revisions"}],"predecessor-version":[{"id":86932,"href":"https:\/\/radioljubuski.ba\/index.php\/wp-json\/wp\/v2\/posts\/86930\/revisions\/86932"}],"wp:featuredmedia":[{"embeddable":true,"href":"https:\/\/radioljubuski.ba\/index.php\/wp-json\/wp\/v2\/media\/86931"}],"wp:attachment":[{"href":"https:\/\/radioljubuski.ba\/index.php\/wp-json\/wp\/v2\/media?parent=86930"}],"wp:term":[{"taxonomy":"category","embeddable":true,"href":"https:\/\/radioljubuski.ba\/index.php\/wp-json\/wp\/v2\/categories?post=86930"},{"taxonomy":"post_tag","embeddable":true,"href":"https:\/\/radioljubuski.ba\/index.php\/wp-json\/wp\/v2\/tags?post=86930"}],"curies":[{"name":"wp","href":"https:\/\/api.w.org\/{rel}","templated":true}]}}