{"id":86933,"date":"2021-11-09T15:12:36","date_gmt":"2021-11-09T14:12:36","guid":{"rendered":"https:\/\/radioljubuski.ba\/?p=86933"},"modified":"2021-11-09T15:12:37","modified_gmt":"2021-11-09T14:12:37","slug":"jajcanin-zbog-1380-km-nanesene-sete-sumariji-mora-na-sud","status":"publish","type":"post","link":"https:\/\/radioljubuski.ba\/index.php\/2021\/11\/09\/jajcanin-zbog-1380-km-nanesene-sete-sumariji-mora-na-sud\/","title":{"rendered":"Jaj\u010danin zbog 13,80 KM nanesene \u0161ete \u0161umariji mora na sud"},"content":{"rendered":"\n<p>U Op\u0107inskom sudu Jajce danas \u0107e se odr\u017eat pretres Ahmetu Ne\u0161ustu (66) iz Kru\u0161\u010dice kod Jajca.&nbsp;<\/p>\n\n\n\n<p>On se sumnji\u010di da je po\u010dinio prekr\u0161aj, to\u010dnije da je samovoljno prisvojio drvnu masu.<\/p>\n\n\n\n<p>Naime, Ahmet je za ku\u0107nu upotrebu na motokultivatoru prevozio 0,60 kubnih metara suhe bukove mase koja nisu bila ozna\u010dena \u017eigom. Njega je zaustavio \u010duvar \u0161uma Mirsad Red\u017ei\u0107 koji je zahtijevao da se ne pomjera s mjesta gdje je i zaustavljen, \u0161to je on odbio.<\/p>\n\n\n\n<p>Predmetnim prekr\u0161ajem uzrokovana je \u0161teta u iznosu od 13,80 KM.<\/p>\n\n\n\n<p>Usporedbe radi, Novali\u0107 potro\u0161i milijune na beskorisne respiratore i jo\u0161 je premijer Vlade.<\/p>\n\n\n\n<p>Bravo pravna dr\u017eavo!<\/p>\n\n\n\n<p>Izvor:pogled.ba<\/p>\n","protected":false},"excerpt":{"rendered":"<p>U Op\u0107inskom sudu Jajce danas \u0107e se odr\u017eat pretres Ahmetu Ne\u0161ustu (66) iz Kru\u0161\u010dice kod Jajca.&nbsp; On se sumnji\u010di da je po\u010dinio prekr\u0161aj, to\u010dnije da je samovoljno prisvojio drvnu masu. Naime, Ahmet je za ku\u0107nu upotrebu na motokultivatoru prevozio 0,60 kubnih metara suhe bukove mase koja nisu bila ozna\u010dena \u017eigom. Njega je zaustavio \u010duvar \u0161uma [&hellip;]<\/p>\n","protected":false},"author":2,"featured_media":86934,"comment_status":"closed","ping_status":"closed","sticky":false,"template":"","format":"standard","meta":{"h5ap_radio_sources":[],"footnotes":""},"categories":[1],"tags":[],"class_list":["post-86933","post","type-post","status-publish","format-standard","has-post-thumbnail","hentry","category-bihiregija"],"yoast_head":"<!-- This site is optimized with the Yoast SEO plugin v27.5 - https:\/\/yoast.com\/product\/yoast-seo-wordpress\/ -->\n<title>Jaj\u010danin zbog 13,80 KM nanesene \u0161ete \u0161umariji mora na sud - RADIO LJUBU\u0160KI<\/title>\n<meta name=\"robots\" content=\"index, follow, max-snippet:-1, max-image-preview:large, max-video-preview:-1\" \/>\n<link rel=\"canonical\" href=\"https:\/\/radioljubuski.ba\/index.php\/2021\/11\/09\/jajcanin-zbog-1380-km-nanesene-sete-sumariji-mora-na-sud\/\" \/>\n<meta property=\"og:locale\" content=\"hr_HR\" \/>\n<meta property=\"og:type\" content=\"article\" \/>\n<meta property=\"og:title\" content=\"Jaj\u010danin zbog 13,80 KM nanesene \u0161ete \u0161umariji mora na sud - RADIO LJUBU\u0160KI\" \/>\n<meta property=\"og:description\" content=\"U Op\u0107inskom sudu Jajce danas \u0107e se odr\u017eat pretres Ahmetu Ne\u0161ustu (66) iz Kru\u0161\u010dice kod Jajca.&nbsp; On se sumnji\u010di da je po\u010dinio prekr\u0161aj, to\u010dnije da je samovoljno prisvojio drvnu masu. Naime, Ahmet je za ku\u0107nu upotrebu na motokultivatoru prevozio 0,60 kubnih metara suhe bukove mase koja nisu bila ozna\u010dena \u017eigom. Njega je zaustavio \u010duvar \u0161uma [&hellip;]\" \/>\n<meta property=\"og:url\" content=\"https:\/\/radioljubuski.ba\/index.php\/2021\/11\/09\/jajcanin-zbog-1380-km-nanesene-sete-sumariji-mora-na-sud\/\" \/>\n<meta property=\"og:site_name\" content=\"RADIO LJUBU\u0160KI\" \/>\n<meta property=\"article:publisher\" content=\"https:\/\/www.facebook.com\/Radiio-Ljubuski-1490835324566332\" \/>\n<meta property=\"article:published_time\" content=\"2021-11-09T14:12:36+00:00\" \/>\n<meta property=\"article:modified_time\" content=\"2021-11-09T14:12:37+00:00\" \/>\n<meta property=\"og:image\" content=\"https:\/\/radioljubuski.ba\/wp-content\/uploads\/2021\/11\/2-2021-11-09-12-45-56-suma.jpg\" \/>\n\t<meta property=\"og:image:width\" content=\"1000\" \/>\n\t<meta property=\"og:image:height\" content=\"625\" \/>\n\t<meta property=\"og:image:type\" content=\"image\/jpeg\" \/>\n<meta name=\"author\" content=\"Radio Ljubu\u0161ki\" \/>\n<meta name=\"twitter:card\" content=\"summary_large_image\" \/>\n<meta name=\"twitter:creator\" content=\"@radioljubuski\" \/>\n<meta name=\"twitter:site\" content=\"@radioljubuski\" \/>\n<meta name=\"twitter:label1\" content=\"Napisao\/la\" \/>\n\t<meta name=\"twitter:data1\" content=\"Radio Ljubu\u0161ki\" \/>\n\t<meta name=\"twitter:label2\" content=\"Procijenjeno vrijeme \u010ditanja\" \/>\n\t<meta name=\"twitter:data2\" content=\"1 minuta\" \/>\n<script type=\"application\/ld+json\" class=\"yoast-schema-graph\">{\"@context\":\"https:\\\/\\\/schema.org\",\"@graph\":[{\"@type\":\"Article\",\"@id\":\"https:\\\/\\\/radioljubuski.ba\\\/index.php\\\/2021\\\/11\\\/09\\\/jajcanin-zbog-1380-km-nanesene-sete-sumariji-mora-na-sud\\\/#article\",\"isPartOf\":{\"@id\":\"https:\\\/\\\/radioljubuski.ba\\\/index.php\\\/2021\\\/11\\\/09\\\/jajcanin-zbog-1380-km-nanesene-sete-sumariji-mora-na-sud\\\/\"},\"author\":{\"name\":\"Radio Ljubu\u0161ki\",\"@id\":\"https:\\\/\\\/radioljubuski.ba\\\/#\\\/schema\\\/person\\\/19fc700381a780f69665d7956c469e3b\"},\"headline\":\"Jaj\u010danin zbog 13,80 KM nanesene \u0161ete \u0161umariji mora na sud\",\"datePublished\":\"2021-11-09T14:12:36+00:00\",\"dateModified\":\"2021-11-09T14:12:37+00:00\",\"mainEntityOfPage\":{\"@id\":\"https:\\\/\\\/radioljubuski.ba\\\/index.php\\\/2021\\\/11\\\/09\\\/jajcanin-zbog-1380-km-nanesene-sete-sumariji-mora-na-sud\\\/\"},\"wordCount\":125,\"publisher\":{\"@id\":\"https:\\\/\\\/radioljubuski.ba\\\/#organization\"},\"image\":{\"@id\":\"https:\\\/\\\/radioljubuski.ba\\\/index.php\\\/2021\\\/11\\\/09\\\/jajcanin-zbog-1380-km-nanesene-sete-sumariji-mora-na-sud\\\/#primaryimage\"},\"thumbnailUrl\":\"https:\\\/\\\/radioljubuski.ba\\\/wp-content\\\/uploads\\\/2021\\\/11\\\/2-2021-11-09-12-45-56-suma.jpg\",\"articleSection\":[\"BIH i regija\"],\"inLanguage\":\"hr\"},{\"@type\":\"WebPage\",\"@id\":\"https:\\\/\\\/radioljubuski.ba\\\/index.php\\\/2021\\\/11\\\/09\\\/jajcanin-zbog-1380-km-nanesene-sete-sumariji-mora-na-sud\\\/\",\"url\":\"https:\\\/\\\/radioljubuski.ba\\\/index.php\\\/2021\\\/11\\\/09\\\/jajcanin-zbog-1380-km-nanesene-sete-sumariji-mora-na-sud\\\/\",\"name\":\"Jaj\u010danin zbog 13,80 KM nanesene \u0161ete \u0161umariji mora na sud - RADIO LJUBU\u0160KI\",\"isPartOf\":{\"@id\":\"https:\\\/\\\/radioljubuski.ba\\\/#website\"},\"primaryImageOfPage\":{\"@id\":\"https:\\\/\\\/radioljubuski.ba\\\/index.php\\\/2021\\\/11\\\/09\\\/jajcanin-zbog-1380-km-nanesene-sete-sumariji-mora-na-sud\\\/#primaryimage\"},\"image\":{\"@id\":\"https:\\\/\\\/radioljubuski.ba\\\/index.php\\\/2021\\\/11\\\/09\\\/jajcanin-zbog-1380-km-nanesene-sete-sumariji-mora-na-sud\\\/#primaryimage\"},\"thumbnailUrl\":\"https:\\\/\\\/radioljubuski.ba\\\/wp-content\\\/uploads\\\/2021\\\/11\\\/2-2021-11-09-12-45-56-suma.jpg\",\"datePublished\":\"2021-11-09T14:12:36+00:00\",\"dateModified\":\"2021-11-09T14:12:37+00:00\",\"breadcrumb\":{\"@id\":\"https:\\\/\\\/radioljubuski.ba\\\/index.php\\\/2021\\\/11\\\/09\\\/jajcanin-zbog-1380-km-nanesene-sete-sumariji-mora-na-sud\\\/#breadcrumb\"},\"inLanguage\":\"hr\",\"potentialAction\":[{\"@type\":\"ReadAction\",\"target\":[\"https:\\\/\\\/radioljubuski.ba\\\/index.php\\\/2021\\\/11\\\/09\\\/jajcanin-zbog-1380-km-nanesene-sete-sumariji-mora-na-sud\\\/\"]}]},{\"@type\":\"ImageObject\",\"inLanguage\":\"hr\",\"@id\":\"https:\\\/\\\/radioljubuski.ba\\\/index.php\\\/2021\\\/11\\\/09\\\/jajcanin-zbog-1380-km-nanesene-sete-sumariji-mora-na-sud\\\/#primaryimage\",\"url\":\"https:\\\/\\\/radioljubuski.ba\\\/wp-content\\\/uploads\\\/2021\\\/11\\\/2-2021-11-09-12-45-56-suma.jpg\",\"contentUrl\":\"https:\\\/\\\/radioljubuski.ba\\\/wp-content\\\/uploads\\\/2021\\\/11\\\/2-2021-11-09-12-45-56-suma.jpg\",\"width\":1000,\"height\":625},{\"@type\":\"BreadcrumbList\",\"@id\":\"https:\\\/\\\/radioljubuski.ba\\\/index.php\\\/2021\\\/11\\\/09\\\/jajcanin-zbog-1380-km-nanesene-sete-sumariji-mora-na-sud\\\/#breadcrumb\",\"itemListElement\":[{\"@type\":\"ListItem\",\"position\":1,\"name\":\"Po\u010detna stranica\",\"item\":\"https:\\\/\\\/radioljubuski.ba\\\/\"},{\"@type\":\"ListItem\",\"position\":2,\"name\":\"Jaj\u010danin zbog 13,80 KM nanesene \u0161ete \u0161umariji mora na sud\"}]},{\"@type\":\"WebSite\",\"@id\":\"https:\\\/\\\/radioljubuski.ba\\\/#website\",\"url\":\"https:\\\/\\\/radioljubuski.ba\\\/\",\"name\":\"Radio Ljubu\u0161ki\",\"description\":\"Sun\u010dana frekvencija Hercegovine\",\"publisher\":{\"@id\":\"https:\\\/\\\/radioljubuski.ba\\\/#organization\"},\"potentialAction\":[{\"@type\":\"SearchAction\",\"target\":{\"@type\":\"EntryPoint\",\"urlTemplate\":\"https:\\\/\\\/radioljubuski.ba\\\/?s={search_term_string}\"},\"query-input\":{\"@type\":\"PropertyValueSpecification\",\"valueRequired\":true,\"valueName\":\"search_term_string\"}}],\"inLanguage\":\"hr\"},{\"@type\":\"Organization\",\"@id\":\"https:\\\/\\\/radioljubuski.ba\\\/#organization\",\"name\":\"Radio Ljubu\u0161ki\",\"url\":\"https:\\\/\\\/radioljubuski.ba\\\/\",\"logo\":{\"@type\":\"ImageObject\",\"inLanguage\":\"hr\",\"@id\":\"https:\\\/\\\/radioljubuski.ba\\\/#\\\/schema\\\/logo\\\/image\\\/\",\"url\":\"https:\\\/\\\/radioljubuski.ba\\\/wp-content\\\/uploads\\\/2021\\\/02\\\/cropped-Radio_Ljubuski_logo1.jpg\",\"contentUrl\":\"https:\\\/\\\/radioljubuski.ba\\\/wp-content\\\/uploads\\\/2021\\\/02\\\/cropped-Radio_Ljubuski_logo1.jpg\",\"width\":512,\"height\":512,\"caption\":\"Radio Ljubu\u0161ki\"},\"image\":{\"@id\":\"https:\\\/\\\/radioljubuski.ba\\\/#\\\/schema\\\/logo\\\/image\\\/\"},\"sameAs\":[\"https:\\\/\\\/www.facebook.com\\\/Radiio-Ljubuski-1490835324566332\",\"https:\\\/\\\/x.com\\\/radioljubuski\",\"https:\\\/\\\/hr.linkedin.com\\\/company\\\/radio-ljubuski\",\"https:\\\/\\\/www.youtube.com\\\/channel\\\/UCHYaeO_n0Db3tjNGudGpXyw\"]},{\"@type\":\"Person\",\"@id\":\"https:\\\/\\\/radioljubuski.ba\\\/#\\\/schema\\\/person\\\/19fc700381a780f69665d7956c469e3b\",\"name\":\"Radio Ljubu\u0161ki\"}]}<\/script>\n<!-- \/ Yoast SEO plugin. -->","yoast_head_json":{"title":"Jaj\u010danin zbog 13,80 KM nanesene \u0161ete \u0161umariji mora na sud - RADIO LJUBU\u0160KI","robots":{"index":"index","follow":"follow","max-snippet":"max-snippet:-1","max-image-preview":"max-image-preview:large","max-video-preview":"max-video-preview:-1"},"canonical":"https:\/\/radioljubuski.ba\/index.php\/2021\/11\/09\/jajcanin-zbog-1380-km-nanesene-sete-sumariji-mora-na-sud\/","og_locale":"hr_HR","og_type":"article","og_title":"Jaj\u010danin zbog 13,80 KM nanesene \u0161ete \u0161umariji mora na sud - RADIO LJUBU\u0160KI","og_description":"U Op\u0107inskom sudu Jajce danas \u0107e se odr\u017eat pretres Ahmetu Ne\u0161ustu (66) iz Kru\u0161\u010dice kod Jajca.&nbsp; On se sumnji\u010di da je po\u010dinio prekr\u0161aj, to\u010dnije da je samovoljno prisvojio drvnu masu. Naime, Ahmet je za ku\u0107nu upotrebu na motokultivatoru prevozio 0,60 kubnih metara suhe bukove mase koja nisu bila ozna\u010dena \u017eigom. Njega je zaustavio \u010duvar \u0161uma [&hellip;]","og_url":"https:\/\/radioljubuski.ba\/index.php\/2021\/11\/09\/jajcanin-zbog-1380-km-nanesene-sete-sumariji-mora-na-sud\/","og_site_name":"RADIO LJUBU\u0160KI","article_publisher":"https:\/\/www.facebook.com\/Radiio-Ljubuski-1490835324566332","article_published_time":"2021-11-09T14:12:36+00:00","article_modified_time":"2021-11-09T14:12:37+00:00","og_image":[{"width":1000,"height":625,"url":"https:\/\/radioljubuski.ba\/wp-content\/uploads\/2021\/11\/2-2021-11-09-12-45-56-suma.jpg","type":"image\/jpeg"}],"author":"Radio Ljubu\u0161ki","twitter_card":"summary_large_image","twitter_creator":"@radioljubuski","twitter_site":"@radioljubuski","twitter_misc":{"Napisao\/la":"Radio Ljubu\u0161ki","Procijenjeno vrijeme \u010ditanja":"1 minuta"},"schema":{"@context":"https:\/\/schema.org","@graph":[{"@type":"Article","@id":"https:\/\/radioljubuski.ba\/index.php\/2021\/11\/09\/jajcanin-zbog-1380-km-nanesene-sete-sumariji-mora-na-sud\/#article","isPartOf":{"@id":"https:\/\/radioljubuski.ba\/index.php\/2021\/11\/09\/jajcanin-zbog-1380-km-nanesene-sete-sumariji-mora-na-sud\/"},"author":{"name":"Radio Ljubu\u0161ki","@id":"https:\/\/radioljubuski.ba\/#\/schema\/person\/19fc700381a780f69665d7956c469e3b"},"headline":"Jaj\u010danin zbog 13,80 KM nanesene \u0161ete \u0161umariji mora na sud","datePublished":"2021-11-09T14:12:36+00:00","dateModified":"2021-11-09T14:12:37+00:00","mainEntityOfPage":{"@id":"https:\/\/radioljubuski.ba\/index.php\/2021\/11\/09\/jajcanin-zbog-1380-km-nanesene-sete-sumariji-mora-na-sud\/"},"wordCount":125,"publisher":{"@id":"https:\/\/radioljubuski.ba\/#organization"},"image":{"@id":"https:\/\/radioljubuski.ba\/index.php\/2021\/11\/09\/jajcanin-zbog-1380-km-nanesene-sete-sumariji-mora-na-sud\/#primaryimage"},"thumbnailUrl":"https:\/\/radioljubuski.ba\/wp-content\/uploads\/2021\/11\/2-2021-11-09-12-45-56-suma.jpg","articleSection":["BIH i regija"],"inLanguage":"hr"},{"@type":"WebPage","@id":"https:\/\/radioljubuski.ba\/index.php\/2021\/11\/09\/jajcanin-zbog-1380-km-nanesene-sete-sumariji-mora-na-sud\/","url":"https:\/\/radioljubuski.ba\/index.php\/2021\/11\/09\/jajcanin-zbog-1380-km-nanesene-sete-sumariji-mora-na-sud\/","name":"Jaj\u010danin zbog 13,80 KM nanesene \u0161ete \u0161umariji mora na sud - RADIO LJUBU\u0160KI","isPartOf":{"@id":"https:\/\/radioljubuski.ba\/#website"},"primaryImageOfPage":{"@id":"https:\/\/radioljubuski.ba\/index.php\/2021\/11\/09\/jajcanin-zbog-1380-km-nanesene-sete-sumariji-mora-na-sud\/#primaryimage"},"image":{"@id":"https:\/\/radioljubuski.ba\/index.php\/2021\/11\/09\/jajcanin-zbog-1380-km-nanesene-sete-sumariji-mora-na-sud\/#primaryimage"},"thumbnailUrl":"https:\/\/radioljubuski.ba\/wp-content\/uploads\/2021\/11\/2-2021-11-09-12-45-56-suma.jpg","datePublished":"2021-11-09T14:12:36+00:00","dateModified":"2021-11-09T14:12:37+00:00","breadcrumb":{"@id":"https:\/\/radioljubuski.ba\/index.php\/2021\/11\/09\/jajcanin-zbog-1380-km-nanesene-sete-sumariji-mora-na-sud\/#breadcrumb"},"inLanguage":"hr","potentialAction":[{"@type":"ReadAction","target":["https:\/\/radioljubuski.ba\/index.php\/2021\/11\/09\/jajcanin-zbog-1380-km-nanesene-sete-sumariji-mora-na-sud\/"]}]},{"@type":"ImageObject","inLanguage":"hr","@id":"https:\/\/radioljubuski.ba\/index.php\/2021\/11\/09\/jajcanin-zbog-1380-km-nanesene-sete-sumariji-mora-na-sud\/#primaryimage","url":"https:\/\/radioljubuski.ba\/wp-content\/uploads\/2021\/11\/2-2021-11-09-12-45-56-suma.jpg","contentUrl":"https:\/\/radioljubuski.ba\/wp-content\/uploads\/2021\/11\/2-2021-11-09-12-45-56-suma.jpg","width":1000,"height":625},{"@type":"BreadcrumbList","@id":"https:\/\/radioljubuski.ba\/index.php\/2021\/11\/09\/jajcanin-zbog-1380-km-nanesene-sete-sumariji-mora-na-sud\/#breadcrumb","itemListElement":[{"@type":"ListItem","position":1,"name":"Po\u010detna stranica","item":"https:\/\/radioljubuski.ba\/"},{"@type":"ListItem","position":2,"name":"Jaj\u010danin zbog 13,80 KM nanesene \u0161ete \u0161umariji mora na sud"}]},{"@type":"WebSite","@id":"https:\/\/radioljubuski.ba\/#website","url":"https:\/\/radioljubuski.ba\/","name":"Radio Ljubu\u0161ki","description":"Sun\u010dana frekvencija Hercegovine","publisher":{"@id":"https:\/\/radioljubuski.ba\/#organization"},"potentialAction":[{"@type":"SearchAction","target":{"@type":"EntryPoint","urlTemplate":"https:\/\/radioljubuski.ba\/?s={search_term_string}"},"query-input":{"@type":"PropertyValueSpecification","valueRequired":true,"valueName":"search_term_string"}}],"inLanguage":"hr"},{"@type":"Organization","@id":"https:\/\/radioljubuski.ba\/#organization","name":"Radio Ljubu\u0161ki","url":"https:\/\/radioljubuski.ba\/","logo":{"@type":"ImageObject","inLanguage":"hr","@id":"https:\/\/radioljubuski.ba\/#\/schema\/logo\/image\/","url":"https:\/\/radioljubuski.ba\/wp-content\/uploads\/2021\/02\/cropped-Radio_Ljubuski_logo1.jpg","contentUrl":"https:\/\/radioljubuski.ba\/wp-content\/uploads\/2021\/02\/cropped-Radio_Ljubuski_logo1.jpg","width":512,"height":512,"caption":"Radio Ljubu\u0161ki"},"image":{"@id":"https:\/\/radioljubuski.ba\/#\/schema\/logo\/image\/"},"sameAs":["https:\/\/www.facebook.com\/Radiio-Ljubuski-1490835324566332","https:\/\/x.com\/radioljubuski","https:\/\/hr.linkedin.com\/company\/radio-ljubuski","https:\/\/www.youtube.com\/channel\/UCHYaeO_n0Db3tjNGudGpXyw"]},{"@type":"Person","@id":"https:\/\/radioljubuski.ba\/#\/schema\/person\/19fc700381a780f69665d7956c469e3b","name":"Radio Ljubu\u0161ki"}]}},"_links":{"self":[{"href":"https:\/\/radioljubuski.ba\/index.php\/wp-json\/wp\/v2\/posts\/86933","targetHints":{"allow":["GET"]}}],"collection":[{"href":"https:\/\/radioljubuski.ba\/index.php\/wp-json\/wp\/v2\/posts"}],"about":[{"href":"https:\/\/radioljubuski.ba\/index.php\/wp-json\/wp\/v2\/types\/post"}],"author":[{"embeddable":true,"href":"https:\/\/radioljubuski.ba\/index.php\/wp-json\/wp\/v2\/users\/2"}],"replies":[{"embeddable":true,"href":"https:\/\/radioljubuski.ba\/index.php\/wp-json\/wp\/v2\/comments?post=86933"}],"version-history":[{"count":1,"href":"https:\/\/radioljubuski.ba\/index.php\/wp-json\/wp\/v2\/posts\/86933\/revisions"}],"predecessor-version":[{"id":86935,"href":"https:\/\/radioljubuski.ba\/index.php\/wp-json\/wp\/v2\/posts\/86933\/revisions\/86935"}],"wp:featuredmedia":[{"embeddable":true,"href":"https:\/\/radioljubuski.ba\/index.php\/wp-json\/wp\/v2\/media\/86934"}],"wp:attachment":[{"href":"https:\/\/radioljubuski.ba\/index.php\/wp-json\/wp\/v2\/media?parent=86933"}],"wp:term":[{"taxonomy":"category","embeddable":true,"href":"https:\/\/radioljubuski.ba\/index.php\/wp-json\/wp\/v2\/categories?post=86933"},{"taxonomy":"post_tag","embeddable":true,"href":"https:\/\/radioljubuski.ba\/index.php\/wp-json\/wp\/v2\/tags?post=86933"}],"curies":[{"name":"wp","href":"https:\/\/api.w.org\/{rel}","templated":true}]}}