{"id":86944,"date":"2021-11-09T15:17:00","date_gmt":"2021-11-09T14:17:00","guid":{"rendered":"https:\/\/radioljubuski.ba\/?p=86944"},"modified":"2021-11-09T15:17:01","modified_gmt":"2021-11-09T14:17:01","slug":"austrija-pojacane-kontrole-pridrzavanja-postrozenih-mjera-protiv-pandemije","status":"publish","type":"post","link":"https:\/\/radioljubuski.ba\/index.php\/2021\/11\/09\/austrija-pojacane-kontrole-pridrzavanja-postrozenih-mjera-protiv-pandemije\/","title":{"rendered":"Austrija: Poja\u010dane kontrole pridr\u017eavanja postro\u017eenih mjera protiv pandemije"},"content":{"rendered":"\n<p>Austrijska policija \u0107e dodatno kontrolirati primjenu strogih mjera borbe protiv pandemije koronavirusa uvedenih po\u010detkom tjedna a za to je odobreno i dodatno osoblje, najavio je austrijski ministar unutarnjih poslova Karl Nehammer u utorak.<\/p>\n\n\n\n<p>&#8220;Za kontrole smo predvidjeli dodatnih 800 policajaca a za osobe koje se ne budu pridr\u017eavale mjera slijedi nov\u010dana kazna&#8221;, navodi Karl Nehammer (Narodna stranka Austrije \u00d6VP) u svom priop\u0107enju.<\/p>\n\n\n\n<p>Za krivotvorenje covid-propusnica predvi\u0111ene su i kaznene mjere.<\/p>\n\n\n\n<p>Austrije je u ponedjeljak uvela stroge mjere u borbi protiv pandemije koronavirusa koje dozvoljavaju pristup ugostiteljskim, sportskim i kulturnim objektima samo uz predo\u010denje potvrde o cijepljenju ili preboljelom koronavirusu.<\/p>\n\n\n\n<p>Policija najavljuje &#8220;zna\u010dajno pove\u0107anje&#8221; broja kontrola sa sada\u0161njih 10.000 tjedno.<\/p>\n\n\n\n<p>&#8220;Kontrole \u0107e biti provo\u0111ene u cjelokupnom javnom prostoru&#8221;, rekao je Nehammer.<\/p>\n\n\n\n<p>Za one koji se ne budu pridr\u017eavali mjera predvi\u0111ene su nov\u010dane kazne. Gosta koji u nekom ugostiteljskom objektu budu uhva\u0107en bez potvrde o cijepljenju ili preboljelom virusu o\u010dekuje kazna od 300 eura a ugostitelji mogu biti ka\u017enjeni kaznom i do 30.000 eura.<\/p>\n\n\n\n<p>Cilj postro\u017eenih mjera je, kako je rekao ministar Nehammer, pove\u0107ati broj cijepljenih.<\/p>\n\n\n\n<p>&#8220;Cjepivo \u0161titi i mo\u017ee spasiti \u017eivot. Cijepljenje je i izraz dru\u0161tvene solidarnosti&#8221;, rekao je Nehammer.<\/p>\n\n\n\n<p>Oporbena Slobodnja\u010dka stranka Austrije (FP\u00d6) govori o \u201e\u0161ikaniranju i nadgledanju\u201c gra\u0111ana i tra\u017ee ostavku ministra unutarnjih poslova. U Austriji je 63,6 posto gra\u0111ana u potpunosti cijepljeno.<\/p>\n\n\n\n<p>Izvor:pogled.ba<\/p>\n","protected":false},"excerpt":{"rendered":"<p>Austrijska policija \u0107e dodatno kontrolirati primjenu strogih mjera borbe protiv pandemije koronavirusa uvedenih po\u010detkom tjedna a za to je odobreno i dodatno osoblje, najavio je austrijski ministar unutarnjih poslova Karl Nehammer u utorak. &#8220;Za kontrole smo predvidjeli dodatnih 800 policajaca a za osobe koje se ne budu pridr\u017eavale mjera slijedi nov\u010dana kazna&#8221;, navodi Karl Nehammer [&hellip;]<\/p>\n","protected":false},"author":2,"featured_media":22473,"comment_status":"closed","ping_status":"closed","sticky":false,"template":"","format":"standard","meta":{"h5ap_radio_sources":[],"footnotes":""},"categories":[1],"tags":[],"class_list":["post-86944","post","type-post","status-publish","format-standard","has-post-thumbnail","hentry","category-bihiregija"],"yoast_head":"<!-- This site is optimized with the Yoast SEO plugin v27.5 - https:\/\/yoast.com\/product\/yoast-seo-wordpress\/ -->\n<title>Austrija: Poja\u010dane kontrole pridr\u017eavanja postro\u017eenih mjera protiv pandemije - RADIO LJUBU\u0160KI<\/title>\n<meta name=\"robots\" content=\"index, follow, max-snippet:-1, max-image-preview:large, max-video-preview:-1\" \/>\n<link rel=\"canonical\" href=\"https:\/\/radioljubuski.ba\/index.php\/2021\/11\/09\/austrija-pojacane-kontrole-pridrzavanja-postrozenih-mjera-protiv-pandemije\/\" \/>\n<meta property=\"og:locale\" content=\"hr_HR\" \/>\n<meta property=\"og:type\" content=\"article\" \/>\n<meta property=\"og:title\" content=\"Austrija: Poja\u010dane kontrole pridr\u017eavanja postro\u017eenih mjera protiv pandemije - RADIO LJUBU\u0160KI\" \/>\n<meta property=\"og:description\" content=\"Austrijska policija \u0107e dodatno kontrolirati primjenu strogih mjera borbe protiv pandemije koronavirusa uvedenih po\u010detkom tjedna a za to je odobreno i dodatno osoblje, najavio je austrijski ministar unutarnjih poslova Karl Nehammer u utorak. &#8220;Za kontrole smo predvidjeli dodatnih 800 policajaca a za osobe koje se ne budu pridr\u017eavale mjera slijedi nov\u010dana kazna&#8221;, navodi Karl Nehammer [&hellip;]\" \/>\n<meta property=\"og:url\" content=\"https:\/\/radioljubuski.ba\/index.php\/2021\/11\/09\/austrija-pojacane-kontrole-pridrzavanja-postrozenih-mjera-protiv-pandemije\/\" \/>\n<meta property=\"og:site_name\" content=\"RADIO LJUBU\u0160KI\" \/>\n<meta property=\"article:publisher\" content=\"https:\/\/www.facebook.com\/Radiio-Ljubuski-1490835324566332\" \/>\n<meta property=\"article:published_time\" content=\"2021-11-09T14:17:00+00:00\" \/>\n<meta property=\"article:modified_time\" content=\"2021-11-09T14:17:01+00:00\" \/>\n<meta property=\"og:image\" content=\"https:\/\/radioljubuski.ba\/wp-content\/uploads\/2021\/05\/2-2021-05-18-07-16-10-austrija-granica_10341.jpg.axd_.jpg\" \/>\n\t<meta property=\"og:image:width\" content=\"1000\" \/>\n\t<meta property=\"og:image:height\" content=\"625\" \/>\n\t<meta property=\"og:image:type\" content=\"image\/jpeg\" \/>\n<meta name=\"author\" content=\"Radio Ljubu\u0161ki\" \/>\n<meta name=\"twitter:card\" content=\"summary_large_image\" \/>\n<meta name=\"twitter:creator\" content=\"@radioljubuski\" \/>\n<meta name=\"twitter:site\" content=\"@radioljubuski\" \/>\n<meta name=\"twitter:label1\" content=\"Napisao\/la\" \/>\n\t<meta name=\"twitter:data1\" content=\"Radio Ljubu\u0161ki\" \/>\n\t<meta name=\"twitter:label2\" content=\"Procijenjeno vrijeme \u010ditanja\" \/>\n\t<meta name=\"twitter:data2\" content=\"1 minuta\" \/>\n<script type=\"application\/ld+json\" class=\"yoast-schema-graph\">{\"@context\":\"https:\\\/\\\/schema.org\",\"@graph\":[{\"@type\":\"Article\",\"@id\":\"https:\\\/\\\/radioljubuski.ba\\\/index.php\\\/2021\\\/11\\\/09\\\/austrija-pojacane-kontrole-pridrzavanja-postrozenih-mjera-protiv-pandemije\\\/#article\",\"isPartOf\":{\"@id\":\"https:\\\/\\\/radioljubuski.ba\\\/index.php\\\/2021\\\/11\\\/09\\\/austrija-pojacane-kontrole-pridrzavanja-postrozenih-mjera-protiv-pandemije\\\/\"},\"author\":{\"name\":\"Radio Ljubu\u0161ki\",\"@id\":\"https:\\\/\\\/radioljubuski.ba\\\/#\\\/schema\\\/person\\\/19fc700381a780f69665d7956c469e3b\"},\"headline\":\"Austrija: Poja\u010dane kontrole pridr\u017eavanja postro\u017eenih mjera protiv pandemije\",\"datePublished\":\"2021-11-09T14:17:00+00:00\",\"dateModified\":\"2021-11-09T14:17:01+00:00\",\"mainEntityOfPage\":{\"@id\":\"https:\\\/\\\/radioljubuski.ba\\\/index.php\\\/2021\\\/11\\\/09\\\/austrija-pojacane-kontrole-pridrzavanja-postrozenih-mjera-protiv-pandemije\\\/\"},\"wordCount\":248,\"publisher\":{\"@id\":\"https:\\\/\\\/radioljubuski.ba\\\/#organization\"},\"image\":{\"@id\":\"https:\\\/\\\/radioljubuski.ba\\\/index.php\\\/2021\\\/11\\\/09\\\/austrija-pojacane-kontrole-pridrzavanja-postrozenih-mjera-protiv-pandemije\\\/#primaryimage\"},\"thumbnailUrl\":\"https:\\\/\\\/radioljubuski.ba\\\/wp-content\\\/uploads\\\/2021\\\/05\\\/2-2021-05-18-07-16-10-austrija-granica_10341.jpg.axd_.jpg\",\"articleSection\":[\"BIH i regija\"],\"inLanguage\":\"hr\"},{\"@type\":\"WebPage\",\"@id\":\"https:\\\/\\\/radioljubuski.ba\\\/index.php\\\/2021\\\/11\\\/09\\\/austrija-pojacane-kontrole-pridrzavanja-postrozenih-mjera-protiv-pandemije\\\/\",\"url\":\"https:\\\/\\\/radioljubuski.ba\\\/index.php\\\/2021\\\/11\\\/09\\\/austrija-pojacane-kontrole-pridrzavanja-postrozenih-mjera-protiv-pandemije\\\/\",\"name\":\"Austrija: Poja\u010dane kontrole pridr\u017eavanja postro\u017eenih mjera protiv pandemije - RADIO LJUBU\u0160KI\",\"isPartOf\":{\"@id\":\"https:\\\/\\\/radioljubuski.ba\\\/#website\"},\"primaryImageOfPage\":{\"@id\":\"https:\\\/\\\/radioljubuski.ba\\\/index.php\\\/2021\\\/11\\\/09\\\/austrija-pojacane-kontrole-pridrzavanja-postrozenih-mjera-protiv-pandemije\\\/#primaryimage\"},\"image\":{\"@id\":\"https:\\\/\\\/radioljubuski.ba\\\/index.php\\\/2021\\\/11\\\/09\\\/austrija-pojacane-kontrole-pridrzavanja-postrozenih-mjera-protiv-pandemije\\\/#primaryimage\"},\"thumbnailUrl\":\"https:\\\/\\\/radioljubuski.ba\\\/wp-content\\\/uploads\\\/2021\\\/05\\\/2-2021-05-18-07-16-10-austrija-granica_10341.jpg.axd_.jpg\",\"datePublished\":\"2021-11-09T14:17:00+00:00\",\"dateModified\":\"2021-11-09T14:17:01+00:00\",\"breadcrumb\":{\"@id\":\"https:\\\/\\\/radioljubuski.ba\\\/index.php\\\/2021\\\/11\\\/09\\\/austrija-pojacane-kontrole-pridrzavanja-postrozenih-mjera-protiv-pandemije\\\/#breadcrumb\"},\"inLanguage\":\"hr\",\"potentialAction\":[{\"@type\":\"ReadAction\",\"target\":[\"https:\\\/\\\/radioljubuski.ba\\\/index.php\\\/2021\\\/11\\\/09\\\/austrija-pojacane-kontrole-pridrzavanja-postrozenih-mjera-protiv-pandemije\\\/\"]}]},{\"@type\":\"ImageObject\",\"inLanguage\":\"hr\",\"@id\":\"https:\\\/\\\/radioljubuski.ba\\\/index.php\\\/2021\\\/11\\\/09\\\/austrija-pojacane-kontrole-pridrzavanja-postrozenih-mjera-protiv-pandemije\\\/#primaryimage\",\"url\":\"https:\\\/\\\/radioljubuski.ba\\\/wp-content\\\/uploads\\\/2021\\\/05\\\/2-2021-05-18-07-16-10-austrija-granica_10341.jpg.axd_.jpg\",\"contentUrl\":\"https:\\\/\\\/radioljubuski.ba\\\/wp-content\\\/uploads\\\/2021\\\/05\\\/2-2021-05-18-07-16-10-austrija-granica_10341.jpg.axd_.jpg\",\"width\":1000,\"height\":625},{\"@type\":\"BreadcrumbList\",\"@id\":\"https:\\\/\\\/radioljubuski.ba\\\/index.php\\\/2021\\\/11\\\/09\\\/austrija-pojacane-kontrole-pridrzavanja-postrozenih-mjera-protiv-pandemije\\\/#breadcrumb\",\"itemListElement\":[{\"@type\":\"ListItem\",\"position\":1,\"name\":\"Po\u010detna stranica\",\"item\":\"https:\\\/\\\/radioljubuski.ba\\\/\"},{\"@type\":\"ListItem\",\"position\":2,\"name\":\"Austrija: Poja\u010dane kontrole pridr\u017eavanja postro\u017eenih mjera protiv pandemije\"}]},{\"@type\":\"WebSite\",\"@id\":\"https:\\\/\\\/radioljubuski.ba\\\/#website\",\"url\":\"https:\\\/\\\/radioljubuski.ba\\\/\",\"name\":\"Radio Ljubu\u0161ki\",\"description\":\"Sun\u010dana frekvencija Hercegovine\",\"publisher\":{\"@id\":\"https:\\\/\\\/radioljubuski.ba\\\/#organization\"},\"potentialAction\":[{\"@type\":\"SearchAction\",\"target\":{\"@type\":\"EntryPoint\",\"urlTemplate\":\"https:\\\/\\\/radioljubuski.ba\\\/?s={search_term_string}\"},\"query-input\":{\"@type\":\"PropertyValueSpecification\",\"valueRequired\":true,\"valueName\":\"search_term_string\"}}],\"inLanguage\":\"hr\"},{\"@type\":\"Organization\",\"@id\":\"https:\\\/\\\/radioljubuski.ba\\\/#organization\",\"name\":\"Radio Ljubu\u0161ki\",\"url\":\"https:\\\/\\\/radioljubuski.ba\\\/\",\"logo\":{\"@type\":\"ImageObject\",\"inLanguage\":\"hr\",\"@id\":\"https:\\\/\\\/radioljubuski.ba\\\/#\\\/schema\\\/logo\\\/image\\\/\",\"url\":\"https:\\\/\\\/radioljubuski.ba\\\/wp-content\\\/uploads\\\/2021\\\/02\\\/cropped-Radio_Ljubuski_logo1.jpg\",\"contentUrl\":\"https:\\\/\\\/radioljubuski.ba\\\/wp-content\\\/uploads\\\/2021\\\/02\\\/cropped-Radio_Ljubuski_logo1.jpg\",\"width\":512,\"height\":512,\"caption\":\"Radio Ljubu\u0161ki\"},\"image\":{\"@id\":\"https:\\\/\\\/radioljubuski.ba\\\/#\\\/schema\\\/logo\\\/image\\\/\"},\"sameAs\":[\"https:\\\/\\\/www.facebook.com\\\/Radiio-Ljubuski-1490835324566332\",\"https:\\\/\\\/x.com\\\/radioljubuski\",\"https:\\\/\\\/hr.linkedin.com\\\/company\\\/radio-ljubuski\",\"https:\\\/\\\/www.youtube.com\\\/channel\\\/UCHYaeO_n0Db3tjNGudGpXyw\"]},{\"@type\":\"Person\",\"@id\":\"https:\\\/\\\/radioljubuski.ba\\\/#\\\/schema\\\/person\\\/19fc700381a780f69665d7956c469e3b\",\"name\":\"Radio Ljubu\u0161ki\"}]}<\/script>\n<!-- \/ Yoast SEO plugin. -->","yoast_head_json":{"title":"Austrija: Poja\u010dane kontrole pridr\u017eavanja postro\u017eenih mjera protiv pandemije - RADIO LJUBU\u0160KI","robots":{"index":"index","follow":"follow","max-snippet":"max-snippet:-1","max-image-preview":"max-image-preview:large","max-video-preview":"max-video-preview:-1"},"canonical":"https:\/\/radioljubuski.ba\/index.php\/2021\/11\/09\/austrija-pojacane-kontrole-pridrzavanja-postrozenih-mjera-protiv-pandemije\/","og_locale":"hr_HR","og_type":"article","og_title":"Austrija: Poja\u010dane kontrole pridr\u017eavanja postro\u017eenih mjera protiv pandemije - RADIO LJUBU\u0160KI","og_description":"Austrijska policija \u0107e dodatno kontrolirati primjenu strogih mjera borbe protiv pandemije koronavirusa uvedenih po\u010detkom tjedna a za to je odobreno i dodatno osoblje, najavio je austrijski ministar unutarnjih poslova Karl Nehammer u utorak. &#8220;Za kontrole smo predvidjeli dodatnih 800 policajaca a za osobe koje se ne budu pridr\u017eavale mjera slijedi nov\u010dana kazna&#8221;, navodi Karl Nehammer [&hellip;]","og_url":"https:\/\/radioljubuski.ba\/index.php\/2021\/11\/09\/austrija-pojacane-kontrole-pridrzavanja-postrozenih-mjera-protiv-pandemije\/","og_site_name":"RADIO LJUBU\u0160KI","article_publisher":"https:\/\/www.facebook.com\/Radiio-Ljubuski-1490835324566332","article_published_time":"2021-11-09T14:17:00+00:00","article_modified_time":"2021-11-09T14:17:01+00:00","og_image":[{"width":1000,"height":625,"url":"https:\/\/radioljubuski.ba\/wp-content\/uploads\/2021\/05\/2-2021-05-18-07-16-10-austrija-granica_10341.jpg.axd_.jpg","type":"image\/jpeg"}],"author":"Radio Ljubu\u0161ki","twitter_card":"summary_large_image","twitter_creator":"@radioljubuski","twitter_site":"@radioljubuski","twitter_misc":{"Napisao\/la":"Radio Ljubu\u0161ki","Procijenjeno vrijeme \u010ditanja":"1 minuta"},"schema":{"@context":"https:\/\/schema.org","@graph":[{"@type":"Article","@id":"https:\/\/radioljubuski.ba\/index.php\/2021\/11\/09\/austrija-pojacane-kontrole-pridrzavanja-postrozenih-mjera-protiv-pandemije\/#article","isPartOf":{"@id":"https:\/\/radioljubuski.ba\/index.php\/2021\/11\/09\/austrija-pojacane-kontrole-pridrzavanja-postrozenih-mjera-protiv-pandemije\/"},"author":{"name":"Radio Ljubu\u0161ki","@id":"https:\/\/radioljubuski.ba\/#\/schema\/person\/19fc700381a780f69665d7956c469e3b"},"headline":"Austrija: Poja\u010dane kontrole pridr\u017eavanja postro\u017eenih mjera protiv pandemije","datePublished":"2021-11-09T14:17:00+00:00","dateModified":"2021-11-09T14:17:01+00:00","mainEntityOfPage":{"@id":"https:\/\/radioljubuski.ba\/index.php\/2021\/11\/09\/austrija-pojacane-kontrole-pridrzavanja-postrozenih-mjera-protiv-pandemije\/"},"wordCount":248,"publisher":{"@id":"https:\/\/radioljubuski.ba\/#organization"},"image":{"@id":"https:\/\/radioljubuski.ba\/index.php\/2021\/11\/09\/austrija-pojacane-kontrole-pridrzavanja-postrozenih-mjera-protiv-pandemije\/#primaryimage"},"thumbnailUrl":"https:\/\/radioljubuski.ba\/wp-content\/uploads\/2021\/05\/2-2021-05-18-07-16-10-austrija-granica_10341.jpg.axd_.jpg","articleSection":["BIH i regija"],"inLanguage":"hr"},{"@type":"WebPage","@id":"https:\/\/radioljubuski.ba\/index.php\/2021\/11\/09\/austrija-pojacane-kontrole-pridrzavanja-postrozenih-mjera-protiv-pandemije\/","url":"https:\/\/radioljubuski.ba\/index.php\/2021\/11\/09\/austrija-pojacane-kontrole-pridrzavanja-postrozenih-mjera-protiv-pandemije\/","name":"Austrija: Poja\u010dane kontrole pridr\u017eavanja postro\u017eenih mjera protiv pandemije - RADIO LJUBU\u0160KI","isPartOf":{"@id":"https:\/\/radioljubuski.ba\/#website"},"primaryImageOfPage":{"@id":"https:\/\/radioljubuski.ba\/index.php\/2021\/11\/09\/austrija-pojacane-kontrole-pridrzavanja-postrozenih-mjera-protiv-pandemije\/#primaryimage"},"image":{"@id":"https:\/\/radioljubuski.ba\/index.php\/2021\/11\/09\/austrija-pojacane-kontrole-pridrzavanja-postrozenih-mjera-protiv-pandemije\/#primaryimage"},"thumbnailUrl":"https:\/\/radioljubuski.ba\/wp-content\/uploads\/2021\/05\/2-2021-05-18-07-16-10-austrija-granica_10341.jpg.axd_.jpg","datePublished":"2021-11-09T14:17:00+00:00","dateModified":"2021-11-09T14:17:01+00:00","breadcrumb":{"@id":"https:\/\/radioljubuski.ba\/index.php\/2021\/11\/09\/austrija-pojacane-kontrole-pridrzavanja-postrozenih-mjera-protiv-pandemije\/#breadcrumb"},"inLanguage":"hr","potentialAction":[{"@type":"ReadAction","target":["https:\/\/radioljubuski.ba\/index.php\/2021\/11\/09\/austrija-pojacane-kontrole-pridrzavanja-postrozenih-mjera-protiv-pandemije\/"]}]},{"@type":"ImageObject","inLanguage":"hr","@id":"https:\/\/radioljubuski.ba\/index.php\/2021\/11\/09\/austrija-pojacane-kontrole-pridrzavanja-postrozenih-mjera-protiv-pandemije\/#primaryimage","url":"https:\/\/radioljubuski.ba\/wp-content\/uploads\/2021\/05\/2-2021-05-18-07-16-10-austrija-granica_10341.jpg.axd_.jpg","contentUrl":"https:\/\/radioljubuski.ba\/wp-content\/uploads\/2021\/05\/2-2021-05-18-07-16-10-austrija-granica_10341.jpg.axd_.jpg","width":1000,"height":625},{"@type":"BreadcrumbList","@id":"https:\/\/radioljubuski.ba\/index.php\/2021\/11\/09\/austrija-pojacane-kontrole-pridrzavanja-postrozenih-mjera-protiv-pandemije\/#breadcrumb","itemListElement":[{"@type":"ListItem","position":1,"name":"Po\u010detna stranica","item":"https:\/\/radioljubuski.ba\/"},{"@type":"ListItem","position":2,"name":"Austrija: Poja\u010dane kontrole pridr\u017eavanja postro\u017eenih mjera protiv pandemije"}]},{"@type":"WebSite","@id":"https:\/\/radioljubuski.ba\/#website","url":"https:\/\/radioljubuski.ba\/","name":"Radio Ljubu\u0161ki","description":"Sun\u010dana frekvencija Hercegovine","publisher":{"@id":"https:\/\/radioljubuski.ba\/#organization"},"potentialAction":[{"@type":"SearchAction","target":{"@type":"EntryPoint","urlTemplate":"https:\/\/radioljubuski.ba\/?s={search_term_string}"},"query-input":{"@type":"PropertyValueSpecification","valueRequired":true,"valueName":"search_term_string"}}],"inLanguage":"hr"},{"@type":"Organization","@id":"https:\/\/radioljubuski.ba\/#organization","name":"Radio Ljubu\u0161ki","url":"https:\/\/radioljubuski.ba\/","logo":{"@type":"ImageObject","inLanguage":"hr","@id":"https:\/\/radioljubuski.ba\/#\/schema\/logo\/image\/","url":"https:\/\/radioljubuski.ba\/wp-content\/uploads\/2021\/02\/cropped-Radio_Ljubuski_logo1.jpg","contentUrl":"https:\/\/radioljubuski.ba\/wp-content\/uploads\/2021\/02\/cropped-Radio_Ljubuski_logo1.jpg","width":512,"height":512,"caption":"Radio Ljubu\u0161ki"},"image":{"@id":"https:\/\/radioljubuski.ba\/#\/schema\/logo\/image\/"},"sameAs":["https:\/\/www.facebook.com\/Radiio-Ljubuski-1490835324566332","https:\/\/x.com\/radioljubuski","https:\/\/hr.linkedin.com\/company\/radio-ljubuski","https:\/\/www.youtube.com\/channel\/UCHYaeO_n0Db3tjNGudGpXyw"]},{"@type":"Person","@id":"https:\/\/radioljubuski.ba\/#\/schema\/person\/19fc700381a780f69665d7956c469e3b","name":"Radio Ljubu\u0161ki"}]}},"_links":{"self":[{"href":"https:\/\/radioljubuski.ba\/index.php\/wp-json\/wp\/v2\/posts\/86944","targetHints":{"allow":["GET"]}}],"collection":[{"href":"https:\/\/radioljubuski.ba\/index.php\/wp-json\/wp\/v2\/posts"}],"about":[{"href":"https:\/\/radioljubuski.ba\/index.php\/wp-json\/wp\/v2\/types\/post"}],"author":[{"embeddable":true,"href":"https:\/\/radioljubuski.ba\/index.php\/wp-json\/wp\/v2\/users\/2"}],"replies":[{"embeddable":true,"href":"https:\/\/radioljubuski.ba\/index.php\/wp-json\/wp\/v2\/comments?post=86944"}],"version-history":[{"count":1,"href":"https:\/\/radioljubuski.ba\/index.php\/wp-json\/wp\/v2\/posts\/86944\/revisions"}],"predecessor-version":[{"id":86945,"href":"https:\/\/radioljubuski.ba\/index.php\/wp-json\/wp\/v2\/posts\/86944\/revisions\/86945"}],"wp:featuredmedia":[{"embeddable":true,"href":"https:\/\/radioljubuski.ba\/index.php\/wp-json\/wp\/v2\/media\/22473"}],"wp:attachment":[{"href":"https:\/\/radioljubuski.ba\/index.php\/wp-json\/wp\/v2\/media?parent=86944"}],"wp:term":[{"taxonomy":"category","embeddable":true,"href":"https:\/\/radioljubuski.ba\/index.php\/wp-json\/wp\/v2\/categories?post=86944"},{"taxonomy":"post_tag","embeddable":true,"href":"https:\/\/radioljubuski.ba\/index.php\/wp-json\/wp\/v2\/tags?post=86944"}],"curies":[{"name":"wp","href":"https:\/\/api.w.org\/{rel}","templated":true}]}}