{"id":86948,"date":"2021-11-09T15:21:40","date_gmt":"2021-11-09T14:21:40","guid":{"rendered":"https:\/\/radioljubuski.ba\/?p=86948"},"modified":"2021-11-09T15:21:41","modified_gmt":"2021-11-09T14:21:41","slug":"utakmicu-malta-hrvatska-sudi-nijemac-aytekin","status":"publish","type":"post","link":"https:\/\/radioljubuski.ba\/index.php\/2021\/11\/09\/utakmicu-malta-hrvatska-sudi-nijemac-aytekin\/","title":{"rendered":"Utakmicu Malta &#8211; Hrvatska sudi Nijemac Aytekin"},"content":{"rendered":"\n<p>Dvoboj hrvatske nogometne reprezentacije i Malte, u kvalifikacijama za SP 2022. godine u \u010detvrtak u Ta&#8217; Qaliju vodit \u0107e njema\u010dki sudac Deniz Aytekin.<\/p>\n\n\n\n<p>Rije\u010d je o njema\u010dkom sucu turskog podrijetla koji je ve\u0107 sudio &#8220;Vatrenima&#8221;. U lipnju ove godine vodio je pripremni ogled Hrvatske i Belgije uo\u010di po\u010detka EURO-a, a slavila je belgijska vrsta sa 1-0.<\/p>\n\n\n\n<p>Na dvoboju Izraela i Hrvatska u kvalifikacijam za EP 2012. godine u Tel Avivu bio je \u010detvrti sudac, a tu je utakmicu Hrvatska dobila sa 2-1.<\/p>\n\n\n\n<p>U o\u017eujku 2019. vodio je i uzvratni susret osmine finale Europske lige izme\u0111u Benfice i Dinama nakon koje su u &#8220;modrom&#8221; taboru imali dosta prigovora na su\u0111enje. Dinamo je nakon produ\u017eetaka izgubio 0-3, a Aytekin je u 104. minuti isklju\u010dio Stojanovi\u0107a.<\/p>\n\n\n\n<p>Poznat je i po su\u0111enju na utakmici Barcelone i PSG-a u o\u017eujku 2017. Tada je PSG stigao u Barcelonu sa 4-0 pobjedom, ali je u uzvratu bilo 6-1 za katalonski sastav. Aytekin je Barceloni dosudio dva kaznena udarca od kojih je jedan bio vrlo upitan.<\/p>\n\n\n\n<p>Su\u0111enjem se bavi od 1995. U Bundesligi je debitirao 2008. godine, a Fifin sudac je od 2011.<\/p>\n\n\n\n<p>Nijemci ga nazivaju &#8220;divom&#8221; jer je visok \u010dak 197 centimetara i jedan je od najvi\u0161ih sudaca svijeta. Suvlasnik je internetske tvrtke sa 75 zaposlenih.<\/p>\n\n\n\n<p>I ostatak suda\u010dke ekipe na Malti \u0107e biti Nijemci. Christian Dietz i Dominik Schaal \u0107e biti pomo\u0107nici, \u010detvrti sudac je Florian Badstubner, video sudac je Christian Dingert, a pomo\u0107ni video sudsac \u0107e biti Gunter Perl.<\/p>\n\n\n\n<p>Uo\u010di posljednja dva susreta u kvalifikacijama za SP 2022. godine hrvatska nogometna reprezentacija ima dva boda manje od lidera skupine Rusije.&nbsp;<\/p>\n\n\n\n<p>Vatreni&#8221; \u0107e 11. studenog gostovati kod Malte, dok \u0107e Rusija do\u010dekati Cipar u St Peterburgu. Tri dana poslije Hrvatska \u0107e na rasprodanom Poljudu do\u010dekati Rusiju u utakmici koja \u0107e, po svemu sude\u0107i, odlu\u010diti pobjednika skupine i izravnog putnika na SP 2022.<\/p>\n\n\n\n<p>Trenuta\u010dno Rusija vodi na ljestvici sa 19 bodova, Hrvatska je druga sa 17 bodova, dok Slova\u010dka i Slovenija imaju po 10 bodova. Na za\u010delju su Malta i Cipar sa po pet bodova.<\/p>\n\n\n\n<p>Izvor:pogled.ba<\/p>\n","protected":false},"excerpt":{"rendered":"<p>Dvoboj hrvatske nogometne reprezentacije i Malte, u kvalifikacijama za SP 2022. godine u \u010detvrtak u Ta&#8217; Qaliju vodit \u0107e njema\u010dki sudac Deniz Aytekin. Rije\u010d je o njema\u010dkom sucu turskog podrijetla koji je ve\u0107 sudio &#8220;Vatrenima&#8221;. U lipnju ove godine vodio je pripremni ogled Hrvatske i Belgije uo\u010di po\u010detka EURO-a, a slavila je belgijska vrsta sa [&hellip;]<\/p>\n","protected":false},"author":2,"featured_media":86949,"comment_status":"closed","ping_status":"closed","sticky":false,"template":"","format":"standard","meta":{"h5ap_radio_sources":[],"footnotes":""},"categories":[7],"tags":[],"class_list":["post-86948","post","type-post","status-publish","format-standard","has-post-thumbnail","hentry","category-sport"],"yoast_head":"<!-- This site is optimized with the Yoast SEO plugin v27.5 - https:\/\/yoast.com\/product\/yoast-seo-wordpress\/ -->\n<title>Utakmicu Malta - Hrvatska sudi Nijemac Aytekin - RADIO LJUBU\u0160KI<\/title>\n<meta name=\"robots\" content=\"index, follow, max-snippet:-1, max-image-preview:large, max-video-preview:-1\" \/>\n<link rel=\"canonical\" href=\"https:\/\/radioljubuski.ba\/index.php\/2021\/11\/09\/utakmicu-malta-hrvatska-sudi-nijemac-aytekin\/\" \/>\n<meta property=\"og:locale\" content=\"hr_HR\" \/>\n<meta property=\"og:type\" content=\"article\" \/>\n<meta property=\"og:title\" content=\"Utakmicu Malta - Hrvatska sudi Nijemac Aytekin - RADIO LJUBU\u0160KI\" \/>\n<meta property=\"og:description\" content=\"Dvoboj hrvatske nogometne reprezentacije i Malte, u kvalifikacijama za SP 2022. godine u \u010detvrtak u Ta&#8217; Qaliju vodit \u0107e njema\u010dki sudac Deniz Aytekin. Rije\u010d je o njema\u010dkom sucu turskog podrijetla koji je ve\u0107 sudio &#8220;Vatrenima&#8221;. U lipnju ove godine vodio je pripremni ogled Hrvatske i Belgije uo\u010di po\u010detka EURO-a, a slavila je belgijska vrsta sa [&hellip;]\" \/>\n<meta property=\"og:url\" content=\"https:\/\/radioljubuski.ba\/index.php\/2021\/11\/09\/utakmicu-malta-hrvatska-sudi-nijemac-aytekin\/\" \/>\n<meta property=\"og:site_name\" content=\"RADIO LJUBU\u0160KI\" \/>\n<meta property=\"article:publisher\" content=\"https:\/\/www.facebook.com\/Radiio-Ljubuski-1490835324566332\" \/>\n<meta property=\"article:published_time\" content=\"2021-11-09T14:21:40+00:00\" \/>\n<meta property=\"article:modified_time\" content=\"2021-11-09T14:21:41+00:00\" \/>\n<meta property=\"og:image\" content=\"https:\/\/radioljubuski.ba\/wp-content\/uploads\/2021\/11\/Deniz-Aytekin-sudac-nogometni-sudac.jpg\" \/>\n\t<meta property=\"og:image:width\" content=\"1280\" \/>\n\t<meta property=\"og:image:height\" content=\"880\" \/>\n\t<meta property=\"og:image:type\" content=\"image\/jpeg\" \/>\n<meta name=\"author\" content=\"Radio Ljubu\u0161ki\" \/>\n<meta name=\"twitter:card\" content=\"summary_large_image\" \/>\n<meta name=\"twitter:creator\" content=\"@radioljubuski\" \/>\n<meta name=\"twitter:site\" content=\"@radioljubuski\" \/>\n<meta name=\"twitter:label1\" content=\"Napisao\/la\" \/>\n\t<meta name=\"twitter:data1\" content=\"Radio Ljubu\u0161ki\" \/>\n\t<meta name=\"twitter:label2\" content=\"Procijenjeno vrijeme \u010ditanja\" \/>\n\t<meta name=\"twitter:data2\" content=\"2 minute\" \/>\n<script type=\"application\/ld+json\" class=\"yoast-schema-graph\">{\"@context\":\"https:\\\/\\\/schema.org\",\"@graph\":[{\"@type\":\"Article\",\"@id\":\"https:\\\/\\\/radioljubuski.ba\\\/index.php\\\/2021\\\/11\\\/09\\\/utakmicu-malta-hrvatska-sudi-nijemac-aytekin\\\/#article\",\"isPartOf\":{\"@id\":\"https:\\\/\\\/radioljubuski.ba\\\/index.php\\\/2021\\\/11\\\/09\\\/utakmicu-malta-hrvatska-sudi-nijemac-aytekin\\\/\"},\"author\":{\"name\":\"Radio Ljubu\u0161ki\",\"@id\":\"https:\\\/\\\/radioljubuski.ba\\\/#\\\/schema\\\/person\\\/19fc700381a780f69665d7956c469e3b\"},\"headline\":\"Utakmicu Malta &#8211; Hrvatska sudi Nijemac Aytekin\",\"datePublished\":\"2021-11-09T14:21:40+00:00\",\"dateModified\":\"2021-11-09T14:21:41+00:00\",\"mainEntityOfPage\":{\"@id\":\"https:\\\/\\\/radioljubuski.ba\\\/index.php\\\/2021\\\/11\\\/09\\\/utakmicu-malta-hrvatska-sudi-nijemac-aytekin\\\/\"},\"wordCount\":358,\"publisher\":{\"@id\":\"https:\\\/\\\/radioljubuski.ba\\\/#organization\"},\"image\":{\"@id\":\"https:\\\/\\\/radioljubuski.ba\\\/index.php\\\/2021\\\/11\\\/09\\\/utakmicu-malta-hrvatska-sudi-nijemac-aytekin\\\/#primaryimage\"},\"thumbnailUrl\":\"https:\\\/\\\/radioljubuski.ba\\\/wp-content\\\/uploads\\\/2021\\\/11\\\/Deniz-Aytekin-sudac-nogometni-sudac.jpg\",\"articleSection\":[\"\u0160port\"],\"inLanguage\":\"hr\"},{\"@type\":\"WebPage\",\"@id\":\"https:\\\/\\\/radioljubuski.ba\\\/index.php\\\/2021\\\/11\\\/09\\\/utakmicu-malta-hrvatska-sudi-nijemac-aytekin\\\/\",\"url\":\"https:\\\/\\\/radioljubuski.ba\\\/index.php\\\/2021\\\/11\\\/09\\\/utakmicu-malta-hrvatska-sudi-nijemac-aytekin\\\/\",\"name\":\"Utakmicu Malta - Hrvatska sudi Nijemac Aytekin - RADIO LJUBU\u0160KI\",\"isPartOf\":{\"@id\":\"https:\\\/\\\/radioljubuski.ba\\\/#website\"},\"primaryImageOfPage\":{\"@id\":\"https:\\\/\\\/radioljubuski.ba\\\/index.php\\\/2021\\\/11\\\/09\\\/utakmicu-malta-hrvatska-sudi-nijemac-aytekin\\\/#primaryimage\"},\"image\":{\"@id\":\"https:\\\/\\\/radioljubuski.ba\\\/index.php\\\/2021\\\/11\\\/09\\\/utakmicu-malta-hrvatska-sudi-nijemac-aytekin\\\/#primaryimage\"},\"thumbnailUrl\":\"https:\\\/\\\/radioljubuski.ba\\\/wp-content\\\/uploads\\\/2021\\\/11\\\/Deniz-Aytekin-sudac-nogometni-sudac.jpg\",\"datePublished\":\"2021-11-09T14:21:40+00:00\",\"dateModified\":\"2021-11-09T14:21:41+00:00\",\"breadcrumb\":{\"@id\":\"https:\\\/\\\/radioljubuski.ba\\\/index.php\\\/2021\\\/11\\\/09\\\/utakmicu-malta-hrvatska-sudi-nijemac-aytekin\\\/#breadcrumb\"},\"inLanguage\":\"hr\",\"potentialAction\":[{\"@type\":\"ReadAction\",\"target\":[\"https:\\\/\\\/radioljubuski.ba\\\/index.php\\\/2021\\\/11\\\/09\\\/utakmicu-malta-hrvatska-sudi-nijemac-aytekin\\\/\"]}]},{\"@type\":\"ImageObject\",\"inLanguage\":\"hr\",\"@id\":\"https:\\\/\\\/radioljubuski.ba\\\/index.php\\\/2021\\\/11\\\/09\\\/utakmicu-malta-hrvatska-sudi-nijemac-aytekin\\\/#primaryimage\",\"url\":\"https:\\\/\\\/radioljubuski.ba\\\/wp-content\\\/uploads\\\/2021\\\/11\\\/Deniz-Aytekin-sudac-nogometni-sudac.jpg\",\"contentUrl\":\"https:\\\/\\\/radioljubuski.ba\\\/wp-content\\\/uploads\\\/2021\\\/11\\\/Deniz-Aytekin-sudac-nogometni-sudac.jpg\",\"width\":1280,\"height\":880},{\"@type\":\"BreadcrumbList\",\"@id\":\"https:\\\/\\\/radioljubuski.ba\\\/index.php\\\/2021\\\/11\\\/09\\\/utakmicu-malta-hrvatska-sudi-nijemac-aytekin\\\/#breadcrumb\",\"itemListElement\":[{\"@type\":\"ListItem\",\"position\":1,\"name\":\"Po\u010detna stranica\",\"item\":\"https:\\\/\\\/radioljubuski.ba\\\/\"},{\"@type\":\"ListItem\",\"position\":2,\"name\":\"Utakmicu Malta &#8211; Hrvatska sudi Nijemac Aytekin\"}]},{\"@type\":\"WebSite\",\"@id\":\"https:\\\/\\\/radioljubuski.ba\\\/#website\",\"url\":\"https:\\\/\\\/radioljubuski.ba\\\/\",\"name\":\"Radio Ljubu\u0161ki\",\"description\":\"Sun\u010dana frekvencija Hercegovine\",\"publisher\":{\"@id\":\"https:\\\/\\\/radioljubuski.ba\\\/#organization\"},\"potentialAction\":[{\"@type\":\"SearchAction\",\"target\":{\"@type\":\"EntryPoint\",\"urlTemplate\":\"https:\\\/\\\/radioljubuski.ba\\\/?s={search_term_string}\"},\"query-input\":{\"@type\":\"PropertyValueSpecification\",\"valueRequired\":true,\"valueName\":\"search_term_string\"}}],\"inLanguage\":\"hr\"},{\"@type\":\"Organization\",\"@id\":\"https:\\\/\\\/radioljubuski.ba\\\/#organization\",\"name\":\"Radio Ljubu\u0161ki\",\"url\":\"https:\\\/\\\/radioljubuski.ba\\\/\",\"logo\":{\"@type\":\"ImageObject\",\"inLanguage\":\"hr\",\"@id\":\"https:\\\/\\\/radioljubuski.ba\\\/#\\\/schema\\\/logo\\\/image\\\/\",\"url\":\"https:\\\/\\\/radioljubuski.ba\\\/wp-content\\\/uploads\\\/2021\\\/02\\\/cropped-Radio_Ljubuski_logo1.jpg\",\"contentUrl\":\"https:\\\/\\\/radioljubuski.ba\\\/wp-content\\\/uploads\\\/2021\\\/02\\\/cropped-Radio_Ljubuski_logo1.jpg\",\"width\":512,\"height\":512,\"caption\":\"Radio Ljubu\u0161ki\"},\"image\":{\"@id\":\"https:\\\/\\\/radioljubuski.ba\\\/#\\\/schema\\\/logo\\\/image\\\/\"},\"sameAs\":[\"https:\\\/\\\/www.facebook.com\\\/Radiio-Ljubuski-1490835324566332\",\"https:\\\/\\\/x.com\\\/radioljubuski\",\"https:\\\/\\\/hr.linkedin.com\\\/company\\\/radio-ljubuski\",\"https:\\\/\\\/www.youtube.com\\\/channel\\\/UCHYaeO_n0Db3tjNGudGpXyw\"]},{\"@type\":\"Person\",\"@id\":\"https:\\\/\\\/radioljubuski.ba\\\/#\\\/schema\\\/person\\\/19fc700381a780f69665d7956c469e3b\",\"name\":\"Radio Ljubu\u0161ki\"}]}<\/script>\n<!-- \/ Yoast SEO plugin. -->","yoast_head_json":{"title":"Utakmicu Malta - Hrvatska sudi Nijemac Aytekin - RADIO LJUBU\u0160KI","robots":{"index":"index","follow":"follow","max-snippet":"max-snippet:-1","max-image-preview":"max-image-preview:large","max-video-preview":"max-video-preview:-1"},"canonical":"https:\/\/radioljubuski.ba\/index.php\/2021\/11\/09\/utakmicu-malta-hrvatska-sudi-nijemac-aytekin\/","og_locale":"hr_HR","og_type":"article","og_title":"Utakmicu Malta - Hrvatska sudi Nijemac Aytekin - RADIO LJUBU\u0160KI","og_description":"Dvoboj hrvatske nogometne reprezentacije i Malte, u kvalifikacijama za SP 2022. godine u \u010detvrtak u Ta&#8217; Qaliju vodit \u0107e njema\u010dki sudac Deniz Aytekin. Rije\u010d je o njema\u010dkom sucu turskog podrijetla koji je ve\u0107 sudio &#8220;Vatrenima&#8221;. U lipnju ove godine vodio je pripremni ogled Hrvatske i Belgije uo\u010di po\u010detka EURO-a, a slavila je belgijska vrsta sa [&hellip;]","og_url":"https:\/\/radioljubuski.ba\/index.php\/2021\/11\/09\/utakmicu-malta-hrvatska-sudi-nijemac-aytekin\/","og_site_name":"RADIO LJUBU\u0160KI","article_publisher":"https:\/\/www.facebook.com\/Radiio-Ljubuski-1490835324566332","article_published_time":"2021-11-09T14:21:40+00:00","article_modified_time":"2021-11-09T14:21:41+00:00","og_image":[{"width":1280,"height":880,"url":"https:\/\/radioljubuski.ba\/wp-content\/uploads\/2021\/11\/Deniz-Aytekin-sudac-nogometni-sudac.jpg","type":"image\/jpeg"}],"author":"Radio Ljubu\u0161ki","twitter_card":"summary_large_image","twitter_creator":"@radioljubuski","twitter_site":"@radioljubuski","twitter_misc":{"Napisao\/la":"Radio Ljubu\u0161ki","Procijenjeno vrijeme \u010ditanja":"2 minute"},"schema":{"@context":"https:\/\/schema.org","@graph":[{"@type":"Article","@id":"https:\/\/radioljubuski.ba\/index.php\/2021\/11\/09\/utakmicu-malta-hrvatska-sudi-nijemac-aytekin\/#article","isPartOf":{"@id":"https:\/\/radioljubuski.ba\/index.php\/2021\/11\/09\/utakmicu-malta-hrvatska-sudi-nijemac-aytekin\/"},"author":{"name":"Radio Ljubu\u0161ki","@id":"https:\/\/radioljubuski.ba\/#\/schema\/person\/19fc700381a780f69665d7956c469e3b"},"headline":"Utakmicu Malta &#8211; Hrvatska sudi Nijemac Aytekin","datePublished":"2021-11-09T14:21:40+00:00","dateModified":"2021-11-09T14:21:41+00:00","mainEntityOfPage":{"@id":"https:\/\/radioljubuski.ba\/index.php\/2021\/11\/09\/utakmicu-malta-hrvatska-sudi-nijemac-aytekin\/"},"wordCount":358,"publisher":{"@id":"https:\/\/radioljubuski.ba\/#organization"},"image":{"@id":"https:\/\/radioljubuski.ba\/index.php\/2021\/11\/09\/utakmicu-malta-hrvatska-sudi-nijemac-aytekin\/#primaryimage"},"thumbnailUrl":"https:\/\/radioljubuski.ba\/wp-content\/uploads\/2021\/11\/Deniz-Aytekin-sudac-nogometni-sudac.jpg","articleSection":["\u0160port"],"inLanguage":"hr"},{"@type":"WebPage","@id":"https:\/\/radioljubuski.ba\/index.php\/2021\/11\/09\/utakmicu-malta-hrvatska-sudi-nijemac-aytekin\/","url":"https:\/\/radioljubuski.ba\/index.php\/2021\/11\/09\/utakmicu-malta-hrvatska-sudi-nijemac-aytekin\/","name":"Utakmicu Malta - Hrvatska sudi Nijemac Aytekin - RADIO LJUBU\u0160KI","isPartOf":{"@id":"https:\/\/radioljubuski.ba\/#website"},"primaryImageOfPage":{"@id":"https:\/\/radioljubuski.ba\/index.php\/2021\/11\/09\/utakmicu-malta-hrvatska-sudi-nijemac-aytekin\/#primaryimage"},"image":{"@id":"https:\/\/radioljubuski.ba\/index.php\/2021\/11\/09\/utakmicu-malta-hrvatska-sudi-nijemac-aytekin\/#primaryimage"},"thumbnailUrl":"https:\/\/radioljubuski.ba\/wp-content\/uploads\/2021\/11\/Deniz-Aytekin-sudac-nogometni-sudac.jpg","datePublished":"2021-11-09T14:21:40+00:00","dateModified":"2021-11-09T14:21:41+00:00","breadcrumb":{"@id":"https:\/\/radioljubuski.ba\/index.php\/2021\/11\/09\/utakmicu-malta-hrvatska-sudi-nijemac-aytekin\/#breadcrumb"},"inLanguage":"hr","potentialAction":[{"@type":"ReadAction","target":["https:\/\/radioljubuski.ba\/index.php\/2021\/11\/09\/utakmicu-malta-hrvatska-sudi-nijemac-aytekin\/"]}]},{"@type":"ImageObject","inLanguage":"hr","@id":"https:\/\/radioljubuski.ba\/index.php\/2021\/11\/09\/utakmicu-malta-hrvatska-sudi-nijemac-aytekin\/#primaryimage","url":"https:\/\/radioljubuski.ba\/wp-content\/uploads\/2021\/11\/Deniz-Aytekin-sudac-nogometni-sudac.jpg","contentUrl":"https:\/\/radioljubuski.ba\/wp-content\/uploads\/2021\/11\/Deniz-Aytekin-sudac-nogometni-sudac.jpg","width":1280,"height":880},{"@type":"BreadcrumbList","@id":"https:\/\/radioljubuski.ba\/index.php\/2021\/11\/09\/utakmicu-malta-hrvatska-sudi-nijemac-aytekin\/#breadcrumb","itemListElement":[{"@type":"ListItem","position":1,"name":"Po\u010detna stranica","item":"https:\/\/radioljubuski.ba\/"},{"@type":"ListItem","position":2,"name":"Utakmicu Malta &#8211; Hrvatska sudi Nijemac Aytekin"}]},{"@type":"WebSite","@id":"https:\/\/radioljubuski.ba\/#website","url":"https:\/\/radioljubuski.ba\/","name":"Radio Ljubu\u0161ki","description":"Sun\u010dana frekvencija Hercegovine","publisher":{"@id":"https:\/\/radioljubuski.ba\/#organization"},"potentialAction":[{"@type":"SearchAction","target":{"@type":"EntryPoint","urlTemplate":"https:\/\/radioljubuski.ba\/?s={search_term_string}"},"query-input":{"@type":"PropertyValueSpecification","valueRequired":true,"valueName":"search_term_string"}}],"inLanguage":"hr"},{"@type":"Organization","@id":"https:\/\/radioljubuski.ba\/#organization","name":"Radio Ljubu\u0161ki","url":"https:\/\/radioljubuski.ba\/","logo":{"@type":"ImageObject","inLanguage":"hr","@id":"https:\/\/radioljubuski.ba\/#\/schema\/logo\/image\/","url":"https:\/\/radioljubuski.ba\/wp-content\/uploads\/2021\/02\/cropped-Radio_Ljubuski_logo1.jpg","contentUrl":"https:\/\/radioljubuski.ba\/wp-content\/uploads\/2021\/02\/cropped-Radio_Ljubuski_logo1.jpg","width":512,"height":512,"caption":"Radio Ljubu\u0161ki"},"image":{"@id":"https:\/\/radioljubuski.ba\/#\/schema\/logo\/image\/"},"sameAs":["https:\/\/www.facebook.com\/Radiio-Ljubuski-1490835324566332","https:\/\/x.com\/radioljubuski","https:\/\/hr.linkedin.com\/company\/radio-ljubuski","https:\/\/www.youtube.com\/channel\/UCHYaeO_n0Db3tjNGudGpXyw"]},{"@type":"Person","@id":"https:\/\/radioljubuski.ba\/#\/schema\/person\/19fc700381a780f69665d7956c469e3b","name":"Radio Ljubu\u0161ki"}]}},"_links":{"self":[{"href":"https:\/\/radioljubuski.ba\/index.php\/wp-json\/wp\/v2\/posts\/86948","targetHints":{"allow":["GET"]}}],"collection":[{"href":"https:\/\/radioljubuski.ba\/index.php\/wp-json\/wp\/v2\/posts"}],"about":[{"href":"https:\/\/radioljubuski.ba\/index.php\/wp-json\/wp\/v2\/types\/post"}],"author":[{"embeddable":true,"href":"https:\/\/radioljubuski.ba\/index.php\/wp-json\/wp\/v2\/users\/2"}],"replies":[{"embeddable":true,"href":"https:\/\/radioljubuski.ba\/index.php\/wp-json\/wp\/v2\/comments?post=86948"}],"version-history":[{"count":1,"href":"https:\/\/radioljubuski.ba\/index.php\/wp-json\/wp\/v2\/posts\/86948\/revisions"}],"predecessor-version":[{"id":86950,"href":"https:\/\/radioljubuski.ba\/index.php\/wp-json\/wp\/v2\/posts\/86948\/revisions\/86950"}],"wp:featuredmedia":[{"embeddable":true,"href":"https:\/\/radioljubuski.ba\/index.php\/wp-json\/wp\/v2\/media\/86949"}],"wp:attachment":[{"href":"https:\/\/radioljubuski.ba\/index.php\/wp-json\/wp\/v2\/media?parent=86948"}],"wp:term":[{"taxonomy":"category","embeddable":true,"href":"https:\/\/radioljubuski.ba\/index.php\/wp-json\/wp\/v2\/categories?post=86948"},{"taxonomy":"post_tag","embeddable":true,"href":"https:\/\/radioljubuski.ba\/index.php\/wp-json\/wp\/v2\/tags?post=86948"}],"curies":[{"name":"wp","href":"https:\/\/api.w.org\/{rel}","templated":true}]}}