{"id":86957,"date":"2021-11-09T15:25:36","date_gmt":"2021-11-09T14:25:36","guid":{"rendered":"https:\/\/radioljubuski.ba\/?p=86957"},"modified":"2021-11-09T15:25:37","modified_gmt":"2021-11-09T14:25:37","slug":"zene-u-politici-i-njihovo-predstavljanje-u-medijima-stereotipno-prikazivanje-zene-nije-iskljucivo-vezano-za-balkan","status":"publish","type":"post","link":"https:\/\/radioljubuski.ba\/index.php\/2021\/11\/09\/zene-u-politici-i-njihovo-predstavljanje-u-medijima-stereotipno-prikazivanje-zene-nije-iskljucivo-vezano-za-balkan\/","title":{"rendered":"&#8220;\u017dene u politici i njihovo predstavljanje u medijima&#8221;: Stereotipno prikazivanje \u017eene nije isklju\u010divo vezano za Balkan"},"content":{"rendered":"\n<p>Istra\u017eivanje koje je 2018. godine provela udruga BH novinari pokazuje da je samo 13 posto \u017eena aktivnih u politi\u010dkom \u017eivotu zauzimalo medijski prostor, istaknuto je na Women&#8217;s Press forumu &#8220;\u017dene u politici i njihovo predstavljanje u medijima&#8221; odr\u017eanom u utorak u Mostaru.<\/p>\n\n\n\n<p>Moderatorica foruma i pravnica u Liniji za pomo\u0107 novinarima Vildana D\u017eekman rekla je da je ovaj forum nastavak onih koji su ranije organizirani u Zenici, Tuzli, Br\u010dkom, na Jahorini i u Sarajevu uz pomo\u0107 Ameri\u010dkog veleposlanstva u BiH.<\/p>\n\n\n\n<p>&#8211; Cilj nam je da kroz dva panela, gdje okupljamo novinare i novinarke, a u drugom panelu politi\u010dare i politi\u010darke, govorimo o tome koliko i na koji na\u010din su \u017eene u politici predstavljene kroz medijske sadr\u017eaje. 2018. godine bh. novinari su napravili istra\u017eivanje koje je pokazalo da se samo 13,14 posto \u017eena aktivnih u politici nalazi u medijskim sadr\u017eajima &#8211; kazala je D\u017eekman.<\/p>\n\n\n\n<p>Dodala je kako su Woman&#8217;s Press forumi pokazali vi\u0161estrukost problema nedovoljnog broja \u017eena i njihovog neadekvatnog prikazivanja u medijskim sadr\u017eajima.<\/p>\n\n\n\n<p>Prema njezinim rije\u010dima, novinarima je izazov da do\u0111u do \u017eena aktivnih u politici koje \u017eele javno istupiti pred medije, a o\u010digledan je i problem ravnopravnosti \u017eena na visokim funkcijama u vlasti jer takve pozicije obi\u010dno dr\u017ee mu\u0161karci i kao vr\u0161itelji tih funkcija \u010de\u0161\u0107e se nalaze u medijskom prostoru.<\/p>\n\n\n\n<p>&#8211; Stranke su te gdje glavnu ulogu vode predsjednici stranaka, to su ve\u0107inom mu\u0161karci koji su prvi u istupima u javnom prostoru i javnom diskursu \u2013 rekla je Vildana D\u017eekman.<\/p>\n\n\n\n<p>Vi\u0161e je razloga za\u0161to su \u017eene lo\u0161ije tretirane u medijima, a pogotovo zbog patrijarhalno-konzervativnog dru\u0161tva, izjavila je profesorica sa Sveu\u010dili\u0161ta u Mostaru Daniela Jur\u010di\u0107.<\/p>\n\n\n\n<p>&#8211; \u017dena se naj\u010de\u0161\u0107e prikazuju kroz maj\u010dinstvo, potom \u0161to je odjenula, puno se igra s njezinim odjevnim kombinacijama, a \u010dak u Bosni i Hercegovini sam primijetila da se komentira i fizionomija \u017eene, a kod mu\u0161karaca se to ni\u0161ta ne spominje &#8211; kazala je profesorica Jur\u010di\u0107.<\/p>\n\n\n\n<p>Naglasila je da stereotipno prikazivanje \u017eene nije nu\u017eno vezano za patrijarhalni Balkan ve\u0107 da takvi stereotipi postoje diljem svijeta. Kao primjer je navela slu\u010daj Sarah Palin, biv\u0161e guvernerke Aljaske i kandidatkinje za potpredsjednicu SAD-a.<\/p>\n\n\n\n<p>&#8211; Za nju se govorilo da ne\u0107e svoju funkciju mo\u0107i obavljati dobro jer doma ima petero djece. Za to vrijeme njezin suprug nije spominjan u medijima, kao da je njezina uloga da sama odgaja djecu, a da tu ulogu otac nema. Takvi slu\u010dajevi, dakle, nisu vezani isklju\u010divo za Balkan, ali kod nas su malo vi\u0161e zastupljeni &#8211; navela je profesorica Jur\u010di\u0107.<\/p>\n\n\n\n<p>Dodala je kako se \u010dini da bh. dru\u0161tvo \u017eenama poru\u010duje da im je mjesto u ku\u0107i.<\/p>\n\n\n\n<p>&#8211; \u017denama se preporu\u010duje da ostanu ku\u0107i i rade ono \u0161to je dru\u0161tvo zamislilo da trebaju raditi, a to je da bude majke, ku\u0107anice. Negdje sam pro\u010ditala u stru\u010dnoj literaturi da \u017eena treba biti &#8220;ra\u0111alica&#8221; i na tu sam posebno alergi\u010dna. Nemojmo to dozvoliti jer \u017eivimo u 21. stolje\u0107u \u2013 poru\u010dila je profesorica Jur\u010di\u0107.<\/p>\n\n\n\n<p>Izvor:pogled.ba<\/p>\n","protected":false},"excerpt":{"rendered":"<p>Istra\u017eivanje koje je 2018. godine provela udruga BH novinari pokazuje da je samo 13 posto \u017eena aktivnih u politi\u010dkom \u017eivotu zauzimalo medijski prostor, istaknuto je na Women&#8217;s Press forumu &#8220;\u017dene u politici i njihovo predstavljanje u medijima&#8221; odr\u017eanom u utorak u Mostaru. Moderatorica foruma i pravnica u Liniji za pomo\u0107 novinarima Vildana D\u017eekman rekla je [&hellip;]<\/p>\n","protected":false},"author":2,"featured_media":86958,"comment_status":"closed","ping_status":"closed","sticky":false,"template":"","format":"standard","meta":{"h5ap_radio_sources":[],"footnotes":""},"categories":[1],"tags":[],"class_list":["post-86957","post","type-post","status-publish","format-standard","has-post-thumbnail","hentry","category-bihiregija"],"yoast_head":"<!-- This site is optimized with the Yoast SEO plugin v27.5 - https:\/\/yoast.com\/product\/yoast-seo-wordpress\/ -->\n<title>&quot;\u017dene u politici i njihovo predstavljanje u medijima&quot;: Stereotipno prikazivanje \u017eene nije isklju\u010divo vezano za Balkan - RADIO LJUBU\u0160KI<\/title>\n<meta name=\"robots\" content=\"index, follow, max-snippet:-1, max-image-preview:large, max-video-preview:-1\" \/>\n<link rel=\"canonical\" href=\"https:\/\/radioljubuski.ba\/index.php\/2021\/11\/09\/zene-u-politici-i-njihovo-predstavljanje-u-medijima-stereotipno-prikazivanje-zene-nije-iskljucivo-vezano-za-balkan\/\" \/>\n<meta property=\"og:locale\" content=\"hr_HR\" \/>\n<meta property=\"og:type\" content=\"article\" \/>\n<meta property=\"og:title\" content=\"&quot;\u017dene u politici i njihovo predstavljanje u medijima&quot;: Stereotipno prikazivanje \u017eene nije isklju\u010divo vezano za Balkan - RADIO LJUBU\u0160KI\" \/>\n<meta property=\"og:description\" content=\"Istra\u017eivanje koje je 2018. godine provela udruga BH novinari pokazuje da je samo 13 posto \u017eena aktivnih u politi\u010dkom \u017eivotu zauzimalo medijski prostor, istaknuto je na Women&#8217;s Press forumu &#8220;\u017dene u politici i njihovo predstavljanje u medijima&#8221; odr\u017eanom u utorak u Mostaru. Moderatorica foruma i pravnica u Liniji za pomo\u0107 novinarima Vildana D\u017eekman rekla je [&hellip;]\" \/>\n<meta property=\"og:url\" content=\"https:\/\/radioljubuski.ba\/index.php\/2021\/11\/09\/zene-u-politici-i-njihovo-predstavljanje-u-medijima-stereotipno-prikazivanje-zene-nije-iskljucivo-vezano-za-balkan\/\" \/>\n<meta property=\"og:site_name\" content=\"RADIO LJUBU\u0160KI\" \/>\n<meta property=\"article:publisher\" content=\"https:\/\/www.facebook.com\/Radiio-Ljubuski-1490835324566332\" \/>\n<meta property=\"article:published_time\" content=\"2021-11-09T14:25:36+00:00\" \/>\n<meta property=\"article:modified_time\" content=\"2021-11-09T14:25:37+00:00\" \/>\n<meta property=\"og:image\" content=\"https:\/\/radioljubuski.ba\/wp-content\/uploads\/2021\/11\/3-2021-11-09-14-09-57-forum.jpg\" \/>\n\t<meta property=\"og:image:width\" content=\"1000\" \/>\n\t<meta property=\"og:image:height\" content=\"625\" \/>\n\t<meta property=\"og:image:type\" content=\"image\/jpeg\" \/>\n<meta name=\"author\" content=\"Radio Ljubu\u0161ki\" \/>\n<meta name=\"twitter:card\" content=\"summary_large_image\" \/>\n<meta name=\"twitter:creator\" content=\"@radioljubuski\" \/>\n<meta name=\"twitter:site\" content=\"@radioljubuski\" \/>\n<meta name=\"twitter:label1\" content=\"Napisao\/la\" \/>\n\t<meta name=\"twitter:data1\" content=\"Radio Ljubu\u0161ki\" \/>\n\t<meta name=\"twitter:label2\" content=\"Procijenjeno vrijeme \u010ditanja\" \/>\n\t<meta name=\"twitter:data2\" content=\"3 minute\" \/>\n<script type=\"application\/ld+json\" class=\"yoast-schema-graph\">{\"@context\":\"https:\\\/\\\/schema.org\",\"@graph\":[{\"@type\":\"Article\",\"@id\":\"https:\\\/\\\/radioljubuski.ba\\\/index.php\\\/2021\\\/11\\\/09\\\/zene-u-politici-i-njihovo-predstavljanje-u-medijima-stereotipno-prikazivanje-zene-nije-iskljucivo-vezano-za-balkan\\\/#article\",\"isPartOf\":{\"@id\":\"https:\\\/\\\/radioljubuski.ba\\\/index.php\\\/2021\\\/11\\\/09\\\/zene-u-politici-i-njihovo-predstavljanje-u-medijima-stereotipno-prikazivanje-zene-nije-iskljucivo-vezano-za-balkan\\\/\"},\"author\":{\"name\":\"Radio Ljubu\u0161ki\",\"@id\":\"https:\\\/\\\/radioljubuski.ba\\\/#\\\/schema\\\/person\\\/19fc700381a780f69665d7956c469e3b\"},\"headline\":\"&#8220;\u017dene u politici i njihovo predstavljanje u medijima&#8221;: Stereotipno prikazivanje \u017eene nije isklju\u010divo vezano za Balkan\",\"datePublished\":\"2021-11-09T14:25:36+00:00\",\"dateModified\":\"2021-11-09T14:25:37+00:00\",\"mainEntityOfPage\":{\"@id\":\"https:\\\/\\\/radioljubuski.ba\\\/index.php\\\/2021\\\/11\\\/09\\\/zene-u-politici-i-njihovo-predstavljanje-u-medijima-stereotipno-prikazivanje-zene-nije-iskljucivo-vezano-za-balkan\\\/\"},\"wordCount\":552,\"publisher\":{\"@id\":\"https:\\\/\\\/radioljubuski.ba\\\/#organization\"},\"image\":{\"@id\":\"https:\\\/\\\/radioljubuski.ba\\\/index.php\\\/2021\\\/11\\\/09\\\/zene-u-politici-i-njihovo-predstavljanje-u-medijima-stereotipno-prikazivanje-zene-nije-iskljucivo-vezano-za-balkan\\\/#primaryimage\"},\"thumbnailUrl\":\"https:\\\/\\\/radioljubuski.ba\\\/wp-content\\\/uploads\\\/2021\\\/11\\\/3-2021-11-09-14-09-57-forum.jpg\",\"articleSection\":[\"BIH i regija\"],\"inLanguage\":\"hr\"},{\"@type\":\"WebPage\",\"@id\":\"https:\\\/\\\/radioljubuski.ba\\\/index.php\\\/2021\\\/11\\\/09\\\/zene-u-politici-i-njihovo-predstavljanje-u-medijima-stereotipno-prikazivanje-zene-nije-iskljucivo-vezano-za-balkan\\\/\",\"url\":\"https:\\\/\\\/radioljubuski.ba\\\/index.php\\\/2021\\\/11\\\/09\\\/zene-u-politici-i-njihovo-predstavljanje-u-medijima-stereotipno-prikazivanje-zene-nije-iskljucivo-vezano-za-balkan\\\/\",\"name\":\"\\\"\u017dene u politici i njihovo predstavljanje u medijima\\\": Stereotipno prikazivanje \u017eene nije isklju\u010divo vezano za Balkan - RADIO LJUBU\u0160KI\",\"isPartOf\":{\"@id\":\"https:\\\/\\\/radioljubuski.ba\\\/#website\"},\"primaryImageOfPage\":{\"@id\":\"https:\\\/\\\/radioljubuski.ba\\\/index.php\\\/2021\\\/11\\\/09\\\/zene-u-politici-i-njihovo-predstavljanje-u-medijima-stereotipno-prikazivanje-zene-nije-iskljucivo-vezano-za-balkan\\\/#primaryimage\"},\"image\":{\"@id\":\"https:\\\/\\\/radioljubuski.ba\\\/index.php\\\/2021\\\/11\\\/09\\\/zene-u-politici-i-njihovo-predstavljanje-u-medijima-stereotipno-prikazivanje-zene-nije-iskljucivo-vezano-za-balkan\\\/#primaryimage\"},\"thumbnailUrl\":\"https:\\\/\\\/radioljubuski.ba\\\/wp-content\\\/uploads\\\/2021\\\/11\\\/3-2021-11-09-14-09-57-forum.jpg\",\"datePublished\":\"2021-11-09T14:25:36+00:00\",\"dateModified\":\"2021-11-09T14:25:37+00:00\",\"breadcrumb\":{\"@id\":\"https:\\\/\\\/radioljubuski.ba\\\/index.php\\\/2021\\\/11\\\/09\\\/zene-u-politici-i-njihovo-predstavljanje-u-medijima-stereotipno-prikazivanje-zene-nije-iskljucivo-vezano-za-balkan\\\/#breadcrumb\"},\"inLanguage\":\"hr\",\"potentialAction\":[{\"@type\":\"ReadAction\",\"target\":[\"https:\\\/\\\/radioljubuski.ba\\\/index.php\\\/2021\\\/11\\\/09\\\/zene-u-politici-i-njihovo-predstavljanje-u-medijima-stereotipno-prikazivanje-zene-nije-iskljucivo-vezano-za-balkan\\\/\"]}]},{\"@type\":\"ImageObject\",\"inLanguage\":\"hr\",\"@id\":\"https:\\\/\\\/radioljubuski.ba\\\/index.php\\\/2021\\\/11\\\/09\\\/zene-u-politici-i-njihovo-predstavljanje-u-medijima-stereotipno-prikazivanje-zene-nije-iskljucivo-vezano-za-balkan\\\/#primaryimage\",\"url\":\"https:\\\/\\\/radioljubuski.ba\\\/wp-content\\\/uploads\\\/2021\\\/11\\\/3-2021-11-09-14-09-57-forum.jpg\",\"contentUrl\":\"https:\\\/\\\/radioljubuski.ba\\\/wp-content\\\/uploads\\\/2021\\\/11\\\/3-2021-11-09-14-09-57-forum.jpg\",\"width\":1000,\"height\":625},{\"@type\":\"BreadcrumbList\",\"@id\":\"https:\\\/\\\/radioljubuski.ba\\\/index.php\\\/2021\\\/11\\\/09\\\/zene-u-politici-i-njihovo-predstavljanje-u-medijima-stereotipno-prikazivanje-zene-nije-iskljucivo-vezano-za-balkan\\\/#breadcrumb\",\"itemListElement\":[{\"@type\":\"ListItem\",\"position\":1,\"name\":\"Po\u010detna stranica\",\"item\":\"https:\\\/\\\/radioljubuski.ba\\\/\"},{\"@type\":\"ListItem\",\"position\":2,\"name\":\"&#8220;\u017dene u politici i njihovo predstavljanje u medijima&#8221;: Stereotipno prikazivanje \u017eene nije isklju\u010divo vezano za Balkan\"}]},{\"@type\":\"WebSite\",\"@id\":\"https:\\\/\\\/radioljubuski.ba\\\/#website\",\"url\":\"https:\\\/\\\/radioljubuski.ba\\\/\",\"name\":\"Radio Ljubu\u0161ki\",\"description\":\"Sun\u010dana frekvencija Hercegovine\",\"publisher\":{\"@id\":\"https:\\\/\\\/radioljubuski.ba\\\/#organization\"},\"potentialAction\":[{\"@type\":\"SearchAction\",\"target\":{\"@type\":\"EntryPoint\",\"urlTemplate\":\"https:\\\/\\\/radioljubuski.ba\\\/?s={search_term_string}\"},\"query-input\":{\"@type\":\"PropertyValueSpecification\",\"valueRequired\":true,\"valueName\":\"search_term_string\"}}],\"inLanguage\":\"hr\"},{\"@type\":\"Organization\",\"@id\":\"https:\\\/\\\/radioljubuski.ba\\\/#organization\",\"name\":\"Radio Ljubu\u0161ki\",\"url\":\"https:\\\/\\\/radioljubuski.ba\\\/\",\"logo\":{\"@type\":\"ImageObject\",\"inLanguage\":\"hr\",\"@id\":\"https:\\\/\\\/radioljubuski.ba\\\/#\\\/schema\\\/logo\\\/image\\\/\",\"url\":\"https:\\\/\\\/radioljubuski.ba\\\/wp-content\\\/uploads\\\/2021\\\/02\\\/cropped-Radio_Ljubuski_logo1.jpg\",\"contentUrl\":\"https:\\\/\\\/radioljubuski.ba\\\/wp-content\\\/uploads\\\/2021\\\/02\\\/cropped-Radio_Ljubuski_logo1.jpg\",\"width\":512,\"height\":512,\"caption\":\"Radio Ljubu\u0161ki\"},\"image\":{\"@id\":\"https:\\\/\\\/radioljubuski.ba\\\/#\\\/schema\\\/logo\\\/image\\\/\"},\"sameAs\":[\"https:\\\/\\\/www.facebook.com\\\/Radiio-Ljubuski-1490835324566332\",\"https:\\\/\\\/x.com\\\/radioljubuski\",\"https:\\\/\\\/hr.linkedin.com\\\/company\\\/radio-ljubuski\",\"https:\\\/\\\/www.youtube.com\\\/channel\\\/UCHYaeO_n0Db3tjNGudGpXyw\"]},{\"@type\":\"Person\",\"@id\":\"https:\\\/\\\/radioljubuski.ba\\\/#\\\/schema\\\/person\\\/19fc700381a780f69665d7956c469e3b\",\"name\":\"Radio Ljubu\u0161ki\"}]}<\/script>\n<!-- \/ Yoast SEO plugin. -->","yoast_head_json":{"title":"\"\u017dene u politici i njihovo predstavljanje u medijima\": Stereotipno prikazivanje \u017eene nije isklju\u010divo vezano za Balkan - RADIO LJUBU\u0160KI","robots":{"index":"index","follow":"follow","max-snippet":"max-snippet:-1","max-image-preview":"max-image-preview:large","max-video-preview":"max-video-preview:-1"},"canonical":"https:\/\/radioljubuski.ba\/index.php\/2021\/11\/09\/zene-u-politici-i-njihovo-predstavljanje-u-medijima-stereotipno-prikazivanje-zene-nije-iskljucivo-vezano-za-balkan\/","og_locale":"hr_HR","og_type":"article","og_title":"\"\u017dene u politici i njihovo predstavljanje u medijima\": Stereotipno prikazivanje \u017eene nije isklju\u010divo vezano za Balkan - RADIO LJUBU\u0160KI","og_description":"Istra\u017eivanje koje je 2018. godine provela udruga BH novinari pokazuje da je samo 13 posto \u017eena aktivnih u politi\u010dkom \u017eivotu zauzimalo medijski prostor, istaknuto je na Women&#8217;s Press forumu &#8220;\u017dene u politici i njihovo predstavljanje u medijima&#8221; odr\u017eanom u utorak u Mostaru. Moderatorica foruma i pravnica u Liniji za pomo\u0107 novinarima Vildana D\u017eekman rekla je [&hellip;]","og_url":"https:\/\/radioljubuski.ba\/index.php\/2021\/11\/09\/zene-u-politici-i-njihovo-predstavljanje-u-medijima-stereotipno-prikazivanje-zene-nije-iskljucivo-vezano-za-balkan\/","og_site_name":"RADIO LJUBU\u0160KI","article_publisher":"https:\/\/www.facebook.com\/Radiio-Ljubuski-1490835324566332","article_published_time":"2021-11-09T14:25:36+00:00","article_modified_time":"2021-11-09T14:25:37+00:00","og_image":[{"width":1000,"height":625,"url":"https:\/\/radioljubuski.ba\/wp-content\/uploads\/2021\/11\/3-2021-11-09-14-09-57-forum.jpg","type":"image\/jpeg"}],"author":"Radio Ljubu\u0161ki","twitter_card":"summary_large_image","twitter_creator":"@radioljubuski","twitter_site":"@radioljubuski","twitter_misc":{"Napisao\/la":"Radio Ljubu\u0161ki","Procijenjeno vrijeme \u010ditanja":"3 minute"},"schema":{"@context":"https:\/\/schema.org","@graph":[{"@type":"Article","@id":"https:\/\/radioljubuski.ba\/index.php\/2021\/11\/09\/zene-u-politici-i-njihovo-predstavljanje-u-medijima-stereotipno-prikazivanje-zene-nije-iskljucivo-vezano-za-balkan\/#article","isPartOf":{"@id":"https:\/\/radioljubuski.ba\/index.php\/2021\/11\/09\/zene-u-politici-i-njihovo-predstavljanje-u-medijima-stereotipno-prikazivanje-zene-nije-iskljucivo-vezano-za-balkan\/"},"author":{"name":"Radio Ljubu\u0161ki","@id":"https:\/\/radioljubuski.ba\/#\/schema\/person\/19fc700381a780f69665d7956c469e3b"},"headline":"&#8220;\u017dene u politici i njihovo predstavljanje u medijima&#8221;: Stereotipno prikazivanje \u017eene nije isklju\u010divo vezano za Balkan","datePublished":"2021-11-09T14:25:36+00:00","dateModified":"2021-11-09T14:25:37+00:00","mainEntityOfPage":{"@id":"https:\/\/radioljubuski.ba\/index.php\/2021\/11\/09\/zene-u-politici-i-njihovo-predstavljanje-u-medijima-stereotipno-prikazivanje-zene-nije-iskljucivo-vezano-za-balkan\/"},"wordCount":552,"publisher":{"@id":"https:\/\/radioljubuski.ba\/#organization"},"image":{"@id":"https:\/\/radioljubuski.ba\/index.php\/2021\/11\/09\/zene-u-politici-i-njihovo-predstavljanje-u-medijima-stereotipno-prikazivanje-zene-nije-iskljucivo-vezano-za-balkan\/#primaryimage"},"thumbnailUrl":"https:\/\/radioljubuski.ba\/wp-content\/uploads\/2021\/11\/3-2021-11-09-14-09-57-forum.jpg","articleSection":["BIH i regija"],"inLanguage":"hr"},{"@type":"WebPage","@id":"https:\/\/radioljubuski.ba\/index.php\/2021\/11\/09\/zene-u-politici-i-njihovo-predstavljanje-u-medijima-stereotipno-prikazivanje-zene-nije-iskljucivo-vezano-za-balkan\/","url":"https:\/\/radioljubuski.ba\/index.php\/2021\/11\/09\/zene-u-politici-i-njihovo-predstavljanje-u-medijima-stereotipno-prikazivanje-zene-nije-iskljucivo-vezano-za-balkan\/","name":"\"\u017dene u politici i njihovo predstavljanje u medijima\": Stereotipno prikazivanje \u017eene nije isklju\u010divo vezano za Balkan - RADIO LJUBU\u0160KI","isPartOf":{"@id":"https:\/\/radioljubuski.ba\/#website"},"primaryImageOfPage":{"@id":"https:\/\/radioljubuski.ba\/index.php\/2021\/11\/09\/zene-u-politici-i-njihovo-predstavljanje-u-medijima-stereotipno-prikazivanje-zene-nije-iskljucivo-vezano-za-balkan\/#primaryimage"},"image":{"@id":"https:\/\/radioljubuski.ba\/index.php\/2021\/11\/09\/zene-u-politici-i-njihovo-predstavljanje-u-medijima-stereotipno-prikazivanje-zene-nije-iskljucivo-vezano-za-balkan\/#primaryimage"},"thumbnailUrl":"https:\/\/radioljubuski.ba\/wp-content\/uploads\/2021\/11\/3-2021-11-09-14-09-57-forum.jpg","datePublished":"2021-11-09T14:25:36+00:00","dateModified":"2021-11-09T14:25:37+00:00","breadcrumb":{"@id":"https:\/\/radioljubuski.ba\/index.php\/2021\/11\/09\/zene-u-politici-i-njihovo-predstavljanje-u-medijima-stereotipno-prikazivanje-zene-nije-iskljucivo-vezano-za-balkan\/#breadcrumb"},"inLanguage":"hr","potentialAction":[{"@type":"ReadAction","target":["https:\/\/radioljubuski.ba\/index.php\/2021\/11\/09\/zene-u-politici-i-njihovo-predstavljanje-u-medijima-stereotipno-prikazivanje-zene-nije-iskljucivo-vezano-za-balkan\/"]}]},{"@type":"ImageObject","inLanguage":"hr","@id":"https:\/\/radioljubuski.ba\/index.php\/2021\/11\/09\/zene-u-politici-i-njihovo-predstavljanje-u-medijima-stereotipno-prikazivanje-zene-nije-iskljucivo-vezano-za-balkan\/#primaryimage","url":"https:\/\/radioljubuski.ba\/wp-content\/uploads\/2021\/11\/3-2021-11-09-14-09-57-forum.jpg","contentUrl":"https:\/\/radioljubuski.ba\/wp-content\/uploads\/2021\/11\/3-2021-11-09-14-09-57-forum.jpg","width":1000,"height":625},{"@type":"BreadcrumbList","@id":"https:\/\/radioljubuski.ba\/index.php\/2021\/11\/09\/zene-u-politici-i-njihovo-predstavljanje-u-medijima-stereotipno-prikazivanje-zene-nije-iskljucivo-vezano-za-balkan\/#breadcrumb","itemListElement":[{"@type":"ListItem","position":1,"name":"Po\u010detna stranica","item":"https:\/\/radioljubuski.ba\/"},{"@type":"ListItem","position":2,"name":"&#8220;\u017dene u politici i njihovo predstavljanje u medijima&#8221;: Stereotipno prikazivanje \u017eene nije isklju\u010divo vezano za Balkan"}]},{"@type":"WebSite","@id":"https:\/\/radioljubuski.ba\/#website","url":"https:\/\/radioljubuski.ba\/","name":"Radio Ljubu\u0161ki","description":"Sun\u010dana frekvencija Hercegovine","publisher":{"@id":"https:\/\/radioljubuski.ba\/#organization"},"potentialAction":[{"@type":"SearchAction","target":{"@type":"EntryPoint","urlTemplate":"https:\/\/radioljubuski.ba\/?s={search_term_string}"},"query-input":{"@type":"PropertyValueSpecification","valueRequired":true,"valueName":"search_term_string"}}],"inLanguage":"hr"},{"@type":"Organization","@id":"https:\/\/radioljubuski.ba\/#organization","name":"Radio Ljubu\u0161ki","url":"https:\/\/radioljubuski.ba\/","logo":{"@type":"ImageObject","inLanguage":"hr","@id":"https:\/\/radioljubuski.ba\/#\/schema\/logo\/image\/","url":"https:\/\/radioljubuski.ba\/wp-content\/uploads\/2021\/02\/cropped-Radio_Ljubuski_logo1.jpg","contentUrl":"https:\/\/radioljubuski.ba\/wp-content\/uploads\/2021\/02\/cropped-Radio_Ljubuski_logo1.jpg","width":512,"height":512,"caption":"Radio Ljubu\u0161ki"},"image":{"@id":"https:\/\/radioljubuski.ba\/#\/schema\/logo\/image\/"},"sameAs":["https:\/\/www.facebook.com\/Radiio-Ljubuski-1490835324566332","https:\/\/x.com\/radioljubuski","https:\/\/hr.linkedin.com\/company\/radio-ljubuski","https:\/\/www.youtube.com\/channel\/UCHYaeO_n0Db3tjNGudGpXyw"]},{"@type":"Person","@id":"https:\/\/radioljubuski.ba\/#\/schema\/person\/19fc700381a780f69665d7956c469e3b","name":"Radio Ljubu\u0161ki"}]}},"_links":{"self":[{"href":"https:\/\/radioljubuski.ba\/index.php\/wp-json\/wp\/v2\/posts\/86957","targetHints":{"allow":["GET"]}}],"collection":[{"href":"https:\/\/radioljubuski.ba\/index.php\/wp-json\/wp\/v2\/posts"}],"about":[{"href":"https:\/\/radioljubuski.ba\/index.php\/wp-json\/wp\/v2\/types\/post"}],"author":[{"embeddable":true,"href":"https:\/\/radioljubuski.ba\/index.php\/wp-json\/wp\/v2\/users\/2"}],"replies":[{"embeddable":true,"href":"https:\/\/radioljubuski.ba\/index.php\/wp-json\/wp\/v2\/comments?post=86957"}],"version-history":[{"count":1,"href":"https:\/\/radioljubuski.ba\/index.php\/wp-json\/wp\/v2\/posts\/86957\/revisions"}],"predecessor-version":[{"id":86959,"href":"https:\/\/radioljubuski.ba\/index.php\/wp-json\/wp\/v2\/posts\/86957\/revisions\/86959"}],"wp:featuredmedia":[{"embeddable":true,"href":"https:\/\/radioljubuski.ba\/index.php\/wp-json\/wp\/v2\/media\/86958"}],"wp:attachment":[{"href":"https:\/\/radioljubuski.ba\/index.php\/wp-json\/wp\/v2\/media?parent=86957"}],"wp:term":[{"taxonomy":"category","embeddable":true,"href":"https:\/\/radioljubuski.ba\/index.php\/wp-json\/wp\/v2\/categories?post=86957"},{"taxonomy":"post_tag","embeddable":true,"href":"https:\/\/radioljubuski.ba\/index.php\/wp-json\/wp\/v2\/tags?post=86957"}],"curies":[{"name":"wp","href":"https:\/\/api.w.org\/{rel}","templated":true}]}}