{"id":86970,"date":"2021-11-10T09:45:14","date_gmt":"2021-11-10T08:45:14","guid":{"rendered":"https:\/\/radioljubuski.ba\/?p=86970"},"modified":"2021-11-10T09:45:15","modified_gmt":"2021-11-10T08:45:15","slug":"ugostitelj-iz-bih-porucio-gostima-oni-koji-se-nece-cijepiti-neka-setaju-po-prirodi","status":"publish","type":"post","link":"https:\/\/radioljubuski.ba\/index.php\/2021\/11\/10\/ugostitelj-iz-bih-porucio-gostima-oni-koji-se-nece-cijepiti-neka-setaju-po-prirodi\/","title":{"rendered":"Ugostitelj iz BiH poru\u010dio gostima: Oni koji se ne\u0107e cijepiti, neka \u0161etaju po prirodi"},"content":{"rendered":"\n<p>Sve je vi\u0161e ugostiteljskih objekata u Bosni i Hercegovini koji doga\u0111aje organiziraju u potpunosti u skladu s propisanim preventivnim mjerama za\u0161tite od koronavirusa.<br><br>Tako da biste nazo\u010dili svirci u tuzlanskom restoranu Sezam Tenis, morate imati dokaz o cijepljenju, negativan PCR ili antigenski test ili dokaz da ste prele\u017eali koronavirus.<\/p>\n\n\n\n<p>Prije tri tjedan kada smo donijeli odluku, mnoge smo iznenadili. Prvi vikend sigurno nam se prepolovio posao, ali ostali smo pri svome. Ve\u0107 idu\u0107i situacija se vratila skoro u normalu. Da bismo olak\u0161ali posjetiteljima, napravili smo suradnju s poliklinikom i oni su na mjestu vr\u0161ili testiranje osoba koje nisu imale potvrdu o cijepljenju ili da su prele\u017eali koronu. Jednu smo prostoriju organizirali za testiranje i tu nije bilo problema. Narod je shvatio ako \u017eeli u\u017eivati u no\u0107nom izlasku da mora po\u0161tovati pravila koja su na snazi \u0161irom svijeta.<\/p>\n\n\n\n<p>Mislim da je najbolja metoda da ljudi koji ho\u0107e na svirke, koncerte, u restorane, moraju imati ili potvrde o cijepljenju ili da su preboljeli koronu. Ovi koji se ne\u0107e cijepiti, neka sjede ku\u0107i i neka \u0161etaju po prirodi. Tako je i u Njema\u010dkoj, Francuskoj, Engleskoj\u2026 Na nogometu u Engleskoj na jednoj utakmici bude 60.000 ljudi jer su se cijepili. To je jedini na\u010din, ka\u017ee za Faktor.ba tuzlanski ugostitelj Zoka \u010celeketi\u0107, vlasnik restorana Sezam Tenis.<\/p>\n\n\n\n<p>Vlada Tuzlanske \u017eupanije na izvanrednoj sjednici donijela je nove naredbe zbog pogor\u0161ane epidemiolo\u0161ke situacije, a koje se izme\u0111u ostalog odnose i na skra\u0107enje radnog vremena ugostiteljskih objekata koji mogu raditi do 21 sat.<\/p>\n\n\n\n<p>Ja sam ugostitelj i ne bih da se mije\u0161am u struku, ali mislim da mjere koje se uvode ne\u0107e imati efekta. Skra\u0107enje vremena ne\u0107e donijeti da se svijet cijepi. Ako svi uvedemo ove mjere koje va\u017ee u Sezam Tenisu i \u0161irom svijeta, sigurno da \u0107e mnogi odlu\u010diti cijepiti, ka\u017ee \u010celeketi\u0107.<\/p>\n\n\n\n<p>Izvor: Jabuka.tv<\/p>\n","protected":false},"excerpt":{"rendered":"<p>Sve je vi\u0161e ugostiteljskih objekata u Bosni i Hercegovini koji doga\u0111aje organiziraju u potpunosti u skladu s propisanim preventivnim mjerama za\u0161tite od koronavirusa. Tako da biste nazo\u010dili svirci u tuzlanskom restoranu Sezam Tenis, morate imati dokaz o cijepljenju, negativan PCR ili antigenski test ili dokaz da ste prele\u017eali koronavirus. Prije tri tjedan kada smo donijeli [&hellip;]<\/p>\n","protected":false},"author":2,"featured_media":36280,"comment_status":"closed","ping_status":"closed","sticky":false,"template":"","format":"standard","meta":{"h5ap_radio_sources":[],"footnotes":""},"categories":[1],"tags":[],"class_list":["post-86970","post","type-post","status-publish","format-standard","has-post-thumbnail","hentry","category-bihiregija"],"yoast_head":"<!-- This site is optimized with the Yoast SEO plugin v27.5 - https:\/\/yoast.com\/product\/yoast-seo-wordpress\/ -->\n<title>Ugostitelj iz BiH poru\u010dio gostima: Oni koji se ne\u0107e cijepiti, neka \u0161etaju po prirodi - RADIO LJUBU\u0160KI<\/title>\n<meta name=\"robots\" content=\"index, follow, max-snippet:-1, max-image-preview:large, max-video-preview:-1\" \/>\n<link rel=\"canonical\" href=\"https:\/\/radioljubuski.ba\/index.php\/2021\/11\/10\/ugostitelj-iz-bih-porucio-gostima-oni-koji-se-nece-cijepiti-neka-setaju-po-prirodi\/\" \/>\n<meta property=\"og:locale\" content=\"hr_HR\" \/>\n<meta property=\"og:type\" content=\"article\" \/>\n<meta property=\"og:title\" content=\"Ugostitelj iz BiH poru\u010dio gostima: Oni koji se ne\u0107e cijepiti, neka \u0161etaju po prirodi - RADIO LJUBU\u0160KI\" \/>\n<meta property=\"og:description\" content=\"Sve je vi\u0161e ugostiteljskih objekata u Bosni i Hercegovini koji doga\u0111aje organiziraju u potpunosti u skladu s propisanim preventivnim mjerama za\u0161tite od koronavirusa. Tako da biste nazo\u010dili svirci u tuzlanskom restoranu Sezam Tenis, morate imati dokaz o cijepljenju, negativan PCR ili antigenski test ili dokaz da ste prele\u017eali koronavirus. Prije tri tjedan kada smo donijeli [&hellip;]\" \/>\n<meta property=\"og:url\" content=\"https:\/\/radioljubuski.ba\/index.php\/2021\/11\/10\/ugostitelj-iz-bih-porucio-gostima-oni-koji-se-nece-cijepiti-neka-setaju-po-prirodi\/\" \/>\n<meta property=\"og:site_name\" content=\"RADIO LJUBU\u0160KI\" \/>\n<meta property=\"article:publisher\" content=\"https:\/\/www.facebook.com\/Radiio-Ljubuski-1490835324566332\" \/>\n<meta property=\"article:published_time\" content=\"2021-11-10T08:45:14+00:00\" \/>\n<meta property=\"article:modified_time\" content=\"2021-11-10T08:45:15+00:00\" \/>\n<meta property=\"og:image\" content=\"https:\/\/radioljubuski.ba\/wp-content\/uploads\/2021\/06\/Cijepljenje-cjepivo-vakcina-1-1.jpg\" \/>\n\t<meta property=\"og:image:width\" content=\"600\" \/>\n\t<meta property=\"og:image:height\" content=\"400\" \/>\n\t<meta property=\"og:image:type\" content=\"image\/jpeg\" \/>\n<meta name=\"author\" content=\"Radio Ljubu\u0161ki\" \/>\n<meta name=\"twitter:card\" content=\"summary_large_image\" \/>\n<meta name=\"twitter:creator\" content=\"@radioljubuski\" \/>\n<meta name=\"twitter:site\" content=\"@radioljubuski\" \/>\n<meta name=\"twitter:label1\" content=\"Napisao\/la\" \/>\n\t<meta name=\"twitter:data1\" content=\"Radio Ljubu\u0161ki\" \/>\n\t<meta name=\"twitter:label2\" content=\"Procijenjeno vrijeme \u010ditanja\" \/>\n\t<meta name=\"twitter:data2\" content=\"2 minute\" \/>\n<script type=\"application\/ld+json\" class=\"yoast-schema-graph\">{\"@context\":\"https:\\\/\\\/schema.org\",\"@graph\":[{\"@type\":\"Article\",\"@id\":\"https:\\\/\\\/radioljubuski.ba\\\/index.php\\\/2021\\\/11\\\/10\\\/ugostitelj-iz-bih-porucio-gostima-oni-koji-se-nece-cijepiti-neka-setaju-po-prirodi\\\/#article\",\"isPartOf\":{\"@id\":\"https:\\\/\\\/radioljubuski.ba\\\/index.php\\\/2021\\\/11\\\/10\\\/ugostitelj-iz-bih-porucio-gostima-oni-koji-se-nece-cijepiti-neka-setaju-po-prirodi\\\/\"},\"author\":{\"name\":\"Radio Ljubu\u0161ki\",\"@id\":\"https:\\\/\\\/radioljubuski.ba\\\/#\\\/schema\\\/person\\\/19fc700381a780f69665d7956c469e3b\"},\"headline\":\"Ugostitelj iz BiH poru\u010dio gostima: Oni koji se ne\u0107e cijepiti, neka \u0161etaju po prirodi\",\"datePublished\":\"2021-11-10T08:45:14+00:00\",\"dateModified\":\"2021-11-10T08:45:15+00:00\",\"mainEntityOfPage\":{\"@id\":\"https:\\\/\\\/radioljubuski.ba\\\/index.php\\\/2021\\\/11\\\/10\\\/ugostitelj-iz-bih-porucio-gostima-oni-koji-se-nece-cijepiti-neka-setaju-po-prirodi\\\/\"},\"wordCount\":341,\"publisher\":{\"@id\":\"https:\\\/\\\/radioljubuski.ba\\\/#organization\"},\"image\":{\"@id\":\"https:\\\/\\\/radioljubuski.ba\\\/index.php\\\/2021\\\/11\\\/10\\\/ugostitelj-iz-bih-porucio-gostima-oni-koji-se-nece-cijepiti-neka-setaju-po-prirodi\\\/#primaryimage\"},\"thumbnailUrl\":\"https:\\\/\\\/radioljubuski.ba\\\/wp-content\\\/uploads\\\/2021\\\/06\\\/Cijepljenje-cjepivo-vakcina-1-1.jpg\",\"articleSection\":[\"BIH i regija\"],\"inLanguage\":\"hr\"},{\"@type\":\"WebPage\",\"@id\":\"https:\\\/\\\/radioljubuski.ba\\\/index.php\\\/2021\\\/11\\\/10\\\/ugostitelj-iz-bih-porucio-gostima-oni-koji-se-nece-cijepiti-neka-setaju-po-prirodi\\\/\",\"url\":\"https:\\\/\\\/radioljubuski.ba\\\/index.php\\\/2021\\\/11\\\/10\\\/ugostitelj-iz-bih-porucio-gostima-oni-koji-se-nece-cijepiti-neka-setaju-po-prirodi\\\/\",\"name\":\"Ugostitelj iz BiH poru\u010dio gostima: Oni koji se ne\u0107e cijepiti, neka \u0161etaju po prirodi - RADIO LJUBU\u0160KI\",\"isPartOf\":{\"@id\":\"https:\\\/\\\/radioljubuski.ba\\\/#website\"},\"primaryImageOfPage\":{\"@id\":\"https:\\\/\\\/radioljubuski.ba\\\/index.php\\\/2021\\\/11\\\/10\\\/ugostitelj-iz-bih-porucio-gostima-oni-koji-se-nece-cijepiti-neka-setaju-po-prirodi\\\/#primaryimage\"},\"image\":{\"@id\":\"https:\\\/\\\/radioljubuski.ba\\\/index.php\\\/2021\\\/11\\\/10\\\/ugostitelj-iz-bih-porucio-gostima-oni-koji-se-nece-cijepiti-neka-setaju-po-prirodi\\\/#primaryimage\"},\"thumbnailUrl\":\"https:\\\/\\\/radioljubuski.ba\\\/wp-content\\\/uploads\\\/2021\\\/06\\\/Cijepljenje-cjepivo-vakcina-1-1.jpg\",\"datePublished\":\"2021-11-10T08:45:14+00:00\",\"dateModified\":\"2021-11-10T08:45:15+00:00\",\"breadcrumb\":{\"@id\":\"https:\\\/\\\/radioljubuski.ba\\\/index.php\\\/2021\\\/11\\\/10\\\/ugostitelj-iz-bih-porucio-gostima-oni-koji-se-nece-cijepiti-neka-setaju-po-prirodi\\\/#breadcrumb\"},\"inLanguage\":\"hr\",\"potentialAction\":[{\"@type\":\"ReadAction\",\"target\":[\"https:\\\/\\\/radioljubuski.ba\\\/index.php\\\/2021\\\/11\\\/10\\\/ugostitelj-iz-bih-porucio-gostima-oni-koji-se-nece-cijepiti-neka-setaju-po-prirodi\\\/\"]}]},{\"@type\":\"ImageObject\",\"inLanguage\":\"hr\",\"@id\":\"https:\\\/\\\/radioljubuski.ba\\\/index.php\\\/2021\\\/11\\\/10\\\/ugostitelj-iz-bih-porucio-gostima-oni-koji-se-nece-cijepiti-neka-setaju-po-prirodi\\\/#primaryimage\",\"url\":\"https:\\\/\\\/radioljubuski.ba\\\/wp-content\\\/uploads\\\/2021\\\/06\\\/Cijepljenje-cjepivo-vakcina-1-1.jpg\",\"contentUrl\":\"https:\\\/\\\/radioljubuski.ba\\\/wp-content\\\/uploads\\\/2021\\\/06\\\/Cijepljenje-cjepivo-vakcina-1-1.jpg\",\"width\":600,\"height\":400},{\"@type\":\"BreadcrumbList\",\"@id\":\"https:\\\/\\\/radioljubuski.ba\\\/index.php\\\/2021\\\/11\\\/10\\\/ugostitelj-iz-bih-porucio-gostima-oni-koji-se-nece-cijepiti-neka-setaju-po-prirodi\\\/#breadcrumb\",\"itemListElement\":[{\"@type\":\"ListItem\",\"position\":1,\"name\":\"Po\u010detna stranica\",\"item\":\"https:\\\/\\\/radioljubuski.ba\\\/\"},{\"@type\":\"ListItem\",\"position\":2,\"name\":\"Ugostitelj iz BiH poru\u010dio gostima: Oni koji se ne\u0107e cijepiti, neka \u0161etaju po prirodi\"}]},{\"@type\":\"WebSite\",\"@id\":\"https:\\\/\\\/radioljubuski.ba\\\/#website\",\"url\":\"https:\\\/\\\/radioljubuski.ba\\\/\",\"name\":\"Radio Ljubu\u0161ki\",\"description\":\"Sun\u010dana frekvencija Hercegovine\",\"publisher\":{\"@id\":\"https:\\\/\\\/radioljubuski.ba\\\/#organization\"},\"potentialAction\":[{\"@type\":\"SearchAction\",\"target\":{\"@type\":\"EntryPoint\",\"urlTemplate\":\"https:\\\/\\\/radioljubuski.ba\\\/?s={search_term_string}\"},\"query-input\":{\"@type\":\"PropertyValueSpecification\",\"valueRequired\":true,\"valueName\":\"search_term_string\"}}],\"inLanguage\":\"hr\"},{\"@type\":\"Organization\",\"@id\":\"https:\\\/\\\/radioljubuski.ba\\\/#organization\",\"name\":\"Radio Ljubu\u0161ki\",\"url\":\"https:\\\/\\\/radioljubuski.ba\\\/\",\"logo\":{\"@type\":\"ImageObject\",\"inLanguage\":\"hr\",\"@id\":\"https:\\\/\\\/radioljubuski.ba\\\/#\\\/schema\\\/logo\\\/image\\\/\",\"url\":\"https:\\\/\\\/radioljubuski.ba\\\/wp-content\\\/uploads\\\/2021\\\/02\\\/cropped-Radio_Ljubuski_logo1.jpg\",\"contentUrl\":\"https:\\\/\\\/radioljubuski.ba\\\/wp-content\\\/uploads\\\/2021\\\/02\\\/cropped-Radio_Ljubuski_logo1.jpg\",\"width\":512,\"height\":512,\"caption\":\"Radio Ljubu\u0161ki\"},\"image\":{\"@id\":\"https:\\\/\\\/radioljubuski.ba\\\/#\\\/schema\\\/logo\\\/image\\\/\"},\"sameAs\":[\"https:\\\/\\\/www.facebook.com\\\/Radiio-Ljubuski-1490835324566332\",\"https:\\\/\\\/x.com\\\/radioljubuski\",\"https:\\\/\\\/hr.linkedin.com\\\/company\\\/radio-ljubuski\",\"https:\\\/\\\/www.youtube.com\\\/channel\\\/UCHYaeO_n0Db3tjNGudGpXyw\"]},{\"@type\":\"Person\",\"@id\":\"https:\\\/\\\/radioljubuski.ba\\\/#\\\/schema\\\/person\\\/19fc700381a780f69665d7956c469e3b\",\"name\":\"Radio Ljubu\u0161ki\"}]}<\/script>\n<!-- \/ Yoast SEO plugin. -->","yoast_head_json":{"title":"Ugostitelj iz BiH poru\u010dio gostima: Oni koji se ne\u0107e cijepiti, neka \u0161etaju po prirodi - RADIO LJUBU\u0160KI","robots":{"index":"index","follow":"follow","max-snippet":"max-snippet:-1","max-image-preview":"max-image-preview:large","max-video-preview":"max-video-preview:-1"},"canonical":"https:\/\/radioljubuski.ba\/index.php\/2021\/11\/10\/ugostitelj-iz-bih-porucio-gostima-oni-koji-se-nece-cijepiti-neka-setaju-po-prirodi\/","og_locale":"hr_HR","og_type":"article","og_title":"Ugostitelj iz BiH poru\u010dio gostima: Oni koji se ne\u0107e cijepiti, neka \u0161etaju po prirodi - RADIO LJUBU\u0160KI","og_description":"Sve je vi\u0161e ugostiteljskih objekata u Bosni i Hercegovini koji doga\u0111aje organiziraju u potpunosti u skladu s propisanim preventivnim mjerama za\u0161tite od koronavirusa. Tako da biste nazo\u010dili svirci u tuzlanskom restoranu Sezam Tenis, morate imati dokaz o cijepljenju, negativan PCR ili antigenski test ili dokaz da ste prele\u017eali koronavirus. Prije tri tjedan kada smo donijeli [&hellip;]","og_url":"https:\/\/radioljubuski.ba\/index.php\/2021\/11\/10\/ugostitelj-iz-bih-porucio-gostima-oni-koji-se-nece-cijepiti-neka-setaju-po-prirodi\/","og_site_name":"RADIO LJUBU\u0160KI","article_publisher":"https:\/\/www.facebook.com\/Radiio-Ljubuski-1490835324566332","article_published_time":"2021-11-10T08:45:14+00:00","article_modified_time":"2021-11-10T08:45:15+00:00","og_image":[{"width":600,"height":400,"url":"https:\/\/radioljubuski.ba\/wp-content\/uploads\/2021\/06\/Cijepljenje-cjepivo-vakcina-1-1.jpg","type":"image\/jpeg"}],"author":"Radio Ljubu\u0161ki","twitter_card":"summary_large_image","twitter_creator":"@radioljubuski","twitter_site":"@radioljubuski","twitter_misc":{"Napisao\/la":"Radio Ljubu\u0161ki","Procijenjeno vrijeme \u010ditanja":"2 minute"},"schema":{"@context":"https:\/\/schema.org","@graph":[{"@type":"Article","@id":"https:\/\/radioljubuski.ba\/index.php\/2021\/11\/10\/ugostitelj-iz-bih-porucio-gostima-oni-koji-se-nece-cijepiti-neka-setaju-po-prirodi\/#article","isPartOf":{"@id":"https:\/\/radioljubuski.ba\/index.php\/2021\/11\/10\/ugostitelj-iz-bih-porucio-gostima-oni-koji-se-nece-cijepiti-neka-setaju-po-prirodi\/"},"author":{"name":"Radio Ljubu\u0161ki","@id":"https:\/\/radioljubuski.ba\/#\/schema\/person\/19fc700381a780f69665d7956c469e3b"},"headline":"Ugostitelj iz BiH poru\u010dio gostima: Oni koji se ne\u0107e cijepiti, neka \u0161etaju po prirodi","datePublished":"2021-11-10T08:45:14+00:00","dateModified":"2021-11-10T08:45:15+00:00","mainEntityOfPage":{"@id":"https:\/\/radioljubuski.ba\/index.php\/2021\/11\/10\/ugostitelj-iz-bih-porucio-gostima-oni-koji-se-nece-cijepiti-neka-setaju-po-prirodi\/"},"wordCount":341,"publisher":{"@id":"https:\/\/radioljubuski.ba\/#organization"},"image":{"@id":"https:\/\/radioljubuski.ba\/index.php\/2021\/11\/10\/ugostitelj-iz-bih-porucio-gostima-oni-koji-se-nece-cijepiti-neka-setaju-po-prirodi\/#primaryimage"},"thumbnailUrl":"https:\/\/radioljubuski.ba\/wp-content\/uploads\/2021\/06\/Cijepljenje-cjepivo-vakcina-1-1.jpg","articleSection":["BIH i regija"],"inLanguage":"hr"},{"@type":"WebPage","@id":"https:\/\/radioljubuski.ba\/index.php\/2021\/11\/10\/ugostitelj-iz-bih-porucio-gostima-oni-koji-se-nece-cijepiti-neka-setaju-po-prirodi\/","url":"https:\/\/radioljubuski.ba\/index.php\/2021\/11\/10\/ugostitelj-iz-bih-porucio-gostima-oni-koji-se-nece-cijepiti-neka-setaju-po-prirodi\/","name":"Ugostitelj iz BiH poru\u010dio gostima: Oni koji se ne\u0107e cijepiti, neka \u0161etaju po prirodi - RADIO LJUBU\u0160KI","isPartOf":{"@id":"https:\/\/radioljubuski.ba\/#website"},"primaryImageOfPage":{"@id":"https:\/\/radioljubuski.ba\/index.php\/2021\/11\/10\/ugostitelj-iz-bih-porucio-gostima-oni-koji-se-nece-cijepiti-neka-setaju-po-prirodi\/#primaryimage"},"image":{"@id":"https:\/\/radioljubuski.ba\/index.php\/2021\/11\/10\/ugostitelj-iz-bih-porucio-gostima-oni-koji-se-nece-cijepiti-neka-setaju-po-prirodi\/#primaryimage"},"thumbnailUrl":"https:\/\/radioljubuski.ba\/wp-content\/uploads\/2021\/06\/Cijepljenje-cjepivo-vakcina-1-1.jpg","datePublished":"2021-11-10T08:45:14+00:00","dateModified":"2021-11-10T08:45:15+00:00","breadcrumb":{"@id":"https:\/\/radioljubuski.ba\/index.php\/2021\/11\/10\/ugostitelj-iz-bih-porucio-gostima-oni-koji-se-nece-cijepiti-neka-setaju-po-prirodi\/#breadcrumb"},"inLanguage":"hr","potentialAction":[{"@type":"ReadAction","target":["https:\/\/radioljubuski.ba\/index.php\/2021\/11\/10\/ugostitelj-iz-bih-porucio-gostima-oni-koji-se-nece-cijepiti-neka-setaju-po-prirodi\/"]}]},{"@type":"ImageObject","inLanguage":"hr","@id":"https:\/\/radioljubuski.ba\/index.php\/2021\/11\/10\/ugostitelj-iz-bih-porucio-gostima-oni-koji-se-nece-cijepiti-neka-setaju-po-prirodi\/#primaryimage","url":"https:\/\/radioljubuski.ba\/wp-content\/uploads\/2021\/06\/Cijepljenje-cjepivo-vakcina-1-1.jpg","contentUrl":"https:\/\/radioljubuski.ba\/wp-content\/uploads\/2021\/06\/Cijepljenje-cjepivo-vakcina-1-1.jpg","width":600,"height":400},{"@type":"BreadcrumbList","@id":"https:\/\/radioljubuski.ba\/index.php\/2021\/11\/10\/ugostitelj-iz-bih-porucio-gostima-oni-koji-se-nece-cijepiti-neka-setaju-po-prirodi\/#breadcrumb","itemListElement":[{"@type":"ListItem","position":1,"name":"Po\u010detna stranica","item":"https:\/\/radioljubuski.ba\/"},{"@type":"ListItem","position":2,"name":"Ugostitelj iz BiH poru\u010dio gostima: Oni koji se ne\u0107e cijepiti, neka \u0161etaju po prirodi"}]},{"@type":"WebSite","@id":"https:\/\/radioljubuski.ba\/#website","url":"https:\/\/radioljubuski.ba\/","name":"Radio Ljubu\u0161ki","description":"Sun\u010dana frekvencija Hercegovine","publisher":{"@id":"https:\/\/radioljubuski.ba\/#organization"},"potentialAction":[{"@type":"SearchAction","target":{"@type":"EntryPoint","urlTemplate":"https:\/\/radioljubuski.ba\/?s={search_term_string}"},"query-input":{"@type":"PropertyValueSpecification","valueRequired":true,"valueName":"search_term_string"}}],"inLanguage":"hr"},{"@type":"Organization","@id":"https:\/\/radioljubuski.ba\/#organization","name":"Radio Ljubu\u0161ki","url":"https:\/\/radioljubuski.ba\/","logo":{"@type":"ImageObject","inLanguage":"hr","@id":"https:\/\/radioljubuski.ba\/#\/schema\/logo\/image\/","url":"https:\/\/radioljubuski.ba\/wp-content\/uploads\/2021\/02\/cropped-Radio_Ljubuski_logo1.jpg","contentUrl":"https:\/\/radioljubuski.ba\/wp-content\/uploads\/2021\/02\/cropped-Radio_Ljubuski_logo1.jpg","width":512,"height":512,"caption":"Radio Ljubu\u0161ki"},"image":{"@id":"https:\/\/radioljubuski.ba\/#\/schema\/logo\/image\/"},"sameAs":["https:\/\/www.facebook.com\/Radiio-Ljubuski-1490835324566332","https:\/\/x.com\/radioljubuski","https:\/\/hr.linkedin.com\/company\/radio-ljubuski","https:\/\/www.youtube.com\/channel\/UCHYaeO_n0Db3tjNGudGpXyw"]},{"@type":"Person","@id":"https:\/\/radioljubuski.ba\/#\/schema\/person\/19fc700381a780f69665d7956c469e3b","name":"Radio Ljubu\u0161ki"}]}},"_links":{"self":[{"href":"https:\/\/radioljubuski.ba\/index.php\/wp-json\/wp\/v2\/posts\/86970","targetHints":{"allow":["GET"]}}],"collection":[{"href":"https:\/\/radioljubuski.ba\/index.php\/wp-json\/wp\/v2\/posts"}],"about":[{"href":"https:\/\/radioljubuski.ba\/index.php\/wp-json\/wp\/v2\/types\/post"}],"author":[{"embeddable":true,"href":"https:\/\/radioljubuski.ba\/index.php\/wp-json\/wp\/v2\/users\/2"}],"replies":[{"embeddable":true,"href":"https:\/\/radioljubuski.ba\/index.php\/wp-json\/wp\/v2\/comments?post=86970"}],"version-history":[{"count":1,"href":"https:\/\/radioljubuski.ba\/index.php\/wp-json\/wp\/v2\/posts\/86970\/revisions"}],"predecessor-version":[{"id":86971,"href":"https:\/\/radioljubuski.ba\/index.php\/wp-json\/wp\/v2\/posts\/86970\/revisions\/86971"}],"wp:featuredmedia":[{"embeddable":true,"href":"https:\/\/radioljubuski.ba\/index.php\/wp-json\/wp\/v2\/media\/36280"}],"wp:attachment":[{"href":"https:\/\/radioljubuski.ba\/index.php\/wp-json\/wp\/v2\/media?parent=86970"}],"wp:term":[{"taxonomy":"category","embeddable":true,"href":"https:\/\/radioljubuski.ba\/index.php\/wp-json\/wp\/v2\/categories?post=86970"},{"taxonomy":"post_tag","embeddable":true,"href":"https:\/\/radioljubuski.ba\/index.php\/wp-json\/wp\/v2\/tags?post=86970"}],"curies":[{"name":"wp","href":"https:\/\/api.w.org\/{rel}","templated":true}]}}