{"id":86972,"date":"2021-11-10T09:46:34","date_gmt":"2021-11-10T08:46:34","guid":{"rendered":"https:\/\/radioljubuski.ba\/?p=86972"},"modified":"2021-11-10T09:46:35","modified_gmt":"2021-11-10T08:46:35","slug":"dvije-vece-skupine-migranata-probile-granicu-eu","status":"publish","type":"post","link":"https:\/\/radioljubuski.ba\/index.php\/2021\/11\/10\/dvije-vece-skupine-migranata-probile-granicu-eu\/","title":{"rendered":"Dvije ve\u0107e skupine migranata probile granicu EU"},"content":{"rendered":"\n<h5 class=\"wp-block-heading\">Dvije velike skupine migranata navodno su uspjele probiti ogradu na granici Bjelorusije i Poljske.<\/h5>\n\n\n\n<p>Nekoliko desetaka ljudi uspjelo je sru\u0161iti ogradu u blizini sela&nbsp;<strong>Krynki i Bialowieza<\/strong>&nbsp;te prije\u0107i granicu, javila je poljska agencija PAP pozivaju\u0107i se na lokalnu radiopostaju Bialystok.<\/p>\n\n\n\n<p>Postaja navodi rije\u010di glasnogovornice pograni\u010dnih snaga koja je rekla da su<strong>&nbsp;u oba slu\u010daja ograde na granici nasilno sru\u0161ene.<\/strong><\/p>\n\n\n\n<p><em>Neki migranti&nbsp;<strong>odvedeni su u Bjelorusiju<\/strong>, dok su drugi uspjeli pobje\u0107i<\/em>, rekla je.<\/p>\n\n\n\n<p>Video snimke pokazuju gomile ljudi s bjeloruske strane granice s Poljskom, na kojoj je podignuta bodljikava \u017eica. Neki od njih&nbsp;<strong>poku\u0161avaju se probiti na drugu stranu<\/strong>&nbsp;koriste\u0107i se alatom za rezanje \u017eice, deblima drve\u0107a ili koriste\u0107i se zajedni\u010dkom silom, dok s druge strane poljski \u010duvari \u010dini se koriste suzavac kako bi ih omeli u poku\u0161ajima.<\/p>\n\n\n\n<p>Mnogi migranti su mladi ljudi,&nbsp;<strong>no ima i \u017eena i djece,<\/strong>&nbsp;uglavnom pristiglih sa Srednjeg istoka i iz Azije. Smje\u0161teni su u \u0161atorima na podru\u010dju Bjelorusije, stisnuti izme\u0111u poljskih \u010duvara s jedne strane i bjeloruskih s druge.<\/p>\n\n\n\n<p>Temperature tijekom no\u0107i&nbsp;<strong>spu\u0161taju se ispod nule<\/strong>&nbsp;i posljednjih tjedana na hladno\u0107i je umrlo nekoliko ljudi.<\/p>\n\n\n\n<h4 class=\"wp-block-heading\">Poljska ne \u017eeli primiti migrante, vojska na granici<\/h4>\n\n\n\n<p>Poljska odbija primiti migrante na svoj teritorij pa je posljednjih tjedana poslala<strong>&nbsp;stotine pripadnika svojih snaga na granicu<\/strong>&nbsp;te je podigla bodljikavu \u017eicu, u nastojanju da sprije\u010di bilo kakav poku\u0161aj migranata da se probiju.<\/p>\n\n\n\n<p>Bjeloruski \u010delnik&nbsp;<strong>Aleksandar Luka\u0161enko<\/strong>&nbsp;zatra\u017eio je u utorak da migrantima bude omogu\u0107eno da u\u0111u u Poljsku. U intervjuu je rekao kako ve\u0107ina njih \u017eeli produ\u017eiti dalje, u Njema\u010dku.<\/p>\n\n\n\n<p>Europska unija<strong>&nbsp;optu\u017eila je Minsk da poma\u017ee migrantima<\/strong>&nbsp;do\u0107i do vanjskih granica Unije u Poljskoj, Litvi i Latviji u znak osvete za zapadne sankcije uvedene Bjelorusiji zbog politi\u010dke represije nad vlastitom oporbom.<\/p>\n\n\n\n<p>Luka\u0161enko, koga zovu<strong>&nbsp;\u201cposljednjim europskim diktatorom\u201d,<\/strong>&nbsp;zanijekao je da namjerno dovodi ljude iz zemalja u krizi poput Sirije, Afganistana, Libije i Iraka i potom ih popu\u0161ta prema granici s Europskom unijom.<\/p>\n\n\n\n<p>Europska unija trenutno<strong>&nbsp;planira uvo\u0111enje novih sankcija protiv Bjelorusije<\/strong>, koje bi se posebice odnosile na dr\u017eavnog zra\u010dnog prijevoznika Belaviju zbog navodnog transporta migranata u Bjelorusiju.<\/p>\n\n\n\n<h4 class=\"wp-block-heading\">Njema\u010dka tra\u017ei sankcije za Bjelorusiju<\/h4>\n\n\n\n<p>Njema\u010dka je za uvo\u0111enje novih sankcija Europske unije Bjelorusiji, objavio je u srijedu njema\u010dki ministar vanjskih poslova&nbsp;<strong>Heiko Maas<\/strong>&nbsp;optu\u017eiv\u0161i bjeloruskog predsjednika da Aleksandra Luka\u0161enka da \u201cbeskrupulozno\u201d koristi migrante \u0161alju\u0107i ih na granicu s Poljskom.<\/p>\n\n\n\n<p><em>Sankcionirat \u0107emo sve koji sudjeluju&nbsp;<strong>u ciljanom krijum\u010darenju migranata<\/strong><\/em><strong>,<\/strong>&nbsp;rekao je Maas u priop\u0107enju, dodaju\u0107i da \u0107e EU raditi na \u201cpro\u0161irenju i ja\u010danju (\u2026) sankcija protiv Luka\u0161enkovog re\u017eima\u201d.<\/p>\n\n\n\n<p><em>Luka\u0161enko mora shvatiti da<strong>&nbsp;njegovi ra\u010duni ne funkcioniraju<\/strong><\/em>, rekao je.<\/p>\n\n\n\n<p>Tisu\u0107e migranata blokirano je na hladno\u0107i na bjelorusko-poljskoj granici, a&nbsp;<strong>Var\u0161ava optu\u017euje Rusiju i Bjelorusiju<\/strong>&nbsp;da koriste migrantsku krizu kako bi destabilizirali europsku sigurnost.<\/p>\n\n\n\n<p>Europljani mjesecima optu\u017euju Luka\u0161enka da&nbsp;<strong>potpiruje krizu izdavanjem vize migrantima<\/strong>&nbsp;u znak osvete za europske sankcije poduzete protiv njegove zemlje zbog represije protiv oporbe na predsjedni\u010dkim izborima u toj zemlji 2020. godine.<\/p>\n\n\n\n<p>Opisuju\u0107i situaciju na bjeloruskoj granici kao \u201cstra\u0161nu\u201d, Maas je optu\u017eio Luka\u0161enka za pokretanj<strong>e \u201copasne spirale iz koje nema izlaza\u201d.<\/strong><\/p>\n\n\n\n<p>Tako\u0111er je izrazio uvjerenost da je<strong>&nbsp;EU spremna djelovati protiv drugih zemalja<\/strong>&nbsp;i zra\u010dnih prijevoznika uklju\u010denih u prijevoz migranata.<\/p>\n\n\n\n<p><em>Nitko ne smije neka\u017enjeno sudjelovati u&nbsp;<strong>Luka\u0161enkovim nehumanim aktivnostima<\/strong><\/em>, izjavio je Maas upozoriv\u0161i da smo \u201cspremni, kao EU, povu\u0107i i posljedice\u201d.<\/p>\n\n\n\n<h4 class=\"wp-block-heading\">Poljski premijer krivi Putina za migrantsku krizu<\/h4>\n\n\n\n<p>Poljski premijer optu\u017eio je ruskog predsjednika&nbsp;<strong>Vladimira Putina<\/strong>&nbsp;da stoji iza migrantske krize, prenio je BBC.<\/p>\n\n\n\n<p><strong>Mateusz Morawiecki<\/strong>&nbsp;kazao je da bjeloruski autoritarni \u010delnik Aleksandar Luka\u0161enko, bliski saveznik Vladimira Putina, upravlja krizom, no da je \u201cpokreta\u010d u Moskvi\u201d.<\/p>\n\n\n\n<p>Najmanje<strong>&nbsp;2.000 ljudi zaustavljeno je<\/strong>&nbsp;u grani\u010dnom podru\u010dju u uvjetima hladno\u0107e.<\/p>\n\n\n\n<p>Govore\u0107i u utorak na hitnoj sjednici parlamenta nakon \u0161to je posjetio snage na granici poljski premijer je rekao: \u201cOvaj napad koji je poduzeo Luka\u0161enko<strong>&nbsp;osmi\u0161ljen je u Moskvi<\/strong>, a glavni um je predsjednik Putin\u201d.<\/p>\n\n\n\n<p>On je optu\u017eio ruskog i bjeloruskog \u010delnika da&nbsp;<strong>nastoje destabilizirati Europsku uniju<\/strong>&nbsp;dopu\u0161taju\u0107i ilegalnim migrantima da, putuju\u0107i preko Bjelorusije, poku\u0161aju u\u0107i na podru\u010dje EU-a.<\/p>\n\n\n\n<p>Situaciju je opisao kao&nbsp;<strong>\u201cnovi tip rata u kojem se ljudi koriste kao ljudski \u0161tit\u201d<\/strong>&nbsp;te je ustvrdio da se Poljska suo\u010dava sa scenarijem kojim se \u017eeli u Europskoj uniji izazvati kaos.<\/p>\n\n\n\n<p>Istaknuo je da je ovo&nbsp;<strong>prvi put u 30 godina<\/strong>&nbsp;da je poljska pograni\u010dna sigurnost tako brutalno ugro\u017eena.<\/p>\n\n\n\n<p>Poljska je na granici&nbsp;<strong>rasporedila dodatne snage<\/strong>&nbsp;i upozorila na mogu\u0107u \u201coru\u017eanu\u201d eskalaciju, strahuju\u0107i da bi Bjelorusija mogla poku\u0161ati izazvati incident.<\/p>\n\n\n\n<p>Poljska, Litva i Latvija, koje su \u010dlanice Europske unije, suo\u010dene su posljednjih mjeseci s poku\u0161ajima velikom broja ljudi, ilegalnih migranata, da iz Bjelorusije u\u0111u na podru\u010dje EU.&nbsp;<strong>Litva je u utorak proglasila izvanredno stanje<\/strong>&nbsp;na svojoj granici s Bljelorusijom, koje \u0107e stupiti na snagu u pono\u0107. Ve\u0107inu poku\u0161aja ulaska ipak bilje\u017ei Poljska, posebno oko najve\u0107eg grani\u010dnog prijelaza u Kuznici.<\/p>\n\n\n\n<p><strong>Izvor: Hina<\/strong> \/ Jabuka.tv<\/p>\n","protected":false},"excerpt":{"rendered":"<p>Dvije velike skupine migranata navodno su uspjele probiti ogradu na granici Bjelorusije i Poljske. Nekoliko desetaka ljudi uspjelo je sru\u0161iti ogradu u blizini sela&nbsp;Krynki i Bialowieza&nbsp;te prije\u0107i granicu, javila je poljska agencija PAP pozivaju\u0107i se na lokalnu radiopostaju Bialystok. Postaja navodi rije\u010di glasnogovornice pograni\u010dnih snaga koja je rekla da su&nbsp;u oba slu\u010daja ograde na granici [&hellip;]<\/p>\n","protected":false},"author":2,"featured_media":79108,"comment_status":"closed","ping_status":"closed","sticky":false,"template":"","format":"standard","meta":{"h5ap_radio_sources":[],"footnotes":""},"categories":[1],"tags":[],"class_list":["post-86972","post","type-post","status-publish","format-standard","has-post-thumbnail","hentry","category-bihiregija"],"yoast_head":"<!-- This site is optimized with the Yoast SEO plugin v27.5 - https:\/\/yoast.com\/product\/yoast-seo-wordpress\/ -->\n<title>Dvije ve\u0107e skupine migranata probile granicu EU - RADIO LJUBU\u0160KI<\/title>\n<meta name=\"robots\" content=\"index, follow, max-snippet:-1, max-image-preview:large, max-video-preview:-1\" \/>\n<link rel=\"canonical\" href=\"https:\/\/radioljubuski.ba\/index.php\/2021\/11\/10\/dvije-vece-skupine-migranata-probile-granicu-eu\/\" \/>\n<meta property=\"og:locale\" content=\"hr_HR\" \/>\n<meta property=\"og:type\" content=\"article\" \/>\n<meta property=\"og:title\" content=\"Dvije ve\u0107e skupine migranata probile granicu EU - RADIO LJUBU\u0160KI\" \/>\n<meta property=\"og:description\" content=\"Dvije velike skupine migranata navodno su uspjele probiti ogradu na granici Bjelorusije i Poljske. Nekoliko desetaka ljudi uspjelo je sru\u0161iti ogradu u blizini sela&nbsp;Krynki i Bialowieza&nbsp;te prije\u0107i granicu, javila je poljska agencija PAP pozivaju\u0107i se na lokalnu radiopostaju Bialystok. Postaja navodi rije\u010di glasnogovornice pograni\u010dnih snaga koja je rekla da su&nbsp;u oba slu\u010daja ograde na granici [&hellip;]\" \/>\n<meta property=\"og:url\" content=\"https:\/\/radioljubuski.ba\/index.php\/2021\/11\/10\/dvije-vece-skupine-migranata-probile-granicu-eu\/\" \/>\n<meta property=\"og:site_name\" content=\"RADIO LJUBU\u0160KI\" \/>\n<meta property=\"article:publisher\" content=\"https:\/\/www.facebook.com\/Radiio-Ljubuski-1490835324566332\" \/>\n<meta property=\"article:published_time\" content=\"2021-11-10T08:46:34+00:00\" \/>\n<meta property=\"article:modified_time\" content=\"2021-11-10T08:46:35+00:00\" \/>\n<meta property=\"og:image\" content=\"https:\/\/radioljubuski.ba\/wp-content\/uploads\/2021\/10\/7-2021-06-04-07-58-25-migranti.jpg\" \/>\n\t<meta property=\"og:image:width\" content=\"1000\" \/>\n\t<meta property=\"og:image:height\" content=\"625\" \/>\n\t<meta property=\"og:image:type\" content=\"image\/jpeg\" \/>\n<meta name=\"author\" content=\"Radio Ljubu\u0161ki\" \/>\n<meta name=\"twitter:card\" content=\"summary_large_image\" \/>\n<meta name=\"twitter:creator\" content=\"@radioljubuski\" \/>\n<meta name=\"twitter:site\" content=\"@radioljubuski\" \/>\n<meta name=\"twitter:label1\" content=\"Napisao\/la\" \/>\n\t<meta name=\"twitter:data1\" content=\"Radio Ljubu\u0161ki\" \/>\n\t<meta name=\"twitter:label2\" content=\"Procijenjeno vrijeme \u010ditanja\" \/>\n\t<meta name=\"twitter:data2\" content=\"4 minute\" \/>\n<script type=\"application\/ld+json\" class=\"yoast-schema-graph\">{\"@context\":\"https:\\\/\\\/schema.org\",\"@graph\":[{\"@type\":\"Article\",\"@id\":\"https:\\\/\\\/radioljubuski.ba\\\/index.php\\\/2021\\\/11\\\/10\\\/dvije-vece-skupine-migranata-probile-granicu-eu\\\/#article\",\"isPartOf\":{\"@id\":\"https:\\\/\\\/radioljubuski.ba\\\/index.php\\\/2021\\\/11\\\/10\\\/dvije-vece-skupine-migranata-probile-granicu-eu\\\/\"},\"author\":{\"name\":\"Radio Ljubu\u0161ki\",\"@id\":\"https:\\\/\\\/radioljubuski.ba\\\/#\\\/schema\\\/person\\\/19fc700381a780f69665d7956c469e3b\"},\"headline\":\"Dvije ve\u0107e skupine migranata probile granicu EU\",\"datePublished\":\"2021-11-10T08:46:34+00:00\",\"dateModified\":\"2021-11-10T08:46:35+00:00\",\"mainEntityOfPage\":{\"@id\":\"https:\\\/\\\/radioljubuski.ba\\\/index.php\\\/2021\\\/11\\\/10\\\/dvije-vece-skupine-migranata-probile-granicu-eu\\\/\"},\"wordCount\":936,\"publisher\":{\"@id\":\"https:\\\/\\\/radioljubuski.ba\\\/#organization\"},\"image\":{\"@id\":\"https:\\\/\\\/radioljubuski.ba\\\/index.php\\\/2021\\\/11\\\/10\\\/dvije-vece-skupine-migranata-probile-granicu-eu\\\/#primaryimage\"},\"thumbnailUrl\":\"https:\\\/\\\/radioljubuski.ba\\\/wp-content\\\/uploads\\\/2021\\\/10\\\/7-2021-06-04-07-58-25-migranti.jpg\",\"articleSection\":[\"BIH i regija\"],\"inLanguage\":\"hr\"},{\"@type\":\"WebPage\",\"@id\":\"https:\\\/\\\/radioljubuski.ba\\\/index.php\\\/2021\\\/11\\\/10\\\/dvije-vece-skupine-migranata-probile-granicu-eu\\\/\",\"url\":\"https:\\\/\\\/radioljubuski.ba\\\/index.php\\\/2021\\\/11\\\/10\\\/dvije-vece-skupine-migranata-probile-granicu-eu\\\/\",\"name\":\"Dvije ve\u0107e skupine migranata probile granicu EU - RADIO LJUBU\u0160KI\",\"isPartOf\":{\"@id\":\"https:\\\/\\\/radioljubuski.ba\\\/#website\"},\"primaryImageOfPage\":{\"@id\":\"https:\\\/\\\/radioljubuski.ba\\\/index.php\\\/2021\\\/11\\\/10\\\/dvije-vece-skupine-migranata-probile-granicu-eu\\\/#primaryimage\"},\"image\":{\"@id\":\"https:\\\/\\\/radioljubuski.ba\\\/index.php\\\/2021\\\/11\\\/10\\\/dvije-vece-skupine-migranata-probile-granicu-eu\\\/#primaryimage\"},\"thumbnailUrl\":\"https:\\\/\\\/radioljubuski.ba\\\/wp-content\\\/uploads\\\/2021\\\/10\\\/7-2021-06-04-07-58-25-migranti.jpg\",\"datePublished\":\"2021-11-10T08:46:34+00:00\",\"dateModified\":\"2021-11-10T08:46:35+00:00\",\"breadcrumb\":{\"@id\":\"https:\\\/\\\/radioljubuski.ba\\\/index.php\\\/2021\\\/11\\\/10\\\/dvije-vece-skupine-migranata-probile-granicu-eu\\\/#breadcrumb\"},\"inLanguage\":\"hr\",\"potentialAction\":[{\"@type\":\"ReadAction\",\"target\":[\"https:\\\/\\\/radioljubuski.ba\\\/index.php\\\/2021\\\/11\\\/10\\\/dvije-vece-skupine-migranata-probile-granicu-eu\\\/\"]}]},{\"@type\":\"ImageObject\",\"inLanguage\":\"hr\",\"@id\":\"https:\\\/\\\/radioljubuski.ba\\\/index.php\\\/2021\\\/11\\\/10\\\/dvije-vece-skupine-migranata-probile-granicu-eu\\\/#primaryimage\",\"url\":\"https:\\\/\\\/radioljubuski.ba\\\/wp-content\\\/uploads\\\/2021\\\/10\\\/7-2021-06-04-07-58-25-migranti.jpg\",\"contentUrl\":\"https:\\\/\\\/radioljubuski.ba\\\/wp-content\\\/uploads\\\/2021\\\/10\\\/7-2021-06-04-07-58-25-migranti.jpg\",\"width\":1000,\"height\":625},{\"@type\":\"BreadcrumbList\",\"@id\":\"https:\\\/\\\/radioljubuski.ba\\\/index.php\\\/2021\\\/11\\\/10\\\/dvije-vece-skupine-migranata-probile-granicu-eu\\\/#breadcrumb\",\"itemListElement\":[{\"@type\":\"ListItem\",\"position\":1,\"name\":\"Po\u010detna stranica\",\"item\":\"https:\\\/\\\/radioljubuski.ba\\\/\"},{\"@type\":\"ListItem\",\"position\":2,\"name\":\"Dvije ve\u0107e skupine migranata probile granicu EU\"}]},{\"@type\":\"WebSite\",\"@id\":\"https:\\\/\\\/radioljubuski.ba\\\/#website\",\"url\":\"https:\\\/\\\/radioljubuski.ba\\\/\",\"name\":\"Radio Ljubu\u0161ki\",\"description\":\"Sun\u010dana frekvencija Hercegovine\",\"publisher\":{\"@id\":\"https:\\\/\\\/radioljubuski.ba\\\/#organization\"},\"potentialAction\":[{\"@type\":\"SearchAction\",\"target\":{\"@type\":\"EntryPoint\",\"urlTemplate\":\"https:\\\/\\\/radioljubuski.ba\\\/?s={search_term_string}\"},\"query-input\":{\"@type\":\"PropertyValueSpecification\",\"valueRequired\":true,\"valueName\":\"search_term_string\"}}],\"inLanguage\":\"hr\"},{\"@type\":\"Organization\",\"@id\":\"https:\\\/\\\/radioljubuski.ba\\\/#organization\",\"name\":\"Radio Ljubu\u0161ki\",\"url\":\"https:\\\/\\\/radioljubuski.ba\\\/\",\"logo\":{\"@type\":\"ImageObject\",\"inLanguage\":\"hr\",\"@id\":\"https:\\\/\\\/radioljubuski.ba\\\/#\\\/schema\\\/logo\\\/image\\\/\",\"url\":\"https:\\\/\\\/radioljubuski.ba\\\/wp-content\\\/uploads\\\/2021\\\/02\\\/cropped-Radio_Ljubuski_logo1.jpg\",\"contentUrl\":\"https:\\\/\\\/radioljubuski.ba\\\/wp-content\\\/uploads\\\/2021\\\/02\\\/cropped-Radio_Ljubuski_logo1.jpg\",\"width\":512,\"height\":512,\"caption\":\"Radio Ljubu\u0161ki\"},\"image\":{\"@id\":\"https:\\\/\\\/radioljubuski.ba\\\/#\\\/schema\\\/logo\\\/image\\\/\"},\"sameAs\":[\"https:\\\/\\\/www.facebook.com\\\/Radiio-Ljubuski-1490835324566332\",\"https:\\\/\\\/x.com\\\/radioljubuski\",\"https:\\\/\\\/hr.linkedin.com\\\/company\\\/radio-ljubuski\",\"https:\\\/\\\/www.youtube.com\\\/channel\\\/UCHYaeO_n0Db3tjNGudGpXyw\"]},{\"@type\":\"Person\",\"@id\":\"https:\\\/\\\/radioljubuski.ba\\\/#\\\/schema\\\/person\\\/19fc700381a780f69665d7956c469e3b\",\"name\":\"Radio Ljubu\u0161ki\"}]}<\/script>\n<!-- \/ Yoast SEO plugin. -->","yoast_head_json":{"title":"Dvije ve\u0107e skupine migranata probile granicu EU - RADIO LJUBU\u0160KI","robots":{"index":"index","follow":"follow","max-snippet":"max-snippet:-1","max-image-preview":"max-image-preview:large","max-video-preview":"max-video-preview:-1"},"canonical":"https:\/\/radioljubuski.ba\/index.php\/2021\/11\/10\/dvije-vece-skupine-migranata-probile-granicu-eu\/","og_locale":"hr_HR","og_type":"article","og_title":"Dvije ve\u0107e skupine migranata probile granicu EU - RADIO LJUBU\u0160KI","og_description":"Dvije velike skupine migranata navodno su uspjele probiti ogradu na granici Bjelorusije i Poljske. Nekoliko desetaka ljudi uspjelo je sru\u0161iti ogradu u blizini sela&nbsp;Krynki i Bialowieza&nbsp;te prije\u0107i granicu, javila je poljska agencija PAP pozivaju\u0107i se na lokalnu radiopostaju Bialystok. Postaja navodi rije\u010di glasnogovornice pograni\u010dnih snaga koja je rekla da su&nbsp;u oba slu\u010daja ograde na granici [&hellip;]","og_url":"https:\/\/radioljubuski.ba\/index.php\/2021\/11\/10\/dvije-vece-skupine-migranata-probile-granicu-eu\/","og_site_name":"RADIO LJUBU\u0160KI","article_publisher":"https:\/\/www.facebook.com\/Radiio-Ljubuski-1490835324566332","article_published_time":"2021-11-10T08:46:34+00:00","article_modified_time":"2021-11-10T08:46:35+00:00","og_image":[{"width":1000,"height":625,"url":"https:\/\/radioljubuski.ba\/wp-content\/uploads\/2021\/10\/7-2021-06-04-07-58-25-migranti.jpg","type":"image\/jpeg"}],"author":"Radio Ljubu\u0161ki","twitter_card":"summary_large_image","twitter_creator":"@radioljubuski","twitter_site":"@radioljubuski","twitter_misc":{"Napisao\/la":"Radio Ljubu\u0161ki","Procijenjeno vrijeme \u010ditanja":"4 minute"},"schema":{"@context":"https:\/\/schema.org","@graph":[{"@type":"Article","@id":"https:\/\/radioljubuski.ba\/index.php\/2021\/11\/10\/dvije-vece-skupine-migranata-probile-granicu-eu\/#article","isPartOf":{"@id":"https:\/\/radioljubuski.ba\/index.php\/2021\/11\/10\/dvije-vece-skupine-migranata-probile-granicu-eu\/"},"author":{"name":"Radio Ljubu\u0161ki","@id":"https:\/\/radioljubuski.ba\/#\/schema\/person\/19fc700381a780f69665d7956c469e3b"},"headline":"Dvije ve\u0107e skupine migranata probile granicu EU","datePublished":"2021-11-10T08:46:34+00:00","dateModified":"2021-11-10T08:46:35+00:00","mainEntityOfPage":{"@id":"https:\/\/radioljubuski.ba\/index.php\/2021\/11\/10\/dvije-vece-skupine-migranata-probile-granicu-eu\/"},"wordCount":936,"publisher":{"@id":"https:\/\/radioljubuski.ba\/#organization"},"image":{"@id":"https:\/\/radioljubuski.ba\/index.php\/2021\/11\/10\/dvije-vece-skupine-migranata-probile-granicu-eu\/#primaryimage"},"thumbnailUrl":"https:\/\/radioljubuski.ba\/wp-content\/uploads\/2021\/10\/7-2021-06-04-07-58-25-migranti.jpg","articleSection":["BIH i regija"],"inLanguage":"hr"},{"@type":"WebPage","@id":"https:\/\/radioljubuski.ba\/index.php\/2021\/11\/10\/dvije-vece-skupine-migranata-probile-granicu-eu\/","url":"https:\/\/radioljubuski.ba\/index.php\/2021\/11\/10\/dvije-vece-skupine-migranata-probile-granicu-eu\/","name":"Dvije ve\u0107e skupine migranata probile granicu EU - RADIO LJUBU\u0160KI","isPartOf":{"@id":"https:\/\/radioljubuski.ba\/#website"},"primaryImageOfPage":{"@id":"https:\/\/radioljubuski.ba\/index.php\/2021\/11\/10\/dvije-vece-skupine-migranata-probile-granicu-eu\/#primaryimage"},"image":{"@id":"https:\/\/radioljubuski.ba\/index.php\/2021\/11\/10\/dvije-vece-skupine-migranata-probile-granicu-eu\/#primaryimage"},"thumbnailUrl":"https:\/\/radioljubuski.ba\/wp-content\/uploads\/2021\/10\/7-2021-06-04-07-58-25-migranti.jpg","datePublished":"2021-11-10T08:46:34+00:00","dateModified":"2021-11-10T08:46:35+00:00","breadcrumb":{"@id":"https:\/\/radioljubuski.ba\/index.php\/2021\/11\/10\/dvije-vece-skupine-migranata-probile-granicu-eu\/#breadcrumb"},"inLanguage":"hr","potentialAction":[{"@type":"ReadAction","target":["https:\/\/radioljubuski.ba\/index.php\/2021\/11\/10\/dvije-vece-skupine-migranata-probile-granicu-eu\/"]}]},{"@type":"ImageObject","inLanguage":"hr","@id":"https:\/\/radioljubuski.ba\/index.php\/2021\/11\/10\/dvije-vece-skupine-migranata-probile-granicu-eu\/#primaryimage","url":"https:\/\/radioljubuski.ba\/wp-content\/uploads\/2021\/10\/7-2021-06-04-07-58-25-migranti.jpg","contentUrl":"https:\/\/radioljubuski.ba\/wp-content\/uploads\/2021\/10\/7-2021-06-04-07-58-25-migranti.jpg","width":1000,"height":625},{"@type":"BreadcrumbList","@id":"https:\/\/radioljubuski.ba\/index.php\/2021\/11\/10\/dvije-vece-skupine-migranata-probile-granicu-eu\/#breadcrumb","itemListElement":[{"@type":"ListItem","position":1,"name":"Po\u010detna stranica","item":"https:\/\/radioljubuski.ba\/"},{"@type":"ListItem","position":2,"name":"Dvije ve\u0107e skupine migranata probile granicu EU"}]},{"@type":"WebSite","@id":"https:\/\/radioljubuski.ba\/#website","url":"https:\/\/radioljubuski.ba\/","name":"Radio Ljubu\u0161ki","description":"Sun\u010dana frekvencija Hercegovine","publisher":{"@id":"https:\/\/radioljubuski.ba\/#organization"},"potentialAction":[{"@type":"SearchAction","target":{"@type":"EntryPoint","urlTemplate":"https:\/\/radioljubuski.ba\/?s={search_term_string}"},"query-input":{"@type":"PropertyValueSpecification","valueRequired":true,"valueName":"search_term_string"}}],"inLanguage":"hr"},{"@type":"Organization","@id":"https:\/\/radioljubuski.ba\/#organization","name":"Radio Ljubu\u0161ki","url":"https:\/\/radioljubuski.ba\/","logo":{"@type":"ImageObject","inLanguage":"hr","@id":"https:\/\/radioljubuski.ba\/#\/schema\/logo\/image\/","url":"https:\/\/radioljubuski.ba\/wp-content\/uploads\/2021\/02\/cropped-Radio_Ljubuski_logo1.jpg","contentUrl":"https:\/\/radioljubuski.ba\/wp-content\/uploads\/2021\/02\/cropped-Radio_Ljubuski_logo1.jpg","width":512,"height":512,"caption":"Radio Ljubu\u0161ki"},"image":{"@id":"https:\/\/radioljubuski.ba\/#\/schema\/logo\/image\/"},"sameAs":["https:\/\/www.facebook.com\/Radiio-Ljubuski-1490835324566332","https:\/\/x.com\/radioljubuski","https:\/\/hr.linkedin.com\/company\/radio-ljubuski","https:\/\/www.youtube.com\/channel\/UCHYaeO_n0Db3tjNGudGpXyw"]},{"@type":"Person","@id":"https:\/\/radioljubuski.ba\/#\/schema\/person\/19fc700381a780f69665d7956c469e3b","name":"Radio Ljubu\u0161ki"}]}},"_links":{"self":[{"href":"https:\/\/radioljubuski.ba\/index.php\/wp-json\/wp\/v2\/posts\/86972","targetHints":{"allow":["GET"]}}],"collection":[{"href":"https:\/\/radioljubuski.ba\/index.php\/wp-json\/wp\/v2\/posts"}],"about":[{"href":"https:\/\/radioljubuski.ba\/index.php\/wp-json\/wp\/v2\/types\/post"}],"author":[{"embeddable":true,"href":"https:\/\/radioljubuski.ba\/index.php\/wp-json\/wp\/v2\/users\/2"}],"replies":[{"embeddable":true,"href":"https:\/\/radioljubuski.ba\/index.php\/wp-json\/wp\/v2\/comments?post=86972"}],"version-history":[{"count":1,"href":"https:\/\/radioljubuski.ba\/index.php\/wp-json\/wp\/v2\/posts\/86972\/revisions"}],"predecessor-version":[{"id":86973,"href":"https:\/\/radioljubuski.ba\/index.php\/wp-json\/wp\/v2\/posts\/86972\/revisions\/86973"}],"wp:featuredmedia":[{"embeddable":true,"href":"https:\/\/radioljubuski.ba\/index.php\/wp-json\/wp\/v2\/media\/79108"}],"wp:attachment":[{"href":"https:\/\/radioljubuski.ba\/index.php\/wp-json\/wp\/v2\/media?parent=86972"}],"wp:term":[{"taxonomy":"category","embeddable":true,"href":"https:\/\/radioljubuski.ba\/index.php\/wp-json\/wp\/v2\/categories?post=86972"},{"taxonomy":"post_tag","embeddable":true,"href":"https:\/\/radioljubuski.ba\/index.php\/wp-json\/wp\/v2\/tags?post=86972"}],"curies":[{"name":"wp","href":"https:\/\/api.w.org\/{rel}","templated":true}]}}