{"id":86977,"date":"2021-11-10T09:52:29","date_gmt":"2021-11-10T08:52:29","guid":{"rendered":"https:\/\/radioljubuski.ba\/?p=86977"},"modified":"2021-11-10T09:52:29","modified_gmt":"2021-11-10T08:52:29","slug":"zapisnicarki-pozlilo-na-ispitivanju-mucna-istraga-ubojstva-djece-haralda-kopitza","status":"publish","type":"post","link":"https:\/\/radioljubuski.ba\/index.php\/2021\/11\/10\/zapisnicarki-pozlilo-na-ispitivanju-mucna-istraga-ubojstva-djece-haralda-kopitza\/","title":{"rendered":"Zapisni\u010darki pozlilo na ispitivanju Mu\u010dna istraga ubojstva djece Haralda Kopitza"},"content":{"rendered":"\n<p>Harald Kopitz (56), austrijski dr\u017eavljanin koji je okrivljen da je u no\u0107i s petka na subotu 24. na 25. rujna u unajmljenom stanu u zagreba\u010dkim Mlinovima otrovao tabletama svoje troje djece i nakon toga poku\u0161ao samoubojstvo i dalje je u samici Bolnice za osobe li\u0161ene slobode na Sveto\u0161imunskoj u kojoj na njema\u010dkom op\u0161irno pi\u0161e svoje vi\u0111enje zlo\u010dina zbog kojeg mu prijeti i do 50 godina zatvora. <\/p>\n\n\n\n<p>U me\u0111uvremenu, u zagreba\u010dkom \u017dupanijskom dr\u017eavnom odvjetni\u0161tvu zamjenica Albina Tisani\u0107 ispituje svjedoke od kojih \u017eeli saznati sve o njegovu \u017eivotu Haralda Kopitza (56).<\/p>\n\n\n\n<p>Nakon kra\u0107e hospitalizacije u KB-u Sestara milosrdnica Kopitz je bio priveden prvo u policiju, a potom i na tu\u017eiteljstvo i \u017dupanijski sud gdje mu je sudac istrage na prijedlog tu\u017eiteljstva odredio istra\u017eni zatvor zbog mogu\u0107eg utjecaja na svjedoke, opasnosti od ponavljanja djela i zbog te\u0161kih okolnosti po\u010dinjenja djela.<\/p>\n\n\n\n<p>Kopitzev branitelj Marko Ivica, koji ga brani po slu\u017ebenoj du\u017enosti, obzirom na tajnost istrage potvrdio nam je samo da je podnio \u017ealbu na rje\u0161enje o odre\u0111ivanju istra\u017enog zatvora i provo\u0111enju istrage, ali ta \u017ealba jo\u0161 nije rije\u0161ena. <\/p>\n\n\n\n<p>Kako se doznaje, majka djece jo\u0161 nije ispitana kao svjedok i vjerojatno \u0107e biti ispitana na kraju istrage, a sada su ispitivani njegovi kolege i prijatelji o okolnostima njegovih poslova i privatnog \u017eivota. <\/p>\n\n\n\n<p>U tjednu kad su djeca ubijena ona su prema dogovoru s majkom trebala provesti kod oca, a naredni tjedan su trebala i\u0107i kod majke, ali se dogodio zlo\u010din, donosi Jutarnji list.<\/p>\n\n\n\n<p>Poznato je da je Kopitz radio kao financijski savjetnik i menad\u017eer u nekoliko inozemnih kompanija, ali i u tvrtkama u Hrvatskoj gdje je osnovao i vlastitu tvrtku za financijsko savjetovanje, ali je istovremeno i tra\u017eio novi posao i bio na nekim razgovorima. Naviknut na visoki \u017eivotni stil, zbog financijskih pote\u0161ko\u0107a u koje je upao, prijetilo mu je i otkazivanje stana u Mlinovima \u0161to je navodno te\u0161ko primio. No, jo\u0161 nije objasnio motiv i razlog zbog kojeg je ubio vlastito troje djece.<\/p>\n\n\n\n<p>Koliko je istraga mu\u010dna, svjedo\u010di i to da je prilikom jednog ispitivanja pozlilo zapisni\u010darki tu\u017eiteljice prilikom ispitivanja svjedoka.<\/p>\n\n\n\n<p>Zasad jo\u0161 nije provedeno psihijatrijsko vje\u0161ta\u010denje Haralda Kopitza, a osudi li ga se pravomo\u0107no za zlo\u010din nad vlastitom djecom, s obzirom na to da je strani dr\u017eavljanin, mogao bi tra\u017eiti izdr\u017eavanje kazne u Austriji.<\/p>\n\n\n\n<p><strong>Izvor: Hercegovina.info<\/strong><\/p>\n","protected":false},"excerpt":{"rendered":"<p>Harald Kopitz (56), austrijski dr\u017eavljanin koji je okrivljen da je u no\u0107i s petka na subotu 24. na 25. rujna u unajmljenom stanu u zagreba\u010dkim Mlinovima otrovao tabletama svoje troje djece i nakon toga poku\u0161ao samoubojstvo i dalje je u samici Bolnice za osobe li\u0161ene slobode na Sveto\u0161imunskoj u kojoj na njema\u010dkom op\u0161irno pi\u0161e svoje [&hellip;]<\/p>\n","protected":false},"author":2,"featured_media":67674,"comment_status":"closed","ping_status":"closed","sticky":false,"template":"","format":"standard","meta":{"h5ap_radio_sources":[],"footnotes":""},"categories":[1],"tags":[],"class_list":["post-86977","post","type-post","status-publish","format-standard","has-post-thumbnail","hentry","category-bihiregija"],"yoast_head":"<!-- This site is optimized with the Yoast SEO plugin v27.5 - https:\/\/yoast.com\/product\/yoast-seo-wordpress\/ -->\n<title>Zapisni\u010darki pozlilo na ispitivanju Mu\u010dna istraga ubojstva djece Haralda Kopitza - RADIO LJUBU\u0160KI<\/title>\n<meta name=\"robots\" content=\"index, follow, max-snippet:-1, max-image-preview:large, max-video-preview:-1\" \/>\n<link rel=\"canonical\" href=\"https:\/\/radioljubuski.ba\/index.php\/2021\/11\/10\/zapisnicarki-pozlilo-na-ispitivanju-mucna-istraga-ubojstva-djece-haralda-kopitza\/\" \/>\n<meta property=\"og:locale\" content=\"hr_HR\" \/>\n<meta property=\"og:type\" content=\"article\" \/>\n<meta property=\"og:title\" content=\"Zapisni\u010darki pozlilo na ispitivanju Mu\u010dna istraga ubojstva djece Haralda Kopitza - RADIO LJUBU\u0160KI\" \/>\n<meta property=\"og:description\" content=\"Harald Kopitz (56), austrijski dr\u017eavljanin koji je okrivljen da je u no\u0107i s petka na subotu 24. na 25. rujna u unajmljenom stanu u zagreba\u010dkim Mlinovima otrovao tabletama svoje troje djece i nakon toga poku\u0161ao samoubojstvo i dalje je u samici Bolnice za osobe li\u0161ene slobode na Sveto\u0161imunskoj u kojoj na njema\u010dkom op\u0161irno pi\u0161e svoje [&hellip;]\" \/>\n<meta property=\"og:url\" content=\"https:\/\/radioljubuski.ba\/index.php\/2021\/11\/10\/zapisnicarki-pozlilo-na-ispitivanju-mucna-istraga-ubojstva-djece-haralda-kopitza\/\" \/>\n<meta property=\"og:site_name\" content=\"RADIO LJUBU\u0160KI\" \/>\n<meta property=\"article:publisher\" content=\"https:\/\/www.facebook.com\/Radiio-Ljubuski-1490835324566332\" \/>\n<meta property=\"article:published_time\" content=\"2021-11-10T08:52:29+00:00\" \/>\n<meta property=\"og:image\" content=\"https:\/\/radioljubuski.ba\/wp-content\/uploads\/2021\/09\/harald-mlinovi-696x464-1.jpg\" \/>\n\t<meta property=\"og:image:width\" content=\"696\" \/>\n\t<meta property=\"og:image:height\" content=\"464\" \/>\n\t<meta property=\"og:image:type\" content=\"image\/jpeg\" \/>\n<meta name=\"author\" content=\"Radio Ljubu\u0161ki\" \/>\n<meta name=\"twitter:card\" content=\"summary_large_image\" \/>\n<meta name=\"twitter:creator\" content=\"@radioljubuski\" \/>\n<meta name=\"twitter:site\" content=\"@radioljubuski\" \/>\n<meta name=\"twitter:label1\" content=\"Napisao\/la\" \/>\n\t<meta name=\"twitter:data1\" content=\"Radio Ljubu\u0161ki\" \/>\n\t<meta name=\"twitter:label2\" content=\"Procijenjeno vrijeme \u010ditanja\" \/>\n\t<meta name=\"twitter:data2\" content=\"2 minute\" \/>\n<script type=\"application\/ld+json\" class=\"yoast-schema-graph\">{\"@context\":\"https:\\\/\\\/schema.org\",\"@graph\":[{\"@type\":\"Article\",\"@id\":\"https:\\\/\\\/radioljubuski.ba\\\/index.php\\\/2021\\\/11\\\/10\\\/zapisnicarki-pozlilo-na-ispitivanju-mucna-istraga-ubojstva-djece-haralda-kopitza\\\/#article\",\"isPartOf\":{\"@id\":\"https:\\\/\\\/radioljubuski.ba\\\/index.php\\\/2021\\\/11\\\/10\\\/zapisnicarki-pozlilo-na-ispitivanju-mucna-istraga-ubojstva-djece-haralda-kopitza\\\/\"},\"author\":{\"name\":\"Radio Ljubu\u0161ki\",\"@id\":\"https:\\\/\\\/radioljubuski.ba\\\/#\\\/schema\\\/person\\\/19fc700381a780f69665d7956c469e3b\"},\"headline\":\"Zapisni\u010darki pozlilo na ispitivanju Mu\u010dna istraga ubojstva djece Haralda Kopitza\",\"datePublished\":\"2021-11-10T08:52:29+00:00\",\"mainEntityOfPage\":{\"@id\":\"https:\\\/\\\/radioljubuski.ba\\\/index.php\\\/2021\\\/11\\\/10\\\/zapisnicarki-pozlilo-na-ispitivanju-mucna-istraga-ubojstva-djece-haralda-kopitza\\\/\"},\"wordCount\":428,\"publisher\":{\"@id\":\"https:\\\/\\\/radioljubuski.ba\\\/#organization\"},\"image\":{\"@id\":\"https:\\\/\\\/radioljubuski.ba\\\/index.php\\\/2021\\\/11\\\/10\\\/zapisnicarki-pozlilo-na-ispitivanju-mucna-istraga-ubojstva-djece-haralda-kopitza\\\/#primaryimage\"},\"thumbnailUrl\":\"https:\\\/\\\/radioljubuski.ba\\\/wp-content\\\/uploads\\\/2021\\\/09\\\/harald-mlinovi-696x464-1.jpg\",\"articleSection\":[\"BIH i regija\"],\"inLanguage\":\"hr\"},{\"@type\":\"WebPage\",\"@id\":\"https:\\\/\\\/radioljubuski.ba\\\/index.php\\\/2021\\\/11\\\/10\\\/zapisnicarki-pozlilo-na-ispitivanju-mucna-istraga-ubojstva-djece-haralda-kopitza\\\/\",\"url\":\"https:\\\/\\\/radioljubuski.ba\\\/index.php\\\/2021\\\/11\\\/10\\\/zapisnicarki-pozlilo-na-ispitivanju-mucna-istraga-ubojstva-djece-haralda-kopitza\\\/\",\"name\":\"Zapisni\u010darki pozlilo na ispitivanju Mu\u010dna istraga ubojstva djece Haralda Kopitza - RADIO LJUBU\u0160KI\",\"isPartOf\":{\"@id\":\"https:\\\/\\\/radioljubuski.ba\\\/#website\"},\"primaryImageOfPage\":{\"@id\":\"https:\\\/\\\/radioljubuski.ba\\\/index.php\\\/2021\\\/11\\\/10\\\/zapisnicarki-pozlilo-na-ispitivanju-mucna-istraga-ubojstva-djece-haralda-kopitza\\\/#primaryimage\"},\"image\":{\"@id\":\"https:\\\/\\\/radioljubuski.ba\\\/index.php\\\/2021\\\/11\\\/10\\\/zapisnicarki-pozlilo-na-ispitivanju-mucna-istraga-ubojstva-djece-haralda-kopitza\\\/#primaryimage\"},\"thumbnailUrl\":\"https:\\\/\\\/radioljubuski.ba\\\/wp-content\\\/uploads\\\/2021\\\/09\\\/harald-mlinovi-696x464-1.jpg\",\"datePublished\":\"2021-11-10T08:52:29+00:00\",\"breadcrumb\":{\"@id\":\"https:\\\/\\\/radioljubuski.ba\\\/index.php\\\/2021\\\/11\\\/10\\\/zapisnicarki-pozlilo-na-ispitivanju-mucna-istraga-ubojstva-djece-haralda-kopitza\\\/#breadcrumb\"},\"inLanguage\":\"hr\",\"potentialAction\":[{\"@type\":\"ReadAction\",\"target\":[\"https:\\\/\\\/radioljubuski.ba\\\/index.php\\\/2021\\\/11\\\/10\\\/zapisnicarki-pozlilo-na-ispitivanju-mucna-istraga-ubojstva-djece-haralda-kopitza\\\/\"]}]},{\"@type\":\"ImageObject\",\"inLanguage\":\"hr\",\"@id\":\"https:\\\/\\\/radioljubuski.ba\\\/index.php\\\/2021\\\/11\\\/10\\\/zapisnicarki-pozlilo-na-ispitivanju-mucna-istraga-ubojstva-djece-haralda-kopitza\\\/#primaryimage\",\"url\":\"https:\\\/\\\/radioljubuski.ba\\\/wp-content\\\/uploads\\\/2021\\\/09\\\/harald-mlinovi-696x464-1.jpg\",\"contentUrl\":\"https:\\\/\\\/radioljubuski.ba\\\/wp-content\\\/uploads\\\/2021\\\/09\\\/harald-mlinovi-696x464-1.jpg\",\"width\":696,\"height\":464},{\"@type\":\"BreadcrumbList\",\"@id\":\"https:\\\/\\\/radioljubuski.ba\\\/index.php\\\/2021\\\/11\\\/10\\\/zapisnicarki-pozlilo-na-ispitivanju-mucna-istraga-ubojstva-djece-haralda-kopitza\\\/#breadcrumb\",\"itemListElement\":[{\"@type\":\"ListItem\",\"position\":1,\"name\":\"Po\u010detna stranica\",\"item\":\"https:\\\/\\\/radioljubuski.ba\\\/\"},{\"@type\":\"ListItem\",\"position\":2,\"name\":\"Zapisni\u010darki pozlilo na ispitivanju Mu\u010dna istraga ubojstva djece Haralda Kopitza\"}]},{\"@type\":\"WebSite\",\"@id\":\"https:\\\/\\\/radioljubuski.ba\\\/#website\",\"url\":\"https:\\\/\\\/radioljubuski.ba\\\/\",\"name\":\"Radio Ljubu\u0161ki\",\"description\":\"Sun\u010dana frekvencija Hercegovine\",\"publisher\":{\"@id\":\"https:\\\/\\\/radioljubuski.ba\\\/#organization\"},\"potentialAction\":[{\"@type\":\"SearchAction\",\"target\":{\"@type\":\"EntryPoint\",\"urlTemplate\":\"https:\\\/\\\/radioljubuski.ba\\\/?s={search_term_string}\"},\"query-input\":{\"@type\":\"PropertyValueSpecification\",\"valueRequired\":true,\"valueName\":\"search_term_string\"}}],\"inLanguage\":\"hr\"},{\"@type\":\"Organization\",\"@id\":\"https:\\\/\\\/radioljubuski.ba\\\/#organization\",\"name\":\"Radio Ljubu\u0161ki\",\"url\":\"https:\\\/\\\/radioljubuski.ba\\\/\",\"logo\":{\"@type\":\"ImageObject\",\"inLanguage\":\"hr\",\"@id\":\"https:\\\/\\\/radioljubuski.ba\\\/#\\\/schema\\\/logo\\\/image\\\/\",\"url\":\"https:\\\/\\\/radioljubuski.ba\\\/wp-content\\\/uploads\\\/2021\\\/02\\\/cropped-Radio_Ljubuski_logo1.jpg\",\"contentUrl\":\"https:\\\/\\\/radioljubuski.ba\\\/wp-content\\\/uploads\\\/2021\\\/02\\\/cropped-Radio_Ljubuski_logo1.jpg\",\"width\":512,\"height\":512,\"caption\":\"Radio Ljubu\u0161ki\"},\"image\":{\"@id\":\"https:\\\/\\\/radioljubuski.ba\\\/#\\\/schema\\\/logo\\\/image\\\/\"},\"sameAs\":[\"https:\\\/\\\/www.facebook.com\\\/Radiio-Ljubuski-1490835324566332\",\"https:\\\/\\\/x.com\\\/radioljubuski\",\"https:\\\/\\\/hr.linkedin.com\\\/company\\\/radio-ljubuski\",\"https:\\\/\\\/www.youtube.com\\\/channel\\\/UCHYaeO_n0Db3tjNGudGpXyw\"]},{\"@type\":\"Person\",\"@id\":\"https:\\\/\\\/radioljubuski.ba\\\/#\\\/schema\\\/person\\\/19fc700381a780f69665d7956c469e3b\",\"name\":\"Radio Ljubu\u0161ki\"}]}<\/script>\n<!-- \/ Yoast SEO plugin. -->","yoast_head_json":{"title":"Zapisni\u010darki pozlilo na ispitivanju Mu\u010dna istraga ubojstva djece Haralda Kopitza - RADIO LJUBU\u0160KI","robots":{"index":"index","follow":"follow","max-snippet":"max-snippet:-1","max-image-preview":"max-image-preview:large","max-video-preview":"max-video-preview:-1"},"canonical":"https:\/\/radioljubuski.ba\/index.php\/2021\/11\/10\/zapisnicarki-pozlilo-na-ispitivanju-mucna-istraga-ubojstva-djece-haralda-kopitza\/","og_locale":"hr_HR","og_type":"article","og_title":"Zapisni\u010darki pozlilo na ispitivanju Mu\u010dna istraga ubojstva djece Haralda Kopitza - RADIO LJUBU\u0160KI","og_description":"Harald Kopitz (56), austrijski dr\u017eavljanin koji je okrivljen da je u no\u0107i s petka na subotu 24. na 25. rujna u unajmljenom stanu u zagreba\u010dkim Mlinovima otrovao tabletama svoje troje djece i nakon toga poku\u0161ao samoubojstvo i dalje je u samici Bolnice za osobe li\u0161ene slobode na Sveto\u0161imunskoj u kojoj na njema\u010dkom op\u0161irno pi\u0161e svoje [&hellip;]","og_url":"https:\/\/radioljubuski.ba\/index.php\/2021\/11\/10\/zapisnicarki-pozlilo-na-ispitivanju-mucna-istraga-ubojstva-djece-haralda-kopitza\/","og_site_name":"RADIO LJUBU\u0160KI","article_publisher":"https:\/\/www.facebook.com\/Radiio-Ljubuski-1490835324566332","article_published_time":"2021-11-10T08:52:29+00:00","og_image":[{"width":696,"height":464,"url":"https:\/\/radioljubuski.ba\/wp-content\/uploads\/2021\/09\/harald-mlinovi-696x464-1.jpg","type":"image\/jpeg"}],"author":"Radio Ljubu\u0161ki","twitter_card":"summary_large_image","twitter_creator":"@radioljubuski","twitter_site":"@radioljubuski","twitter_misc":{"Napisao\/la":"Radio Ljubu\u0161ki","Procijenjeno vrijeme \u010ditanja":"2 minute"},"schema":{"@context":"https:\/\/schema.org","@graph":[{"@type":"Article","@id":"https:\/\/radioljubuski.ba\/index.php\/2021\/11\/10\/zapisnicarki-pozlilo-na-ispitivanju-mucna-istraga-ubojstva-djece-haralda-kopitza\/#article","isPartOf":{"@id":"https:\/\/radioljubuski.ba\/index.php\/2021\/11\/10\/zapisnicarki-pozlilo-na-ispitivanju-mucna-istraga-ubojstva-djece-haralda-kopitza\/"},"author":{"name":"Radio Ljubu\u0161ki","@id":"https:\/\/radioljubuski.ba\/#\/schema\/person\/19fc700381a780f69665d7956c469e3b"},"headline":"Zapisni\u010darki pozlilo na ispitivanju Mu\u010dna istraga ubojstva djece Haralda Kopitza","datePublished":"2021-11-10T08:52:29+00:00","mainEntityOfPage":{"@id":"https:\/\/radioljubuski.ba\/index.php\/2021\/11\/10\/zapisnicarki-pozlilo-na-ispitivanju-mucna-istraga-ubojstva-djece-haralda-kopitza\/"},"wordCount":428,"publisher":{"@id":"https:\/\/radioljubuski.ba\/#organization"},"image":{"@id":"https:\/\/radioljubuski.ba\/index.php\/2021\/11\/10\/zapisnicarki-pozlilo-na-ispitivanju-mucna-istraga-ubojstva-djece-haralda-kopitza\/#primaryimage"},"thumbnailUrl":"https:\/\/radioljubuski.ba\/wp-content\/uploads\/2021\/09\/harald-mlinovi-696x464-1.jpg","articleSection":["BIH i regija"],"inLanguage":"hr"},{"@type":"WebPage","@id":"https:\/\/radioljubuski.ba\/index.php\/2021\/11\/10\/zapisnicarki-pozlilo-na-ispitivanju-mucna-istraga-ubojstva-djece-haralda-kopitza\/","url":"https:\/\/radioljubuski.ba\/index.php\/2021\/11\/10\/zapisnicarki-pozlilo-na-ispitivanju-mucna-istraga-ubojstva-djece-haralda-kopitza\/","name":"Zapisni\u010darki pozlilo na ispitivanju Mu\u010dna istraga ubojstva djece Haralda Kopitza - RADIO LJUBU\u0160KI","isPartOf":{"@id":"https:\/\/radioljubuski.ba\/#website"},"primaryImageOfPage":{"@id":"https:\/\/radioljubuski.ba\/index.php\/2021\/11\/10\/zapisnicarki-pozlilo-na-ispitivanju-mucna-istraga-ubojstva-djece-haralda-kopitza\/#primaryimage"},"image":{"@id":"https:\/\/radioljubuski.ba\/index.php\/2021\/11\/10\/zapisnicarki-pozlilo-na-ispitivanju-mucna-istraga-ubojstva-djece-haralda-kopitza\/#primaryimage"},"thumbnailUrl":"https:\/\/radioljubuski.ba\/wp-content\/uploads\/2021\/09\/harald-mlinovi-696x464-1.jpg","datePublished":"2021-11-10T08:52:29+00:00","breadcrumb":{"@id":"https:\/\/radioljubuski.ba\/index.php\/2021\/11\/10\/zapisnicarki-pozlilo-na-ispitivanju-mucna-istraga-ubojstva-djece-haralda-kopitza\/#breadcrumb"},"inLanguage":"hr","potentialAction":[{"@type":"ReadAction","target":["https:\/\/radioljubuski.ba\/index.php\/2021\/11\/10\/zapisnicarki-pozlilo-na-ispitivanju-mucna-istraga-ubojstva-djece-haralda-kopitza\/"]}]},{"@type":"ImageObject","inLanguage":"hr","@id":"https:\/\/radioljubuski.ba\/index.php\/2021\/11\/10\/zapisnicarki-pozlilo-na-ispitivanju-mucna-istraga-ubojstva-djece-haralda-kopitza\/#primaryimage","url":"https:\/\/radioljubuski.ba\/wp-content\/uploads\/2021\/09\/harald-mlinovi-696x464-1.jpg","contentUrl":"https:\/\/radioljubuski.ba\/wp-content\/uploads\/2021\/09\/harald-mlinovi-696x464-1.jpg","width":696,"height":464},{"@type":"BreadcrumbList","@id":"https:\/\/radioljubuski.ba\/index.php\/2021\/11\/10\/zapisnicarki-pozlilo-na-ispitivanju-mucna-istraga-ubojstva-djece-haralda-kopitza\/#breadcrumb","itemListElement":[{"@type":"ListItem","position":1,"name":"Po\u010detna stranica","item":"https:\/\/radioljubuski.ba\/"},{"@type":"ListItem","position":2,"name":"Zapisni\u010darki pozlilo na ispitivanju Mu\u010dna istraga ubojstva djece Haralda Kopitza"}]},{"@type":"WebSite","@id":"https:\/\/radioljubuski.ba\/#website","url":"https:\/\/radioljubuski.ba\/","name":"Radio Ljubu\u0161ki","description":"Sun\u010dana frekvencija Hercegovine","publisher":{"@id":"https:\/\/radioljubuski.ba\/#organization"},"potentialAction":[{"@type":"SearchAction","target":{"@type":"EntryPoint","urlTemplate":"https:\/\/radioljubuski.ba\/?s={search_term_string}"},"query-input":{"@type":"PropertyValueSpecification","valueRequired":true,"valueName":"search_term_string"}}],"inLanguage":"hr"},{"@type":"Organization","@id":"https:\/\/radioljubuski.ba\/#organization","name":"Radio Ljubu\u0161ki","url":"https:\/\/radioljubuski.ba\/","logo":{"@type":"ImageObject","inLanguage":"hr","@id":"https:\/\/radioljubuski.ba\/#\/schema\/logo\/image\/","url":"https:\/\/radioljubuski.ba\/wp-content\/uploads\/2021\/02\/cropped-Radio_Ljubuski_logo1.jpg","contentUrl":"https:\/\/radioljubuski.ba\/wp-content\/uploads\/2021\/02\/cropped-Radio_Ljubuski_logo1.jpg","width":512,"height":512,"caption":"Radio Ljubu\u0161ki"},"image":{"@id":"https:\/\/radioljubuski.ba\/#\/schema\/logo\/image\/"},"sameAs":["https:\/\/www.facebook.com\/Radiio-Ljubuski-1490835324566332","https:\/\/x.com\/radioljubuski","https:\/\/hr.linkedin.com\/company\/radio-ljubuski","https:\/\/www.youtube.com\/channel\/UCHYaeO_n0Db3tjNGudGpXyw"]},{"@type":"Person","@id":"https:\/\/radioljubuski.ba\/#\/schema\/person\/19fc700381a780f69665d7956c469e3b","name":"Radio Ljubu\u0161ki"}]}},"_links":{"self":[{"href":"https:\/\/radioljubuski.ba\/index.php\/wp-json\/wp\/v2\/posts\/86977","targetHints":{"allow":["GET"]}}],"collection":[{"href":"https:\/\/radioljubuski.ba\/index.php\/wp-json\/wp\/v2\/posts"}],"about":[{"href":"https:\/\/radioljubuski.ba\/index.php\/wp-json\/wp\/v2\/types\/post"}],"author":[{"embeddable":true,"href":"https:\/\/radioljubuski.ba\/index.php\/wp-json\/wp\/v2\/users\/2"}],"replies":[{"embeddable":true,"href":"https:\/\/radioljubuski.ba\/index.php\/wp-json\/wp\/v2\/comments?post=86977"}],"version-history":[{"count":1,"href":"https:\/\/radioljubuski.ba\/index.php\/wp-json\/wp\/v2\/posts\/86977\/revisions"}],"predecessor-version":[{"id":86978,"href":"https:\/\/radioljubuski.ba\/index.php\/wp-json\/wp\/v2\/posts\/86977\/revisions\/86978"}],"wp:featuredmedia":[{"embeddable":true,"href":"https:\/\/radioljubuski.ba\/index.php\/wp-json\/wp\/v2\/media\/67674"}],"wp:attachment":[{"href":"https:\/\/radioljubuski.ba\/index.php\/wp-json\/wp\/v2\/media?parent=86977"}],"wp:term":[{"taxonomy":"category","embeddable":true,"href":"https:\/\/radioljubuski.ba\/index.php\/wp-json\/wp\/v2\/categories?post=86977"},{"taxonomy":"post_tag","embeddable":true,"href":"https:\/\/radioljubuski.ba\/index.php\/wp-json\/wp\/v2\/tags?post=86977"}],"curies":[{"name":"wp","href":"https:\/\/api.w.org\/{rel}","templated":true}]}}