{"id":86979,"date":"2021-11-10T09:54:35","date_gmt":"2021-11-10T08:54:35","guid":{"rendered":"https:\/\/radioljubuski.ba\/?p=86979"},"modified":"2021-11-10T09:54:36","modified_gmt":"2021-11-10T08:54:36","slug":"prijeti-im-pet-godina-zatvora-opcinski-sud-u-ljubuskom-potvrdio-optuznice-protiv-dvoje-turaka","status":"publish","type":"post","link":"https:\/\/radioljubuski.ba\/index.php\/2021\/11\/10\/prijeti-im-pet-godina-zatvora-opcinski-sud-u-ljubuskom-potvrdio-optuznice-protiv-dvoje-turaka\/","title":{"rendered":"Prijeti im pet godina zatvora: Op\u0107inski sud u Ljubu\u0161kom potvrdio optu\u017enice protiv dvoje Turaka"},"content":{"rendered":"\n<p><strong>Dvoje dr\u017eavljana Turske \u017dupanijsko tu\u017eiteljstvo \u017dZH tereti za krivotvorenje isprava.<\/strong><\/p>\n\n\n\n<p>Dana 05.09.2021. godine od strane Op\u0107inskog suda u Ljubu\u0161kom potvr\u0111ena je optu\u017enica \u017dupanijskog tu\u017eiteljstva, \u017dZH \u0160iroki Brijeg od 05.09.2021. godine, podignuta protiv O.G. iz Talas Kayseri, Turska, zbog postojanja osnovane sumnje da je po\u010dinio kazneno djelo Krivotvorenje isprave iz \u010dl. 373. st. 2. u svezi sa st. 1. KZ F BiH.<\/p>\n\n\n\n<p>Tako\u0111er, dana 06.09.2021. godine od strane Op\u0107inskog suda u Ljubu\u0161kom potvr\u0111ena je optu\u017enica \u017dupanijskog tu\u017eiteljstva, \u017dZH \u0160iroki Brijeg od 06.09.2021. godine, podignuta protiv A.S.A.A.S. iz Hasabpasa mah., Turska, zbog postojanja osnovane sumnje da je po\u010dinio kazneno djelo Krivotvorenje isprave iz \u010dl. 373. st. 2. u svezi sa st. 1. KZ F BiH.<\/p>\n\n\n\n<p>Prema Kaznenom zakonu FBiH, tko izradi la\u017enu ispravu ili preina\u010di pravu ispravu s ciljem da se takva isprava upotrijebi kao prava, ili ko la\u017enu ili preina\u010denu ispravu upotrijebi kao pravu ili je nabavi radi upotrebe, kaznit \u0107e se nov\u010danom kaznom ili kaznom zatvora do tri godine.<\/p>\n\n\n\n<p>Tko to u\u010dini u pogledu javne isprave, oporuke, mjenice, \u010deka, javne ili slu\u017ebene knjige ili druge knjige koja se po zakonu mora voditi, kaznit \u0107e se kaznom zatvora od tri mjeseca do pet godina.<\/p>\n\n\n\n<p><strong>Izvor: Iks-portal.info<\/strong><\/p>\n","protected":false},"excerpt":{"rendered":"<p>Dvoje dr\u017eavljana Turske \u017dupanijsko tu\u017eiteljstvo \u017dZH tereti za krivotvorenje isprava. Dana 05.09.2021. godine od strane Op\u0107inskog suda u Ljubu\u0161kom potvr\u0111ena je optu\u017enica \u017dupanijskog tu\u017eiteljstva, \u017dZH \u0160iroki Brijeg od 05.09.2021. godine, podignuta protiv O.G. iz Talas Kayseri, Turska, zbog postojanja osnovane sumnje da je po\u010dinio kazneno djelo Krivotvorenje isprave iz \u010dl. 373. st. 2. u svezi [&hellip;]<\/p>\n","protected":false},"author":2,"featured_media":68469,"comment_status":"closed","ping_status":"closed","sticky":false,"template":"","format":"standard","meta":{"h5ap_radio_sources":[],"footnotes":""},"categories":[1],"tags":[],"class_list":["post-86979","post","type-post","status-publish","format-standard","has-post-thumbnail","hentry","category-bihiregija"],"yoast_head":"<!-- This site is optimized with the Yoast SEO plugin v27.5 - https:\/\/yoast.com\/product\/yoast-seo-wordpress\/ -->\n<title>Prijeti im pet godina zatvora: Op\u0107inski sud u Ljubu\u0161kom potvrdio optu\u017enice protiv dvoje Turaka - RADIO LJUBU\u0160KI<\/title>\n<meta name=\"robots\" content=\"index, follow, max-snippet:-1, max-image-preview:large, max-video-preview:-1\" \/>\n<link rel=\"canonical\" href=\"https:\/\/radioljubuski.ba\/index.php\/2021\/11\/10\/prijeti-im-pet-godina-zatvora-opcinski-sud-u-ljubuskom-potvrdio-optuznice-protiv-dvoje-turaka\/\" \/>\n<meta property=\"og:locale\" content=\"hr_HR\" \/>\n<meta property=\"og:type\" content=\"article\" \/>\n<meta property=\"og:title\" content=\"Prijeti im pet godina zatvora: Op\u0107inski sud u Ljubu\u0161kom potvrdio optu\u017enice protiv dvoje Turaka - RADIO LJUBU\u0160KI\" \/>\n<meta property=\"og:description\" content=\"Dvoje dr\u017eavljana Turske \u017dupanijsko tu\u017eiteljstvo \u017dZH tereti za krivotvorenje isprava. Dana 05.09.2021. godine od strane Op\u0107inskog suda u Ljubu\u0161kom potvr\u0111ena je optu\u017enica \u017dupanijskog tu\u017eiteljstva, \u017dZH \u0160iroki Brijeg od 05.09.2021. godine, podignuta protiv O.G. iz Talas Kayseri, Turska, zbog postojanja osnovane sumnje da je po\u010dinio kazneno djelo Krivotvorenje isprave iz \u010dl. 373. st. 2. u svezi [&hellip;]\" \/>\n<meta property=\"og:url\" content=\"https:\/\/radioljubuski.ba\/index.php\/2021\/11\/10\/prijeti-im-pet-godina-zatvora-opcinski-sud-u-ljubuskom-potvrdio-optuznice-protiv-dvoje-turaka\/\" \/>\n<meta property=\"og:site_name\" content=\"RADIO LJUBU\u0160KI\" \/>\n<meta property=\"article:publisher\" content=\"https:\/\/www.facebook.com\/Radiio-Ljubuski-1490835324566332\" \/>\n<meta property=\"article:published_time\" content=\"2021-11-10T08:54:35+00:00\" \/>\n<meta property=\"article:modified_time\" content=\"2021-11-10T08:54:36+00:00\" \/>\n<meta property=\"og:image\" content=\"https:\/\/radioljubuski.ba\/wp-content\/uploads\/2021\/09\/policija-1.jpg\" \/>\n\t<meta property=\"og:image:width\" content=\"1280\" \/>\n\t<meta property=\"og:image:height\" content=\"853\" \/>\n\t<meta property=\"og:image:type\" content=\"image\/jpeg\" \/>\n<meta name=\"author\" content=\"Radio Ljubu\u0161ki\" \/>\n<meta name=\"twitter:card\" content=\"summary_large_image\" \/>\n<meta name=\"twitter:creator\" content=\"@radioljubuski\" \/>\n<meta name=\"twitter:site\" content=\"@radioljubuski\" \/>\n<meta name=\"twitter:label1\" content=\"Napisao\/la\" \/>\n\t<meta name=\"twitter:data1\" content=\"Radio Ljubu\u0161ki\" \/>\n\t<meta name=\"twitter:label2\" content=\"Procijenjeno vrijeme \u010ditanja\" \/>\n\t<meta name=\"twitter:data2\" content=\"1 minuta\" \/>\n<script type=\"application\/ld+json\" class=\"yoast-schema-graph\">{\"@context\":\"https:\\\/\\\/schema.org\",\"@graph\":[{\"@type\":\"Article\",\"@id\":\"https:\\\/\\\/radioljubuski.ba\\\/index.php\\\/2021\\\/11\\\/10\\\/prijeti-im-pet-godina-zatvora-opcinski-sud-u-ljubuskom-potvrdio-optuznice-protiv-dvoje-turaka\\\/#article\",\"isPartOf\":{\"@id\":\"https:\\\/\\\/radioljubuski.ba\\\/index.php\\\/2021\\\/11\\\/10\\\/prijeti-im-pet-godina-zatvora-opcinski-sud-u-ljubuskom-potvrdio-optuznice-protiv-dvoje-turaka\\\/\"},\"author\":{\"name\":\"Radio Ljubu\u0161ki\",\"@id\":\"https:\\\/\\\/radioljubuski.ba\\\/#\\\/schema\\\/person\\\/19fc700381a780f69665d7956c469e3b\"},\"headline\":\"Prijeti im pet godina zatvora: Op\u0107inski sud u Ljubu\u0161kom potvrdio optu\u017enice protiv dvoje Turaka\",\"datePublished\":\"2021-11-10T08:54:35+00:00\",\"dateModified\":\"2021-11-10T08:54:36+00:00\",\"mainEntityOfPage\":{\"@id\":\"https:\\\/\\\/radioljubuski.ba\\\/index.php\\\/2021\\\/11\\\/10\\\/prijeti-im-pet-godina-zatvora-opcinski-sud-u-ljubuskom-potvrdio-optuznice-protiv-dvoje-turaka\\\/\"},\"wordCount\":230,\"publisher\":{\"@id\":\"https:\\\/\\\/radioljubuski.ba\\\/#organization\"},\"image\":{\"@id\":\"https:\\\/\\\/radioljubuski.ba\\\/index.php\\\/2021\\\/11\\\/10\\\/prijeti-im-pet-godina-zatvora-opcinski-sud-u-ljubuskom-potvrdio-optuznice-protiv-dvoje-turaka\\\/#primaryimage\"},\"thumbnailUrl\":\"https:\\\/\\\/radioljubuski.ba\\\/wp-content\\\/uploads\\\/2021\\\/09\\\/policija-1.jpg\",\"articleSection\":[\"BIH i regija\"],\"inLanguage\":\"hr\"},{\"@type\":\"WebPage\",\"@id\":\"https:\\\/\\\/radioljubuski.ba\\\/index.php\\\/2021\\\/11\\\/10\\\/prijeti-im-pet-godina-zatvora-opcinski-sud-u-ljubuskom-potvrdio-optuznice-protiv-dvoje-turaka\\\/\",\"url\":\"https:\\\/\\\/radioljubuski.ba\\\/index.php\\\/2021\\\/11\\\/10\\\/prijeti-im-pet-godina-zatvora-opcinski-sud-u-ljubuskom-potvrdio-optuznice-protiv-dvoje-turaka\\\/\",\"name\":\"Prijeti im pet godina zatvora: Op\u0107inski sud u Ljubu\u0161kom potvrdio optu\u017enice protiv dvoje Turaka - RADIO LJUBU\u0160KI\",\"isPartOf\":{\"@id\":\"https:\\\/\\\/radioljubuski.ba\\\/#website\"},\"primaryImageOfPage\":{\"@id\":\"https:\\\/\\\/radioljubuski.ba\\\/index.php\\\/2021\\\/11\\\/10\\\/prijeti-im-pet-godina-zatvora-opcinski-sud-u-ljubuskom-potvrdio-optuznice-protiv-dvoje-turaka\\\/#primaryimage\"},\"image\":{\"@id\":\"https:\\\/\\\/radioljubuski.ba\\\/index.php\\\/2021\\\/11\\\/10\\\/prijeti-im-pet-godina-zatvora-opcinski-sud-u-ljubuskom-potvrdio-optuznice-protiv-dvoje-turaka\\\/#primaryimage\"},\"thumbnailUrl\":\"https:\\\/\\\/radioljubuski.ba\\\/wp-content\\\/uploads\\\/2021\\\/09\\\/policija-1.jpg\",\"datePublished\":\"2021-11-10T08:54:35+00:00\",\"dateModified\":\"2021-11-10T08:54:36+00:00\",\"breadcrumb\":{\"@id\":\"https:\\\/\\\/radioljubuski.ba\\\/index.php\\\/2021\\\/11\\\/10\\\/prijeti-im-pet-godina-zatvora-opcinski-sud-u-ljubuskom-potvrdio-optuznice-protiv-dvoje-turaka\\\/#breadcrumb\"},\"inLanguage\":\"hr\",\"potentialAction\":[{\"@type\":\"ReadAction\",\"target\":[\"https:\\\/\\\/radioljubuski.ba\\\/index.php\\\/2021\\\/11\\\/10\\\/prijeti-im-pet-godina-zatvora-opcinski-sud-u-ljubuskom-potvrdio-optuznice-protiv-dvoje-turaka\\\/\"]}]},{\"@type\":\"ImageObject\",\"inLanguage\":\"hr\",\"@id\":\"https:\\\/\\\/radioljubuski.ba\\\/index.php\\\/2021\\\/11\\\/10\\\/prijeti-im-pet-godina-zatvora-opcinski-sud-u-ljubuskom-potvrdio-optuznice-protiv-dvoje-turaka\\\/#primaryimage\",\"url\":\"https:\\\/\\\/radioljubuski.ba\\\/wp-content\\\/uploads\\\/2021\\\/09\\\/policija-1.jpg\",\"contentUrl\":\"https:\\\/\\\/radioljubuski.ba\\\/wp-content\\\/uploads\\\/2021\\\/09\\\/policija-1.jpg\",\"width\":1280,\"height\":853},{\"@type\":\"BreadcrumbList\",\"@id\":\"https:\\\/\\\/radioljubuski.ba\\\/index.php\\\/2021\\\/11\\\/10\\\/prijeti-im-pet-godina-zatvora-opcinski-sud-u-ljubuskom-potvrdio-optuznice-protiv-dvoje-turaka\\\/#breadcrumb\",\"itemListElement\":[{\"@type\":\"ListItem\",\"position\":1,\"name\":\"Po\u010detna stranica\",\"item\":\"https:\\\/\\\/radioljubuski.ba\\\/\"},{\"@type\":\"ListItem\",\"position\":2,\"name\":\"Prijeti im pet godina zatvora: Op\u0107inski sud u Ljubu\u0161kom potvrdio optu\u017enice protiv dvoje Turaka\"}]},{\"@type\":\"WebSite\",\"@id\":\"https:\\\/\\\/radioljubuski.ba\\\/#website\",\"url\":\"https:\\\/\\\/radioljubuski.ba\\\/\",\"name\":\"Radio Ljubu\u0161ki\",\"description\":\"Sun\u010dana frekvencija Hercegovine\",\"publisher\":{\"@id\":\"https:\\\/\\\/radioljubuski.ba\\\/#organization\"},\"potentialAction\":[{\"@type\":\"SearchAction\",\"target\":{\"@type\":\"EntryPoint\",\"urlTemplate\":\"https:\\\/\\\/radioljubuski.ba\\\/?s={search_term_string}\"},\"query-input\":{\"@type\":\"PropertyValueSpecification\",\"valueRequired\":true,\"valueName\":\"search_term_string\"}}],\"inLanguage\":\"hr\"},{\"@type\":\"Organization\",\"@id\":\"https:\\\/\\\/radioljubuski.ba\\\/#organization\",\"name\":\"Radio Ljubu\u0161ki\",\"url\":\"https:\\\/\\\/radioljubuski.ba\\\/\",\"logo\":{\"@type\":\"ImageObject\",\"inLanguage\":\"hr\",\"@id\":\"https:\\\/\\\/radioljubuski.ba\\\/#\\\/schema\\\/logo\\\/image\\\/\",\"url\":\"https:\\\/\\\/radioljubuski.ba\\\/wp-content\\\/uploads\\\/2021\\\/02\\\/cropped-Radio_Ljubuski_logo1.jpg\",\"contentUrl\":\"https:\\\/\\\/radioljubuski.ba\\\/wp-content\\\/uploads\\\/2021\\\/02\\\/cropped-Radio_Ljubuski_logo1.jpg\",\"width\":512,\"height\":512,\"caption\":\"Radio Ljubu\u0161ki\"},\"image\":{\"@id\":\"https:\\\/\\\/radioljubuski.ba\\\/#\\\/schema\\\/logo\\\/image\\\/\"},\"sameAs\":[\"https:\\\/\\\/www.facebook.com\\\/Radiio-Ljubuski-1490835324566332\",\"https:\\\/\\\/x.com\\\/radioljubuski\",\"https:\\\/\\\/hr.linkedin.com\\\/company\\\/radio-ljubuski\",\"https:\\\/\\\/www.youtube.com\\\/channel\\\/UCHYaeO_n0Db3tjNGudGpXyw\"]},{\"@type\":\"Person\",\"@id\":\"https:\\\/\\\/radioljubuski.ba\\\/#\\\/schema\\\/person\\\/19fc700381a780f69665d7956c469e3b\",\"name\":\"Radio Ljubu\u0161ki\"}]}<\/script>\n<!-- \/ Yoast SEO plugin. -->","yoast_head_json":{"title":"Prijeti im pet godina zatvora: Op\u0107inski sud u Ljubu\u0161kom potvrdio optu\u017enice protiv dvoje Turaka - RADIO LJUBU\u0160KI","robots":{"index":"index","follow":"follow","max-snippet":"max-snippet:-1","max-image-preview":"max-image-preview:large","max-video-preview":"max-video-preview:-1"},"canonical":"https:\/\/radioljubuski.ba\/index.php\/2021\/11\/10\/prijeti-im-pet-godina-zatvora-opcinski-sud-u-ljubuskom-potvrdio-optuznice-protiv-dvoje-turaka\/","og_locale":"hr_HR","og_type":"article","og_title":"Prijeti im pet godina zatvora: Op\u0107inski sud u Ljubu\u0161kom potvrdio optu\u017enice protiv dvoje Turaka - RADIO LJUBU\u0160KI","og_description":"Dvoje dr\u017eavljana Turske \u017dupanijsko tu\u017eiteljstvo \u017dZH tereti za krivotvorenje isprava. Dana 05.09.2021. godine od strane Op\u0107inskog suda u Ljubu\u0161kom potvr\u0111ena je optu\u017enica \u017dupanijskog tu\u017eiteljstva, \u017dZH \u0160iroki Brijeg od 05.09.2021. godine, podignuta protiv O.G. iz Talas Kayseri, Turska, zbog postojanja osnovane sumnje da je po\u010dinio kazneno djelo Krivotvorenje isprave iz \u010dl. 373. st. 2. u svezi [&hellip;]","og_url":"https:\/\/radioljubuski.ba\/index.php\/2021\/11\/10\/prijeti-im-pet-godina-zatvora-opcinski-sud-u-ljubuskom-potvrdio-optuznice-protiv-dvoje-turaka\/","og_site_name":"RADIO LJUBU\u0160KI","article_publisher":"https:\/\/www.facebook.com\/Radiio-Ljubuski-1490835324566332","article_published_time":"2021-11-10T08:54:35+00:00","article_modified_time":"2021-11-10T08:54:36+00:00","og_image":[{"width":1280,"height":853,"url":"https:\/\/radioljubuski.ba\/wp-content\/uploads\/2021\/09\/policija-1.jpg","type":"image\/jpeg"}],"author":"Radio Ljubu\u0161ki","twitter_card":"summary_large_image","twitter_creator":"@radioljubuski","twitter_site":"@radioljubuski","twitter_misc":{"Napisao\/la":"Radio Ljubu\u0161ki","Procijenjeno vrijeme \u010ditanja":"1 minuta"},"schema":{"@context":"https:\/\/schema.org","@graph":[{"@type":"Article","@id":"https:\/\/radioljubuski.ba\/index.php\/2021\/11\/10\/prijeti-im-pet-godina-zatvora-opcinski-sud-u-ljubuskom-potvrdio-optuznice-protiv-dvoje-turaka\/#article","isPartOf":{"@id":"https:\/\/radioljubuski.ba\/index.php\/2021\/11\/10\/prijeti-im-pet-godina-zatvora-opcinski-sud-u-ljubuskom-potvrdio-optuznice-protiv-dvoje-turaka\/"},"author":{"name":"Radio Ljubu\u0161ki","@id":"https:\/\/radioljubuski.ba\/#\/schema\/person\/19fc700381a780f69665d7956c469e3b"},"headline":"Prijeti im pet godina zatvora: Op\u0107inski sud u Ljubu\u0161kom potvrdio optu\u017enice protiv dvoje Turaka","datePublished":"2021-11-10T08:54:35+00:00","dateModified":"2021-11-10T08:54:36+00:00","mainEntityOfPage":{"@id":"https:\/\/radioljubuski.ba\/index.php\/2021\/11\/10\/prijeti-im-pet-godina-zatvora-opcinski-sud-u-ljubuskom-potvrdio-optuznice-protiv-dvoje-turaka\/"},"wordCount":230,"publisher":{"@id":"https:\/\/radioljubuski.ba\/#organization"},"image":{"@id":"https:\/\/radioljubuski.ba\/index.php\/2021\/11\/10\/prijeti-im-pet-godina-zatvora-opcinski-sud-u-ljubuskom-potvrdio-optuznice-protiv-dvoje-turaka\/#primaryimage"},"thumbnailUrl":"https:\/\/radioljubuski.ba\/wp-content\/uploads\/2021\/09\/policija-1.jpg","articleSection":["BIH i regija"],"inLanguage":"hr"},{"@type":"WebPage","@id":"https:\/\/radioljubuski.ba\/index.php\/2021\/11\/10\/prijeti-im-pet-godina-zatvora-opcinski-sud-u-ljubuskom-potvrdio-optuznice-protiv-dvoje-turaka\/","url":"https:\/\/radioljubuski.ba\/index.php\/2021\/11\/10\/prijeti-im-pet-godina-zatvora-opcinski-sud-u-ljubuskom-potvrdio-optuznice-protiv-dvoje-turaka\/","name":"Prijeti im pet godina zatvora: Op\u0107inski sud u Ljubu\u0161kom potvrdio optu\u017enice protiv dvoje Turaka - RADIO LJUBU\u0160KI","isPartOf":{"@id":"https:\/\/radioljubuski.ba\/#website"},"primaryImageOfPage":{"@id":"https:\/\/radioljubuski.ba\/index.php\/2021\/11\/10\/prijeti-im-pet-godina-zatvora-opcinski-sud-u-ljubuskom-potvrdio-optuznice-protiv-dvoje-turaka\/#primaryimage"},"image":{"@id":"https:\/\/radioljubuski.ba\/index.php\/2021\/11\/10\/prijeti-im-pet-godina-zatvora-opcinski-sud-u-ljubuskom-potvrdio-optuznice-protiv-dvoje-turaka\/#primaryimage"},"thumbnailUrl":"https:\/\/radioljubuski.ba\/wp-content\/uploads\/2021\/09\/policija-1.jpg","datePublished":"2021-11-10T08:54:35+00:00","dateModified":"2021-11-10T08:54:36+00:00","breadcrumb":{"@id":"https:\/\/radioljubuski.ba\/index.php\/2021\/11\/10\/prijeti-im-pet-godina-zatvora-opcinski-sud-u-ljubuskom-potvrdio-optuznice-protiv-dvoje-turaka\/#breadcrumb"},"inLanguage":"hr","potentialAction":[{"@type":"ReadAction","target":["https:\/\/radioljubuski.ba\/index.php\/2021\/11\/10\/prijeti-im-pet-godina-zatvora-opcinski-sud-u-ljubuskom-potvrdio-optuznice-protiv-dvoje-turaka\/"]}]},{"@type":"ImageObject","inLanguage":"hr","@id":"https:\/\/radioljubuski.ba\/index.php\/2021\/11\/10\/prijeti-im-pet-godina-zatvora-opcinski-sud-u-ljubuskom-potvrdio-optuznice-protiv-dvoje-turaka\/#primaryimage","url":"https:\/\/radioljubuski.ba\/wp-content\/uploads\/2021\/09\/policija-1.jpg","contentUrl":"https:\/\/radioljubuski.ba\/wp-content\/uploads\/2021\/09\/policija-1.jpg","width":1280,"height":853},{"@type":"BreadcrumbList","@id":"https:\/\/radioljubuski.ba\/index.php\/2021\/11\/10\/prijeti-im-pet-godina-zatvora-opcinski-sud-u-ljubuskom-potvrdio-optuznice-protiv-dvoje-turaka\/#breadcrumb","itemListElement":[{"@type":"ListItem","position":1,"name":"Po\u010detna stranica","item":"https:\/\/radioljubuski.ba\/"},{"@type":"ListItem","position":2,"name":"Prijeti im pet godina zatvora: Op\u0107inski sud u Ljubu\u0161kom potvrdio optu\u017enice protiv dvoje Turaka"}]},{"@type":"WebSite","@id":"https:\/\/radioljubuski.ba\/#website","url":"https:\/\/radioljubuski.ba\/","name":"Radio Ljubu\u0161ki","description":"Sun\u010dana frekvencija Hercegovine","publisher":{"@id":"https:\/\/radioljubuski.ba\/#organization"},"potentialAction":[{"@type":"SearchAction","target":{"@type":"EntryPoint","urlTemplate":"https:\/\/radioljubuski.ba\/?s={search_term_string}"},"query-input":{"@type":"PropertyValueSpecification","valueRequired":true,"valueName":"search_term_string"}}],"inLanguage":"hr"},{"@type":"Organization","@id":"https:\/\/radioljubuski.ba\/#organization","name":"Radio Ljubu\u0161ki","url":"https:\/\/radioljubuski.ba\/","logo":{"@type":"ImageObject","inLanguage":"hr","@id":"https:\/\/radioljubuski.ba\/#\/schema\/logo\/image\/","url":"https:\/\/radioljubuski.ba\/wp-content\/uploads\/2021\/02\/cropped-Radio_Ljubuski_logo1.jpg","contentUrl":"https:\/\/radioljubuski.ba\/wp-content\/uploads\/2021\/02\/cropped-Radio_Ljubuski_logo1.jpg","width":512,"height":512,"caption":"Radio Ljubu\u0161ki"},"image":{"@id":"https:\/\/radioljubuski.ba\/#\/schema\/logo\/image\/"},"sameAs":["https:\/\/www.facebook.com\/Radiio-Ljubuski-1490835324566332","https:\/\/x.com\/radioljubuski","https:\/\/hr.linkedin.com\/company\/radio-ljubuski","https:\/\/www.youtube.com\/channel\/UCHYaeO_n0Db3tjNGudGpXyw"]},{"@type":"Person","@id":"https:\/\/radioljubuski.ba\/#\/schema\/person\/19fc700381a780f69665d7956c469e3b","name":"Radio Ljubu\u0161ki"}]}},"_links":{"self":[{"href":"https:\/\/radioljubuski.ba\/index.php\/wp-json\/wp\/v2\/posts\/86979","targetHints":{"allow":["GET"]}}],"collection":[{"href":"https:\/\/radioljubuski.ba\/index.php\/wp-json\/wp\/v2\/posts"}],"about":[{"href":"https:\/\/radioljubuski.ba\/index.php\/wp-json\/wp\/v2\/types\/post"}],"author":[{"embeddable":true,"href":"https:\/\/radioljubuski.ba\/index.php\/wp-json\/wp\/v2\/users\/2"}],"replies":[{"embeddable":true,"href":"https:\/\/radioljubuski.ba\/index.php\/wp-json\/wp\/v2\/comments?post=86979"}],"version-history":[{"count":1,"href":"https:\/\/radioljubuski.ba\/index.php\/wp-json\/wp\/v2\/posts\/86979\/revisions"}],"predecessor-version":[{"id":86980,"href":"https:\/\/radioljubuski.ba\/index.php\/wp-json\/wp\/v2\/posts\/86979\/revisions\/86980"}],"wp:featuredmedia":[{"embeddable":true,"href":"https:\/\/radioljubuski.ba\/index.php\/wp-json\/wp\/v2\/media\/68469"}],"wp:attachment":[{"href":"https:\/\/radioljubuski.ba\/index.php\/wp-json\/wp\/v2\/media?parent=86979"}],"wp:term":[{"taxonomy":"category","embeddable":true,"href":"https:\/\/radioljubuski.ba\/index.php\/wp-json\/wp\/v2\/categories?post=86979"},{"taxonomy":"post_tag","embeddable":true,"href":"https:\/\/radioljubuski.ba\/index.php\/wp-json\/wp\/v2\/tags?post=86979"}],"curies":[{"name":"wp","href":"https:\/\/api.w.org\/{rel}","templated":true}]}}