{"id":86984,"date":"2021-11-10T10:00:17","date_gmt":"2021-11-10T09:00:17","guid":{"rendered":"https:\/\/radioljubuski.ba\/?p=86984"},"modified":"2021-11-10T10:00:18","modified_gmt":"2021-11-10T09:00:18","slug":"hrvatska-se-od-15-studenog-kljuca-unutra-sto-ce-biti-s-granicama","status":"publish","type":"post","link":"https:\/\/radioljubuski.ba\/index.php\/2021\/11\/10\/hrvatska-se-od-15-studenog-kljuca-unutra-sto-ce-biti-s-granicama\/","title":{"rendered":"Hrvatska se od 15. studenog &#8216;klju\u010da&#8217; unutra, \u0161to \u0107e biti s granicama?"},"content":{"rendered":"\n<p>&#8221;Odluku o revidiranju uvjeta, odnosno izmjenu re\u017eima prelaska Hrvatske granice iz BiH, donosi Sto\u017eer civilne za\u0161tite RH ovisno o epidemiolo\u0161koj situaciji uslijed pandemije bolesti COVID-19 te imaju\u0107i u vidu upute i preporuke Hrvatskog zavoda za javno zdravstvo&#8221;, rekli su za Bljesak.info iz Ministarstva unutarnjih poslova Republike Hrvatske. <\/p>\n\n\n\n<p>Naime, obzirom na brojna medijska naga\u0111anja koja su se pojavila posljednjih dana kako \u0107e susjedna Hrvatska od sredine studenog &#8216;zatvarati&#8217; granice, izme\u0111u ostalog, i prema bh. dr\u017eavljanima, provjerili su novinari koje su mjere trenutno na snazi, te \u0161to mo\u017eemo o\u010dekivati sljede\u0107ih dana. <\/p>\n\n\n\n<p>Trenutno na snazi, kako su ih obavijestili, ostaju isti uvjeti ulaska u Hrvatsku, s obzirom na privremene zabrane, odnosno ograni\u010denja koja su na snazi zbog suzbijanja \u0161irenja bolesti COVID-19. <\/p>\n\n\n\n<p>Jo\u0161 uvijek nije poznato ho\u0107e li, i kakve nove mjere, biti uvedene od 15. studenog kad se govori o grani\u010dnim prijelazima. <\/p>\n\n\n\n<p>O njima \u0107e odlu\u010diti Sto\u017eer civilne za\u0161tite. Vi\u0161e detalja prona\u0111ite na sljede\u0107oj poveznici. <\/p>\n\n\n\n<p><strong>Nove mjere od 15. studenog u Hrvatskoj <\/strong><\/p>\n\n\n\n<p>Naime, Nacionalni sto\u017eer civilne za\u0161tite najavio je, kada je u Hrvatskoj oboren novi rekord novooboljelih, da se od 15. studenog \u0161iri upotreba COVID potvrda koje \u0107e biti obvezne za korisnike i zaposlenike javnih i dr\u017eavnih slu\u017ebi, a od sutra se dodatno ograni\u010davaju okupljanja.<\/p>\n\n\n\n<p> &#8220;Za sprje\u010davanje \u0161irenja zaraze potrebno je djelovati u tri smjera: posti\u0107i \u0161to ve\u0107u procijepljenost, ograni\u010diti okupljanja, posti\u0107i \u0161to ve\u0107u sigurnost prilikom obavljanja poslovanja koja se ne\u0107e ograni\u010diti&#8221;, kazao je na konferenciji za medije na\u010delnik Nacionalnog sto\u017eera Davor Bo\u017einovi\u0107.<\/p>\n\n\n\n<p> Najavio je da \u0107e se zbog toga uvesti nove epidemiolo\u0161ke mjere, od sutra se ograni\u010davaju okupljanja, a od 15. studenog \u0161iri upotreba COVID potvrda. <\/p>\n\n\n\n<p>Tako \u0107e potvrda o cijepljenju, preboljenju i negativan test od sredine studenog biti obavezna za sve zaposlenike dr\u017eavnih i javnih slu\u017ebi, kao i za gra\u0111ane koji \u0107e se koristiti njihovim uslugama i dolaziti u njihove prostore.<\/p>\n\n\n\n<p><strong> Ukoliko brojke nastave rasti\u2026 <\/strong><\/p>\n\n\n\n<p>Iz Sto\u017eera su u \u010detvrtak najavili da \u0107e se u jo\u0161 \u0161iru upotrebu COVID potvrda i\u0107i tako\u0111er od sredine studenog, ukoliko brojke novozara\u017eenih nastave rasti, a tada \u0107e se uvesti u ugostiteljske objekte, odnosno kafi\u0107e, restorane, teretane, rekreacijske i fitness centre u zatvorenom. <\/p>\n\n\n\n<p>Bo\u017einovi\u0107 je najavio da \u0107e se testiranje mo\u0107i obaviti samo u registriranim ustanovama, a da \u0107e za po\u010detak, tro\u0161ak testiranja snositi poslodavac na zahtjev zaposlenika. <\/p>\n\n\n\n<p><strong>Od 4. sije\u010dnja potvrde samo za cijepljene i one koji su preboljeli COVID<\/strong><\/p>\n\n\n\n<p> Istaknuo je da, ukoliko ne do\u0111e do pobolj\u0161anja situacije, od 4. sije\u010dnja uvode COVID potvrde koje \u0107e mo\u0107i dobiti samo one osobe koje su cijepljene ili su preboljele covid-19, odnosno vi\u0161e ih ne\u0107e dobiti oni koji su se testirali. &#8220;Taj razmak je ostavljen jer je to dovoljno vremena za sve one koji se nisu cijepili da se stignu cijepiti do po\u010detka sljede\u0107e godine&#8221;, kazao je Bo\u017einovi\u0107. <\/p>\n\n\n\n<p><strong>Izvor: Bljesak.info<\/strong><\/p>\n","protected":false},"excerpt":{"rendered":"<p>&#8221;Odluku o revidiranju uvjeta, odnosno izmjenu re\u017eima prelaska Hrvatske granice iz BiH, donosi Sto\u017eer civilne za\u0161tite RH ovisno o epidemiolo\u0161koj situaciji uslijed pandemije bolesti COVID-19 te imaju\u0107i u vidu upute i preporuke Hrvatskog zavoda za javno zdravstvo&#8221;, rekli su za Bljesak.info iz Ministarstva unutarnjih poslova Republike Hrvatske. Naime, obzirom na brojna medijska naga\u0111anja koja su [&hellip;]<\/p>\n","protected":false},"author":2,"featured_media":66984,"comment_status":"closed","ping_status":"closed","sticky":false,"template":"","format":"standard","meta":{"h5ap_radio_sources":[],"footnotes":""},"categories":[1],"tags":[],"class_list":["post-86984","post","type-post","status-publish","format-standard","has-post-thumbnail","hentry","category-bihiregija"],"yoast_head":"<!-- This site is optimized with the Yoast SEO plugin v27.5 - https:\/\/yoast.com\/product\/yoast-seo-wordpress\/ -->\n<title>Hrvatska se od 15. studenog &#039;klju\u010da&#039; unutra, \u0161to \u0107e biti s granicama? - RADIO LJUBU\u0160KI<\/title>\n<meta name=\"robots\" content=\"index, follow, max-snippet:-1, max-image-preview:large, max-video-preview:-1\" \/>\n<link rel=\"canonical\" href=\"https:\/\/radioljubuski.ba\/index.php\/2021\/11\/10\/hrvatska-se-od-15-studenog-kljuca-unutra-sto-ce-biti-s-granicama\/\" \/>\n<meta property=\"og:locale\" content=\"hr_HR\" \/>\n<meta property=\"og:type\" content=\"article\" \/>\n<meta property=\"og:title\" content=\"Hrvatska se od 15. studenog &#039;klju\u010da&#039; unutra, \u0161to \u0107e biti s granicama? - RADIO LJUBU\u0160KI\" \/>\n<meta property=\"og:description\" content=\"&#8221;Odluku o revidiranju uvjeta, odnosno izmjenu re\u017eima prelaska Hrvatske granice iz BiH, donosi Sto\u017eer civilne za\u0161tite RH ovisno o epidemiolo\u0161koj situaciji uslijed pandemije bolesti COVID-19 te imaju\u0107i u vidu upute i preporuke Hrvatskog zavoda za javno zdravstvo&#8221;, rekli su za Bljesak.info iz Ministarstva unutarnjih poslova Republike Hrvatske. Naime, obzirom na brojna medijska naga\u0111anja koja su [&hellip;]\" \/>\n<meta property=\"og:url\" content=\"https:\/\/radioljubuski.ba\/index.php\/2021\/11\/10\/hrvatska-se-od-15-studenog-kljuca-unutra-sto-ce-biti-s-granicama\/\" \/>\n<meta property=\"og:site_name\" content=\"RADIO LJUBU\u0160KI\" \/>\n<meta property=\"article:publisher\" content=\"https:\/\/www.facebook.com\/Radiio-Ljubuski-1490835324566332\" \/>\n<meta property=\"article:published_time\" content=\"2021-11-10T09:00:17+00:00\" \/>\n<meta property=\"article:modified_time\" content=\"2021-11-10T09:00:18+00:00\" \/>\n<meta property=\"og:image\" content=\"https:\/\/radioljubuski.ba\/wp-content\/uploads\/2021\/09\/granicna-policija-bih.jpg\" \/>\n\t<meta property=\"og:image:width\" content=\"1280\" \/>\n\t<meta property=\"og:image:height\" content=\"880\" \/>\n\t<meta property=\"og:image:type\" content=\"image\/jpeg\" \/>\n<meta name=\"author\" content=\"Radio Ljubu\u0161ki\" \/>\n<meta name=\"twitter:card\" content=\"summary_large_image\" \/>\n<meta name=\"twitter:creator\" content=\"@radioljubuski\" \/>\n<meta name=\"twitter:site\" content=\"@radioljubuski\" \/>\n<meta name=\"twitter:label1\" content=\"Napisao\/la\" \/>\n\t<meta name=\"twitter:data1\" content=\"Radio Ljubu\u0161ki\" \/>\n\t<meta name=\"twitter:label2\" content=\"Procijenjeno vrijeme \u010ditanja\" \/>\n\t<meta name=\"twitter:data2\" content=\"2 minute\" \/>\n<script type=\"application\/ld+json\" class=\"yoast-schema-graph\">{\"@context\":\"https:\\\/\\\/schema.org\",\"@graph\":[{\"@type\":\"Article\",\"@id\":\"https:\\\/\\\/radioljubuski.ba\\\/index.php\\\/2021\\\/11\\\/10\\\/hrvatska-se-od-15-studenog-kljuca-unutra-sto-ce-biti-s-granicama\\\/#article\",\"isPartOf\":{\"@id\":\"https:\\\/\\\/radioljubuski.ba\\\/index.php\\\/2021\\\/11\\\/10\\\/hrvatska-se-od-15-studenog-kljuca-unutra-sto-ce-biti-s-granicama\\\/\"},\"author\":{\"name\":\"Radio Ljubu\u0161ki\",\"@id\":\"https:\\\/\\\/radioljubuski.ba\\\/#\\\/schema\\\/person\\\/19fc700381a780f69665d7956c469e3b\"},\"headline\":\"Hrvatska se od 15. studenog &#8216;klju\u010da&#8217; unutra, \u0161to \u0107e biti s granicama?\",\"datePublished\":\"2021-11-10T09:00:17+00:00\",\"dateModified\":\"2021-11-10T09:00:18+00:00\",\"mainEntityOfPage\":{\"@id\":\"https:\\\/\\\/radioljubuski.ba\\\/index.php\\\/2021\\\/11\\\/10\\\/hrvatska-se-od-15-studenog-kljuca-unutra-sto-ce-biti-s-granicama\\\/\"},\"wordCount\":521,\"publisher\":{\"@id\":\"https:\\\/\\\/radioljubuski.ba\\\/#organization\"},\"image\":{\"@id\":\"https:\\\/\\\/radioljubuski.ba\\\/index.php\\\/2021\\\/11\\\/10\\\/hrvatska-se-od-15-studenog-kljuca-unutra-sto-ce-biti-s-granicama\\\/#primaryimage\"},\"thumbnailUrl\":\"https:\\\/\\\/radioljubuski.ba\\\/wp-content\\\/uploads\\\/2021\\\/09\\\/granicna-policija-bih.jpg\",\"articleSection\":[\"BIH i regija\"],\"inLanguage\":\"hr\"},{\"@type\":\"WebPage\",\"@id\":\"https:\\\/\\\/radioljubuski.ba\\\/index.php\\\/2021\\\/11\\\/10\\\/hrvatska-se-od-15-studenog-kljuca-unutra-sto-ce-biti-s-granicama\\\/\",\"url\":\"https:\\\/\\\/radioljubuski.ba\\\/index.php\\\/2021\\\/11\\\/10\\\/hrvatska-se-od-15-studenog-kljuca-unutra-sto-ce-biti-s-granicama\\\/\",\"name\":\"Hrvatska se od 15. studenog 'klju\u010da' unutra, \u0161to \u0107e biti s granicama? - RADIO LJUBU\u0160KI\",\"isPartOf\":{\"@id\":\"https:\\\/\\\/radioljubuski.ba\\\/#website\"},\"primaryImageOfPage\":{\"@id\":\"https:\\\/\\\/radioljubuski.ba\\\/index.php\\\/2021\\\/11\\\/10\\\/hrvatska-se-od-15-studenog-kljuca-unutra-sto-ce-biti-s-granicama\\\/#primaryimage\"},\"image\":{\"@id\":\"https:\\\/\\\/radioljubuski.ba\\\/index.php\\\/2021\\\/11\\\/10\\\/hrvatska-se-od-15-studenog-kljuca-unutra-sto-ce-biti-s-granicama\\\/#primaryimage\"},\"thumbnailUrl\":\"https:\\\/\\\/radioljubuski.ba\\\/wp-content\\\/uploads\\\/2021\\\/09\\\/granicna-policija-bih.jpg\",\"datePublished\":\"2021-11-10T09:00:17+00:00\",\"dateModified\":\"2021-11-10T09:00:18+00:00\",\"breadcrumb\":{\"@id\":\"https:\\\/\\\/radioljubuski.ba\\\/index.php\\\/2021\\\/11\\\/10\\\/hrvatska-se-od-15-studenog-kljuca-unutra-sto-ce-biti-s-granicama\\\/#breadcrumb\"},\"inLanguage\":\"hr\",\"potentialAction\":[{\"@type\":\"ReadAction\",\"target\":[\"https:\\\/\\\/radioljubuski.ba\\\/index.php\\\/2021\\\/11\\\/10\\\/hrvatska-se-od-15-studenog-kljuca-unutra-sto-ce-biti-s-granicama\\\/\"]}]},{\"@type\":\"ImageObject\",\"inLanguage\":\"hr\",\"@id\":\"https:\\\/\\\/radioljubuski.ba\\\/index.php\\\/2021\\\/11\\\/10\\\/hrvatska-se-od-15-studenog-kljuca-unutra-sto-ce-biti-s-granicama\\\/#primaryimage\",\"url\":\"https:\\\/\\\/radioljubuski.ba\\\/wp-content\\\/uploads\\\/2021\\\/09\\\/granicna-policija-bih.jpg\",\"contentUrl\":\"https:\\\/\\\/radioljubuski.ba\\\/wp-content\\\/uploads\\\/2021\\\/09\\\/granicna-policija-bih.jpg\",\"width\":1280,\"height\":880},{\"@type\":\"BreadcrumbList\",\"@id\":\"https:\\\/\\\/radioljubuski.ba\\\/index.php\\\/2021\\\/11\\\/10\\\/hrvatska-se-od-15-studenog-kljuca-unutra-sto-ce-biti-s-granicama\\\/#breadcrumb\",\"itemListElement\":[{\"@type\":\"ListItem\",\"position\":1,\"name\":\"Po\u010detna stranica\",\"item\":\"https:\\\/\\\/radioljubuski.ba\\\/\"},{\"@type\":\"ListItem\",\"position\":2,\"name\":\"Hrvatska se od 15. studenog &#8216;klju\u010da&#8217; unutra, \u0161to \u0107e biti s granicama?\"}]},{\"@type\":\"WebSite\",\"@id\":\"https:\\\/\\\/radioljubuski.ba\\\/#website\",\"url\":\"https:\\\/\\\/radioljubuski.ba\\\/\",\"name\":\"Radio Ljubu\u0161ki\",\"description\":\"Sun\u010dana frekvencija Hercegovine\",\"publisher\":{\"@id\":\"https:\\\/\\\/radioljubuski.ba\\\/#organization\"},\"potentialAction\":[{\"@type\":\"SearchAction\",\"target\":{\"@type\":\"EntryPoint\",\"urlTemplate\":\"https:\\\/\\\/radioljubuski.ba\\\/?s={search_term_string}\"},\"query-input\":{\"@type\":\"PropertyValueSpecification\",\"valueRequired\":true,\"valueName\":\"search_term_string\"}}],\"inLanguage\":\"hr\"},{\"@type\":\"Organization\",\"@id\":\"https:\\\/\\\/radioljubuski.ba\\\/#organization\",\"name\":\"Radio Ljubu\u0161ki\",\"url\":\"https:\\\/\\\/radioljubuski.ba\\\/\",\"logo\":{\"@type\":\"ImageObject\",\"inLanguage\":\"hr\",\"@id\":\"https:\\\/\\\/radioljubuski.ba\\\/#\\\/schema\\\/logo\\\/image\\\/\",\"url\":\"https:\\\/\\\/radioljubuski.ba\\\/wp-content\\\/uploads\\\/2021\\\/02\\\/cropped-Radio_Ljubuski_logo1.jpg\",\"contentUrl\":\"https:\\\/\\\/radioljubuski.ba\\\/wp-content\\\/uploads\\\/2021\\\/02\\\/cropped-Radio_Ljubuski_logo1.jpg\",\"width\":512,\"height\":512,\"caption\":\"Radio Ljubu\u0161ki\"},\"image\":{\"@id\":\"https:\\\/\\\/radioljubuski.ba\\\/#\\\/schema\\\/logo\\\/image\\\/\"},\"sameAs\":[\"https:\\\/\\\/www.facebook.com\\\/Radiio-Ljubuski-1490835324566332\",\"https:\\\/\\\/x.com\\\/radioljubuski\",\"https:\\\/\\\/hr.linkedin.com\\\/company\\\/radio-ljubuski\",\"https:\\\/\\\/www.youtube.com\\\/channel\\\/UCHYaeO_n0Db3tjNGudGpXyw\"]},{\"@type\":\"Person\",\"@id\":\"https:\\\/\\\/radioljubuski.ba\\\/#\\\/schema\\\/person\\\/19fc700381a780f69665d7956c469e3b\",\"name\":\"Radio Ljubu\u0161ki\"}]}<\/script>\n<!-- \/ Yoast SEO plugin. -->","yoast_head_json":{"title":"Hrvatska se od 15. studenog 'klju\u010da' unutra, \u0161to \u0107e biti s granicama? - RADIO LJUBU\u0160KI","robots":{"index":"index","follow":"follow","max-snippet":"max-snippet:-1","max-image-preview":"max-image-preview:large","max-video-preview":"max-video-preview:-1"},"canonical":"https:\/\/radioljubuski.ba\/index.php\/2021\/11\/10\/hrvatska-se-od-15-studenog-kljuca-unutra-sto-ce-biti-s-granicama\/","og_locale":"hr_HR","og_type":"article","og_title":"Hrvatska se od 15. studenog 'klju\u010da' unutra, \u0161to \u0107e biti s granicama? - RADIO LJUBU\u0160KI","og_description":"&#8221;Odluku o revidiranju uvjeta, odnosno izmjenu re\u017eima prelaska Hrvatske granice iz BiH, donosi Sto\u017eer civilne za\u0161tite RH ovisno o epidemiolo\u0161koj situaciji uslijed pandemije bolesti COVID-19 te imaju\u0107i u vidu upute i preporuke Hrvatskog zavoda za javno zdravstvo&#8221;, rekli su za Bljesak.info iz Ministarstva unutarnjih poslova Republike Hrvatske. Naime, obzirom na brojna medijska naga\u0111anja koja su [&hellip;]","og_url":"https:\/\/radioljubuski.ba\/index.php\/2021\/11\/10\/hrvatska-se-od-15-studenog-kljuca-unutra-sto-ce-biti-s-granicama\/","og_site_name":"RADIO LJUBU\u0160KI","article_publisher":"https:\/\/www.facebook.com\/Radiio-Ljubuski-1490835324566332","article_published_time":"2021-11-10T09:00:17+00:00","article_modified_time":"2021-11-10T09:00:18+00:00","og_image":[{"width":1280,"height":880,"url":"https:\/\/radioljubuski.ba\/wp-content\/uploads\/2021\/09\/granicna-policija-bih.jpg","type":"image\/jpeg"}],"author":"Radio Ljubu\u0161ki","twitter_card":"summary_large_image","twitter_creator":"@radioljubuski","twitter_site":"@radioljubuski","twitter_misc":{"Napisao\/la":"Radio Ljubu\u0161ki","Procijenjeno vrijeme \u010ditanja":"2 minute"},"schema":{"@context":"https:\/\/schema.org","@graph":[{"@type":"Article","@id":"https:\/\/radioljubuski.ba\/index.php\/2021\/11\/10\/hrvatska-se-od-15-studenog-kljuca-unutra-sto-ce-biti-s-granicama\/#article","isPartOf":{"@id":"https:\/\/radioljubuski.ba\/index.php\/2021\/11\/10\/hrvatska-se-od-15-studenog-kljuca-unutra-sto-ce-biti-s-granicama\/"},"author":{"name":"Radio Ljubu\u0161ki","@id":"https:\/\/radioljubuski.ba\/#\/schema\/person\/19fc700381a780f69665d7956c469e3b"},"headline":"Hrvatska se od 15. studenog &#8216;klju\u010da&#8217; unutra, \u0161to \u0107e biti s granicama?","datePublished":"2021-11-10T09:00:17+00:00","dateModified":"2021-11-10T09:00:18+00:00","mainEntityOfPage":{"@id":"https:\/\/radioljubuski.ba\/index.php\/2021\/11\/10\/hrvatska-se-od-15-studenog-kljuca-unutra-sto-ce-biti-s-granicama\/"},"wordCount":521,"publisher":{"@id":"https:\/\/radioljubuski.ba\/#organization"},"image":{"@id":"https:\/\/radioljubuski.ba\/index.php\/2021\/11\/10\/hrvatska-se-od-15-studenog-kljuca-unutra-sto-ce-biti-s-granicama\/#primaryimage"},"thumbnailUrl":"https:\/\/radioljubuski.ba\/wp-content\/uploads\/2021\/09\/granicna-policija-bih.jpg","articleSection":["BIH i regija"],"inLanguage":"hr"},{"@type":"WebPage","@id":"https:\/\/radioljubuski.ba\/index.php\/2021\/11\/10\/hrvatska-se-od-15-studenog-kljuca-unutra-sto-ce-biti-s-granicama\/","url":"https:\/\/radioljubuski.ba\/index.php\/2021\/11\/10\/hrvatska-se-od-15-studenog-kljuca-unutra-sto-ce-biti-s-granicama\/","name":"Hrvatska se od 15. studenog 'klju\u010da' unutra, \u0161to \u0107e biti s granicama? - RADIO LJUBU\u0160KI","isPartOf":{"@id":"https:\/\/radioljubuski.ba\/#website"},"primaryImageOfPage":{"@id":"https:\/\/radioljubuski.ba\/index.php\/2021\/11\/10\/hrvatska-se-od-15-studenog-kljuca-unutra-sto-ce-biti-s-granicama\/#primaryimage"},"image":{"@id":"https:\/\/radioljubuski.ba\/index.php\/2021\/11\/10\/hrvatska-se-od-15-studenog-kljuca-unutra-sto-ce-biti-s-granicama\/#primaryimage"},"thumbnailUrl":"https:\/\/radioljubuski.ba\/wp-content\/uploads\/2021\/09\/granicna-policija-bih.jpg","datePublished":"2021-11-10T09:00:17+00:00","dateModified":"2021-11-10T09:00:18+00:00","breadcrumb":{"@id":"https:\/\/radioljubuski.ba\/index.php\/2021\/11\/10\/hrvatska-se-od-15-studenog-kljuca-unutra-sto-ce-biti-s-granicama\/#breadcrumb"},"inLanguage":"hr","potentialAction":[{"@type":"ReadAction","target":["https:\/\/radioljubuski.ba\/index.php\/2021\/11\/10\/hrvatska-se-od-15-studenog-kljuca-unutra-sto-ce-biti-s-granicama\/"]}]},{"@type":"ImageObject","inLanguage":"hr","@id":"https:\/\/radioljubuski.ba\/index.php\/2021\/11\/10\/hrvatska-se-od-15-studenog-kljuca-unutra-sto-ce-biti-s-granicama\/#primaryimage","url":"https:\/\/radioljubuski.ba\/wp-content\/uploads\/2021\/09\/granicna-policija-bih.jpg","contentUrl":"https:\/\/radioljubuski.ba\/wp-content\/uploads\/2021\/09\/granicna-policija-bih.jpg","width":1280,"height":880},{"@type":"BreadcrumbList","@id":"https:\/\/radioljubuski.ba\/index.php\/2021\/11\/10\/hrvatska-se-od-15-studenog-kljuca-unutra-sto-ce-biti-s-granicama\/#breadcrumb","itemListElement":[{"@type":"ListItem","position":1,"name":"Po\u010detna stranica","item":"https:\/\/radioljubuski.ba\/"},{"@type":"ListItem","position":2,"name":"Hrvatska se od 15. studenog &#8216;klju\u010da&#8217; unutra, \u0161to \u0107e biti s granicama?"}]},{"@type":"WebSite","@id":"https:\/\/radioljubuski.ba\/#website","url":"https:\/\/radioljubuski.ba\/","name":"Radio Ljubu\u0161ki","description":"Sun\u010dana frekvencija Hercegovine","publisher":{"@id":"https:\/\/radioljubuski.ba\/#organization"},"potentialAction":[{"@type":"SearchAction","target":{"@type":"EntryPoint","urlTemplate":"https:\/\/radioljubuski.ba\/?s={search_term_string}"},"query-input":{"@type":"PropertyValueSpecification","valueRequired":true,"valueName":"search_term_string"}}],"inLanguage":"hr"},{"@type":"Organization","@id":"https:\/\/radioljubuski.ba\/#organization","name":"Radio Ljubu\u0161ki","url":"https:\/\/radioljubuski.ba\/","logo":{"@type":"ImageObject","inLanguage":"hr","@id":"https:\/\/radioljubuski.ba\/#\/schema\/logo\/image\/","url":"https:\/\/radioljubuski.ba\/wp-content\/uploads\/2021\/02\/cropped-Radio_Ljubuski_logo1.jpg","contentUrl":"https:\/\/radioljubuski.ba\/wp-content\/uploads\/2021\/02\/cropped-Radio_Ljubuski_logo1.jpg","width":512,"height":512,"caption":"Radio Ljubu\u0161ki"},"image":{"@id":"https:\/\/radioljubuski.ba\/#\/schema\/logo\/image\/"},"sameAs":["https:\/\/www.facebook.com\/Radiio-Ljubuski-1490835324566332","https:\/\/x.com\/radioljubuski","https:\/\/hr.linkedin.com\/company\/radio-ljubuski","https:\/\/www.youtube.com\/channel\/UCHYaeO_n0Db3tjNGudGpXyw"]},{"@type":"Person","@id":"https:\/\/radioljubuski.ba\/#\/schema\/person\/19fc700381a780f69665d7956c469e3b","name":"Radio Ljubu\u0161ki"}]}},"_links":{"self":[{"href":"https:\/\/radioljubuski.ba\/index.php\/wp-json\/wp\/v2\/posts\/86984","targetHints":{"allow":["GET"]}}],"collection":[{"href":"https:\/\/radioljubuski.ba\/index.php\/wp-json\/wp\/v2\/posts"}],"about":[{"href":"https:\/\/radioljubuski.ba\/index.php\/wp-json\/wp\/v2\/types\/post"}],"author":[{"embeddable":true,"href":"https:\/\/radioljubuski.ba\/index.php\/wp-json\/wp\/v2\/users\/2"}],"replies":[{"embeddable":true,"href":"https:\/\/radioljubuski.ba\/index.php\/wp-json\/wp\/v2\/comments?post=86984"}],"version-history":[{"count":1,"href":"https:\/\/radioljubuski.ba\/index.php\/wp-json\/wp\/v2\/posts\/86984\/revisions"}],"predecessor-version":[{"id":86985,"href":"https:\/\/radioljubuski.ba\/index.php\/wp-json\/wp\/v2\/posts\/86984\/revisions\/86985"}],"wp:featuredmedia":[{"embeddable":true,"href":"https:\/\/radioljubuski.ba\/index.php\/wp-json\/wp\/v2\/media\/66984"}],"wp:attachment":[{"href":"https:\/\/radioljubuski.ba\/index.php\/wp-json\/wp\/v2\/media?parent=86984"}],"wp:term":[{"taxonomy":"category","embeddable":true,"href":"https:\/\/radioljubuski.ba\/index.php\/wp-json\/wp\/v2\/categories?post=86984"},{"taxonomy":"post_tag","embeddable":true,"href":"https:\/\/radioljubuski.ba\/index.php\/wp-json\/wp\/v2\/tags?post=86984"}],"curies":[{"name":"wp","href":"https:\/\/api.w.org\/{rel}","templated":true}]}}