{"id":86989,"date":"2021-11-10T10:31:33","date_gmt":"2021-11-10T09:31:33","guid":{"rendered":"https:\/\/radioljubuski.ba\/?p=86989"},"modified":"2021-11-10T10:31:33","modified_gmt":"2021-11-10T09:31:33","slug":"escobar-sankcije-su-na-stolu-ali-nisu-usmjerene-na-rs","status":"publish","type":"post","link":"https:\/\/radioljubuski.ba\/index.php\/2021\/11\/10\/escobar-sankcije-su-na-stolu-ali-nisu-usmjerene-na-rs\/","title":{"rendered":"Escobar: Sankcije su na stolu, ali nisu usmjerene na RS"},"content":{"rendered":"\n<p>Jedna od najva\u017enijih tema u Bosni i Hercegovini ovih dana svakako je posjet specijalnog predstavnika ameri\u010dkog dr\u017eavnog tajnika za Zapadni Balkan Gabriela Escobara na\u0161oj zemlji koju trenutno, prema mi\u0161ljenju mnogih, potresa najve\u0107a politi\u010dka kriza od rata. Escobar je za BHRT govorio o podr\u0161ci SAD-a Bosni i Hercegovini, ali i o eventualnim ameri\u010dkim sankcijama.<\/p>\n\n\n\n<iframe loading=\"lazy\" title=\"Isje\u010dak intervjua sa Gabrielom Escobarom\" width=\"640\" height=\"360\" src=\"https:\/\/www.youtube.com\/embed\/8vqUp-S9hoc?feature=oembed\" frameborder=\"0\" allow=\"accelerometer; autoplay; clipboard-write; encrypted-media; gyroscope; picture-in-picture; web-share\" referrerpolicy=\"strict-origin-when-cross-origin\" allowfullscreen><\/iframe>\n\n\n\n<p>Escobar je istaknuo da Sjedinjene Ameri\u010dke Dr\u017eave i europski partneri \u010dvrsto garantiraju sigurnost u BiH. Ponovio je jo\u0161 jednom da rata u BiH ne\u0107e biti. Kako je rekao, ameri\u010dke sankcije, o kojima mnogi govore, su na stolu, ali nisu usmjerene na Republiku Srpsku, ve\u0107 na pojedince, uklju\u010duju\u0107i i kompanije koje ih prate.<\/p>\n\n\n\n<p>Izvor:BHRT<\/p>\n","protected":false},"excerpt":{"rendered":"<p>Jedna od najva\u017enijih tema u Bosni i Hercegovini ovih dana svakako je posjet specijalnog predstavnika ameri\u010dkog dr\u017eavnog tajnika za Zapadni Balkan Gabriela Escobara na\u0161oj zemlji koju trenutno, prema mi\u0161ljenju mnogih, potresa najve\u0107a politi\u010dka kriza od rata. Escobar je za BHRT govorio o podr\u0161ci SAD-a Bosni i Hercegovini, ali i o eventualnim ameri\u010dkim sankcijama. Escobar je [&hellip;]<\/p>\n","protected":false},"author":2,"featured_media":86990,"comment_status":"closed","ping_status":"closed","sticky":false,"template":"","format":"standard","meta":{"h5ap_radio_sources":[],"footnotes":""},"categories":[1],"tags":[],"class_list":["post-86989","post","type-post","status-publish","format-standard","has-post-thumbnail","hentry","category-bihiregija"],"yoast_head":"<!-- This site is optimized with the Yoast SEO plugin v27.5 - https:\/\/yoast.com\/product\/yoast-seo-wordpress\/ -->\n<title>Escobar: Sankcije su na stolu, ali nisu usmjerene na RS - RADIO LJUBU\u0160KI<\/title>\n<meta name=\"robots\" content=\"index, follow, max-snippet:-1, max-image-preview:large, max-video-preview:-1\" \/>\n<link rel=\"canonical\" href=\"https:\/\/radioljubuski.ba\/index.php\/2021\/11\/10\/escobar-sankcije-su-na-stolu-ali-nisu-usmjerene-na-rs\/\" \/>\n<meta property=\"og:locale\" content=\"hr_HR\" \/>\n<meta property=\"og:type\" content=\"article\" \/>\n<meta property=\"og:title\" content=\"Escobar: Sankcije su na stolu, ali nisu usmjerene na RS - RADIO LJUBU\u0160KI\" \/>\n<meta property=\"og:description\" content=\"Jedna od najva\u017enijih tema u Bosni i Hercegovini ovih dana svakako je posjet specijalnog predstavnika ameri\u010dkog dr\u017eavnog tajnika za Zapadni Balkan Gabriela Escobara na\u0161oj zemlji koju trenutno, prema mi\u0161ljenju mnogih, potresa najve\u0107a politi\u010dka kriza od rata. Escobar je za BHRT govorio o podr\u0161ci SAD-a Bosni i Hercegovini, ali i o eventualnim ameri\u010dkim sankcijama. Escobar je [&hellip;]\" \/>\n<meta property=\"og:url\" content=\"https:\/\/radioljubuski.ba\/index.php\/2021\/11\/10\/escobar-sankcije-su-na-stolu-ali-nisu-usmjerene-na-rs\/\" \/>\n<meta property=\"og:site_name\" content=\"RADIO LJUBU\u0160KI\" \/>\n<meta property=\"article:publisher\" content=\"https:\/\/www.facebook.com\/Radiio-Ljubuski-1490835324566332\" \/>\n<meta property=\"article:published_time\" content=\"2021-11-10T09:31:33+00:00\" \/>\n<meta property=\"og:image\" content=\"https:\/\/radioljubuski.ba\/wp-content\/uploads\/2021\/11\/9-2021-11-09-16-20-14-escov.png\" \/>\n\t<meta property=\"og:image:width\" content=\"1000\" \/>\n\t<meta property=\"og:image:height\" content=\"625\" \/>\n\t<meta property=\"og:image:type\" content=\"image\/png\" \/>\n<meta name=\"author\" content=\"Radio Ljubu\u0161ki\" \/>\n<meta name=\"twitter:card\" content=\"summary_large_image\" \/>\n<meta name=\"twitter:creator\" content=\"@radioljubuski\" \/>\n<meta name=\"twitter:site\" content=\"@radioljubuski\" \/>\n<meta name=\"twitter:label1\" content=\"Napisao\/la\" \/>\n\t<meta name=\"twitter:data1\" content=\"Radio Ljubu\u0161ki\" \/>\n\t<meta name=\"twitter:label2\" content=\"Procijenjeno vrijeme \u010ditanja\" \/>\n\t<meta name=\"twitter:data2\" content=\"1 minuta\" \/>\n<script type=\"application\/ld+json\" class=\"yoast-schema-graph\">{\"@context\":\"https:\\\/\\\/schema.org\",\"@graph\":[{\"@type\":\"Article\",\"@id\":\"https:\\\/\\\/radioljubuski.ba\\\/index.php\\\/2021\\\/11\\\/10\\\/escobar-sankcije-su-na-stolu-ali-nisu-usmjerene-na-rs\\\/#article\",\"isPartOf\":{\"@id\":\"https:\\\/\\\/radioljubuski.ba\\\/index.php\\\/2021\\\/11\\\/10\\\/escobar-sankcije-su-na-stolu-ali-nisu-usmjerene-na-rs\\\/\"},\"author\":{\"name\":\"Radio Ljubu\u0161ki\",\"@id\":\"https:\\\/\\\/radioljubuski.ba\\\/#\\\/schema\\\/person\\\/19fc700381a780f69665d7956c469e3b\"},\"headline\":\"Escobar: Sankcije su na stolu, ali nisu usmjerene na RS\",\"datePublished\":\"2021-11-10T09:31:33+00:00\",\"mainEntityOfPage\":{\"@id\":\"https:\\\/\\\/radioljubuski.ba\\\/index.php\\\/2021\\\/11\\\/10\\\/escobar-sankcije-su-na-stolu-ali-nisu-usmjerene-na-rs\\\/\"},\"wordCount\":140,\"publisher\":{\"@id\":\"https:\\\/\\\/radioljubuski.ba\\\/#organization\"},\"image\":{\"@id\":\"https:\\\/\\\/radioljubuski.ba\\\/index.php\\\/2021\\\/11\\\/10\\\/escobar-sankcije-su-na-stolu-ali-nisu-usmjerene-na-rs\\\/#primaryimage\"},\"thumbnailUrl\":\"https:\\\/\\\/radioljubuski.ba\\\/wp-content\\\/uploads\\\/2021\\\/11\\\/9-2021-11-09-16-20-14-escov.png\",\"articleSection\":[\"BIH i regija\"],\"inLanguage\":\"hr\"},{\"@type\":\"WebPage\",\"@id\":\"https:\\\/\\\/radioljubuski.ba\\\/index.php\\\/2021\\\/11\\\/10\\\/escobar-sankcije-su-na-stolu-ali-nisu-usmjerene-na-rs\\\/\",\"url\":\"https:\\\/\\\/radioljubuski.ba\\\/index.php\\\/2021\\\/11\\\/10\\\/escobar-sankcije-su-na-stolu-ali-nisu-usmjerene-na-rs\\\/\",\"name\":\"Escobar: Sankcije su na stolu, ali nisu usmjerene na RS - RADIO LJUBU\u0160KI\",\"isPartOf\":{\"@id\":\"https:\\\/\\\/radioljubuski.ba\\\/#website\"},\"primaryImageOfPage\":{\"@id\":\"https:\\\/\\\/radioljubuski.ba\\\/index.php\\\/2021\\\/11\\\/10\\\/escobar-sankcije-su-na-stolu-ali-nisu-usmjerene-na-rs\\\/#primaryimage\"},\"image\":{\"@id\":\"https:\\\/\\\/radioljubuski.ba\\\/index.php\\\/2021\\\/11\\\/10\\\/escobar-sankcije-su-na-stolu-ali-nisu-usmjerene-na-rs\\\/#primaryimage\"},\"thumbnailUrl\":\"https:\\\/\\\/radioljubuski.ba\\\/wp-content\\\/uploads\\\/2021\\\/11\\\/9-2021-11-09-16-20-14-escov.png\",\"datePublished\":\"2021-11-10T09:31:33+00:00\",\"breadcrumb\":{\"@id\":\"https:\\\/\\\/radioljubuski.ba\\\/index.php\\\/2021\\\/11\\\/10\\\/escobar-sankcije-su-na-stolu-ali-nisu-usmjerene-na-rs\\\/#breadcrumb\"},\"inLanguage\":\"hr\",\"potentialAction\":[{\"@type\":\"ReadAction\",\"target\":[\"https:\\\/\\\/radioljubuski.ba\\\/index.php\\\/2021\\\/11\\\/10\\\/escobar-sankcije-su-na-stolu-ali-nisu-usmjerene-na-rs\\\/\"]}]},{\"@type\":\"ImageObject\",\"inLanguage\":\"hr\",\"@id\":\"https:\\\/\\\/radioljubuski.ba\\\/index.php\\\/2021\\\/11\\\/10\\\/escobar-sankcije-su-na-stolu-ali-nisu-usmjerene-na-rs\\\/#primaryimage\",\"url\":\"https:\\\/\\\/radioljubuski.ba\\\/wp-content\\\/uploads\\\/2021\\\/11\\\/9-2021-11-09-16-20-14-escov.png\",\"contentUrl\":\"https:\\\/\\\/radioljubuski.ba\\\/wp-content\\\/uploads\\\/2021\\\/11\\\/9-2021-11-09-16-20-14-escov.png\",\"width\":1000,\"height\":625},{\"@type\":\"BreadcrumbList\",\"@id\":\"https:\\\/\\\/radioljubuski.ba\\\/index.php\\\/2021\\\/11\\\/10\\\/escobar-sankcije-su-na-stolu-ali-nisu-usmjerene-na-rs\\\/#breadcrumb\",\"itemListElement\":[{\"@type\":\"ListItem\",\"position\":1,\"name\":\"Po\u010detna stranica\",\"item\":\"https:\\\/\\\/radioljubuski.ba\\\/\"},{\"@type\":\"ListItem\",\"position\":2,\"name\":\"Escobar: Sankcije su na stolu, ali nisu usmjerene na RS\"}]},{\"@type\":\"WebSite\",\"@id\":\"https:\\\/\\\/radioljubuski.ba\\\/#website\",\"url\":\"https:\\\/\\\/radioljubuski.ba\\\/\",\"name\":\"Radio Ljubu\u0161ki\",\"description\":\"Sun\u010dana frekvencija Hercegovine\",\"publisher\":{\"@id\":\"https:\\\/\\\/radioljubuski.ba\\\/#organization\"},\"potentialAction\":[{\"@type\":\"SearchAction\",\"target\":{\"@type\":\"EntryPoint\",\"urlTemplate\":\"https:\\\/\\\/radioljubuski.ba\\\/?s={search_term_string}\"},\"query-input\":{\"@type\":\"PropertyValueSpecification\",\"valueRequired\":true,\"valueName\":\"search_term_string\"}}],\"inLanguage\":\"hr\"},{\"@type\":\"Organization\",\"@id\":\"https:\\\/\\\/radioljubuski.ba\\\/#organization\",\"name\":\"Radio Ljubu\u0161ki\",\"url\":\"https:\\\/\\\/radioljubuski.ba\\\/\",\"logo\":{\"@type\":\"ImageObject\",\"inLanguage\":\"hr\",\"@id\":\"https:\\\/\\\/radioljubuski.ba\\\/#\\\/schema\\\/logo\\\/image\\\/\",\"url\":\"https:\\\/\\\/radioljubuski.ba\\\/wp-content\\\/uploads\\\/2021\\\/02\\\/cropped-Radio_Ljubuski_logo1.jpg\",\"contentUrl\":\"https:\\\/\\\/radioljubuski.ba\\\/wp-content\\\/uploads\\\/2021\\\/02\\\/cropped-Radio_Ljubuski_logo1.jpg\",\"width\":512,\"height\":512,\"caption\":\"Radio Ljubu\u0161ki\"},\"image\":{\"@id\":\"https:\\\/\\\/radioljubuski.ba\\\/#\\\/schema\\\/logo\\\/image\\\/\"},\"sameAs\":[\"https:\\\/\\\/www.facebook.com\\\/Radiio-Ljubuski-1490835324566332\",\"https:\\\/\\\/x.com\\\/radioljubuski\",\"https:\\\/\\\/hr.linkedin.com\\\/company\\\/radio-ljubuski\",\"https:\\\/\\\/www.youtube.com\\\/channel\\\/UCHYaeO_n0Db3tjNGudGpXyw\"]},{\"@type\":\"Person\",\"@id\":\"https:\\\/\\\/radioljubuski.ba\\\/#\\\/schema\\\/person\\\/19fc700381a780f69665d7956c469e3b\",\"name\":\"Radio Ljubu\u0161ki\"}]}<\/script>\n<!-- \/ Yoast SEO plugin. -->","yoast_head_json":{"title":"Escobar: Sankcije su na stolu, ali nisu usmjerene na RS - RADIO LJUBU\u0160KI","robots":{"index":"index","follow":"follow","max-snippet":"max-snippet:-1","max-image-preview":"max-image-preview:large","max-video-preview":"max-video-preview:-1"},"canonical":"https:\/\/radioljubuski.ba\/index.php\/2021\/11\/10\/escobar-sankcije-su-na-stolu-ali-nisu-usmjerene-na-rs\/","og_locale":"hr_HR","og_type":"article","og_title":"Escobar: Sankcije su na stolu, ali nisu usmjerene na RS - RADIO LJUBU\u0160KI","og_description":"Jedna od najva\u017enijih tema u Bosni i Hercegovini ovih dana svakako je posjet specijalnog predstavnika ameri\u010dkog dr\u017eavnog tajnika za Zapadni Balkan Gabriela Escobara na\u0161oj zemlji koju trenutno, prema mi\u0161ljenju mnogih, potresa najve\u0107a politi\u010dka kriza od rata. Escobar je za BHRT govorio o podr\u0161ci SAD-a Bosni i Hercegovini, ali i o eventualnim ameri\u010dkim sankcijama. Escobar je [&hellip;]","og_url":"https:\/\/radioljubuski.ba\/index.php\/2021\/11\/10\/escobar-sankcije-su-na-stolu-ali-nisu-usmjerene-na-rs\/","og_site_name":"RADIO LJUBU\u0160KI","article_publisher":"https:\/\/www.facebook.com\/Radiio-Ljubuski-1490835324566332","article_published_time":"2021-11-10T09:31:33+00:00","og_image":[{"width":1000,"height":625,"url":"https:\/\/radioljubuski.ba\/wp-content\/uploads\/2021\/11\/9-2021-11-09-16-20-14-escov.png","type":"image\/png"}],"author":"Radio Ljubu\u0161ki","twitter_card":"summary_large_image","twitter_creator":"@radioljubuski","twitter_site":"@radioljubuski","twitter_misc":{"Napisao\/la":"Radio Ljubu\u0161ki","Procijenjeno vrijeme \u010ditanja":"1 minuta"},"schema":{"@context":"https:\/\/schema.org","@graph":[{"@type":"Article","@id":"https:\/\/radioljubuski.ba\/index.php\/2021\/11\/10\/escobar-sankcije-su-na-stolu-ali-nisu-usmjerene-na-rs\/#article","isPartOf":{"@id":"https:\/\/radioljubuski.ba\/index.php\/2021\/11\/10\/escobar-sankcije-su-na-stolu-ali-nisu-usmjerene-na-rs\/"},"author":{"name":"Radio Ljubu\u0161ki","@id":"https:\/\/radioljubuski.ba\/#\/schema\/person\/19fc700381a780f69665d7956c469e3b"},"headline":"Escobar: Sankcije su na stolu, ali nisu usmjerene na RS","datePublished":"2021-11-10T09:31:33+00:00","mainEntityOfPage":{"@id":"https:\/\/radioljubuski.ba\/index.php\/2021\/11\/10\/escobar-sankcije-su-na-stolu-ali-nisu-usmjerene-na-rs\/"},"wordCount":140,"publisher":{"@id":"https:\/\/radioljubuski.ba\/#organization"},"image":{"@id":"https:\/\/radioljubuski.ba\/index.php\/2021\/11\/10\/escobar-sankcije-su-na-stolu-ali-nisu-usmjerene-na-rs\/#primaryimage"},"thumbnailUrl":"https:\/\/radioljubuski.ba\/wp-content\/uploads\/2021\/11\/9-2021-11-09-16-20-14-escov.png","articleSection":["BIH i regija"],"inLanguage":"hr"},{"@type":"WebPage","@id":"https:\/\/radioljubuski.ba\/index.php\/2021\/11\/10\/escobar-sankcije-su-na-stolu-ali-nisu-usmjerene-na-rs\/","url":"https:\/\/radioljubuski.ba\/index.php\/2021\/11\/10\/escobar-sankcije-su-na-stolu-ali-nisu-usmjerene-na-rs\/","name":"Escobar: Sankcije su na stolu, ali nisu usmjerene na RS - RADIO LJUBU\u0160KI","isPartOf":{"@id":"https:\/\/radioljubuski.ba\/#website"},"primaryImageOfPage":{"@id":"https:\/\/radioljubuski.ba\/index.php\/2021\/11\/10\/escobar-sankcije-su-na-stolu-ali-nisu-usmjerene-na-rs\/#primaryimage"},"image":{"@id":"https:\/\/radioljubuski.ba\/index.php\/2021\/11\/10\/escobar-sankcije-su-na-stolu-ali-nisu-usmjerene-na-rs\/#primaryimage"},"thumbnailUrl":"https:\/\/radioljubuski.ba\/wp-content\/uploads\/2021\/11\/9-2021-11-09-16-20-14-escov.png","datePublished":"2021-11-10T09:31:33+00:00","breadcrumb":{"@id":"https:\/\/radioljubuski.ba\/index.php\/2021\/11\/10\/escobar-sankcije-su-na-stolu-ali-nisu-usmjerene-na-rs\/#breadcrumb"},"inLanguage":"hr","potentialAction":[{"@type":"ReadAction","target":["https:\/\/radioljubuski.ba\/index.php\/2021\/11\/10\/escobar-sankcije-su-na-stolu-ali-nisu-usmjerene-na-rs\/"]}]},{"@type":"ImageObject","inLanguage":"hr","@id":"https:\/\/radioljubuski.ba\/index.php\/2021\/11\/10\/escobar-sankcije-su-na-stolu-ali-nisu-usmjerene-na-rs\/#primaryimage","url":"https:\/\/radioljubuski.ba\/wp-content\/uploads\/2021\/11\/9-2021-11-09-16-20-14-escov.png","contentUrl":"https:\/\/radioljubuski.ba\/wp-content\/uploads\/2021\/11\/9-2021-11-09-16-20-14-escov.png","width":1000,"height":625},{"@type":"BreadcrumbList","@id":"https:\/\/radioljubuski.ba\/index.php\/2021\/11\/10\/escobar-sankcije-su-na-stolu-ali-nisu-usmjerene-na-rs\/#breadcrumb","itemListElement":[{"@type":"ListItem","position":1,"name":"Po\u010detna stranica","item":"https:\/\/radioljubuski.ba\/"},{"@type":"ListItem","position":2,"name":"Escobar: Sankcije su na stolu, ali nisu usmjerene na RS"}]},{"@type":"WebSite","@id":"https:\/\/radioljubuski.ba\/#website","url":"https:\/\/radioljubuski.ba\/","name":"Radio Ljubu\u0161ki","description":"Sun\u010dana frekvencija Hercegovine","publisher":{"@id":"https:\/\/radioljubuski.ba\/#organization"},"potentialAction":[{"@type":"SearchAction","target":{"@type":"EntryPoint","urlTemplate":"https:\/\/radioljubuski.ba\/?s={search_term_string}"},"query-input":{"@type":"PropertyValueSpecification","valueRequired":true,"valueName":"search_term_string"}}],"inLanguage":"hr"},{"@type":"Organization","@id":"https:\/\/radioljubuski.ba\/#organization","name":"Radio Ljubu\u0161ki","url":"https:\/\/radioljubuski.ba\/","logo":{"@type":"ImageObject","inLanguage":"hr","@id":"https:\/\/radioljubuski.ba\/#\/schema\/logo\/image\/","url":"https:\/\/radioljubuski.ba\/wp-content\/uploads\/2021\/02\/cropped-Radio_Ljubuski_logo1.jpg","contentUrl":"https:\/\/radioljubuski.ba\/wp-content\/uploads\/2021\/02\/cropped-Radio_Ljubuski_logo1.jpg","width":512,"height":512,"caption":"Radio Ljubu\u0161ki"},"image":{"@id":"https:\/\/radioljubuski.ba\/#\/schema\/logo\/image\/"},"sameAs":["https:\/\/www.facebook.com\/Radiio-Ljubuski-1490835324566332","https:\/\/x.com\/radioljubuski","https:\/\/hr.linkedin.com\/company\/radio-ljubuski","https:\/\/www.youtube.com\/channel\/UCHYaeO_n0Db3tjNGudGpXyw"]},{"@type":"Person","@id":"https:\/\/radioljubuski.ba\/#\/schema\/person\/19fc700381a780f69665d7956c469e3b","name":"Radio Ljubu\u0161ki"}]}},"_links":{"self":[{"href":"https:\/\/radioljubuski.ba\/index.php\/wp-json\/wp\/v2\/posts\/86989","targetHints":{"allow":["GET"]}}],"collection":[{"href":"https:\/\/radioljubuski.ba\/index.php\/wp-json\/wp\/v2\/posts"}],"about":[{"href":"https:\/\/radioljubuski.ba\/index.php\/wp-json\/wp\/v2\/types\/post"}],"author":[{"embeddable":true,"href":"https:\/\/radioljubuski.ba\/index.php\/wp-json\/wp\/v2\/users\/2"}],"replies":[{"embeddable":true,"href":"https:\/\/radioljubuski.ba\/index.php\/wp-json\/wp\/v2\/comments?post=86989"}],"version-history":[{"count":1,"href":"https:\/\/radioljubuski.ba\/index.php\/wp-json\/wp\/v2\/posts\/86989\/revisions"}],"predecessor-version":[{"id":86991,"href":"https:\/\/radioljubuski.ba\/index.php\/wp-json\/wp\/v2\/posts\/86989\/revisions\/86991"}],"wp:featuredmedia":[{"embeddable":true,"href":"https:\/\/radioljubuski.ba\/index.php\/wp-json\/wp\/v2\/media\/86990"}],"wp:attachment":[{"href":"https:\/\/radioljubuski.ba\/index.php\/wp-json\/wp\/v2\/media?parent=86989"}],"wp:term":[{"taxonomy":"category","embeddable":true,"href":"https:\/\/radioljubuski.ba\/index.php\/wp-json\/wp\/v2\/categories?post=86989"},{"taxonomy":"post_tag","embeddable":true,"href":"https:\/\/radioljubuski.ba\/index.php\/wp-json\/wp\/v2\/tags?post=86989"}],"curies":[{"name":"wp","href":"https:\/\/api.w.org\/{rel}","templated":true}]}}