{"id":86992,"date":"2021-11-10T10:32:41","date_gmt":"2021-11-10T09:32:41","guid":{"rendered":"https:\/\/radioljubuski.ba\/?p=86992"},"modified":"2021-11-10T10:32:42","modified_gmt":"2021-11-10T09:32:42","slug":"vijece-europe-i-celnici-mostara-uskoro-bi-se-mogli-dogoditi-pozitivni-pomaci","status":"publish","type":"post","link":"https:\/\/radioljubuski.ba\/index.php\/2021\/11\/10\/vijece-europe-i-celnici-mostara-uskoro-bi-se-mogli-dogoditi-pozitivni-pomaci\/","title":{"rendered":"Vije\u0107e Europe i \u010delnici Mostara: Uskoro bi se mogli dogoditi pozitivni pomaci"},"content":{"rendered":"\n<p>Predstavnici Vije\u0107a Europe i Grada Mostara sastali su se u utorak u Gradskoj vije\u0107nici gdje su razgovarali o procesu deliberativne demokracije koji je ovoga ljeta prvi put primijenjen u Gradu na Neretvi kao i o pozitivnim rezultatima te budu\u0107nosti toga procesa u Mostaru.<\/p>\n\n\n\n<p>Sudionici sastanka su, kako je priop\u0107eno iz Grada Mostara, izrazile zadovoljstvo postignutim jer se ve\u0107 sada mo\u017ee govoriti o implementaciji Akcijskog plana, a pro\u0161lo je tek nekoliko mjeseci od odr\u017eavanja prve Skup\u0161tine gra\u0111ana u Mostaru.<\/p>\n\n\n\n<p>Gradona\u010delnik Mario Kordi\u0107 naglasio je kako je ovaj proces za Mostar do\u0161ao u pravom trenutku, kada se nastoje rije\u0161iti nagomilani komunalni problemi. Izrazio je zadovoljstvo \u0161to je i Skup\u0161tina gra\u0111ana svojim radom i zaklju\u010dcima prepoznala goru\u0107e probleme u toj oblasti i \u0161to su ih svrstali u vrh prioriteta za rje\u0161avanje.<\/p>\n\n\n\n<p>Grad Mostar od po\u010detka studenoga ima nove rukovoditelje u komunalnim poduze\u0107ima te bi se u kratkom vremenu trebali dogoditi pozitivni pomaci, navedeno je u priop\u0107enju.<\/p>\n\n\n\n<p>Glavna savjetnica mostarskog gradona\u010delnika Radmila Komadina osvrnula se i na druge oblike sudjelovanja gra\u0111ana u dono\u0161enju odluka koji su od va\u017enosti za pobolj\u0161anje kvalitete \u017eivota u gradu. Navedeno je kako se gra\u0111ani imaju pravo izjasniti o nacrtu prora\u010duna, ali i sudjelovati u javnim raspravama pri postupku dono\u0161enja regulacijskih planova.<\/p>\n\n\n\n<p>Komadina je posebno istaknula projekte za mlade, suradnju s Vije\u0107em mladih i prepoznavanje va\u017enosti rada i doprinosa nevladinih organizacija s kojima je Grad Mostar potpisao Sporazum o suradnji.<\/p>\n\n\n\n<p>Predsjednik Gradskog vije\u0107a Mostara Salem Mari\u0107 zahvalio je Vije\u0107u Europe na vrijednoj donaciji opreme koja \u0107e doprinijeti jo\u0161 ve\u0107oj transparentnosti rada Gradskog vije\u0107a. Tako\u0111er je najavio predstavljanje Akcijskog plana na idu\u0107oj sjednici vije\u0107a.<\/p>\n\n\n\n<p>Kako je navedeno u priop\u0107enju, smatra se da \u0107e bi, od ukupno 32 prijedloga Skup\u0161tine gra\u0111ana, bilo mogu\u0107e implementirati 90 posto njih, a pred Gradom Mostarom predstoji izazov same realizacije \u0161to povla\u010di sa sobom pitanja financiranja i organizacije.<\/p>\n\n\n\n<p>Sudionici sastanka zaklju\u010dili su da je pionirski Projekt deliberativne demokracije uspje\u0161no realiziran u Mostaru, te je izra\u017eena spremnost i volja za nastavkom ovog procesa i idu\u0107ih godina. Izaslanstvo Vije\u0107a Europe odr\u017eat \u0107e danas i sastanke s gradskim vije\u0107nicima, stoji u priop\u0107enju.<\/p>\n\n\n\n<p>Izvor:pogled.ba<\/p>\n","protected":false},"excerpt":{"rendered":"<p>Predstavnici Vije\u0107a Europe i Grada Mostara sastali su se u utorak u Gradskoj vije\u0107nici gdje su razgovarali o procesu deliberativne demokracije koji je ovoga ljeta prvi put primijenjen u Gradu na Neretvi kao i o pozitivnim rezultatima te budu\u0107nosti toga procesa u Mostaru. Sudionici sastanka su, kako je priop\u0107eno iz Grada Mostara, izrazile zadovoljstvo postignutim [&hellip;]<\/p>\n","protected":false},"author":2,"featured_media":86993,"comment_status":"closed","ping_status":"closed","sticky":false,"template":"","format":"standard","meta":{"h5ap_radio_sources":[],"footnotes":""},"categories":[1],"tags":[],"class_list":["post-86992","post","type-post","status-publish","format-standard","has-post-thumbnail","hentry","category-bihiregija"],"yoast_head":"<!-- This site is optimized with the Yoast SEO plugin v27.5 - https:\/\/yoast.com\/product\/yoast-seo-wordpress\/ -->\n<title>Vije\u0107e Europe i \u010delnici Mostara: Uskoro bi se mogli dogoditi pozitivni pomaci - RADIO LJUBU\u0160KI<\/title>\n<meta name=\"robots\" content=\"index, follow, max-snippet:-1, max-image-preview:large, max-video-preview:-1\" \/>\n<link rel=\"canonical\" href=\"https:\/\/radioljubuski.ba\/index.php\/2021\/11\/10\/vijece-europe-i-celnici-mostara-uskoro-bi-se-mogli-dogoditi-pozitivni-pomaci\/\" \/>\n<meta property=\"og:locale\" content=\"hr_HR\" \/>\n<meta property=\"og:type\" content=\"article\" \/>\n<meta property=\"og:title\" content=\"Vije\u0107e Europe i \u010delnici Mostara: Uskoro bi se mogli dogoditi pozitivni pomaci - RADIO LJUBU\u0160KI\" \/>\n<meta property=\"og:description\" content=\"Predstavnici Vije\u0107a Europe i Grada Mostara sastali su se u utorak u Gradskoj vije\u0107nici gdje su razgovarali o procesu deliberativne demokracije koji je ovoga ljeta prvi put primijenjen u Gradu na Neretvi kao i o pozitivnim rezultatima te budu\u0107nosti toga procesa u Mostaru. Sudionici sastanka su, kako je priop\u0107eno iz Grada Mostara, izrazile zadovoljstvo postignutim [&hellip;]\" \/>\n<meta property=\"og:url\" content=\"https:\/\/radioljubuski.ba\/index.php\/2021\/11\/10\/vijece-europe-i-celnici-mostara-uskoro-bi-se-mogli-dogoditi-pozitivni-pomaci\/\" \/>\n<meta property=\"og:site_name\" content=\"RADIO LJUBU\u0160KI\" \/>\n<meta property=\"article:publisher\" content=\"https:\/\/www.facebook.com\/Radiio-Ljubuski-1490835324566332\" \/>\n<meta property=\"article:published_time\" content=\"2021-11-10T09:32:41+00:00\" \/>\n<meta property=\"article:modified_time\" content=\"2021-11-10T09:32:42+00:00\" \/>\n<meta property=\"og:image\" content=\"https:\/\/radioljubuski.ba\/wp-content\/uploads\/2021\/11\/9-2021-11-09-16-26-16-vijece-ru.jpg\" \/>\n\t<meta property=\"og:image:width\" content=\"1000\" \/>\n\t<meta property=\"og:image:height\" content=\"625\" \/>\n\t<meta property=\"og:image:type\" content=\"image\/jpeg\" \/>\n<meta name=\"author\" content=\"Radio Ljubu\u0161ki\" \/>\n<meta name=\"twitter:card\" content=\"summary_large_image\" \/>\n<meta name=\"twitter:creator\" content=\"@radioljubuski\" \/>\n<meta name=\"twitter:site\" content=\"@radioljubuski\" \/>\n<meta name=\"twitter:label1\" content=\"Napisao\/la\" \/>\n\t<meta name=\"twitter:data1\" content=\"Radio Ljubu\u0161ki\" \/>\n\t<meta name=\"twitter:label2\" content=\"Procijenjeno vrijeme \u010ditanja\" \/>\n\t<meta name=\"twitter:data2\" content=\"2 minute\" \/>\n<script type=\"application\/ld+json\" class=\"yoast-schema-graph\">{\"@context\":\"https:\\\/\\\/schema.org\",\"@graph\":[{\"@type\":\"Article\",\"@id\":\"https:\\\/\\\/radioljubuski.ba\\\/index.php\\\/2021\\\/11\\\/10\\\/vijece-europe-i-celnici-mostara-uskoro-bi-se-mogli-dogoditi-pozitivni-pomaci\\\/#article\",\"isPartOf\":{\"@id\":\"https:\\\/\\\/radioljubuski.ba\\\/index.php\\\/2021\\\/11\\\/10\\\/vijece-europe-i-celnici-mostara-uskoro-bi-se-mogli-dogoditi-pozitivni-pomaci\\\/\"},\"author\":{\"name\":\"Radio Ljubu\u0161ki\",\"@id\":\"https:\\\/\\\/radioljubuski.ba\\\/#\\\/schema\\\/person\\\/19fc700381a780f69665d7956c469e3b\"},\"headline\":\"Vije\u0107e Europe i \u010delnici Mostara: Uskoro bi se mogli dogoditi pozitivni pomaci\",\"datePublished\":\"2021-11-10T09:32:41+00:00\",\"dateModified\":\"2021-11-10T09:32:42+00:00\",\"mainEntityOfPage\":{\"@id\":\"https:\\\/\\\/radioljubuski.ba\\\/index.php\\\/2021\\\/11\\\/10\\\/vijece-europe-i-celnici-mostara-uskoro-bi-se-mogli-dogoditi-pozitivni-pomaci\\\/\"},\"wordCount\":406,\"publisher\":{\"@id\":\"https:\\\/\\\/radioljubuski.ba\\\/#organization\"},\"image\":{\"@id\":\"https:\\\/\\\/radioljubuski.ba\\\/index.php\\\/2021\\\/11\\\/10\\\/vijece-europe-i-celnici-mostara-uskoro-bi-se-mogli-dogoditi-pozitivni-pomaci\\\/#primaryimage\"},\"thumbnailUrl\":\"https:\\\/\\\/radioljubuski.ba\\\/wp-content\\\/uploads\\\/2021\\\/11\\\/9-2021-11-09-16-26-16-vijece-ru.jpg\",\"articleSection\":[\"BIH i regija\"],\"inLanguage\":\"hr\"},{\"@type\":\"WebPage\",\"@id\":\"https:\\\/\\\/radioljubuski.ba\\\/index.php\\\/2021\\\/11\\\/10\\\/vijece-europe-i-celnici-mostara-uskoro-bi-se-mogli-dogoditi-pozitivni-pomaci\\\/\",\"url\":\"https:\\\/\\\/radioljubuski.ba\\\/index.php\\\/2021\\\/11\\\/10\\\/vijece-europe-i-celnici-mostara-uskoro-bi-se-mogli-dogoditi-pozitivni-pomaci\\\/\",\"name\":\"Vije\u0107e Europe i \u010delnici Mostara: Uskoro bi se mogli dogoditi pozitivni pomaci - RADIO LJUBU\u0160KI\",\"isPartOf\":{\"@id\":\"https:\\\/\\\/radioljubuski.ba\\\/#website\"},\"primaryImageOfPage\":{\"@id\":\"https:\\\/\\\/radioljubuski.ba\\\/index.php\\\/2021\\\/11\\\/10\\\/vijece-europe-i-celnici-mostara-uskoro-bi-se-mogli-dogoditi-pozitivni-pomaci\\\/#primaryimage\"},\"image\":{\"@id\":\"https:\\\/\\\/radioljubuski.ba\\\/index.php\\\/2021\\\/11\\\/10\\\/vijece-europe-i-celnici-mostara-uskoro-bi-se-mogli-dogoditi-pozitivni-pomaci\\\/#primaryimage\"},\"thumbnailUrl\":\"https:\\\/\\\/radioljubuski.ba\\\/wp-content\\\/uploads\\\/2021\\\/11\\\/9-2021-11-09-16-26-16-vijece-ru.jpg\",\"datePublished\":\"2021-11-10T09:32:41+00:00\",\"dateModified\":\"2021-11-10T09:32:42+00:00\",\"breadcrumb\":{\"@id\":\"https:\\\/\\\/radioljubuski.ba\\\/index.php\\\/2021\\\/11\\\/10\\\/vijece-europe-i-celnici-mostara-uskoro-bi-se-mogli-dogoditi-pozitivni-pomaci\\\/#breadcrumb\"},\"inLanguage\":\"hr\",\"potentialAction\":[{\"@type\":\"ReadAction\",\"target\":[\"https:\\\/\\\/radioljubuski.ba\\\/index.php\\\/2021\\\/11\\\/10\\\/vijece-europe-i-celnici-mostara-uskoro-bi-se-mogli-dogoditi-pozitivni-pomaci\\\/\"]}]},{\"@type\":\"ImageObject\",\"inLanguage\":\"hr\",\"@id\":\"https:\\\/\\\/radioljubuski.ba\\\/index.php\\\/2021\\\/11\\\/10\\\/vijece-europe-i-celnici-mostara-uskoro-bi-se-mogli-dogoditi-pozitivni-pomaci\\\/#primaryimage\",\"url\":\"https:\\\/\\\/radioljubuski.ba\\\/wp-content\\\/uploads\\\/2021\\\/11\\\/9-2021-11-09-16-26-16-vijece-ru.jpg\",\"contentUrl\":\"https:\\\/\\\/radioljubuski.ba\\\/wp-content\\\/uploads\\\/2021\\\/11\\\/9-2021-11-09-16-26-16-vijece-ru.jpg\",\"width\":1000,\"height\":625},{\"@type\":\"BreadcrumbList\",\"@id\":\"https:\\\/\\\/radioljubuski.ba\\\/index.php\\\/2021\\\/11\\\/10\\\/vijece-europe-i-celnici-mostara-uskoro-bi-se-mogli-dogoditi-pozitivni-pomaci\\\/#breadcrumb\",\"itemListElement\":[{\"@type\":\"ListItem\",\"position\":1,\"name\":\"Po\u010detna stranica\",\"item\":\"https:\\\/\\\/radioljubuski.ba\\\/\"},{\"@type\":\"ListItem\",\"position\":2,\"name\":\"Vije\u0107e Europe i \u010delnici Mostara: Uskoro bi se mogli dogoditi pozitivni pomaci\"}]},{\"@type\":\"WebSite\",\"@id\":\"https:\\\/\\\/radioljubuski.ba\\\/#website\",\"url\":\"https:\\\/\\\/radioljubuski.ba\\\/\",\"name\":\"Radio Ljubu\u0161ki\",\"description\":\"Sun\u010dana frekvencija Hercegovine\",\"publisher\":{\"@id\":\"https:\\\/\\\/radioljubuski.ba\\\/#organization\"},\"potentialAction\":[{\"@type\":\"SearchAction\",\"target\":{\"@type\":\"EntryPoint\",\"urlTemplate\":\"https:\\\/\\\/radioljubuski.ba\\\/?s={search_term_string}\"},\"query-input\":{\"@type\":\"PropertyValueSpecification\",\"valueRequired\":true,\"valueName\":\"search_term_string\"}}],\"inLanguage\":\"hr\"},{\"@type\":\"Organization\",\"@id\":\"https:\\\/\\\/radioljubuski.ba\\\/#organization\",\"name\":\"Radio Ljubu\u0161ki\",\"url\":\"https:\\\/\\\/radioljubuski.ba\\\/\",\"logo\":{\"@type\":\"ImageObject\",\"inLanguage\":\"hr\",\"@id\":\"https:\\\/\\\/radioljubuski.ba\\\/#\\\/schema\\\/logo\\\/image\\\/\",\"url\":\"https:\\\/\\\/radioljubuski.ba\\\/wp-content\\\/uploads\\\/2021\\\/02\\\/cropped-Radio_Ljubuski_logo1.jpg\",\"contentUrl\":\"https:\\\/\\\/radioljubuski.ba\\\/wp-content\\\/uploads\\\/2021\\\/02\\\/cropped-Radio_Ljubuski_logo1.jpg\",\"width\":512,\"height\":512,\"caption\":\"Radio Ljubu\u0161ki\"},\"image\":{\"@id\":\"https:\\\/\\\/radioljubuski.ba\\\/#\\\/schema\\\/logo\\\/image\\\/\"},\"sameAs\":[\"https:\\\/\\\/www.facebook.com\\\/Radiio-Ljubuski-1490835324566332\",\"https:\\\/\\\/x.com\\\/radioljubuski\",\"https:\\\/\\\/hr.linkedin.com\\\/company\\\/radio-ljubuski\",\"https:\\\/\\\/www.youtube.com\\\/channel\\\/UCHYaeO_n0Db3tjNGudGpXyw\"]},{\"@type\":\"Person\",\"@id\":\"https:\\\/\\\/radioljubuski.ba\\\/#\\\/schema\\\/person\\\/19fc700381a780f69665d7956c469e3b\",\"name\":\"Radio Ljubu\u0161ki\"}]}<\/script>\n<!-- \/ Yoast SEO plugin. -->","yoast_head_json":{"title":"Vije\u0107e Europe i \u010delnici Mostara: Uskoro bi se mogli dogoditi pozitivni pomaci - RADIO LJUBU\u0160KI","robots":{"index":"index","follow":"follow","max-snippet":"max-snippet:-1","max-image-preview":"max-image-preview:large","max-video-preview":"max-video-preview:-1"},"canonical":"https:\/\/radioljubuski.ba\/index.php\/2021\/11\/10\/vijece-europe-i-celnici-mostara-uskoro-bi-se-mogli-dogoditi-pozitivni-pomaci\/","og_locale":"hr_HR","og_type":"article","og_title":"Vije\u0107e Europe i \u010delnici Mostara: Uskoro bi se mogli dogoditi pozitivni pomaci - RADIO LJUBU\u0160KI","og_description":"Predstavnici Vije\u0107a Europe i Grada Mostara sastali su se u utorak u Gradskoj vije\u0107nici gdje su razgovarali o procesu deliberativne demokracije koji je ovoga ljeta prvi put primijenjen u Gradu na Neretvi kao i o pozitivnim rezultatima te budu\u0107nosti toga procesa u Mostaru. Sudionici sastanka su, kako je priop\u0107eno iz Grada Mostara, izrazile zadovoljstvo postignutim [&hellip;]","og_url":"https:\/\/radioljubuski.ba\/index.php\/2021\/11\/10\/vijece-europe-i-celnici-mostara-uskoro-bi-se-mogli-dogoditi-pozitivni-pomaci\/","og_site_name":"RADIO LJUBU\u0160KI","article_publisher":"https:\/\/www.facebook.com\/Radiio-Ljubuski-1490835324566332","article_published_time":"2021-11-10T09:32:41+00:00","article_modified_time":"2021-11-10T09:32:42+00:00","og_image":[{"width":1000,"height":625,"url":"https:\/\/radioljubuski.ba\/wp-content\/uploads\/2021\/11\/9-2021-11-09-16-26-16-vijece-ru.jpg","type":"image\/jpeg"}],"author":"Radio Ljubu\u0161ki","twitter_card":"summary_large_image","twitter_creator":"@radioljubuski","twitter_site":"@radioljubuski","twitter_misc":{"Napisao\/la":"Radio Ljubu\u0161ki","Procijenjeno vrijeme \u010ditanja":"2 minute"},"schema":{"@context":"https:\/\/schema.org","@graph":[{"@type":"Article","@id":"https:\/\/radioljubuski.ba\/index.php\/2021\/11\/10\/vijece-europe-i-celnici-mostara-uskoro-bi-se-mogli-dogoditi-pozitivni-pomaci\/#article","isPartOf":{"@id":"https:\/\/radioljubuski.ba\/index.php\/2021\/11\/10\/vijece-europe-i-celnici-mostara-uskoro-bi-se-mogli-dogoditi-pozitivni-pomaci\/"},"author":{"name":"Radio Ljubu\u0161ki","@id":"https:\/\/radioljubuski.ba\/#\/schema\/person\/19fc700381a780f69665d7956c469e3b"},"headline":"Vije\u0107e Europe i \u010delnici Mostara: Uskoro bi se mogli dogoditi pozitivni pomaci","datePublished":"2021-11-10T09:32:41+00:00","dateModified":"2021-11-10T09:32:42+00:00","mainEntityOfPage":{"@id":"https:\/\/radioljubuski.ba\/index.php\/2021\/11\/10\/vijece-europe-i-celnici-mostara-uskoro-bi-se-mogli-dogoditi-pozitivni-pomaci\/"},"wordCount":406,"publisher":{"@id":"https:\/\/radioljubuski.ba\/#organization"},"image":{"@id":"https:\/\/radioljubuski.ba\/index.php\/2021\/11\/10\/vijece-europe-i-celnici-mostara-uskoro-bi-se-mogli-dogoditi-pozitivni-pomaci\/#primaryimage"},"thumbnailUrl":"https:\/\/radioljubuski.ba\/wp-content\/uploads\/2021\/11\/9-2021-11-09-16-26-16-vijece-ru.jpg","articleSection":["BIH i regija"],"inLanguage":"hr"},{"@type":"WebPage","@id":"https:\/\/radioljubuski.ba\/index.php\/2021\/11\/10\/vijece-europe-i-celnici-mostara-uskoro-bi-se-mogli-dogoditi-pozitivni-pomaci\/","url":"https:\/\/radioljubuski.ba\/index.php\/2021\/11\/10\/vijece-europe-i-celnici-mostara-uskoro-bi-se-mogli-dogoditi-pozitivni-pomaci\/","name":"Vije\u0107e Europe i \u010delnici Mostara: Uskoro bi se mogli dogoditi pozitivni pomaci - RADIO LJUBU\u0160KI","isPartOf":{"@id":"https:\/\/radioljubuski.ba\/#website"},"primaryImageOfPage":{"@id":"https:\/\/radioljubuski.ba\/index.php\/2021\/11\/10\/vijece-europe-i-celnici-mostara-uskoro-bi-se-mogli-dogoditi-pozitivni-pomaci\/#primaryimage"},"image":{"@id":"https:\/\/radioljubuski.ba\/index.php\/2021\/11\/10\/vijece-europe-i-celnici-mostara-uskoro-bi-se-mogli-dogoditi-pozitivni-pomaci\/#primaryimage"},"thumbnailUrl":"https:\/\/radioljubuski.ba\/wp-content\/uploads\/2021\/11\/9-2021-11-09-16-26-16-vijece-ru.jpg","datePublished":"2021-11-10T09:32:41+00:00","dateModified":"2021-11-10T09:32:42+00:00","breadcrumb":{"@id":"https:\/\/radioljubuski.ba\/index.php\/2021\/11\/10\/vijece-europe-i-celnici-mostara-uskoro-bi-se-mogli-dogoditi-pozitivni-pomaci\/#breadcrumb"},"inLanguage":"hr","potentialAction":[{"@type":"ReadAction","target":["https:\/\/radioljubuski.ba\/index.php\/2021\/11\/10\/vijece-europe-i-celnici-mostara-uskoro-bi-se-mogli-dogoditi-pozitivni-pomaci\/"]}]},{"@type":"ImageObject","inLanguage":"hr","@id":"https:\/\/radioljubuski.ba\/index.php\/2021\/11\/10\/vijece-europe-i-celnici-mostara-uskoro-bi-se-mogli-dogoditi-pozitivni-pomaci\/#primaryimage","url":"https:\/\/radioljubuski.ba\/wp-content\/uploads\/2021\/11\/9-2021-11-09-16-26-16-vijece-ru.jpg","contentUrl":"https:\/\/radioljubuski.ba\/wp-content\/uploads\/2021\/11\/9-2021-11-09-16-26-16-vijece-ru.jpg","width":1000,"height":625},{"@type":"BreadcrumbList","@id":"https:\/\/radioljubuski.ba\/index.php\/2021\/11\/10\/vijece-europe-i-celnici-mostara-uskoro-bi-se-mogli-dogoditi-pozitivni-pomaci\/#breadcrumb","itemListElement":[{"@type":"ListItem","position":1,"name":"Po\u010detna stranica","item":"https:\/\/radioljubuski.ba\/"},{"@type":"ListItem","position":2,"name":"Vije\u0107e Europe i \u010delnici Mostara: Uskoro bi se mogli dogoditi pozitivni pomaci"}]},{"@type":"WebSite","@id":"https:\/\/radioljubuski.ba\/#website","url":"https:\/\/radioljubuski.ba\/","name":"Radio Ljubu\u0161ki","description":"Sun\u010dana frekvencija Hercegovine","publisher":{"@id":"https:\/\/radioljubuski.ba\/#organization"},"potentialAction":[{"@type":"SearchAction","target":{"@type":"EntryPoint","urlTemplate":"https:\/\/radioljubuski.ba\/?s={search_term_string}"},"query-input":{"@type":"PropertyValueSpecification","valueRequired":true,"valueName":"search_term_string"}}],"inLanguage":"hr"},{"@type":"Organization","@id":"https:\/\/radioljubuski.ba\/#organization","name":"Radio Ljubu\u0161ki","url":"https:\/\/radioljubuski.ba\/","logo":{"@type":"ImageObject","inLanguage":"hr","@id":"https:\/\/radioljubuski.ba\/#\/schema\/logo\/image\/","url":"https:\/\/radioljubuski.ba\/wp-content\/uploads\/2021\/02\/cropped-Radio_Ljubuski_logo1.jpg","contentUrl":"https:\/\/radioljubuski.ba\/wp-content\/uploads\/2021\/02\/cropped-Radio_Ljubuski_logo1.jpg","width":512,"height":512,"caption":"Radio Ljubu\u0161ki"},"image":{"@id":"https:\/\/radioljubuski.ba\/#\/schema\/logo\/image\/"},"sameAs":["https:\/\/www.facebook.com\/Radiio-Ljubuski-1490835324566332","https:\/\/x.com\/radioljubuski","https:\/\/hr.linkedin.com\/company\/radio-ljubuski","https:\/\/www.youtube.com\/channel\/UCHYaeO_n0Db3tjNGudGpXyw"]},{"@type":"Person","@id":"https:\/\/radioljubuski.ba\/#\/schema\/person\/19fc700381a780f69665d7956c469e3b","name":"Radio Ljubu\u0161ki"}]}},"_links":{"self":[{"href":"https:\/\/radioljubuski.ba\/index.php\/wp-json\/wp\/v2\/posts\/86992","targetHints":{"allow":["GET"]}}],"collection":[{"href":"https:\/\/radioljubuski.ba\/index.php\/wp-json\/wp\/v2\/posts"}],"about":[{"href":"https:\/\/radioljubuski.ba\/index.php\/wp-json\/wp\/v2\/types\/post"}],"author":[{"embeddable":true,"href":"https:\/\/radioljubuski.ba\/index.php\/wp-json\/wp\/v2\/users\/2"}],"replies":[{"embeddable":true,"href":"https:\/\/radioljubuski.ba\/index.php\/wp-json\/wp\/v2\/comments?post=86992"}],"version-history":[{"count":1,"href":"https:\/\/radioljubuski.ba\/index.php\/wp-json\/wp\/v2\/posts\/86992\/revisions"}],"predecessor-version":[{"id":86994,"href":"https:\/\/radioljubuski.ba\/index.php\/wp-json\/wp\/v2\/posts\/86992\/revisions\/86994"}],"wp:featuredmedia":[{"embeddable":true,"href":"https:\/\/radioljubuski.ba\/index.php\/wp-json\/wp\/v2\/media\/86993"}],"wp:attachment":[{"href":"https:\/\/radioljubuski.ba\/index.php\/wp-json\/wp\/v2\/media?parent=86992"}],"wp:term":[{"taxonomy":"category","embeddable":true,"href":"https:\/\/radioljubuski.ba\/index.php\/wp-json\/wp\/v2\/categories?post=86992"},{"taxonomy":"post_tag","embeddable":true,"href":"https:\/\/radioljubuski.ba\/index.php\/wp-json\/wp\/v2\/tags?post=86992"}],"curies":[{"name":"wp","href":"https:\/\/api.w.org\/{rel}","templated":true}]}}