{"id":86995,"date":"2021-11-10T10:33:38","date_gmt":"2021-11-10T09:33:38","guid":{"rendered":"https:\/\/radioljubuski.ba\/?p=86995"},"modified":"2021-11-10T10:33:39","modified_gmt":"2021-11-10T09:33:39","slug":"hnz-u-pet-dana-covid-19-potvrden-kod-118-ucenika-i-29-nastavnika","status":"publish","type":"post","link":"https:\/\/radioljubuski.ba\/index.php\/2021\/11\/10\/hnz-u-pet-dana-covid-19-potvrden-kod-118-ucenika-i-29-nastavnika\/","title":{"rendered":"HN\u017d: U pet dana covid-19 potvr\u0111en kod 118 u\u010denika i 29 nastavnika"},"content":{"rendered":"\n<p>U Hercegova\u010dko-neretvanskoj \u017eupaniji pro\u0161log tjedna, od 1. do 5. studenog, covid-19 potvr\u0111en je kod 118 u\u010denika, dok ih je 209 bilo u samoizolaciji, kao i \u0161estero djece u pred\u0161kolskim ustanovama.<\/p>\n\n\n\n<p>Prema podacima Kriznog sto\u017eera HN\u017d, koronavirus registriran je kod 52 u\u010denika srednjih \u0161kola, kod 43 u\u010denika predmetne te kod 23 u\u010denika razredne nastave.<\/p>\n\n\n\n<p>U istom periodu covid-19 potvr\u0111en je kod 20 nastavnika\/profesora srednjih \u0161kola, te kod 9 nastavnika\/u\u010ditelja predmetne nastave, a registrirana su i dva slu\u010daja kod nenastavnog osoblja.&nbsp;<\/p>\n\n\n\n<p>U samoizolaciji je bilo ukupno 209 u\u010denika te \u0161estero djece u pred\u0161kolskim ustanovama, kao i 6 profesora\/nastavnika i dvoje u\u010ditelja. Nenastavnog osoblja u samoizolaciji bilo je troje.&nbsp;<\/p>\n\n\n\n<p>Zanimljivo je da u tom periodu nije potvr\u0111en nijedan slu\u010daj zaraze odgajatelja kao ni drugog osoblja pred\u0161kolskih ustanova, niti je neko od njih bilo u samoizolaciji.<\/p>\n\n\n\n<p>Zbog propisane mjere samoizolacije, nastavu na daljinu poha\u0111ala su 224 u\u010denika.<\/p>\n\n\n\n<p>Izvor:pogled.ba<\/p>\n","protected":false},"excerpt":{"rendered":"<p>U Hercegova\u010dko-neretvanskoj \u017eupaniji pro\u0161log tjedna, od 1. do 5. studenog, covid-19 potvr\u0111en je kod 118 u\u010denika, dok ih je 209 bilo u samoizolaciji, kao i \u0161estero djece u pred\u0161kolskim ustanovama. Prema podacima Kriznog sto\u017eera HN\u017d, koronavirus registriran je kod 52 u\u010denika srednjih \u0161kola, kod 43 u\u010denika predmetne te kod 23 u\u010denika razredne nastave. U istom [&hellip;]<\/p>\n","protected":false},"author":2,"featured_media":86996,"comment_status":"closed","ping_status":"closed","sticky":false,"template":"","format":"standard","meta":{"h5ap_radio_sources":[],"footnotes":""},"categories":[1],"tags":[],"class_list":["post-86995","post","type-post","status-publish","format-standard","has-post-thumbnail","hentry","category-bihiregija"],"yoast_head":"<!-- This site is optimized with the Yoast SEO plugin v27.5 - https:\/\/yoast.com\/product\/yoast-seo-wordpress\/ -->\n<title>HN\u017d: U pet dana covid-19 potvr\u0111en kod 118 u\u010denika i 29 nastavnika - RADIO LJUBU\u0160KI<\/title>\n<meta name=\"robots\" content=\"index, follow, max-snippet:-1, max-image-preview:large, max-video-preview:-1\" \/>\n<link rel=\"canonical\" href=\"https:\/\/radioljubuski.ba\/index.php\/2021\/11\/10\/hnz-u-pet-dana-covid-19-potvrden-kod-118-ucenika-i-29-nastavnika\/\" \/>\n<meta property=\"og:locale\" content=\"hr_HR\" \/>\n<meta property=\"og:type\" content=\"article\" \/>\n<meta property=\"og:title\" content=\"HN\u017d: U pet dana covid-19 potvr\u0111en kod 118 u\u010denika i 29 nastavnika - RADIO LJUBU\u0160KI\" \/>\n<meta property=\"og:description\" content=\"U Hercegova\u010dko-neretvanskoj \u017eupaniji pro\u0161log tjedna, od 1. do 5. studenog, covid-19 potvr\u0111en je kod 118 u\u010denika, dok ih je 209 bilo u samoizolaciji, kao i \u0161estero djece u pred\u0161kolskim ustanovama. Prema podacima Kriznog sto\u017eera HN\u017d, koronavirus registriran je kod 52 u\u010denika srednjih \u0161kola, kod 43 u\u010denika predmetne te kod 23 u\u010denika razredne nastave. U istom [&hellip;]\" \/>\n<meta property=\"og:url\" content=\"https:\/\/radioljubuski.ba\/index.php\/2021\/11\/10\/hnz-u-pet-dana-covid-19-potvrden-kod-118-ucenika-i-29-nastavnika\/\" \/>\n<meta property=\"og:site_name\" content=\"RADIO LJUBU\u0160KI\" \/>\n<meta property=\"article:publisher\" content=\"https:\/\/www.facebook.com\/Radiio-Ljubuski-1490835324566332\" \/>\n<meta property=\"article:published_time\" content=\"2021-11-10T09:33:38+00:00\" \/>\n<meta property=\"article:modified_time\" content=\"2021-11-10T09:33:39+00:00\" \/>\n<meta property=\"og:image\" content=\"https:\/\/radioljubuski.ba\/wp-content\/uploads\/2021\/11\/9-2021-11-09-16-39-30-skolafena.jpg\" \/>\n\t<meta property=\"og:image:width\" content=\"1000\" \/>\n\t<meta property=\"og:image:height\" content=\"625\" \/>\n\t<meta property=\"og:image:type\" content=\"image\/jpeg\" \/>\n<meta name=\"author\" content=\"Radio Ljubu\u0161ki\" \/>\n<meta name=\"twitter:card\" content=\"summary_large_image\" \/>\n<meta name=\"twitter:creator\" content=\"@radioljubuski\" \/>\n<meta name=\"twitter:site\" content=\"@radioljubuski\" \/>\n<meta name=\"twitter:label1\" content=\"Napisao\/la\" \/>\n\t<meta name=\"twitter:data1\" content=\"Radio Ljubu\u0161ki\" \/>\n\t<meta name=\"twitter:label2\" content=\"Procijenjeno vrijeme \u010ditanja\" \/>\n\t<meta name=\"twitter:data2\" content=\"1 minuta\" \/>\n<script type=\"application\/ld+json\" class=\"yoast-schema-graph\">{\"@context\":\"https:\\\/\\\/schema.org\",\"@graph\":[{\"@type\":\"Article\",\"@id\":\"https:\\\/\\\/radioljubuski.ba\\\/index.php\\\/2021\\\/11\\\/10\\\/hnz-u-pet-dana-covid-19-potvrden-kod-118-ucenika-i-29-nastavnika\\\/#article\",\"isPartOf\":{\"@id\":\"https:\\\/\\\/radioljubuski.ba\\\/index.php\\\/2021\\\/11\\\/10\\\/hnz-u-pet-dana-covid-19-potvrden-kod-118-ucenika-i-29-nastavnika\\\/\"},\"author\":{\"name\":\"Radio Ljubu\u0161ki\",\"@id\":\"https:\\\/\\\/radioljubuski.ba\\\/#\\\/schema\\\/person\\\/19fc700381a780f69665d7956c469e3b\"},\"headline\":\"HN\u017d: U pet dana covid-19 potvr\u0111en kod 118 u\u010denika i 29 nastavnika\",\"datePublished\":\"2021-11-10T09:33:38+00:00\",\"dateModified\":\"2021-11-10T09:33:39+00:00\",\"mainEntityOfPage\":{\"@id\":\"https:\\\/\\\/radioljubuski.ba\\\/index.php\\\/2021\\\/11\\\/10\\\/hnz-u-pet-dana-covid-19-potvrden-kod-118-ucenika-i-29-nastavnika\\\/\"},\"wordCount\":171,\"publisher\":{\"@id\":\"https:\\\/\\\/radioljubuski.ba\\\/#organization\"},\"image\":{\"@id\":\"https:\\\/\\\/radioljubuski.ba\\\/index.php\\\/2021\\\/11\\\/10\\\/hnz-u-pet-dana-covid-19-potvrden-kod-118-ucenika-i-29-nastavnika\\\/#primaryimage\"},\"thumbnailUrl\":\"https:\\\/\\\/radioljubuski.ba\\\/wp-content\\\/uploads\\\/2021\\\/11\\\/9-2021-11-09-16-39-30-skolafena.jpg\",\"articleSection\":[\"BIH i regija\"],\"inLanguage\":\"hr\"},{\"@type\":\"WebPage\",\"@id\":\"https:\\\/\\\/radioljubuski.ba\\\/index.php\\\/2021\\\/11\\\/10\\\/hnz-u-pet-dana-covid-19-potvrden-kod-118-ucenika-i-29-nastavnika\\\/\",\"url\":\"https:\\\/\\\/radioljubuski.ba\\\/index.php\\\/2021\\\/11\\\/10\\\/hnz-u-pet-dana-covid-19-potvrden-kod-118-ucenika-i-29-nastavnika\\\/\",\"name\":\"HN\u017d: U pet dana covid-19 potvr\u0111en kod 118 u\u010denika i 29 nastavnika - RADIO LJUBU\u0160KI\",\"isPartOf\":{\"@id\":\"https:\\\/\\\/radioljubuski.ba\\\/#website\"},\"primaryImageOfPage\":{\"@id\":\"https:\\\/\\\/radioljubuski.ba\\\/index.php\\\/2021\\\/11\\\/10\\\/hnz-u-pet-dana-covid-19-potvrden-kod-118-ucenika-i-29-nastavnika\\\/#primaryimage\"},\"image\":{\"@id\":\"https:\\\/\\\/radioljubuski.ba\\\/index.php\\\/2021\\\/11\\\/10\\\/hnz-u-pet-dana-covid-19-potvrden-kod-118-ucenika-i-29-nastavnika\\\/#primaryimage\"},\"thumbnailUrl\":\"https:\\\/\\\/radioljubuski.ba\\\/wp-content\\\/uploads\\\/2021\\\/11\\\/9-2021-11-09-16-39-30-skolafena.jpg\",\"datePublished\":\"2021-11-10T09:33:38+00:00\",\"dateModified\":\"2021-11-10T09:33:39+00:00\",\"breadcrumb\":{\"@id\":\"https:\\\/\\\/radioljubuski.ba\\\/index.php\\\/2021\\\/11\\\/10\\\/hnz-u-pet-dana-covid-19-potvrden-kod-118-ucenika-i-29-nastavnika\\\/#breadcrumb\"},\"inLanguage\":\"hr\",\"potentialAction\":[{\"@type\":\"ReadAction\",\"target\":[\"https:\\\/\\\/radioljubuski.ba\\\/index.php\\\/2021\\\/11\\\/10\\\/hnz-u-pet-dana-covid-19-potvrden-kod-118-ucenika-i-29-nastavnika\\\/\"]}]},{\"@type\":\"ImageObject\",\"inLanguage\":\"hr\",\"@id\":\"https:\\\/\\\/radioljubuski.ba\\\/index.php\\\/2021\\\/11\\\/10\\\/hnz-u-pet-dana-covid-19-potvrden-kod-118-ucenika-i-29-nastavnika\\\/#primaryimage\",\"url\":\"https:\\\/\\\/radioljubuski.ba\\\/wp-content\\\/uploads\\\/2021\\\/11\\\/9-2021-11-09-16-39-30-skolafena.jpg\",\"contentUrl\":\"https:\\\/\\\/radioljubuski.ba\\\/wp-content\\\/uploads\\\/2021\\\/11\\\/9-2021-11-09-16-39-30-skolafena.jpg\",\"width\":1000,\"height\":625},{\"@type\":\"BreadcrumbList\",\"@id\":\"https:\\\/\\\/radioljubuski.ba\\\/index.php\\\/2021\\\/11\\\/10\\\/hnz-u-pet-dana-covid-19-potvrden-kod-118-ucenika-i-29-nastavnika\\\/#breadcrumb\",\"itemListElement\":[{\"@type\":\"ListItem\",\"position\":1,\"name\":\"Po\u010detna stranica\",\"item\":\"https:\\\/\\\/radioljubuski.ba\\\/\"},{\"@type\":\"ListItem\",\"position\":2,\"name\":\"HN\u017d: U pet dana covid-19 potvr\u0111en kod 118 u\u010denika i 29 nastavnika\"}]},{\"@type\":\"WebSite\",\"@id\":\"https:\\\/\\\/radioljubuski.ba\\\/#website\",\"url\":\"https:\\\/\\\/radioljubuski.ba\\\/\",\"name\":\"Radio Ljubu\u0161ki\",\"description\":\"Sun\u010dana frekvencija Hercegovine\",\"publisher\":{\"@id\":\"https:\\\/\\\/radioljubuski.ba\\\/#organization\"},\"potentialAction\":[{\"@type\":\"SearchAction\",\"target\":{\"@type\":\"EntryPoint\",\"urlTemplate\":\"https:\\\/\\\/radioljubuski.ba\\\/?s={search_term_string}\"},\"query-input\":{\"@type\":\"PropertyValueSpecification\",\"valueRequired\":true,\"valueName\":\"search_term_string\"}}],\"inLanguage\":\"hr\"},{\"@type\":\"Organization\",\"@id\":\"https:\\\/\\\/radioljubuski.ba\\\/#organization\",\"name\":\"Radio Ljubu\u0161ki\",\"url\":\"https:\\\/\\\/radioljubuski.ba\\\/\",\"logo\":{\"@type\":\"ImageObject\",\"inLanguage\":\"hr\",\"@id\":\"https:\\\/\\\/radioljubuski.ba\\\/#\\\/schema\\\/logo\\\/image\\\/\",\"url\":\"https:\\\/\\\/radioljubuski.ba\\\/wp-content\\\/uploads\\\/2021\\\/02\\\/cropped-Radio_Ljubuski_logo1.jpg\",\"contentUrl\":\"https:\\\/\\\/radioljubuski.ba\\\/wp-content\\\/uploads\\\/2021\\\/02\\\/cropped-Radio_Ljubuski_logo1.jpg\",\"width\":512,\"height\":512,\"caption\":\"Radio Ljubu\u0161ki\"},\"image\":{\"@id\":\"https:\\\/\\\/radioljubuski.ba\\\/#\\\/schema\\\/logo\\\/image\\\/\"},\"sameAs\":[\"https:\\\/\\\/www.facebook.com\\\/Radiio-Ljubuski-1490835324566332\",\"https:\\\/\\\/x.com\\\/radioljubuski\",\"https:\\\/\\\/hr.linkedin.com\\\/company\\\/radio-ljubuski\",\"https:\\\/\\\/www.youtube.com\\\/channel\\\/UCHYaeO_n0Db3tjNGudGpXyw\"]},{\"@type\":\"Person\",\"@id\":\"https:\\\/\\\/radioljubuski.ba\\\/#\\\/schema\\\/person\\\/19fc700381a780f69665d7956c469e3b\",\"name\":\"Radio Ljubu\u0161ki\"}]}<\/script>\n<!-- \/ Yoast SEO plugin. -->","yoast_head_json":{"title":"HN\u017d: U pet dana covid-19 potvr\u0111en kod 118 u\u010denika i 29 nastavnika - RADIO LJUBU\u0160KI","robots":{"index":"index","follow":"follow","max-snippet":"max-snippet:-1","max-image-preview":"max-image-preview:large","max-video-preview":"max-video-preview:-1"},"canonical":"https:\/\/radioljubuski.ba\/index.php\/2021\/11\/10\/hnz-u-pet-dana-covid-19-potvrden-kod-118-ucenika-i-29-nastavnika\/","og_locale":"hr_HR","og_type":"article","og_title":"HN\u017d: U pet dana covid-19 potvr\u0111en kod 118 u\u010denika i 29 nastavnika - RADIO LJUBU\u0160KI","og_description":"U Hercegova\u010dko-neretvanskoj \u017eupaniji pro\u0161log tjedna, od 1. do 5. studenog, covid-19 potvr\u0111en je kod 118 u\u010denika, dok ih je 209 bilo u samoizolaciji, kao i \u0161estero djece u pred\u0161kolskim ustanovama. Prema podacima Kriznog sto\u017eera HN\u017d, koronavirus registriran je kod 52 u\u010denika srednjih \u0161kola, kod 43 u\u010denika predmetne te kod 23 u\u010denika razredne nastave. U istom [&hellip;]","og_url":"https:\/\/radioljubuski.ba\/index.php\/2021\/11\/10\/hnz-u-pet-dana-covid-19-potvrden-kod-118-ucenika-i-29-nastavnika\/","og_site_name":"RADIO LJUBU\u0160KI","article_publisher":"https:\/\/www.facebook.com\/Radiio-Ljubuski-1490835324566332","article_published_time":"2021-11-10T09:33:38+00:00","article_modified_time":"2021-11-10T09:33:39+00:00","og_image":[{"width":1000,"height":625,"url":"https:\/\/radioljubuski.ba\/wp-content\/uploads\/2021\/11\/9-2021-11-09-16-39-30-skolafena.jpg","type":"image\/jpeg"}],"author":"Radio Ljubu\u0161ki","twitter_card":"summary_large_image","twitter_creator":"@radioljubuski","twitter_site":"@radioljubuski","twitter_misc":{"Napisao\/la":"Radio Ljubu\u0161ki","Procijenjeno vrijeme \u010ditanja":"1 minuta"},"schema":{"@context":"https:\/\/schema.org","@graph":[{"@type":"Article","@id":"https:\/\/radioljubuski.ba\/index.php\/2021\/11\/10\/hnz-u-pet-dana-covid-19-potvrden-kod-118-ucenika-i-29-nastavnika\/#article","isPartOf":{"@id":"https:\/\/radioljubuski.ba\/index.php\/2021\/11\/10\/hnz-u-pet-dana-covid-19-potvrden-kod-118-ucenika-i-29-nastavnika\/"},"author":{"name":"Radio Ljubu\u0161ki","@id":"https:\/\/radioljubuski.ba\/#\/schema\/person\/19fc700381a780f69665d7956c469e3b"},"headline":"HN\u017d: U pet dana covid-19 potvr\u0111en kod 118 u\u010denika i 29 nastavnika","datePublished":"2021-11-10T09:33:38+00:00","dateModified":"2021-11-10T09:33:39+00:00","mainEntityOfPage":{"@id":"https:\/\/radioljubuski.ba\/index.php\/2021\/11\/10\/hnz-u-pet-dana-covid-19-potvrden-kod-118-ucenika-i-29-nastavnika\/"},"wordCount":171,"publisher":{"@id":"https:\/\/radioljubuski.ba\/#organization"},"image":{"@id":"https:\/\/radioljubuski.ba\/index.php\/2021\/11\/10\/hnz-u-pet-dana-covid-19-potvrden-kod-118-ucenika-i-29-nastavnika\/#primaryimage"},"thumbnailUrl":"https:\/\/radioljubuski.ba\/wp-content\/uploads\/2021\/11\/9-2021-11-09-16-39-30-skolafena.jpg","articleSection":["BIH i regija"],"inLanguage":"hr"},{"@type":"WebPage","@id":"https:\/\/radioljubuski.ba\/index.php\/2021\/11\/10\/hnz-u-pet-dana-covid-19-potvrden-kod-118-ucenika-i-29-nastavnika\/","url":"https:\/\/radioljubuski.ba\/index.php\/2021\/11\/10\/hnz-u-pet-dana-covid-19-potvrden-kod-118-ucenika-i-29-nastavnika\/","name":"HN\u017d: U pet dana covid-19 potvr\u0111en kod 118 u\u010denika i 29 nastavnika - RADIO LJUBU\u0160KI","isPartOf":{"@id":"https:\/\/radioljubuski.ba\/#website"},"primaryImageOfPage":{"@id":"https:\/\/radioljubuski.ba\/index.php\/2021\/11\/10\/hnz-u-pet-dana-covid-19-potvrden-kod-118-ucenika-i-29-nastavnika\/#primaryimage"},"image":{"@id":"https:\/\/radioljubuski.ba\/index.php\/2021\/11\/10\/hnz-u-pet-dana-covid-19-potvrden-kod-118-ucenika-i-29-nastavnika\/#primaryimage"},"thumbnailUrl":"https:\/\/radioljubuski.ba\/wp-content\/uploads\/2021\/11\/9-2021-11-09-16-39-30-skolafena.jpg","datePublished":"2021-11-10T09:33:38+00:00","dateModified":"2021-11-10T09:33:39+00:00","breadcrumb":{"@id":"https:\/\/radioljubuski.ba\/index.php\/2021\/11\/10\/hnz-u-pet-dana-covid-19-potvrden-kod-118-ucenika-i-29-nastavnika\/#breadcrumb"},"inLanguage":"hr","potentialAction":[{"@type":"ReadAction","target":["https:\/\/radioljubuski.ba\/index.php\/2021\/11\/10\/hnz-u-pet-dana-covid-19-potvrden-kod-118-ucenika-i-29-nastavnika\/"]}]},{"@type":"ImageObject","inLanguage":"hr","@id":"https:\/\/radioljubuski.ba\/index.php\/2021\/11\/10\/hnz-u-pet-dana-covid-19-potvrden-kod-118-ucenika-i-29-nastavnika\/#primaryimage","url":"https:\/\/radioljubuski.ba\/wp-content\/uploads\/2021\/11\/9-2021-11-09-16-39-30-skolafena.jpg","contentUrl":"https:\/\/radioljubuski.ba\/wp-content\/uploads\/2021\/11\/9-2021-11-09-16-39-30-skolafena.jpg","width":1000,"height":625},{"@type":"BreadcrumbList","@id":"https:\/\/radioljubuski.ba\/index.php\/2021\/11\/10\/hnz-u-pet-dana-covid-19-potvrden-kod-118-ucenika-i-29-nastavnika\/#breadcrumb","itemListElement":[{"@type":"ListItem","position":1,"name":"Po\u010detna stranica","item":"https:\/\/radioljubuski.ba\/"},{"@type":"ListItem","position":2,"name":"HN\u017d: U pet dana covid-19 potvr\u0111en kod 118 u\u010denika i 29 nastavnika"}]},{"@type":"WebSite","@id":"https:\/\/radioljubuski.ba\/#website","url":"https:\/\/radioljubuski.ba\/","name":"Radio Ljubu\u0161ki","description":"Sun\u010dana frekvencija Hercegovine","publisher":{"@id":"https:\/\/radioljubuski.ba\/#organization"},"potentialAction":[{"@type":"SearchAction","target":{"@type":"EntryPoint","urlTemplate":"https:\/\/radioljubuski.ba\/?s={search_term_string}"},"query-input":{"@type":"PropertyValueSpecification","valueRequired":true,"valueName":"search_term_string"}}],"inLanguage":"hr"},{"@type":"Organization","@id":"https:\/\/radioljubuski.ba\/#organization","name":"Radio Ljubu\u0161ki","url":"https:\/\/radioljubuski.ba\/","logo":{"@type":"ImageObject","inLanguage":"hr","@id":"https:\/\/radioljubuski.ba\/#\/schema\/logo\/image\/","url":"https:\/\/radioljubuski.ba\/wp-content\/uploads\/2021\/02\/cropped-Radio_Ljubuski_logo1.jpg","contentUrl":"https:\/\/radioljubuski.ba\/wp-content\/uploads\/2021\/02\/cropped-Radio_Ljubuski_logo1.jpg","width":512,"height":512,"caption":"Radio Ljubu\u0161ki"},"image":{"@id":"https:\/\/radioljubuski.ba\/#\/schema\/logo\/image\/"},"sameAs":["https:\/\/www.facebook.com\/Radiio-Ljubuski-1490835324566332","https:\/\/x.com\/radioljubuski","https:\/\/hr.linkedin.com\/company\/radio-ljubuski","https:\/\/www.youtube.com\/channel\/UCHYaeO_n0Db3tjNGudGpXyw"]},{"@type":"Person","@id":"https:\/\/radioljubuski.ba\/#\/schema\/person\/19fc700381a780f69665d7956c469e3b","name":"Radio Ljubu\u0161ki"}]}},"_links":{"self":[{"href":"https:\/\/radioljubuski.ba\/index.php\/wp-json\/wp\/v2\/posts\/86995","targetHints":{"allow":["GET"]}}],"collection":[{"href":"https:\/\/radioljubuski.ba\/index.php\/wp-json\/wp\/v2\/posts"}],"about":[{"href":"https:\/\/radioljubuski.ba\/index.php\/wp-json\/wp\/v2\/types\/post"}],"author":[{"embeddable":true,"href":"https:\/\/radioljubuski.ba\/index.php\/wp-json\/wp\/v2\/users\/2"}],"replies":[{"embeddable":true,"href":"https:\/\/radioljubuski.ba\/index.php\/wp-json\/wp\/v2\/comments?post=86995"}],"version-history":[{"count":1,"href":"https:\/\/radioljubuski.ba\/index.php\/wp-json\/wp\/v2\/posts\/86995\/revisions"}],"predecessor-version":[{"id":86997,"href":"https:\/\/radioljubuski.ba\/index.php\/wp-json\/wp\/v2\/posts\/86995\/revisions\/86997"}],"wp:featuredmedia":[{"embeddable":true,"href":"https:\/\/radioljubuski.ba\/index.php\/wp-json\/wp\/v2\/media\/86996"}],"wp:attachment":[{"href":"https:\/\/radioljubuski.ba\/index.php\/wp-json\/wp\/v2\/media?parent=86995"}],"wp:term":[{"taxonomy":"category","embeddable":true,"href":"https:\/\/radioljubuski.ba\/index.php\/wp-json\/wp\/v2\/categories?post=86995"},{"taxonomy":"post_tag","embeddable":true,"href":"https:\/\/radioljubuski.ba\/index.php\/wp-json\/wp\/v2\/tags?post=86995"}],"curies":[{"name":"wp","href":"https:\/\/api.w.org\/{rel}","templated":true}]}}